{"id":2677,"date":"2024-11-22T21:17:25","date_gmt":"2024-11-22T20:17:25","guid":{"rendered":"https:\/\/vieassociative.be\/actualites\/a-partir-de-septembre-2025-les-telephones-portables-seront-interdits-dans-toutes-les-ecoles\/"},"modified":"2024-11-22T21:17:25","modified_gmt":"2024-11-22T20:17:25","slug":"a-partir-de-septembre-2025-les-telephones-portables-seront-interdits-dans-toutes-les-ecoles","status":"publish","type":"post","link":"https:\/\/vieassociative.be\/actualites\/a-partir-de-septembre-2025-les-telephones-portables-seront-interdits-dans-toutes-les-ecoles\/","title":{"rendered":"A partir de septembre 2025, les t\u00e9l\u00e9phones portables seront interdits dans toutes les \u00e9coles"},"content":{"rendered":"<p><strong>\u00c0 partir de septembre 2025, l&rsquo;utilisation de t\u00e9l\u00e9phones portables, de montres intelligentes et d&rsquo;appareils de communication \u00e9lectroniques similaires dans l&rsquo;enceinte des \u00e9coles sera interdite dans les \u00e9coles primaires et secondaires de la DG pendant les heures de cours et les r\u00e9cr\u00e9ations.<\/strong><\/p>\n<p><span id=\"more-402372\"><\/span>Le ministre de l&rsquo;\u00c9ducation J\u00e9r\u00f4me Franssen (CSP) l&rsquo;a annonc\u00e9 vendredi lors d&rsquo;une conf\u00e9rence de presse au b\u00e2timent gouvernemental de la Kl\u00f6tzerbahn \u00e0 Eupen. \u00ab\u00a0Gr\u00e2ce \u00e0 un processus de coordination avec tous les r\u00e9seaux scolaires, un r\u00e8glement sur l&rsquo;utilisation du t\u00e9l\u00e9phone portable dans les \u00e9coles de l&rsquo;Est de la Belgique a \u00e9t\u00e9 \u00e9labor\u00e9 ces derni\u00e8res semaines\u00a0\u00bb, a indiqu\u00e9 le ministre.<\/p>\n<p>Franssen s&rsquo;est f\u00e9licit\u00e9 du fait qu&rsquo;une r\u00e9glementation uniforme pourrait \u00eatre d\u00e9velopp\u00e9e gr\u00e2ce \u00e0 la coop\u00e9ration entre le syst\u00e8me d&rsquo;\u00e9ducation librement subventionn\u00e9 (FSU), le syst\u00e8me d&rsquo;\u00e9ducation communautaire (GUW) et le syst\u00e8me d&rsquo;\u00e9ducation officiellement subventionn\u00e9 (OSU).<\/p>\n<div id=\"attachment_377879\" class=\"wp-caption alignleft\" style=\"max-width: 300px\"><img fetchpriority=\"high\" decoding=\"async\" class=\"wp-image-377879 size-medium\" src=\"https:\/\/vieassociative.be\/actualites\/wp-content\/uploads\/2024\/11\/A-partir-de-septembre-2025-les-telephones-portables-seront-interdits.jpg\" alt=\"\" width=\"300\" height=\"209\"><\/p>\n<p class=\"wp-caption-text\">Un panneau \u00ab Pas de t\u00e9l\u00e9phone portable \u00bb est affich\u00e9 \u00e0 l\u2019entr\u00e9e d\u2019une \u00e9cole. Photo : Jens Kalaene\/dpa<\/p>\n<\/div>\n<p>Les \u00e9coles disposeront de suffisamment de temps jusqu\u2019\u00e0 la rentr\u00e9e prochaine pour effectuer leurs pr\u00e9paratifs internes et mettre en \u0153uvre l\u2019interdiction de l\u2019utilisation du t\u00e9l\u00e9phone portable. La mise en \u0153uvre pratique, y compris la d\u00e9termination des exceptions et la gestion disciplinaire de l&rsquo;interdiction, est \u00e0 la discr\u00e9tion des \u00e9coles respectives. Ces r\u00e8glements doivent \u00eatre ancr\u00e9s dans le r\u00e8glement de l\u2019\u00e9cole ou de l\u2019\u00e9tude concern\u00e9.<\/p>\n<p>Une lettre minist\u00e9rielle sera r\u00e9dig\u00e9e d&rsquo;ici la fin de l&rsquo;ann\u00e9e pour apporter davantage d&rsquo;informations et de sensibilisation. \u00ab Le but de cette mesure est de minimiser les distractions et de cr\u00e9er un environnement d\u2019apprentissage propice et une interaction sociale positive. <\/p>\n<p>Dans le m\u00eame temps, le renforcement de l&rsquo;\u00e9ducation aux m\u00e9dias et \u00e0 l&rsquo;information devrait permettre aux \u00e9tudiants de d\u00e9velopper une utilisation responsable et s\u00fbre des appareils mobiles et des m\u00e9dias sociaux\u00a0\u00bb, a d\u00e9clar\u00e9 la ministre Franssen, qui \u00e9tait accompagn\u00e9e lors de la conf\u00e9rence de presse par les coordinatrices de r\u00e9seaux C\u00e9cile Piel (FSU). , Julie Hardt (GUW) et Sandra Meessen-M\u00fcllender (OSU).<\/p>\n<p>Kaleido Ostbelgien, le centre pour le d\u00e9veloppement sain des enfants et des jeunes, a pour objectif d&rsquo;apporter un soutien aux \u00e9coles en cas de besoin, notamment dans l&rsquo;\u00e9laboration de concepts scolaires internes. (cr\u00e9er)<\/p>\n","protected":false},"excerpt":{"rendered":"<p>\u00c0 partir de septembre 2025, l&rsquo;utilisation de t\u00e9l\u00e9phones portables, de montres intelligentes et d&rsquo;appareils de communication \u00e9lectroniques similaires dans l&rsquo;enceinte des \u00e9coles sera interdite dans<\/p>\n","protected":false},"author":1,"featured_media":2678,"comment_status":"","ping_status":"","sticky":false,"template":"","format":"standard","meta":{"footnotes":""},"categories":[298],"tags":[166,2209,3408,14,1591,427,137,2099,3407,62],"class_list":["post-2677","post","type-post","status-publish","format-standard","has-post-thumbnail","hentry","category-belgique","tag-dans","tag-ecoles","tag-interdits","tag-les","tag-partir","tag-portables","tag-septembre","tag-seront","tag-telephones","tag-toutes","generate-columns","tablet-grid-50","mobile-grid-100","grid-parent","grid-33"],"yoast_head":"<!-- This site is optimized with the Yoast SEO plugin v24.0 - https:\/\/yoast.com\/wordpress\/plugins\/seo\/ -->\n<title>A partir de septembre 2025, les t\u00e9l\u00e9phones portables seront interdits dans toutes les \u00e9coles | Vie Associative<\/title>\n<meta name=\"robots\" content=\"index, follow, max-snippet:-1, max-image-preview:large, max-video-preview:-1\" \/>\n<link rel=\"canonical\" href=\"https:\/\/vieassociative.be\/actualites\/a-partir-de-septembre-2025-les-telephones-portables-seront-interdits-dans-toutes-les-ecoles\/\" \/>\n<meta property=\"og:locale\" content=\"fr_FR\" \/>\n<meta property=\"og:type\" content=\"article\" \/>\n<meta property=\"og:title\" content=\"A partir de septembre 2025, les t\u00e9l\u00e9phones portables seront interdits dans toutes les \u00e9coles | Vie Associative\" \/>\n<meta property=\"og:description\" content=\"\u00c0 partir de septembre 2025, l&rsquo;utilisation de t\u00e9l\u00e9phones portables, de montres intelligentes et d&rsquo;appareils de communication \u00e9lectroniques similaires dans l&rsquo;enceinte des \u00e9coles sera interdite dans\" \/>\n<meta property=\"og:url\" content=\"https:\/\/vieassociative.be\/actualites\/a-partir-de-septembre-2025-les-telephones-portables-seront-interdits-dans-toutes-les-ecoles\/\" \/>\n<meta property=\"og:site_name\" content=\"Vie Associative\" \/>\n<meta property=\"article:published_time\" content=\"2024-11-22T20:17:25+00:00\" \/>\n<meta property=\"og:image\" content=\"https:\/\/vieassociative.be\/actualites\/wp-content\/uploads\/2024\/11\/A-partir-de-septembre-2025-les-telephones-portables-seront-interdits.jpg\" \/>\n<meta name=\"author\" content=\"Julien\" \/>\n<meta name=\"twitter:card\" content=\"summary_large_image\" \/>\n<meta name=\"twitter:label1\" content=\"\u00c9crit par\" \/>\n\t<meta name=\"twitter:data1\" content=\"Julien\" \/>\n\t<meta name=\"twitter:label2\" content=\"Dur\u00e9e de lecture est.\" \/>\n\t<meta name=\"twitter:data2\" content=\"2 minutes\" \/>\n<script type=\"application\/ld+json\" class=\"yoast-schema-graph\">{\"@context\":\"https:\/\/schema.org\",\"@graph\":[{\"@type\":\"Article\",\"@id\":\"https:\/\/vieassociative.be\/actualites\/a-partir-de-septembre-2025-les-telephones-portables-seront-interdits-dans-toutes-les-ecoles\/#article\",\"isPartOf\":{\"@id\":\"https:\/\/vieassociative.be\/actualites\/a-partir-de-septembre-2025-les-telephones-portables-seront-interdits-dans-toutes-les-ecoles\/\"},\"author\":{\"name\":\"Julien\",\"@id\":\"https:\/\/vieassociative.be\/actualites\/#\/schema\/person\/b87ac4f82f9d4e7b7cec7395b679edc4\"},\"headline\":\"A partir de septembre 2025, les t\u00e9l\u00e9phones portables seront interdits dans toutes les \u00e9coles\",\"datePublished\":\"2024-11-22T20:17:25+00:00\",\"dateModified\":\"2024-11-22T20:17:25+00:00\",\"mainEntityOfPage\":{\"@id\":\"https:\/\/vieassociative.be\/actualites\/a-partir-de-septembre-2025-les-telephones-portables-seront-interdits-dans-toutes-les-ecoles\/\"},\"wordCount\":435,\"publisher\":{\"@id\":\"https:\/\/vieassociative.be\/actualites\/#organization\"},\"image\":{\"@id\":\"https:\/\/vieassociative.be\/actualites\/a-partir-de-septembre-2025-les-telephones-portables-seront-interdits-dans-toutes-les-ecoles\/#primaryimage\"},\"thumbnailUrl\":\"https:\/\/vieassociative.be\/actualites\/wp-content\/uploads\/2024\/11\/1732306645_A-partir-de-septembre-2025-les-telephones-portables-seront-interdits.jpg\",\"keywords\":[\"dans\",\"\u00e9coles\",\"interdits\",\"Les\",\"partir\",\"portables\",\"septembre\",\"seront\",\"t\u00e9l\u00e9phones\",\"toutes\"],\"articleSection\":[\"Belgique\"],\"inLanguage\":\"fr-BE\"},{\"@type\":\"WebPage\",\"@id\":\"https:\/\/vieassociative.be\/actualites\/a-partir-de-septembre-2025-les-telephones-portables-seront-interdits-dans-toutes-les-ecoles\/\",\"url\":\"https:\/\/vieassociative.be\/actualites\/a-partir-de-septembre-2025-les-telephones-portables-seront-interdits-dans-toutes-les-ecoles\/\",\"name\":\"A partir de septembre 2025, les t\u00e9l\u00e9phones portables seront interdits dans toutes les \u00e9coles | Vie Associative\",\"isPartOf\":{\"@id\":\"https:\/\/vieassociative.be\/actualites\/#website\"},\"primaryImageOfPage\":{\"@id\":\"https:\/\/vieassociative.be\/actualites\/a-partir-de-septembre-2025-les-telephones-portables-seront-interdits-dans-toutes-les-ecoles\/#primaryimage\"},\"image\":{\"@id\":\"https:\/\/vieassociative.be\/actualites\/a-partir-de-septembre-2025-les-telephones-portables-seront-interdits-dans-toutes-les-ecoles\/#primaryimage\"},\"thumbnailUrl\":\"https:\/\/vieassociative.be\/actualites\/wp-content\/uploads\/2024\/11\/1732306645_A-partir-de-septembre-2025-les-telephones-portables-seront-interdits.jpg\",\"datePublished\":\"2024-11-22T20:17:25+00:00\",\"dateModified\":\"2024-11-22T20:17:25+00:00\",\"breadcrumb\":{\"@id\":\"https:\/\/vieassociative.be\/actualites\/a-partir-de-septembre-2025-les-telephones-portables-seront-interdits-dans-toutes-les-ecoles\/#breadcrumb\"},\"inLanguage\":\"fr-BE\",\"potentialAction\":[{\"@type\":\"ReadAction\",\"target\":[\"https:\/\/vieassociative.be\/actualites\/a-partir-de-septembre-2025-les-telephones-portables-seront-interdits-dans-toutes-les-ecoles\/\"]}]},{\"@type\":\"ImageObject\",\"inLanguage\":\"fr-BE\",\"@id\":\"https:\/\/vieassociative.be\/actualites\/a-partir-de-septembre-2025-les-telephones-portables-seront-interdits-dans-toutes-les-ecoles\/#primaryimage\",\"url\":\"https:\/\/vieassociative.be\/actualites\/wp-content\/uploads\/2024\/11\/1732306645_A-partir-de-septembre-2025-les-telephones-portables-seront-interdits.jpg\",\"contentUrl\":\"https:\/\/vieassociative.be\/actualites\/wp-content\/uploads\/2024\/11\/1732306645_A-partir-de-septembre-2025-les-telephones-portables-seront-interdits.jpg\",\"width\":1200,\"height\":802,\"caption\":\"A partir de septembre 2025, les t\u00e9l\u00e9phones portables seront interdits dans toutes les \u00e9coles\"},{\"@type\":\"BreadcrumbList\",\"@id\":\"https:\/\/vieassociative.be\/actualites\/a-partir-de-septembre-2025-les-telephones-portables-seront-interdits-dans-toutes-les-ecoles\/#breadcrumb\",\"itemListElement\":[{\"@type\":\"ListItem\",\"position\":1,\"name\":\"Accueil\",\"item\":\"https:\/\/vieassociative.be\/actualites\/\"},{\"@type\":\"ListItem\",\"position\":2,\"name\":\"A partir de septembre 2025, les t\u00e9l\u00e9phones portables seront interdits dans toutes les \u00e9coles\"}]},{\"@type\":\"WebSite\",\"@id\":\"https:\/\/vieassociative.be\/actualites\/#website\",\"url\":\"https:\/\/vieassociative.be\/actualites\/\",\"name\":\"Vie Associative\",\"description\":\"\",\"publisher\":{\"@id\":\"https:\/\/vieassociative.be\/actualites\/#organization\"},\"potentialAction\":[{\"@type\":\"SearchAction\",\"target\":{\"@type\":\"EntryPoint\",\"urlTemplate\":\"https:\/\/vieassociative.be\/actualites\/?s={search_term_string}\"},\"query-input\":{\"@type\":\"PropertyValueSpecification\",\"valueRequired\":true,\"valueName\":\"search_term_string\"}}],\"inLanguage\":\"fr-BE\"},{\"@type\":\"Organization\",\"@id\":\"https:\/\/vieassociative.be\/actualites\/#organization\",\"name\":\"Vie Associative\",\"url\":\"https:\/\/vieassociative.be\/actualites\/\",\"logo\":{\"@type\":\"ImageObject\",\"inLanguage\":\"fr-BE\",\"@id\":\"https:\/\/vieassociative.be\/actualites\/#\/schema\/logo\/image\/\",\"url\":\"https:\/\/vieassociative.be\/actualites\/wp-content\/uploads\/2024\/09\/cropped-vieassociative_favicon.ico.png\",\"contentUrl\":\"https:\/\/vieassociative.be\/actualites\/wp-content\/uploads\/2024\/09\/cropped-vieassociative_favicon.ico.png\",\"width\":512,\"height\":512,\"caption\":\"Vie Associative\"},\"image\":{\"@id\":\"https:\/\/vieassociative.be\/actualites\/#\/schema\/logo\/image\/\"}},{\"@type\":\"Person\",\"@id\":\"https:\/\/vieassociative.be\/actualites\/#\/schema\/person\/b87ac4f82f9d4e7b7cec7395b679edc4\",\"name\":\"Julien\",\"image\":{\"@type\":\"ImageObject\",\"inLanguage\":\"fr-BE\",\"@id\":\"https:\/\/vieassociative.be\/actualites\/#\/schema\/person\/image\/\",\"url\":\"https:\/\/vieassociative.be\/actualites\/wp-content\/uploads\/2024\/09\/vie-associative-1-150x150.jpg\",\"contentUrl\":\"https:\/\/vieassociative.be\/actualites\/wp-content\/uploads\/2024\/09\/vie-associative-1-150x150.jpg\",\"caption\":\"Julien\"},\"description\":\"Je suis Julien, r\u00e9dacteur pour Vie Associative. Passionn\u00e9 par le monde associatif depuis plus de 10 ans, j'ai \u00e0 c\u0153ur de partager des histoires inspirantes et de mettre en lumi\u00e8re les initiatives locales. Mon objectif est de sensibiliser et d'encourager l'engagement communautaire \u00e0 travers mes articles.\",\"sameAs\":[\"https:\/\/vieassociative.be\/\"]}]}<\/script>\n<!-- \/ Yoast SEO plugin. -->","yoast_head_json":{"title":"A partir de septembre 2025, les t\u00e9l\u00e9phones portables seront interdits dans toutes les \u00e9coles | Vie Associative","robots":{"index":"index","follow":"follow","max-snippet":"max-snippet:-1","max-image-preview":"max-image-preview:large","max-video-preview":"max-video-preview:-1"},"canonical":"https:\/\/vieassociative.be\/actualites\/a-partir-de-septembre-2025-les-telephones-portables-seront-interdits-dans-toutes-les-ecoles\/","og_locale":"fr_FR","og_type":"article","og_title":"A partir de septembre 2025, les t\u00e9l\u00e9phones portables seront interdits dans toutes les \u00e9coles | Vie Associative","og_description":"\u00c0 partir de septembre 2025, l&rsquo;utilisation de t\u00e9l\u00e9phones portables, de montres intelligentes et d&rsquo;appareils de communication \u00e9lectroniques similaires dans l&rsquo;enceinte des \u00e9coles sera interdite dans","og_url":"https:\/\/vieassociative.be\/actualites\/a-partir-de-septembre-2025-les-telephones-portables-seront-interdits-dans-toutes-les-ecoles\/","og_site_name":"Vie Associative","article_published_time":"2024-11-22T20:17:25+00:00","og_image":[{"url":"https:\/\/vieassociative.be\/actualites\/wp-content\/uploads\/2024\/11\/A-partir-de-septembre-2025-les-telephones-portables-seront-interdits.jpg","type":"","width":"","height":""}],"author":"Julien","twitter_card":"summary_large_image","twitter_misc":{"\u00c9crit par":"Julien","Dur\u00e9e de lecture est.":"2 minutes"},"schema":{"@context":"https:\/\/schema.org","@graph":[{"@type":"Article","@id":"https:\/\/vieassociative.be\/actualites\/a-partir-de-septembre-2025-les-telephones-portables-seront-interdits-dans-toutes-les-ecoles\/#article","isPartOf":{"@id":"https:\/\/vieassociative.be\/actualites\/a-partir-de-septembre-2025-les-telephones-portables-seront-interdits-dans-toutes-les-ecoles\/"},"author":{"name":"Julien","@id":"https:\/\/vieassociative.be\/actualites\/#\/schema\/person\/b87ac4f82f9d4e7b7cec7395b679edc4"},"headline":"A partir de septembre 2025, les t\u00e9l\u00e9phones portables seront interdits dans toutes les \u00e9coles","datePublished":"2024-11-22T20:17:25+00:00","dateModified":"2024-11-22T20:17:25+00:00","mainEntityOfPage":{"@id":"https:\/\/vieassociative.be\/actualites\/a-partir-de-septembre-2025-les-telephones-portables-seront-interdits-dans-toutes-les-ecoles\/"},"wordCount":435,"publisher":{"@id":"https:\/\/vieassociative.be\/actualites\/#organization"},"image":{"@id":"https:\/\/vieassociative.be\/actualites\/a-partir-de-septembre-2025-les-telephones-portables-seront-interdits-dans-toutes-les-ecoles\/#primaryimage"},"thumbnailUrl":"https:\/\/vieassociative.be\/actualites\/wp-content\/uploads\/2024\/11\/1732306645_A-partir-de-septembre-2025-les-telephones-portables-seront-interdits.jpg","keywords":["dans","\u00e9coles","interdits","Les","partir","portables","septembre","seront","t\u00e9l\u00e9phones","toutes"],"articleSection":["Belgique"],"inLanguage":"fr-BE"},{"@type":"WebPage","@id":"https:\/\/vieassociative.be\/actualites\/a-partir-de-septembre-2025-les-telephones-portables-seront-interdits-dans-toutes-les-ecoles\/","url":"https:\/\/vieassociative.be\/actualites\/a-partir-de-septembre-2025-les-telephones-portables-seront-interdits-dans-toutes-les-ecoles\/","name":"A partir de septembre 2025, les t\u00e9l\u00e9phones portables seront interdits dans toutes les \u00e9coles | Vie Associative","isPartOf":{"@id":"https:\/\/vieassociative.be\/actualites\/#website"},"primaryImageOfPage":{"@id":"https:\/\/vieassociative.be\/actualites\/a-partir-de-septembre-2025-les-telephones-portables-seront-interdits-dans-toutes-les-ecoles\/#primaryimage"},"image":{"@id":"https:\/\/vieassociative.be\/actualites\/a-partir-de-septembre-2025-les-telephones-portables-seront-interdits-dans-toutes-les-ecoles\/#primaryimage"},"thumbnailUrl":"https:\/\/vieassociative.be\/actualites\/wp-content\/uploads\/2024\/11\/1732306645_A-partir-de-septembre-2025-les-telephones-portables-seront-interdits.jpg","datePublished":"2024-11-22T20:17:25+00:00","dateModified":"2024-11-22T20:17:25+00:00","breadcrumb":{"@id":"https:\/\/vieassociative.be\/actualites\/a-partir-de-septembre-2025-les-telephones-portables-seront-interdits-dans-toutes-les-ecoles\/#breadcrumb"},"inLanguage":"fr-BE","potentialAction":[{"@type":"ReadAction","target":["https:\/\/vieassociative.be\/actualites\/a-partir-de-septembre-2025-les-telephones-portables-seront-interdits-dans-toutes-les-ecoles\/"]}]},{"@type":"ImageObject","inLanguage":"fr-BE","@id":"https:\/\/vieassociative.be\/actualites\/a-partir-de-septembre-2025-les-telephones-portables-seront-interdits-dans-toutes-les-ecoles\/#primaryimage","url":"https:\/\/vieassociative.be\/actualites\/wp-content\/uploads\/2024\/11\/1732306645_A-partir-de-septembre-2025-les-telephones-portables-seront-interdits.jpg","contentUrl":"https:\/\/vieassociative.be\/actualites\/wp-content\/uploads\/2024\/11\/1732306645_A-partir-de-septembre-2025-les-telephones-portables-seront-interdits.jpg","width":1200,"height":802,"caption":"A partir de septembre 2025, les t\u00e9l\u00e9phones portables seront interdits dans toutes les \u00e9coles"},{"@type":"BreadcrumbList","@id":"https:\/\/vieassociative.be\/actualites\/a-partir-de-septembre-2025-les-telephones-portables-seront-interdits-dans-toutes-les-ecoles\/#breadcrumb","itemListElement":[{"@type":"ListItem","position":1,"name":"Accueil","item":"https:\/\/vieassociative.be\/actualites\/"},{"@type":"ListItem","position":2,"name":"A partir de septembre 2025, les t\u00e9l\u00e9phones portables seront interdits dans toutes les \u00e9coles"}]},{"@type":"WebSite","@id":"https:\/\/vieassociative.be\/actualites\/#website","url":"https:\/\/vieassociative.be\/actualites\/","name":"Vie Associative","description":"","publisher":{"@id":"https:\/\/vieassociative.be\/actualites\/#organization"},"potentialAction":[{"@type":"SearchAction","target":{"@type":"EntryPoint","urlTemplate":"https:\/\/vieassociative.be\/actualites\/?s={search_term_string}"},"query-input":{"@type":"PropertyValueSpecification","valueRequired":true,"valueName":"search_term_string"}}],"inLanguage":"fr-BE"},{"@type":"Organization","@id":"https:\/\/vieassociative.be\/actualites\/#organization","name":"Vie Associative","url":"https:\/\/vieassociative.be\/actualites\/","logo":{"@type":"ImageObject","inLanguage":"fr-BE","@id":"https:\/\/vieassociative.be\/actualites\/#\/schema\/logo\/image\/","url":"https:\/\/vieassociative.be\/actualites\/wp-content\/uploads\/2024\/09\/cropped-vieassociative_favicon.ico.png","contentUrl":"https:\/\/vieassociative.be\/actualites\/wp-content\/uploads\/2024\/09\/cropped-vieassociative_favicon.ico.png","width":512,"height":512,"caption":"Vie Associative"},"image":{"@id":"https:\/\/vieassociative.be\/actualites\/#\/schema\/logo\/image\/"}},{"@type":"Person","@id":"https:\/\/vieassociative.be\/actualites\/#\/schema\/person\/b87ac4f82f9d4e7b7cec7395b679edc4","name":"Julien","image":{"@type":"ImageObject","inLanguage":"fr-BE","@id":"https:\/\/vieassociative.be\/actualites\/#\/schema\/person\/image\/","url":"https:\/\/vieassociative.be\/actualites\/wp-content\/uploads\/2024\/09\/vie-associative-1-150x150.jpg","contentUrl":"https:\/\/vieassociative.be\/actualites\/wp-content\/uploads\/2024\/09\/vie-associative-1-150x150.jpg","caption":"Julien"},"description":"Je suis Julien, r\u00e9dacteur pour Vie Associative. Passionn\u00e9 par le monde associatif depuis plus de 10 ans, j'ai \u00e0 c\u0153ur de partager des histoires inspirantes et de mettre en lumi\u00e8re les initiatives locales. Mon objectif est de sensibiliser et d'encourager l'engagement communautaire \u00e0 travers mes articles.","sameAs":["https:\/\/vieassociative.be\/"]}]}},"_links":{"self":[{"href":"https:\/\/vieassociative.be\/actualites\/wp-json\/wp\/v2\/posts\/2677"}],"collection":[{"href":"https:\/\/vieassociative.be\/actualites\/wp-json\/wp\/v2\/posts"}],"about":[{"href":"https:\/\/vieassociative.be\/actualites\/wp-json\/wp\/v2\/types\/post"}],"author":[{"embeddable":true,"href":"https:\/\/vieassociative.be\/actualites\/wp-json\/wp\/v2\/users\/1"}],"replies":[{"embeddable":true,"href":"https:\/\/vieassociative.be\/actualites\/wp-json\/wp\/v2\/comments?post=2677"}],"version-history":[{"count":0,"href":"https:\/\/vieassociative.be\/actualites\/wp-json\/wp\/v2\/posts\/2677\/revisions"}],"wp:featuredmedia":[{"embeddable":true,"href":"https:\/\/vieassociative.be\/actualites\/wp-json\/wp\/v2\/media\/2678"}],"wp:attachment":[{"href":"https:\/\/vieassociative.be\/actualites\/wp-json\/wp\/v2\/media?parent=2677"}],"wp:term":[{"taxonomy":"category","embeddable":true,"href":"https:\/\/vieassociative.be\/actualites\/wp-json\/wp\/v2\/categories?post=2677"},{"taxonomy":"post_tag","embeddable":true,"href":"https:\/\/vieassociative.be\/actualites\/wp-json\/wp\/v2\/tags?post=2677"}],"curies":[{"name":"wp","href":"https:\/\/api.w.org\/{rel}","templated":true}]}}