{"id":2675,"date":"2024-11-22T20:20:06","date_gmt":"2024-11-22T19:20:06","guid":{"rendered":"https:\/\/vieassociative.be\/actualites\/toutes-les-technologies-intelligentes-que-jutilise-dans-mon-cinema-maison-en-vente-pour-le-black-friday\/"},"modified":"2024-11-22T20:20:06","modified_gmt":"2024-11-22T19:20:06","slug":"toutes-les-technologies-intelligentes-que-jutilise-dans-mon-cinema-maison-en-vente-pour-le-black-friday","status":"publish","type":"post","link":"https:\/\/vieassociative.be\/actualites\/toutes-les-technologies-intelligentes-que-jutilise-dans-mon-cinema-maison-en-vente-pour-le-black-friday\/","title":{"rendered":"Toutes les technologies intelligentes que j&rsquo;utilise dans mon cin\u00e9ma maison (en vente pour le Black Friday)"},"content":{"rendered":"<div class=\"mt-4 leading-6 md:mb-8\">Je suis pass\u00e9 de la basse r\u00e9solution \u00e0 un home cin\u00e9ma enviable utilisant une technologie intelligente \u2013 et la plupart de ce que j&rsquo;ai utilis\u00e9 est en vente pour le Black Friday.<\/div>\n<p><\/p>\n<p>Je n&rsquo;ai jamais fait partie de ces gens qui pensaient pouvoir faire la diff\u00e9rence entre les syst\u00e8mes audio : tout ce que j&rsquo;avais \u00e9tait bien. Pire encore, au cours des douze derni\u00e8res ann\u00e9es, j&rsquo;ai gard\u00e9 un t\u00e9l\u00e9viseur avec une r\u00e9solution path\u00e9tiquement basse \u2013 et pour quelqu&rsquo;un qui regarde autant la t\u00e9l\u00e9vision que moi, ma configuration \u00e9tait plut\u00f4t path\u00e9tique. Mais c&rsquo;\u00e9tait la vieille Amanda ; au cours de la derni\u00e8re ann\u00e9e, j\u2019ai cr\u00e9\u00e9 l\u2019am\u00e9nagement de salon de mes r\u00eaves, le tout dans mon petit salon minuscule. Vous n&rsquo;avez pas besoin d&rsquo;une salle de cin\u00e9ma ni m\u00eame d&rsquo;un grand espace pour cr\u00e9er un cin\u00e9ma maison digne de ce nom. Utilisez \u00e9galement ces ventes du Black Friday pour cr\u00e9er une configuration digne de votre maison. <\/p>\n<h2 id=\"the-tv-i-got-for-my-home-theater\">Le t\u00e9l\u00e9viseur que j&rsquo;ai achet\u00e9 pour mon home cin\u00e9ma<\/h2>\n<p>J&rsquo;ai commenc\u00e9 simplement : il \u00e9tait temps d&rsquo;acheter un nouveau t\u00e9l\u00e9viseur. Samsung m&rsquo;a envoy\u00e9 le Neo QLED 8K QN900C pour que je le teste, et si l&rsquo;Oregon me permettait d&rsquo;\u00e9pouser un t\u00e9l\u00e9viseur, celui-ci aurait une bague fantaisie. Bien que nous soyons encore loin d&rsquo;une grande partie du contenu 8K (parfois, je charge une vid\u00e9o de chemin\u00e9e 8K depuis Youtube, et elle pourrait tout aussi bien \u00eatre en 3D), le contenu 4K est suffisant pour \u00eatre perceptible. Ce qui est plus important, c&rsquo;est la fa\u00e7on dont ce mod\u00e8le sur\u00e9chantillonne le contenu plus ancien pour lui donner une belle apparence en 4K. C&rsquo;est remarquable. Je suis un passionn\u00e9 de vieilles \u00e9missions, et je ne pouvais tout simplement pas me remettre de la qualit\u00e9 <em>Qui est le patron<\/em> regard\u00e9 65 pouces, mais les nouvelles versions sont une toute autre histoire. Les films d\u2019action, en particulier, sont si nets et si riches en couleurs qu\u2019on a vraiment l\u2019impression d\u2019\u00eatre dans un petit th\u00e9\u00e2tre. Le t\u00e9l\u00e9viseur n&rsquo;a aucun cadre et, de par sa conception, tous les c\u00e2bles et accessoires sont fix\u00e9s \u00e0 une unit\u00e9 enti\u00e8rement s\u00e9par\u00e9e et cach\u00e9e, cr\u00e9ant ainsi une toile \u00e9pur\u00e9e. Le QN900C est disponible en mod\u00e8les 65&Prime;, 75&Prime; et 85&Prime;, et pour le Black Friday, il est presque \u00e0 moiti\u00e9 prix, jusqu&rsquo;\u00e0 2 787,95 $ (au lieu de 4 997,99 $). <\/p>\n<p>M\u00eame si vous pouvez utiliser le support fourni, ce t\u00e9l\u00e9viseur m\u00e9rite d&rsquo;\u00eatre fix\u00e9 au mur. J&rsquo;ai choisi un support mural Sanus qui n&rsquo;a presque aucun profil, mais une flexibilit\u00e9 maximale en termes d&rsquo;inclinaison et d&rsquo;angle. Il est \u00e9galement en vente pour le Black Friday, \u00e0 20 % de r\u00e9duction sur le prix habituel de 109,99 $, jusqu&rsquo;\u00e0 seulement 87,99 $. Juste pour garder le mur beau et propre, je recommande \u00e9galement une prise murale Echogear, g\u00e9n\u00e9ralement \u00e0 74,99 $, jusqu&rsquo;\u00e0 59,99 $ actuellement, qui est encastr\u00e9e dans le mur derri\u00e8re le t\u00e9l\u00e9viseur. <em>m\u00eame si vous n&rsquo;avez pas de point de vente l\u00e0-bas pour le moment<\/em>donc vous ne voyez aucun fil sortir du t\u00e9l\u00e9viseur. C&rsquo;est assez brillant. <\/p>\n<h2 id=\"surround-sound\">Son surround<\/h2>\n<p>Il y a dix ans, lorsque tout le monde achetait des syst\u00e8mes Sonos, j&rsquo;ai h\u00e9sit\u00e9. Ils \u00e9taient si chers que je ma\u00eetrisais bien le piratage technologique et je pensais pouvoir trouver un meilleur syst\u00e8me pour moins d&rsquo;argent. Le probl\u00e8me, c&rsquo;est que je ne pouvais pas. Sonos cr\u00e9e un r\u00e9seau Wi-Fi interne, donc contrairement aux haut-parleurs Bluetooth qui sont interrompus chaque fois que vous recevez un message texte ou que vous vous d\u00e9placez hors de port\u00e9e, ils sont coh\u00e9rents. Vous pouvez les regrouper et leur diffuser presque tout. J&rsquo;ai c\u00e9d\u00e9 il y a plusieurs ann\u00e9es, mais l&rsquo;ann\u00e9e derni\u00e8re, j&rsquo;ai am\u00e9lior\u00e9 mon salon d&rsquo;unit\u00e9s plus anciennes vers une nouvelle barre de son Arc, une paire d&rsquo;Era 300 pour les haut-parleurs gauche et droit et, enfin, un Sub 4 pour les basses. Avoir des enceintes gauche et droite dans votre surround signifie que vous avez l&rsquo;impression d&rsquo;\u00eatre <em>dans<\/em> le film, tandis que les sons sont diffus\u00e9s sur des haut-parleurs ind\u00e9pendants, vous immergeant. Le caisson de basses cr\u00e9era des vibrations dans la musique afin que vous ressentiez le son dans vos os. Les notes de basse sont ce qui manque souvent dans les configurations domestiques, et le Sonos Sub 4 remplit l&rsquo;espace d&rsquo;un son profond et grondant. <\/p>\n<p>Il existe d&rsquo;autres syst\u00e8mes qui utilisent les r\u00e9seaux Wi-Fi et offrent un son de qualit\u00e9 constante : Samsung propose un ensemble de haut-parleurs, tout comme LG, et Sonos propose \u00e9galement des haut-parleurs bas de gamme : Beam, Mini Sub et Era100. Choisissez un syst\u00e8me qui correspond \u00e0 votre budget\u00a0; toutes ces pi\u00e8ces Sonos sont en vente pour le Black Friday. <\/p>\n<ul>\n<li>\n<p>Barre de son Arc 699 $, r\u00e9guli\u00e8rement 899 $<\/p>\n<\/li>\n<li>\n<p>Barre de son Beam (Gen 2) 369 $, r\u00e9guli\u00e8rement 499 $<\/p>\n<\/li>\n<li>\n<p>Barre de son Ray 169 $, r\u00e9guli\u00e8rement 279 $ <\/p>\n<\/li>\n<li>\n<p>Haut-parleur Era 100 199 $, r\u00e9guli\u00e8rement 249 $<\/p>\n<\/li>\n<li>\n<p>Haut-parleur Era 300 359 $, r\u00e9guli\u00e8rement 449 $<\/p>\n<\/li>\n<li>\n<p>Sub Mini 343 $, r\u00e9guli\u00e8rement 429 $<\/p>\n<\/li>\n<li>\n<p>Sub 4 679 $, r\u00e9guli\u00e8rement 799 $<\/p>\n<\/li>\n<\/ul>\n<p>Quels que soient les haut-parleurs que vous achetez, n\u2019oubliez pas que vous souhaitez les monter afin d\u2019en avoir pour votre argent en termes de son surround. Flexson propose des supports muraux bien \u00e9tudi\u00e9s pour les enceintes Era et un support Sanus pour ma barre de son. <\/p>\n<h2 id=\"theater-lighting\">\u00c9clairage de th\u00e9\u00e2tre<\/h2>\n<p>Je me suis parl\u00e9 en pleine face de l&rsquo;effet profond que les lumi\u00e8res Nanoleaf ont eu sur ma maison au cours de la derni\u00e8re ann\u00e9e, mais aucun autant que le syst\u00e8me 4D. Nanoleaf place une petite cam\u00e9ra sur l&rsquo;\u00e9cran de votre t\u00e9l\u00e9viseur, puis une s\u00e9rie de lumi\u00e8res LED \u00e0 l&rsquo;arri\u00e8re du t\u00e9l\u00e9viseur qui se refl\u00e8tent sur le mur derri\u00e8re lui et font \u00e9cho aux couleurs qui jouent sur l&rsquo;\u00e9cran. L&rsquo;effet est fascinant, mais il <em>vraiment<\/em> chante lorsque vous ajoutez des unit\u00e9s suppl\u00e9mentaires dans la pi\u00e8ce, qui se synchronisent toutes avec le t\u00e9l\u00e9viseur. \u00c9teignez les plafonniers et allumez les lumi\u00e8res Nanoleaf et les nuits Netflix sont compl\u00e8tement chang\u00e9es. M\u00eame lorsque vous jouez simplement de la musique, les Nanoleafs jouent au rythme du rythme. <\/p>\n<ul>\n<li>\n<p>Synchronisation TV du syst\u00e8me 4D et lumi\u00e8res LED 95,99 $, r\u00e9guli\u00e8rement 119,99 $<\/p>\n<\/li>\n<li>\n<p>Lignes 59,99 $, r\u00e9guli\u00e8rement 99,99 $<\/p>\n<\/li>\n<li>\n<p>Formes 59,99 $, r\u00e9guli\u00e8rement 99,99 $<\/p>\n<\/li>\n<\/ul>\n<h2 id=\"atmospheric-control\">Contr\u00f4le atmosph\u00e9rique<\/h2>\n<p>J&rsquo;avais un bel ensemble de stores pour mes diff\u00e9rentes fen\u00eatres, mais cela n&rsquo;a jamais compl\u00e8tement coup\u00e9 la lumi\u00e8re dans la pi\u00e8ce. De plus, j&rsquo;ai d\u00fb me lever pour les ouvrir et les fermer, ce qui me semblait tr\u00e8s typique de 2010. Il \u00e9tait temps de devenir intelligent, alors je me suis tourn\u00e9 vers Rolli, l&rsquo;une des soci\u00e9t\u00e9s fabriquant des stores occultants intelligents. De nombreuses entreprises proposent des stores occultants, notamment une option int\u00e9ressante de Switchbot, qui vient \u00e9galement de lancer des stores occultants intelligents configurables. Mon coll\u00e8gue Daniel a eu une bonne exp\u00e9rience avec SmartWingz. <\/p>\n<p>Pour contr\u00f4ler la temp\u00e9rature, je me suis tourn\u00e9 vers Dyson et mon purificateur Hot and Cool (644,95 $), qui rend silencieusement la pi\u00e8ce glaciale ou grill\u00e9e et purifie l&rsquo;air en m\u00eame temps. L\u2019oscillation est ce qui le rend parfait pour votre th\u00e9\u00e2tre. <\/p>\n<h2 id=\"bringing-it-all-together-with-automation\">Rassembler tout cela gr\u00e2ce \u00e0 l&rsquo;automatisation<\/h2>\n<p>Presque tous les appareils list\u00e9s ci-dessus sont intelligents, de la t\u00e9l\u00e9vision aux stores. Cela signifiait que je pouvais tout rassembler et l&rsquo;automatiser pour cr\u00e9er un d\u00e9cor de th\u00e9\u00e2tre parfait. J&rsquo;avais tout configur\u00e9 comme une automatisation dans Alexa, mais les choses sont devenues encore plus intelligentes lorsque Flic m&rsquo;a envoy\u00e9 ses nouveaux gadgets, le bouton Flic et Twist. Ce sont des boutons intelligents que vous pouvez programmer pour des produits ou des routines individuels. Mon Flic Twist, que j&rsquo;ai accroch\u00e9 au mur \u00e0 c\u00f4t\u00e9 de l&rsquo;endroit o\u00f9 je suis assis sur le canap\u00e9, abaissera les stores, \u00e9teindra les plafonniers, allumera le Nanoleaf et allumera le t\u00e9l\u00e9viseur et le Dyson. Certes, je pourrais faire la m\u00eame chose depuis mon t\u00e9l\u00e9phone, et comme le t\u00e9l\u00e9viseur Samsung fait \u00e9galement office de hub intelligent, je pourrais tout faire directement depuis mon t\u00e9l\u00e9viseur. <\/p>\n<div class=\"w-full mt-12 text-center sm:text-left\" x-data=\"{ showAll: false }\">\n<div class=\"flex flex-col items-center justify-between sm:px-6 sm:flex-row\">\n\t\t\t<span class=\"text-sm italic\">Les offres sont s\u00e9lectionn\u00e9es par notre \u00e9quipe commerciale<\/span><\/p><\/div>\n<\/p><\/div>\n","protected":false},"excerpt":{"rendered":"<p>Je suis pass\u00e9 de la basse r\u00e9solution \u00e0 un home cin\u00e9ma enviable utilisant une technologie intelligente \u2013 et la plupart de ce que j&rsquo;ai utilis\u00e9<\/p>\n","protected":false},"author":1,"featured_media":2676,"comment_status":"","ping_status":"","sticky":false,"template":"","format":"standard","meta":{"footnotes":""},"categories":[13],"tags":[73,98,166,1255,2170,3406,14,560,49,81,3405,62,223],"class_list":["post-2675","post","type-post","status-publish","format-standard","has-post-thumbnail","hentry","category-technologie","tag-black","tag-cinema","tag-dans","tag-friday","tag-intelligentes","tag-jutilise","tag-les","tag-maison","tag-mon","tag-pour","tag-technologies","tag-toutes","tag-vente","generate-columns","tablet-grid-50","mobile-grid-100","grid-parent","grid-33"],"yoast_head":"<!-- This site is optimized with the Yoast SEO plugin v24.0 - https:\/\/yoast.com\/wordpress\/plugins\/seo\/ -->\n<title>Toutes les technologies intelligentes que j&#039;utilise dans mon cin\u00e9ma maison (en vente pour le Black Friday) | Vie Associative<\/title>\n<meta name=\"robots\" content=\"index, follow, max-snippet:-1, max-image-preview:large, max-video-preview:-1\" \/>\n<link rel=\"canonical\" href=\"https:\/\/vieassociative.be\/actualites\/toutes-les-technologies-intelligentes-que-jutilise-dans-mon-cinema-maison-en-vente-pour-le-black-friday\/\" \/>\n<meta property=\"og:locale\" content=\"fr_FR\" \/>\n<meta property=\"og:type\" content=\"article\" \/>\n<meta property=\"og:title\" content=\"Toutes les technologies intelligentes que j&#039;utilise dans mon cin\u00e9ma maison (en vente pour le Black Friday) | Vie Associative\" \/>\n<meta property=\"og:description\" content=\"Je suis pass\u00e9 de la basse r\u00e9solution \u00e0 un home cin\u00e9ma enviable utilisant une technologie intelligente \u2013 et la plupart de ce que j&rsquo;ai utilis\u00e9\" \/>\n<meta property=\"og:url\" content=\"https:\/\/vieassociative.be\/actualites\/toutes-les-technologies-intelligentes-que-jutilise-dans-mon-cinema-maison-en-vente-pour-le-black-friday\/\" \/>\n<meta property=\"og:site_name\" content=\"Vie Associative\" \/>\n<meta property=\"article:published_time\" content=\"2024-11-22T19:20:06+00:00\" \/>\n<meta property=\"og:image\" content=\"https:\/\/vieassociative.be\/actualites\/wp-content\/uploads\/2024\/09\/header_backgroundk-01-e1726694325946.png\" \/>\n\t<meta property=\"og:image:width\" content=\"279\" \/>\n\t<meta property=\"og:image:height\" content=\"92\" \/>\n\t<meta property=\"og:image:type\" content=\"image\/png\" \/>\n<meta name=\"author\" content=\"Julien\" \/>\n<meta name=\"twitter:card\" content=\"summary_large_image\" \/>\n<meta name=\"twitter:label1\" content=\"\u00c9crit par\" \/>\n\t<meta name=\"twitter:data1\" content=\"Julien\" \/>\n\t<meta name=\"twitter:label2\" content=\"Dur\u00e9e de lecture est.\" \/>\n\t<meta name=\"twitter:data2\" content=\"7 minutes\" \/>\n<script type=\"application\/ld+json\" class=\"yoast-schema-graph\">{\"@context\":\"https:\/\/schema.org\",\"@graph\":[{\"@type\":\"Article\",\"@id\":\"https:\/\/vieassociative.be\/actualites\/toutes-les-technologies-intelligentes-que-jutilise-dans-mon-cinema-maison-en-vente-pour-le-black-friday\/#article\",\"isPartOf\":{\"@id\":\"https:\/\/vieassociative.be\/actualites\/toutes-les-technologies-intelligentes-que-jutilise-dans-mon-cinema-maison-en-vente-pour-le-black-friday\/\"},\"author\":{\"name\":\"Julien\",\"@id\":\"https:\/\/vieassociative.be\/actualites\/#\/schema\/person\/b87ac4f82f9d4e7b7cec7395b679edc4\"},\"headline\":\"Toutes les technologies intelligentes que j&rsquo;utilise dans mon cin\u00e9ma maison (en vente pour le Black Friday)\",\"datePublished\":\"2024-11-22T19:20:06+00:00\",\"dateModified\":\"2024-11-22T19:20:06+00:00\",\"mainEntityOfPage\":{\"@id\":\"https:\/\/vieassociative.be\/actualites\/toutes-les-technologies-intelligentes-que-jutilise-dans-mon-cinema-maison-en-vente-pour-le-black-friday\/\"},\"wordCount\":1476,\"publisher\":{\"@id\":\"https:\/\/vieassociative.be\/actualites\/#organization\"},\"image\":{\"@id\":\"https:\/\/vieassociative.be\/actualites\/toutes-les-technologies-intelligentes-que-jutilise-dans-mon-cinema-maison-en-vente-pour-le-black-friday\/#primaryimage\"},\"thumbnailUrl\":\"https:\/\/vieassociative.be\/actualites\/wp-content\/uploads\/2024\/11\/Toutes-les-technologies-intelligentes-que-jutilise-dans-mon-cinema-maison.png\",\"keywords\":[\"Black\",\"cin\u00e9ma\",\"dans\",\"Friday\",\"intelligentes\",\"jutilise\",\"Les\",\"maison\",\"Mon\",\"pour\",\"technologies\",\"toutes\",\"vente\"],\"articleSection\":[\"Technologie\"],\"inLanguage\":\"fr-BE\"},{\"@type\":\"WebPage\",\"@id\":\"https:\/\/vieassociative.be\/actualites\/toutes-les-technologies-intelligentes-que-jutilise-dans-mon-cinema-maison-en-vente-pour-le-black-friday\/\",\"url\":\"https:\/\/vieassociative.be\/actualites\/toutes-les-technologies-intelligentes-que-jutilise-dans-mon-cinema-maison-en-vente-pour-le-black-friday\/\",\"name\":\"Toutes les technologies intelligentes que j'utilise dans mon cin\u00e9ma maison (en vente pour le Black Friday) | Vie Associative\",\"isPartOf\":{\"@id\":\"https:\/\/vieassociative.be\/actualites\/#website\"},\"primaryImageOfPage\":{\"@id\":\"https:\/\/vieassociative.be\/actualites\/toutes-les-technologies-intelligentes-que-jutilise-dans-mon-cinema-maison-en-vente-pour-le-black-friday\/#primaryimage\"},\"image\":{\"@id\":\"https:\/\/vieassociative.be\/actualites\/toutes-les-technologies-intelligentes-que-jutilise-dans-mon-cinema-maison-en-vente-pour-le-black-friday\/#primaryimage\"},\"thumbnailUrl\":\"https:\/\/vieassociative.be\/actualites\/wp-content\/uploads\/2024\/11\/Toutes-les-technologies-intelligentes-que-jutilise-dans-mon-cinema-maison.png\",\"datePublished\":\"2024-11-22T19:20:06+00:00\",\"dateModified\":\"2024-11-22T19:20:06+00:00\",\"breadcrumb\":{\"@id\":\"https:\/\/vieassociative.be\/actualites\/toutes-les-technologies-intelligentes-que-jutilise-dans-mon-cinema-maison-en-vente-pour-le-black-friday\/#breadcrumb\"},\"inLanguage\":\"fr-BE\",\"potentialAction\":[{\"@type\":\"ReadAction\",\"target\":[\"https:\/\/vieassociative.be\/actualites\/toutes-les-technologies-intelligentes-que-jutilise-dans-mon-cinema-maison-en-vente-pour-le-black-friday\/\"]}]},{\"@type\":\"ImageObject\",\"inLanguage\":\"fr-BE\",\"@id\":\"https:\/\/vieassociative.be\/actualites\/toutes-les-technologies-intelligentes-que-jutilise-dans-mon-cinema-maison-en-vente-pour-le-black-friday\/#primaryimage\",\"url\":\"https:\/\/vieassociative.be\/actualites\/wp-content\/uploads\/2024\/11\/Toutes-les-technologies-intelligentes-que-jutilise-dans-mon-cinema-maison.png\",\"contentUrl\":\"https:\/\/vieassociative.be\/actualites\/wp-content\/uploads\/2024\/11\/Toutes-les-technologies-intelligentes-que-jutilise-dans-mon-cinema-maison.png\",\"width\":1200,\"height\":675,\"caption\":\"Toutes les technologies intelligentes que j'utilise dans mon cin\u00e9ma maison (en vente pour le Black Friday)\"},{\"@type\":\"BreadcrumbList\",\"@id\":\"https:\/\/vieassociative.be\/actualites\/toutes-les-technologies-intelligentes-que-jutilise-dans-mon-cinema-maison-en-vente-pour-le-black-friday\/#breadcrumb\",\"itemListElement\":[{\"@type\":\"ListItem\",\"position\":1,\"name\":\"Accueil\",\"item\":\"https:\/\/vieassociative.be\/actualites\/\"},{\"@type\":\"ListItem\",\"position\":2,\"name\":\"Toutes les technologies intelligentes que j&rsquo;utilise dans mon cin\u00e9ma maison (en vente pour le Black Friday)\"}]},{\"@type\":\"WebSite\",\"@id\":\"https:\/\/vieassociative.be\/actualites\/#website\",\"url\":\"https:\/\/vieassociative.be\/actualites\/\",\"name\":\"Vie Associative\",\"description\":\"\",\"publisher\":{\"@id\":\"https:\/\/vieassociative.be\/actualites\/#organization\"},\"potentialAction\":[{\"@type\":\"SearchAction\",\"target\":{\"@type\":\"EntryPoint\",\"urlTemplate\":\"https:\/\/vieassociative.be\/actualites\/?s={search_term_string}\"},\"query-input\":{\"@type\":\"PropertyValueSpecification\",\"valueRequired\":true,\"valueName\":\"search_term_string\"}}],\"inLanguage\":\"fr-BE\"},{\"@type\":\"Organization\",\"@id\":\"https:\/\/vieassociative.be\/actualites\/#organization\",\"name\":\"Vie Associative\",\"url\":\"https:\/\/vieassociative.be\/actualites\/\",\"logo\":{\"@type\":\"ImageObject\",\"inLanguage\":\"fr-BE\",\"@id\":\"https:\/\/vieassociative.be\/actualites\/#\/schema\/logo\/image\/\",\"url\":\"https:\/\/vieassociative.be\/actualites\/wp-content\/uploads\/2024\/09\/cropped-vieassociative_favicon.ico.png\",\"contentUrl\":\"https:\/\/vieassociative.be\/actualites\/wp-content\/uploads\/2024\/09\/cropped-vieassociative_favicon.ico.png\",\"width\":512,\"height\":512,\"caption\":\"Vie Associative\"},\"image\":{\"@id\":\"https:\/\/vieassociative.be\/actualites\/#\/schema\/logo\/image\/\"}},{\"@type\":\"Person\",\"@id\":\"https:\/\/vieassociative.be\/actualites\/#\/schema\/person\/b87ac4f82f9d4e7b7cec7395b679edc4\",\"name\":\"Julien\",\"image\":{\"@type\":\"ImageObject\",\"inLanguage\":\"fr-BE\",\"@id\":\"https:\/\/vieassociative.be\/actualites\/#\/schema\/person\/image\/\",\"url\":\"https:\/\/vieassociative.be\/actualites\/wp-content\/uploads\/2024\/09\/vie-associative-1-150x150.jpg\",\"contentUrl\":\"https:\/\/vieassociative.be\/actualites\/wp-content\/uploads\/2024\/09\/vie-associative-1-150x150.jpg\",\"caption\":\"Julien\"},\"description\":\"Je suis Julien, r\u00e9dacteur pour Vie Associative. Passionn\u00e9 par le monde associatif depuis plus de 10 ans, j'ai \u00e0 c\u0153ur de partager des histoires inspirantes et de mettre en lumi\u00e8re les initiatives locales. Mon objectif est de sensibiliser et d'encourager l'engagement communautaire \u00e0 travers mes articles.\",\"sameAs\":[\"https:\/\/vieassociative.be\/\"]}]}<\/script>\n<!-- \/ Yoast SEO plugin. -->","yoast_head_json":{"title":"Toutes les technologies intelligentes que j'utilise dans mon cin\u00e9ma maison (en vente pour le Black Friday) | Vie Associative","robots":{"index":"index","follow":"follow","max-snippet":"max-snippet:-1","max-image-preview":"max-image-preview:large","max-video-preview":"max-video-preview:-1"},"canonical":"https:\/\/vieassociative.be\/actualites\/toutes-les-technologies-intelligentes-que-jutilise-dans-mon-cinema-maison-en-vente-pour-le-black-friday\/","og_locale":"fr_FR","og_type":"article","og_title":"Toutes les technologies intelligentes que j'utilise dans mon cin\u00e9ma maison (en vente pour le Black Friday) | Vie Associative","og_description":"Je suis pass\u00e9 de la basse r\u00e9solution \u00e0 un home cin\u00e9ma enviable utilisant une technologie intelligente \u2013 et la plupart de ce que j&rsquo;ai utilis\u00e9","og_url":"https:\/\/vieassociative.be\/actualites\/toutes-les-technologies-intelligentes-que-jutilise-dans-mon-cinema-maison-en-vente-pour-le-black-friday\/","og_site_name":"Vie Associative","article_published_time":"2024-11-22T19:20:06+00:00","og_image":[{"width":279,"height":92,"url":"https:\/\/vieassociative.be\/actualites\/wp-content\/uploads\/2024\/09\/header_backgroundk-01-e1726694325946.png","type":"image\/png"}],"author":"Julien","twitter_card":"summary_large_image","twitter_misc":{"\u00c9crit par":"Julien","Dur\u00e9e de lecture est.":"7 minutes"},"schema":{"@context":"https:\/\/schema.org","@graph":[{"@type":"Article","@id":"https:\/\/vieassociative.be\/actualites\/toutes-les-technologies-intelligentes-que-jutilise-dans-mon-cinema-maison-en-vente-pour-le-black-friday\/#article","isPartOf":{"@id":"https:\/\/vieassociative.be\/actualites\/toutes-les-technologies-intelligentes-que-jutilise-dans-mon-cinema-maison-en-vente-pour-le-black-friday\/"},"author":{"name":"Julien","@id":"https:\/\/vieassociative.be\/actualites\/#\/schema\/person\/b87ac4f82f9d4e7b7cec7395b679edc4"},"headline":"Toutes les technologies intelligentes que j&rsquo;utilise dans mon cin\u00e9ma maison (en vente pour le Black Friday)","datePublished":"2024-11-22T19:20:06+00:00","dateModified":"2024-11-22T19:20:06+00:00","mainEntityOfPage":{"@id":"https:\/\/vieassociative.be\/actualites\/toutes-les-technologies-intelligentes-que-jutilise-dans-mon-cinema-maison-en-vente-pour-le-black-friday\/"},"wordCount":1476,"publisher":{"@id":"https:\/\/vieassociative.be\/actualites\/#organization"},"image":{"@id":"https:\/\/vieassociative.be\/actualites\/toutes-les-technologies-intelligentes-que-jutilise-dans-mon-cinema-maison-en-vente-pour-le-black-friday\/#primaryimage"},"thumbnailUrl":"https:\/\/vieassociative.be\/actualites\/wp-content\/uploads\/2024\/11\/Toutes-les-technologies-intelligentes-que-jutilise-dans-mon-cinema-maison.png","keywords":["Black","cin\u00e9ma","dans","Friday","intelligentes","jutilise","Les","maison","Mon","pour","technologies","toutes","vente"],"articleSection":["Technologie"],"inLanguage":"fr-BE"},{"@type":"WebPage","@id":"https:\/\/vieassociative.be\/actualites\/toutes-les-technologies-intelligentes-que-jutilise-dans-mon-cinema-maison-en-vente-pour-le-black-friday\/","url":"https:\/\/vieassociative.be\/actualites\/toutes-les-technologies-intelligentes-que-jutilise-dans-mon-cinema-maison-en-vente-pour-le-black-friday\/","name":"Toutes les technologies intelligentes que j'utilise dans mon cin\u00e9ma maison (en vente pour le Black Friday) | Vie Associative","isPartOf":{"@id":"https:\/\/vieassociative.be\/actualites\/#website"},"primaryImageOfPage":{"@id":"https:\/\/vieassociative.be\/actualites\/toutes-les-technologies-intelligentes-que-jutilise-dans-mon-cinema-maison-en-vente-pour-le-black-friday\/#primaryimage"},"image":{"@id":"https:\/\/vieassociative.be\/actualites\/toutes-les-technologies-intelligentes-que-jutilise-dans-mon-cinema-maison-en-vente-pour-le-black-friday\/#primaryimage"},"thumbnailUrl":"https:\/\/vieassociative.be\/actualites\/wp-content\/uploads\/2024\/11\/Toutes-les-technologies-intelligentes-que-jutilise-dans-mon-cinema-maison.png","datePublished":"2024-11-22T19:20:06+00:00","dateModified":"2024-11-22T19:20:06+00:00","breadcrumb":{"@id":"https:\/\/vieassociative.be\/actualites\/toutes-les-technologies-intelligentes-que-jutilise-dans-mon-cinema-maison-en-vente-pour-le-black-friday\/#breadcrumb"},"inLanguage":"fr-BE","potentialAction":[{"@type":"ReadAction","target":["https:\/\/vieassociative.be\/actualites\/toutes-les-technologies-intelligentes-que-jutilise-dans-mon-cinema-maison-en-vente-pour-le-black-friday\/"]}]},{"@type":"ImageObject","inLanguage":"fr-BE","@id":"https:\/\/vieassociative.be\/actualites\/toutes-les-technologies-intelligentes-que-jutilise-dans-mon-cinema-maison-en-vente-pour-le-black-friday\/#primaryimage","url":"https:\/\/vieassociative.be\/actualites\/wp-content\/uploads\/2024\/11\/Toutes-les-technologies-intelligentes-que-jutilise-dans-mon-cinema-maison.png","contentUrl":"https:\/\/vieassociative.be\/actualites\/wp-content\/uploads\/2024\/11\/Toutes-les-technologies-intelligentes-que-jutilise-dans-mon-cinema-maison.png","width":1200,"height":675,"caption":"Toutes les technologies intelligentes que j'utilise dans mon cin\u00e9ma maison (en vente pour le Black Friday)"},{"@type":"BreadcrumbList","@id":"https:\/\/vieassociative.be\/actualites\/toutes-les-technologies-intelligentes-que-jutilise-dans-mon-cinema-maison-en-vente-pour-le-black-friday\/#breadcrumb","itemListElement":[{"@type":"ListItem","position":1,"name":"Accueil","item":"https:\/\/vieassociative.be\/actualites\/"},{"@type":"ListItem","position":2,"name":"Toutes les technologies intelligentes que j&rsquo;utilise dans mon cin\u00e9ma maison (en vente pour le Black Friday)"}]},{"@type":"WebSite","@id":"https:\/\/vieassociative.be\/actualites\/#website","url":"https:\/\/vieassociative.be\/actualites\/","name":"Vie Associative","description":"","publisher":{"@id":"https:\/\/vieassociative.be\/actualites\/#organization"},"potentialAction":[{"@type":"SearchAction","target":{"@type":"EntryPoint","urlTemplate":"https:\/\/vieassociative.be\/actualites\/?s={search_term_string}"},"query-input":{"@type":"PropertyValueSpecification","valueRequired":true,"valueName":"search_term_string"}}],"inLanguage":"fr-BE"},{"@type":"Organization","@id":"https:\/\/vieassociative.be\/actualites\/#organization","name":"Vie Associative","url":"https:\/\/vieassociative.be\/actualites\/","logo":{"@type":"ImageObject","inLanguage":"fr-BE","@id":"https:\/\/vieassociative.be\/actualites\/#\/schema\/logo\/image\/","url":"https:\/\/vieassociative.be\/actualites\/wp-content\/uploads\/2024\/09\/cropped-vieassociative_favicon.ico.png","contentUrl":"https:\/\/vieassociative.be\/actualites\/wp-content\/uploads\/2024\/09\/cropped-vieassociative_favicon.ico.png","width":512,"height":512,"caption":"Vie Associative"},"image":{"@id":"https:\/\/vieassociative.be\/actualites\/#\/schema\/logo\/image\/"}},{"@type":"Person","@id":"https:\/\/vieassociative.be\/actualites\/#\/schema\/person\/b87ac4f82f9d4e7b7cec7395b679edc4","name":"Julien","image":{"@type":"ImageObject","inLanguage":"fr-BE","@id":"https:\/\/vieassociative.be\/actualites\/#\/schema\/person\/image\/","url":"https:\/\/vieassociative.be\/actualites\/wp-content\/uploads\/2024\/09\/vie-associative-1-150x150.jpg","contentUrl":"https:\/\/vieassociative.be\/actualites\/wp-content\/uploads\/2024\/09\/vie-associative-1-150x150.jpg","caption":"Julien"},"description":"Je suis Julien, r\u00e9dacteur pour Vie Associative. Passionn\u00e9 par le monde associatif depuis plus de 10 ans, j'ai \u00e0 c\u0153ur de partager des histoires inspirantes et de mettre en lumi\u00e8re les initiatives locales. Mon objectif est de sensibiliser et d'encourager l'engagement communautaire \u00e0 travers mes articles.","sameAs":["https:\/\/vieassociative.be\/"]}]}},"_links":{"self":[{"href":"https:\/\/vieassociative.be\/actualites\/wp-json\/wp\/v2\/posts\/2675"}],"collection":[{"href":"https:\/\/vieassociative.be\/actualites\/wp-json\/wp\/v2\/posts"}],"about":[{"href":"https:\/\/vieassociative.be\/actualites\/wp-json\/wp\/v2\/types\/post"}],"author":[{"embeddable":true,"href":"https:\/\/vieassociative.be\/actualites\/wp-json\/wp\/v2\/users\/1"}],"replies":[{"embeddable":true,"href":"https:\/\/vieassociative.be\/actualites\/wp-json\/wp\/v2\/comments?post=2675"}],"version-history":[{"count":0,"href":"https:\/\/vieassociative.be\/actualites\/wp-json\/wp\/v2\/posts\/2675\/revisions"}],"wp:featuredmedia":[{"embeddable":true,"href":"https:\/\/vieassociative.be\/actualites\/wp-json\/wp\/v2\/media\/2676"}],"wp:attachment":[{"href":"https:\/\/vieassociative.be\/actualites\/wp-json\/wp\/v2\/media?parent=2675"}],"wp:term":[{"taxonomy":"category","embeddable":true,"href":"https:\/\/vieassociative.be\/actualites\/wp-json\/wp\/v2\/categories?post=2675"},{"taxonomy":"post_tag","embeddable":true,"href":"https:\/\/vieassociative.be\/actualites\/wp-json\/wp\/v2\/tags?post=2675"}],"curies":[{"name":"wp","href":"https:\/\/api.w.org\/{rel}","templated":true}]}}