{"id":2670,"date":"2024-11-22T15:16:59","date_gmt":"2024-11-22T14:16:59","guid":{"rendered":"https:\/\/vieassociative.be\/actualites\/ligue-des-nations-la-belgique-en-relegation-face-a-lukraine\/"},"modified":"2024-11-22T15:16:59","modified_gmt":"2024-11-22T14:16:59","slug":"ligue-des-nations-la-belgique-en-relegation-face-a-lukraine","status":"publish","type":"post","link":"https:\/\/vieassociative.be\/actualites\/ligue-des-nations-la-belgique-en-relegation-face-a-lukraine\/","title":{"rendered":"Ligue des Nations : la Belgique en rel\u00e9gation face \u00e0 l&rsquo;Ukraine"},"content":{"rendered":"<p><strong>Troisi\u00e8me du groupe avec un bilan lamentable de 4 points sur 18, la Belgique doit disputer les barrages de promotion\/rel\u00e9gation des ligues A et B de la Ligue des Nations. Les adversaires possibles des Diables Rouges \u00e9taient la Gr\u00e8ce, l&rsquo;Autriche, la Turquie et l&rsquo;Ukraine, soit tous finalistes de la Ligue B.<\/strong><\/p>\n<p><span id=\"more-402385\"><\/span>Lors du tirage au sort au si\u00e8ge de l&rsquo;UEFA vendredi apr\u00e8s-midi, c&rsquo;est l&rsquo;Ukraine que les Diables affronteront en mars prochain.<\/p>\n<p>Un adversaire que les Diables connaissent assez bien, ou du moins depuis pas trop longtemps. Les supporters avaient hu\u00e9 les joueurs pour leur mauvaise performance lors du troisi\u00e8me match de la phase de groupes \u00e0 Stuttgart, tandis que les joueurs tentaient de conserver le match nul pour \u00e9viter de risquer l&rsquo;\u00e9limination.<\/p>\n<div id=\"attachment_389049\" class=\"wp-caption alignleft\" style=\"max-width: 300px\"><img fetchpriority=\"high\" decoding=\"async\" class=\"wp-image-389049 size-medium\" src=\"https:\/\/vieassociative.be\/actualites\/wp-content\/uploads\/2024\/11\/Ligue-des-Nations-la-Belgique-en-relegation-face-a.jpg\" alt=\"\" width=\"300\" height=\"184\"  ><\/p>\n<p class=\"wp-caption-text\">26 juin 2024, Bade-Wurtemberg, Stuttgart : le joueur belge Arthur Theate (arri\u00e8re, lr), Amadou Onana, Wout Faes, Jan Vertonghen, Romelu Lukaku, gardien de but Koen Casteels ; (devant, de gauche \u00e0 droite) Leandro Trossard, Timothy Castagne, Youri Tielemans, Kevin De Bruyne et J\u00e9r\u00e9my Doku avant le coup d&rsquo;envoi du match de groupe du Championnat d&rsquo;Europe contre l&rsquo;Ukraine. Photo : Tom Weller\/dpa<\/p>\n<\/div>\n<p>L&rsquo;ordre du capitaine Kevin De Bruyne, qui a appel\u00e9 ses co\u00e9quipiers \u00e0 tourner ouvertement le dos aux supporters, a suscit\u00e9 de nombreuses discussions.<\/p>\n<p>N\u00e9anmoins, le duel avec l&rsquo;Ukraine est une t\u00e2che r\u00e9alisable pour la Belgique, d&rsquo;autant plus que les Ukrainiens ne peuvent pas jouer leur match \u00e0 domicile dans leur propre pays pour des raisons bien connues.<\/p>\n<p>Les deux matchs contre l&rsquo;Ukraine auront lieu le 20 mars (\u00e0 l&rsquo;ext\u00e9rieur) et le 23 mars (\u00e0 Bruxelles). Une victoire permettrait aux Diables Rouges de rester en Ligue A au prochain tour. S&rsquo;ils perdaient, ils seraient rel\u00e9gu\u00e9s pour la premi\u00e8re fois en Ligue B. Reste \u00e0 savoir si Domenico Tedesco sera toujours l&rsquo;entra\u00eeneur des Diables Rouges pour les deux matches face \u00e0 l&rsquo;Ukraine (voir aussi article par ailleurs).<\/p>\n<p>L&rsquo;une des innovations de cette quatri\u00e8me \u00e9dition de la Ligue des Nations est l&rsquo;introduction de matchs de quart de finale entre le premier et le deuxi\u00e8me groupe de la Ligue A.<\/p>\n<p>Les Pays-Bas joueront contre l&rsquo;Espagne et la France contre la Croatie. Le Danemark rencontre \u00e9galement le Portugal. Il y a enfin le classique entre l&rsquo;Italie et l&rsquo;Allemagne. <\/p>\n<p>Le tirage au sort des groupes de qualification pour la Coupe du monde 2026, dont la Belgique est t\u00eate de s\u00e9rie, aura lieu le 13 d\u00e9cembre 2024. (cre)<\/p>\n<p><em><strong>Sur le sujet, voir aussi l&rsquo;article suivant sur l&rsquo;OD :<\/strong><\/em><\/p>\n<div class=\"responsive-embed widescreen\">\n<blockquote class=\"wp-embedded-content\" data-secret=\"6LlYgSNW49\">\n<p>#Tedescout : La campagne des supporters des Red Devils contre l&rsquo;entra\u00eeneur Domenico Tedesco prend de l&rsquo;ampleur<\/p>\n<\/blockquote>\n<p><iframe loading=\"lazy\" class=\"wp-embedded-content\" sandbox=\"allow-scripts\" security=\"restricted\" style=\"position: absolute; visibility: hidden;\" title=\"\u201e#Tedescout: Kampagne von Fans der Roten Teufel gegen Trainer Domenico Tedesco nimmt Fahrt auf\u201c \u2014 Ostbelgien Direkt\" src=\"https:\/\/ostbelgiendirekt.be\/about:blank\" data-secret=\"6LlYgSNW49\" width=\"500\" height=\"282\" frameborder=\"0\" marginwidth=\"0\" marginheight=\"0\" scrolling=\"no\" data-rocket-lazyload=\"fitvidscompatible\" data-lazy-src=\"https:\/\/ostbelgiendirekt.be\/kampagne-gegen-tedesco-402160\/embed#?secret=jEC2gyLCgL#?secret=6LlYgSNW49\"><\/iframe><noscript><iframe class=\"wp-embedded-content\" sandbox=\"allow-scripts\" security=\"restricted\" style=\"position: absolute; visibility: hidden;\" title=\"\u201e#Tedescout: Kampagne von Fans der Roten Teufel gegen Trainer Domenico Tedesco nimmt Fahrt auf\u201c \u2014 Ostbelgien Direkt\" src=\"https:\/\/ostbelgiendirekt.be\/kampagne-gegen-tedesco-402160\/embed#?secret=jEC2gyLCgL#?secret=6LlYgSNW49\" data-secret=\"6LlYgSNW49\" width=\"500\" height=\"282\" frameborder=\"0\" marginwidth=\"0\" marginheight=\"0\" scrolling=\"no\"><\/iframe><\/noscript><\/p>\n<\/div>\n","protected":false},"excerpt":{"rendered":"<p>Troisi\u00e8me du groupe avec un bilan lamentable de 4 points sur 18, la Belgique doit disputer les barrages de promotion\/rel\u00e9gation des ligues A et B<\/p>\n","protected":false},"author":1,"featured_media":2671,"comment_status":"","ping_status":"","sticky":false,"template":"","format":"standard","meta":{"footnotes":""},"categories":[298],"tags":[383,29,733,2817,3403,3187,3402],"class_list":["post-2670","post","type-post","status-publish","format-standard","has-post-thumbnail","hentry","category-belgique","tag-belgique","tag-des","tag-face","tag-ligue","tag-lukraine","tag-nations","tag-relegation","generate-columns","tablet-grid-50","mobile-grid-100","grid-parent","grid-33"],"yoast_head":"<!-- This site is optimized with the Yoast SEO plugin v24.0 - https:\/\/yoast.com\/wordpress\/plugins\/seo\/ -->\n<title>Ligue des Nations : la Belgique en rel\u00e9gation face \u00e0 l&#039;Ukraine | Vie Associative<\/title>\n<meta name=\"robots\" content=\"index, follow, max-snippet:-1, max-image-preview:large, max-video-preview:-1\" \/>\n<link rel=\"canonical\" href=\"https:\/\/vieassociative.be\/actualites\/ligue-des-nations-la-belgique-en-relegation-face-a-lukraine\/\" \/>\n<meta property=\"og:locale\" content=\"fr_FR\" \/>\n<meta property=\"og:type\" content=\"article\" \/>\n<meta property=\"og:title\" content=\"Ligue des Nations : la Belgique en rel\u00e9gation face \u00e0 l&#039;Ukraine | Vie Associative\" \/>\n<meta property=\"og:description\" content=\"Troisi\u00e8me du groupe avec un bilan lamentable de 4 points sur 18, la Belgique doit disputer les barrages de promotion\/rel\u00e9gation des ligues A et B\" \/>\n<meta property=\"og:url\" content=\"https:\/\/vieassociative.be\/actualites\/ligue-des-nations-la-belgique-en-relegation-face-a-lukraine\/\" \/>\n<meta property=\"og:site_name\" content=\"Vie Associative\" \/>\n<meta property=\"article:published_time\" content=\"2024-11-22T14:16:59+00:00\" \/>\n<meta property=\"og:image\" content=\"https:\/\/vieassociative.be\/actualites\/wp-content\/uploads\/2024\/11\/Ligue-des-Nations-la-Belgique-en-relegation-face-a.jpg\" \/>\n<meta name=\"author\" content=\"Julien\" \/>\n<meta name=\"twitter:card\" content=\"summary_large_image\" \/>\n<meta name=\"twitter:label1\" content=\"\u00c9crit par\" \/>\n\t<meta name=\"twitter:data1\" content=\"Julien\" \/>\n\t<meta name=\"twitter:label2\" content=\"Dur\u00e9e de lecture est.\" \/>\n\t<meta name=\"twitter:data2\" content=\"2 minutes\" \/>\n<script type=\"application\/ld+json\" class=\"yoast-schema-graph\">{\"@context\":\"https:\/\/schema.org\",\"@graph\":[{\"@type\":\"Article\",\"@id\":\"https:\/\/vieassociative.be\/actualites\/ligue-des-nations-la-belgique-en-relegation-face-a-lukraine\/#article\",\"isPartOf\":{\"@id\":\"https:\/\/vieassociative.be\/actualites\/ligue-des-nations-la-belgique-en-relegation-face-a-lukraine\/\"},\"author\":{\"name\":\"Julien\",\"@id\":\"https:\/\/vieassociative.be\/actualites\/#\/schema\/person\/b87ac4f82f9d4e7b7cec7395b679edc4\"},\"headline\":\"Ligue des Nations : la Belgique en rel\u00e9gation face \u00e0 l&rsquo;Ukraine\",\"datePublished\":\"2024-11-22T14:16:59+00:00\",\"dateModified\":\"2024-11-22T14:16:59+00:00\",\"mainEntityOfPage\":{\"@id\":\"https:\/\/vieassociative.be\/actualites\/ligue-des-nations-la-belgique-en-relegation-face-a-lukraine\/\"},\"wordCount\":461,\"publisher\":{\"@id\":\"https:\/\/vieassociative.be\/actualites\/#organization\"},\"image\":{\"@id\":\"https:\/\/vieassociative.be\/actualites\/ligue-des-nations-la-belgique-en-relegation-face-a-lukraine\/#primaryimage\"},\"thumbnailUrl\":\"https:\/\/vieassociative.be\/actualites\/wp-content\/uploads\/2024\/11\/1732285019_Ligue-des-Nations-la-Belgique-en-relegation-face-a.jpg\",\"keywords\":[\"Belgique\",\"Des\",\"face\",\"Ligue\",\"lUkraine\",\"Nations\",\"rel\u00e9gation\"],\"articleSection\":[\"Belgique\"],\"inLanguage\":\"fr-BE\"},{\"@type\":\"WebPage\",\"@id\":\"https:\/\/vieassociative.be\/actualites\/ligue-des-nations-la-belgique-en-relegation-face-a-lukraine\/\",\"url\":\"https:\/\/vieassociative.be\/actualites\/ligue-des-nations-la-belgique-en-relegation-face-a-lukraine\/\",\"name\":\"Ligue des Nations : la Belgique en rel\u00e9gation face \u00e0 l'Ukraine | Vie Associative\",\"isPartOf\":{\"@id\":\"https:\/\/vieassociative.be\/actualites\/#website\"},\"primaryImageOfPage\":{\"@id\":\"https:\/\/vieassociative.be\/actualites\/ligue-des-nations-la-belgique-en-relegation-face-a-lukraine\/#primaryimage\"},\"image\":{\"@id\":\"https:\/\/vieassociative.be\/actualites\/ligue-des-nations-la-belgique-en-relegation-face-a-lukraine\/#primaryimage\"},\"thumbnailUrl\":\"https:\/\/vieassociative.be\/actualites\/wp-content\/uploads\/2024\/11\/1732285019_Ligue-des-Nations-la-Belgique-en-relegation-face-a.jpg\",\"datePublished\":\"2024-11-22T14:16:59+00:00\",\"dateModified\":\"2024-11-22T14:16:59+00:00\",\"breadcrumb\":{\"@id\":\"https:\/\/vieassociative.be\/actualites\/ligue-des-nations-la-belgique-en-relegation-face-a-lukraine\/#breadcrumb\"},\"inLanguage\":\"fr-BE\",\"potentialAction\":[{\"@type\":\"ReadAction\",\"target\":[\"https:\/\/vieassociative.be\/actualites\/ligue-des-nations-la-belgique-en-relegation-face-a-lukraine\/\"]}]},{\"@type\":\"ImageObject\",\"inLanguage\":\"fr-BE\",\"@id\":\"https:\/\/vieassociative.be\/actualites\/ligue-des-nations-la-belgique-en-relegation-face-a-lukraine\/#primaryimage\",\"url\":\"https:\/\/vieassociative.be\/actualites\/wp-content\/uploads\/2024\/11\/1732285019_Ligue-des-Nations-la-Belgique-en-relegation-face-a.jpg\",\"contentUrl\":\"https:\/\/vieassociative.be\/actualites\/wp-content\/uploads\/2024\/11\/1732285019_Ligue-des-Nations-la-Belgique-en-relegation-face-a.jpg\",\"width\":1200,\"height\":843,\"caption\":\"Ligue des Nations : la Belgique en rel\u00e9gation face \u00e0 l'Ukraine\"},{\"@type\":\"BreadcrumbList\",\"@id\":\"https:\/\/vieassociative.be\/actualites\/ligue-des-nations-la-belgique-en-relegation-face-a-lukraine\/#breadcrumb\",\"itemListElement\":[{\"@type\":\"ListItem\",\"position\":1,\"name\":\"Accueil\",\"item\":\"https:\/\/vieassociative.be\/actualites\/\"},{\"@type\":\"ListItem\",\"position\":2,\"name\":\"Ligue des Nations : la Belgique en rel\u00e9gation face \u00e0 l&rsquo;Ukraine\"}]},{\"@type\":\"WebSite\",\"@id\":\"https:\/\/vieassociative.be\/actualites\/#website\",\"url\":\"https:\/\/vieassociative.be\/actualites\/\",\"name\":\"Vie Associative\",\"description\":\"\",\"publisher\":{\"@id\":\"https:\/\/vieassociative.be\/actualites\/#organization\"},\"potentialAction\":[{\"@type\":\"SearchAction\",\"target\":{\"@type\":\"EntryPoint\",\"urlTemplate\":\"https:\/\/vieassociative.be\/actualites\/?s={search_term_string}\"},\"query-input\":{\"@type\":\"PropertyValueSpecification\",\"valueRequired\":true,\"valueName\":\"search_term_string\"}}],\"inLanguage\":\"fr-BE\"},{\"@type\":\"Organization\",\"@id\":\"https:\/\/vieassociative.be\/actualites\/#organization\",\"name\":\"Vie Associative\",\"url\":\"https:\/\/vieassociative.be\/actualites\/\",\"logo\":{\"@type\":\"ImageObject\",\"inLanguage\":\"fr-BE\",\"@id\":\"https:\/\/vieassociative.be\/actualites\/#\/schema\/logo\/image\/\",\"url\":\"https:\/\/vieassociative.be\/actualites\/wp-content\/uploads\/2024\/09\/cropped-vieassociative_favicon.ico.png\",\"contentUrl\":\"https:\/\/vieassociative.be\/actualites\/wp-content\/uploads\/2024\/09\/cropped-vieassociative_favicon.ico.png\",\"width\":512,\"height\":512,\"caption\":\"Vie Associative\"},\"image\":{\"@id\":\"https:\/\/vieassociative.be\/actualites\/#\/schema\/logo\/image\/\"}},{\"@type\":\"Person\",\"@id\":\"https:\/\/vieassociative.be\/actualites\/#\/schema\/person\/b87ac4f82f9d4e7b7cec7395b679edc4\",\"name\":\"Julien\",\"image\":{\"@type\":\"ImageObject\",\"inLanguage\":\"fr-BE\",\"@id\":\"https:\/\/vieassociative.be\/actualites\/#\/schema\/person\/image\/\",\"url\":\"https:\/\/vieassociative.be\/actualites\/wp-content\/uploads\/2024\/09\/vie-associative-1-150x150.jpg\",\"contentUrl\":\"https:\/\/vieassociative.be\/actualites\/wp-content\/uploads\/2024\/09\/vie-associative-1-150x150.jpg\",\"caption\":\"Julien\"},\"description\":\"Je suis Julien, r\u00e9dacteur pour Vie Associative. Passionn\u00e9 par le monde associatif depuis plus de 10 ans, j'ai \u00e0 c\u0153ur de partager des histoires inspirantes et de mettre en lumi\u00e8re les initiatives locales. Mon objectif est de sensibiliser et d'encourager l'engagement communautaire \u00e0 travers mes articles.\",\"sameAs\":[\"https:\/\/vieassociative.be\/\"]}]}<\/script>\n<!-- \/ Yoast SEO plugin. -->","yoast_head_json":{"title":"Ligue des Nations : la Belgique en rel\u00e9gation face \u00e0 l'Ukraine | Vie Associative","robots":{"index":"index","follow":"follow","max-snippet":"max-snippet:-1","max-image-preview":"max-image-preview:large","max-video-preview":"max-video-preview:-1"},"canonical":"https:\/\/vieassociative.be\/actualites\/ligue-des-nations-la-belgique-en-relegation-face-a-lukraine\/","og_locale":"fr_FR","og_type":"article","og_title":"Ligue des Nations : la Belgique en rel\u00e9gation face \u00e0 l'Ukraine | Vie Associative","og_description":"Troisi\u00e8me du groupe avec un bilan lamentable de 4 points sur 18, la Belgique doit disputer les barrages de promotion\/rel\u00e9gation des ligues A et B","og_url":"https:\/\/vieassociative.be\/actualites\/ligue-des-nations-la-belgique-en-relegation-face-a-lukraine\/","og_site_name":"Vie Associative","article_published_time":"2024-11-22T14:16:59+00:00","og_image":[{"url":"https:\/\/vieassociative.be\/actualites\/wp-content\/uploads\/2024\/11\/Ligue-des-Nations-la-Belgique-en-relegation-face-a.jpg","type":"","width":"","height":""}],"author":"Julien","twitter_card":"summary_large_image","twitter_misc":{"\u00c9crit par":"Julien","Dur\u00e9e de lecture est.":"2 minutes"},"schema":{"@context":"https:\/\/schema.org","@graph":[{"@type":"Article","@id":"https:\/\/vieassociative.be\/actualites\/ligue-des-nations-la-belgique-en-relegation-face-a-lukraine\/#article","isPartOf":{"@id":"https:\/\/vieassociative.be\/actualites\/ligue-des-nations-la-belgique-en-relegation-face-a-lukraine\/"},"author":{"name":"Julien","@id":"https:\/\/vieassociative.be\/actualites\/#\/schema\/person\/b87ac4f82f9d4e7b7cec7395b679edc4"},"headline":"Ligue des Nations : la Belgique en rel\u00e9gation face \u00e0 l&rsquo;Ukraine","datePublished":"2024-11-22T14:16:59+00:00","dateModified":"2024-11-22T14:16:59+00:00","mainEntityOfPage":{"@id":"https:\/\/vieassociative.be\/actualites\/ligue-des-nations-la-belgique-en-relegation-face-a-lukraine\/"},"wordCount":461,"publisher":{"@id":"https:\/\/vieassociative.be\/actualites\/#organization"},"image":{"@id":"https:\/\/vieassociative.be\/actualites\/ligue-des-nations-la-belgique-en-relegation-face-a-lukraine\/#primaryimage"},"thumbnailUrl":"https:\/\/vieassociative.be\/actualites\/wp-content\/uploads\/2024\/11\/1732285019_Ligue-des-Nations-la-Belgique-en-relegation-face-a.jpg","keywords":["Belgique","Des","face","Ligue","lUkraine","Nations","rel\u00e9gation"],"articleSection":["Belgique"],"inLanguage":"fr-BE"},{"@type":"WebPage","@id":"https:\/\/vieassociative.be\/actualites\/ligue-des-nations-la-belgique-en-relegation-face-a-lukraine\/","url":"https:\/\/vieassociative.be\/actualites\/ligue-des-nations-la-belgique-en-relegation-face-a-lukraine\/","name":"Ligue des Nations : la Belgique en rel\u00e9gation face \u00e0 l'Ukraine | Vie Associative","isPartOf":{"@id":"https:\/\/vieassociative.be\/actualites\/#website"},"primaryImageOfPage":{"@id":"https:\/\/vieassociative.be\/actualites\/ligue-des-nations-la-belgique-en-relegation-face-a-lukraine\/#primaryimage"},"image":{"@id":"https:\/\/vieassociative.be\/actualites\/ligue-des-nations-la-belgique-en-relegation-face-a-lukraine\/#primaryimage"},"thumbnailUrl":"https:\/\/vieassociative.be\/actualites\/wp-content\/uploads\/2024\/11\/1732285019_Ligue-des-Nations-la-Belgique-en-relegation-face-a.jpg","datePublished":"2024-11-22T14:16:59+00:00","dateModified":"2024-11-22T14:16:59+00:00","breadcrumb":{"@id":"https:\/\/vieassociative.be\/actualites\/ligue-des-nations-la-belgique-en-relegation-face-a-lukraine\/#breadcrumb"},"inLanguage":"fr-BE","potentialAction":[{"@type":"ReadAction","target":["https:\/\/vieassociative.be\/actualites\/ligue-des-nations-la-belgique-en-relegation-face-a-lukraine\/"]}]},{"@type":"ImageObject","inLanguage":"fr-BE","@id":"https:\/\/vieassociative.be\/actualites\/ligue-des-nations-la-belgique-en-relegation-face-a-lukraine\/#primaryimage","url":"https:\/\/vieassociative.be\/actualites\/wp-content\/uploads\/2024\/11\/1732285019_Ligue-des-Nations-la-Belgique-en-relegation-face-a.jpg","contentUrl":"https:\/\/vieassociative.be\/actualites\/wp-content\/uploads\/2024\/11\/1732285019_Ligue-des-Nations-la-Belgique-en-relegation-face-a.jpg","width":1200,"height":843,"caption":"Ligue des Nations : la Belgique en rel\u00e9gation face \u00e0 l'Ukraine"},{"@type":"BreadcrumbList","@id":"https:\/\/vieassociative.be\/actualites\/ligue-des-nations-la-belgique-en-relegation-face-a-lukraine\/#breadcrumb","itemListElement":[{"@type":"ListItem","position":1,"name":"Accueil","item":"https:\/\/vieassociative.be\/actualites\/"},{"@type":"ListItem","position":2,"name":"Ligue des Nations : la Belgique en rel\u00e9gation face \u00e0 l&rsquo;Ukraine"}]},{"@type":"WebSite","@id":"https:\/\/vieassociative.be\/actualites\/#website","url":"https:\/\/vieassociative.be\/actualites\/","name":"Vie Associative","description":"","publisher":{"@id":"https:\/\/vieassociative.be\/actualites\/#organization"},"potentialAction":[{"@type":"SearchAction","target":{"@type":"EntryPoint","urlTemplate":"https:\/\/vieassociative.be\/actualites\/?s={search_term_string}"},"query-input":{"@type":"PropertyValueSpecification","valueRequired":true,"valueName":"search_term_string"}}],"inLanguage":"fr-BE"},{"@type":"Organization","@id":"https:\/\/vieassociative.be\/actualites\/#organization","name":"Vie Associative","url":"https:\/\/vieassociative.be\/actualites\/","logo":{"@type":"ImageObject","inLanguage":"fr-BE","@id":"https:\/\/vieassociative.be\/actualites\/#\/schema\/logo\/image\/","url":"https:\/\/vieassociative.be\/actualites\/wp-content\/uploads\/2024\/09\/cropped-vieassociative_favicon.ico.png","contentUrl":"https:\/\/vieassociative.be\/actualites\/wp-content\/uploads\/2024\/09\/cropped-vieassociative_favicon.ico.png","width":512,"height":512,"caption":"Vie Associative"},"image":{"@id":"https:\/\/vieassociative.be\/actualites\/#\/schema\/logo\/image\/"}},{"@type":"Person","@id":"https:\/\/vieassociative.be\/actualites\/#\/schema\/person\/b87ac4f82f9d4e7b7cec7395b679edc4","name":"Julien","image":{"@type":"ImageObject","inLanguage":"fr-BE","@id":"https:\/\/vieassociative.be\/actualites\/#\/schema\/person\/image\/","url":"https:\/\/vieassociative.be\/actualites\/wp-content\/uploads\/2024\/09\/vie-associative-1-150x150.jpg","contentUrl":"https:\/\/vieassociative.be\/actualites\/wp-content\/uploads\/2024\/09\/vie-associative-1-150x150.jpg","caption":"Julien"},"description":"Je suis Julien, r\u00e9dacteur pour Vie Associative. Passionn\u00e9 par le monde associatif depuis plus de 10 ans, j'ai \u00e0 c\u0153ur de partager des histoires inspirantes et de mettre en lumi\u00e8re les initiatives locales. Mon objectif est de sensibiliser et d'encourager l'engagement communautaire \u00e0 travers mes articles.","sameAs":["https:\/\/vieassociative.be\/"]}]}},"_links":{"self":[{"href":"https:\/\/vieassociative.be\/actualites\/wp-json\/wp\/v2\/posts\/2670"}],"collection":[{"href":"https:\/\/vieassociative.be\/actualites\/wp-json\/wp\/v2\/posts"}],"about":[{"href":"https:\/\/vieassociative.be\/actualites\/wp-json\/wp\/v2\/types\/post"}],"author":[{"embeddable":true,"href":"https:\/\/vieassociative.be\/actualites\/wp-json\/wp\/v2\/users\/1"}],"replies":[{"embeddable":true,"href":"https:\/\/vieassociative.be\/actualites\/wp-json\/wp\/v2\/comments?post=2670"}],"version-history":[{"count":0,"href":"https:\/\/vieassociative.be\/actualites\/wp-json\/wp\/v2\/posts\/2670\/revisions"}],"wp:featuredmedia":[{"embeddable":true,"href":"https:\/\/vieassociative.be\/actualites\/wp-json\/wp\/v2\/media\/2671"}],"wp:attachment":[{"href":"https:\/\/vieassociative.be\/actualites\/wp-json\/wp\/v2\/media?parent=2670"}],"wp:term":[{"taxonomy":"category","embeddable":true,"href":"https:\/\/vieassociative.be\/actualites\/wp-json\/wp\/v2\/categories?post=2670"},{"taxonomy":"post_tag","embeddable":true,"href":"https:\/\/vieassociative.be\/actualites\/wp-json\/wp\/v2\/tags?post=2670"}],"curies":[{"name":"wp","href":"https:\/\/api.w.org\/{rel}","templated":true}]}}