{"id":267,"date":"2024-09-21T17:35:50","date_gmt":"2024-09-21T15:35:50","guid":{"rendered":"https:\/\/vieassociative.be\/actualites\/zwischenstopp-a-laeroport-ici-nous-connaissons-la-periode-de-lannee\/"},"modified":"2024-09-21T17:35:50","modified_gmt":"2024-09-21T15:35:50","slug":"zwischenstopp-a-laeroport-ici-nous-connaissons-la-periode-de-lannee","status":"publish","type":"post","link":"https:\/\/vieassociative.be\/actualites\/zwischenstopp-a-laeroport-ici-nous-connaissons-la-periode-de-lannee\/","title":{"rendered":"Zwischenstopp \u00e0 l&rsquo;a\u00e9roport? Ici nous connaissons la p\u00e9riode de l&rsquo;ann\u00e9e"},"content":{"rendered":"<p><\/p>\n<p class=\"font-sans font-medium\">  Les moineaux flugreisende sont souvent umsteigen. Les arr\u00eats de la Manche sont disponibles pour les minitrips et. Dans ces villes, il y a un arr\u00eat dans le centre-ville.<\/p>\n<aside class=\"h-ad-280+text lg:h-0 \" data-slot-id=\"pos1_sm\" data-breakpoint=\"sm\" data-hide-ad-text=\"false\" data-module-id=\"SparkAdSlotModule\"><\/aside>\n<p>Le Beliebteste Buchungszeit a commenc\u00e9. Anfang Januar planviele Menschen ihren <strong>Sommerurlaub<\/strong>. Si vous \u00eates heureux en Allemagne, regardez les gens, c&rsquo;\u00e9tait le meilleur et le meilleur que vous ayez \u00e9t\u00e9 depuis.<\/p>\n<p>Manchmal bols Touristes pour un <strong>Zwischenstopp<\/strong> ni\u00e8ce ici, weil es keinen Direktflug gibt. Le prix du billet pour les correspondances locales \u00e9tant plus avantageux que celui des vols sans escale, cela signifie une double escale. Tout ceci \u00e9tant dit, c&rsquo;est un long voyage \u00e0 l&rsquo;a\u00e9roport apr\u00e8s l&rsquo;arriv\u00e9e du lendemain ; qui est dans la grippe d\u00e9pend du temps.<\/p>\n<div id=\"piano-banner-kampagne\" class=\"mb-4 block\"><\/div>\n<div id=\"piano-reco-widget\" class=\"mb-4 block\"><\/div>\n<h3>Eine Zeit der Zeit\u00f6konomie<\/h3>\n<p>Alors il y a une alternative, les a\u00e9roports seront s\u00fbrs et ils pourront profiter de leur temps avec <strong>Ville de ville<\/strong> zu vertreiben. La Voraussetzung est,<\/p>\n<p>Nous utilisons des professionnels du voyage de Portal Expedia vers l\u2019Europe <strong>Drehscheiben<\/strong> Vous pouvez commencer une visite touristique de la ville en 15 \u00e0 20 minutes. L&rsquo;exp\u00e9rience : Quatre a\u00e9roports de m\u00e9tropoles visit\u00e9s depuis \u2013 Amsterdam, Bruxelles, Vienne et Lisbonne.<\/p>\n<p><!-- opinary --><\/p>\n<div class=\"w-full bg-background-100\">\n<div id=\"opinary-automation-placeholder\" class=\"w-full\"><\/div>\n<\/p><\/div>\n<p>Entscheidend ist\u00e4chlich der<strong> Facteur Zeit<\/strong>. Denn : La zone de transit a-t-elle \u00e9t\u00e9 soulag\u00e9e, sans avoir \u00e0 se soucier du contr\u00f4le de s\u00e9curit\u00e9 pendant le ski ? \u00ab\u00a0Assurez-vous d&rsquo;\u00eatre satisfait de votre journ\u00e9e, afin d&rsquo;\u00eatre satisfait de votre embarquement \u00e0 la porte d&#8217;embarquement\u00a0\u00bb, a d\u00e9clar\u00e9 Susanne Dopp, conf\u00e9renci\u00e8re d&rsquo;Expedia. De mani\u00e8re g\u00e9n\u00e9rale, sachez que le d\u00e9part de l&rsquo;a\u00e9roport de l&rsquo;UE est \u00ab\u00a0probl\u00e9matique\u00a0\u00bb.<\/p>\n<aside class=\"h-ad-600+text lg:h-0 \" data-slot-id=\"pos2_sm\" data-breakpoint=\"sm\" data-hide-ad-text=\"false\" data-module-id=\"SparkAdSlotModule\"><\/aside>\n<h3>Lisbonne<\/h3>\n<p>Les a\u00e9roports sont bien reli\u00e9s au r\u00e9seau de m\u00e9tro. Dennoch Dauert est <strong>20 minutes<\/strong> bis dans cette Ville. L&rsquo;a\u00e9roport de la principale ville du Portugal constitue une escale id\u00e9ale pour les vacanciers qui voyagent vers l&rsquo;Am\u00e9rique du Sud et l&rsquo;Afrique ou qui se rendent \u00e0 Blumeninsel, \u00e0 Mad\u00e8re ou aux A\u00e7ores.<\/p>\n<p>Mit der roten Linie, der Linha Vermelha, gehts in die Innenstadt. Steigt man an der Haltestelle Alameda in die gr\u00fcne Linie (Linha Verde) Direction Cais do Sodr\u00e9 et prendre le m\u00e9tro directement jusqu&rsquo;\u00e0 Martim-Moniz-Platz, o\u00f9 nous mourrons. <strong>ligne de tramway historique<\/strong> \u00ab Electrico 28 \u00bb d\u00e9marre \u2013 un voyage plus tranquille.<\/p>\n<p>L&rsquo;itin\u00e9raire de la route traverse les rues \u00e9troites de l&rsquo;Altstadt \u00e0 travers le pays <strong>exp\u00e9riences touristiques<\/strong> bis hoch zum Castelo de S\u00e3o Jorge auf dem h\u00f6chsten Berg Lisbonnes. Un circuit id\u00e9al pour un voyage plus agr\u00e9able. Un ticket de 24 heures pour le m\u00e9tro, le bus et la route co\u00fbte 6,60 euros. <\/p>\n<h3>Bruxelles<\/h3>\n<p>Dans <strong>17 minutes<\/strong> apportez vos jours de semaine et vos vacances en famille avec votre destination de voyage pour les a\u00e9roports de la gare centrale de Bruxelles. Depuis, nous avons pass\u00e9 quelques minutes sur la Grand Place. Un aller simple et aller-retour pour l&rsquo;a\u00e9roport co\u00fbte 20,60 euros. La principale ville belge et si\u00e8ge de la Commission europ\u00e9enne est une \u00e9tape locale du trafic a\u00e9rien.<\/p>\n<p><!-- Taboola Container --><\/p>\n<aside class=\" w-full\" data-module-id=\"TaboolaContainerModule\" data-container-id=\"taboola-article-mid-article\" data-mode=\"thumbnails-a\" data-target-type=\"mix\" data-is-mid-article=\"true\" data-variant=\"mid-article\" data-gallery-number=\"undefined\">\n<div id=\"taboola-article-mid-article\"><\/div>\n<\/aside>\n<p>Autour de la place centrale, vous pouvez les voir joliment d\u00e9cor\u00e9s<strong> Fassaden der Barockh\u00e4user<\/strong>. Vous pouvez les charger dans Bummel une seule fois. L&rsquo;homme peut en m\u00eame temps s&rsquo;amuser et d\u00e9guster ces friandises fra\u00eeches belges ou ces friandises typiques au chocolat.<\/p>\n<h3>Vienne<\/h3>\n<p>La connexion la plus rapide de l&rsquo;a\u00e9roport de Vienne \u00e0 proximit\u00e9 <strong>16 Minutes. <\/strong>L\u2019homme ne prend jamais le City Airport Train (CAT). Avec leurs destinations touristiques sans aucun arr\u00eat de circulation depuis Wien-Mitte.<\/p>\n<p>De l\u00e0, vous pourrez profiter de votre temps ensemble <strong>Spaziergang dans le Stadtpark<\/strong> ou une visite aux mus\u00e9es d&rsquo;art ancien. Les deux sont fu\u00dfl\u00e4ufig erreichbar. Le trafic CAT dure 30 minutes. Un billet Hin- und R\u00fcckfahr co\u00fbte 24,90 euros. <\/p>\n<p>Qui est \u00e9galement travailleur ind\u00e9pendant pour voyager, qui vit en Croatie, au Mont\u00e9n\u00e9gro ou en Albanie <strong>Urlaub<\/strong> machen \u00e9taient autoris\u00e9s. Les a\u00e9roports de Dubrovnik, Podgorica et Tirana \u00e9taient tous directement enregistr\u00e9s \u00e0 Vienne. Si nous sommes dans la Hauptstadt slovaque de Bratislava, nous nous envolerons vers la Hauptstadt autrichienne.<\/p>\n<aside class=\"h-ad-280+text lg:h-0 \" data-slot-id=\"pos3_sm\" data-breakpoint=\"sm\" data-hide-ad-text=\"false\" data-module-id=\"SparkAdSlotModule\"><\/aside>\n<h3>Amsterdam<\/h3>\n<p>Tr\u00e8s rapide, au rythme rapide <strong>14 \u00e0 17 minutes<\/strong>r\u00e9gion du Transfer \u00e0 Amsterdam, le haut lieu touristique des Pays-Bas. La gare centrale d&rsquo;Amsterdam est un endroit id\u00e9al \u00e0 visiter pour une visite de la ville ou pour visiter les mus\u00e9es Van Gogh ou les Rijksmuseums. Si vous avez plus de temps, vous pouvez faire un merveilleux tour de d\u00e9marrage. Un billet \u00e9lectronique pour Hin- und R\u00fcckfahrt dans l&rsquo;Innenstadt co\u00fbte 9,80 euros.<\/p>\n<p>Plus qu&rsquo;\u00e0 Lisbonne, Bruxelles et Vienne, si vous s\u00e9journez \u00e0 l&rsquo;a\u00e9roport de Schiphol, vous pourrez continuer \u00e0 en profiter. Erstens, le Flughafengeb\u00e4ude est lui-m\u00eame un magnifique Hingucker architectural. Il y a aussi une zone commer\u00e7ante, un casino, des spas et des restaurants. Sogar c&rsquo;est <strong>Mus\u00e9e du Rijksmuseum<\/strong> voici une D\u00e9pendance.<\/p>\n<p>Peu d&rsquo;a\u00e9roports en Europe sont aussi faciles \u00e0 naviguer, ce qui vous permet de vous y rendre entre deux vols. Schiphol est une exp\u00e9rience et tout <strong>71,1 millions de vols<\/strong> depuis des ann\u00e9es et 350 \u00e2mes angeflogenes du plus grand Flugh\u00e4fen Europas.<\/p>\n<p><strong>Cela pourrait \u00eatre int\u00e9ressant<\/strong>: NASA sur la piste : Weltraumbeh\u00f6rde f\u00fchrt nouveau Concorde vor<\/p>\n<aside class=\"h-ad-280+text lg:h-0 \" data-slot-id=\"pos4_sm\" data-breakpoint=\"sm\" data-hide-ad-text=\"false\" data-module-id=\"SparkAdSlotModule\"><\/aside>\n","protected":false},"excerpt":{"rendered":"<p>Les moineaux flugreisende sont souvent umsteigen. Les arr\u00eats de la Manche sont disponibles pour les minitrips et. Dans ces villes, il y a un arr\u00eat<\/p>\n","protected":false},"author":1,"featured_media":255,"comment_status":"closed","ping_status":"","sticky":false,"template":"","format":"standard","meta":{"footnotes":""},"categories":[298],"tags":[394,392,391,396,393,395,390],"class_list":["post-267","post","type-post","status-publish","format-standard","has-post-thumbnail","hentry","category-belgique","tag-connaissons","tag-ici","tag-laeroport","tag-lannee","tag-nous","tag-periode","tag-zwischenstopp","generate-columns","tablet-grid-50","mobile-grid-100","grid-parent","grid-33"],"yoast_head":"<!-- This site is optimized with the Yoast SEO plugin v24.0 - https:\/\/yoast.com\/wordpress\/plugins\/seo\/ -->\n<title>Zwischenstopp \u00e0 l&#039;a\u00e9roport? Ici nous connaissons la p\u00e9riode de l&#039;ann\u00e9e | Vie Associative<\/title>\n<meta name=\"robots\" content=\"index, follow, max-snippet:-1, max-image-preview:large, max-video-preview:-1\" \/>\n<link rel=\"canonical\" href=\"https:\/\/vieassociative.be\/actualites\/zwischenstopp-a-laeroport-ici-nous-connaissons-la-periode-de-lannee\/\" \/>\n<meta property=\"og:locale\" content=\"fr_FR\" \/>\n<meta property=\"og:type\" content=\"article\" \/>\n<meta property=\"og:title\" content=\"Zwischenstopp \u00e0 l&#039;a\u00e9roport? Ici nous connaissons la p\u00e9riode de l&#039;ann\u00e9e | Vie Associative\" \/>\n<meta property=\"og:description\" content=\"Les moineaux flugreisende sont souvent umsteigen. Les arr\u00eats de la Manche sont disponibles pour les minitrips et. Dans ces villes, il y a un arr\u00eat\" \/>\n<meta property=\"og:url\" content=\"https:\/\/vieassociative.be\/actualites\/zwischenstopp-a-laeroport-ici-nous-connaissons-la-periode-de-lannee\/\" \/>\n<meta property=\"og:site_name\" content=\"Vie Associative\" \/>\n<meta property=\"article:published_time\" content=\"2024-09-21T15:35:50+00:00\" \/>\n<meta property=\"og:image\" content=\"https:\/\/vieassociative.be\/actualites\/wp-content\/uploads\/2024\/09\/1726932841_Zwischenstopp-a-laeroport-Ici-nous-connaissons-la-periode-de-lannee.jpeg\" \/>\n\t<meta property=\"og:image:width\" content=\"1600\" \/>\n\t<meta property=\"og:image:height\" content=\"900\" \/>\n\t<meta property=\"og:image:type\" content=\"image\/jpeg\" \/>\n<meta name=\"author\" content=\"Julien\" \/>\n<meta name=\"twitter:card\" content=\"summary_large_image\" \/>\n<meta name=\"twitter:label1\" content=\"\u00c9crit par\" \/>\n\t<meta name=\"twitter:data1\" content=\"Julien\" \/>\n\t<meta name=\"twitter:label2\" content=\"Dur\u00e9e de lecture est.\" \/>\n\t<meta name=\"twitter:data2\" content=\"4 minutes\" \/>\n<script type=\"application\/ld+json\" class=\"yoast-schema-graph\">{\"@context\":\"https:\/\/schema.org\",\"@graph\":[{\"@type\":\"Article\",\"@id\":\"https:\/\/vieassociative.be\/actualites\/zwischenstopp-a-laeroport-ici-nous-connaissons-la-periode-de-lannee\/#article\",\"isPartOf\":{\"@id\":\"https:\/\/vieassociative.be\/actualites\/zwischenstopp-a-laeroport-ici-nous-connaissons-la-periode-de-lannee\/\"},\"author\":{\"name\":\"Julien\",\"@id\":\"https:\/\/vieassociative.be\/actualites\/#\/schema\/person\/b87ac4f82f9d4e7b7cec7395b679edc4\"},\"headline\":\"Zwischenstopp \u00e0 l&rsquo;a\u00e9roport? Ici nous connaissons la p\u00e9riode de l&rsquo;ann\u00e9e\",\"datePublished\":\"2024-09-21T15:35:50+00:00\",\"dateModified\":\"2024-09-21T15:35:50+00:00\",\"mainEntityOfPage\":{\"@id\":\"https:\/\/vieassociative.be\/actualites\/zwischenstopp-a-laeroport-ici-nous-connaissons-la-periode-de-lannee\/\"},\"wordCount\":906,\"publisher\":{\"@id\":\"https:\/\/vieassociative.be\/actualites\/#organization\"},\"image\":{\"@id\":\"https:\/\/vieassociative.be\/actualites\/zwischenstopp-a-laeroport-ici-nous-connaissons-la-periode-de-lannee\/#primaryimage\"},\"thumbnailUrl\":\"https:\/\/vieassociative.be\/actualites\/wp-content\/uploads\/2024\/09\/1726932841_Zwischenstopp-a-laeroport-Ici-nous-connaissons-la-periode-de-lannee.jpeg\",\"keywords\":[\"connaissons\",\"Ici\",\"la\u00e9roport\",\"lann\u00e9e\",\"nous\",\"p\u00e9riode\",\"Zwischenstopp\"],\"articleSection\":[\"Belgique\"],\"inLanguage\":\"fr-BE\"},{\"@type\":\"WebPage\",\"@id\":\"https:\/\/vieassociative.be\/actualites\/zwischenstopp-a-laeroport-ici-nous-connaissons-la-periode-de-lannee\/\",\"url\":\"https:\/\/vieassociative.be\/actualites\/zwischenstopp-a-laeroport-ici-nous-connaissons-la-periode-de-lannee\/\",\"name\":\"Zwischenstopp \u00e0 l'a\u00e9roport? Ici nous connaissons la p\u00e9riode de l'ann\u00e9e | Vie Associative\",\"isPartOf\":{\"@id\":\"https:\/\/vieassociative.be\/actualites\/#website\"},\"primaryImageOfPage\":{\"@id\":\"https:\/\/vieassociative.be\/actualites\/zwischenstopp-a-laeroport-ici-nous-connaissons-la-periode-de-lannee\/#primaryimage\"},\"image\":{\"@id\":\"https:\/\/vieassociative.be\/actualites\/zwischenstopp-a-laeroport-ici-nous-connaissons-la-periode-de-lannee\/#primaryimage\"},\"thumbnailUrl\":\"https:\/\/vieassociative.be\/actualites\/wp-content\/uploads\/2024\/09\/1726932841_Zwischenstopp-a-laeroport-Ici-nous-connaissons-la-periode-de-lannee.jpeg\",\"datePublished\":\"2024-09-21T15:35:50+00:00\",\"dateModified\":\"2024-09-21T15:35:50+00:00\",\"breadcrumb\":{\"@id\":\"https:\/\/vieassociative.be\/actualites\/zwischenstopp-a-laeroport-ici-nous-connaissons-la-periode-de-lannee\/#breadcrumb\"},\"inLanguage\":\"fr-BE\",\"potentialAction\":[{\"@type\":\"ReadAction\",\"target\":[\"https:\/\/vieassociative.be\/actualites\/zwischenstopp-a-laeroport-ici-nous-connaissons-la-periode-de-lannee\/\"]}]},{\"@type\":\"ImageObject\",\"inLanguage\":\"fr-BE\",\"@id\":\"https:\/\/vieassociative.be\/actualites\/zwischenstopp-a-laeroport-ici-nous-connaissons-la-periode-de-lannee\/#primaryimage\",\"url\":\"https:\/\/vieassociative.be\/actualites\/wp-content\/uploads\/2024\/09\/1726932841_Zwischenstopp-a-laeroport-Ici-nous-connaissons-la-periode-de-lannee.jpeg\",\"contentUrl\":\"https:\/\/vieassociative.be\/actualites\/wp-content\/uploads\/2024\/09\/1726932841_Zwischenstopp-a-laeroport-Ici-nous-connaissons-la-periode-de-lannee.jpeg\",\"width\":1600,\"height\":900,\"caption\":\"Zwischenstopp \u00e0 l'a\u00e9roport? Ici nous connaissons la p\u00e9riode de l'ann\u00e9e\"},{\"@type\":\"BreadcrumbList\",\"@id\":\"https:\/\/vieassociative.be\/actualites\/zwischenstopp-a-laeroport-ici-nous-connaissons-la-periode-de-lannee\/#breadcrumb\",\"itemListElement\":[{\"@type\":\"ListItem\",\"position\":1,\"name\":\"Accueil\",\"item\":\"https:\/\/vieassociative.be\/actualites\/\"},{\"@type\":\"ListItem\",\"position\":2,\"name\":\"Zwischenstopp \u00e0 l&rsquo;a\u00e9roport? Ici nous connaissons la p\u00e9riode de l&rsquo;ann\u00e9e\"}]},{\"@type\":\"WebSite\",\"@id\":\"https:\/\/vieassociative.be\/actualites\/#website\",\"url\":\"https:\/\/vieassociative.be\/actualites\/\",\"name\":\"Vie Associative\",\"description\":\"\",\"publisher\":{\"@id\":\"https:\/\/vieassociative.be\/actualites\/#organization\"},\"potentialAction\":[{\"@type\":\"SearchAction\",\"target\":{\"@type\":\"EntryPoint\",\"urlTemplate\":\"https:\/\/vieassociative.be\/actualites\/?s={search_term_string}\"},\"query-input\":{\"@type\":\"PropertyValueSpecification\",\"valueRequired\":true,\"valueName\":\"search_term_string\"}}],\"inLanguage\":\"fr-BE\"},{\"@type\":\"Organization\",\"@id\":\"https:\/\/vieassociative.be\/actualites\/#organization\",\"name\":\"Vie Associative\",\"url\":\"https:\/\/vieassociative.be\/actualites\/\",\"logo\":{\"@type\":\"ImageObject\",\"inLanguage\":\"fr-BE\",\"@id\":\"https:\/\/vieassociative.be\/actualites\/#\/schema\/logo\/image\/\",\"url\":\"https:\/\/vieassociative.be\/actualites\/wp-content\/uploads\/2024\/09\/cropped-vieassociative_favicon.ico.png\",\"contentUrl\":\"https:\/\/vieassociative.be\/actualites\/wp-content\/uploads\/2024\/09\/cropped-vieassociative_favicon.ico.png\",\"width\":512,\"height\":512,\"caption\":\"Vie Associative\"},\"image\":{\"@id\":\"https:\/\/vieassociative.be\/actualites\/#\/schema\/logo\/image\/\"}},{\"@type\":\"Person\",\"@id\":\"https:\/\/vieassociative.be\/actualites\/#\/schema\/person\/b87ac4f82f9d4e7b7cec7395b679edc4\",\"name\":\"Julien\",\"image\":{\"@type\":\"ImageObject\",\"inLanguage\":\"fr-BE\",\"@id\":\"https:\/\/vieassociative.be\/actualites\/#\/schema\/person\/image\/\",\"url\":\"https:\/\/vieassociative.be\/actualites\/wp-content\/uploads\/2024\/09\/vie-associative-1-150x150.jpg\",\"contentUrl\":\"https:\/\/vieassociative.be\/actualites\/wp-content\/uploads\/2024\/09\/vie-associative-1-150x150.jpg\",\"caption\":\"Julien\"},\"description\":\"Je suis Julien, r\u00e9dacteur pour Vie Associative. Passionn\u00e9 par le monde associatif depuis plus de 10 ans, j'ai \u00e0 c\u0153ur de partager des histoires inspirantes et de mettre en lumi\u00e8re les initiatives locales. Mon objectif est de sensibiliser et d'encourager l'engagement communautaire \u00e0 travers mes articles.\",\"sameAs\":[\"https:\/\/vieassociative.be\/\"]}]}<\/script>\n<!-- \/ Yoast SEO plugin. -->","yoast_head_json":{"title":"Zwischenstopp \u00e0 l'a\u00e9roport? Ici nous connaissons la p\u00e9riode de l'ann\u00e9e | Vie Associative","robots":{"index":"index","follow":"follow","max-snippet":"max-snippet:-1","max-image-preview":"max-image-preview:large","max-video-preview":"max-video-preview:-1"},"canonical":"https:\/\/vieassociative.be\/actualites\/zwischenstopp-a-laeroport-ici-nous-connaissons-la-periode-de-lannee\/","og_locale":"fr_FR","og_type":"article","og_title":"Zwischenstopp \u00e0 l'a\u00e9roport? Ici nous connaissons la p\u00e9riode de l'ann\u00e9e | Vie Associative","og_description":"Les moineaux flugreisende sont souvent umsteigen. Les arr\u00eats de la Manche sont disponibles pour les minitrips et. Dans ces villes, il y a un arr\u00eat","og_url":"https:\/\/vieassociative.be\/actualites\/zwischenstopp-a-laeroport-ici-nous-connaissons-la-periode-de-lannee\/","og_site_name":"Vie Associative","article_published_time":"2024-09-21T15:35:50+00:00","og_image":[{"width":1600,"height":900,"url":"https:\/\/vieassociative.be\/actualites\/wp-content\/uploads\/2024\/09\/1726932841_Zwischenstopp-a-laeroport-Ici-nous-connaissons-la-periode-de-lannee.jpeg","type":"image\/jpeg"}],"author":"Julien","twitter_card":"summary_large_image","twitter_misc":{"\u00c9crit par":"Julien","Dur\u00e9e de lecture est.":"4 minutes"},"schema":{"@context":"https:\/\/schema.org","@graph":[{"@type":"Article","@id":"https:\/\/vieassociative.be\/actualites\/zwischenstopp-a-laeroport-ici-nous-connaissons-la-periode-de-lannee\/#article","isPartOf":{"@id":"https:\/\/vieassociative.be\/actualites\/zwischenstopp-a-laeroport-ici-nous-connaissons-la-periode-de-lannee\/"},"author":{"name":"Julien","@id":"https:\/\/vieassociative.be\/actualites\/#\/schema\/person\/b87ac4f82f9d4e7b7cec7395b679edc4"},"headline":"Zwischenstopp \u00e0 l&rsquo;a\u00e9roport? Ici nous connaissons la p\u00e9riode de l&rsquo;ann\u00e9e","datePublished":"2024-09-21T15:35:50+00:00","dateModified":"2024-09-21T15:35:50+00:00","mainEntityOfPage":{"@id":"https:\/\/vieassociative.be\/actualites\/zwischenstopp-a-laeroport-ici-nous-connaissons-la-periode-de-lannee\/"},"wordCount":906,"publisher":{"@id":"https:\/\/vieassociative.be\/actualites\/#organization"},"image":{"@id":"https:\/\/vieassociative.be\/actualites\/zwischenstopp-a-laeroport-ici-nous-connaissons-la-periode-de-lannee\/#primaryimage"},"thumbnailUrl":"https:\/\/vieassociative.be\/actualites\/wp-content\/uploads\/2024\/09\/1726932841_Zwischenstopp-a-laeroport-Ici-nous-connaissons-la-periode-de-lannee.jpeg","keywords":["connaissons","Ici","la\u00e9roport","lann\u00e9e","nous","p\u00e9riode","Zwischenstopp"],"articleSection":["Belgique"],"inLanguage":"fr-BE"},{"@type":"WebPage","@id":"https:\/\/vieassociative.be\/actualites\/zwischenstopp-a-laeroport-ici-nous-connaissons-la-periode-de-lannee\/","url":"https:\/\/vieassociative.be\/actualites\/zwischenstopp-a-laeroport-ici-nous-connaissons-la-periode-de-lannee\/","name":"Zwischenstopp \u00e0 l'a\u00e9roport? Ici nous connaissons la p\u00e9riode de l'ann\u00e9e | Vie Associative","isPartOf":{"@id":"https:\/\/vieassociative.be\/actualites\/#website"},"primaryImageOfPage":{"@id":"https:\/\/vieassociative.be\/actualites\/zwischenstopp-a-laeroport-ici-nous-connaissons-la-periode-de-lannee\/#primaryimage"},"image":{"@id":"https:\/\/vieassociative.be\/actualites\/zwischenstopp-a-laeroport-ici-nous-connaissons-la-periode-de-lannee\/#primaryimage"},"thumbnailUrl":"https:\/\/vieassociative.be\/actualites\/wp-content\/uploads\/2024\/09\/1726932841_Zwischenstopp-a-laeroport-Ici-nous-connaissons-la-periode-de-lannee.jpeg","datePublished":"2024-09-21T15:35:50+00:00","dateModified":"2024-09-21T15:35:50+00:00","breadcrumb":{"@id":"https:\/\/vieassociative.be\/actualites\/zwischenstopp-a-laeroport-ici-nous-connaissons-la-periode-de-lannee\/#breadcrumb"},"inLanguage":"fr-BE","potentialAction":[{"@type":"ReadAction","target":["https:\/\/vieassociative.be\/actualites\/zwischenstopp-a-laeroport-ici-nous-connaissons-la-periode-de-lannee\/"]}]},{"@type":"ImageObject","inLanguage":"fr-BE","@id":"https:\/\/vieassociative.be\/actualites\/zwischenstopp-a-laeroport-ici-nous-connaissons-la-periode-de-lannee\/#primaryimage","url":"https:\/\/vieassociative.be\/actualites\/wp-content\/uploads\/2024\/09\/1726932841_Zwischenstopp-a-laeroport-Ici-nous-connaissons-la-periode-de-lannee.jpeg","contentUrl":"https:\/\/vieassociative.be\/actualites\/wp-content\/uploads\/2024\/09\/1726932841_Zwischenstopp-a-laeroport-Ici-nous-connaissons-la-periode-de-lannee.jpeg","width":1600,"height":900,"caption":"Zwischenstopp \u00e0 l'a\u00e9roport? Ici nous connaissons la p\u00e9riode de l'ann\u00e9e"},{"@type":"BreadcrumbList","@id":"https:\/\/vieassociative.be\/actualites\/zwischenstopp-a-laeroport-ici-nous-connaissons-la-periode-de-lannee\/#breadcrumb","itemListElement":[{"@type":"ListItem","position":1,"name":"Accueil","item":"https:\/\/vieassociative.be\/actualites\/"},{"@type":"ListItem","position":2,"name":"Zwischenstopp \u00e0 l&rsquo;a\u00e9roport? Ici nous connaissons la p\u00e9riode de l&rsquo;ann\u00e9e"}]},{"@type":"WebSite","@id":"https:\/\/vieassociative.be\/actualites\/#website","url":"https:\/\/vieassociative.be\/actualites\/","name":"Vie Associative","description":"","publisher":{"@id":"https:\/\/vieassociative.be\/actualites\/#organization"},"potentialAction":[{"@type":"SearchAction","target":{"@type":"EntryPoint","urlTemplate":"https:\/\/vieassociative.be\/actualites\/?s={search_term_string}"},"query-input":{"@type":"PropertyValueSpecification","valueRequired":true,"valueName":"search_term_string"}}],"inLanguage":"fr-BE"},{"@type":"Organization","@id":"https:\/\/vieassociative.be\/actualites\/#organization","name":"Vie Associative","url":"https:\/\/vieassociative.be\/actualites\/","logo":{"@type":"ImageObject","inLanguage":"fr-BE","@id":"https:\/\/vieassociative.be\/actualites\/#\/schema\/logo\/image\/","url":"https:\/\/vieassociative.be\/actualites\/wp-content\/uploads\/2024\/09\/cropped-vieassociative_favicon.ico.png","contentUrl":"https:\/\/vieassociative.be\/actualites\/wp-content\/uploads\/2024\/09\/cropped-vieassociative_favicon.ico.png","width":512,"height":512,"caption":"Vie Associative"},"image":{"@id":"https:\/\/vieassociative.be\/actualites\/#\/schema\/logo\/image\/"}},{"@type":"Person","@id":"https:\/\/vieassociative.be\/actualites\/#\/schema\/person\/b87ac4f82f9d4e7b7cec7395b679edc4","name":"Julien","image":{"@type":"ImageObject","inLanguage":"fr-BE","@id":"https:\/\/vieassociative.be\/actualites\/#\/schema\/person\/image\/","url":"https:\/\/vieassociative.be\/actualites\/wp-content\/uploads\/2024\/09\/vie-associative-1-150x150.jpg","contentUrl":"https:\/\/vieassociative.be\/actualites\/wp-content\/uploads\/2024\/09\/vie-associative-1-150x150.jpg","caption":"Julien"},"description":"Je suis Julien, r\u00e9dacteur pour Vie Associative. Passionn\u00e9 par le monde associatif depuis plus de 10 ans, j'ai \u00e0 c\u0153ur de partager des histoires inspirantes et de mettre en lumi\u00e8re les initiatives locales. Mon objectif est de sensibiliser et d'encourager l'engagement communautaire \u00e0 travers mes articles.","sameAs":["https:\/\/vieassociative.be\/"]}]}},"_links":{"self":[{"href":"https:\/\/vieassociative.be\/actualites\/wp-json\/wp\/v2\/posts\/267"}],"collection":[{"href":"https:\/\/vieassociative.be\/actualites\/wp-json\/wp\/v2\/posts"}],"about":[{"href":"https:\/\/vieassociative.be\/actualites\/wp-json\/wp\/v2\/types\/post"}],"author":[{"embeddable":true,"href":"https:\/\/vieassociative.be\/actualites\/wp-json\/wp\/v2\/users\/1"}],"replies":[{"embeddable":true,"href":"https:\/\/vieassociative.be\/actualites\/wp-json\/wp\/v2\/comments?post=267"}],"version-history":[{"count":1,"href":"https:\/\/vieassociative.be\/actualites\/wp-json\/wp\/v2\/posts\/267\/revisions"}],"predecessor-version":[{"id":268,"href":"https:\/\/vieassociative.be\/actualites\/wp-json\/wp\/v2\/posts\/267\/revisions\/268"}],"wp:featuredmedia":[{"embeddable":true,"href":"https:\/\/vieassociative.be\/actualites\/wp-json\/wp\/v2\/media\/255"}],"wp:attachment":[{"href":"https:\/\/vieassociative.be\/actualites\/wp-json\/wp\/v2\/media?parent=267"}],"wp:term":[{"taxonomy":"category","embeddable":true,"href":"https:\/\/vieassociative.be\/actualites\/wp-json\/wp\/v2\/categories?post=267"},{"taxonomy":"post_tag","embeddable":true,"href":"https:\/\/vieassociative.be\/actualites\/wp-json\/wp\/v2\/tags?post=267"}],"curies":[{"name":"wp","href":"https:\/\/api.w.org\/{rel}","templated":true}]}}