{"id":2668,"date":"2024-11-22T14:18:30","date_gmt":"2024-11-22T13:18:30","guid":{"rendered":"https:\/\/vieassociative.be\/actualites\/pourquoi-le-doj-veut-que-google-vende-chrome-et-comment-cela-pourrait-vous-affecter\/"},"modified":"2024-11-22T14:18:30","modified_gmt":"2024-11-22T13:18:30","slug":"pourquoi-le-doj-veut-que-google-vende-chrome-et-comment-cela-pourrait-vous-affecter","status":"publish","type":"post","link":"https:\/\/vieassociative.be\/actualites\/pourquoi-le-doj-veut-que-google-vende-chrome-et-comment-cela-pourrait-vous-affecter\/","title":{"rendered":"Pourquoi le DOJ veut que Google vende Chrome (et comment cela pourrait vous affecter)"},"content":{"rendered":"<div class=\"mt-4 leading-6 md:mb-8\">Le minist\u00e8re de la Justice s&rsquo;en prend \u00e0 Google apr\u00e8s que les tribunaux ont statu\u00e9 que l&rsquo;entreprise \u00e9tait un \u00ab monopole ill\u00e9gal \u00bb.<\/div>\n<p><\/p>\n<p>Plus t\u00f4t en ao\u00fbt dernier, les tribunaux am\u00e9ricains ont statu\u00e9 que Google constituait un monopole ill\u00e9gal, sans toutefois imposer de sanctions. Aujourd\u2019hui, le minist\u00e8re de la Justice d\u00e9finit des objectifs assez ambitieux, dont le plus exigeant exigerait que Google vende Chrome.<\/p>\n<p>Le drame remonte \u00e0 la recherche Google et \u00e0 la d\u00e9cision de l&rsquo;entreprise de payer des milliards \u00e0 Apple et \u00e0 d&rsquo;autres d\u00e9veloppeurs de navigateurs Internet pour faire de Google leur moteur de recherche par d\u00e9faut. Si vous \u00e9tiez pr\u00e9sent lors de l&rsquo;affaire antitrust de Microsoft sur Internet Explorer en 2001, la situation est similaire ici, les deux soci\u00e9t\u00e9s \u00e9tant accus\u00e9es de comportement anticoncurrentiel et menac\u00e9es de s\u00e9paration.<\/p>\n<p>La s\u00e9paration de Microsoft n&rsquo;a jamais abouti, le gouvernement ayant plut\u00f4t choisi de s&rsquo;entendre avec le fabricant de Windows, mais pour l&rsquo;instant au moins, il semble que le DOJ s&rsquo;en prenne \u00e0 Google de toutes ses forces.<\/p>\n<p>Dans un document de 23 pages d\u00e9pos\u00e9 mercredi apr\u00e8s-midi, le DOJ a recommand\u00e9 aux tribunaux d&rsquo;exiger que Google vende le navigateur Chrome, et \u00e9ventuellement Android, si l&rsquo;entreprise ne respecte pas les restrictions qui emp\u00eacheraient Google de privil\u00e9gier ses propres outils de recherche au sein du march\u00e9. syst\u00e8me d&rsquo;exploitation mobile. Cette d\u00e9cision est un peu surprenante, car aucun des deux produits n&rsquo;est directement li\u00e9 au probl\u00e8me cl\u00e9 du paiement par Google d&rsquo;autres entreprises pour donner la priorit\u00e9 \u00e0 la recherche Google au sein de leurs \u00e9cosyst\u00e8mes.<\/p>\n<h2 id=\"why-does-the-government-want-google-to-sell-chrome\">Pourquoi le gouvernement veut-il que Google vende Chrome ?<\/h2>\n<p>D\u00e9fendant sa proposition agressive, le DOJ affirme que la dissolution de Google aurait \u00e9galement l&rsquo;effet souhait\u00e9, affirmant que la vente de Chrome \u00ab\u00a0arr\u00eatera d\u00e9finitivement le contr\u00f4le de Google sur ce point d&rsquo;acc\u00e8s critique \u00e0 la recherche et permettra aux moteurs de recherche concurrents d&rsquo;acc\u00e9der au navigateur que pour de nombreux utilisateurs\u00a0\u00bb. est une passerelle vers Internet.<\/p>\n<p>En d\u2019autres termes, si Chrome n\u2019est plus associ\u00e9 \u00e0 Google, il n\u2019aura plus aucune incitation \u00e0 utiliser par d\u00e9faut la recherche Google, donnant peut-\u00eatre \u00e0 d\u2019autres moteurs de recherche une chance de mettre le pied dans la porte de ce qui est devenu le navigateur Internet par d\u00e9faut pour beaucoup. .<\/p>\n<p>Dans le m\u00eame temps, cela n&#8217;emp\u00eacherait pas Google de simplement continuer \u00e0 r\u00e9mun\u00e9rer les fabricants de navigateurs (y compris les nouveaux propri\u00e9taires potentiels de Chrome). Le DOJ demande donc \u00e9galement au gouvernement d&rsquo;interdire \u00e0 l&rsquo;entreprise d&rsquo;offrir une compensation (p\u00e9cuniaire ou autre) au navigateur. les cr\u00e9ateurs de faire de Google le moteur de recherche par d\u00e9faut dans leurs navigateurs.<\/p>\n<p>De m\u00eame, les restrictions du DOJ emp\u00eacheraient \u00e9galement Google de donner la priorit\u00e9 \u00e0 ses outils de recherche au sein de Gemini ou d&rsquo;autres plates-formes auxquelles il conserve acc\u00e8s, et exigeraient de Google qu&rsquo;il rende les donn\u00e9es telles que les r\u00e9sultats de recherche et les signaux de classement accessibles \u00e0 d&rsquo;autres entreprises \u00e0 \u00ab un co\u00fbt marginal, et sur de mani\u00e8re continue \u00bb pendant au moins une d\u00e9cennie.<\/p>\n<p>Enfin, l\u2019entreprise devrait autoriser les sites Web \u00e0 emp\u00eacher que leurs donn\u00e9es soient utilis\u00e9es dans les aper\u00e7us de l\u2019IA sans \u00eatre sanctionn\u00e9s dans les classements de recherche.<\/p>\n<h2 id=\"what-does-google-think-about-all-this\">Que pense Google de tout cela ?<\/h2>\n<p>Dans un article de blog r\u00e9pondant aux demandes du DOJ, le pr\u00e9sident des affaires mondiales et directeur juridique de Google, Kent Walker, a qualifi\u00e9 la proposition de \u00ab compl\u00e8tement exag\u00e9r\u00e9e \u00bb. <\/p>\n<p>Walker accuse le DOJ d\u2019avoir contourn\u00e9 le probl\u00e8me pour poursuivre \u00ab un programme interventionniste radical qui nuirait aux Am\u00e9ricains et \u00e0 leur leadership technologique mondial \u00bb. Plus pr\u00e9cis\u00e9ment, Google affirme que ces exigences \u00ab briseraient une gamme de produits Google \u00bb, introduisant des risques pour la s\u00e9curit\u00e9, des fen\u00eatres contextuelles \u00e0 choix multiples et des r\u00e8gles qui \u00ab entraveraient d\u00e9lib\u00e9r\u00e9ment la capacit\u00e9 des gens \u00e0 acc\u00e9der \u00e0 la recherche Google \u00bb. La soci\u00e9t\u00e9 pr\u00e9vient \u00e9galement qu&rsquo;une telle surveillance pourrait \u00ab freiner nos investissements dans l&rsquo;intelligence artificielle \u00bb ou forcer Google \u00e0 divulguer des donn\u00e9es \u00e0 \u00ab des soci\u00e9t\u00e9s \u00e9trang\u00e8res et nationales inconnues \u00bb, y compris \u00ab les requ\u00eates de recherche personnelles des Am\u00e9ricains \u00bb. Selon Google, la proposition affecterait \u00e9galement des entreprises comme Mozilla, le cr\u00e9ateur de Firefox \u00e0 but non lucratif, qui, selon Walker, \u00ab d\u00e9pend de la facturation de Google pour le placement dans la recherche \u00bb.<\/p>\n<h2 id=\"will-google-sell-chrome\">Google vendra-t-il Chrome ?<\/h2>\n<p>Malgr\u00e9 les inqui\u00e9tudes de Walker, les cons\u00e9quences du proc\u00e8s de Google sont encore loin d&rsquo;\u00eatre connues. La proposition du DOJ en est encore \u00e0 ses d\u00e9buts, avec une version r\u00e9vis\u00e9e pr\u00e9vue pour mars, avant le coup d&rsquo;envoi de la proc\u00e9dure judiciaire en avril. Google indique qu&rsquo;il d\u00e9posera ses propres propositions le mois prochain et, quelle que soit l&rsquo;issue du tribunal, un appel est toujours en instance. Comme pour Microsoft au tournant du mill\u00e9naire, il est encore possible que Google \u00e9vite une rupture.<\/p>\n<p>Bien que la proposition du DOJ soit plus dure que pr\u00e9vu, il n&rsquo;est pas non plus rare de demander plus que ce que l&rsquo;on souhaite dans les d\u00e9bats, alors attendez-vous \u00e0 voir des d\u00e9tails plus pr\u00e9cis au printemps de l&rsquo;ann\u00e9e prochaine.<\/p>\n<h2 id=\"what-happens-if-google-sells-chrome\">Que se passe-t-il si Google vend Chrome\u00a0?<\/h2>\n<p>Devez-vous vous inqui\u00e9ter si la proposition du DOJ est accept\u00e9e et que Google est oblig\u00e9 de vendre Chrome ou de modifier ses produits ? Pour l\u2019instant, c\u2019est difficile \u00e0 dire, m\u00eame si les demandes du DOJ mentionnent la cr\u00e9ation d\u2019un comit\u00e9 de surveillance qui faciliterait vraisemblablement la transition.<\/p>\n<p>Malgr\u00e9 les propos catastrophiques de Google, l&rsquo;effet le plus imm\u00e9diat que vous constaterez probablement en tant que consommateur est un plus grand choix, bien que peut-\u00eatre au prix de plus de d\u00e9sagr\u00e9ments. Les produits Google seront moins susceptibles de s&rsquo;encha\u00eener naturellement les uns dans les autres, avec quelques fen\u00eatres contextuelles suppl\u00e9mentaires apparaissant lors de la configuration d&rsquo;un smartphone Pixel, par exemple. Mais d\u2019un autre c\u00f4t\u00e9, vous pourrez probablement \u00e9galement ajuster vos param\u00e8tres par d\u00e9faut sans vous plonger autant dans les param\u00e8tres que vous devez le faire maintenant. <\/p>\n<p>En ce qui concerne Chrome, il est possible qu&rsquo;une vente aide \u00e0 contrecarrer la domination de la recherche Google sur le march\u00e9, m\u00eame si une version du navigateur sans Google pourrait voir des fonctionnalit\u00e9s telles que la prise en charge native de Google Lens \u00eatre abandonn\u00e9es, ce qui la rendrait moins utile. De m\u00eame, les donn\u00e9es des utilisateurs pourraient \u00eatre moins s\u00e9curis\u00e9es entre les mains d\u2019une autre entreprise, m\u00eame si les archives de Google n\u2019y sont pas tout \u00e0 fait impeccables.<\/p>\n<h2 id=\"what-happens-next\">Que se passe-t-il ensuite ?<\/h2>\n<p>Le plus gros inconv\u00e9nient du proc\u00e8s de Google est peut-\u00eatre qu&rsquo;il aura lieu sous une nouvelle administration. Alors que la Maison Blanche de Biden a applaudi la d\u00e9cision des tribunaux de qualifier Google de monopole ill\u00e9gal, la position du pr\u00e9sident \u00e9lu Trump sur la question est moins claire. Alors que le dossier du DOJ contre Google a \u00e9t\u00e9 d\u00e9pos\u00e9 au cours des derniers mois du premier mandat de Trump, Trump a \u00e9galement sugg\u00e9r\u00e9 dans le pass\u00e9 que son administration pourrait chercher \u00e0 rendre Google \u00ab plus juste \u00bb sans le \u00ab briser \u00bb.<\/p>\n<p>Pour l\u2019instant, la meilleure fa\u00e7on pour les utilisateurs de Chrome et d\u2019Android de prot\u00e9ger leurs donn\u00e9es est de garder un \u0153il sur l\u2019essai une fois qu\u2019il aura d\u00e9but\u00e9 en avril.<\/p>\n","protected":false},"excerpt":{"rendered":"<p>Le minist\u00e8re de la Justice s&rsquo;en prend \u00e0 Google apr\u00e8s que les tribunaux ont statu\u00e9 que l&rsquo;entreprise \u00e9tait un \u00ab monopole ill\u00e9gal \u00bb. Plus t\u00f4t<\/p>\n","protected":false},"author":1,"featured_media":2669,"comment_status":"","ping_status":"","sticky":false,"template":"","format":"standard","meta":{"footnotes":""},"categories":[13],"tags":[3401,1610,2499,44,3399,968,734,1041,3400,2635,4],"class_list":["post-2668","post","type-post","status-publish","format-standard","has-post-thumbnail","hentry","category-technologie","tag-affecter","tag-cela","tag-chrome","tag-comment","tag-doj","tag-google","tag-pourquoi","tag-pourrait","tag-vende","tag-veut","tag-vous","generate-columns","tablet-grid-50","mobile-grid-100","grid-parent","grid-33"],"yoast_head":"<!-- This site is optimized with the Yoast SEO plugin v24.0 - https:\/\/yoast.com\/wordpress\/plugins\/seo\/ -->\n<title>Pourquoi le DOJ veut que Google vende Chrome (et comment cela pourrait vous affecter) | Vie Associative<\/title>\n<meta name=\"robots\" content=\"index, follow, max-snippet:-1, max-image-preview:large, max-video-preview:-1\" \/>\n<link rel=\"canonical\" href=\"https:\/\/vieassociative.be\/actualites\/pourquoi-le-doj-veut-que-google-vende-chrome-et-comment-cela-pourrait-vous-affecter\/\" \/>\n<meta property=\"og:locale\" content=\"fr_FR\" \/>\n<meta property=\"og:type\" content=\"article\" \/>\n<meta property=\"og:title\" content=\"Pourquoi le DOJ veut que Google vende Chrome (et comment cela pourrait vous affecter) | Vie Associative\" \/>\n<meta property=\"og:description\" content=\"Le minist\u00e8re de la Justice s&rsquo;en prend \u00e0 Google apr\u00e8s que les tribunaux ont statu\u00e9 que l&rsquo;entreprise \u00e9tait un \u00ab monopole ill\u00e9gal \u00bb. Plus t\u00f4t\" \/>\n<meta property=\"og:url\" content=\"https:\/\/vieassociative.be\/actualites\/pourquoi-le-doj-veut-que-google-vende-chrome-et-comment-cela-pourrait-vous-affecter\/\" \/>\n<meta property=\"og:site_name\" content=\"Vie Associative\" \/>\n<meta property=\"article:published_time\" content=\"2024-11-22T13:18:30+00:00\" \/>\n<meta property=\"og:image\" content=\"https:\/\/vieassociative.be\/actualites\/wp-content\/uploads\/2024\/09\/header_backgroundk-01-e1726694325946.png\" \/>\n\t<meta property=\"og:image:width\" content=\"279\" \/>\n\t<meta property=\"og:image:height\" content=\"92\" \/>\n\t<meta property=\"og:image:type\" content=\"image\/png\" \/>\n<meta name=\"author\" content=\"Julien\" \/>\n<meta name=\"twitter:card\" content=\"summary_large_image\" \/>\n<meta name=\"twitter:label1\" content=\"\u00c9crit par\" \/>\n\t<meta name=\"twitter:data1\" content=\"Julien\" \/>\n\t<meta name=\"twitter:label2\" content=\"Dur\u00e9e de lecture est.\" \/>\n\t<meta name=\"twitter:data2\" content=\"6 minutes\" \/>\n<script type=\"application\/ld+json\" class=\"yoast-schema-graph\">{\"@context\":\"https:\/\/schema.org\",\"@graph\":[{\"@type\":\"Article\",\"@id\":\"https:\/\/vieassociative.be\/actualites\/pourquoi-le-doj-veut-que-google-vende-chrome-et-comment-cela-pourrait-vous-affecter\/#article\",\"isPartOf\":{\"@id\":\"https:\/\/vieassociative.be\/actualites\/pourquoi-le-doj-veut-que-google-vende-chrome-et-comment-cela-pourrait-vous-affecter\/\"},\"author\":{\"name\":\"Julien\",\"@id\":\"https:\/\/vieassociative.be\/actualites\/#\/schema\/person\/b87ac4f82f9d4e7b7cec7395b679edc4\"},\"headline\":\"Pourquoi le DOJ veut que Google vende Chrome (et comment cela pourrait vous affecter)\",\"datePublished\":\"2024-11-22T13:18:30+00:00\",\"dateModified\":\"2024-11-22T13:18:30+00:00\",\"mainEntityOfPage\":{\"@id\":\"https:\/\/vieassociative.be\/actualites\/pourquoi-le-doj-veut-que-google-vende-chrome-et-comment-cela-pourrait-vous-affecter\/\"},\"wordCount\":1330,\"publisher\":{\"@id\":\"https:\/\/vieassociative.be\/actualites\/#organization\"},\"image\":{\"@id\":\"https:\/\/vieassociative.be\/actualites\/pourquoi-le-doj-veut-que-google-vende-chrome-et-comment-cela-pourrait-vous-affecter\/#primaryimage\"},\"thumbnailUrl\":\"https:\/\/vieassociative.be\/actualites\/wp-content\/uploads\/2024\/11\/Pourquoi-le-DOJ-veut-que-Google-vende-Chrome-et-comment.png\",\"keywords\":[\"affecter\",\"cela\",\"Chrome\",\"Comment\",\"DOJ\",\"Google\",\"Pourquoi\",\"pourrait\",\"vende\",\"veut\",\"Vous\"],\"articleSection\":[\"Technologie\"],\"inLanguage\":\"fr-BE\"},{\"@type\":\"WebPage\",\"@id\":\"https:\/\/vieassociative.be\/actualites\/pourquoi-le-doj-veut-que-google-vende-chrome-et-comment-cela-pourrait-vous-affecter\/\",\"url\":\"https:\/\/vieassociative.be\/actualites\/pourquoi-le-doj-veut-que-google-vende-chrome-et-comment-cela-pourrait-vous-affecter\/\",\"name\":\"Pourquoi le DOJ veut que Google vende Chrome (et comment cela pourrait vous affecter) | Vie Associative\",\"isPartOf\":{\"@id\":\"https:\/\/vieassociative.be\/actualites\/#website\"},\"primaryImageOfPage\":{\"@id\":\"https:\/\/vieassociative.be\/actualites\/pourquoi-le-doj-veut-que-google-vende-chrome-et-comment-cela-pourrait-vous-affecter\/#primaryimage\"},\"image\":{\"@id\":\"https:\/\/vieassociative.be\/actualites\/pourquoi-le-doj-veut-que-google-vende-chrome-et-comment-cela-pourrait-vous-affecter\/#primaryimage\"},\"thumbnailUrl\":\"https:\/\/vieassociative.be\/actualites\/wp-content\/uploads\/2024\/11\/Pourquoi-le-DOJ-veut-que-Google-vende-Chrome-et-comment.png\",\"datePublished\":\"2024-11-22T13:18:30+00:00\",\"dateModified\":\"2024-11-22T13:18:30+00:00\",\"breadcrumb\":{\"@id\":\"https:\/\/vieassociative.be\/actualites\/pourquoi-le-doj-veut-que-google-vende-chrome-et-comment-cela-pourrait-vous-affecter\/#breadcrumb\"},\"inLanguage\":\"fr-BE\",\"potentialAction\":[{\"@type\":\"ReadAction\",\"target\":[\"https:\/\/vieassociative.be\/actualites\/pourquoi-le-doj-veut-que-google-vende-chrome-et-comment-cela-pourrait-vous-affecter\/\"]}]},{\"@type\":\"ImageObject\",\"inLanguage\":\"fr-BE\",\"@id\":\"https:\/\/vieassociative.be\/actualites\/pourquoi-le-doj-veut-que-google-vende-chrome-et-comment-cela-pourrait-vous-affecter\/#primaryimage\",\"url\":\"https:\/\/vieassociative.be\/actualites\/wp-content\/uploads\/2024\/11\/Pourquoi-le-DOJ-veut-que-Google-vende-Chrome-et-comment.png\",\"contentUrl\":\"https:\/\/vieassociative.be\/actualites\/wp-content\/uploads\/2024\/11\/Pourquoi-le-DOJ-veut-que-Google-vende-Chrome-et-comment.png\",\"width\":1200,\"height\":675,\"caption\":\"Pourquoi le DOJ veut que Google vende Chrome (et comment cela pourrait vous affecter)\"},{\"@type\":\"BreadcrumbList\",\"@id\":\"https:\/\/vieassociative.be\/actualites\/pourquoi-le-doj-veut-que-google-vende-chrome-et-comment-cela-pourrait-vous-affecter\/#breadcrumb\",\"itemListElement\":[{\"@type\":\"ListItem\",\"position\":1,\"name\":\"Accueil\",\"item\":\"https:\/\/vieassociative.be\/actualites\/\"},{\"@type\":\"ListItem\",\"position\":2,\"name\":\"Pourquoi le DOJ veut que Google vende Chrome (et comment cela pourrait vous affecter)\"}]},{\"@type\":\"WebSite\",\"@id\":\"https:\/\/vieassociative.be\/actualites\/#website\",\"url\":\"https:\/\/vieassociative.be\/actualites\/\",\"name\":\"Vie Associative\",\"description\":\"\",\"publisher\":{\"@id\":\"https:\/\/vieassociative.be\/actualites\/#organization\"},\"potentialAction\":[{\"@type\":\"SearchAction\",\"target\":{\"@type\":\"EntryPoint\",\"urlTemplate\":\"https:\/\/vieassociative.be\/actualites\/?s={search_term_string}\"},\"query-input\":{\"@type\":\"PropertyValueSpecification\",\"valueRequired\":true,\"valueName\":\"search_term_string\"}}],\"inLanguage\":\"fr-BE\"},{\"@type\":\"Organization\",\"@id\":\"https:\/\/vieassociative.be\/actualites\/#organization\",\"name\":\"Vie Associative\",\"url\":\"https:\/\/vieassociative.be\/actualites\/\",\"logo\":{\"@type\":\"ImageObject\",\"inLanguage\":\"fr-BE\",\"@id\":\"https:\/\/vieassociative.be\/actualites\/#\/schema\/logo\/image\/\",\"url\":\"https:\/\/vieassociative.be\/actualites\/wp-content\/uploads\/2024\/09\/cropped-vieassociative_favicon.ico.png\",\"contentUrl\":\"https:\/\/vieassociative.be\/actualites\/wp-content\/uploads\/2024\/09\/cropped-vieassociative_favicon.ico.png\",\"width\":512,\"height\":512,\"caption\":\"Vie Associative\"},\"image\":{\"@id\":\"https:\/\/vieassociative.be\/actualites\/#\/schema\/logo\/image\/\"}},{\"@type\":\"Person\",\"@id\":\"https:\/\/vieassociative.be\/actualites\/#\/schema\/person\/b87ac4f82f9d4e7b7cec7395b679edc4\",\"name\":\"Julien\",\"image\":{\"@type\":\"ImageObject\",\"inLanguage\":\"fr-BE\",\"@id\":\"https:\/\/vieassociative.be\/actualites\/#\/schema\/person\/image\/\",\"url\":\"https:\/\/vieassociative.be\/actualites\/wp-content\/uploads\/2024\/09\/vie-associative-1-150x150.jpg\",\"contentUrl\":\"https:\/\/vieassociative.be\/actualites\/wp-content\/uploads\/2024\/09\/vie-associative-1-150x150.jpg\",\"caption\":\"Julien\"},\"description\":\"Je suis Julien, r\u00e9dacteur pour Vie Associative. Passionn\u00e9 par le monde associatif depuis plus de 10 ans, j'ai \u00e0 c\u0153ur de partager des histoires inspirantes et de mettre en lumi\u00e8re les initiatives locales. Mon objectif est de sensibiliser et d'encourager l'engagement communautaire \u00e0 travers mes articles.\",\"sameAs\":[\"https:\/\/vieassociative.be\/\"]}]}<\/script>\n<!-- \/ Yoast SEO plugin. -->","yoast_head_json":{"title":"Pourquoi le DOJ veut que Google vende Chrome (et comment cela pourrait vous affecter) | Vie Associative","robots":{"index":"index","follow":"follow","max-snippet":"max-snippet:-1","max-image-preview":"max-image-preview:large","max-video-preview":"max-video-preview:-1"},"canonical":"https:\/\/vieassociative.be\/actualites\/pourquoi-le-doj-veut-que-google-vende-chrome-et-comment-cela-pourrait-vous-affecter\/","og_locale":"fr_FR","og_type":"article","og_title":"Pourquoi le DOJ veut que Google vende Chrome (et comment cela pourrait vous affecter) | Vie Associative","og_description":"Le minist\u00e8re de la Justice s&rsquo;en prend \u00e0 Google apr\u00e8s que les tribunaux ont statu\u00e9 que l&rsquo;entreprise \u00e9tait un \u00ab monopole ill\u00e9gal \u00bb. Plus t\u00f4t","og_url":"https:\/\/vieassociative.be\/actualites\/pourquoi-le-doj-veut-que-google-vende-chrome-et-comment-cela-pourrait-vous-affecter\/","og_site_name":"Vie Associative","article_published_time":"2024-11-22T13:18:30+00:00","og_image":[{"width":279,"height":92,"url":"https:\/\/vieassociative.be\/actualites\/wp-content\/uploads\/2024\/09\/header_backgroundk-01-e1726694325946.png","type":"image\/png"}],"author":"Julien","twitter_card":"summary_large_image","twitter_misc":{"\u00c9crit par":"Julien","Dur\u00e9e de lecture est.":"6 minutes"},"schema":{"@context":"https:\/\/schema.org","@graph":[{"@type":"Article","@id":"https:\/\/vieassociative.be\/actualites\/pourquoi-le-doj-veut-que-google-vende-chrome-et-comment-cela-pourrait-vous-affecter\/#article","isPartOf":{"@id":"https:\/\/vieassociative.be\/actualites\/pourquoi-le-doj-veut-que-google-vende-chrome-et-comment-cela-pourrait-vous-affecter\/"},"author":{"name":"Julien","@id":"https:\/\/vieassociative.be\/actualites\/#\/schema\/person\/b87ac4f82f9d4e7b7cec7395b679edc4"},"headline":"Pourquoi le DOJ veut que Google vende Chrome (et comment cela pourrait vous affecter)","datePublished":"2024-11-22T13:18:30+00:00","dateModified":"2024-11-22T13:18:30+00:00","mainEntityOfPage":{"@id":"https:\/\/vieassociative.be\/actualites\/pourquoi-le-doj-veut-que-google-vende-chrome-et-comment-cela-pourrait-vous-affecter\/"},"wordCount":1330,"publisher":{"@id":"https:\/\/vieassociative.be\/actualites\/#organization"},"image":{"@id":"https:\/\/vieassociative.be\/actualites\/pourquoi-le-doj-veut-que-google-vende-chrome-et-comment-cela-pourrait-vous-affecter\/#primaryimage"},"thumbnailUrl":"https:\/\/vieassociative.be\/actualites\/wp-content\/uploads\/2024\/11\/Pourquoi-le-DOJ-veut-que-Google-vende-Chrome-et-comment.png","keywords":["affecter","cela","Chrome","Comment","DOJ","Google","Pourquoi","pourrait","vende","veut","Vous"],"articleSection":["Technologie"],"inLanguage":"fr-BE"},{"@type":"WebPage","@id":"https:\/\/vieassociative.be\/actualites\/pourquoi-le-doj-veut-que-google-vende-chrome-et-comment-cela-pourrait-vous-affecter\/","url":"https:\/\/vieassociative.be\/actualites\/pourquoi-le-doj-veut-que-google-vende-chrome-et-comment-cela-pourrait-vous-affecter\/","name":"Pourquoi le DOJ veut que Google vende Chrome (et comment cela pourrait vous affecter) | Vie Associative","isPartOf":{"@id":"https:\/\/vieassociative.be\/actualites\/#website"},"primaryImageOfPage":{"@id":"https:\/\/vieassociative.be\/actualites\/pourquoi-le-doj-veut-que-google-vende-chrome-et-comment-cela-pourrait-vous-affecter\/#primaryimage"},"image":{"@id":"https:\/\/vieassociative.be\/actualites\/pourquoi-le-doj-veut-que-google-vende-chrome-et-comment-cela-pourrait-vous-affecter\/#primaryimage"},"thumbnailUrl":"https:\/\/vieassociative.be\/actualites\/wp-content\/uploads\/2024\/11\/Pourquoi-le-DOJ-veut-que-Google-vende-Chrome-et-comment.png","datePublished":"2024-11-22T13:18:30+00:00","dateModified":"2024-11-22T13:18:30+00:00","breadcrumb":{"@id":"https:\/\/vieassociative.be\/actualites\/pourquoi-le-doj-veut-que-google-vende-chrome-et-comment-cela-pourrait-vous-affecter\/#breadcrumb"},"inLanguage":"fr-BE","potentialAction":[{"@type":"ReadAction","target":["https:\/\/vieassociative.be\/actualites\/pourquoi-le-doj-veut-que-google-vende-chrome-et-comment-cela-pourrait-vous-affecter\/"]}]},{"@type":"ImageObject","inLanguage":"fr-BE","@id":"https:\/\/vieassociative.be\/actualites\/pourquoi-le-doj-veut-que-google-vende-chrome-et-comment-cela-pourrait-vous-affecter\/#primaryimage","url":"https:\/\/vieassociative.be\/actualites\/wp-content\/uploads\/2024\/11\/Pourquoi-le-DOJ-veut-que-Google-vende-Chrome-et-comment.png","contentUrl":"https:\/\/vieassociative.be\/actualites\/wp-content\/uploads\/2024\/11\/Pourquoi-le-DOJ-veut-que-Google-vende-Chrome-et-comment.png","width":1200,"height":675,"caption":"Pourquoi le DOJ veut que Google vende Chrome (et comment cela pourrait vous affecter)"},{"@type":"BreadcrumbList","@id":"https:\/\/vieassociative.be\/actualites\/pourquoi-le-doj-veut-que-google-vende-chrome-et-comment-cela-pourrait-vous-affecter\/#breadcrumb","itemListElement":[{"@type":"ListItem","position":1,"name":"Accueil","item":"https:\/\/vieassociative.be\/actualites\/"},{"@type":"ListItem","position":2,"name":"Pourquoi le DOJ veut que Google vende Chrome (et comment cela pourrait vous affecter)"}]},{"@type":"WebSite","@id":"https:\/\/vieassociative.be\/actualites\/#website","url":"https:\/\/vieassociative.be\/actualites\/","name":"Vie Associative","description":"","publisher":{"@id":"https:\/\/vieassociative.be\/actualites\/#organization"},"potentialAction":[{"@type":"SearchAction","target":{"@type":"EntryPoint","urlTemplate":"https:\/\/vieassociative.be\/actualites\/?s={search_term_string}"},"query-input":{"@type":"PropertyValueSpecification","valueRequired":true,"valueName":"search_term_string"}}],"inLanguage":"fr-BE"},{"@type":"Organization","@id":"https:\/\/vieassociative.be\/actualites\/#organization","name":"Vie Associative","url":"https:\/\/vieassociative.be\/actualites\/","logo":{"@type":"ImageObject","inLanguage":"fr-BE","@id":"https:\/\/vieassociative.be\/actualites\/#\/schema\/logo\/image\/","url":"https:\/\/vieassociative.be\/actualites\/wp-content\/uploads\/2024\/09\/cropped-vieassociative_favicon.ico.png","contentUrl":"https:\/\/vieassociative.be\/actualites\/wp-content\/uploads\/2024\/09\/cropped-vieassociative_favicon.ico.png","width":512,"height":512,"caption":"Vie Associative"},"image":{"@id":"https:\/\/vieassociative.be\/actualites\/#\/schema\/logo\/image\/"}},{"@type":"Person","@id":"https:\/\/vieassociative.be\/actualites\/#\/schema\/person\/b87ac4f82f9d4e7b7cec7395b679edc4","name":"Julien","image":{"@type":"ImageObject","inLanguage":"fr-BE","@id":"https:\/\/vieassociative.be\/actualites\/#\/schema\/person\/image\/","url":"https:\/\/vieassociative.be\/actualites\/wp-content\/uploads\/2024\/09\/vie-associative-1-150x150.jpg","contentUrl":"https:\/\/vieassociative.be\/actualites\/wp-content\/uploads\/2024\/09\/vie-associative-1-150x150.jpg","caption":"Julien"},"description":"Je suis Julien, r\u00e9dacteur pour Vie Associative. Passionn\u00e9 par le monde associatif depuis plus de 10 ans, j'ai \u00e0 c\u0153ur de partager des histoires inspirantes et de mettre en lumi\u00e8re les initiatives locales. Mon objectif est de sensibiliser et d'encourager l'engagement communautaire \u00e0 travers mes articles.","sameAs":["https:\/\/vieassociative.be\/"]}]}},"_links":{"self":[{"href":"https:\/\/vieassociative.be\/actualites\/wp-json\/wp\/v2\/posts\/2668"}],"collection":[{"href":"https:\/\/vieassociative.be\/actualites\/wp-json\/wp\/v2\/posts"}],"about":[{"href":"https:\/\/vieassociative.be\/actualites\/wp-json\/wp\/v2\/types\/post"}],"author":[{"embeddable":true,"href":"https:\/\/vieassociative.be\/actualites\/wp-json\/wp\/v2\/users\/1"}],"replies":[{"embeddable":true,"href":"https:\/\/vieassociative.be\/actualites\/wp-json\/wp\/v2\/comments?post=2668"}],"version-history":[{"count":0,"href":"https:\/\/vieassociative.be\/actualites\/wp-json\/wp\/v2\/posts\/2668\/revisions"}],"wp:featuredmedia":[{"embeddable":true,"href":"https:\/\/vieassociative.be\/actualites\/wp-json\/wp\/v2\/media\/2669"}],"wp:attachment":[{"href":"https:\/\/vieassociative.be\/actualites\/wp-json\/wp\/v2\/media?parent=2668"}],"wp:term":[{"taxonomy":"category","embeddable":true,"href":"https:\/\/vieassociative.be\/actualites\/wp-json\/wp\/v2\/categories?post=2668"},{"taxonomy":"post_tag","embeddable":true,"href":"https:\/\/vieassociative.be\/actualites\/wp-json\/wp\/v2\/tags?post=2668"}],"curies":[{"name":"wp","href":"https:\/\/api.w.org\/{rel}","templated":true}]}}