{"id":2656,"date":"2024-11-22T03:16:59","date_gmt":"2024-11-22T02:16:59","guid":{"rendered":"https:\/\/vieassociative.be\/actualites\/black-friday-29-novembre-5-conseils-pour-les-campagnes-discount\/"},"modified":"2024-11-22T03:16:59","modified_gmt":"2024-11-22T02:16:59","slug":"black-friday-29-novembre-5-conseils-pour-les-campagnes-discount","status":"publish","type":"post","link":"https:\/\/vieassociative.be\/actualites\/black-friday-29-novembre-5-conseils-pour-les-campagnes-discount\/","title":{"rendered":"Black Friday (29 novembre) : 5 conseils pour les campagnes discount"},"content":{"rendered":"<p><strong>Si l\u2019on en croit les promesses de la publicit\u00e9, il y aura des r\u00e9ductions dans le commerce en ligne six bonnes semaines avant No\u00ebl. Des bonnes affaires sont possibles. Mais tous les prix annonc\u00e9s ne sont pas forc\u00e9ment bons.<\/strong><\/p>\n<p><span id=\"more-402306\"><\/span>Les d\u00e9taillants en ligne promettent de nombreuses r\u00e9ductions lors des diff\u00e9rentes journ\u00e9es promotionnelles de mi-novembre \u00e0 d\u00e9but d\u00e9cembre. Mais il ne faut pas les croire sans les v\u00e9rifier.<\/p>\n<p>Cela a commenc\u00e9 avec la Journ\u00e9e des c\u00e9libataires (le 11 novembre), et maintenant la Semaine noire (\u00e0 partir du 22 novembre) approche \u00e0 grands pas. Il existe de nombreuses campagnes de r\u00e9duction dans le commerce en ligne pour le Black Friday (29 novembre) et le Cyber \u200b\u200b\u200b\u200bMonday (2 d\u00e9cembre) et les jours suivants. Cela peut en valoir la peine. Mais toutes les affirmations publicitaires sensationnelles ne constituent pas n\u00e9cessairement une bonne affaire.<\/p>\n<div id=\"attachment_303512\" class=\"wp-caption alignleft\" style=\"max-width: 300px\"><img fetchpriority=\"high\" decoding=\"async\" class=\"wp-image-303512 size-medium\" src=\"https:\/\/vieassociative.be\/actualites\/wp-content\/uploads\/2024\/11\/Black-Friday-29-novembre-5-conseils-pour-les-campagnes.jpeg\" alt=\"\" width=\"300\" height=\"200\"><\/p>\n<p class=\"wp-caption-text\">17 novembre 2021, Rh\u00e9nanie-du-Nord-Westphalie, Cologne : une femme passe devant un magasin qui annonce les offres du Black Friday. Photo : Federico Gambarini\/dpa<\/p>\n<\/div>\n<p>Les consommateurs doivent absolument comparer les prix des diff\u00e9rents fournisseurs et, id\u00e9alement, observer l&rsquo;\u00e9volution des prix d&rsquo;un produit avant le d\u00e9but des campagnes de r\u00e9duction. Un d\u00e9fi particulier est de ne pas tomber dans le pi\u00e8ge des fausses boutiques. Parce que les fraudeurs profitent volontiers de l\u2019agitation des rabais pour arnaquer les acheteurs.<\/p>\n<p>Par cons\u00e9quent\u00a0: gardez toujours la t\u00eate froide et ne vous laissez pas mettre sous pression pour acheter, peu importe \u00e0 quel point les horloges sont \u00ab\u00a0mena\u00e7antes\u00a0\u00bb ou d&rsquo;autres \u00e9l\u00e9ments visuels tels que les graphiques \u00e0 barres visualisent des stocks cens\u00e9s diminuer. Les concessionnaires modifiaient souvent leurs offres et leurs prix plusieurs fois par jour.<\/p>\n<p>Souvent, le m\u00eame produit ou un produit comparable est disponible aupr\u00e8s d\u2019un autre fournisseur, voire m\u00eame moins cher. Et au final, il se pourrait m\u00eame qu&rsquo;une comparaison effectu\u00e9e \u00e0 l&rsquo;aide des moteurs de recherche de prix r\u00e9v\u00e8le une meilleure offre que l&rsquo;offre sp\u00e9ciale suppos\u00e9e.<\/p>\n<h3>5 conseils de d\u00e9fenseurs des consommateurs pour les chasseurs de rabais<\/h3>\n<p><b>1. V\u00e9rifiez les r\u00e9ductions\u00a0: <\/b>Les chiffres rouges, les prix barr\u00e9s et les pourcentages sont destin\u00e9s \u00e0 visualiser combien d&rsquo;argent peut \u00eatre \u00e9conomis\u00e9. Cependant, de nombreuses offres pr\u00e9tendument imbattables sont bas\u00e9es sur une comparaison avec le prix de vente conseill\u00e9 (PPC) du fabricant. Cependant, le prix conseill\u00e9 n\u2019est pas le m\u00eame que le prix de d\u00e9tail habituel.<\/p>\n<div id=\"attachment_402311\" class=\"wp-caption alignleft\" style=\"max-width: 300px\"><img decoding=\"async\" class=\"wp-image-402311 size-medium\" src=\"https:\/\/vieassociative.be\/actualites\/wp-content\/uploads\/2024\/11\/Black-Friday-29-novembre-5-conseils-pour-les-campagnes.jpg\" alt=\"\" width=\"300\" height=\"200\"><\/p>\n<p class=\"wp-caption-text\">24 novembre 2023, Berlin : une affiche du Black Friday est visible dans la vitrine d&rsquo;un magasin de v\u00eatements du Kurf\u00fcrstendamm. Photo : Christoph Soeder\/dpa<\/p>\n<\/div>\n<p><b>2. Comparez les prix : <\/b>N&rsquo;achetez jamais sans comparer le prix actuel dans diff\u00e9rents magasins ou \u00e0 l&rsquo;aide de moteurs de recherche de prix. Utilisez essentiellement au moins deux moteurs de recherche de prix diff\u00e9rents. Ce n\u2019est que si une offre ne peut pas \u00eatre sous-cot\u00e9e qu\u2019elle peut r\u00e9ellement \u00eatre une bonne affaire ou au moins une bonne offre.<\/p>\n<p><b>3. M\u00e9fiez-vous des fausses boutiques : <\/b>Les fraudeurs ne se contentent pas de mettre en ligne leurs propres sites, ils copient \u00e9galement des sites de boutiques populaires et sont \u00e9galement actifs sur les march\u00e9s en ligne. Par cons\u00e9quent, v\u00e9rifiez attentivement les sites, par exemple \u00e0 l&rsquo;aide du outil de recherche de faux magasins du centre de conseil aux consommateurs, et ne payez jamais \u00e0 l&rsquo;avance.<\/p>\n<p><b>4. Brouillez vos traces\u00a0: <\/b>Les produits affich\u00e9s et \u00e0 quel prix d\u00e9pendent en partie de l&rsquo;heure de la journ\u00e9e, mais aussi de votre propre comportement de navigation, de votre lieu de r\u00e9sidence ou de l&rsquo;appareil utilis\u00e9. Il est donc conseill\u00e9 d&rsquo;effectuer vos achats de la mani\u00e8re la plus efficace possible en mati\u00e8re de donn\u00e9es et de mani\u00e8re anonyme, par exemple en supprimant r\u00e9guli\u00e8rement les cookies du navigateur et en utilisant un service VPN ou le navigateur Tor.<\/p>\n<p><b>5. Utilisez le droit de r\u00e9tractation : <\/b>Si le produit n&rsquo;est pas aussi bon march\u00e9 que pr\u00e9vu, vous pouvez v\u00e9rifier si le d\u00e9taillant propose une option d&rsquo;annulation. Si ce n&rsquo;est pas le cas, la r\u00e9vocation demeure. Lors d&rsquo;un achat en ligne, cela est g\u00e9n\u00e9ralement possible sans justification jusqu&rsquo;\u00e0 14 jours apr\u00e8s la livraison. Cependant, des frais de retour peuvent s&rsquo;appliquer.<\/p>\n","protected":false},"excerpt":{"rendered":"<p>Si l\u2019on en croit les promesses de la publicit\u00e9, il y aura des r\u00e9ductions dans le commerce en ligne six bonnes semaines avant No\u00ebl. Des<\/p>\n","protected":false},"author":1,"featured_media":2657,"comment_status":"","ping_status":"","sticky":false,"template":"","format":"standard","meta":{"footnotes":""},"categories":[298],"tags":[73,3391,725,3392,1255,14,1894,81],"class_list":["post-2656","post","type-post","status-publish","format-standard","has-post-thumbnail","hentry","category-belgique","tag-black","tag-campagnes","tag-conseils","tag-discount","tag-friday","tag-les","tag-novembre","tag-pour","generate-columns","tablet-grid-50","mobile-grid-100","grid-parent","grid-33"],"yoast_head":"<!-- This site is optimized with the Yoast SEO plugin v24.0 - https:\/\/yoast.com\/wordpress\/plugins\/seo\/ -->\n<title>Black Friday (29 novembre) : 5 conseils pour les campagnes discount | Vie Associative<\/title>\n<meta name=\"robots\" content=\"index, follow, max-snippet:-1, max-image-preview:large, max-video-preview:-1\" \/>\n<link rel=\"canonical\" href=\"https:\/\/vieassociative.be\/actualites\/black-friday-29-novembre-5-conseils-pour-les-campagnes-discount\/\" \/>\n<meta property=\"og:locale\" content=\"fr_FR\" \/>\n<meta property=\"og:type\" content=\"article\" \/>\n<meta property=\"og:title\" content=\"Black Friday (29 novembre) : 5 conseils pour les campagnes discount | Vie Associative\" \/>\n<meta property=\"og:description\" content=\"Si l\u2019on en croit les promesses de la publicit\u00e9, il y aura des r\u00e9ductions dans le commerce en ligne six bonnes semaines avant No\u00ebl. Des\" \/>\n<meta property=\"og:url\" content=\"https:\/\/vieassociative.be\/actualites\/black-friday-29-novembre-5-conseils-pour-les-campagnes-discount\/\" \/>\n<meta property=\"og:site_name\" content=\"Vie Associative\" \/>\n<meta property=\"article:published_time\" content=\"2024-11-22T02:16:59+00:00\" \/>\n<meta property=\"og:image\" content=\"https:\/\/vieassociative.be\/actualites\/wp-content\/uploads\/2024\/11\/Black-Friday-29-novembre-5-conseils-pour-les-campagnes.jpeg\" \/>\n<meta name=\"author\" content=\"Julien\" \/>\n<meta name=\"twitter:card\" content=\"summary_large_image\" \/>\n<meta name=\"twitter:label1\" content=\"\u00c9crit par\" \/>\n\t<meta name=\"twitter:data1\" content=\"Julien\" \/>\n\t<meta name=\"twitter:label2\" content=\"Dur\u00e9e de lecture est.\" \/>\n\t<meta name=\"twitter:data2\" content=\"4 minutes\" \/>\n<script type=\"application\/ld+json\" class=\"yoast-schema-graph\">{\"@context\":\"https:\/\/schema.org\",\"@graph\":[{\"@type\":\"Article\",\"@id\":\"https:\/\/vieassociative.be\/actualites\/black-friday-29-novembre-5-conseils-pour-les-campagnes-discount\/#article\",\"isPartOf\":{\"@id\":\"https:\/\/vieassociative.be\/actualites\/black-friday-29-novembre-5-conseils-pour-les-campagnes-discount\/\"},\"author\":{\"name\":\"Julien\",\"@id\":\"https:\/\/vieassociative.be\/actualites\/#\/schema\/person\/b87ac4f82f9d4e7b7cec7395b679edc4\"},\"headline\":\"Black Friday (29 novembre) : 5 conseils pour les campagnes discount\",\"datePublished\":\"2024-11-22T02:16:59+00:00\",\"dateModified\":\"2024-11-22T02:16:59+00:00\",\"mainEntityOfPage\":{\"@id\":\"https:\/\/vieassociative.be\/actualites\/black-friday-29-novembre-5-conseils-pour-les-campagnes-discount\/\"},\"wordCount\":743,\"publisher\":{\"@id\":\"https:\/\/vieassociative.be\/actualites\/#organization\"},\"image\":{\"@id\":\"https:\/\/vieassociative.be\/actualites\/black-friday-29-novembre-5-conseils-pour-les-campagnes-discount\/#primaryimage\"},\"thumbnailUrl\":\"https:\/\/vieassociative.be\/actualites\/wp-content\/uploads\/2024\/11\/1732241819_Black-Friday-29-novembre-5-conseils-pour-les-campagnes.jpeg\",\"keywords\":[\"Black\",\"campagnes\",\"Conseils\",\"discount\",\"Friday\",\"Les\",\"novembre\",\"pour\"],\"articleSection\":[\"Belgique\"],\"inLanguage\":\"fr-BE\"},{\"@type\":\"WebPage\",\"@id\":\"https:\/\/vieassociative.be\/actualites\/black-friday-29-novembre-5-conseils-pour-les-campagnes-discount\/\",\"url\":\"https:\/\/vieassociative.be\/actualites\/black-friday-29-novembre-5-conseils-pour-les-campagnes-discount\/\",\"name\":\"Black Friday (29 novembre) : 5 conseils pour les campagnes discount | Vie Associative\",\"isPartOf\":{\"@id\":\"https:\/\/vieassociative.be\/actualites\/#website\"},\"primaryImageOfPage\":{\"@id\":\"https:\/\/vieassociative.be\/actualites\/black-friday-29-novembre-5-conseils-pour-les-campagnes-discount\/#primaryimage\"},\"image\":{\"@id\":\"https:\/\/vieassociative.be\/actualites\/black-friday-29-novembre-5-conseils-pour-les-campagnes-discount\/#primaryimage\"},\"thumbnailUrl\":\"https:\/\/vieassociative.be\/actualites\/wp-content\/uploads\/2024\/11\/1732241819_Black-Friday-29-novembre-5-conseils-pour-les-campagnes.jpeg\",\"datePublished\":\"2024-11-22T02:16:59+00:00\",\"dateModified\":\"2024-11-22T02:16:59+00:00\",\"breadcrumb\":{\"@id\":\"https:\/\/vieassociative.be\/actualites\/black-friday-29-novembre-5-conseils-pour-les-campagnes-discount\/#breadcrumb\"},\"inLanguage\":\"fr-BE\",\"potentialAction\":[{\"@type\":\"ReadAction\",\"target\":[\"https:\/\/vieassociative.be\/actualites\/black-friday-29-novembre-5-conseils-pour-les-campagnes-discount\/\"]}]},{\"@type\":\"ImageObject\",\"inLanguage\":\"fr-BE\",\"@id\":\"https:\/\/vieassociative.be\/actualites\/black-friday-29-novembre-5-conseils-pour-les-campagnes-discount\/#primaryimage\",\"url\":\"https:\/\/vieassociative.be\/actualites\/wp-content\/uploads\/2024\/11\/1732241819_Black-Friday-29-novembre-5-conseils-pour-les-campagnes.jpeg\",\"contentUrl\":\"https:\/\/vieassociative.be\/actualites\/wp-content\/uploads\/2024\/11\/1732241819_Black-Friday-29-novembre-5-conseils-pour-les-campagnes.jpeg\",\"width\":1200,\"height\":800,\"caption\":\"Black Friday (29 novembre) : 5 conseils pour les campagnes discount\"},{\"@type\":\"BreadcrumbList\",\"@id\":\"https:\/\/vieassociative.be\/actualites\/black-friday-29-novembre-5-conseils-pour-les-campagnes-discount\/#breadcrumb\",\"itemListElement\":[{\"@type\":\"ListItem\",\"position\":1,\"name\":\"Accueil\",\"item\":\"https:\/\/vieassociative.be\/actualites\/\"},{\"@type\":\"ListItem\",\"position\":2,\"name\":\"Black Friday (29 novembre) : 5 conseils pour les campagnes discount\"}]},{\"@type\":\"WebSite\",\"@id\":\"https:\/\/vieassociative.be\/actualites\/#website\",\"url\":\"https:\/\/vieassociative.be\/actualites\/\",\"name\":\"Vie Associative\",\"description\":\"\",\"publisher\":{\"@id\":\"https:\/\/vieassociative.be\/actualites\/#organization\"},\"potentialAction\":[{\"@type\":\"SearchAction\",\"target\":{\"@type\":\"EntryPoint\",\"urlTemplate\":\"https:\/\/vieassociative.be\/actualites\/?s={search_term_string}\"},\"query-input\":{\"@type\":\"PropertyValueSpecification\",\"valueRequired\":true,\"valueName\":\"search_term_string\"}}],\"inLanguage\":\"fr-BE\"},{\"@type\":\"Organization\",\"@id\":\"https:\/\/vieassociative.be\/actualites\/#organization\",\"name\":\"Vie Associative\",\"url\":\"https:\/\/vieassociative.be\/actualites\/\",\"logo\":{\"@type\":\"ImageObject\",\"inLanguage\":\"fr-BE\",\"@id\":\"https:\/\/vieassociative.be\/actualites\/#\/schema\/logo\/image\/\",\"url\":\"https:\/\/vieassociative.be\/actualites\/wp-content\/uploads\/2024\/09\/cropped-vieassociative_favicon.ico.png\",\"contentUrl\":\"https:\/\/vieassociative.be\/actualites\/wp-content\/uploads\/2024\/09\/cropped-vieassociative_favicon.ico.png\",\"width\":512,\"height\":512,\"caption\":\"Vie Associative\"},\"image\":{\"@id\":\"https:\/\/vieassociative.be\/actualites\/#\/schema\/logo\/image\/\"}},{\"@type\":\"Person\",\"@id\":\"https:\/\/vieassociative.be\/actualites\/#\/schema\/person\/b87ac4f82f9d4e7b7cec7395b679edc4\",\"name\":\"Julien\",\"image\":{\"@type\":\"ImageObject\",\"inLanguage\":\"fr-BE\",\"@id\":\"https:\/\/vieassociative.be\/actualites\/#\/schema\/person\/image\/\",\"url\":\"https:\/\/vieassociative.be\/actualites\/wp-content\/uploads\/2024\/09\/vie-associative-1-150x150.jpg\",\"contentUrl\":\"https:\/\/vieassociative.be\/actualites\/wp-content\/uploads\/2024\/09\/vie-associative-1-150x150.jpg\",\"caption\":\"Julien\"},\"description\":\"Je suis Julien, r\u00e9dacteur pour Vie Associative. Passionn\u00e9 par le monde associatif depuis plus de 10 ans, j'ai \u00e0 c\u0153ur de partager des histoires inspirantes et de mettre en lumi\u00e8re les initiatives locales. Mon objectif est de sensibiliser et d'encourager l'engagement communautaire \u00e0 travers mes articles.\",\"sameAs\":[\"https:\/\/vieassociative.be\/\"]}]}<\/script>\n<!-- \/ Yoast SEO plugin. -->","yoast_head_json":{"title":"Black Friday (29 novembre) : 5 conseils pour les campagnes discount | Vie Associative","robots":{"index":"index","follow":"follow","max-snippet":"max-snippet:-1","max-image-preview":"max-image-preview:large","max-video-preview":"max-video-preview:-1"},"canonical":"https:\/\/vieassociative.be\/actualites\/black-friday-29-novembre-5-conseils-pour-les-campagnes-discount\/","og_locale":"fr_FR","og_type":"article","og_title":"Black Friday (29 novembre) : 5 conseils pour les campagnes discount | Vie Associative","og_description":"Si l\u2019on en croit les promesses de la publicit\u00e9, il y aura des r\u00e9ductions dans le commerce en ligne six bonnes semaines avant No\u00ebl. Des","og_url":"https:\/\/vieassociative.be\/actualites\/black-friday-29-novembre-5-conseils-pour-les-campagnes-discount\/","og_site_name":"Vie Associative","article_published_time":"2024-11-22T02:16:59+00:00","og_image":[{"url":"https:\/\/vieassociative.be\/actualites\/wp-content\/uploads\/2024\/11\/Black-Friday-29-novembre-5-conseils-pour-les-campagnes.jpeg","type":"","width":"","height":""}],"author":"Julien","twitter_card":"summary_large_image","twitter_misc":{"\u00c9crit par":"Julien","Dur\u00e9e de lecture est.":"4 minutes"},"schema":{"@context":"https:\/\/schema.org","@graph":[{"@type":"Article","@id":"https:\/\/vieassociative.be\/actualites\/black-friday-29-novembre-5-conseils-pour-les-campagnes-discount\/#article","isPartOf":{"@id":"https:\/\/vieassociative.be\/actualites\/black-friday-29-novembre-5-conseils-pour-les-campagnes-discount\/"},"author":{"name":"Julien","@id":"https:\/\/vieassociative.be\/actualites\/#\/schema\/person\/b87ac4f82f9d4e7b7cec7395b679edc4"},"headline":"Black Friday (29 novembre) : 5 conseils pour les campagnes discount","datePublished":"2024-11-22T02:16:59+00:00","dateModified":"2024-11-22T02:16:59+00:00","mainEntityOfPage":{"@id":"https:\/\/vieassociative.be\/actualites\/black-friday-29-novembre-5-conseils-pour-les-campagnes-discount\/"},"wordCount":743,"publisher":{"@id":"https:\/\/vieassociative.be\/actualites\/#organization"},"image":{"@id":"https:\/\/vieassociative.be\/actualites\/black-friday-29-novembre-5-conseils-pour-les-campagnes-discount\/#primaryimage"},"thumbnailUrl":"https:\/\/vieassociative.be\/actualites\/wp-content\/uploads\/2024\/11\/1732241819_Black-Friday-29-novembre-5-conseils-pour-les-campagnes.jpeg","keywords":["Black","campagnes","Conseils","discount","Friday","Les","novembre","pour"],"articleSection":["Belgique"],"inLanguage":"fr-BE"},{"@type":"WebPage","@id":"https:\/\/vieassociative.be\/actualites\/black-friday-29-novembre-5-conseils-pour-les-campagnes-discount\/","url":"https:\/\/vieassociative.be\/actualites\/black-friday-29-novembre-5-conseils-pour-les-campagnes-discount\/","name":"Black Friday (29 novembre) : 5 conseils pour les campagnes discount | Vie Associative","isPartOf":{"@id":"https:\/\/vieassociative.be\/actualites\/#website"},"primaryImageOfPage":{"@id":"https:\/\/vieassociative.be\/actualites\/black-friday-29-novembre-5-conseils-pour-les-campagnes-discount\/#primaryimage"},"image":{"@id":"https:\/\/vieassociative.be\/actualites\/black-friday-29-novembre-5-conseils-pour-les-campagnes-discount\/#primaryimage"},"thumbnailUrl":"https:\/\/vieassociative.be\/actualites\/wp-content\/uploads\/2024\/11\/1732241819_Black-Friday-29-novembre-5-conseils-pour-les-campagnes.jpeg","datePublished":"2024-11-22T02:16:59+00:00","dateModified":"2024-11-22T02:16:59+00:00","breadcrumb":{"@id":"https:\/\/vieassociative.be\/actualites\/black-friday-29-novembre-5-conseils-pour-les-campagnes-discount\/#breadcrumb"},"inLanguage":"fr-BE","potentialAction":[{"@type":"ReadAction","target":["https:\/\/vieassociative.be\/actualites\/black-friday-29-novembre-5-conseils-pour-les-campagnes-discount\/"]}]},{"@type":"ImageObject","inLanguage":"fr-BE","@id":"https:\/\/vieassociative.be\/actualites\/black-friday-29-novembre-5-conseils-pour-les-campagnes-discount\/#primaryimage","url":"https:\/\/vieassociative.be\/actualites\/wp-content\/uploads\/2024\/11\/1732241819_Black-Friday-29-novembre-5-conseils-pour-les-campagnes.jpeg","contentUrl":"https:\/\/vieassociative.be\/actualites\/wp-content\/uploads\/2024\/11\/1732241819_Black-Friday-29-novembre-5-conseils-pour-les-campagnes.jpeg","width":1200,"height":800,"caption":"Black Friday (29 novembre) : 5 conseils pour les campagnes discount"},{"@type":"BreadcrumbList","@id":"https:\/\/vieassociative.be\/actualites\/black-friday-29-novembre-5-conseils-pour-les-campagnes-discount\/#breadcrumb","itemListElement":[{"@type":"ListItem","position":1,"name":"Accueil","item":"https:\/\/vieassociative.be\/actualites\/"},{"@type":"ListItem","position":2,"name":"Black Friday (29 novembre) : 5 conseils pour les campagnes discount"}]},{"@type":"WebSite","@id":"https:\/\/vieassociative.be\/actualites\/#website","url":"https:\/\/vieassociative.be\/actualites\/","name":"Vie Associative","description":"","publisher":{"@id":"https:\/\/vieassociative.be\/actualites\/#organization"},"potentialAction":[{"@type":"SearchAction","target":{"@type":"EntryPoint","urlTemplate":"https:\/\/vieassociative.be\/actualites\/?s={search_term_string}"},"query-input":{"@type":"PropertyValueSpecification","valueRequired":true,"valueName":"search_term_string"}}],"inLanguage":"fr-BE"},{"@type":"Organization","@id":"https:\/\/vieassociative.be\/actualites\/#organization","name":"Vie Associative","url":"https:\/\/vieassociative.be\/actualites\/","logo":{"@type":"ImageObject","inLanguage":"fr-BE","@id":"https:\/\/vieassociative.be\/actualites\/#\/schema\/logo\/image\/","url":"https:\/\/vieassociative.be\/actualites\/wp-content\/uploads\/2024\/09\/cropped-vieassociative_favicon.ico.png","contentUrl":"https:\/\/vieassociative.be\/actualites\/wp-content\/uploads\/2024\/09\/cropped-vieassociative_favicon.ico.png","width":512,"height":512,"caption":"Vie Associative"},"image":{"@id":"https:\/\/vieassociative.be\/actualites\/#\/schema\/logo\/image\/"}},{"@type":"Person","@id":"https:\/\/vieassociative.be\/actualites\/#\/schema\/person\/b87ac4f82f9d4e7b7cec7395b679edc4","name":"Julien","image":{"@type":"ImageObject","inLanguage":"fr-BE","@id":"https:\/\/vieassociative.be\/actualites\/#\/schema\/person\/image\/","url":"https:\/\/vieassociative.be\/actualites\/wp-content\/uploads\/2024\/09\/vie-associative-1-150x150.jpg","contentUrl":"https:\/\/vieassociative.be\/actualites\/wp-content\/uploads\/2024\/09\/vie-associative-1-150x150.jpg","caption":"Julien"},"description":"Je suis Julien, r\u00e9dacteur pour Vie Associative. Passionn\u00e9 par le monde associatif depuis plus de 10 ans, j'ai \u00e0 c\u0153ur de partager des histoires inspirantes et de mettre en lumi\u00e8re les initiatives locales. Mon objectif est de sensibiliser et d'encourager l'engagement communautaire \u00e0 travers mes articles.","sameAs":["https:\/\/vieassociative.be\/"]}]}},"_links":{"self":[{"href":"https:\/\/vieassociative.be\/actualites\/wp-json\/wp\/v2\/posts\/2656"}],"collection":[{"href":"https:\/\/vieassociative.be\/actualites\/wp-json\/wp\/v2\/posts"}],"about":[{"href":"https:\/\/vieassociative.be\/actualites\/wp-json\/wp\/v2\/types\/post"}],"author":[{"embeddable":true,"href":"https:\/\/vieassociative.be\/actualites\/wp-json\/wp\/v2\/users\/1"}],"replies":[{"embeddable":true,"href":"https:\/\/vieassociative.be\/actualites\/wp-json\/wp\/v2\/comments?post=2656"}],"version-history":[{"count":0,"href":"https:\/\/vieassociative.be\/actualites\/wp-json\/wp\/v2\/posts\/2656\/revisions"}],"wp:featuredmedia":[{"embeddable":true,"href":"https:\/\/vieassociative.be\/actualites\/wp-json\/wp\/v2\/media\/2657"}],"wp:attachment":[{"href":"https:\/\/vieassociative.be\/actualites\/wp-json\/wp\/v2\/media?parent=2656"}],"wp:term":[{"taxonomy":"category","embeddable":true,"href":"https:\/\/vieassociative.be\/actualites\/wp-json\/wp\/v2\/categories?post=2656"},{"taxonomy":"post_tag","embeddable":true,"href":"https:\/\/vieassociative.be\/actualites\/wp-json\/wp\/v2\/tags?post=2656"}],"curies":[{"name":"wp","href":"https:\/\/api.w.org\/{rel}","templated":true}]}}