{"id":2653,"date":"2024-11-22T01:19:19","date_gmt":"2024-11-22T00:19:19","guid":{"rendered":"https:\/\/vieassociative.be\/actualites\/selon-vous-quels-sont-les-actes-sexuels-les-plus-sous-estimes\/"},"modified":"2024-11-22T01:19:19","modified_gmt":"2024-11-22T00:19:19","slug":"selon-vous-quels-sont-les-actes-sexuels-les-plus-sous-estimes","status":"publish","type":"post","link":"https:\/\/vieassociative.be\/actualites\/selon-vous-quels-sont-les-actes-sexuels-les-plus-sous-estimes\/","title":{"rendered":"Selon vous, quels sont les actes sexuels les plus sous-estim\u00e9s ?"},"content":{"rendered":"<p>Le mois dernier, vous nous avez fait part de vos actes sexuels les plus surfaits (le sexe en pleine nature \u00e9tait fr\u00e9quemment \u00e9voqu\u00e9). Cette semaine, nous voulons en savoir plus sur les plus sous-estim\u00e9s. Quelles parties de votre r\u00e9pertoire sexuel ne re\u00e7oivent pas le respect qu\u2019elles m\u00e9ritent\u00a0? Comme la derni\u00e8re fois, j&rsquo;ai inclus quelques id\u00e9es pour commencer\u00a0!<\/p>\n<div class=\"mx-auto my-6 flex max-w-3xl flex-col overflow-hidden rounded-md border border-gray-300 sm:flex-row sm:items-center\">\n<div class=\"p-4\">\n<p>                Selon vous, quels sont les actes sexuels les plus surfaits ? En savoir plus\n        <\/p><\/div>\n<\/p><\/div>\n<p><em>Photo de Wikimedia Commons.<\/em><\/p>\n","protected":false},"excerpt":{"rendered":"<p>Le mois dernier, vous nous avez fait part de vos actes sexuels les plus surfaits (le sexe en pleine nature \u00e9tait fr\u00e9quemment \u00e9voqu\u00e9). Cette semaine,<\/p>\n","protected":false},"author":1,"featured_media":1797,"comment_status":"","ping_status":"","sticky":false,"template":"","format":"standard","meta":{"footnotes":""},"categories":[42],"tags":[3385,14,3384,507,250,18,3386,4],"class_list":["post-2653","post","type-post","status-publish","format-standard","has-post-thumbnail","hentry","category-relations","tag-actes","tag-les","tag-quels","tag-selon","tag-sexuels","tag-sont","tag-sousestimes","tag-vous","generate-columns","tablet-grid-50","mobile-grid-100","grid-parent","grid-33"],"yoast_head":"<!-- This site is optimized with the Yoast SEO plugin v24.0 - https:\/\/yoast.com\/wordpress\/plugins\/seo\/ -->\n<title>Selon vous, quels sont les actes sexuels les plus sous-estim\u00e9s ? | Vie Associative<\/title>\n<meta name=\"robots\" content=\"index, follow, max-snippet:-1, max-image-preview:large, max-video-preview:-1\" \/>\n<link rel=\"canonical\" href=\"https:\/\/vieassociative.be\/actualites\/selon-vous-quels-sont-les-actes-sexuels-les-plus-sous-estimes\/\" \/>\n<meta property=\"og:locale\" content=\"fr_FR\" \/>\n<meta property=\"og:type\" content=\"article\" \/>\n<meta property=\"og:title\" content=\"Selon vous, quels sont les actes sexuels les plus sous-estim\u00e9s ? | Vie Associative\" \/>\n<meta property=\"og:description\" content=\"Le mois dernier, vous nous avez fait part de vos actes sexuels les plus surfaits (le sexe en pleine nature \u00e9tait fr\u00e9quemment \u00e9voqu\u00e9). Cette semaine,\" \/>\n<meta property=\"og:url\" content=\"https:\/\/vieassociative.be\/actualites\/selon-vous-quels-sont-les-actes-sexuels-les-plus-sous-estimes\/\" \/>\n<meta property=\"og:site_name\" content=\"Vie Associative\" \/>\n<meta property=\"article:published_time\" content=\"2024-11-22T00:19:19+00:00\" \/>\n<meta property=\"og:image\" content=\"https:\/\/vieassociative.be\/actualites\/wp-content\/uploads\/2024\/09\/header_backgroundk-01-e1726694325946.png\" \/>\n\t<meta property=\"og:image:width\" content=\"279\" \/>\n\t<meta property=\"og:image:height\" content=\"92\" \/>\n\t<meta property=\"og:image:type\" content=\"image\/png\" \/>\n<meta name=\"author\" content=\"Julien\" \/>\n<meta name=\"twitter:card\" content=\"summary_large_image\" \/>\n<meta name=\"twitter:label1\" content=\"\u00c9crit par\" \/>\n\t<meta name=\"twitter:data1\" content=\"Julien\" \/>\n<script type=\"application\/ld+json\" class=\"yoast-schema-graph\">{\"@context\":\"https:\/\/schema.org\",\"@graph\":[{\"@type\":\"Article\",\"@id\":\"https:\/\/vieassociative.be\/actualites\/selon-vous-quels-sont-les-actes-sexuels-les-plus-sous-estimes\/#article\",\"isPartOf\":{\"@id\":\"https:\/\/vieassociative.be\/actualites\/selon-vous-quels-sont-les-actes-sexuels-les-plus-sous-estimes\/\"},\"author\":{\"name\":\"Julien\",\"@id\":\"https:\/\/vieassociative.be\/actualites\/#\/schema\/person\/b87ac4f82f9d4e7b7cec7395b679edc4\"},\"headline\":\"Selon vous, quels sont les actes sexuels les plus sous-estim\u00e9s ?\",\"datePublished\":\"2024-11-22T00:19:19+00:00\",\"dateModified\":\"2024-11-22T00:19:19+00:00\",\"mainEntityOfPage\":{\"@id\":\"https:\/\/vieassociative.be\/actualites\/selon-vous-quels-sont-les-actes-sexuels-les-plus-sous-estimes\/\"},\"wordCount\":94,\"publisher\":{\"@id\":\"https:\/\/vieassociative.be\/actualites\/#organization\"},\"image\":{\"@id\":\"https:\/\/vieassociative.be\/actualites\/selon-vous-quels-sont-les-actes-sexuels-les-plus-sous-estimes\/#primaryimage\"},\"thumbnailUrl\":\"https:\/\/vieassociative.be\/actualites\/wp-content\/uploads\/2024\/10\/Les-vibromasseurs-diminuent-ils-reellement-votre-sensibilite.png\",\"keywords\":[\"actes\",\"Les\",\"quels\",\"selon\",\"sexuels\",\"sont\",\"sousestim\u00e9s\",\"Vous\"],\"articleSection\":[\"Relations\"],\"inLanguage\":\"fr-BE\"},{\"@type\":\"WebPage\",\"@id\":\"https:\/\/vieassociative.be\/actualites\/selon-vous-quels-sont-les-actes-sexuels-les-plus-sous-estimes\/\",\"url\":\"https:\/\/vieassociative.be\/actualites\/selon-vous-quels-sont-les-actes-sexuels-les-plus-sous-estimes\/\",\"name\":\"Selon vous, quels sont les actes sexuels les plus sous-estim\u00e9s ? | Vie Associative\",\"isPartOf\":{\"@id\":\"https:\/\/vieassociative.be\/actualites\/#website\"},\"primaryImageOfPage\":{\"@id\":\"https:\/\/vieassociative.be\/actualites\/selon-vous-quels-sont-les-actes-sexuels-les-plus-sous-estimes\/#primaryimage\"},\"image\":{\"@id\":\"https:\/\/vieassociative.be\/actualites\/selon-vous-quels-sont-les-actes-sexuels-les-plus-sous-estimes\/#primaryimage\"},\"thumbnailUrl\":\"https:\/\/vieassociative.be\/actualites\/wp-content\/uploads\/2024\/10\/Les-vibromasseurs-diminuent-ils-reellement-votre-sensibilite.png\",\"datePublished\":\"2024-11-22T00:19:19+00:00\",\"dateModified\":\"2024-11-22T00:19:19+00:00\",\"breadcrumb\":{\"@id\":\"https:\/\/vieassociative.be\/actualites\/selon-vous-quels-sont-les-actes-sexuels-les-plus-sous-estimes\/#breadcrumb\"},\"inLanguage\":\"fr-BE\",\"potentialAction\":[{\"@type\":\"ReadAction\",\"target\":[\"https:\/\/vieassociative.be\/actualites\/selon-vous-quels-sont-les-actes-sexuels-les-plus-sous-estimes\/\"]}]},{\"@type\":\"ImageObject\",\"inLanguage\":\"fr-BE\",\"@id\":\"https:\/\/vieassociative.be\/actualites\/selon-vous-quels-sont-les-actes-sexuels-les-plus-sous-estimes\/#primaryimage\",\"url\":\"https:\/\/vieassociative.be\/actualites\/wp-content\/uploads\/2024\/10\/Les-vibromasseurs-diminuent-ils-reellement-votre-sensibilite.png\",\"contentUrl\":\"https:\/\/vieassociative.be\/actualites\/wp-content\/uploads\/2024\/10\/Les-vibromasseurs-diminuent-ils-reellement-votre-sensibilite.png\",\"width\":1200,\"height\":675,\"caption\":\"Les vibromasseurs diminuent-ils r\u00e9ellement votre sensibilit\u00e9 ?\"},{\"@type\":\"BreadcrumbList\",\"@id\":\"https:\/\/vieassociative.be\/actualites\/selon-vous-quels-sont-les-actes-sexuels-les-plus-sous-estimes\/#breadcrumb\",\"itemListElement\":[{\"@type\":\"ListItem\",\"position\":1,\"name\":\"Accueil\",\"item\":\"https:\/\/vieassociative.be\/actualites\/\"},{\"@type\":\"ListItem\",\"position\":2,\"name\":\"Selon vous, quels sont les actes sexuels les plus sous-estim\u00e9s ?\"}]},{\"@type\":\"WebSite\",\"@id\":\"https:\/\/vieassociative.be\/actualites\/#website\",\"url\":\"https:\/\/vieassociative.be\/actualites\/\",\"name\":\"Vie Associative\",\"description\":\"\",\"publisher\":{\"@id\":\"https:\/\/vieassociative.be\/actualites\/#organization\"},\"potentialAction\":[{\"@type\":\"SearchAction\",\"target\":{\"@type\":\"EntryPoint\",\"urlTemplate\":\"https:\/\/vieassociative.be\/actualites\/?s={search_term_string}\"},\"query-input\":{\"@type\":\"PropertyValueSpecification\",\"valueRequired\":true,\"valueName\":\"search_term_string\"}}],\"inLanguage\":\"fr-BE\"},{\"@type\":\"Organization\",\"@id\":\"https:\/\/vieassociative.be\/actualites\/#organization\",\"name\":\"Vie Associative\",\"url\":\"https:\/\/vieassociative.be\/actualites\/\",\"logo\":{\"@type\":\"ImageObject\",\"inLanguage\":\"fr-BE\",\"@id\":\"https:\/\/vieassociative.be\/actualites\/#\/schema\/logo\/image\/\",\"url\":\"https:\/\/vieassociative.be\/actualites\/wp-content\/uploads\/2024\/09\/cropped-vieassociative_favicon.ico.png\",\"contentUrl\":\"https:\/\/vieassociative.be\/actualites\/wp-content\/uploads\/2024\/09\/cropped-vieassociative_favicon.ico.png\",\"width\":512,\"height\":512,\"caption\":\"Vie Associative\"},\"image\":{\"@id\":\"https:\/\/vieassociative.be\/actualites\/#\/schema\/logo\/image\/\"}},{\"@type\":\"Person\",\"@id\":\"https:\/\/vieassociative.be\/actualites\/#\/schema\/person\/b87ac4f82f9d4e7b7cec7395b679edc4\",\"name\":\"Julien\",\"image\":{\"@type\":\"ImageObject\",\"inLanguage\":\"fr-BE\",\"@id\":\"https:\/\/vieassociative.be\/actualites\/#\/schema\/person\/image\/\",\"url\":\"https:\/\/vieassociative.be\/actualites\/wp-content\/uploads\/2024\/09\/vie-associative-1-150x150.jpg\",\"contentUrl\":\"https:\/\/vieassociative.be\/actualites\/wp-content\/uploads\/2024\/09\/vie-associative-1-150x150.jpg\",\"caption\":\"Julien\"},\"description\":\"Je suis Julien, r\u00e9dacteur pour Vie Associative. Passionn\u00e9 par le monde associatif depuis plus de 10 ans, j'ai \u00e0 c\u0153ur de partager des histoires inspirantes et de mettre en lumi\u00e8re les initiatives locales. Mon objectif est de sensibiliser et d'encourager l'engagement communautaire \u00e0 travers mes articles.\",\"sameAs\":[\"https:\/\/vieassociative.be\/\"]}]}<\/script>\n<!-- \/ Yoast SEO plugin. -->","yoast_head_json":{"title":"Selon vous, quels sont les actes sexuels les plus sous-estim\u00e9s ? | Vie Associative","robots":{"index":"index","follow":"follow","max-snippet":"max-snippet:-1","max-image-preview":"max-image-preview:large","max-video-preview":"max-video-preview:-1"},"canonical":"https:\/\/vieassociative.be\/actualites\/selon-vous-quels-sont-les-actes-sexuels-les-plus-sous-estimes\/","og_locale":"fr_FR","og_type":"article","og_title":"Selon vous, quels sont les actes sexuels les plus sous-estim\u00e9s ? | Vie Associative","og_description":"Le mois dernier, vous nous avez fait part de vos actes sexuels les plus surfaits (le sexe en pleine nature \u00e9tait fr\u00e9quemment \u00e9voqu\u00e9). Cette semaine,","og_url":"https:\/\/vieassociative.be\/actualites\/selon-vous-quels-sont-les-actes-sexuels-les-plus-sous-estimes\/","og_site_name":"Vie Associative","article_published_time":"2024-11-22T00:19:19+00:00","og_image":[{"width":279,"height":92,"url":"https:\/\/vieassociative.be\/actualites\/wp-content\/uploads\/2024\/09\/header_backgroundk-01-e1726694325946.png","type":"image\/png"}],"author":"Julien","twitter_card":"summary_large_image","twitter_misc":{"\u00c9crit par":"Julien"},"schema":{"@context":"https:\/\/schema.org","@graph":[{"@type":"Article","@id":"https:\/\/vieassociative.be\/actualites\/selon-vous-quels-sont-les-actes-sexuels-les-plus-sous-estimes\/#article","isPartOf":{"@id":"https:\/\/vieassociative.be\/actualites\/selon-vous-quels-sont-les-actes-sexuels-les-plus-sous-estimes\/"},"author":{"name":"Julien","@id":"https:\/\/vieassociative.be\/actualites\/#\/schema\/person\/b87ac4f82f9d4e7b7cec7395b679edc4"},"headline":"Selon vous, quels sont les actes sexuels les plus sous-estim\u00e9s ?","datePublished":"2024-11-22T00:19:19+00:00","dateModified":"2024-11-22T00:19:19+00:00","mainEntityOfPage":{"@id":"https:\/\/vieassociative.be\/actualites\/selon-vous-quels-sont-les-actes-sexuels-les-plus-sous-estimes\/"},"wordCount":94,"publisher":{"@id":"https:\/\/vieassociative.be\/actualites\/#organization"},"image":{"@id":"https:\/\/vieassociative.be\/actualites\/selon-vous-quels-sont-les-actes-sexuels-les-plus-sous-estimes\/#primaryimage"},"thumbnailUrl":"https:\/\/vieassociative.be\/actualites\/wp-content\/uploads\/2024\/10\/Les-vibromasseurs-diminuent-ils-reellement-votre-sensibilite.png","keywords":["actes","Les","quels","selon","sexuels","sont","sousestim\u00e9s","Vous"],"articleSection":["Relations"],"inLanguage":"fr-BE"},{"@type":"WebPage","@id":"https:\/\/vieassociative.be\/actualites\/selon-vous-quels-sont-les-actes-sexuels-les-plus-sous-estimes\/","url":"https:\/\/vieassociative.be\/actualites\/selon-vous-quels-sont-les-actes-sexuels-les-plus-sous-estimes\/","name":"Selon vous, quels sont les actes sexuels les plus sous-estim\u00e9s ? | Vie Associative","isPartOf":{"@id":"https:\/\/vieassociative.be\/actualites\/#website"},"primaryImageOfPage":{"@id":"https:\/\/vieassociative.be\/actualites\/selon-vous-quels-sont-les-actes-sexuels-les-plus-sous-estimes\/#primaryimage"},"image":{"@id":"https:\/\/vieassociative.be\/actualites\/selon-vous-quels-sont-les-actes-sexuels-les-plus-sous-estimes\/#primaryimage"},"thumbnailUrl":"https:\/\/vieassociative.be\/actualites\/wp-content\/uploads\/2024\/10\/Les-vibromasseurs-diminuent-ils-reellement-votre-sensibilite.png","datePublished":"2024-11-22T00:19:19+00:00","dateModified":"2024-11-22T00:19:19+00:00","breadcrumb":{"@id":"https:\/\/vieassociative.be\/actualites\/selon-vous-quels-sont-les-actes-sexuels-les-plus-sous-estimes\/#breadcrumb"},"inLanguage":"fr-BE","potentialAction":[{"@type":"ReadAction","target":["https:\/\/vieassociative.be\/actualites\/selon-vous-quels-sont-les-actes-sexuels-les-plus-sous-estimes\/"]}]},{"@type":"ImageObject","inLanguage":"fr-BE","@id":"https:\/\/vieassociative.be\/actualites\/selon-vous-quels-sont-les-actes-sexuels-les-plus-sous-estimes\/#primaryimage","url":"https:\/\/vieassociative.be\/actualites\/wp-content\/uploads\/2024\/10\/Les-vibromasseurs-diminuent-ils-reellement-votre-sensibilite.png","contentUrl":"https:\/\/vieassociative.be\/actualites\/wp-content\/uploads\/2024\/10\/Les-vibromasseurs-diminuent-ils-reellement-votre-sensibilite.png","width":1200,"height":675,"caption":"Les vibromasseurs diminuent-ils r\u00e9ellement votre sensibilit\u00e9 ?"},{"@type":"BreadcrumbList","@id":"https:\/\/vieassociative.be\/actualites\/selon-vous-quels-sont-les-actes-sexuels-les-plus-sous-estimes\/#breadcrumb","itemListElement":[{"@type":"ListItem","position":1,"name":"Accueil","item":"https:\/\/vieassociative.be\/actualites\/"},{"@type":"ListItem","position":2,"name":"Selon vous, quels sont les actes sexuels les plus sous-estim\u00e9s ?"}]},{"@type":"WebSite","@id":"https:\/\/vieassociative.be\/actualites\/#website","url":"https:\/\/vieassociative.be\/actualites\/","name":"Vie Associative","description":"","publisher":{"@id":"https:\/\/vieassociative.be\/actualites\/#organization"},"potentialAction":[{"@type":"SearchAction","target":{"@type":"EntryPoint","urlTemplate":"https:\/\/vieassociative.be\/actualites\/?s={search_term_string}"},"query-input":{"@type":"PropertyValueSpecification","valueRequired":true,"valueName":"search_term_string"}}],"inLanguage":"fr-BE"},{"@type":"Organization","@id":"https:\/\/vieassociative.be\/actualites\/#organization","name":"Vie Associative","url":"https:\/\/vieassociative.be\/actualites\/","logo":{"@type":"ImageObject","inLanguage":"fr-BE","@id":"https:\/\/vieassociative.be\/actualites\/#\/schema\/logo\/image\/","url":"https:\/\/vieassociative.be\/actualites\/wp-content\/uploads\/2024\/09\/cropped-vieassociative_favicon.ico.png","contentUrl":"https:\/\/vieassociative.be\/actualites\/wp-content\/uploads\/2024\/09\/cropped-vieassociative_favicon.ico.png","width":512,"height":512,"caption":"Vie Associative"},"image":{"@id":"https:\/\/vieassociative.be\/actualites\/#\/schema\/logo\/image\/"}},{"@type":"Person","@id":"https:\/\/vieassociative.be\/actualites\/#\/schema\/person\/b87ac4f82f9d4e7b7cec7395b679edc4","name":"Julien","image":{"@type":"ImageObject","inLanguage":"fr-BE","@id":"https:\/\/vieassociative.be\/actualites\/#\/schema\/person\/image\/","url":"https:\/\/vieassociative.be\/actualites\/wp-content\/uploads\/2024\/09\/vie-associative-1-150x150.jpg","contentUrl":"https:\/\/vieassociative.be\/actualites\/wp-content\/uploads\/2024\/09\/vie-associative-1-150x150.jpg","caption":"Julien"},"description":"Je suis Julien, r\u00e9dacteur pour Vie Associative. Passionn\u00e9 par le monde associatif depuis plus de 10 ans, j'ai \u00e0 c\u0153ur de partager des histoires inspirantes et de mettre en lumi\u00e8re les initiatives locales. Mon objectif est de sensibiliser et d'encourager l'engagement communautaire \u00e0 travers mes articles.","sameAs":["https:\/\/vieassociative.be\/"]}]}},"_links":{"self":[{"href":"https:\/\/vieassociative.be\/actualites\/wp-json\/wp\/v2\/posts\/2653"}],"collection":[{"href":"https:\/\/vieassociative.be\/actualites\/wp-json\/wp\/v2\/posts"}],"about":[{"href":"https:\/\/vieassociative.be\/actualites\/wp-json\/wp\/v2\/types\/post"}],"author":[{"embeddable":true,"href":"https:\/\/vieassociative.be\/actualites\/wp-json\/wp\/v2\/users\/1"}],"replies":[{"embeddable":true,"href":"https:\/\/vieassociative.be\/actualites\/wp-json\/wp\/v2\/comments?post=2653"}],"version-history":[{"count":0,"href":"https:\/\/vieassociative.be\/actualites\/wp-json\/wp\/v2\/posts\/2653\/revisions"}],"wp:featuredmedia":[{"embeddable":true,"href":"https:\/\/vieassociative.be\/actualites\/wp-json\/wp\/v2\/media\/1797"}],"wp:attachment":[{"href":"https:\/\/vieassociative.be\/actualites\/wp-json\/wp\/v2\/media?parent=2653"}],"wp:term":[{"taxonomy":"category","embeddable":true,"href":"https:\/\/vieassociative.be\/actualites\/wp-json\/wp\/v2\/categories?post=2653"},{"taxonomy":"post_tag","embeddable":true,"href":"https:\/\/vieassociative.be\/actualites\/wp-json\/wp\/v2\/tags?post=2653"}],"curies":[{"name":"wp","href":"https:\/\/api.w.org\/{rel}","templated":true}]}}