{"id":265,"date":"2024-09-21T17:35:38","date_gmt":"2024-09-21T15:35:38","guid":{"rendered":"https:\/\/vieassociative.be\/actualites\/belgique-deutsche-sterben-bei-absturz-eines-kleinflugzeugs\/"},"modified":"2024-09-21T17:35:38","modified_gmt":"2024-09-21T15:35:38","slug":"belgique-deutsche-sterben-bei-absturz-eines-kleinflugzeugs","status":"publish","type":"post","link":"https:\/\/vieassociative.be\/actualites\/belgique-deutsche-sterben-bei-absturz-eines-kleinflugzeugs\/","title":{"rendered":"Belgique : Deutsche sterben bei Absturz eines Kleinflugzeugs"},"content":{"rendered":"<p><\/p>\n<p class=\"font-sans font-medium\">  Avec une pause dans les Ardennes belges, demain vous aurez un Passenger Flugzeug avec deux crashs allemands.<\/p>\n<aside class=\"h-ad-280+text lg:h-0 \" data-slot-id=\"pos1_sm\" data-breakpoint=\"sm\" data-hide-ad-text=\"false\" data-module-id=\"SparkAdSlotModule\"><\/aside>\n<p>Beim Absturz eines Kleinflugzeugs in der Stadt Spa en Belgique puisque deux Menschen ums Leben viennent. Le pilote vit le matin ensoleill\u00e9 o\u00f9 les chemins de fer du pays sont am\u00e9lior\u00e9s et o\u00f9 il passera une voiture sur la route, rapporte la Nachrichtenagentur Belga belge. Ensuite, il y a de nouveaux enjeux. Le pilote et un homme de deux personnes, qui ne pourraient pas s&rsquo;identifier pendant la guerre, seraient touch\u00e9s par la catastrophe au-del\u00e0 des fronti\u00e8res de l&rsquo;Allemagne. Les deux Todesopfer seien Deutsche.<\/p>\n<p>La machine est disponible \u00e0 M\u00f6nchengladbach, mais aucune information n&rsquo;est disponible sur le Flugsicherheit allemand.<\/p>\n<p>La machine est pr\u00eate \u00e0 accueillir une voiture gar\u00e9e sur un trajet de 100 m\u00e8tres sur route. C&rsquo;est <strong>Flugzeug <\/strong>et le chercheur de voiture. Le pilote, un homme dans le train et la deuxi\u00e8me \u00e9quipe surveillent la chute nicht. Le Fahrer des Autos est pr\u00eat \u00e0 \u00eatre utilis\u00e9. Il y aurait un cr\u00e9neau horaire avec lequel la voiture pourrait voyager, afin qu&rsquo;elle puisse \u00eatre r\u00e9cup\u00e9r\u00e9e. <\/p>\n<div id=\"piano-banner-kampagne\" class=\"mb-4 block\"><\/div>\n<div id=\"piano-reco-widget\" class=\"mb-4 block\"><\/div>\n<p>L&rsquo;accident s&rsquo;est produit \u00e0 seulement 100 m\u00e8tres de la Flugplatz ereignet. Beh\u00f6rden seien vor Ort, um eine Verschmutzung von Wasserentnahmestellen and Damen durch Kerosin zu verhindern.<\/p>\n","protected":false},"excerpt":{"rendered":"<p>Avec une pause dans les Ardennes belges, demain vous aurez un Passenger Flugzeug avec deux crashs allemands. Beim Absturz eines Kleinflugzeugs in der Stadt Spa<\/p>\n","protected":false},"author":1,"featured_media":252,"comment_status":"closed","ping_status":"","sticky":false,"template":"","format":"standard","meta":{"footnotes":""},"categories":[298],"tags":[387,386,383,384,388,389,385],"class_list":["post-265","post","type-post","status-publish","format-standard","has-post-thumbnail","hentry","category-belgique","tag-absturz","tag-bei","tag-belgique","tag-deutsche","tag-eines","tag-kleinflugzeugs","tag-sterben","generate-columns","tablet-grid-50","mobile-grid-100","grid-parent","grid-33"],"yoast_head":"<!-- This site is optimized with the Yoast SEO plugin v24.0 - https:\/\/yoast.com\/wordpress\/plugins\/seo\/ -->\n<title>Belgique : Deutsche sterben bei Absturz eines Kleinflugzeugs | Vie Associative<\/title>\n<meta name=\"robots\" content=\"index, follow, max-snippet:-1, max-image-preview:large, max-video-preview:-1\" \/>\n<link rel=\"canonical\" href=\"https:\/\/vieassociative.be\/actualites\/belgique-deutsche-sterben-bei-absturz-eines-kleinflugzeugs\/\" \/>\n<meta property=\"og:locale\" content=\"fr_FR\" \/>\n<meta property=\"og:type\" content=\"article\" \/>\n<meta property=\"og:title\" content=\"Belgique : Deutsche sterben bei Absturz eines Kleinflugzeugs | Vie Associative\" \/>\n<meta property=\"og:description\" content=\"Avec une pause dans les Ardennes belges, demain vous aurez un Passenger Flugzeug avec deux crashs allemands. Beim Absturz eines Kleinflugzeugs in der Stadt Spa\" \/>\n<meta property=\"og:url\" content=\"https:\/\/vieassociative.be\/actualites\/belgique-deutsche-sterben-bei-absturz-eines-kleinflugzeugs\/\" \/>\n<meta property=\"og:site_name\" content=\"Vie Associative\" \/>\n<meta property=\"article:published_time\" content=\"2024-09-21T15:35:38+00:00\" \/>\n<meta property=\"og:image\" content=\"https:\/\/vieassociative.be\/actualites\/wp-content\/uploads\/2024\/09\/1726932789_Belgique-Deutsche-sterben-bei-Absturz-eines-Kleinflugzeugs.jpeg\" \/>\n\t<meta property=\"og:image:width\" content=\"1600\" \/>\n\t<meta property=\"og:image:height\" content=\"900\" \/>\n\t<meta property=\"og:image:type\" content=\"image\/jpeg\" \/>\n<meta name=\"author\" content=\"Julien\" \/>\n<meta name=\"twitter:card\" content=\"summary_large_image\" \/>\n<meta name=\"twitter:label1\" content=\"\u00c9crit par\" \/>\n\t<meta name=\"twitter:data1\" content=\"Julien\" \/>\n\t<meta name=\"twitter:label2\" content=\"Dur\u00e9e de lecture est.\" \/>\n\t<meta name=\"twitter:data2\" content=\"1 minute\" \/>\n<script type=\"application\/ld+json\" class=\"yoast-schema-graph\">{\"@context\":\"https:\/\/schema.org\",\"@graph\":[{\"@type\":\"Article\",\"@id\":\"https:\/\/vieassociative.be\/actualites\/belgique-deutsche-sterben-bei-absturz-eines-kleinflugzeugs\/#article\",\"isPartOf\":{\"@id\":\"https:\/\/vieassociative.be\/actualites\/belgique-deutsche-sterben-bei-absturz-eines-kleinflugzeugs\/\"},\"author\":{\"name\":\"Julien\",\"@id\":\"https:\/\/vieassociative.be\/actualites\/#\/schema\/person\/b87ac4f82f9d4e7b7cec7395b679edc4\"},\"headline\":\"Belgique : Deutsche sterben bei Absturz eines Kleinflugzeugs\",\"datePublished\":\"2024-09-21T15:35:38+00:00\",\"dateModified\":\"2024-09-21T15:35:38+00:00\",\"mainEntityOfPage\":{\"@id\":\"https:\/\/vieassociative.be\/actualites\/belgique-deutsche-sterben-bei-absturz-eines-kleinflugzeugs\/\"},\"wordCount\":230,\"publisher\":{\"@id\":\"https:\/\/vieassociative.be\/actualites\/#organization\"},\"image\":{\"@id\":\"https:\/\/vieassociative.be\/actualites\/belgique-deutsche-sterben-bei-absturz-eines-kleinflugzeugs\/#primaryimage\"},\"thumbnailUrl\":\"https:\/\/vieassociative.be\/actualites\/wp-content\/uploads\/2024\/09\/1726932789_Belgique-Deutsche-sterben-bei-Absturz-eines-Kleinflugzeugs.jpeg\",\"keywords\":[\"Absturz\",\"bei\",\"Belgique\",\"Deutsche\",\"eines\",\"Kleinflugzeugs\",\"sterben\"],\"articleSection\":[\"Belgique\"],\"inLanguage\":\"fr-BE\"},{\"@type\":\"WebPage\",\"@id\":\"https:\/\/vieassociative.be\/actualites\/belgique-deutsche-sterben-bei-absturz-eines-kleinflugzeugs\/\",\"url\":\"https:\/\/vieassociative.be\/actualites\/belgique-deutsche-sterben-bei-absturz-eines-kleinflugzeugs\/\",\"name\":\"Belgique : Deutsche sterben bei Absturz eines Kleinflugzeugs | Vie Associative\",\"isPartOf\":{\"@id\":\"https:\/\/vieassociative.be\/actualites\/#website\"},\"primaryImageOfPage\":{\"@id\":\"https:\/\/vieassociative.be\/actualites\/belgique-deutsche-sterben-bei-absturz-eines-kleinflugzeugs\/#primaryimage\"},\"image\":{\"@id\":\"https:\/\/vieassociative.be\/actualites\/belgique-deutsche-sterben-bei-absturz-eines-kleinflugzeugs\/#primaryimage\"},\"thumbnailUrl\":\"https:\/\/vieassociative.be\/actualites\/wp-content\/uploads\/2024\/09\/1726932789_Belgique-Deutsche-sterben-bei-Absturz-eines-Kleinflugzeugs.jpeg\",\"datePublished\":\"2024-09-21T15:35:38+00:00\",\"dateModified\":\"2024-09-21T15:35:38+00:00\",\"breadcrumb\":{\"@id\":\"https:\/\/vieassociative.be\/actualites\/belgique-deutsche-sterben-bei-absturz-eines-kleinflugzeugs\/#breadcrumb\"},\"inLanguage\":\"fr-BE\",\"potentialAction\":[{\"@type\":\"ReadAction\",\"target\":[\"https:\/\/vieassociative.be\/actualites\/belgique-deutsche-sterben-bei-absturz-eines-kleinflugzeugs\/\"]}]},{\"@type\":\"ImageObject\",\"inLanguage\":\"fr-BE\",\"@id\":\"https:\/\/vieassociative.be\/actualites\/belgique-deutsche-sterben-bei-absturz-eines-kleinflugzeugs\/#primaryimage\",\"url\":\"https:\/\/vieassociative.be\/actualites\/wp-content\/uploads\/2024\/09\/1726932789_Belgique-Deutsche-sterben-bei-Absturz-eines-Kleinflugzeugs.jpeg\",\"contentUrl\":\"https:\/\/vieassociative.be\/actualites\/wp-content\/uploads\/2024\/09\/1726932789_Belgique-Deutsche-sterben-bei-Absturz-eines-Kleinflugzeugs.jpeg\",\"width\":1600,\"height\":900,\"caption\":\"Belgique : Deutsche sterben bei Absturz eines Kleinflugzeugs\"},{\"@type\":\"BreadcrumbList\",\"@id\":\"https:\/\/vieassociative.be\/actualites\/belgique-deutsche-sterben-bei-absturz-eines-kleinflugzeugs\/#breadcrumb\",\"itemListElement\":[{\"@type\":\"ListItem\",\"position\":1,\"name\":\"Accueil\",\"item\":\"https:\/\/vieassociative.be\/actualites\/\"},{\"@type\":\"ListItem\",\"position\":2,\"name\":\"Belgique : Deutsche sterben bei Absturz eines Kleinflugzeugs\"}]},{\"@type\":\"WebSite\",\"@id\":\"https:\/\/vieassociative.be\/actualites\/#website\",\"url\":\"https:\/\/vieassociative.be\/actualites\/\",\"name\":\"Vie Associative\",\"description\":\"\",\"publisher\":{\"@id\":\"https:\/\/vieassociative.be\/actualites\/#organization\"},\"potentialAction\":[{\"@type\":\"SearchAction\",\"target\":{\"@type\":\"EntryPoint\",\"urlTemplate\":\"https:\/\/vieassociative.be\/actualites\/?s={search_term_string}\"},\"query-input\":{\"@type\":\"PropertyValueSpecification\",\"valueRequired\":true,\"valueName\":\"search_term_string\"}}],\"inLanguage\":\"fr-BE\"},{\"@type\":\"Organization\",\"@id\":\"https:\/\/vieassociative.be\/actualites\/#organization\",\"name\":\"Vie Associative\",\"url\":\"https:\/\/vieassociative.be\/actualites\/\",\"logo\":{\"@type\":\"ImageObject\",\"inLanguage\":\"fr-BE\",\"@id\":\"https:\/\/vieassociative.be\/actualites\/#\/schema\/logo\/image\/\",\"url\":\"https:\/\/vieassociative.be\/actualites\/wp-content\/uploads\/2024\/09\/cropped-vieassociative_favicon.ico.png\",\"contentUrl\":\"https:\/\/vieassociative.be\/actualites\/wp-content\/uploads\/2024\/09\/cropped-vieassociative_favicon.ico.png\",\"width\":512,\"height\":512,\"caption\":\"Vie Associative\"},\"image\":{\"@id\":\"https:\/\/vieassociative.be\/actualites\/#\/schema\/logo\/image\/\"}},{\"@type\":\"Person\",\"@id\":\"https:\/\/vieassociative.be\/actualites\/#\/schema\/person\/b87ac4f82f9d4e7b7cec7395b679edc4\",\"name\":\"Julien\",\"image\":{\"@type\":\"ImageObject\",\"inLanguage\":\"fr-BE\",\"@id\":\"https:\/\/vieassociative.be\/actualites\/#\/schema\/person\/image\/\",\"url\":\"https:\/\/vieassociative.be\/actualites\/wp-content\/uploads\/2024\/09\/vie-associative-1-150x150.jpg\",\"contentUrl\":\"https:\/\/vieassociative.be\/actualites\/wp-content\/uploads\/2024\/09\/vie-associative-1-150x150.jpg\",\"caption\":\"Julien\"},\"description\":\"Je suis Julien, r\u00e9dacteur pour Vie Associative. Passionn\u00e9 par le monde associatif depuis plus de 10 ans, j'ai \u00e0 c\u0153ur de partager des histoires inspirantes et de mettre en lumi\u00e8re les initiatives locales. Mon objectif est de sensibiliser et d'encourager l'engagement communautaire \u00e0 travers mes articles.\",\"sameAs\":[\"https:\/\/vieassociative.be\/\"]}]}<\/script>\n<!-- \/ Yoast SEO plugin. -->","yoast_head_json":{"title":"Belgique : Deutsche sterben bei Absturz eines Kleinflugzeugs | Vie Associative","robots":{"index":"index","follow":"follow","max-snippet":"max-snippet:-1","max-image-preview":"max-image-preview:large","max-video-preview":"max-video-preview:-1"},"canonical":"https:\/\/vieassociative.be\/actualites\/belgique-deutsche-sterben-bei-absturz-eines-kleinflugzeugs\/","og_locale":"fr_FR","og_type":"article","og_title":"Belgique : Deutsche sterben bei Absturz eines Kleinflugzeugs | Vie Associative","og_description":"Avec une pause dans les Ardennes belges, demain vous aurez un Passenger Flugzeug avec deux crashs allemands. Beim Absturz eines Kleinflugzeugs in der Stadt Spa","og_url":"https:\/\/vieassociative.be\/actualites\/belgique-deutsche-sterben-bei-absturz-eines-kleinflugzeugs\/","og_site_name":"Vie Associative","article_published_time":"2024-09-21T15:35:38+00:00","og_image":[{"width":1600,"height":900,"url":"https:\/\/vieassociative.be\/actualites\/wp-content\/uploads\/2024\/09\/1726932789_Belgique-Deutsche-sterben-bei-Absturz-eines-Kleinflugzeugs.jpeg","type":"image\/jpeg"}],"author":"Julien","twitter_card":"summary_large_image","twitter_misc":{"\u00c9crit par":"Julien","Dur\u00e9e de lecture est.":"1 minute"},"schema":{"@context":"https:\/\/schema.org","@graph":[{"@type":"Article","@id":"https:\/\/vieassociative.be\/actualites\/belgique-deutsche-sterben-bei-absturz-eines-kleinflugzeugs\/#article","isPartOf":{"@id":"https:\/\/vieassociative.be\/actualites\/belgique-deutsche-sterben-bei-absturz-eines-kleinflugzeugs\/"},"author":{"name":"Julien","@id":"https:\/\/vieassociative.be\/actualites\/#\/schema\/person\/b87ac4f82f9d4e7b7cec7395b679edc4"},"headline":"Belgique : Deutsche sterben bei Absturz eines Kleinflugzeugs","datePublished":"2024-09-21T15:35:38+00:00","dateModified":"2024-09-21T15:35:38+00:00","mainEntityOfPage":{"@id":"https:\/\/vieassociative.be\/actualites\/belgique-deutsche-sterben-bei-absturz-eines-kleinflugzeugs\/"},"wordCount":230,"publisher":{"@id":"https:\/\/vieassociative.be\/actualites\/#organization"},"image":{"@id":"https:\/\/vieassociative.be\/actualites\/belgique-deutsche-sterben-bei-absturz-eines-kleinflugzeugs\/#primaryimage"},"thumbnailUrl":"https:\/\/vieassociative.be\/actualites\/wp-content\/uploads\/2024\/09\/1726932789_Belgique-Deutsche-sterben-bei-Absturz-eines-Kleinflugzeugs.jpeg","keywords":["Absturz","bei","Belgique","Deutsche","eines","Kleinflugzeugs","sterben"],"articleSection":["Belgique"],"inLanguage":"fr-BE"},{"@type":"WebPage","@id":"https:\/\/vieassociative.be\/actualites\/belgique-deutsche-sterben-bei-absturz-eines-kleinflugzeugs\/","url":"https:\/\/vieassociative.be\/actualites\/belgique-deutsche-sterben-bei-absturz-eines-kleinflugzeugs\/","name":"Belgique : Deutsche sterben bei Absturz eines Kleinflugzeugs | Vie Associative","isPartOf":{"@id":"https:\/\/vieassociative.be\/actualites\/#website"},"primaryImageOfPage":{"@id":"https:\/\/vieassociative.be\/actualites\/belgique-deutsche-sterben-bei-absturz-eines-kleinflugzeugs\/#primaryimage"},"image":{"@id":"https:\/\/vieassociative.be\/actualites\/belgique-deutsche-sterben-bei-absturz-eines-kleinflugzeugs\/#primaryimage"},"thumbnailUrl":"https:\/\/vieassociative.be\/actualites\/wp-content\/uploads\/2024\/09\/1726932789_Belgique-Deutsche-sterben-bei-Absturz-eines-Kleinflugzeugs.jpeg","datePublished":"2024-09-21T15:35:38+00:00","dateModified":"2024-09-21T15:35:38+00:00","breadcrumb":{"@id":"https:\/\/vieassociative.be\/actualites\/belgique-deutsche-sterben-bei-absturz-eines-kleinflugzeugs\/#breadcrumb"},"inLanguage":"fr-BE","potentialAction":[{"@type":"ReadAction","target":["https:\/\/vieassociative.be\/actualites\/belgique-deutsche-sterben-bei-absturz-eines-kleinflugzeugs\/"]}]},{"@type":"ImageObject","inLanguage":"fr-BE","@id":"https:\/\/vieassociative.be\/actualites\/belgique-deutsche-sterben-bei-absturz-eines-kleinflugzeugs\/#primaryimage","url":"https:\/\/vieassociative.be\/actualites\/wp-content\/uploads\/2024\/09\/1726932789_Belgique-Deutsche-sterben-bei-Absturz-eines-Kleinflugzeugs.jpeg","contentUrl":"https:\/\/vieassociative.be\/actualites\/wp-content\/uploads\/2024\/09\/1726932789_Belgique-Deutsche-sterben-bei-Absturz-eines-Kleinflugzeugs.jpeg","width":1600,"height":900,"caption":"Belgique : Deutsche sterben bei Absturz eines Kleinflugzeugs"},{"@type":"BreadcrumbList","@id":"https:\/\/vieassociative.be\/actualites\/belgique-deutsche-sterben-bei-absturz-eines-kleinflugzeugs\/#breadcrumb","itemListElement":[{"@type":"ListItem","position":1,"name":"Accueil","item":"https:\/\/vieassociative.be\/actualites\/"},{"@type":"ListItem","position":2,"name":"Belgique : Deutsche sterben bei Absturz eines Kleinflugzeugs"}]},{"@type":"WebSite","@id":"https:\/\/vieassociative.be\/actualites\/#website","url":"https:\/\/vieassociative.be\/actualites\/","name":"Vie Associative","description":"","publisher":{"@id":"https:\/\/vieassociative.be\/actualites\/#organization"},"potentialAction":[{"@type":"SearchAction","target":{"@type":"EntryPoint","urlTemplate":"https:\/\/vieassociative.be\/actualites\/?s={search_term_string}"},"query-input":{"@type":"PropertyValueSpecification","valueRequired":true,"valueName":"search_term_string"}}],"inLanguage":"fr-BE"},{"@type":"Organization","@id":"https:\/\/vieassociative.be\/actualites\/#organization","name":"Vie Associative","url":"https:\/\/vieassociative.be\/actualites\/","logo":{"@type":"ImageObject","inLanguage":"fr-BE","@id":"https:\/\/vieassociative.be\/actualites\/#\/schema\/logo\/image\/","url":"https:\/\/vieassociative.be\/actualites\/wp-content\/uploads\/2024\/09\/cropped-vieassociative_favicon.ico.png","contentUrl":"https:\/\/vieassociative.be\/actualites\/wp-content\/uploads\/2024\/09\/cropped-vieassociative_favicon.ico.png","width":512,"height":512,"caption":"Vie Associative"},"image":{"@id":"https:\/\/vieassociative.be\/actualites\/#\/schema\/logo\/image\/"}},{"@type":"Person","@id":"https:\/\/vieassociative.be\/actualites\/#\/schema\/person\/b87ac4f82f9d4e7b7cec7395b679edc4","name":"Julien","image":{"@type":"ImageObject","inLanguage":"fr-BE","@id":"https:\/\/vieassociative.be\/actualites\/#\/schema\/person\/image\/","url":"https:\/\/vieassociative.be\/actualites\/wp-content\/uploads\/2024\/09\/vie-associative-1-150x150.jpg","contentUrl":"https:\/\/vieassociative.be\/actualites\/wp-content\/uploads\/2024\/09\/vie-associative-1-150x150.jpg","caption":"Julien"},"description":"Je suis Julien, r\u00e9dacteur pour Vie Associative. Passionn\u00e9 par le monde associatif depuis plus de 10 ans, j'ai \u00e0 c\u0153ur de partager des histoires inspirantes et de mettre en lumi\u00e8re les initiatives locales. Mon objectif est de sensibiliser et d'encourager l'engagement communautaire \u00e0 travers mes articles.","sameAs":["https:\/\/vieassociative.be\/"]}]}},"_links":{"self":[{"href":"https:\/\/vieassociative.be\/actualites\/wp-json\/wp\/v2\/posts\/265"}],"collection":[{"href":"https:\/\/vieassociative.be\/actualites\/wp-json\/wp\/v2\/posts"}],"about":[{"href":"https:\/\/vieassociative.be\/actualites\/wp-json\/wp\/v2\/types\/post"}],"author":[{"embeddable":true,"href":"https:\/\/vieassociative.be\/actualites\/wp-json\/wp\/v2\/users\/1"}],"replies":[{"embeddable":true,"href":"https:\/\/vieassociative.be\/actualites\/wp-json\/wp\/v2\/comments?post=265"}],"version-history":[{"count":1,"href":"https:\/\/vieassociative.be\/actualites\/wp-json\/wp\/v2\/posts\/265\/revisions"}],"predecessor-version":[{"id":266,"href":"https:\/\/vieassociative.be\/actualites\/wp-json\/wp\/v2\/posts\/265\/revisions\/266"}],"wp:featuredmedia":[{"embeddable":true,"href":"https:\/\/vieassociative.be\/actualites\/wp-json\/wp\/v2\/media\/252"}],"wp:attachment":[{"href":"https:\/\/vieassociative.be\/actualites\/wp-json\/wp\/v2\/media?parent=265"}],"wp:term":[{"taxonomy":"category","embeddable":true,"href":"https:\/\/vieassociative.be\/actualites\/wp-json\/wp\/v2\/categories?post=265"},{"taxonomy":"post_tag","embeddable":true,"href":"https:\/\/vieassociative.be\/actualites\/wp-json\/wp\/v2\/tags?post=265"}],"curies":[{"name":"wp","href":"https:\/\/api.w.org\/{rel}","templated":true}]}}