{"id":2645,"date":"2024-11-21T20:18:41","date_gmt":"2024-11-21T19:18:41","guid":{"rendered":"https:\/\/vieassociative.be\/actualites\/ces-melangeurs-vitamix-sont-en-vente-pour-le-debut-black-friday\/"},"modified":"2024-11-21T20:18:41","modified_gmt":"2024-11-21T19:18:41","slug":"ces-melangeurs-vitamix-sont-en-vente-pour-le-debut-black-friday","status":"publish","type":"post","link":"https:\/\/vieassociative.be\/actualites\/ces-melangeurs-vitamix-sont-en-vente-pour-le-debut-black-friday\/","title":{"rendered":"Ces m\u00e9langeurs Vitamix sont en vente pour le (d\u00e9but) Black Friday"},"content":{"rendered":"<div class=\"mt-4 leading-6 md:mb-8\">Les m\u00e9langeurs Vitamix sont actuellement en vente, et c&rsquo;est bien, les amis.<\/div>\n<p><\/p>\n<p>Il n&rsquo;est jamais trop t\u00f4t pour se pr\u00e9parer pour la saison des cadeaux, m\u00eame si cela semble de plus en plus t\u00f4t chaque ann\u00e9e. Mais bon, si vous pouvez faire vos achats des F\u00eates un peu plus t\u00f4t cette fois-ci, ce sera vraiment agr\u00e9able. Les premi\u00e8res offres du Black Friday de cette ann\u00e9e vous proposent un article de cuisine tr\u00e8s convoit\u00e9 : le m\u00e9langeur Vitamix. Si vous avez d\u00e9j\u00e0 regard\u00e9 avec envie l\u2019une de ces machines incroyables mais que vous avez h\u00e9sit\u00e9 devant le prix, il est temps d\u2019y jeter un deuxi\u00e8me regard.<\/p>\n<p>Vitamix propose actuellement des m\u00e9langeurs disponibles dans cinq mod\u00e8les de s\u00e9ries diff\u00e9rentes (class\u00e9s du plus abordable au plus cher) : Explorian, Legacy, Propel, Ascent, Ascent X. Voici ceux qui ont temporairement baiss\u00e9 pour \u00eatre \u00e0 \u00e9galit\u00e9 avec les autres, g\u00e9n\u00e9ralement plus abordables, marques.<\/p>\n<h2 id=\"vitamix-ascent-series-a2500-blender\">M\u00e9langeur Vitamix Ascent s\u00e9rie A2500<\/h2>\n<p>Ce m\u00e9langeur Vitamix de la s\u00e9rie Ascent est l&rsquo;un des plus r\u00e9cents de la soci\u00e9t\u00e9, et le prix de d\u00e9tail refl\u00e8te g\u00e9n\u00e9ralement celui de 599,95 $. Inaugurez les offres du Black Friday\u00a0! Walmart propose ce m\u00e9langeur \u00e9l\u00e9gant pour <strong>399,95 $ en ce moment<\/strong>. <\/p>\n<p>Profitez d&rsquo;une programmation pr\u00e9d\u00e9finie pour les smoothies, les soupes chaudes (r\u00e9chauffez-les directement dans la machine) et les desserts glac\u00e9s. Ce mod\u00e8le offre \u00e9galement un contr\u00f4le de vitesse, plut\u00f4t qu&rsquo;un bouton marche-arr\u00eat comme la plupart des autres m\u00e9langeurs. La base du mod\u00e8le est \u00e9galement compatible avec d&rsquo;autres tailles de contenants Vitamix, vous pouvez donc l&rsquo;\u00e9changer si vous m\u00e9langez diff\u00e9rents lots d&rsquo;aliments.<\/p>\n<h2 id=\"vitamix-propel-510-blender\">M\u00e9langeur Vitamix Propel 510<\/h2>\n<p>La gamme Propel se situe en plein milieu de leur gamme de prix, mais comprend de nombreuses fonctions de contr\u00f4le de la s\u00e9rie Ascent, qui sont les plus importantes \u00e0 mon avis. Ceux-ci incluent : des programmes pr\u00e9d\u00e9finis, un contr\u00f4le de vitesse variable et des capacit\u00e9s d&rsquo;impulsion. <\/p>\n<p>Amazon propose le Vitamix Propel 510 pour une r\u00e9duction \u00e9norme de 40 %. (J&rsquo;ai l&rsquo;impression de me souvenir d&rsquo;une \u00e9poque o\u00f9 le Vitamix \u00e9tait <em>jamais<\/em> en vente. Quelle \u00e9poque nous vivons.) Au lieu du prix de d\u00e9tail de 499,95 $, c&rsquo;est actuellement <strong>jusqu&rsquo;\u00e0 279,95 $<\/strong>. C\u2019est \u00e9pique si vous avez un \u0153il sur le Propel. Vous devez avoir \u00e9t\u00e9 sur la liste \u00ab Nice \u00bb cette ann\u00e9e.<\/p>\n<p>Entre les deux, vous ne pouvez vraiment pas vous tromper. L&rsquo;Ascent vous offrira un peu plus de flexibilit\u00e9 si vous disposez du robot culinaire Vitamix ou si vous aimez beaucoup les boutons tactiles, mais ils disposent tous deux de m\u00e9canismes tout aussi efficaces pour pr\u00e9parer des soupes onctueuses, des pur\u00e9es fra\u00eeches pour b\u00e9b\u00e9 ou des smoothies soyeux.<\/p>\n<div class=\"w-full mt-12 text-center sm:text-left\" x-data=\"{ showAll: false }\">\n<div class=\"flex flex-col items-center justify-between sm:px-6 sm:flex-row\">\n\t\t\t<span class=\"text-sm italic\">Les offres sont s\u00e9lectionn\u00e9es par notre \u00e9quipe commerciale<\/span><\/p><\/div>\n<\/p><\/div>\n","protected":false},"excerpt":{"rendered":"<p>Les m\u00e9langeurs Vitamix sont actuellement en vente, et c&rsquo;est bien, les amis. Il n&rsquo;est jamais trop t\u00f4t pour se pr\u00e9parer pour la saison des cadeaux,<\/p>\n","protected":false},"author":1,"featured_media":2646,"comment_status":"","ping_status":"","sticky":false,"template":"","format":"standard","meta":{"footnotes":""},"categories":[39],"tags":[73,248,359,1255,1450,81,18,223,1451],"class_list":["post-2645","post","type-post","status-publish","format-standard","has-post-thumbnail","hentry","category-gastronomie","tag-black","tag-ces","tag-debut","tag-friday","tag-melangeurs","tag-pour","tag-sont","tag-vente","tag-vitamix","generate-columns","tablet-grid-50","mobile-grid-100","grid-parent","grid-33"],"yoast_head":"<!-- This site is optimized with the Yoast SEO plugin v24.0 - https:\/\/yoast.com\/wordpress\/plugins\/seo\/ -->\n<title>Ces m\u00e9langeurs Vitamix sont en vente pour le (d\u00e9but) Black Friday | Vie Associative<\/title>\n<meta name=\"robots\" content=\"index, follow, max-snippet:-1, max-image-preview:large, max-video-preview:-1\" \/>\n<link rel=\"canonical\" href=\"https:\/\/vieassociative.be\/actualites\/ces-melangeurs-vitamix-sont-en-vente-pour-le-debut-black-friday\/\" \/>\n<meta property=\"og:locale\" content=\"fr_FR\" \/>\n<meta property=\"og:type\" content=\"article\" \/>\n<meta property=\"og:title\" content=\"Ces m\u00e9langeurs Vitamix sont en vente pour le (d\u00e9but) Black Friday | Vie Associative\" \/>\n<meta property=\"og:description\" content=\"Les m\u00e9langeurs Vitamix sont actuellement en vente, et c&rsquo;est bien, les amis. Il n&rsquo;est jamais trop t\u00f4t pour se pr\u00e9parer pour la saison des cadeaux,\" \/>\n<meta property=\"og:url\" content=\"https:\/\/vieassociative.be\/actualites\/ces-melangeurs-vitamix-sont-en-vente-pour-le-debut-black-friday\/\" \/>\n<meta property=\"og:site_name\" content=\"Vie Associative\" \/>\n<meta property=\"article:published_time\" content=\"2024-11-21T19:18:41+00:00\" \/>\n<meta property=\"og:image\" content=\"https:\/\/vieassociative.be\/actualites\/wp-content\/uploads\/2024\/09\/header_backgroundk-01-e1726694325946.png\" \/>\n\t<meta property=\"og:image:width\" content=\"279\" \/>\n\t<meta property=\"og:image:height\" content=\"92\" \/>\n\t<meta property=\"og:image:type\" content=\"image\/png\" \/>\n<meta name=\"author\" content=\"Julien\" \/>\n<meta name=\"twitter:card\" content=\"summary_large_image\" \/>\n<meta name=\"twitter:label1\" content=\"\u00c9crit par\" \/>\n\t<meta name=\"twitter:data1\" content=\"Julien\" \/>\n\t<meta name=\"twitter:label2\" content=\"Dur\u00e9e de lecture est.\" \/>\n\t<meta name=\"twitter:data2\" content=\"2 minutes\" \/>\n<script type=\"application\/ld+json\" class=\"yoast-schema-graph\">{\"@context\":\"https:\/\/schema.org\",\"@graph\":[{\"@type\":\"Article\",\"@id\":\"https:\/\/vieassociative.be\/actualites\/ces-melangeurs-vitamix-sont-en-vente-pour-le-debut-black-friday\/#article\",\"isPartOf\":{\"@id\":\"https:\/\/vieassociative.be\/actualites\/ces-melangeurs-vitamix-sont-en-vente-pour-le-debut-black-friday\/\"},\"author\":{\"name\":\"Julien\",\"@id\":\"https:\/\/vieassociative.be\/actualites\/#\/schema\/person\/b87ac4f82f9d4e7b7cec7395b679edc4\"},\"headline\":\"Ces m\u00e9langeurs Vitamix sont en vente pour le (d\u00e9but) Black Friday\",\"datePublished\":\"2024-11-21T19:18:41+00:00\",\"dateModified\":\"2024-11-21T19:18:41+00:00\",\"mainEntityOfPage\":{\"@id\":\"https:\/\/vieassociative.be\/actualites\/ces-melangeurs-vitamix-sont-en-vente-pour-le-debut-black-friday\/\"},\"wordCount\":514,\"publisher\":{\"@id\":\"https:\/\/vieassociative.be\/actualites\/#organization\"},\"image\":{\"@id\":\"https:\/\/vieassociative.be\/actualites\/ces-melangeurs-vitamix-sont-en-vente-pour-le-debut-black-friday\/#primaryimage\"},\"thumbnailUrl\":\"https:\/\/vieassociative.be\/actualites\/wp-content\/uploads\/2024\/11\/Ces-melangeurs-Vitamix-sont-en-vente-pour-le-debut-Black.jpg\",\"keywords\":[\"Black\",\"ces\",\"D\u00e9but\",\"Friday\",\"m\u00e9langeurs\",\"pour\",\"sont\",\"vente\",\"Vitamix\"],\"articleSection\":[\"Gastronomie\"],\"inLanguage\":\"fr-BE\"},{\"@type\":\"WebPage\",\"@id\":\"https:\/\/vieassociative.be\/actualites\/ces-melangeurs-vitamix-sont-en-vente-pour-le-debut-black-friday\/\",\"url\":\"https:\/\/vieassociative.be\/actualites\/ces-melangeurs-vitamix-sont-en-vente-pour-le-debut-black-friday\/\",\"name\":\"Ces m\u00e9langeurs Vitamix sont en vente pour le (d\u00e9but) Black Friday | Vie Associative\",\"isPartOf\":{\"@id\":\"https:\/\/vieassociative.be\/actualites\/#website\"},\"primaryImageOfPage\":{\"@id\":\"https:\/\/vieassociative.be\/actualites\/ces-melangeurs-vitamix-sont-en-vente-pour-le-debut-black-friday\/#primaryimage\"},\"image\":{\"@id\":\"https:\/\/vieassociative.be\/actualites\/ces-melangeurs-vitamix-sont-en-vente-pour-le-debut-black-friday\/#primaryimage\"},\"thumbnailUrl\":\"https:\/\/vieassociative.be\/actualites\/wp-content\/uploads\/2024\/11\/Ces-melangeurs-Vitamix-sont-en-vente-pour-le-debut-Black.jpg\",\"datePublished\":\"2024-11-21T19:18:41+00:00\",\"dateModified\":\"2024-11-21T19:18:41+00:00\",\"breadcrumb\":{\"@id\":\"https:\/\/vieassociative.be\/actualites\/ces-melangeurs-vitamix-sont-en-vente-pour-le-debut-black-friday\/#breadcrumb\"},\"inLanguage\":\"fr-BE\",\"potentialAction\":[{\"@type\":\"ReadAction\",\"target\":[\"https:\/\/vieassociative.be\/actualites\/ces-melangeurs-vitamix-sont-en-vente-pour-le-debut-black-friday\/\"]}]},{\"@type\":\"ImageObject\",\"inLanguage\":\"fr-BE\",\"@id\":\"https:\/\/vieassociative.be\/actualites\/ces-melangeurs-vitamix-sont-en-vente-pour-le-debut-black-friday\/#primaryimage\",\"url\":\"https:\/\/vieassociative.be\/actualites\/wp-content\/uploads\/2024\/11\/Ces-melangeurs-Vitamix-sont-en-vente-pour-le-debut-Black.jpg\",\"contentUrl\":\"https:\/\/vieassociative.be\/actualites\/wp-content\/uploads\/2024\/11\/Ces-melangeurs-Vitamix-sont-en-vente-pour-le-debut-Black.jpg\",\"width\":1200,\"height\":675,\"caption\":\"Ces m\u00e9langeurs Vitamix sont en vente pour le (d\u00e9but) Black Friday\"},{\"@type\":\"BreadcrumbList\",\"@id\":\"https:\/\/vieassociative.be\/actualites\/ces-melangeurs-vitamix-sont-en-vente-pour-le-debut-black-friday\/#breadcrumb\",\"itemListElement\":[{\"@type\":\"ListItem\",\"position\":1,\"name\":\"Accueil\",\"item\":\"https:\/\/vieassociative.be\/actualites\/\"},{\"@type\":\"ListItem\",\"position\":2,\"name\":\"Ces m\u00e9langeurs Vitamix sont en vente pour le (d\u00e9but) Black Friday\"}]},{\"@type\":\"WebSite\",\"@id\":\"https:\/\/vieassociative.be\/actualites\/#website\",\"url\":\"https:\/\/vieassociative.be\/actualites\/\",\"name\":\"Vie Associative\",\"description\":\"\",\"publisher\":{\"@id\":\"https:\/\/vieassociative.be\/actualites\/#organization\"},\"potentialAction\":[{\"@type\":\"SearchAction\",\"target\":{\"@type\":\"EntryPoint\",\"urlTemplate\":\"https:\/\/vieassociative.be\/actualites\/?s={search_term_string}\"},\"query-input\":{\"@type\":\"PropertyValueSpecification\",\"valueRequired\":true,\"valueName\":\"search_term_string\"}}],\"inLanguage\":\"fr-BE\"},{\"@type\":\"Organization\",\"@id\":\"https:\/\/vieassociative.be\/actualites\/#organization\",\"name\":\"Vie Associative\",\"url\":\"https:\/\/vieassociative.be\/actualites\/\",\"logo\":{\"@type\":\"ImageObject\",\"inLanguage\":\"fr-BE\",\"@id\":\"https:\/\/vieassociative.be\/actualites\/#\/schema\/logo\/image\/\",\"url\":\"https:\/\/vieassociative.be\/actualites\/wp-content\/uploads\/2024\/09\/cropped-vieassociative_favicon.ico.png\",\"contentUrl\":\"https:\/\/vieassociative.be\/actualites\/wp-content\/uploads\/2024\/09\/cropped-vieassociative_favicon.ico.png\",\"width\":512,\"height\":512,\"caption\":\"Vie Associative\"},\"image\":{\"@id\":\"https:\/\/vieassociative.be\/actualites\/#\/schema\/logo\/image\/\"}},{\"@type\":\"Person\",\"@id\":\"https:\/\/vieassociative.be\/actualites\/#\/schema\/person\/b87ac4f82f9d4e7b7cec7395b679edc4\",\"name\":\"Julien\",\"image\":{\"@type\":\"ImageObject\",\"inLanguage\":\"fr-BE\",\"@id\":\"https:\/\/vieassociative.be\/actualites\/#\/schema\/person\/image\/\",\"url\":\"https:\/\/vieassociative.be\/actualites\/wp-content\/uploads\/2024\/09\/vie-associative-1-150x150.jpg\",\"contentUrl\":\"https:\/\/vieassociative.be\/actualites\/wp-content\/uploads\/2024\/09\/vie-associative-1-150x150.jpg\",\"caption\":\"Julien\"},\"description\":\"Je suis Julien, r\u00e9dacteur pour Vie Associative. Passionn\u00e9 par le monde associatif depuis plus de 10 ans, j'ai \u00e0 c\u0153ur de partager des histoires inspirantes et de mettre en lumi\u00e8re les initiatives locales. Mon objectif est de sensibiliser et d'encourager l'engagement communautaire \u00e0 travers mes articles.\",\"sameAs\":[\"https:\/\/vieassociative.be\/\"]}]}<\/script>\n<!-- \/ Yoast SEO plugin. -->","yoast_head_json":{"title":"Ces m\u00e9langeurs Vitamix sont en vente pour le (d\u00e9but) Black Friday | Vie Associative","robots":{"index":"index","follow":"follow","max-snippet":"max-snippet:-1","max-image-preview":"max-image-preview:large","max-video-preview":"max-video-preview:-1"},"canonical":"https:\/\/vieassociative.be\/actualites\/ces-melangeurs-vitamix-sont-en-vente-pour-le-debut-black-friday\/","og_locale":"fr_FR","og_type":"article","og_title":"Ces m\u00e9langeurs Vitamix sont en vente pour le (d\u00e9but) Black Friday | Vie Associative","og_description":"Les m\u00e9langeurs Vitamix sont actuellement en vente, et c&rsquo;est bien, les amis. Il n&rsquo;est jamais trop t\u00f4t pour se pr\u00e9parer pour la saison des cadeaux,","og_url":"https:\/\/vieassociative.be\/actualites\/ces-melangeurs-vitamix-sont-en-vente-pour-le-debut-black-friday\/","og_site_name":"Vie Associative","article_published_time":"2024-11-21T19:18:41+00:00","og_image":[{"width":279,"height":92,"url":"https:\/\/vieassociative.be\/actualites\/wp-content\/uploads\/2024\/09\/header_backgroundk-01-e1726694325946.png","type":"image\/png"}],"author":"Julien","twitter_card":"summary_large_image","twitter_misc":{"\u00c9crit par":"Julien","Dur\u00e9e de lecture est.":"2 minutes"},"schema":{"@context":"https:\/\/schema.org","@graph":[{"@type":"Article","@id":"https:\/\/vieassociative.be\/actualites\/ces-melangeurs-vitamix-sont-en-vente-pour-le-debut-black-friday\/#article","isPartOf":{"@id":"https:\/\/vieassociative.be\/actualites\/ces-melangeurs-vitamix-sont-en-vente-pour-le-debut-black-friday\/"},"author":{"name":"Julien","@id":"https:\/\/vieassociative.be\/actualites\/#\/schema\/person\/b87ac4f82f9d4e7b7cec7395b679edc4"},"headline":"Ces m\u00e9langeurs Vitamix sont en vente pour le (d\u00e9but) Black Friday","datePublished":"2024-11-21T19:18:41+00:00","dateModified":"2024-11-21T19:18:41+00:00","mainEntityOfPage":{"@id":"https:\/\/vieassociative.be\/actualites\/ces-melangeurs-vitamix-sont-en-vente-pour-le-debut-black-friday\/"},"wordCount":514,"publisher":{"@id":"https:\/\/vieassociative.be\/actualites\/#organization"},"image":{"@id":"https:\/\/vieassociative.be\/actualites\/ces-melangeurs-vitamix-sont-en-vente-pour-le-debut-black-friday\/#primaryimage"},"thumbnailUrl":"https:\/\/vieassociative.be\/actualites\/wp-content\/uploads\/2024\/11\/Ces-melangeurs-Vitamix-sont-en-vente-pour-le-debut-Black.jpg","keywords":["Black","ces","D\u00e9but","Friday","m\u00e9langeurs","pour","sont","vente","Vitamix"],"articleSection":["Gastronomie"],"inLanguage":"fr-BE"},{"@type":"WebPage","@id":"https:\/\/vieassociative.be\/actualites\/ces-melangeurs-vitamix-sont-en-vente-pour-le-debut-black-friday\/","url":"https:\/\/vieassociative.be\/actualites\/ces-melangeurs-vitamix-sont-en-vente-pour-le-debut-black-friday\/","name":"Ces m\u00e9langeurs Vitamix sont en vente pour le (d\u00e9but) Black Friday | Vie Associative","isPartOf":{"@id":"https:\/\/vieassociative.be\/actualites\/#website"},"primaryImageOfPage":{"@id":"https:\/\/vieassociative.be\/actualites\/ces-melangeurs-vitamix-sont-en-vente-pour-le-debut-black-friday\/#primaryimage"},"image":{"@id":"https:\/\/vieassociative.be\/actualites\/ces-melangeurs-vitamix-sont-en-vente-pour-le-debut-black-friday\/#primaryimage"},"thumbnailUrl":"https:\/\/vieassociative.be\/actualites\/wp-content\/uploads\/2024\/11\/Ces-melangeurs-Vitamix-sont-en-vente-pour-le-debut-Black.jpg","datePublished":"2024-11-21T19:18:41+00:00","dateModified":"2024-11-21T19:18:41+00:00","breadcrumb":{"@id":"https:\/\/vieassociative.be\/actualites\/ces-melangeurs-vitamix-sont-en-vente-pour-le-debut-black-friday\/#breadcrumb"},"inLanguage":"fr-BE","potentialAction":[{"@type":"ReadAction","target":["https:\/\/vieassociative.be\/actualites\/ces-melangeurs-vitamix-sont-en-vente-pour-le-debut-black-friday\/"]}]},{"@type":"ImageObject","inLanguage":"fr-BE","@id":"https:\/\/vieassociative.be\/actualites\/ces-melangeurs-vitamix-sont-en-vente-pour-le-debut-black-friday\/#primaryimage","url":"https:\/\/vieassociative.be\/actualites\/wp-content\/uploads\/2024\/11\/Ces-melangeurs-Vitamix-sont-en-vente-pour-le-debut-Black.jpg","contentUrl":"https:\/\/vieassociative.be\/actualites\/wp-content\/uploads\/2024\/11\/Ces-melangeurs-Vitamix-sont-en-vente-pour-le-debut-Black.jpg","width":1200,"height":675,"caption":"Ces m\u00e9langeurs Vitamix sont en vente pour le (d\u00e9but) Black Friday"},{"@type":"BreadcrumbList","@id":"https:\/\/vieassociative.be\/actualites\/ces-melangeurs-vitamix-sont-en-vente-pour-le-debut-black-friday\/#breadcrumb","itemListElement":[{"@type":"ListItem","position":1,"name":"Accueil","item":"https:\/\/vieassociative.be\/actualites\/"},{"@type":"ListItem","position":2,"name":"Ces m\u00e9langeurs Vitamix sont en vente pour le (d\u00e9but) Black Friday"}]},{"@type":"WebSite","@id":"https:\/\/vieassociative.be\/actualites\/#website","url":"https:\/\/vieassociative.be\/actualites\/","name":"Vie Associative","description":"","publisher":{"@id":"https:\/\/vieassociative.be\/actualites\/#organization"},"potentialAction":[{"@type":"SearchAction","target":{"@type":"EntryPoint","urlTemplate":"https:\/\/vieassociative.be\/actualites\/?s={search_term_string}"},"query-input":{"@type":"PropertyValueSpecification","valueRequired":true,"valueName":"search_term_string"}}],"inLanguage":"fr-BE"},{"@type":"Organization","@id":"https:\/\/vieassociative.be\/actualites\/#organization","name":"Vie Associative","url":"https:\/\/vieassociative.be\/actualites\/","logo":{"@type":"ImageObject","inLanguage":"fr-BE","@id":"https:\/\/vieassociative.be\/actualites\/#\/schema\/logo\/image\/","url":"https:\/\/vieassociative.be\/actualites\/wp-content\/uploads\/2024\/09\/cropped-vieassociative_favicon.ico.png","contentUrl":"https:\/\/vieassociative.be\/actualites\/wp-content\/uploads\/2024\/09\/cropped-vieassociative_favicon.ico.png","width":512,"height":512,"caption":"Vie Associative"},"image":{"@id":"https:\/\/vieassociative.be\/actualites\/#\/schema\/logo\/image\/"}},{"@type":"Person","@id":"https:\/\/vieassociative.be\/actualites\/#\/schema\/person\/b87ac4f82f9d4e7b7cec7395b679edc4","name":"Julien","image":{"@type":"ImageObject","inLanguage":"fr-BE","@id":"https:\/\/vieassociative.be\/actualites\/#\/schema\/person\/image\/","url":"https:\/\/vieassociative.be\/actualites\/wp-content\/uploads\/2024\/09\/vie-associative-1-150x150.jpg","contentUrl":"https:\/\/vieassociative.be\/actualites\/wp-content\/uploads\/2024\/09\/vie-associative-1-150x150.jpg","caption":"Julien"},"description":"Je suis Julien, r\u00e9dacteur pour Vie Associative. Passionn\u00e9 par le monde associatif depuis plus de 10 ans, j'ai \u00e0 c\u0153ur de partager des histoires inspirantes et de mettre en lumi\u00e8re les initiatives locales. Mon objectif est de sensibiliser et d'encourager l'engagement communautaire \u00e0 travers mes articles.","sameAs":["https:\/\/vieassociative.be\/"]}]}},"_links":{"self":[{"href":"https:\/\/vieassociative.be\/actualites\/wp-json\/wp\/v2\/posts\/2645"}],"collection":[{"href":"https:\/\/vieassociative.be\/actualites\/wp-json\/wp\/v2\/posts"}],"about":[{"href":"https:\/\/vieassociative.be\/actualites\/wp-json\/wp\/v2\/types\/post"}],"author":[{"embeddable":true,"href":"https:\/\/vieassociative.be\/actualites\/wp-json\/wp\/v2\/users\/1"}],"replies":[{"embeddable":true,"href":"https:\/\/vieassociative.be\/actualites\/wp-json\/wp\/v2\/comments?post=2645"}],"version-history":[{"count":0,"href":"https:\/\/vieassociative.be\/actualites\/wp-json\/wp\/v2\/posts\/2645\/revisions"}],"wp:featuredmedia":[{"embeddable":true,"href":"https:\/\/vieassociative.be\/actualites\/wp-json\/wp\/v2\/media\/2646"}],"wp:attachment":[{"href":"https:\/\/vieassociative.be\/actualites\/wp-json\/wp\/v2\/media?parent=2645"}],"wp:term":[{"taxonomy":"category","embeddable":true,"href":"https:\/\/vieassociative.be\/actualites\/wp-json\/wp\/v2\/categories?post=2645"},{"taxonomy":"post_tag","embeddable":true,"href":"https:\/\/vieassociative.be\/actualites\/wp-json\/wp\/v2\/tags?post=2645"}],"curies":[{"name":"wp","href":"https:\/\/api.w.org\/{rel}","templated":true}]}}