{"id":2639,"date":"2024-11-21T15:18:18","date_gmt":"2024-11-21T14:18:18","guid":{"rendered":"https:\/\/vieassociative.be\/actualites\/froid-seulement-pendant-une-courte-periode-dimanche-13-a-18-degres\/"},"modified":"2024-11-21T15:18:18","modified_gmt":"2024-11-21T14:18:18","slug":"froid-seulement-pendant-une-courte-periode-dimanche-13-a-18-degres","status":"publish","type":"post","link":"https:\/\/vieassociative.be\/actualites\/froid-seulement-pendant-une-courte-periode-dimanche-13-a-18-degres\/","title":{"rendered":"Froid seulement pendant une courte p\u00e9riode \u2013 dimanche 13 \u00e0 18 degr\u00e9s"},"content":{"rendered":"<p><strong>Ceux qui avaient h\u00e2te de d\u00e9baller la luge et d&rsquo;enfourcher leurs skis ce week-end risquent d&rsquo;\u00eatre d\u00e9\u00e7us. Les quelques centim\u00e8tres de neige tomb\u00e9s cette nuit ne r\u00e9sisteront pas \u00e0 la hausse des temp\u00e9ratures attendue pour les prochains jours.<\/strong><\/p>\n<p><span id=\"more-402316\"><\/span>\u00c0 partir de vendredi, les temp\u00e9ratures maximales dans tout le pays d\u00e9passeront \u00e0 nouveau la barre des z\u00e9ro degr\u00e9s. Les valeurs maximales vont de 0\u00b0C en Hautes Ardennes \u00e0 +7 degr\u00e9s en mer. Cependant, certaines averses pouvant prendre un caract\u00e8re hivernal ne peuvent \u00eatre exclues.<\/p>\n<div id=\"attachment_119323\" class=\"wp-caption alignleft\" style=\"max-width: 300px\"><img fetchpriority=\"high\" decoding=\"async\" class=\"wp-image-119323 size-medium\" src=\"https:\/\/vieassociative.be\/actualites\/wp-content\/uploads\/2024\/11\/Froid-seulement-pendant-une-courte-periode-\u2013-dimanche-13-a.jpg\" alt=\"\" width=\"300\" height=\"201\"  ><\/p>\n<p class=\"wp-caption-text\">Photo : Shutterstock<\/p>\n<\/div>\n<p>Samedi, les temp\u00e9ratures continueront \u00e0 monter et atteindront entre 2 et 7 degr\u00e9s l&rsquo;apr\u00e8s-midi. Les temp\u00e9ratures continuent d&rsquo;augmenter le soir et la nuit suivante.<\/p>\n<p>La moiti\u00e9 orientale du pays doit composer avec un rel\u00e2chement des nuages \u200b\u200bet une augmentation des nuages \u200b\u200bsamedi matin. Du brouillard (glacial) peut se former dans les Ardennes.<\/p>\n<p>Dans la moiti\u00e9 ouest, le temps est tr\u00e8s nuageux. Au fur et \u00e0 mesure que la journ\u00e9e avance, le ciel deviendra nuageux partout et de l\u00e9g\u00e8res pluies pourraient tomber sur le nord-ouest en fin d&rsquo;apr\u00e8s-midi.<\/p>\n<p>Dimanche, la n\u00e9bulosit\u00e9 sera \u00e0 nouveau variable \u00e0 forte, avec une pr\u00e9dominance de nuages \u200b\u200bhauts et moyens. Quelques averses sont possibles dans le sud du pays en matin\u00e9e. Un vent de sud assez fort am\u00e8ne un air tr\u00e8s doux et fait monter les temp\u00e9ratures maximales. Les valeurs maximales se situent entre 13 et 18 degr\u00e9s. (cr\u00e9er)<\/p>\n","protected":false},"excerpt":{"rendered":"<p>Ceux qui avaient h\u00e2te de d\u00e9baller la luge et d&rsquo;enfourcher leurs skis ce week-end risquent d&rsquo;\u00eatre d\u00e9\u00e7us. Les quelques centim\u00e8tres de neige tomb\u00e9s cette nuit<\/p>\n","protected":false},"author":1,"featured_media":2640,"comment_status":"","ping_status":"","sticky":false,"template":"","format":"standard","meta":{"footnotes":""},"categories":[298],"tags":[3222,1739,471,1130,198,395,2583,110],"class_list":["post-2639","post","type-post","status-publish","format-standard","has-post-thumbnail","hentry","category-belgique","tag-courte","tag-degres","tag-dimanche","tag-froid","tag-pendant","tag-periode","tag-seulement","tag-une","generate-columns","tablet-grid-50","mobile-grid-100","grid-parent","grid-33"],"yoast_head":"<!-- This site is optimized with the Yoast SEO plugin v24.0 - https:\/\/yoast.com\/wordpress\/plugins\/seo\/ -->\n<title>Froid seulement pendant une courte p\u00e9riode \u2013 dimanche 13 \u00e0 18 degr\u00e9s | Vie Associative<\/title>\n<meta name=\"robots\" content=\"index, follow, max-snippet:-1, max-image-preview:large, max-video-preview:-1\" \/>\n<link rel=\"canonical\" href=\"https:\/\/vieassociative.be\/actualites\/froid-seulement-pendant-une-courte-periode-dimanche-13-a-18-degres\/\" \/>\n<meta property=\"og:locale\" content=\"fr_FR\" \/>\n<meta property=\"og:type\" content=\"article\" \/>\n<meta property=\"og:title\" content=\"Froid seulement pendant une courte p\u00e9riode \u2013 dimanche 13 \u00e0 18 degr\u00e9s | Vie Associative\" \/>\n<meta property=\"og:description\" content=\"Ceux qui avaient h\u00e2te de d\u00e9baller la luge et d&rsquo;enfourcher leurs skis ce week-end risquent d&rsquo;\u00eatre d\u00e9\u00e7us. Les quelques centim\u00e8tres de neige tomb\u00e9s cette nuit\" \/>\n<meta property=\"og:url\" content=\"https:\/\/vieassociative.be\/actualites\/froid-seulement-pendant-une-courte-periode-dimanche-13-a-18-degres\/\" \/>\n<meta property=\"og:site_name\" content=\"Vie Associative\" \/>\n<meta property=\"article:published_time\" content=\"2024-11-21T14:18:18+00:00\" \/>\n<meta property=\"og:image\" content=\"https:\/\/vieassociative.be\/actualites\/wp-content\/uploads\/2024\/09\/header_backgroundk-01-e1726694325946.png\" \/>\n\t<meta property=\"og:image:width\" content=\"279\" \/>\n\t<meta property=\"og:image:height\" content=\"92\" \/>\n\t<meta property=\"og:image:type\" content=\"image\/png\" \/>\n<meta name=\"author\" content=\"Julien\" \/>\n<meta name=\"twitter:card\" content=\"summary_large_image\" \/>\n<meta name=\"twitter:label1\" content=\"\u00c9crit par\" \/>\n\t<meta name=\"twitter:data1\" content=\"Julien\" \/>\n\t<meta name=\"twitter:label2\" content=\"Dur\u00e9e de lecture est.\" \/>\n\t<meta name=\"twitter:data2\" content=\"1 minute\" \/>\n<script type=\"application\/ld+json\" class=\"yoast-schema-graph\">{\"@context\":\"https:\/\/schema.org\",\"@graph\":[{\"@type\":\"Article\",\"@id\":\"https:\/\/vieassociative.be\/actualites\/froid-seulement-pendant-une-courte-periode-dimanche-13-a-18-degres\/#article\",\"isPartOf\":{\"@id\":\"https:\/\/vieassociative.be\/actualites\/froid-seulement-pendant-une-courte-periode-dimanche-13-a-18-degres\/\"},\"author\":{\"name\":\"Julien\",\"@id\":\"https:\/\/vieassociative.be\/actualites\/#\/schema\/person\/b87ac4f82f9d4e7b7cec7395b679edc4\"},\"headline\":\"Froid seulement pendant une courte p\u00e9riode \u2013 dimanche 13 \u00e0 18 degr\u00e9s\",\"datePublished\":\"2024-11-21T14:18:18+00:00\",\"dateModified\":\"2024-11-21T14:18:18+00:00\",\"mainEntityOfPage\":{\"@id\":\"https:\/\/vieassociative.be\/actualites\/froid-seulement-pendant-une-courte-periode-dimanche-13-a-18-degres\/\"},\"wordCount\":261,\"publisher\":{\"@id\":\"https:\/\/vieassociative.be\/actualites\/#organization\"},\"image\":{\"@id\":\"https:\/\/vieassociative.be\/actualites\/froid-seulement-pendant-une-courte-periode-dimanche-13-a-18-degres\/#primaryimage\"},\"thumbnailUrl\":\"https:\/\/vieassociative.be\/actualites\/wp-content\/uploads\/2024\/11\/Froid-seulement-pendant-une-courte-periode-\u2013-dimanche-13-a.jpeg\",\"keywords\":[\"courte\",\"degr\u00e9s\",\"dimanche\",\"froid\",\"pendant\",\"p\u00e9riode\",\"seulement\",\"une\"],\"articleSection\":[\"Belgique\"],\"inLanguage\":\"fr-BE\"},{\"@type\":\"WebPage\",\"@id\":\"https:\/\/vieassociative.be\/actualites\/froid-seulement-pendant-une-courte-periode-dimanche-13-a-18-degres\/\",\"url\":\"https:\/\/vieassociative.be\/actualites\/froid-seulement-pendant-une-courte-periode-dimanche-13-a-18-degres\/\",\"name\":\"Froid seulement pendant une courte p\u00e9riode \u2013 dimanche 13 \u00e0 18 degr\u00e9s | Vie Associative\",\"isPartOf\":{\"@id\":\"https:\/\/vieassociative.be\/actualites\/#website\"},\"primaryImageOfPage\":{\"@id\":\"https:\/\/vieassociative.be\/actualites\/froid-seulement-pendant-une-courte-periode-dimanche-13-a-18-degres\/#primaryimage\"},\"image\":{\"@id\":\"https:\/\/vieassociative.be\/actualites\/froid-seulement-pendant-une-courte-periode-dimanche-13-a-18-degres\/#primaryimage\"},\"thumbnailUrl\":\"https:\/\/vieassociative.be\/actualites\/wp-content\/uploads\/2024\/11\/Froid-seulement-pendant-une-courte-periode-\u2013-dimanche-13-a.jpeg\",\"datePublished\":\"2024-11-21T14:18:18+00:00\",\"dateModified\":\"2024-11-21T14:18:18+00:00\",\"breadcrumb\":{\"@id\":\"https:\/\/vieassociative.be\/actualites\/froid-seulement-pendant-une-courte-periode-dimanche-13-a-18-degres\/#breadcrumb\"},\"inLanguage\":\"fr-BE\",\"potentialAction\":[{\"@type\":\"ReadAction\",\"target\":[\"https:\/\/vieassociative.be\/actualites\/froid-seulement-pendant-une-courte-periode-dimanche-13-a-18-degres\/\"]}]},{\"@type\":\"ImageObject\",\"inLanguage\":\"fr-BE\",\"@id\":\"https:\/\/vieassociative.be\/actualites\/froid-seulement-pendant-une-courte-periode-dimanche-13-a-18-degres\/#primaryimage\",\"url\":\"https:\/\/vieassociative.be\/actualites\/wp-content\/uploads\/2024\/11\/Froid-seulement-pendant-une-courte-periode-\u2013-dimanche-13-a.jpeg\",\"contentUrl\":\"https:\/\/vieassociative.be\/actualites\/wp-content\/uploads\/2024\/11\/Froid-seulement-pendant-une-courte-periode-\u2013-dimanche-13-a.jpeg\",\"width\":1000,\"height\":668,\"caption\":\"Froid seulement pendant une courte p\u00e9riode \u2013 dimanche 13 \u00e0 18 degr\u00e9s\"},{\"@type\":\"BreadcrumbList\",\"@id\":\"https:\/\/vieassociative.be\/actualites\/froid-seulement-pendant-une-courte-periode-dimanche-13-a-18-degres\/#breadcrumb\",\"itemListElement\":[{\"@type\":\"ListItem\",\"position\":1,\"name\":\"Accueil\",\"item\":\"https:\/\/vieassociative.be\/actualites\/\"},{\"@type\":\"ListItem\",\"position\":2,\"name\":\"Froid seulement pendant une courte p\u00e9riode \u2013 dimanche 13 \u00e0 18 degr\u00e9s\"}]},{\"@type\":\"WebSite\",\"@id\":\"https:\/\/vieassociative.be\/actualites\/#website\",\"url\":\"https:\/\/vieassociative.be\/actualites\/\",\"name\":\"Vie Associative\",\"description\":\"\",\"publisher\":{\"@id\":\"https:\/\/vieassociative.be\/actualites\/#organization\"},\"potentialAction\":[{\"@type\":\"SearchAction\",\"target\":{\"@type\":\"EntryPoint\",\"urlTemplate\":\"https:\/\/vieassociative.be\/actualites\/?s={search_term_string}\"},\"query-input\":{\"@type\":\"PropertyValueSpecification\",\"valueRequired\":true,\"valueName\":\"search_term_string\"}}],\"inLanguage\":\"fr-BE\"},{\"@type\":\"Organization\",\"@id\":\"https:\/\/vieassociative.be\/actualites\/#organization\",\"name\":\"Vie Associative\",\"url\":\"https:\/\/vieassociative.be\/actualites\/\",\"logo\":{\"@type\":\"ImageObject\",\"inLanguage\":\"fr-BE\",\"@id\":\"https:\/\/vieassociative.be\/actualites\/#\/schema\/logo\/image\/\",\"url\":\"https:\/\/vieassociative.be\/actualites\/wp-content\/uploads\/2024\/09\/cropped-vieassociative_favicon.ico.png\",\"contentUrl\":\"https:\/\/vieassociative.be\/actualites\/wp-content\/uploads\/2024\/09\/cropped-vieassociative_favicon.ico.png\",\"width\":512,\"height\":512,\"caption\":\"Vie Associative\"},\"image\":{\"@id\":\"https:\/\/vieassociative.be\/actualites\/#\/schema\/logo\/image\/\"}},{\"@type\":\"Person\",\"@id\":\"https:\/\/vieassociative.be\/actualites\/#\/schema\/person\/b87ac4f82f9d4e7b7cec7395b679edc4\",\"name\":\"Julien\",\"image\":{\"@type\":\"ImageObject\",\"inLanguage\":\"fr-BE\",\"@id\":\"https:\/\/vieassociative.be\/actualites\/#\/schema\/person\/image\/\",\"url\":\"https:\/\/vieassociative.be\/actualites\/wp-content\/uploads\/2024\/09\/vie-associative-1-150x150.jpg\",\"contentUrl\":\"https:\/\/vieassociative.be\/actualites\/wp-content\/uploads\/2024\/09\/vie-associative-1-150x150.jpg\",\"caption\":\"Julien\"},\"description\":\"Je suis Julien, r\u00e9dacteur pour Vie Associative. Passionn\u00e9 par le monde associatif depuis plus de 10 ans, j'ai \u00e0 c\u0153ur de partager des histoires inspirantes et de mettre en lumi\u00e8re les initiatives locales. Mon objectif est de sensibiliser et d'encourager l'engagement communautaire \u00e0 travers mes articles.\",\"sameAs\":[\"https:\/\/vieassociative.be\/\"]}]}<\/script>\n<!-- \/ Yoast SEO plugin. -->","yoast_head_json":{"title":"Froid seulement pendant une courte p\u00e9riode \u2013 dimanche 13 \u00e0 18 degr\u00e9s | Vie Associative","robots":{"index":"index","follow":"follow","max-snippet":"max-snippet:-1","max-image-preview":"max-image-preview:large","max-video-preview":"max-video-preview:-1"},"canonical":"https:\/\/vieassociative.be\/actualites\/froid-seulement-pendant-une-courte-periode-dimanche-13-a-18-degres\/","og_locale":"fr_FR","og_type":"article","og_title":"Froid seulement pendant une courte p\u00e9riode \u2013 dimanche 13 \u00e0 18 degr\u00e9s | Vie Associative","og_description":"Ceux qui avaient h\u00e2te de d\u00e9baller la luge et d&rsquo;enfourcher leurs skis ce week-end risquent d&rsquo;\u00eatre d\u00e9\u00e7us. Les quelques centim\u00e8tres de neige tomb\u00e9s cette nuit","og_url":"https:\/\/vieassociative.be\/actualites\/froid-seulement-pendant-une-courte-periode-dimanche-13-a-18-degres\/","og_site_name":"Vie Associative","article_published_time":"2024-11-21T14:18:18+00:00","og_image":[{"width":279,"height":92,"url":"https:\/\/vieassociative.be\/actualites\/wp-content\/uploads\/2024\/09\/header_backgroundk-01-e1726694325946.png","type":"image\/png"}],"author":"Julien","twitter_card":"summary_large_image","twitter_misc":{"\u00c9crit par":"Julien","Dur\u00e9e de lecture est.":"1 minute"},"schema":{"@context":"https:\/\/schema.org","@graph":[{"@type":"Article","@id":"https:\/\/vieassociative.be\/actualites\/froid-seulement-pendant-une-courte-periode-dimanche-13-a-18-degres\/#article","isPartOf":{"@id":"https:\/\/vieassociative.be\/actualites\/froid-seulement-pendant-une-courte-periode-dimanche-13-a-18-degres\/"},"author":{"name":"Julien","@id":"https:\/\/vieassociative.be\/actualites\/#\/schema\/person\/b87ac4f82f9d4e7b7cec7395b679edc4"},"headline":"Froid seulement pendant une courte p\u00e9riode \u2013 dimanche 13 \u00e0 18 degr\u00e9s","datePublished":"2024-11-21T14:18:18+00:00","dateModified":"2024-11-21T14:18:18+00:00","mainEntityOfPage":{"@id":"https:\/\/vieassociative.be\/actualites\/froid-seulement-pendant-une-courte-periode-dimanche-13-a-18-degres\/"},"wordCount":261,"publisher":{"@id":"https:\/\/vieassociative.be\/actualites\/#organization"},"image":{"@id":"https:\/\/vieassociative.be\/actualites\/froid-seulement-pendant-une-courte-periode-dimanche-13-a-18-degres\/#primaryimage"},"thumbnailUrl":"https:\/\/vieassociative.be\/actualites\/wp-content\/uploads\/2024\/11\/Froid-seulement-pendant-une-courte-periode-\u2013-dimanche-13-a.jpeg","keywords":["courte","degr\u00e9s","dimanche","froid","pendant","p\u00e9riode","seulement","une"],"articleSection":["Belgique"],"inLanguage":"fr-BE"},{"@type":"WebPage","@id":"https:\/\/vieassociative.be\/actualites\/froid-seulement-pendant-une-courte-periode-dimanche-13-a-18-degres\/","url":"https:\/\/vieassociative.be\/actualites\/froid-seulement-pendant-une-courte-periode-dimanche-13-a-18-degres\/","name":"Froid seulement pendant une courte p\u00e9riode \u2013 dimanche 13 \u00e0 18 degr\u00e9s | Vie Associative","isPartOf":{"@id":"https:\/\/vieassociative.be\/actualites\/#website"},"primaryImageOfPage":{"@id":"https:\/\/vieassociative.be\/actualites\/froid-seulement-pendant-une-courte-periode-dimanche-13-a-18-degres\/#primaryimage"},"image":{"@id":"https:\/\/vieassociative.be\/actualites\/froid-seulement-pendant-une-courte-periode-dimanche-13-a-18-degres\/#primaryimage"},"thumbnailUrl":"https:\/\/vieassociative.be\/actualites\/wp-content\/uploads\/2024\/11\/Froid-seulement-pendant-une-courte-periode-\u2013-dimanche-13-a.jpeg","datePublished":"2024-11-21T14:18:18+00:00","dateModified":"2024-11-21T14:18:18+00:00","breadcrumb":{"@id":"https:\/\/vieassociative.be\/actualites\/froid-seulement-pendant-une-courte-periode-dimanche-13-a-18-degres\/#breadcrumb"},"inLanguage":"fr-BE","potentialAction":[{"@type":"ReadAction","target":["https:\/\/vieassociative.be\/actualites\/froid-seulement-pendant-une-courte-periode-dimanche-13-a-18-degres\/"]}]},{"@type":"ImageObject","inLanguage":"fr-BE","@id":"https:\/\/vieassociative.be\/actualites\/froid-seulement-pendant-une-courte-periode-dimanche-13-a-18-degres\/#primaryimage","url":"https:\/\/vieassociative.be\/actualites\/wp-content\/uploads\/2024\/11\/Froid-seulement-pendant-une-courte-periode-\u2013-dimanche-13-a.jpeg","contentUrl":"https:\/\/vieassociative.be\/actualites\/wp-content\/uploads\/2024\/11\/Froid-seulement-pendant-une-courte-periode-\u2013-dimanche-13-a.jpeg","width":1000,"height":668,"caption":"Froid seulement pendant une courte p\u00e9riode \u2013 dimanche 13 \u00e0 18 degr\u00e9s"},{"@type":"BreadcrumbList","@id":"https:\/\/vieassociative.be\/actualites\/froid-seulement-pendant-une-courte-periode-dimanche-13-a-18-degres\/#breadcrumb","itemListElement":[{"@type":"ListItem","position":1,"name":"Accueil","item":"https:\/\/vieassociative.be\/actualites\/"},{"@type":"ListItem","position":2,"name":"Froid seulement pendant une courte p\u00e9riode \u2013 dimanche 13 \u00e0 18 degr\u00e9s"}]},{"@type":"WebSite","@id":"https:\/\/vieassociative.be\/actualites\/#website","url":"https:\/\/vieassociative.be\/actualites\/","name":"Vie Associative","description":"","publisher":{"@id":"https:\/\/vieassociative.be\/actualites\/#organization"},"potentialAction":[{"@type":"SearchAction","target":{"@type":"EntryPoint","urlTemplate":"https:\/\/vieassociative.be\/actualites\/?s={search_term_string}"},"query-input":{"@type":"PropertyValueSpecification","valueRequired":true,"valueName":"search_term_string"}}],"inLanguage":"fr-BE"},{"@type":"Organization","@id":"https:\/\/vieassociative.be\/actualites\/#organization","name":"Vie Associative","url":"https:\/\/vieassociative.be\/actualites\/","logo":{"@type":"ImageObject","inLanguage":"fr-BE","@id":"https:\/\/vieassociative.be\/actualites\/#\/schema\/logo\/image\/","url":"https:\/\/vieassociative.be\/actualites\/wp-content\/uploads\/2024\/09\/cropped-vieassociative_favicon.ico.png","contentUrl":"https:\/\/vieassociative.be\/actualites\/wp-content\/uploads\/2024\/09\/cropped-vieassociative_favicon.ico.png","width":512,"height":512,"caption":"Vie Associative"},"image":{"@id":"https:\/\/vieassociative.be\/actualites\/#\/schema\/logo\/image\/"}},{"@type":"Person","@id":"https:\/\/vieassociative.be\/actualites\/#\/schema\/person\/b87ac4f82f9d4e7b7cec7395b679edc4","name":"Julien","image":{"@type":"ImageObject","inLanguage":"fr-BE","@id":"https:\/\/vieassociative.be\/actualites\/#\/schema\/person\/image\/","url":"https:\/\/vieassociative.be\/actualites\/wp-content\/uploads\/2024\/09\/vie-associative-1-150x150.jpg","contentUrl":"https:\/\/vieassociative.be\/actualites\/wp-content\/uploads\/2024\/09\/vie-associative-1-150x150.jpg","caption":"Julien"},"description":"Je suis Julien, r\u00e9dacteur pour Vie Associative. Passionn\u00e9 par le monde associatif depuis plus de 10 ans, j'ai \u00e0 c\u0153ur de partager des histoires inspirantes et de mettre en lumi\u00e8re les initiatives locales. Mon objectif est de sensibiliser et d'encourager l'engagement communautaire \u00e0 travers mes articles.","sameAs":["https:\/\/vieassociative.be\/"]}]}},"_links":{"self":[{"href":"https:\/\/vieassociative.be\/actualites\/wp-json\/wp\/v2\/posts\/2639"}],"collection":[{"href":"https:\/\/vieassociative.be\/actualites\/wp-json\/wp\/v2\/posts"}],"about":[{"href":"https:\/\/vieassociative.be\/actualites\/wp-json\/wp\/v2\/types\/post"}],"author":[{"embeddable":true,"href":"https:\/\/vieassociative.be\/actualites\/wp-json\/wp\/v2\/users\/1"}],"replies":[{"embeddable":true,"href":"https:\/\/vieassociative.be\/actualites\/wp-json\/wp\/v2\/comments?post=2639"}],"version-history":[{"count":0,"href":"https:\/\/vieassociative.be\/actualites\/wp-json\/wp\/v2\/posts\/2639\/revisions"}],"wp:featuredmedia":[{"embeddable":true,"href":"https:\/\/vieassociative.be\/actualites\/wp-json\/wp\/v2\/media\/2640"}],"wp:attachment":[{"href":"https:\/\/vieassociative.be\/actualites\/wp-json\/wp\/v2\/media?parent=2639"}],"wp:term":[{"taxonomy":"category","embeddable":true,"href":"https:\/\/vieassociative.be\/actualites\/wp-json\/wp\/v2\/categories?post=2639"},{"taxonomy":"post_tag","embeddable":true,"href":"https:\/\/vieassociative.be\/actualites\/wp-json\/wp\/v2\/tags?post=2639"}],"curies":[{"name":"wp","href":"https:\/\/api.w.org\/{rel}","templated":true}]}}