{"id":2631,"date":"2024-11-21T09:19:13","date_gmt":"2024-11-21T08:19:13","guid":{"rendered":"https:\/\/vieassociative.be\/actualites\/le-president-du-lontzener-sp-plus-wetzels-critique-la-grande-ingerence-du-sp-ostbelgien-demission\/"},"modified":"2024-11-21T09:19:13","modified_gmt":"2024-11-21T08:19:13","slug":"le-president-du-lontzener-sp-plus-wetzels-critique-la-grande-ingerence-du-sp-ostbelgien-demission","status":"publish","type":"post","link":"https:\/\/vieassociative.be\/actualites\/le-president-du-lontzener-sp-plus-wetzels-critique-la-grande-ingerence-du-sp-ostbelgien-demission\/","title":{"rendered":"Le pr\u00e9sident du Lontzener SP Plus, Wetzels, critique la \u00ab grande ing\u00e9rence \u00bb du SP Ostbelgien \u2013 d\u00e9mission"},"content":{"rendered":"<p><strong>Normalement, tout devrait bien se passer avec le Lontzener SP Plus. La liste fait partie de la majorit\u00e9 au sein d&rsquo;une coalition avec la liste ENERGIE. N\u00e9anmoins, selon le pr\u00e9sident du SP Plus, on ne peut pas parler de coalition.<\/strong><\/p>\n<p><span id=\"more-402213\"><\/span>Mercredi, il a \u00e9t\u00e9 annonc\u00e9 que Jean-Pierre Wetzels avait d\u00e9missionn\u00e9 de ses fonctions de pr\u00e9sident du SP Plus et de pr\u00e9sident de la section SP de Lontzen. Raison : \u00ab Nous n\u2019avons pas de coalition \u00e0 Lontzen, mais plut\u00f4t une concentration absolue du pouvoir entre les mains d\u2019ENERGIE. \u00bb<\/p>\n<p>Lors de l&rsquo;\u00e9lection du 13 octobre 2024, la liste ENERGIE du maire Patrick Thevissen a rat\u00e9 la majorit\u00e9 absolue d&rsquo;un seul si\u00e8ge et a conclu deux jours plus tard un accord de coalition avec la liste SP Plus. Celui-ci stipulait que les mandats seraient r\u00e9partis comme suit : La liste ENERGIE serait envoy\u00e9e \u00e0 la mairie et aux quatre bureaux des juges non professionnels. La pr\u00e9sidence de l&rsquo;\u00d6SHZ revient \u00e0 la meilleure candidate du SP Plus, Sonja Cloot.<\/p>\n<div id=\"attachment_402222\" class=\"wp-caption alignleft\" style=\"max-width: 300px\"><img fetchpriority=\"high\" decoding=\"async\" class=\"wp-image-402222 size-medium\" src=\"https:\/\/vieassociative.be\/actualites\/wp-content\/uploads\/2024\/11\/Le-president-du-Lontzener-SP-Plus-Wetzels-critique-la.jpg\" alt=\"\" width=\"300\" height=\"200\"  ><\/p>\n<p class=\"wp-caption-text\">Jean-Pierre Wetzels (\u00e0 gauche), pr\u00e9sident de SP Plus, et Sonja Cloot. Photos : SP Plus<\/p>\n<\/div>\n<p>Les critiques de Wetzels ne sont pas dirig\u00e9es contre la liste ENERGIE, mais contre le SP Ostbelgien : \u00ab Le groupe bleu (la liste ENERGIE, CdR) \u00e9tait pr\u00eat \u00e0 laisser Sonja (Cloot, CdR) percevoir un salaire en \u00e9change de son approbation. Vous ne pouvez pas leur en vouloir. Apr\u00e8s tout, vous disposez d\u00e9sormais des options de conception que vous souhaitiez. Cependant, supposer que c\u2019est une attitude peu ambitieuse dont je ne peux pas activement partager la responsabilit\u00e9.<\/p>\n<p>Le communiqu\u00e9 de presse de Wetzels poursuit : \u00ab Je suis conscient qu&rsquo;elle n&rsquo;a pas pris la d\u00e9cision seule ou elle-m\u00eame. Mais cela ne l\u2019am\u00e9liore pas pour autant. Cela prouve seulement que le SP Ostbelgien est fortement impliqu\u00e9 dans la politique locale &#8211; et cela va \u00e0 l&rsquo;encontre de la pr\u00e9tendue grande autonomie du niveau local. Je ne peux pas approuver cela. Parce que la communaut\u00e9 de Lontzen doit \u00eatre fa\u00e7onn\u00e9e par les habitants de Lontzen, les habitants d&rsquo;Herbesthal et les habitants de Walhorn. Bien s\u00fbr sans oublier les villes comme Astenet.<\/p>\n<p>Wetzels a d\u00e9clar\u00e9 qu&rsquo;il remplirait le mandat des \u00e9lecteurs en continuant \u00e0 suivre ce qui se passe dans la communaut\u00e9 au cours des prochaines ann\u00e9es. \u00ab Mais je ne peux pas partager la responsabilit\u00e9 politique sans avoir r\u00e9ellement mon mot \u00e0 dire. C&rsquo;est pourquoi j&rsquo;ai inform\u00e9 le pr\u00e9sident ex\u00e9cutif du SP Ostbelgien, les autres membres du conseil d&rsquo;administration et les membres du SP Lontzen que je d\u00e9missionnais de mon mandat de pr\u00e9sident de section et de pr\u00e9sident et que j&rsquo;invitais les membres du SP Lontzen \u00e0 \u00e9lire un ex\u00e9cutif. pr\u00e9sident de section pour les prochains mois en assembl\u00e9e g\u00e9n\u00e9rale pour choisir.<\/p>\n","protected":false},"excerpt":{"rendered":"<p>Normalement, tout devrait bien se passer avec le Lontzener SP Plus. La liste fait partie de la majorit\u00e9 au sein d&rsquo;une coalition avec la liste<\/p>\n","protected":false},"author":1,"featured_media":2632,"comment_status":"","ping_status":"","sticky":false,"template":"","format":"standard","meta":{"footnotes":""},"categories":[298],"tags":[3364,3367,1787,3365,3362,3366,3075,3363],"class_list":["post-2631","post","type-post","status-publish","format-standard","has-post-thumbnail","hentry","category-belgique","tag-critique","tag-demission","tag-grande","tag-ingerence","tag-lontzener","tag-ostbelgien","tag-president","tag-wetzels","generate-columns","tablet-grid-50","mobile-grid-100","grid-parent","grid-33"],"yoast_head":"<!-- This site is optimized with the Yoast SEO plugin v24.0 - https:\/\/yoast.com\/wordpress\/plugins\/seo\/ -->\n<title>Le pr\u00e9sident du Lontzener SP Plus, Wetzels, critique la \u00ab grande ing\u00e9rence \u00bb du SP Ostbelgien \u2013 d\u00e9mission | Vie Associative<\/title>\n<meta name=\"robots\" content=\"index, follow, max-snippet:-1, max-image-preview:large, max-video-preview:-1\" \/>\n<link rel=\"canonical\" href=\"https:\/\/vieassociative.be\/actualites\/le-president-du-lontzener-sp-plus-wetzels-critique-la-grande-ingerence-du-sp-ostbelgien-demission\/\" \/>\n<meta property=\"og:locale\" content=\"fr_FR\" \/>\n<meta property=\"og:type\" content=\"article\" \/>\n<meta property=\"og:title\" content=\"Le pr\u00e9sident du Lontzener SP Plus, Wetzels, critique la \u00ab grande ing\u00e9rence \u00bb du SP Ostbelgien \u2013 d\u00e9mission | Vie Associative\" \/>\n<meta property=\"og:description\" content=\"Normalement, tout devrait bien se passer avec le Lontzener SP Plus. La liste fait partie de la majorit\u00e9 au sein d&rsquo;une coalition avec la liste\" \/>\n<meta property=\"og:url\" content=\"https:\/\/vieassociative.be\/actualites\/le-president-du-lontzener-sp-plus-wetzels-critique-la-grande-ingerence-du-sp-ostbelgien-demission\/\" \/>\n<meta property=\"og:site_name\" content=\"Vie Associative\" \/>\n<meta property=\"article:published_time\" content=\"2024-11-21T08:19:13+00:00\" \/>\n<meta property=\"og:image\" content=\"https:\/\/vieassociative.be\/actualites\/wp-content\/uploads\/2024\/11\/Le-president-du-Lontzener-SP-Plus-Wetzels-critique-la.jpg\" \/>\n<meta name=\"author\" content=\"Julien\" \/>\n<meta name=\"twitter:card\" content=\"summary_large_image\" \/>\n<meta name=\"twitter:label1\" content=\"\u00c9crit par\" \/>\n\t<meta name=\"twitter:data1\" content=\"Julien\" \/>\n\t<meta name=\"twitter:label2\" content=\"Dur\u00e9e de lecture est.\" \/>\n\t<meta name=\"twitter:data2\" content=\"2 minutes\" \/>\n<script type=\"application\/ld+json\" class=\"yoast-schema-graph\">{\"@context\":\"https:\/\/schema.org\",\"@graph\":[{\"@type\":\"Article\",\"@id\":\"https:\/\/vieassociative.be\/actualites\/le-president-du-lontzener-sp-plus-wetzels-critique-la-grande-ingerence-du-sp-ostbelgien-demission\/#article\",\"isPartOf\":{\"@id\":\"https:\/\/vieassociative.be\/actualites\/le-president-du-lontzener-sp-plus-wetzels-critique-la-grande-ingerence-du-sp-ostbelgien-demission\/\"},\"author\":{\"name\":\"Julien\",\"@id\":\"https:\/\/vieassociative.be\/actualites\/#\/schema\/person\/b87ac4f82f9d4e7b7cec7395b679edc4\"},\"headline\":\"Le pr\u00e9sident du Lontzener SP Plus, Wetzels, critique la \u00ab grande ing\u00e9rence \u00bb du SP Ostbelgien \u2013 d\u00e9mission\",\"datePublished\":\"2024-11-21T08:19:13+00:00\",\"dateModified\":\"2024-11-21T08:19:13+00:00\",\"mainEntityOfPage\":{\"@id\":\"https:\/\/vieassociative.be\/actualites\/le-president-du-lontzener-sp-plus-wetzels-critique-la-grande-ingerence-du-sp-ostbelgien-demission\/\"},\"wordCount\":501,\"publisher\":{\"@id\":\"https:\/\/vieassociative.be\/actualites\/#organization\"},\"image\":{\"@id\":\"https:\/\/vieassociative.be\/actualites\/le-president-du-lontzener-sp-plus-wetzels-critique-la-grande-ingerence-du-sp-ostbelgien-demission\/#primaryimage\"},\"thumbnailUrl\":\"https:\/\/vieassociative.be\/actualites\/wp-content\/uploads\/2024\/11\/1732177153_Le-president-du-Lontzener-SP-Plus-Wetzels-critique-la.jpg\",\"keywords\":[\"critique\",\"d\u00e9mission\",\"grande\",\"ing\u00e9rence\",\"Lontzener\",\"Ostbelgien\",\"pr\u00e9sident\",\"Wetzels\"],\"articleSection\":[\"Belgique\"],\"inLanguage\":\"fr-BE\"},{\"@type\":\"WebPage\",\"@id\":\"https:\/\/vieassociative.be\/actualites\/le-president-du-lontzener-sp-plus-wetzels-critique-la-grande-ingerence-du-sp-ostbelgien-demission\/\",\"url\":\"https:\/\/vieassociative.be\/actualites\/le-president-du-lontzener-sp-plus-wetzels-critique-la-grande-ingerence-du-sp-ostbelgien-demission\/\",\"name\":\"Le pr\u00e9sident du Lontzener SP Plus, Wetzels, critique la \u00ab grande ing\u00e9rence \u00bb du SP Ostbelgien \u2013 d\u00e9mission | Vie Associative\",\"isPartOf\":{\"@id\":\"https:\/\/vieassociative.be\/actualites\/#website\"},\"primaryImageOfPage\":{\"@id\":\"https:\/\/vieassociative.be\/actualites\/le-president-du-lontzener-sp-plus-wetzels-critique-la-grande-ingerence-du-sp-ostbelgien-demission\/#primaryimage\"},\"image\":{\"@id\":\"https:\/\/vieassociative.be\/actualites\/le-president-du-lontzener-sp-plus-wetzels-critique-la-grande-ingerence-du-sp-ostbelgien-demission\/#primaryimage\"},\"thumbnailUrl\":\"https:\/\/vieassociative.be\/actualites\/wp-content\/uploads\/2024\/11\/1732177153_Le-president-du-Lontzener-SP-Plus-Wetzels-critique-la.jpg\",\"datePublished\":\"2024-11-21T08:19:13+00:00\",\"dateModified\":\"2024-11-21T08:19:13+00:00\",\"breadcrumb\":{\"@id\":\"https:\/\/vieassociative.be\/actualites\/le-president-du-lontzener-sp-plus-wetzels-critique-la-grande-ingerence-du-sp-ostbelgien-demission\/#breadcrumb\"},\"inLanguage\":\"fr-BE\",\"potentialAction\":[{\"@type\":\"ReadAction\",\"target\":[\"https:\/\/vieassociative.be\/actualites\/le-president-du-lontzener-sp-plus-wetzels-critique-la-grande-ingerence-du-sp-ostbelgien-demission\/\"]}]},{\"@type\":\"ImageObject\",\"inLanguage\":\"fr-BE\",\"@id\":\"https:\/\/vieassociative.be\/actualites\/le-president-du-lontzener-sp-plus-wetzels-critique-la-grande-ingerence-du-sp-ostbelgien-demission\/#primaryimage\",\"url\":\"https:\/\/vieassociative.be\/actualites\/wp-content\/uploads\/2024\/11\/1732177153_Le-president-du-Lontzener-SP-Plus-Wetzels-critique-la.jpg\",\"contentUrl\":\"https:\/\/vieassociative.be\/actualites\/wp-content\/uploads\/2024\/11\/1732177153_Le-president-du-Lontzener-SP-Plus-Wetzels-critique-la.jpg\",\"width\":1200,\"height\":800,\"caption\":\"Le pr\u00e9sident du Lontzener SP Plus, Wetzels, critique la \u00ab grande ing\u00e9rence \u00bb du SP Ostbelgien \u2013 d\u00e9mission\"},{\"@type\":\"BreadcrumbList\",\"@id\":\"https:\/\/vieassociative.be\/actualites\/le-president-du-lontzener-sp-plus-wetzels-critique-la-grande-ingerence-du-sp-ostbelgien-demission\/#breadcrumb\",\"itemListElement\":[{\"@type\":\"ListItem\",\"position\":1,\"name\":\"Accueil\",\"item\":\"https:\/\/vieassociative.be\/actualites\/\"},{\"@type\":\"ListItem\",\"position\":2,\"name\":\"Le pr\u00e9sident du Lontzener SP Plus, Wetzels, critique la \u00ab grande ing\u00e9rence \u00bb du SP Ostbelgien \u2013 d\u00e9mission\"}]},{\"@type\":\"WebSite\",\"@id\":\"https:\/\/vieassociative.be\/actualites\/#website\",\"url\":\"https:\/\/vieassociative.be\/actualites\/\",\"name\":\"Vie Associative\",\"description\":\"\",\"publisher\":{\"@id\":\"https:\/\/vieassociative.be\/actualites\/#organization\"},\"potentialAction\":[{\"@type\":\"SearchAction\",\"target\":{\"@type\":\"EntryPoint\",\"urlTemplate\":\"https:\/\/vieassociative.be\/actualites\/?s={search_term_string}\"},\"query-input\":{\"@type\":\"PropertyValueSpecification\",\"valueRequired\":true,\"valueName\":\"search_term_string\"}}],\"inLanguage\":\"fr-BE\"},{\"@type\":\"Organization\",\"@id\":\"https:\/\/vieassociative.be\/actualites\/#organization\",\"name\":\"Vie Associative\",\"url\":\"https:\/\/vieassociative.be\/actualites\/\",\"logo\":{\"@type\":\"ImageObject\",\"inLanguage\":\"fr-BE\",\"@id\":\"https:\/\/vieassociative.be\/actualites\/#\/schema\/logo\/image\/\",\"url\":\"https:\/\/vieassociative.be\/actualites\/wp-content\/uploads\/2024\/09\/cropped-vieassociative_favicon.ico.png\",\"contentUrl\":\"https:\/\/vieassociative.be\/actualites\/wp-content\/uploads\/2024\/09\/cropped-vieassociative_favicon.ico.png\",\"width\":512,\"height\":512,\"caption\":\"Vie Associative\"},\"image\":{\"@id\":\"https:\/\/vieassociative.be\/actualites\/#\/schema\/logo\/image\/\"}},{\"@type\":\"Person\",\"@id\":\"https:\/\/vieassociative.be\/actualites\/#\/schema\/person\/b87ac4f82f9d4e7b7cec7395b679edc4\",\"name\":\"Julien\",\"image\":{\"@type\":\"ImageObject\",\"inLanguage\":\"fr-BE\",\"@id\":\"https:\/\/vieassociative.be\/actualites\/#\/schema\/person\/image\/\",\"url\":\"https:\/\/vieassociative.be\/actualites\/wp-content\/uploads\/2024\/09\/vie-associative-1-150x150.jpg\",\"contentUrl\":\"https:\/\/vieassociative.be\/actualites\/wp-content\/uploads\/2024\/09\/vie-associative-1-150x150.jpg\",\"caption\":\"Julien\"},\"description\":\"Je suis Julien, r\u00e9dacteur pour Vie Associative. Passionn\u00e9 par le monde associatif depuis plus de 10 ans, j'ai \u00e0 c\u0153ur de partager des histoires inspirantes et de mettre en lumi\u00e8re les initiatives locales. Mon objectif est de sensibiliser et d'encourager l'engagement communautaire \u00e0 travers mes articles.\",\"sameAs\":[\"https:\/\/vieassociative.be\/\"]}]}<\/script>\n<!-- \/ Yoast SEO plugin. -->","yoast_head_json":{"title":"Le pr\u00e9sident du Lontzener SP Plus, Wetzels, critique la \u00ab grande ing\u00e9rence \u00bb du SP Ostbelgien \u2013 d\u00e9mission | Vie Associative","robots":{"index":"index","follow":"follow","max-snippet":"max-snippet:-1","max-image-preview":"max-image-preview:large","max-video-preview":"max-video-preview:-1"},"canonical":"https:\/\/vieassociative.be\/actualites\/le-president-du-lontzener-sp-plus-wetzels-critique-la-grande-ingerence-du-sp-ostbelgien-demission\/","og_locale":"fr_FR","og_type":"article","og_title":"Le pr\u00e9sident du Lontzener SP Plus, Wetzels, critique la \u00ab grande ing\u00e9rence \u00bb du SP Ostbelgien \u2013 d\u00e9mission | Vie Associative","og_description":"Normalement, tout devrait bien se passer avec le Lontzener SP Plus. La liste fait partie de la majorit\u00e9 au sein d&rsquo;une coalition avec la liste","og_url":"https:\/\/vieassociative.be\/actualites\/le-president-du-lontzener-sp-plus-wetzels-critique-la-grande-ingerence-du-sp-ostbelgien-demission\/","og_site_name":"Vie Associative","article_published_time":"2024-11-21T08:19:13+00:00","og_image":[{"url":"https:\/\/vieassociative.be\/actualites\/wp-content\/uploads\/2024\/11\/Le-president-du-Lontzener-SP-Plus-Wetzels-critique-la.jpg","type":"","width":"","height":""}],"author":"Julien","twitter_card":"summary_large_image","twitter_misc":{"\u00c9crit par":"Julien","Dur\u00e9e de lecture est.":"2 minutes"},"schema":{"@context":"https:\/\/schema.org","@graph":[{"@type":"Article","@id":"https:\/\/vieassociative.be\/actualites\/le-president-du-lontzener-sp-plus-wetzels-critique-la-grande-ingerence-du-sp-ostbelgien-demission\/#article","isPartOf":{"@id":"https:\/\/vieassociative.be\/actualites\/le-president-du-lontzener-sp-plus-wetzels-critique-la-grande-ingerence-du-sp-ostbelgien-demission\/"},"author":{"name":"Julien","@id":"https:\/\/vieassociative.be\/actualites\/#\/schema\/person\/b87ac4f82f9d4e7b7cec7395b679edc4"},"headline":"Le pr\u00e9sident du Lontzener SP Plus, Wetzels, critique la \u00ab grande ing\u00e9rence \u00bb du SP Ostbelgien \u2013 d\u00e9mission","datePublished":"2024-11-21T08:19:13+00:00","dateModified":"2024-11-21T08:19:13+00:00","mainEntityOfPage":{"@id":"https:\/\/vieassociative.be\/actualites\/le-president-du-lontzener-sp-plus-wetzels-critique-la-grande-ingerence-du-sp-ostbelgien-demission\/"},"wordCount":501,"publisher":{"@id":"https:\/\/vieassociative.be\/actualites\/#organization"},"image":{"@id":"https:\/\/vieassociative.be\/actualites\/le-president-du-lontzener-sp-plus-wetzels-critique-la-grande-ingerence-du-sp-ostbelgien-demission\/#primaryimage"},"thumbnailUrl":"https:\/\/vieassociative.be\/actualites\/wp-content\/uploads\/2024\/11\/1732177153_Le-president-du-Lontzener-SP-Plus-Wetzels-critique-la.jpg","keywords":["critique","d\u00e9mission","grande","ing\u00e9rence","Lontzener","Ostbelgien","pr\u00e9sident","Wetzels"],"articleSection":["Belgique"],"inLanguage":"fr-BE"},{"@type":"WebPage","@id":"https:\/\/vieassociative.be\/actualites\/le-president-du-lontzener-sp-plus-wetzels-critique-la-grande-ingerence-du-sp-ostbelgien-demission\/","url":"https:\/\/vieassociative.be\/actualites\/le-president-du-lontzener-sp-plus-wetzels-critique-la-grande-ingerence-du-sp-ostbelgien-demission\/","name":"Le pr\u00e9sident du Lontzener SP Plus, Wetzels, critique la \u00ab grande ing\u00e9rence \u00bb du SP Ostbelgien \u2013 d\u00e9mission | Vie Associative","isPartOf":{"@id":"https:\/\/vieassociative.be\/actualites\/#website"},"primaryImageOfPage":{"@id":"https:\/\/vieassociative.be\/actualites\/le-president-du-lontzener-sp-plus-wetzels-critique-la-grande-ingerence-du-sp-ostbelgien-demission\/#primaryimage"},"image":{"@id":"https:\/\/vieassociative.be\/actualites\/le-president-du-lontzener-sp-plus-wetzels-critique-la-grande-ingerence-du-sp-ostbelgien-demission\/#primaryimage"},"thumbnailUrl":"https:\/\/vieassociative.be\/actualites\/wp-content\/uploads\/2024\/11\/1732177153_Le-president-du-Lontzener-SP-Plus-Wetzels-critique-la.jpg","datePublished":"2024-11-21T08:19:13+00:00","dateModified":"2024-11-21T08:19:13+00:00","breadcrumb":{"@id":"https:\/\/vieassociative.be\/actualites\/le-president-du-lontzener-sp-plus-wetzels-critique-la-grande-ingerence-du-sp-ostbelgien-demission\/#breadcrumb"},"inLanguage":"fr-BE","potentialAction":[{"@type":"ReadAction","target":["https:\/\/vieassociative.be\/actualites\/le-president-du-lontzener-sp-plus-wetzels-critique-la-grande-ingerence-du-sp-ostbelgien-demission\/"]}]},{"@type":"ImageObject","inLanguage":"fr-BE","@id":"https:\/\/vieassociative.be\/actualites\/le-president-du-lontzener-sp-plus-wetzels-critique-la-grande-ingerence-du-sp-ostbelgien-demission\/#primaryimage","url":"https:\/\/vieassociative.be\/actualites\/wp-content\/uploads\/2024\/11\/1732177153_Le-president-du-Lontzener-SP-Plus-Wetzels-critique-la.jpg","contentUrl":"https:\/\/vieassociative.be\/actualites\/wp-content\/uploads\/2024\/11\/1732177153_Le-president-du-Lontzener-SP-Plus-Wetzels-critique-la.jpg","width":1200,"height":800,"caption":"Le pr\u00e9sident du Lontzener SP Plus, Wetzels, critique la \u00ab grande ing\u00e9rence \u00bb du SP Ostbelgien \u2013 d\u00e9mission"},{"@type":"BreadcrumbList","@id":"https:\/\/vieassociative.be\/actualites\/le-president-du-lontzener-sp-plus-wetzels-critique-la-grande-ingerence-du-sp-ostbelgien-demission\/#breadcrumb","itemListElement":[{"@type":"ListItem","position":1,"name":"Accueil","item":"https:\/\/vieassociative.be\/actualites\/"},{"@type":"ListItem","position":2,"name":"Le pr\u00e9sident du Lontzener SP Plus, Wetzels, critique la \u00ab grande ing\u00e9rence \u00bb du SP Ostbelgien \u2013 d\u00e9mission"}]},{"@type":"WebSite","@id":"https:\/\/vieassociative.be\/actualites\/#website","url":"https:\/\/vieassociative.be\/actualites\/","name":"Vie Associative","description":"","publisher":{"@id":"https:\/\/vieassociative.be\/actualites\/#organization"},"potentialAction":[{"@type":"SearchAction","target":{"@type":"EntryPoint","urlTemplate":"https:\/\/vieassociative.be\/actualites\/?s={search_term_string}"},"query-input":{"@type":"PropertyValueSpecification","valueRequired":true,"valueName":"search_term_string"}}],"inLanguage":"fr-BE"},{"@type":"Organization","@id":"https:\/\/vieassociative.be\/actualites\/#organization","name":"Vie Associative","url":"https:\/\/vieassociative.be\/actualites\/","logo":{"@type":"ImageObject","inLanguage":"fr-BE","@id":"https:\/\/vieassociative.be\/actualites\/#\/schema\/logo\/image\/","url":"https:\/\/vieassociative.be\/actualites\/wp-content\/uploads\/2024\/09\/cropped-vieassociative_favicon.ico.png","contentUrl":"https:\/\/vieassociative.be\/actualites\/wp-content\/uploads\/2024\/09\/cropped-vieassociative_favicon.ico.png","width":512,"height":512,"caption":"Vie Associative"},"image":{"@id":"https:\/\/vieassociative.be\/actualites\/#\/schema\/logo\/image\/"}},{"@type":"Person","@id":"https:\/\/vieassociative.be\/actualites\/#\/schema\/person\/b87ac4f82f9d4e7b7cec7395b679edc4","name":"Julien","image":{"@type":"ImageObject","inLanguage":"fr-BE","@id":"https:\/\/vieassociative.be\/actualites\/#\/schema\/person\/image\/","url":"https:\/\/vieassociative.be\/actualites\/wp-content\/uploads\/2024\/09\/vie-associative-1-150x150.jpg","contentUrl":"https:\/\/vieassociative.be\/actualites\/wp-content\/uploads\/2024\/09\/vie-associative-1-150x150.jpg","caption":"Julien"},"description":"Je suis Julien, r\u00e9dacteur pour Vie Associative. Passionn\u00e9 par le monde associatif depuis plus de 10 ans, j'ai \u00e0 c\u0153ur de partager des histoires inspirantes et de mettre en lumi\u00e8re les initiatives locales. Mon objectif est de sensibiliser et d'encourager l'engagement communautaire \u00e0 travers mes articles.","sameAs":["https:\/\/vieassociative.be\/"]}]}},"_links":{"self":[{"href":"https:\/\/vieassociative.be\/actualites\/wp-json\/wp\/v2\/posts\/2631"}],"collection":[{"href":"https:\/\/vieassociative.be\/actualites\/wp-json\/wp\/v2\/posts"}],"about":[{"href":"https:\/\/vieassociative.be\/actualites\/wp-json\/wp\/v2\/types\/post"}],"author":[{"embeddable":true,"href":"https:\/\/vieassociative.be\/actualites\/wp-json\/wp\/v2\/users\/1"}],"replies":[{"embeddable":true,"href":"https:\/\/vieassociative.be\/actualites\/wp-json\/wp\/v2\/comments?post=2631"}],"version-history":[{"count":0,"href":"https:\/\/vieassociative.be\/actualites\/wp-json\/wp\/v2\/posts\/2631\/revisions"}],"wp:featuredmedia":[{"embeddable":true,"href":"https:\/\/vieassociative.be\/actualites\/wp-json\/wp\/v2\/media\/2632"}],"wp:attachment":[{"href":"https:\/\/vieassociative.be\/actualites\/wp-json\/wp\/v2\/media?parent=2631"}],"wp:term":[{"taxonomy":"category","embeddable":true,"href":"https:\/\/vieassociative.be\/actualites\/wp-json\/wp\/v2\/categories?post=2631"},{"taxonomy":"post_tag","embeddable":true,"href":"https:\/\/vieassociative.be\/actualites\/wp-json\/wp\/v2\/tags?post=2631"}],"curies":[{"name":"wp","href":"https:\/\/api.w.org\/{rel}","templated":true}]}}