{"id":263,"date":"2024-09-21T17:35:25","date_gmt":"2024-09-21T15:35:25","guid":{"rendered":"https:\/\/vieassociative.be\/actualites\/une-transplantation-stuhl-peut-elle-prevenir-la-maladie-de-parkinson\/"},"modified":"2024-09-21T17:35:25","modified_gmt":"2024-09-21T15:35:25","slug":"une-transplantation-stuhl-peut-elle-prevenir-la-maladie-de-parkinson","status":"publish","type":"post","link":"https:\/\/vieassociative.be\/actualites\/une-transplantation-stuhl-peut-elle-prevenir-la-maladie-de-parkinson\/","title":{"rendered":"Une transplantation Stuhl peut-elle pr\u00e9venir la maladie de Parkinson ?"},"content":{"rendered":"<p><\/p>\n<p class=\"font-sans font-medium\">  Des chercheurs belges ont d\u00e9velopp\u00e9 une nouvelle m\u00e9thode de traitement pour les patients atteints de la maladie de Parkinson. Cela semble ungew\u00f6hnlich, dit aber Erfolge.<\/p>\n<aside class=\"h-ad-280+text lg:h-0 \" data-slot-id=\"pos1_sm\" data-breakpoint=\"sm\" data-hide-ad-text=\"false\" data-module-id=\"SparkAdSlotModule\"><\/aside>\n<p>Les personnes souffrant d&rsquo;une maladie l\u00e9g\u00e8re due \u00e0 la maladie mentale de la maladie de Parkinson devraient finalement disposer d&rsquo;une nouvelle m\u00e9thode de traitement. <strong>Sympt\u00f4me <\/strong>zu lindern \u2013 mais nous pouvons encore gu\u00e9rir de la maladie. Les chercheurs et chercheurs de l&rsquo;Universit\u00e9 de Gand en Belgique sont bien financ\u00e9s et b\u00e9n\u00e9ficient d&rsquo;une transplantation typique des patients atteints de la maladie de Parkinson dans d&rsquo;autres r\u00e9gions.<\/p>\n<p>Je suis Rahmen der <strong>\u00c9tude <\/strong>Les patients qui se trouvent dans un nouveau stade de la maladie sont affect\u00e9s par la transplantation normale du microbiote d\u2019\u00eatres humains en bonne sant\u00e9. Vous mourrez lors d&rsquo;un repas au Nase directement dans le D\u00fcnndarm. <\/p>\n<h3>Parkinson\u00a0:\u00a0Hoffnung auf langfristige Besserung<\/h3>\n<div id=\"piano-banner-kampagne\" class=\"mb-4 block\"><\/div>\n<div id=\"piano-reco-widget\" class=\"mb-4 block\"><\/div>\n<p>Quiconque publie une \u00e9tude dans sa revue \u00ab\u00a0eClinical Medicine &#8211; The Lancet\u00a0\u00bb devra s&rsquo;occuper de ses propres \u00e9tudes avec des tests moteurs avec des am\u00e9liorations motrices significatives. Cette Verbesserung \u00fcber einen langeren Zeitraum deutet zudem darauf hin, dass die Methode zu einer nachhaltigen <strong>Linderung <\/strong>Les sympt\u00f4mes de Parkinson sont connus.<\/p>\n<p><!-- opinary --><\/p>\n<div class=\"w-full bg-background-100\">\n<div id=\"opinary-automation-placeholder\" class=\"w-full\"><\/div>\n<\/p><\/div>\n<p>\u201eUnsere Studie liefert veldverspechende Hinweise darauf, c&rsquo;est-\u00e0-dire que la transplantation Stuhl est un nouveau traitement pour cela <strong>La maladie de Parkinson<\/strong> faites-le-moi savoir \u00bb, a d\u00e9clar\u00e9 le professeur de biotechnologie. Roosmarijn Vandenbroucke zu den Ergebnissen.<\/p>\n<aside class=\"h-ad-600+text lg:h-0 \" data-slot-id=\"pos2_sm\" data-breakpoint=\"sm\" data-hide-ad-text=\"false\" data-module-id=\"SparkAdSlotModule\"><\/aside>\n<p>Laut Roosmarijn voit la suite des travaux de recherche en noir et blanc, mais toujours la m\u00eame chose <strong>Transplantation de Stuhl <\/strong>\u00ab Gr\u00e2ce \u00e0 une prise en charge efficace, \u00e9quitable et rentable, les sympt\u00f4mes et la qualit\u00e9 de vie de millions de patients atteints de la maladie de Parkinson s&rsquo;am\u00e9lioreront. \u00bb<\/p>\n<h3>Parkinson soll im Intestin commence<\/h3>\n<p>C&rsquo;est le sympt\u00f4me de \u00e7a <strong>Maladie nerveuse <\/strong>Lindert, se trouve dans le Forschern an der Ursache von Parkinson. Cette prot\u00e9ine appartient \u00e0 la prot\u00e9ine alpha-synucl\u00e9ine, car elle provoque des erreurs et des sympt\u00f4mes li\u00e9s \u00e0 la maladie de Parkinson. Ces Klumpen sont plus dommageables que les Hirnzellen, qui produisent le Botenstoff Dopamin. Ce sont les sympt\u00f4mes typiques des crampes, de la sant\u00e9 musculo-squelettique et des troubles du poids.<\/p>\n<p>Dans la maladie de Parkinson, il est tenu compte du fait que les amas de prot\u00e9ines sont examin\u00e9s dans les premiers stades de la maladie dans la paroi intestinale, puis reli\u00e9s au nerf vague, \u00e0 l&rsquo;intestin et aux articulations. <strong>Nervenzell <\/strong>int\u00e9r\u00eats. En effet, la flore intestinale des patients atteints de la maladie de Parkinson souffre de modifications du blocage intestinal et d&rsquo;autres protections intestinales. Voici \u00e9galement la base de la transplantation.<\/p>\n<p><!-- Taboola Container --><\/p>\n<aside class=\" w-full\" data-module-id=\"TaboolaContainerModule\" data-container-id=\"taboola-article-mid-article\" data-mode=\"thumbnails-a\" data-target-type=\"mix\" data-is-mid-article=\"true\" data-variant=\"mid-article\" data-gallery-number=\"undefined\">\n<div id=\"taboola-article-mid-article\"><\/div>\n<\/aside>\n<h3>Plus de 200 000 Parkinson-Erkrankte en Allemagne<\/h3>\n<p>Laut dem Deutschen Zentrum f\u00fcr Neurodegenerative Erkrankungen a tout compris <strong>Allemagne <\/strong>plus de 200 000 personnes atteintes de la maladie de Parkinson. Il est admis que cela durera jusqu&rsquo;\u00e0 la fin de l&rsquo;ann\u00e9e, mais la maladie de Parkinson durera jusqu&rsquo;\u00e0 60 ans &#8211; mais la Bev\u00f6lkerung changera toujours.<\/p>\n<p>Derzeit ist die Krankheit vor allem durch Medikamente, die den <strong>Mutilation de la dopamine <\/strong>ausgleichen \u2013 tout est facile \u00e0 naviguer et \u00e0 appr\u00e9cier pendant le temps, mais plus encore. Malgr\u00e9 la maladie, il est possible d&rsquo;avoir une activit\u00e9 ind\u00e9pendante.<\/p>\n","protected":false},"excerpt":{"rendered":"<p>Des chercheurs belges ont d\u00e9velopp\u00e9 une nouvelle m\u00e9thode de traitement pour les patients atteints de la maladie de Parkinson. Cela semble ungew\u00f6hnlich, dit aber Erfolge.<\/p>\n","protected":false},"author":1,"featured_media":241,"comment_status":"closed","ping_status":"","sticky":false,"template":"","format":"standard","meta":{"footnotes":""},"categories":[298],"tags":[381,382,379,380,378,377,110],"class_list":["post-263","post","type-post","status-publish","format-standard","has-post-thumbnail","hentry","category-belgique","tag-maladie","tag-parkinson","tag-peutelle","tag-prevenir","tag-stuhl","tag-transplantation","tag-une","generate-columns","tablet-grid-50","mobile-grid-100","grid-parent","grid-33"],"yoast_head":"<!-- This site is optimized with the Yoast SEO plugin v24.0 - https:\/\/yoast.com\/wordpress\/plugins\/seo\/ -->\n<title>Une transplantation Stuhl peut-elle pr\u00e9venir la maladie de Parkinson ? | Vie Associative<\/title>\n<meta name=\"robots\" content=\"index, follow, max-snippet:-1, max-image-preview:large, max-video-preview:-1\" \/>\n<link rel=\"canonical\" href=\"https:\/\/vieassociative.be\/actualites\/une-transplantation-stuhl-peut-elle-prevenir-la-maladie-de-parkinson\/\" \/>\n<meta property=\"og:locale\" content=\"fr_FR\" \/>\n<meta property=\"og:type\" content=\"article\" \/>\n<meta property=\"og:title\" content=\"Une transplantation Stuhl peut-elle pr\u00e9venir la maladie de Parkinson ? | Vie Associative\" \/>\n<meta property=\"og:description\" content=\"Des chercheurs belges ont d\u00e9velopp\u00e9 une nouvelle m\u00e9thode de traitement pour les patients atteints de la maladie de Parkinson. Cela semble ungew\u00f6hnlich, dit aber Erfolge.\" \/>\n<meta property=\"og:url\" content=\"https:\/\/vieassociative.be\/actualites\/une-transplantation-stuhl-peut-elle-prevenir-la-maladie-de-parkinson\/\" \/>\n<meta property=\"og:site_name\" content=\"Vie Associative\" \/>\n<meta property=\"article:published_time\" content=\"2024-09-21T15:35:25+00:00\" \/>\n<meta property=\"og:image\" content=\"https:\/\/vieassociative.be\/actualites\/wp-content\/uploads\/2024\/09\/1726932642_Une-transplantation-Stuhl-peut-elle-prevenir-la-maladie-de-Parkinson.jpeg\" \/>\n\t<meta property=\"og:image:width\" content=\"1600\" \/>\n\t<meta property=\"og:image:height\" content=\"900\" \/>\n\t<meta property=\"og:image:type\" content=\"image\/jpeg\" \/>\n<meta name=\"author\" content=\"Julien\" \/>\n<meta name=\"twitter:card\" content=\"summary_large_image\" \/>\n<meta name=\"twitter:label1\" content=\"\u00c9crit par\" \/>\n\t<meta name=\"twitter:data1\" content=\"Julien\" \/>\n\t<meta name=\"twitter:label2\" content=\"Dur\u00e9e de lecture est.\" \/>\n\t<meta name=\"twitter:data2\" content=\"3 minutes\" \/>\n<script type=\"application\/ld+json\" class=\"yoast-schema-graph\">{\"@context\":\"https:\/\/schema.org\",\"@graph\":[{\"@type\":\"Article\",\"@id\":\"https:\/\/vieassociative.be\/actualites\/une-transplantation-stuhl-peut-elle-prevenir-la-maladie-de-parkinson\/#article\",\"isPartOf\":{\"@id\":\"https:\/\/vieassociative.be\/actualites\/une-transplantation-stuhl-peut-elle-prevenir-la-maladie-de-parkinson\/\"},\"author\":{\"name\":\"Julien\",\"@id\":\"https:\/\/vieassociative.be\/actualites\/#\/schema\/person\/b87ac4f82f9d4e7b7cec7395b679edc4\"},\"headline\":\"Une transplantation Stuhl peut-elle pr\u00e9venir la maladie de Parkinson ?\",\"datePublished\":\"2024-09-21T15:35:25+00:00\",\"dateModified\":\"2024-09-21T15:35:25+00:00\",\"mainEntityOfPage\":{\"@id\":\"https:\/\/vieassociative.be\/actualites\/une-transplantation-stuhl-peut-elle-prevenir-la-maladie-de-parkinson\/\"},\"wordCount\":558,\"publisher\":{\"@id\":\"https:\/\/vieassociative.be\/actualites\/#organization\"},\"image\":{\"@id\":\"https:\/\/vieassociative.be\/actualites\/une-transplantation-stuhl-peut-elle-prevenir-la-maladie-de-parkinson\/#primaryimage\"},\"thumbnailUrl\":\"https:\/\/vieassociative.be\/actualites\/wp-content\/uploads\/2024\/09\/1726932642_Une-transplantation-Stuhl-peut-elle-prevenir-la-maladie-de-Parkinson.jpeg\",\"keywords\":[\"maladie\",\"Parkinson\",\"peutelle\",\"pr\u00e9venir\",\"Stuhl\",\"transplantation\",\"une\"],\"articleSection\":[\"Belgique\"],\"inLanguage\":\"fr-BE\"},{\"@type\":\"WebPage\",\"@id\":\"https:\/\/vieassociative.be\/actualites\/une-transplantation-stuhl-peut-elle-prevenir-la-maladie-de-parkinson\/\",\"url\":\"https:\/\/vieassociative.be\/actualites\/une-transplantation-stuhl-peut-elle-prevenir-la-maladie-de-parkinson\/\",\"name\":\"Une transplantation Stuhl peut-elle pr\u00e9venir la maladie de Parkinson ? | Vie Associative\",\"isPartOf\":{\"@id\":\"https:\/\/vieassociative.be\/actualites\/#website\"},\"primaryImageOfPage\":{\"@id\":\"https:\/\/vieassociative.be\/actualites\/une-transplantation-stuhl-peut-elle-prevenir-la-maladie-de-parkinson\/#primaryimage\"},\"image\":{\"@id\":\"https:\/\/vieassociative.be\/actualites\/une-transplantation-stuhl-peut-elle-prevenir-la-maladie-de-parkinson\/#primaryimage\"},\"thumbnailUrl\":\"https:\/\/vieassociative.be\/actualites\/wp-content\/uploads\/2024\/09\/1726932642_Une-transplantation-Stuhl-peut-elle-prevenir-la-maladie-de-Parkinson.jpeg\",\"datePublished\":\"2024-09-21T15:35:25+00:00\",\"dateModified\":\"2024-09-21T15:35:25+00:00\",\"breadcrumb\":{\"@id\":\"https:\/\/vieassociative.be\/actualites\/une-transplantation-stuhl-peut-elle-prevenir-la-maladie-de-parkinson\/#breadcrumb\"},\"inLanguage\":\"fr-BE\",\"potentialAction\":[{\"@type\":\"ReadAction\",\"target\":[\"https:\/\/vieassociative.be\/actualites\/une-transplantation-stuhl-peut-elle-prevenir-la-maladie-de-parkinson\/\"]}]},{\"@type\":\"ImageObject\",\"inLanguage\":\"fr-BE\",\"@id\":\"https:\/\/vieassociative.be\/actualites\/une-transplantation-stuhl-peut-elle-prevenir-la-maladie-de-parkinson\/#primaryimage\",\"url\":\"https:\/\/vieassociative.be\/actualites\/wp-content\/uploads\/2024\/09\/1726932642_Une-transplantation-Stuhl-peut-elle-prevenir-la-maladie-de-Parkinson.jpeg\",\"contentUrl\":\"https:\/\/vieassociative.be\/actualites\/wp-content\/uploads\/2024\/09\/1726932642_Une-transplantation-Stuhl-peut-elle-prevenir-la-maladie-de-Parkinson.jpeg\",\"width\":1600,\"height\":900,\"caption\":\"Une transplantation Stuhl peut-elle pr\u00e9venir la maladie de Parkinson ?\"},{\"@type\":\"BreadcrumbList\",\"@id\":\"https:\/\/vieassociative.be\/actualites\/une-transplantation-stuhl-peut-elle-prevenir-la-maladie-de-parkinson\/#breadcrumb\",\"itemListElement\":[{\"@type\":\"ListItem\",\"position\":1,\"name\":\"Accueil\",\"item\":\"https:\/\/vieassociative.be\/actualites\/\"},{\"@type\":\"ListItem\",\"position\":2,\"name\":\"Une transplantation Stuhl peut-elle pr\u00e9venir la maladie de Parkinson ?\"}]},{\"@type\":\"WebSite\",\"@id\":\"https:\/\/vieassociative.be\/actualites\/#website\",\"url\":\"https:\/\/vieassociative.be\/actualites\/\",\"name\":\"Vie Associative\",\"description\":\"\",\"publisher\":{\"@id\":\"https:\/\/vieassociative.be\/actualites\/#organization\"},\"potentialAction\":[{\"@type\":\"SearchAction\",\"target\":{\"@type\":\"EntryPoint\",\"urlTemplate\":\"https:\/\/vieassociative.be\/actualites\/?s={search_term_string}\"},\"query-input\":{\"@type\":\"PropertyValueSpecification\",\"valueRequired\":true,\"valueName\":\"search_term_string\"}}],\"inLanguage\":\"fr-BE\"},{\"@type\":\"Organization\",\"@id\":\"https:\/\/vieassociative.be\/actualites\/#organization\",\"name\":\"Vie Associative\",\"url\":\"https:\/\/vieassociative.be\/actualites\/\",\"logo\":{\"@type\":\"ImageObject\",\"inLanguage\":\"fr-BE\",\"@id\":\"https:\/\/vieassociative.be\/actualites\/#\/schema\/logo\/image\/\",\"url\":\"https:\/\/vieassociative.be\/actualites\/wp-content\/uploads\/2024\/09\/cropped-vieassociative_favicon.ico.png\",\"contentUrl\":\"https:\/\/vieassociative.be\/actualites\/wp-content\/uploads\/2024\/09\/cropped-vieassociative_favicon.ico.png\",\"width\":512,\"height\":512,\"caption\":\"Vie Associative\"},\"image\":{\"@id\":\"https:\/\/vieassociative.be\/actualites\/#\/schema\/logo\/image\/\"}},{\"@type\":\"Person\",\"@id\":\"https:\/\/vieassociative.be\/actualites\/#\/schema\/person\/b87ac4f82f9d4e7b7cec7395b679edc4\",\"name\":\"Julien\",\"image\":{\"@type\":\"ImageObject\",\"inLanguage\":\"fr-BE\",\"@id\":\"https:\/\/vieassociative.be\/actualites\/#\/schema\/person\/image\/\",\"url\":\"https:\/\/vieassociative.be\/actualites\/wp-content\/uploads\/2024\/09\/vie-associative-1-150x150.jpg\",\"contentUrl\":\"https:\/\/vieassociative.be\/actualites\/wp-content\/uploads\/2024\/09\/vie-associative-1-150x150.jpg\",\"caption\":\"Julien\"},\"description\":\"Je suis Julien, r\u00e9dacteur pour Vie Associative. Passionn\u00e9 par le monde associatif depuis plus de 10 ans, j'ai \u00e0 c\u0153ur de partager des histoires inspirantes et de mettre en lumi\u00e8re les initiatives locales. Mon objectif est de sensibiliser et d'encourager l'engagement communautaire \u00e0 travers mes articles.\",\"sameAs\":[\"https:\/\/vieassociative.be\/\"]}]}<\/script>\n<!-- \/ Yoast SEO plugin. -->","yoast_head_json":{"title":"Une transplantation Stuhl peut-elle pr\u00e9venir la maladie de Parkinson ? | Vie Associative","robots":{"index":"index","follow":"follow","max-snippet":"max-snippet:-1","max-image-preview":"max-image-preview:large","max-video-preview":"max-video-preview:-1"},"canonical":"https:\/\/vieassociative.be\/actualites\/une-transplantation-stuhl-peut-elle-prevenir-la-maladie-de-parkinson\/","og_locale":"fr_FR","og_type":"article","og_title":"Une transplantation Stuhl peut-elle pr\u00e9venir la maladie de Parkinson ? | Vie Associative","og_description":"Des chercheurs belges ont d\u00e9velopp\u00e9 une nouvelle m\u00e9thode de traitement pour les patients atteints de la maladie de Parkinson. Cela semble ungew\u00f6hnlich, dit aber Erfolge.","og_url":"https:\/\/vieassociative.be\/actualites\/une-transplantation-stuhl-peut-elle-prevenir-la-maladie-de-parkinson\/","og_site_name":"Vie Associative","article_published_time":"2024-09-21T15:35:25+00:00","og_image":[{"width":1600,"height":900,"url":"https:\/\/vieassociative.be\/actualites\/wp-content\/uploads\/2024\/09\/1726932642_Une-transplantation-Stuhl-peut-elle-prevenir-la-maladie-de-Parkinson.jpeg","type":"image\/jpeg"}],"author":"Julien","twitter_card":"summary_large_image","twitter_misc":{"\u00c9crit par":"Julien","Dur\u00e9e de lecture est.":"3 minutes"},"schema":{"@context":"https:\/\/schema.org","@graph":[{"@type":"Article","@id":"https:\/\/vieassociative.be\/actualites\/une-transplantation-stuhl-peut-elle-prevenir-la-maladie-de-parkinson\/#article","isPartOf":{"@id":"https:\/\/vieassociative.be\/actualites\/une-transplantation-stuhl-peut-elle-prevenir-la-maladie-de-parkinson\/"},"author":{"name":"Julien","@id":"https:\/\/vieassociative.be\/actualites\/#\/schema\/person\/b87ac4f82f9d4e7b7cec7395b679edc4"},"headline":"Une transplantation Stuhl peut-elle pr\u00e9venir la maladie de Parkinson ?","datePublished":"2024-09-21T15:35:25+00:00","dateModified":"2024-09-21T15:35:25+00:00","mainEntityOfPage":{"@id":"https:\/\/vieassociative.be\/actualites\/une-transplantation-stuhl-peut-elle-prevenir-la-maladie-de-parkinson\/"},"wordCount":558,"publisher":{"@id":"https:\/\/vieassociative.be\/actualites\/#organization"},"image":{"@id":"https:\/\/vieassociative.be\/actualites\/une-transplantation-stuhl-peut-elle-prevenir-la-maladie-de-parkinson\/#primaryimage"},"thumbnailUrl":"https:\/\/vieassociative.be\/actualites\/wp-content\/uploads\/2024\/09\/1726932642_Une-transplantation-Stuhl-peut-elle-prevenir-la-maladie-de-Parkinson.jpeg","keywords":["maladie","Parkinson","peutelle","pr\u00e9venir","Stuhl","transplantation","une"],"articleSection":["Belgique"],"inLanguage":"fr-BE"},{"@type":"WebPage","@id":"https:\/\/vieassociative.be\/actualites\/une-transplantation-stuhl-peut-elle-prevenir-la-maladie-de-parkinson\/","url":"https:\/\/vieassociative.be\/actualites\/une-transplantation-stuhl-peut-elle-prevenir-la-maladie-de-parkinson\/","name":"Une transplantation Stuhl peut-elle pr\u00e9venir la maladie de Parkinson ? | Vie Associative","isPartOf":{"@id":"https:\/\/vieassociative.be\/actualites\/#website"},"primaryImageOfPage":{"@id":"https:\/\/vieassociative.be\/actualites\/une-transplantation-stuhl-peut-elle-prevenir-la-maladie-de-parkinson\/#primaryimage"},"image":{"@id":"https:\/\/vieassociative.be\/actualites\/une-transplantation-stuhl-peut-elle-prevenir-la-maladie-de-parkinson\/#primaryimage"},"thumbnailUrl":"https:\/\/vieassociative.be\/actualites\/wp-content\/uploads\/2024\/09\/1726932642_Une-transplantation-Stuhl-peut-elle-prevenir-la-maladie-de-Parkinson.jpeg","datePublished":"2024-09-21T15:35:25+00:00","dateModified":"2024-09-21T15:35:25+00:00","breadcrumb":{"@id":"https:\/\/vieassociative.be\/actualites\/une-transplantation-stuhl-peut-elle-prevenir-la-maladie-de-parkinson\/#breadcrumb"},"inLanguage":"fr-BE","potentialAction":[{"@type":"ReadAction","target":["https:\/\/vieassociative.be\/actualites\/une-transplantation-stuhl-peut-elle-prevenir-la-maladie-de-parkinson\/"]}]},{"@type":"ImageObject","inLanguage":"fr-BE","@id":"https:\/\/vieassociative.be\/actualites\/une-transplantation-stuhl-peut-elle-prevenir-la-maladie-de-parkinson\/#primaryimage","url":"https:\/\/vieassociative.be\/actualites\/wp-content\/uploads\/2024\/09\/1726932642_Une-transplantation-Stuhl-peut-elle-prevenir-la-maladie-de-Parkinson.jpeg","contentUrl":"https:\/\/vieassociative.be\/actualites\/wp-content\/uploads\/2024\/09\/1726932642_Une-transplantation-Stuhl-peut-elle-prevenir-la-maladie-de-Parkinson.jpeg","width":1600,"height":900,"caption":"Une transplantation Stuhl peut-elle pr\u00e9venir la maladie de Parkinson ?"},{"@type":"BreadcrumbList","@id":"https:\/\/vieassociative.be\/actualites\/une-transplantation-stuhl-peut-elle-prevenir-la-maladie-de-parkinson\/#breadcrumb","itemListElement":[{"@type":"ListItem","position":1,"name":"Accueil","item":"https:\/\/vieassociative.be\/actualites\/"},{"@type":"ListItem","position":2,"name":"Une transplantation Stuhl peut-elle pr\u00e9venir la maladie de Parkinson ?"}]},{"@type":"WebSite","@id":"https:\/\/vieassociative.be\/actualites\/#website","url":"https:\/\/vieassociative.be\/actualites\/","name":"Vie Associative","description":"","publisher":{"@id":"https:\/\/vieassociative.be\/actualites\/#organization"},"potentialAction":[{"@type":"SearchAction","target":{"@type":"EntryPoint","urlTemplate":"https:\/\/vieassociative.be\/actualites\/?s={search_term_string}"},"query-input":{"@type":"PropertyValueSpecification","valueRequired":true,"valueName":"search_term_string"}}],"inLanguage":"fr-BE"},{"@type":"Organization","@id":"https:\/\/vieassociative.be\/actualites\/#organization","name":"Vie Associative","url":"https:\/\/vieassociative.be\/actualites\/","logo":{"@type":"ImageObject","inLanguage":"fr-BE","@id":"https:\/\/vieassociative.be\/actualites\/#\/schema\/logo\/image\/","url":"https:\/\/vieassociative.be\/actualites\/wp-content\/uploads\/2024\/09\/cropped-vieassociative_favicon.ico.png","contentUrl":"https:\/\/vieassociative.be\/actualites\/wp-content\/uploads\/2024\/09\/cropped-vieassociative_favicon.ico.png","width":512,"height":512,"caption":"Vie Associative"},"image":{"@id":"https:\/\/vieassociative.be\/actualites\/#\/schema\/logo\/image\/"}},{"@type":"Person","@id":"https:\/\/vieassociative.be\/actualites\/#\/schema\/person\/b87ac4f82f9d4e7b7cec7395b679edc4","name":"Julien","image":{"@type":"ImageObject","inLanguage":"fr-BE","@id":"https:\/\/vieassociative.be\/actualites\/#\/schema\/person\/image\/","url":"https:\/\/vieassociative.be\/actualites\/wp-content\/uploads\/2024\/09\/vie-associative-1-150x150.jpg","contentUrl":"https:\/\/vieassociative.be\/actualites\/wp-content\/uploads\/2024\/09\/vie-associative-1-150x150.jpg","caption":"Julien"},"description":"Je suis Julien, r\u00e9dacteur pour Vie Associative. Passionn\u00e9 par le monde associatif depuis plus de 10 ans, j'ai \u00e0 c\u0153ur de partager des histoires inspirantes et de mettre en lumi\u00e8re les initiatives locales. Mon objectif est de sensibiliser et d'encourager l'engagement communautaire \u00e0 travers mes articles.","sameAs":["https:\/\/vieassociative.be\/"]}]}},"_links":{"self":[{"href":"https:\/\/vieassociative.be\/actualites\/wp-json\/wp\/v2\/posts\/263"}],"collection":[{"href":"https:\/\/vieassociative.be\/actualites\/wp-json\/wp\/v2\/posts"}],"about":[{"href":"https:\/\/vieassociative.be\/actualites\/wp-json\/wp\/v2\/types\/post"}],"author":[{"embeddable":true,"href":"https:\/\/vieassociative.be\/actualites\/wp-json\/wp\/v2\/users\/1"}],"replies":[{"embeddable":true,"href":"https:\/\/vieassociative.be\/actualites\/wp-json\/wp\/v2\/comments?post=263"}],"version-history":[{"count":1,"href":"https:\/\/vieassociative.be\/actualites\/wp-json\/wp\/v2\/posts\/263\/revisions"}],"predecessor-version":[{"id":264,"href":"https:\/\/vieassociative.be\/actualites\/wp-json\/wp\/v2\/posts\/263\/revisions\/264"}],"wp:featuredmedia":[{"embeddable":true,"href":"https:\/\/vieassociative.be\/actualites\/wp-json\/wp\/v2\/media\/241"}],"wp:attachment":[{"href":"https:\/\/vieassociative.be\/actualites\/wp-json\/wp\/v2\/media?parent=263"}],"wp:term":[{"taxonomy":"category","embeddable":true,"href":"https:\/\/vieassociative.be\/actualites\/wp-json\/wp\/v2\/categories?post=263"},{"taxonomy":"post_tag","embeddable":true,"href":"https:\/\/vieassociative.be\/actualites\/wp-json\/wp\/v2\/tags?post=263"}],"curies":[{"name":"wp","href":"https:\/\/api.w.org\/{rel}","templated":true}]}}