{"id":2615,"date":"2024-11-20T21:18:06","date_gmt":"2024-11-20T20:18:06","guid":{"rendered":"https:\/\/vieassociative.be\/actualites\/un-tableau-de-magritte-vendu-aux-encheres-pour-plus-de-120-millions-de-dollars\/"},"modified":"2024-11-20T21:18:06","modified_gmt":"2024-11-20T20:18:06","slug":"un-tableau-de-magritte-vendu-aux-encheres-pour-plus-de-120-millions-de-dollars","status":"publish","type":"post","link":"https:\/\/vieassociative.be\/actualites\/un-tableau-de-magritte-vendu-aux-encheres-pour-plus-de-120-millions-de-dollars\/","title":{"rendered":"Un tableau de Magritte vendu aux ench\u00e8res pour plus de 120 millions de dollars"},"content":{"rendered":"<p><strong>Peu d\u2019artistes ont r\u00e9ussi \u00e0 vendre une \u0153uvre pour une somme \u00e0 trois chiffres en millions. \u00c0 New York, Ren\u00e9 Magritte devient c\u00e9l\u00e8bre. Auparavant, il y avait un duel dans la maison de vente aux ench\u00e8res.<\/strong><\/p>\n<p><span id=\"more-402276\"><\/span>Un tableau de l&rsquo;artiste belge Ren\u00e9 Magritte a \u00e9t\u00e9 vendu \u00e0 New York pour un prix record. Selon la maison de ventes Christie&rsquo;s, un acheteur anonyme a obtenu l&rsquo;\u0153uvre \u00ab L&rsquo;Empire des lumi\u00e8res \u00bb pour 121,2 millions de dollars (pr\u00e8s de 115 millions d&rsquo;euros) apr\u00e8s dix minutes d&rsquo;ench\u00e8res avec un deuxi\u00e8me int\u00e9ress\u00e9.<\/p>\n<div id=\"attachment_402283\" class=\"wp-caption alignleft\" style=\"max-width: 300px\"><img fetchpriority=\"high\" decoding=\"async\" class=\"wp-image-402283 size-medium\" src=\"https:\/\/vieassociative.be\/actualites\/wp-content\/uploads\/2024\/11\/Un-tableau-de-Magritte-vendu-aux-encheres-pour-plus-de.jpg\" alt=\"\" width=\"300\" height=\"171\"><\/p>\n<p class=\"wp-caption-text\">Logo de la maison de vente aux ench\u00e8res Christie&rsquo;s. Photo : photo alliance \/ dpa<\/p>\n<\/div>\n<p>Selon les informations officielles, il s&rsquo;agit du tableau surr\u00e9aliste le plus cher jamais vendu \u2013 et aussi d&rsquo;un record pour Magritte lui-m\u00eame, qui a franchi pour la premi\u00e8re fois la barre des 100 millions de dollars.<\/p>\n<p>Dans \u00ab L&rsquo;Empire des lumi\u00e8res \u00bb, en allemand \u00ab Le R\u00e8gne des Lumi\u00e8res \u00bb, Magritte fascine par un jeu du jour et de la nuit. Alors que la moiti\u00e9 inf\u00e9rieure de l\u2019image montre une rue sombre, magistralement mise en sc\u00e8ne, \u00e9clair\u00e9e par une lanterne devant une maison, un ciel bleu vif avec des nuages \u200b\u200bblancs brille au-dessus. Ce contraste, c\u00e9l\u00e8bre dans le monde de l\u2019art, valait d\u00e9sormais une fortune pour un ench\u00e9risseur.<\/p>\n<p>Seulement plus de dix tableaux se sont vendus pour plus de 100 millions de dollars dans le monde. Le record absolu est d\u00e9tenu par \u00ab Salvator Mundi \u00bb, attribu\u00e9 \u00e0 L\u00e9onard de Vinci, vendu en 2017 pour 450 millions de dollars \u2013 apparemment par l\u2019interm\u00e9diaire d\u2019un homme de paille au prince h\u00e9ritier saoudien Mohammed ben Salmane. (dpa)<\/p>\n","protected":false},"excerpt":{"rendered":"<p>Peu d\u2019artistes ont r\u00e9ussi \u00e0 vendre une \u0153uvre pour une somme \u00e0 trois chiffres en millions. \u00c0 New York, Ren\u00e9 Magritte devient c\u00e9l\u00e8bre. Auparavant, il<\/p>\n","protected":false},"author":1,"featured_media":2616,"comment_status":"","ping_status":"","sticky":false,"template":"","format":"standard","meta":{"footnotes":""},"categories":[298],"tags":[289,3349,3348,3346,1751,81,2352,3347],"class_list":["post-2615","post","type-post","status-publish","format-standard","has-post-thumbnail","hentry","category-belgique","tag-aux","tag-dollars","tag-encheres","tag-magritte","tag-millions","tag-pour","tag-tableau","tag-vendu","generate-columns","tablet-grid-50","mobile-grid-100","grid-parent","grid-33"],"yoast_head":"<!-- This site is optimized with the Yoast SEO plugin v24.0 - https:\/\/yoast.com\/wordpress\/plugins\/seo\/ -->\n<title>Un tableau de Magritte vendu aux ench\u00e8res pour plus de 120 millions de dollars | Vie Associative<\/title>\n<meta name=\"robots\" content=\"index, follow, max-snippet:-1, max-image-preview:large, max-video-preview:-1\" \/>\n<link rel=\"canonical\" href=\"https:\/\/vieassociative.be\/actualites\/un-tableau-de-magritte-vendu-aux-encheres-pour-plus-de-120-millions-de-dollars\/\" \/>\n<meta property=\"og:locale\" content=\"fr_FR\" \/>\n<meta property=\"og:type\" content=\"article\" \/>\n<meta property=\"og:title\" content=\"Un tableau de Magritte vendu aux ench\u00e8res pour plus de 120 millions de dollars | Vie Associative\" \/>\n<meta property=\"og:description\" content=\"Peu d\u2019artistes ont r\u00e9ussi \u00e0 vendre une \u0153uvre pour une somme \u00e0 trois chiffres en millions. \u00c0 New York, Ren\u00e9 Magritte devient c\u00e9l\u00e8bre. Auparavant, il\" \/>\n<meta property=\"og:url\" content=\"https:\/\/vieassociative.be\/actualites\/un-tableau-de-magritte-vendu-aux-encheres-pour-plus-de-120-millions-de-dollars\/\" \/>\n<meta property=\"og:site_name\" content=\"Vie Associative\" \/>\n<meta property=\"article:published_time\" content=\"2024-11-20T20:18:06+00:00\" \/>\n<meta property=\"og:image\" content=\"https:\/\/vieassociative.be\/actualites\/wp-content\/uploads\/2024\/11\/Un-tableau-de-Magritte-vendu-aux-encheres-pour-plus-de.jpg\" \/>\n<meta name=\"author\" content=\"Julien\" \/>\n<meta name=\"twitter:card\" content=\"summary_large_image\" \/>\n<meta name=\"twitter:label1\" content=\"\u00c9crit par\" \/>\n\t<meta name=\"twitter:data1\" content=\"Julien\" \/>\n\t<meta name=\"twitter:label2\" content=\"Dur\u00e9e de lecture est.\" \/>\n\t<meta name=\"twitter:data2\" content=\"1 minute\" \/>\n<script type=\"application\/ld+json\" class=\"yoast-schema-graph\">{\"@context\":\"https:\/\/schema.org\",\"@graph\":[{\"@type\":\"Article\",\"@id\":\"https:\/\/vieassociative.be\/actualites\/un-tableau-de-magritte-vendu-aux-encheres-pour-plus-de-120-millions-de-dollars\/#article\",\"isPartOf\":{\"@id\":\"https:\/\/vieassociative.be\/actualites\/un-tableau-de-magritte-vendu-aux-encheres-pour-plus-de-120-millions-de-dollars\/\"},\"author\":{\"name\":\"Julien\",\"@id\":\"https:\/\/vieassociative.be\/actualites\/#\/schema\/person\/b87ac4f82f9d4e7b7cec7395b679edc4\"},\"headline\":\"Un tableau de Magritte vendu aux ench\u00e8res pour plus de 120 millions de dollars\",\"datePublished\":\"2024-11-20T20:18:06+00:00\",\"dateModified\":\"2024-11-20T20:18:06+00:00\",\"mainEntityOfPage\":{\"@id\":\"https:\/\/vieassociative.be\/actualites\/un-tableau-de-magritte-vendu-aux-encheres-pour-plus-de-120-millions-de-dollars\/\"},\"wordCount\":302,\"publisher\":{\"@id\":\"https:\/\/vieassociative.be\/actualites\/#organization\"},\"image\":{\"@id\":\"https:\/\/vieassociative.be\/actualites\/un-tableau-de-magritte-vendu-aux-encheres-pour-plus-de-120-millions-de-dollars\/#primaryimage\"},\"thumbnailUrl\":\"https:\/\/vieassociative.be\/actualites\/wp-content\/uploads\/2024\/11\/1732133886_Un-tableau-de-Magritte-vendu-aux-encheres-pour-plus-de.jpg\",\"keywords\":[\"aux\",\"dollars\",\"ench\u00e8res\",\"Magritte\",\"millions\",\"pour\",\"tableau\",\"vendu\"],\"articleSection\":[\"Belgique\"],\"inLanguage\":\"fr-BE\"},{\"@type\":\"WebPage\",\"@id\":\"https:\/\/vieassociative.be\/actualites\/un-tableau-de-magritte-vendu-aux-encheres-pour-plus-de-120-millions-de-dollars\/\",\"url\":\"https:\/\/vieassociative.be\/actualites\/un-tableau-de-magritte-vendu-aux-encheres-pour-plus-de-120-millions-de-dollars\/\",\"name\":\"Un tableau de Magritte vendu aux ench\u00e8res pour plus de 120 millions de dollars | Vie Associative\",\"isPartOf\":{\"@id\":\"https:\/\/vieassociative.be\/actualites\/#website\"},\"primaryImageOfPage\":{\"@id\":\"https:\/\/vieassociative.be\/actualites\/un-tableau-de-magritte-vendu-aux-encheres-pour-plus-de-120-millions-de-dollars\/#primaryimage\"},\"image\":{\"@id\":\"https:\/\/vieassociative.be\/actualites\/un-tableau-de-magritte-vendu-aux-encheres-pour-plus-de-120-millions-de-dollars\/#primaryimage\"},\"thumbnailUrl\":\"https:\/\/vieassociative.be\/actualites\/wp-content\/uploads\/2024\/11\/1732133886_Un-tableau-de-Magritte-vendu-aux-encheres-pour-plus-de.jpg\",\"datePublished\":\"2024-11-20T20:18:06+00:00\",\"dateModified\":\"2024-11-20T20:18:06+00:00\",\"breadcrumb\":{\"@id\":\"https:\/\/vieassociative.be\/actualites\/un-tableau-de-magritte-vendu-aux-encheres-pour-plus-de-120-millions-de-dollars\/#breadcrumb\"},\"inLanguage\":\"fr-BE\",\"potentialAction\":[{\"@type\":\"ReadAction\",\"target\":[\"https:\/\/vieassociative.be\/actualites\/un-tableau-de-magritte-vendu-aux-encheres-pour-plus-de-120-millions-de-dollars\/\"]}]},{\"@type\":\"ImageObject\",\"inLanguage\":\"fr-BE\",\"@id\":\"https:\/\/vieassociative.be\/actualites\/un-tableau-de-magritte-vendu-aux-encheres-pour-plus-de-120-millions-de-dollars\/#primaryimage\",\"url\":\"https:\/\/vieassociative.be\/actualites\/wp-content\/uploads\/2024\/11\/1732133886_Un-tableau-de-Magritte-vendu-aux-encheres-pour-plus-de.jpg\",\"contentUrl\":\"https:\/\/vieassociative.be\/actualites\/wp-content\/uploads\/2024\/11\/1732133886_Un-tableau-de-Magritte-vendu-aux-encheres-pour-plus-de.jpg\",\"width\":1000,\"height\":662,\"caption\":\"Un tableau de Magritte vendu aux ench\u00e8res pour plus de 120 millions de dollars\"},{\"@type\":\"BreadcrumbList\",\"@id\":\"https:\/\/vieassociative.be\/actualites\/un-tableau-de-magritte-vendu-aux-encheres-pour-plus-de-120-millions-de-dollars\/#breadcrumb\",\"itemListElement\":[{\"@type\":\"ListItem\",\"position\":1,\"name\":\"Accueil\",\"item\":\"https:\/\/vieassociative.be\/actualites\/\"},{\"@type\":\"ListItem\",\"position\":2,\"name\":\"Un tableau de Magritte vendu aux ench\u00e8res pour plus de 120 millions de dollars\"}]},{\"@type\":\"WebSite\",\"@id\":\"https:\/\/vieassociative.be\/actualites\/#website\",\"url\":\"https:\/\/vieassociative.be\/actualites\/\",\"name\":\"Vie Associative\",\"description\":\"\",\"publisher\":{\"@id\":\"https:\/\/vieassociative.be\/actualites\/#organization\"},\"potentialAction\":[{\"@type\":\"SearchAction\",\"target\":{\"@type\":\"EntryPoint\",\"urlTemplate\":\"https:\/\/vieassociative.be\/actualites\/?s={search_term_string}\"},\"query-input\":{\"@type\":\"PropertyValueSpecification\",\"valueRequired\":true,\"valueName\":\"search_term_string\"}}],\"inLanguage\":\"fr-BE\"},{\"@type\":\"Organization\",\"@id\":\"https:\/\/vieassociative.be\/actualites\/#organization\",\"name\":\"Vie Associative\",\"url\":\"https:\/\/vieassociative.be\/actualites\/\",\"logo\":{\"@type\":\"ImageObject\",\"inLanguage\":\"fr-BE\",\"@id\":\"https:\/\/vieassociative.be\/actualites\/#\/schema\/logo\/image\/\",\"url\":\"https:\/\/vieassociative.be\/actualites\/wp-content\/uploads\/2024\/09\/cropped-vieassociative_favicon.ico.png\",\"contentUrl\":\"https:\/\/vieassociative.be\/actualites\/wp-content\/uploads\/2024\/09\/cropped-vieassociative_favicon.ico.png\",\"width\":512,\"height\":512,\"caption\":\"Vie Associative\"},\"image\":{\"@id\":\"https:\/\/vieassociative.be\/actualites\/#\/schema\/logo\/image\/\"}},{\"@type\":\"Person\",\"@id\":\"https:\/\/vieassociative.be\/actualites\/#\/schema\/person\/b87ac4f82f9d4e7b7cec7395b679edc4\",\"name\":\"Julien\",\"image\":{\"@type\":\"ImageObject\",\"inLanguage\":\"fr-BE\",\"@id\":\"https:\/\/vieassociative.be\/actualites\/#\/schema\/person\/image\/\",\"url\":\"https:\/\/vieassociative.be\/actualites\/wp-content\/uploads\/2024\/09\/vie-associative-1-150x150.jpg\",\"contentUrl\":\"https:\/\/vieassociative.be\/actualites\/wp-content\/uploads\/2024\/09\/vie-associative-1-150x150.jpg\",\"caption\":\"Julien\"},\"description\":\"Je suis Julien, r\u00e9dacteur pour Vie Associative. Passionn\u00e9 par le monde associatif depuis plus de 10 ans, j'ai \u00e0 c\u0153ur de partager des histoires inspirantes et de mettre en lumi\u00e8re les initiatives locales. Mon objectif est de sensibiliser et d'encourager l'engagement communautaire \u00e0 travers mes articles.\",\"sameAs\":[\"https:\/\/vieassociative.be\/\"]}]}<\/script>\n<!-- \/ Yoast SEO plugin. -->","yoast_head_json":{"title":"Un tableau de Magritte vendu aux ench\u00e8res pour plus de 120 millions de dollars | Vie Associative","robots":{"index":"index","follow":"follow","max-snippet":"max-snippet:-1","max-image-preview":"max-image-preview:large","max-video-preview":"max-video-preview:-1"},"canonical":"https:\/\/vieassociative.be\/actualites\/un-tableau-de-magritte-vendu-aux-encheres-pour-plus-de-120-millions-de-dollars\/","og_locale":"fr_FR","og_type":"article","og_title":"Un tableau de Magritte vendu aux ench\u00e8res pour plus de 120 millions de dollars | Vie Associative","og_description":"Peu d\u2019artistes ont r\u00e9ussi \u00e0 vendre une \u0153uvre pour une somme \u00e0 trois chiffres en millions. \u00c0 New York, Ren\u00e9 Magritte devient c\u00e9l\u00e8bre. Auparavant, il","og_url":"https:\/\/vieassociative.be\/actualites\/un-tableau-de-magritte-vendu-aux-encheres-pour-plus-de-120-millions-de-dollars\/","og_site_name":"Vie Associative","article_published_time":"2024-11-20T20:18:06+00:00","og_image":[{"url":"https:\/\/vieassociative.be\/actualites\/wp-content\/uploads\/2024\/11\/Un-tableau-de-Magritte-vendu-aux-encheres-pour-plus-de.jpg","type":"","width":"","height":""}],"author":"Julien","twitter_card":"summary_large_image","twitter_misc":{"\u00c9crit par":"Julien","Dur\u00e9e de lecture est.":"1 minute"},"schema":{"@context":"https:\/\/schema.org","@graph":[{"@type":"Article","@id":"https:\/\/vieassociative.be\/actualites\/un-tableau-de-magritte-vendu-aux-encheres-pour-plus-de-120-millions-de-dollars\/#article","isPartOf":{"@id":"https:\/\/vieassociative.be\/actualites\/un-tableau-de-magritte-vendu-aux-encheres-pour-plus-de-120-millions-de-dollars\/"},"author":{"name":"Julien","@id":"https:\/\/vieassociative.be\/actualites\/#\/schema\/person\/b87ac4f82f9d4e7b7cec7395b679edc4"},"headline":"Un tableau de Magritte vendu aux ench\u00e8res pour plus de 120 millions de dollars","datePublished":"2024-11-20T20:18:06+00:00","dateModified":"2024-11-20T20:18:06+00:00","mainEntityOfPage":{"@id":"https:\/\/vieassociative.be\/actualites\/un-tableau-de-magritte-vendu-aux-encheres-pour-plus-de-120-millions-de-dollars\/"},"wordCount":302,"publisher":{"@id":"https:\/\/vieassociative.be\/actualites\/#organization"},"image":{"@id":"https:\/\/vieassociative.be\/actualites\/un-tableau-de-magritte-vendu-aux-encheres-pour-plus-de-120-millions-de-dollars\/#primaryimage"},"thumbnailUrl":"https:\/\/vieassociative.be\/actualites\/wp-content\/uploads\/2024\/11\/1732133886_Un-tableau-de-Magritte-vendu-aux-encheres-pour-plus-de.jpg","keywords":["aux","dollars","ench\u00e8res","Magritte","millions","pour","tableau","vendu"],"articleSection":["Belgique"],"inLanguage":"fr-BE"},{"@type":"WebPage","@id":"https:\/\/vieassociative.be\/actualites\/un-tableau-de-magritte-vendu-aux-encheres-pour-plus-de-120-millions-de-dollars\/","url":"https:\/\/vieassociative.be\/actualites\/un-tableau-de-magritte-vendu-aux-encheres-pour-plus-de-120-millions-de-dollars\/","name":"Un tableau de Magritte vendu aux ench\u00e8res pour plus de 120 millions de dollars | Vie Associative","isPartOf":{"@id":"https:\/\/vieassociative.be\/actualites\/#website"},"primaryImageOfPage":{"@id":"https:\/\/vieassociative.be\/actualites\/un-tableau-de-magritte-vendu-aux-encheres-pour-plus-de-120-millions-de-dollars\/#primaryimage"},"image":{"@id":"https:\/\/vieassociative.be\/actualites\/un-tableau-de-magritte-vendu-aux-encheres-pour-plus-de-120-millions-de-dollars\/#primaryimage"},"thumbnailUrl":"https:\/\/vieassociative.be\/actualites\/wp-content\/uploads\/2024\/11\/1732133886_Un-tableau-de-Magritte-vendu-aux-encheres-pour-plus-de.jpg","datePublished":"2024-11-20T20:18:06+00:00","dateModified":"2024-11-20T20:18:06+00:00","breadcrumb":{"@id":"https:\/\/vieassociative.be\/actualites\/un-tableau-de-magritte-vendu-aux-encheres-pour-plus-de-120-millions-de-dollars\/#breadcrumb"},"inLanguage":"fr-BE","potentialAction":[{"@type":"ReadAction","target":["https:\/\/vieassociative.be\/actualites\/un-tableau-de-magritte-vendu-aux-encheres-pour-plus-de-120-millions-de-dollars\/"]}]},{"@type":"ImageObject","inLanguage":"fr-BE","@id":"https:\/\/vieassociative.be\/actualites\/un-tableau-de-magritte-vendu-aux-encheres-pour-plus-de-120-millions-de-dollars\/#primaryimage","url":"https:\/\/vieassociative.be\/actualites\/wp-content\/uploads\/2024\/11\/1732133886_Un-tableau-de-Magritte-vendu-aux-encheres-pour-plus-de.jpg","contentUrl":"https:\/\/vieassociative.be\/actualites\/wp-content\/uploads\/2024\/11\/1732133886_Un-tableau-de-Magritte-vendu-aux-encheres-pour-plus-de.jpg","width":1000,"height":662,"caption":"Un tableau de Magritte vendu aux ench\u00e8res pour plus de 120 millions de dollars"},{"@type":"BreadcrumbList","@id":"https:\/\/vieassociative.be\/actualites\/un-tableau-de-magritte-vendu-aux-encheres-pour-plus-de-120-millions-de-dollars\/#breadcrumb","itemListElement":[{"@type":"ListItem","position":1,"name":"Accueil","item":"https:\/\/vieassociative.be\/actualites\/"},{"@type":"ListItem","position":2,"name":"Un tableau de Magritte vendu aux ench\u00e8res pour plus de 120 millions de dollars"}]},{"@type":"WebSite","@id":"https:\/\/vieassociative.be\/actualites\/#website","url":"https:\/\/vieassociative.be\/actualites\/","name":"Vie Associative","description":"","publisher":{"@id":"https:\/\/vieassociative.be\/actualites\/#organization"},"potentialAction":[{"@type":"SearchAction","target":{"@type":"EntryPoint","urlTemplate":"https:\/\/vieassociative.be\/actualites\/?s={search_term_string}"},"query-input":{"@type":"PropertyValueSpecification","valueRequired":true,"valueName":"search_term_string"}}],"inLanguage":"fr-BE"},{"@type":"Organization","@id":"https:\/\/vieassociative.be\/actualites\/#organization","name":"Vie Associative","url":"https:\/\/vieassociative.be\/actualites\/","logo":{"@type":"ImageObject","inLanguage":"fr-BE","@id":"https:\/\/vieassociative.be\/actualites\/#\/schema\/logo\/image\/","url":"https:\/\/vieassociative.be\/actualites\/wp-content\/uploads\/2024\/09\/cropped-vieassociative_favicon.ico.png","contentUrl":"https:\/\/vieassociative.be\/actualites\/wp-content\/uploads\/2024\/09\/cropped-vieassociative_favicon.ico.png","width":512,"height":512,"caption":"Vie Associative"},"image":{"@id":"https:\/\/vieassociative.be\/actualites\/#\/schema\/logo\/image\/"}},{"@type":"Person","@id":"https:\/\/vieassociative.be\/actualites\/#\/schema\/person\/b87ac4f82f9d4e7b7cec7395b679edc4","name":"Julien","image":{"@type":"ImageObject","inLanguage":"fr-BE","@id":"https:\/\/vieassociative.be\/actualites\/#\/schema\/person\/image\/","url":"https:\/\/vieassociative.be\/actualites\/wp-content\/uploads\/2024\/09\/vie-associative-1-150x150.jpg","contentUrl":"https:\/\/vieassociative.be\/actualites\/wp-content\/uploads\/2024\/09\/vie-associative-1-150x150.jpg","caption":"Julien"},"description":"Je suis Julien, r\u00e9dacteur pour Vie Associative. Passionn\u00e9 par le monde associatif depuis plus de 10 ans, j'ai \u00e0 c\u0153ur de partager des histoires inspirantes et de mettre en lumi\u00e8re les initiatives locales. Mon objectif est de sensibiliser et d'encourager l'engagement communautaire \u00e0 travers mes articles.","sameAs":["https:\/\/vieassociative.be\/"]}]}},"_links":{"self":[{"href":"https:\/\/vieassociative.be\/actualites\/wp-json\/wp\/v2\/posts\/2615"}],"collection":[{"href":"https:\/\/vieassociative.be\/actualites\/wp-json\/wp\/v2\/posts"}],"about":[{"href":"https:\/\/vieassociative.be\/actualites\/wp-json\/wp\/v2\/types\/post"}],"author":[{"embeddable":true,"href":"https:\/\/vieassociative.be\/actualites\/wp-json\/wp\/v2\/users\/1"}],"replies":[{"embeddable":true,"href":"https:\/\/vieassociative.be\/actualites\/wp-json\/wp\/v2\/comments?post=2615"}],"version-history":[{"count":0,"href":"https:\/\/vieassociative.be\/actualites\/wp-json\/wp\/v2\/posts\/2615\/revisions"}],"wp:featuredmedia":[{"embeddable":true,"href":"https:\/\/vieassociative.be\/actualites\/wp-json\/wp\/v2\/media\/2616"}],"wp:attachment":[{"href":"https:\/\/vieassociative.be\/actualites\/wp-json\/wp\/v2\/media?parent=2615"}],"wp:term":[{"taxonomy":"category","embeddable":true,"href":"https:\/\/vieassociative.be\/actualites\/wp-json\/wp\/v2\/categories?post=2615"},{"taxonomy":"post_tag","embeddable":true,"href":"https:\/\/vieassociative.be\/actualites\/wp-json\/wp\/v2\/tags?post=2615"}],"curies":[{"name":"wp","href":"https:\/\/api.w.org\/{rel}","templated":true}]}}