{"id":2613,"date":"2024-11-20T20:17:59","date_gmt":"2024-11-20T19:17:59","guid":{"rendered":"https:\/\/vieassociative.be\/actualites\/quoi-de-neuf-sur-paramount-avec-showtime-en-decembre-2024\/"},"modified":"2024-11-20T20:17:59","modified_gmt":"2024-11-20T19:17:59","slug":"quoi-de-neuf-sur-paramount-avec-showtime-en-decembre-2024","status":"publish","type":"post","link":"https:\/\/vieassociative.be\/actualites\/quoi-de-neuf-sur-paramount-avec-showtime-en-decembre-2024\/","title":{"rendered":"Quoi de neuf sur Paramount+ avec Showtime en d\u00e9cembre 2024"},"content":{"rendered":"<div class=\"mt-4 leading-6 md:mb-8\">D\u00e9couvrez le nouveau prequel de \u00ab\u00a0Dexter\u00a0\u00bb et une programmation de concerts et d&rsquo;\u00e9missions sp\u00e9ciales pour les f\u00eates.<\/div>\n<p><\/p>\n<p>Paramount+ propose une l\u00e9g\u00e8re gamme d&rsquo;originaux en d\u00e9cembre, dont le plus notable est la premi\u00e8re de la s\u00e9rie <em>Dexter\u00a0:\u00a0le p\u00e9ch\u00e9 originel<\/em> (13 d\u00e9cembre). Les 10 \u00e9pisodes <em>Dextre<\/em> la pr\u00e9quelle raconte l&rsquo;histoire d&rsquo;origine du personnage principal et met en vedette Patrick Gibson dans le r\u00f4le de Dexter Morgan et Christian Slater dans le r\u00f4le de son p\u00e8re, Harry. <\/p>\n<div class=\"mx-auto mt-8 w-full max-w-4xl\">\n<div id=\"video-container-f_Q936R8Hwk\"><\/div>\n<\/div>\n<p>Le contenu des f\u00eates du mois comprend un sp\u00e9cial No\u00ebl de Bob l&rsquo;\u00e9ponge (2 d\u00e9cembre), une diffusion en direct du <em>\u00c9clairage national du sapin de No\u00ebl<\/em> (20 d\u00e9cembre), <em>Josh Groban et ses amis rentrent chez eux pour les vacances<\/em> (20 d\u00e9cembre), et <em>Nate Bargatze Nashville No\u00ebl<\/em> (19 d\u00e9cembre). Paramount+ diffusera \u00e9galement un concert aux heures de grande \u00e9coute <em>Une soir\u00e9e avec Dua Lipa<\/em> (15 d\u00e9cembre) et <em>La 47e \u00e9dition des Kennedy Center Honors <\/em>(22 d\u00e9cembre). <\/p>\n<p>Voici tout le reste qui arrivera au service en d\u00e9cembre. Notez que les titres marqu\u00e9s d&rsquo;un ast\u00e9risque sont exclusifs \u00e0 Paramount+ With Showtime ; tout le reste est \u00e9galement disponible pour les abonn\u00e9s au forfait financ\u00e9 par la publicit\u00e9. Ceux avec deux ast\u00e9risques sont disponibles pour les utilisateurs de Paramount+ With Showtime diffusant en direct sur CBS et pour tous les abonn\u00e9s le lendemain.<\/p>\n<h2 id=\"paramount-originals-and-premieres-coming-in-december-2024\">Paramount+ Originals et premi\u00e8res \u00e0 venir en d\u00e9cembre 2024<\/h2>\n<h3>Disponible le 2 d\u00e9cembre<\/h3>\n<ul>\n<li>\n<p><em>Bob l&rsquo;\u00e9ponge, sp\u00e9cial \u00ab\u00a0No\u00ebl \u00e0 la campagne de Bob l&rsquo;\u00e9ponge et Sandy\u00a0\u00bb<\/em><\/p>\n<\/li>\n<\/ul>\n<h3>Disponible le 3 d\u00e9cembre<\/h3>\n<ul>\n<li>\n<p><em>as1one\u00a0: Le voyage de la musique pop isra\u00e9lo-palestinienne<\/em>premi\u00e8re de la s\u00e9rie documentaire<\/p>\n<\/li>\n<\/ul>\n<h3>Disponible le 13 d\u00e9cembre<\/h3>\n<ul>\n<li>\n<p><em>Dexter : P\u00e9ch\u00e9 Originel,<\/em>* premi\u00e8re de la s\u00e9rie<\/p>\n<\/li>\n<\/ul>\n<h2 id=\"tv-shows-coming-to-paramount-in-december-2024\">\u00c9missions de t\u00e9l\u00e9vision arrivant sur Paramount+ en d\u00e9cembre 2024<\/h2>\n<h3>Disponible le 1er d\u00e9cembre<\/h3>\n<ul>\n<li>\n<p><em>L&rsquo;enfer sur roues<\/em> (saisons 1 \u00e0 5)<\/p>\n<\/li>\n<li>\n<p><em>Longmire<\/em> (saisons 1 \u00e0 6)<\/p>\n<\/li>\n<\/ul>\n<h3>Disponible le 4 d\u00e9cembre<\/h3>\n<ul>\n<li>\n<p><em>Peppa Pig\u00a0: le pays des merveilles de l&rsquo;hiver<\/em><\/p>\n<\/li>\n<li>\n<p><em>R\u00e9union de famille de maman adolescente<\/em> (saison 3)<\/p>\n<\/li>\n<\/ul>\n<h3>Disponible le 11 d\u00e9cembre<\/h3>\n<ul>\n<li>\n<p><em>Club des premi\u00e8res \u00e9pouses<\/em> (saisons 1-3)<\/p>\n<\/li>\n<\/ul>\n<h3>Disponible le 15 d\u00e9cembre<\/h3>\n<ul>\n<li>\n<p><em>Une soir\u00e9e avec Dua Lipa**<\/em><\/p>\n<\/li>\n<\/ul>\n<h3>Disponible le 19 d\u00e9cembre<\/h3>\n<ul>\n<li>\n<p><em>Nate Bargatze Nashville No\u00ebl<\/em>**<\/p>\n<\/li>\n<\/ul>\n<h3>Disponible le 20 d\u00e9cembre<\/h3>\n<ul>\n<li>\n<p><em>\u00c9clairage national du sapin de No\u00ebl**<\/em><\/p>\n<\/li>\n<li>\n<p><em>Josh Groban et ses amis rentrent chez eux pour les vacances**<\/em><\/p>\n<\/li>\n<\/ul>\n<h3>Disponible le 22 d\u00e9cembre<\/h3>\n<ul>\n<li>\n<p><em>La 47e \u00e9dition des Kennedy Center Honors<\/em>**<\/p>\n<\/li>\n<\/ul>\n<h3>Disponible le 27 d\u00e9cembre<\/h3>\n<ul>\n<li>\n<p><em>Les plus belles vid\u00e9os @Home\u00a0: \u00e9dition des F\u00eates**<\/em><\/p>\n<\/li>\n<li>\n<p><em>Grammy\u00ae Greats\u00a0: les histoires derri\u00e8re les chansons<\/em>**<\/p>\n<\/li>\n<\/ul>\n<h3>Disponible le 29 d\u00e9cembre<\/h3>\n<ul>\n<li>\n<p><em>Grammy\u00ae Greats\u00a0: les moments les plus m\u00e9morables<\/em>**<\/p>\n<\/li>\n<\/ul>\n<h3>Disponible le 31 d\u00e9cembre<\/h3>\n<ul>\n<li>\n<p><em>R\u00e9veillon du Nouvel An en direct\u00a0: le Big Bash de Nashville<\/em>** (diffusion en direct uniquement) <\/p>\n<\/li>\n<\/ul>\n<h2 id=\"movies-coming-to-paramount-in-december-2024\">Films \u00e0 venir sur Paramount+ en d\u00e9cembre 2024<\/h2>\n<h3>Disponible le 1er d\u00e9cembre<\/h3>\n<ul>\n<li>\n<p><em>45 ans*<\/em><\/p>\n<\/li>\n<li>\n<p><em>Un chant de No\u00ebl<\/em><\/p>\n<\/li>\n<li>\n<p><em>Intelligence Artificielle IA<\/em><\/p>\n<\/li>\n<li>\n<p><em>Annie*<\/em><\/p>\n<\/li>\n<li>\n<p><em>Arthur No\u00ebl<\/em><\/p>\n<\/li>\n<li>\n<p><em>Mauvaises mamans*<\/em><\/p>\n<\/li>\n<li>\n<p><em>Alerte \u00e0 Malibu<\/em><\/p>\n<\/li>\n<li>\n<p><em>Les enfants de B\u00e9b\u00e9<\/em><\/p>\n<\/li>\n<li>\n<p><em>Coureur de lame 2049<\/em><\/p>\n<\/li>\n<li>\n<p><em>Soir\u00e9es Boogie<\/em><\/p>\n<\/li>\n<li>\n<p><em>N\u00e9 le 4 juillet<\/em><\/p>\n<\/li>\n<li>\n<p><em>Br\u00fbler apr\u00e8s la lecture<\/em><\/p>\n<\/li>\n<li>\n<p><em>Le site de Charlotte<\/em><\/p>\n<\/li>\n<li>\n<p><em>Chicago<\/em><\/p>\n<\/li>\n<li>\n<p><em>Ville du Chocolat*<\/em><\/p>\n<\/li>\n<li>\n<p><em>Cupidon de No\u00ebl<\/em><\/p>\n<\/li>\n<li>\n<p><em>Cliffhanger<\/em><\/p>\n<\/li>\n<li>\n<p><em>Cocktail<\/em><\/p>\n<\/li>\n<li>\n<p><em>T\u00eates coniques<\/em><\/p>\n<\/li>\n<li>\n<p><em>Contagion<\/em><\/p>\n<\/li>\n<li>\n<p><em>\u00c9tat critique<\/em><\/p>\n<\/li>\n<li>\n<p><em>Crocodile Dundee<\/em><\/p>\n<\/li>\n<li>\n<p><em>Crocodile Dundee II<\/em><\/p>\n<\/li>\n<li>\n<p><em>Cujo*<\/em><\/p>\n<\/li>\n<li>\n<p><em>Terrassez les couloirs<\/em><\/p>\n<\/li>\n<li>\n<p><em>D\u00e9tenu<\/em><\/p>\n<\/li>\n<li>\n<p><em>Perturbation<\/em><\/p>\n<\/li>\n<li>\n<p><em>Terre \u00e0 terre<\/em><\/p>\n<\/li>\n<li>\n<p><em>Edward aux mains d&rsquo;argent<\/em><\/p>\n<\/li>\n<li>\n<p><em>Peur<\/em><\/p>\n<\/li>\n<li>\n<p><em>Combat de poing<\/em><\/p>\n<\/li>\n<li>\n<p><em>Lib\u00e9rez Willy<\/em><\/p>\n<\/li>\n<li>\n<p><em>Veste enti\u00e8rement en m\u00e9tal<\/em><\/p>\n<\/li>\n<li>\n<p><em>Devenez riche ou mourez en essayant<\/em><\/p>\n<\/li>\n<li>\n<p><em>Le ciel peut attendre*<\/em><\/p>\n<\/li>\n<li>\n<p><em>Enfer ou mar\u00e9e haute<\/em><\/p>\n<\/li>\n<li>\n<p><em>Son<\/em><\/p>\n<\/li>\n<li>\n<p><em>Agitation et fluidit\u00e9<\/em><\/p>\n<\/li>\n<li>\n<p><em>Le Faiseur de pluie de John Grisham<\/em><\/p>\n<\/li>\n<li>\n<p><em>Judas et le Messie noir<\/em><\/p>\n<\/li>\n<li>\n<p><em>Julie et Julia<\/em><\/p>\n<\/li>\n<li>\n<p><em>Le roi Richard<\/em><\/p>\n<\/li>\n<li>\n<p><em>LA Confidentiel<\/em><\/p>\n<\/li>\n<li>\n<p><em>Lara Croft Tomb Raider : Le berceau de la vie<\/em><\/p>\n<\/li>\n<li>\n<p><em>Amour, Rosie<\/em><\/p>\n<\/li>\n<li>\n<p><em>Ligue majeure<\/em><\/p>\n<\/li>\n<li>\n<p><em>Malcolm X<\/em><\/p>\n<\/li>\n<li>\n<p><em>Mariah Carey : Joyeux No\u00ebl \u00e0 tous !<\/em><\/p>\n<\/li>\n<li>\n<p><em>Miracle sur la 34e rue<\/em><\/p>\n<\/li>\n<li>\n<p><em>Miroir Miroir<\/em><\/p>\n<\/li>\n<li>\n<p><em>Mission : Impossible &#8211; Rogue Nation<\/em><\/p>\n<\/li>\n<li>\n<p><em>Naked Gun 33 1\/3\u00a0: L&rsquo;insulte finale*<\/em><\/p>\n<\/li>\n<li>\n<p><em>Nancy Drew<\/em><\/p>\n<\/li>\n<li>\n<p><em>Pas de pays pour les vieillards<\/em><\/p>\n<\/li>\n<li>\n<p><em>Point de rupture<\/em><\/p>\n<\/li>\n<li>\n<p><em>Peur primordiale<\/em><\/p>\n<\/li>\n<li>\n<p><em>Bagues*<\/em><\/p>\n<\/li>\n<li>\n<p><em>Entreprise risqu\u00e9e<\/em><\/p>\n<\/li>\n<li>\n<p><em>Le b\u00e9b\u00e9 de Romarin*<\/em><\/p>\n<\/li>\n<li>\n<p><em>Tortues Ninja adolescentes mutantes<\/em><\/p>\n<\/li>\n<li>\n<p><em>Tortues Ninja adolescentes mutantes*<\/em><\/p>\n<\/li>\n<li>\n<p><em>Le plan de secours<\/em><\/p>\n<\/li>\n<li>\n<p><em>Les r\u00e8gles de la cidrerie<\/em><\/p>\n<\/li>\n<li>\n<p><em>L&rsquo;Exorciste<\/em><\/p>\n<\/li>\n<li>\n<p><em>Le bon menteur<\/em><\/p>\n<\/li>\n<li>\n<p><em>Le g\u00e9ant de fer<\/em><\/p>\n<\/li>\n<li>\n<p><em>Le meurtre de Kenneth Chamberlain<\/em><\/p>\n<\/li>\n<li>\n<p><em>Les beaux os<\/em><\/p>\n<\/li>\n<li>\n<p><em>La matrice<\/em><\/p>\n<\/li>\n<li>\n<p><em>L&rsquo;escouade des monstres*<\/em><\/p>\n<\/li>\n<li>\n<p><em>The Naked Gun 2 1\/2\u00a0: L&rsquo;odeur de la peur*<\/em><\/p>\n<\/li>\n<li>\n<p><em>L&rsquo;arme nue\u00a0: tir\u00e9e des dossiers de la brigade de police\u00a0!*<\/em><\/p>\n<\/li>\n<li>\n<p><em>Les \u00e9trangers<\/em><\/p>\n<\/li>\n<li>\n<p><em>Les vacances parfaites<\/em><\/p>\n<\/li>\n<li>\n<p><em>La Reine<\/em><\/p>\n<\/li>\n<li>\n<p><em>Le jardin secret<\/em><\/p>\n<\/li>\n<li>\n<p><em>Les non invit\u00e9s*<\/em><\/p>\n<\/li>\n<li>\n<p><em>Pensez comme un homme<\/em><\/p>\n<\/li>\n<li>\n<p><em>Pensez aussi comme un homme<\/em><\/p>\n<\/li>\n<li>\n<p><em>C&rsquo;est l\u00e0 que je te laisse<\/em><\/p>\n<\/li>\n<li>\n<p><em>Tom et Jerry\u00a0: un conte de Casse-Noisette<\/em><\/p>\n<\/li>\n<li>\n<p><em>Tom et Jerry\u00a0: les petits assistants du P\u00e8re No\u00ebl<\/em><\/p>\n<\/li>\n<li>\n<p><em>Places de commerce<\/em><\/p>\n<\/li>\n<li>\n<p><em>Mineurs non accompagn\u00e9s<\/em><\/p>\n<\/li>\n<li>\n<p><em>Le monde de Wayne 2*<\/em><\/p>\n<\/li>\n<li>\n<p><em>Ce que veulent les hommes<\/em><\/p>\n<\/li>\n<li>\n<p><em>Ce qui reste<\/em><\/p>\n<\/li>\n<li>\n<p><em>Ce qui reste*<\/em><\/p>\n<\/li>\n<li>\n<p><em>Choses sauvages<\/em><\/p>\n<\/li>\n<li>\n<p><em>Os de l&rsquo;hiver*<\/em><\/p>\n<\/li>\n<li>\n<p><em>Centre du commerce mondial<\/em><\/p>\n<\/li>\n<li>\n<p><em>Zodiaque<\/em>*<\/p>\n<\/li>\n<\/ul>\n<h3>Disponible le 6 d\u00e9cembre<\/h3>\n<ul>\n<li>\n<p><em>Film extr\u00eame<\/em>*<\/p>\n<\/li>\n<\/ul>\n<h3>Disponible le 8 d\u00e9cembre<\/h3>\n<ul>\n<li>\n<p><em>Joe Bell<\/em><\/p>\n<\/li>\n<li>\n<p><em>La partition<\/em><\/p>\n<\/li>\n<\/ul>\n<h3>Disponible le 9 d\u00e9cembre<\/h3>\n<ul>\n<li>\n<p><em>Les quatre fabuleux<\/em>*<\/p>\n<\/li>\n<\/ul>\n<h3>Disponible le 31 d\u00e9cembre<\/h3>\n<ul>\n<li>\n<p><em>5 \u00e0 7*<\/em><\/p>\n<\/li>\n<li>\n<p><em>Aurore\u00a0: une histoire d&rsquo;amour<\/em><\/p>\n<\/li>\n<li>\n<p><em>Arri\u00e8re-pays*<\/em><\/p>\n<\/li>\n<li>\n<p><em>Correspondre*<\/em><\/p>\n<\/li>\n<li>\n<p><em>Le Club anti-\u00e9meute*<\/em><\/p>\n<\/li>\n<li>\n<p><em>Le salut*<\/em><\/p>\n<\/li>\n<li>\n<p><em>Bienvenue \u00e0 New York<\/em>*<\/p>\n<\/li>\n<\/ul>\n","protected":false},"excerpt":{"rendered":"<p>D\u00e9couvrez le nouveau prequel de \u00ab\u00a0Dexter\u00a0\u00bb et une programmation de concerts et d&rsquo;\u00e9missions sp\u00e9ciales pour les f\u00eates. Paramount+ propose une l\u00e9g\u00e8re gamme d&rsquo;originaux en d\u00e9cembre,<\/p>\n","protected":false},"author":1,"featured_media":2614,"comment_status":"","ping_status":"","sticky":false,"template":"","format":"standard","meta":{"footnotes":""},"categories":[36],"tags":[61,3145,437,2665,202,2666,33],"class_list":["post-2613","post","type-post","status-publish","format-standard","has-post-thumbnail","hentry","category-divertissement","tag-avec","tag-decembre","tag-neuf","tag-paramount","tag-quoi","tag-showtime","tag-sur","generate-columns","tablet-grid-50","mobile-grid-100","grid-parent","grid-33"],"yoast_head":"<!-- This site is optimized with the Yoast SEO plugin v24.0 - https:\/\/yoast.com\/wordpress\/plugins\/seo\/ -->\n<title>Quoi de neuf sur Paramount+ avec Showtime en d\u00e9cembre 2024 | Vie Associative<\/title>\n<meta name=\"robots\" content=\"index, follow, max-snippet:-1, max-image-preview:large, max-video-preview:-1\" \/>\n<link rel=\"canonical\" href=\"https:\/\/vieassociative.be\/actualites\/quoi-de-neuf-sur-paramount-avec-showtime-en-decembre-2024\/\" \/>\n<meta property=\"og:locale\" content=\"fr_FR\" \/>\n<meta property=\"og:type\" content=\"article\" \/>\n<meta property=\"og:title\" content=\"Quoi de neuf sur Paramount+ avec Showtime en d\u00e9cembre 2024 | Vie Associative\" \/>\n<meta property=\"og:description\" content=\"D\u00e9couvrez le nouveau prequel de \u00ab\u00a0Dexter\u00a0\u00bb et une programmation de concerts et d&rsquo;\u00e9missions sp\u00e9ciales pour les f\u00eates. Paramount+ propose une l\u00e9g\u00e8re gamme d&rsquo;originaux en d\u00e9cembre,\" \/>\n<meta property=\"og:url\" content=\"https:\/\/vieassociative.be\/actualites\/quoi-de-neuf-sur-paramount-avec-showtime-en-decembre-2024\/\" \/>\n<meta property=\"og:site_name\" content=\"Vie Associative\" \/>\n<meta property=\"article:published_time\" content=\"2024-11-20T19:17:59+00:00\" \/>\n<meta property=\"og:image\" content=\"https:\/\/vieassociative.be\/actualites\/wp-content\/uploads\/2024\/09\/header_backgroundk-01-e1726694325946.png\" \/>\n\t<meta property=\"og:image:width\" content=\"279\" \/>\n\t<meta property=\"og:image:height\" content=\"92\" \/>\n\t<meta property=\"og:image:type\" content=\"image\/png\" \/>\n<meta name=\"author\" content=\"Julien\" \/>\n<meta name=\"twitter:card\" content=\"summary_large_image\" \/>\n<meta name=\"twitter:label1\" content=\"\u00c9crit par\" \/>\n\t<meta name=\"twitter:data1\" content=\"Julien\" \/>\n\t<meta name=\"twitter:label2\" content=\"Dur\u00e9e de lecture est.\" \/>\n\t<meta name=\"twitter:data2\" content=\"4 minutes\" \/>\n<script type=\"application\/ld+json\" class=\"yoast-schema-graph\">{\"@context\":\"https:\/\/schema.org\",\"@graph\":[{\"@type\":\"Article\",\"@id\":\"https:\/\/vieassociative.be\/actualites\/quoi-de-neuf-sur-paramount-avec-showtime-en-decembre-2024\/#article\",\"isPartOf\":{\"@id\":\"https:\/\/vieassociative.be\/actualites\/quoi-de-neuf-sur-paramount-avec-showtime-en-decembre-2024\/\"},\"author\":{\"name\":\"Julien\",\"@id\":\"https:\/\/vieassociative.be\/actualites\/#\/schema\/person\/b87ac4f82f9d4e7b7cec7395b679edc4\"},\"headline\":\"Quoi de neuf sur Paramount+ avec Showtime en d\u00e9cembre 2024\",\"datePublished\":\"2024-11-20T19:17:59+00:00\",\"dateModified\":\"2024-11-20T19:17:59+00:00\",\"mainEntityOfPage\":{\"@id\":\"https:\/\/vieassociative.be\/actualites\/quoi-de-neuf-sur-paramount-avec-showtime-en-decembre-2024\/\"},\"wordCount\":861,\"publisher\":{\"@id\":\"https:\/\/vieassociative.be\/actualites\/#organization\"},\"image\":{\"@id\":\"https:\/\/vieassociative.be\/actualites\/quoi-de-neuf-sur-paramount-avec-showtime-en-decembre-2024\/#primaryimage\"},\"thumbnailUrl\":\"https:\/\/vieassociative.be\/actualites\/wp-content\/uploads\/2024\/11\/Quoi-de-neuf-sur-Paramount-avec-Showtime-en-decembre-2024.png\",\"keywords\":[\"avec\",\"d\u00e9cembre\",\"Neuf\",\"Paramount\",\"quoi\",\"Showtime\",\"sur\"],\"articleSection\":[\"Divertissement\"],\"inLanguage\":\"fr-BE\"},{\"@type\":\"WebPage\",\"@id\":\"https:\/\/vieassociative.be\/actualites\/quoi-de-neuf-sur-paramount-avec-showtime-en-decembre-2024\/\",\"url\":\"https:\/\/vieassociative.be\/actualites\/quoi-de-neuf-sur-paramount-avec-showtime-en-decembre-2024\/\",\"name\":\"Quoi de neuf sur Paramount+ avec Showtime en d\u00e9cembre 2024 | Vie Associative\",\"isPartOf\":{\"@id\":\"https:\/\/vieassociative.be\/actualites\/#website\"},\"primaryImageOfPage\":{\"@id\":\"https:\/\/vieassociative.be\/actualites\/quoi-de-neuf-sur-paramount-avec-showtime-en-decembre-2024\/#primaryimage\"},\"image\":{\"@id\":\"https:\/\/vieassociative.be\/actualites\/quoi-de-neuf-sur-paramount-avec-showtime-en-decembre-2024\/#primaryimage\"},\"thumbnailUrl\":\"https:\/\/vieassociative.be\/actualites\/wp-content\/uploads\/2024\/11\/Quoi-de-neuf-sur-Paramount-avec-Showtime-en-decembre-2024.png\",\"datePublished\":\"2024-11-20T19:17:59+00:00\",\"dateModified\":\"2024-11-20T19:17:59+00:00\",\"breadcrumb\":{\"@id\":\"https:\/\/vieassociative.be\/actualites\/quoi-de-neuf-sur-paramount-avec-showtime-en-decembre-2024\/#breadcrumb\"},\"inLanguage\":\"fr-BE\",\"potentialAction\":[{\"@type\":\"ReadAction\",\"target\":[\"https:\/\/vieassociative.be\/actualites\/quoi-de-neuf-sur-paramount-avec-showtime-en-decembre-2024\/\"]}]},{\"@type\":\"ImageObject\",\"inLanguage\":\"fr-BE\",\"@id\":\"https:\/\/vieassociative.be\/actualites\/quoi-de-neuf-sur-paramount-avec-showtime-en-decembre-2024\/#primaryimage\",\"url\":\"https:\/\/vieassociative.be\/actualites\/wp-content\/uploads\/2024\/11\/Quoi-de-neuf-sur-Paramount-avec-Showtime-en-decembre-2024.png\",\"contentUrl\":\"https:\/\/vieassociative.be\/actualites\/wp-content\/uploads\/2024\/11\/Quoi-de-neuf-sur-Paramount-avec-Showtime-en-decembre-2024.png\",\"width\":1200,\"height\":675,\"caption\":\"Quoi de neuf sur Paramount+ avec Showtime en d\u00e9cembre 2024\"},{\"@type\":\"BreadcrumbList\",\"@id\":\"https:\/\/vieassociative.be\/actualites\/quoi-de-neuf-sur-paramount-avec-showtime-en-decembre-2024\/#breadcrumb\",\"itemListElement\":[{\"@type\":\"ListItem\",\"position\":1,\"name\":\"Accueil\",\"item\":\"https:\/\/vieassociative.be\/actualites\/\"},{\"@type\":\"ListItem\",\"position\":2,\"name\":\"Quoi de neuf sur Paramount+ avec Showtime en d\u00e9cembre 2024\"}]},{\"@type\":\"WebSite\",\"@id\":\"https:\/\/vieassociative.be\/actualites\/#website\",\"url\":\"https:\/\/vieassociative.be\/actualites\/\",\"name\":\"Vie Associative\",\"description\":\"\",\"publisher\":{\"@id\":\"https:\/\/vieassociative.be\/actualites\/#organization\"},\"potentialAction\":[{\"@type\":\"SearchAction\",\"target\":{\"@type\":\"EntryPoint\",\"urlTemplate\":\"https:\/\/vieassociative.be\/actualites\/?s={search_term_string}\"},\"query-input\":{\"@type\":\"PropertyValueSpecification\",\"valueRequired\":true,\"valueName\":\"search_term_string\"}}],\"inLanguage\":\"fr-BE\"},{\"@type\":\"Organization\",\"@id\":\"https:\/\/vieassociative.be\/actualites\/#organization\",\"name\":\"Vie Associative\",\"url\":\"https:\/\/vieassociative.be\/actualites\/\",\"logo\":{\"@type\":\"ImageObject\",\"inLanguage\":\"fr-BE\",\"@id\":\"https:\/\/vieassociative.be\/actualites\/#\/schema\/logo\/image\/\",\"url\":\"https:\/\/vieassociative.be\/actualites\/wp-content\/uploads\/2024\/09\/cropped-vieassociative_favicon.ico.png\",\"contentUrl\":\"https:\/\/vieassociative.be\/actualites\/wp-content\/uploads\/2024\/09\/cropped-vieassociative_favicon.ico.png\",\"width\":512,\"height\":512,\"caption\":\"Vie Associative\"},\"image\":{\"@id\":\"https:\/\/vieassociative.be\/actualites\/#\/schema\/logo\/image\/\"}},{\"@type\":\"Person\",\"@id\":\"https:\/\/vieassociative.be\/actualites\/#\/schema\/person\/b87ac4f82f9d4e7b7cec7395b679edc4\",\"name\":\"Julien\",\"image\":{\"@type\":\"ImageObject\",\"inLanguage\":\"fr-BE\",\"@id\":\"https:\/\/vieassociative.be\/actualites\/#\/schema\/person\/image\/\",\"url\":\"https:\/\/vieassociative.be\/actualites\/wp-content\/uploads\/2024\/09\/vie-associative-1-150x150.jpg\",\"contentUrl\":\"https:\/\/vieassociative.be\/actualites\/wp-content\/uploads\/2024\/09\/vie-associative-1-150x150.jpg\",\"caption\":\"Julien\"},\"description\":\"Je suis Julien, r\u00e9dacteur pour Vie Associative. Passionn\u00e9 par le monde associatif depuis plus de 10 ans, j'ai \u00e0 c\u0153ur de partager des histoires inspirantes et de mettre en lumi\u00e8re les initiatives locales. Mon objectif est de sensibiliser et d'encourager l'engagement communautaire \u00e0 travers mes articles.\",\"sameAs\":[\"https:\/\/vieassociative.be\/\"]}]}<\/script>\n<!-- \/ Yoast SEO plugin. -->","yoast_head_json":{"title":"Quoi de neuf sur Paramount+ avec Showtime en d\u00e9cembre 2024 | Vie Associative","robots":{"index":"index","follow":"follow","max-snippet":"max-snippet:-1","max-image-preview":"max-image-preview:large","max-video-preview":"max-video-preview:-1"},"canonical":"https:\/\/vieassociative.be\/actualites\/quoi-de-neuf-sur-paramount-avec-showtime-en-decembre-2024\/","og_locale":"fr_FR","og_type":"article","og_title":"Quoi de neuf sur Paramount+ avec Showtime en d\u00e9cembre 2024 | Vie Associative","og_description":"D\u00e9couvrez le nouveau prequel de \u00ab\u00a0Dexter\u00a0\u00bb et une programmation de concerts et d&rsquo;\u00e9missions sp\u00e9ciales pour les f\u00eates. Paramount+ propose une l\u00e9g\u00e8re gamme d&rsquo;originaux en d\u00e9cembre,","og_url":"https:\/\/vieassociative.be\/actualites\/quoi-de-neuf-sur-paramount-avec-showtime-en-decembre-2024\/","og_site_name":"Vie Associative","article_published_time":"2024-11-20T19:17:59+00:00","og_image":[{"width":279,"height":92,"url":"https:\/\/vieassociative.be\/actualites\/wp-content\/uploads\/2024\/09\/header_backgroundk-01-e1726694325946.png","type":"image\/png"}],"author":"Julien","twitter_card":"summary_large_image","twitter_misc":{"\u00c9crit par":"Julien","Dur\u00e9e de lecture est.":"4 minutes"},"schema":{"@context":"https:\/\/schema.org","@graph":[{"@type":"Article","@id":"https:\/\/vieassociative.be\/actualites\/quoi-de-neuf-sur-paramount-avec-showtime-en-decembre-2024\/#article","isPartOf":{"@id":"https:\/\/vieassociative.be\/actualites\/quoi-de-neuf-sur-paramount-avec-showtime-en-decembre-2024\/"},"author":{"name":"Julien","@id":"https:\/\/vieassociative.be\/actualites\/#\/schema\/person\/b87ac4f82f9d4e7b7cec7395b679edc4"},"headline":"Quoi de neuf sur Paramount+ avec Showtime en d\u00e9cembre 2024","datePublished":"2024-11-20T19:17:59+00:00","dateModified":"2024-11-20T19:17:59+00:00","mainEntityOfPage":{"@id":"https:\/\/vieassociative.be\/actualites\/quoi-de-neuf-sur-paramount-avec-showtime-en-decembre-2024\/"},"wordCount":861,"publisher":{"@id":"https:\/\/vieassociative.be\/actualites\/#organization"},"image":{"@id":"https:\/\/vieassociative.be\/actualites\/quoi-de-neuf-sur-paramount-avec-showtime-en-decembre-2024\/#primaryimage"},"thumbnailUrl":"https:\/\/vieassociative.be\/actualites\/wp-content\/uploads\/2024\/11\/Quoi-de-neuf-sur-Paramount-avec-Showtime-en-decembre-2024.png","keywords":["avec","d\u00e9cembre","Neuf","Paramount","quoi","Showtime","sur"],"articleSection":["Divertissement"],"inLanguage":"fr-BE"},{"@type":"WebPage","@id":"https:\/\/vieassociative.be\/actualites\/quoi-de-neuf-sur-paramount-avec-showtime-en-decembre-2024\/","url":"https:\/\/vieassociative.be\/actualites\/quoi-de-neuf-sur-paramount-avec-showtime-en-decembre-2024\/","name":"Quoi de neuf sur Paramount+ avec Showtime en d\u00e9cembre 2024 | Vie Associative","isPartOf":{"@id":"https:\/\/vieassociative.be\/actualites\/#website"},"primaryImageOfPage":{"@id":"https:\/\/vieassociative.be\/actualites\/quoi-de-neuf-sur-paramount-avec-showtime-en-decembre-2024\/#primaryimage"},"image":{"@id":"https:\/\/vieassociative.be\/actualites\/quoi-de-neuf-sur-paramount-avec-showtime-en-decembre-2024\/#primaryimage"},"thumbnailUrl":"https:\/\/vieassociative.be\/actualites\/wp-content\/uploads\/2024\/11\/Quoi-de-neuf-sur-Paramount-avec-Showtime-en-decembre-2024.png","datePublished":"2024-11-20T19:17:59+00:00","dateModified":"2024-11-20T19:17:59+00:00","breadcrumb":{"@id":"https:\/\/vieassociative.be\/actualites\/quoi-de-neuf-sur-paramount-avec-showtime-en-decembre-2024\/#breadcrumb"},"inLanguage":"fr-BE","potentialAction":[{"@type":"ReadAction","target":["https:\/\/vieassociative.be\/actualites\/quoi-de-neuf-sur-paramount-avec-showtime-en-decembre-2024\/"]}]},{"@type":"ImageObject","inLanguage":"fr-BE","@id":"https:\/\/vieassociative.be\/actualites\/quoi-de-neuf-sur-paramount-avec-showtime-en-decembre-2024\/#primaryimage","url":"https:\/\/vieassociative.be\/actualites\/wp-content\/uploads\/2024\/11\/Quoi-de-neuf-sur-Paramount-avec-Showtime-en-decembre-2024.png","contentUrl":"https:\/\/vieassociative.be\/actualites\/wp-content\/uploads\/2024\/11\/Quoi-de-neuf-sur-Paramount-avec-Showtime-en-decembre-2024.png","width":1200,"height":675,"caption":"Quoi de neuf sur Paramount+ avec Showtime en d\u00e9cembre 2024"},{"@type":"BreadcrumbList","@id":"https:\/\/vieassociative.be\/actualites\/quoi-de-neuf-sur-paramount-avec-showtime-en-decembre-2024\/#breadcrumb","itemListElement":[{"@type":"ListItem","position":1,"name":"Accueil","item":"https:\/\/vieassociative.be\/actualites\/"},{"@type":"ListItem","position":2,"name":"Quoi de neuf sur Paramount+ avec Showtime en d\u00e9cembre 2024"}]},{"@type":"WebSite","@id":"https:\/\/vieassociative.be\/actualites\/#website","url":"https:\/\/vieassociative.be\/actualites\/","name":"Vie Associative","description":"","publisher":{"@id":"https:\/\/vieassociative.be\/actualites\/#organization"},"potentialAction":[{"@type":"SearchAction","target":{"@type":"EntryPoint","urlTemplate":"https:\/\/vieassociative.be\/actualites\/?s={search_term_string}"},"query-input":{"@type":"PropertyValueSpecification","valueRequired":true,"valueName":"search_term_string"}}],"inLanguage":"fr-BE"},{"@type":"Organization","@id":"https:\/\/vieassociative.be\/actualites\/#organization","name":"Vie Associative","url":"https:\/\/vieassociative.be\/actualites\/","logo":{"@type":"ImageObject","inLanguage":"fr-BE","@id":"https:\/\/vieassociative.be\/actualites\/#\/schema\/logo\/image\/","url":"https:\/\/vieassociative.be\/actualites\/wp-content\/uploads\/2024\/09\/cropped-vieassociative_favicon.ico.png","contentUrl":"https:\/\/vieassociative.be\/actualites\/wp-content\/uploads\/2024\/09\/cropped-vieassociative_favicon.ico.png","width":512,"height":512,"caption":"Vie Associative"},"image":{"@id":"https:\/\/vieassociative.be\/actualites\/#\/schema\/logo\/image\/"}},{"@type":"Person","@id":"https:\/\/vieassociative.be\/actualites\/#\/schema\/person\/b87ac4f82f9d4e7b7cec7395b679edc4","name":"Julien","image":{"@type":"ImageObject","inLanguage":"fr-BE","@id":"https:\/\/vieassociative.be\/actualites\/#\/schema\/person\/image\/","url":"https:\/\/vieassociative.be\/actualites\/wp-content\/uploads\/2024\/09\/vie-associative-1-150x150.jpg","contentUrl":"https:\/\/vieassociative.be\/actualites\/wp-content\/uploads\/2024\/09\/vie-associative-1-150x150.jpg","caption":"Julien"},"description":"Je suis Julien, r\u00e9dacteur pour Vie Associative. Passionn\u00e9 par le monde associatif depuis plus de 10 ans, j'ai \u00e0 c\u0153ur de partager des histoires inspirantes et de mettre en lumi\u00e8re les initiatives locales. Mon objectif est de sensibiliser et d'encourager l'engagement communautaire \u00e0 travers mes articles.","sameAs":["https:\/\/vieassociative.be\/"]}]}},"_links":{"self":[{"href":"https:\/\/vieassociative.be\/actualites\/wp-json\/wp\/v2\/posts\/2613"}],"collection":[{"href":"https:\/\/vieassociative.be\/actualites\/wp-json\/wp\/v2\/posts"}],"about":[{"href":"https:\/\/vieassociative.be\/actualites\/wp-json\/wp\/v2\/types\/post"}],"author":[{"embeddable":true,"href":"https:\/\/vieassociative.be\/actualites\/wp-json\/wp\/v2\/users\/1"}],"replies":[{"embeddable":true,"href":"https:\/\/vieassociative.be\/actualites\/wp-json\/wp\/v2\/comments?post=2613"}],"version-history":[{"count":0,"href":"https:\/\/vieassociative.be\/actualites\/wp-json\/wp\/v2\/posts\/2613\/revisions"}],"wp:featuredmedia":[{"embeddable":true,"href":"https:\/\/vieassociative.be\/actualites\/wp-json\/wp\/v2\/media\/2614"}],"wp:attachment":[{"href":"https:\/\/vieassociative.be\/actualites\/wp-json\/wp\/v2\/media?parent=2613"}],"wp:term":[{"taxonomy":"category","embeddable":true,"href":"https:\/\/vieassociative.be\/actualites\/wp-json\/wp\/v2\/categories?post=2613"},{"taxonomy":"post_tag","embeddable":true,"href":"https:\/\/vieassociative.be\/actualites\/wp-json\/wp\/v2\/tags?post=2613"}],"curies":[{"name":"wp","href":"https:\/\/api.w.org\/{rel}","templated":true}]}}