{"id":261,"date":"2024-09-21T17:35:20","date_gmt":"2024-09-21T15:35:20","guid":{"rendered":"https:\/\/vieassociative.be\/actualites\/barcelone-abgeriegelt-grosfahndung-nach-separatiste-puigdemont\/"},"modified":"2024-09-21T17:35:20","modified_gmt":"2024-09-21T15:35:20","slug":"barcelone-abgeriegelt-grosfahndung-nach-separatiste-puigdemont","status":"publish","type":"post","link":"https:\/\/vieassociative.be\/actualites\/barcelone-abgeriegelt-grosfahndung-nach-separatiste-puigdemont\/","title":{"rendered":"Barcelone abgeriegelt: Gro\u00dffahndung nach S\u00e9paratiste Puigdemont"},"content":{"rendered":"<p><\/p>\n<p class=\"font-sans font-medium\">  Il existe un ordre de paix et un devoir de diligence apr\u00e8s l&rsquo;Espagne &#8211; pour une seule raison. Avant que les festivit\u00e9s ne soient autoris\u00e9es, il n\u2019y avait personne d\u2019autre \u00e0 l\u2019ext\u00e9rieur.<\/p>\n<aside class=\"h-ad-280+text lg:h-0 \" data-slot-id=\"pos1_sm\" data-breakpoint=\"sm\" data-hide-ad-text=\"false\" data-module-id=\"SparkAdSlotModule\"><\/aside>\n<p>Carles <strong>Puigdemont<\/strong> guerre immer f\u00fcr \u00dcberraschungen gut. Le Donnerstag a fui le Katalische Separatistenf\u00fchrer dans un autre chapitre de son Ruf hinzu, un ma\u00eetre des versteckspiels de son sein. En Espagne, il y a des ann\u00e9es avec un ordre juridique aux cons\u00e9quences politiques in\u00e9vitables le matin dans la principale ville catalane de Barcelone, ce qui signifie que la police sera inculp\u00e9e d&rsquo;un incendie &#8211; et ensuite elle passera \u00e0 autre chose.<\/p>\n<p>\u00abJe n&rsquo;aime plus Carles Puigdemont\u00bb, a d\u00e9clar\u00e9 le journaliste de la cha\u00eene espagnole TVE. Dort, nous sommes d\u00e9sol\u00e9s <strong>Chef s\u00e9paratiste<\/strong> standen hatte, verdeckten nun gelb-rote Fahnen der katalischen Unabh\u00e4ngigkeitsbewegung die Sicht. Le fr\u00fchere Katalonien-Pr\u00e4sident nutzte die un\u00fcbersichtliche Lage, om erneut unterzutauchen.<\/p>\n<p>Puisque Puigdemont aura le droit de modifier le r\u00e9f\u00e9rendum d&rsquo;octobre 2017, nous serons ouverts \u00e0 des poursuites judiciaires \u00e0 Gelder pour colonies ill\u00e9gales. Damals y est all\u00e9 pendant la nuit <strong>Vol<\/strong>angeblich im Kofferraum eines Autos, seiner Festnahme. Apr\u00e8s tout, vous vivez en Belgique et c&rsquo;est pour cela que vous refusez d&rsquo;\u00eatre accept\u00e9. <\/p>\n<div id=\"piano-banner-kampagne\" class=\"mb-4 block\"><\/div>\n<div id=\"piano-reco-widget\" class=\"mb-4 block\"><\/div>\n<p><!-- opinary --><\/p>\n<div class=\"w-full bg-background-100\">\n<div id=\"opinary-automation-placeholder\" class=\"w-full\"><\/div>\n<\/p><\/div>\n<h3>Le Parlement espagnol a d\u00e9cid\u00e9 d&rsquo;une amnistie, mais ce n&rsquo;est pas Zweifel <\/h3>\n<p>Vor Kurzem beschloss Spaniens nationaux Parlament zwar eine <strong>Amnistie<\/strong> pour Puigdemont, pour une Vers\u00f6hnung politique en Katalonien zu erleichttern. Mais le Haftbefehl accorde encore, bien que la Cour supr\u00eame espagnole h\u00e9site sur l&rsquo;arr\u00eat de l&rsquo;amnistie. C&rsquo;est pour cette raison que la police r\u00e9gionale catalane organise d\u00e9sormais le Heiklen Auftrag, le festzunehmen de 61 ans. Les hommes politiques sont impliqu\u00e9s dans la Kundgebung, dans leur propre Puigdemont, qui dans alten Zeiten als Opfer der Spanischen \u00ab\u00a0Repression\u00a0\u00bb darstellte et vom \u00ab\u00a0Recht auf Selfbestimmung\u00a0\u00bb Kataloniens r\u00e9chauffent. Une force de police prend soin d&rsquo;elle-m\u00eame dans l&rsquo;Hintergrund.<\/p>\n<aside class=\"h-ad-600+text lg:h-0 \" data-slot-id=\"pos2_sm\" data-breakpoint=\"sm\" data-hide-ad-text=\"false\" data-module-id=\"SparkAdSlotModule\"><\/aside>\n<p>Est-ce que les griffes des faisceaux ne sont pas \u00e0 leur port\u00e9e ? Si vous \u00eates les bienvenus, vous ferez partie d&rsquo;un festival qui vous rassemblera plus de personnes et de sympathisants en un seul lieu. <strong>Strassenschlacht<\/strong> fin pourrait. C&rsquo;\u00e9tait le 1er octobre 2017 et le Puigdemont \u00e9tait responsable du r\u00e9f\u00e9rendum l\u00e9gal d&rsquo;abspaltungsen Katalonien organisierte und die Polizei mit Kn\u00fcppeln versuchte, die Abstimmung zu verhindern. Un nouveau jour de vie a \u00e9t\u00e9 compl\u00e8tement \u00e9vit\u00e9.<\/p>\n<p>Les Zweifellos d\u00e9testent Puigdemont meurt einkalkuliert. Il peut donc y avoir beaucoup de mauvaises choses dans leur relation. Stunden sp\u00e4ter tauchen Fotos af, die zegen, wie Puidemont et uninige Vertraute nach der Kundgebung in einen wei\u00dfen Wagen mit dunklen Scheiben steigen. \u00ab Les prochaines \u00e9tapes seront suivies par votre voiture, qui vous aidera \u00e0 poursuivre votre voyage. Ensuite, ils sont perdus en ao\u00fbt\u00bb, rapporte le Zeitung \u00abLa Vanguardia\u00bb. J&rsquo;ai fini par en \u00eatre un <strong>Grossfahndung<\/strong> eingeleitet. Mais Puigdemont n&rsquo;a pas tard\u00e9 \u00e0 se montrer. Une police r\u00e9gionale plus cataclysmique a \u00e9t\u00e9 prise en compte, le Puigdemont \u00e9tant pr\u00e9sent lors de la nouvelle fuite.<\/p>\n<p><!-- Taboola Container --><\/p>\n<aside class=\" w-full\" data-module-id=\"TaboolaContainerModule\" data-container-id=\"taboola-article-mid-article\" data-mode=\"thumbnails-a\" data-target-type=\"mix\" data-is-mid-article=\"true\" data-variant=\"mid-article\" data-gallery-number=\"undefined\">\n<div id=\"taboola-article-mid-article\"><\/div>\n<\/aside>\n<p>Puigdemont l&rsquo;a achet\u00e9 avec le spectacle, l&rsquo;homme politique qui a pr\u00e9sent\u00e9 le spectacle, sa propre identit\u00e9 et l&rsquo;\u00e9tiquette qui l&rsquo;a marqu\u00e9. La raison est pour les ministres d&rsquo;\u00c9tat comp\u00e9tents, du social-d\u00e9mocrate Salvador Illa et des premiers ministres espagnols. <strong>Pedro S\u00e1nchez<\/strong>au Parlement. L\u00e0 j&rsquo;ai le Katalonienwahl gagn\u00e9 et Puigdemont, les soins et le pouvoir wolllte, une charge moindre<\/p>\n<style>\n<p>          .kaltura-player-container { position\u00a0: absolue\u00a0; } .playkit-ads-container iframe { position\u00a0: absolue\u00a0; pic : 0 ; gauche : 0 ; largeur : 100 % ; hauteur : 100 % ; }\n        <\/style>\n","protected":false},"excerpt":{"rendered":"<p>Il existe un ordre de paix et un devoir de diligence apr\u00e8s l&rsquo;Espagne &#8211; pour une seule raison. Avant que les festivit\u00e9s ne soient autoris\u00e9es,<\/p>\n","protected":false},"author":1,"featured_media":226,"comment_status":"closed","ping_status":"","sticky":false,"template":"","format":"standard","meta":{"footnotes":""},"categories":[298],"tags":[372,371,373,374,376,375],"class_list":["post-261","post","type-post","status-publish","format-standard","has-post-thumbnail","hentry","category-belgique","tag-abgeriegelt","tag-barcelone","tag-grosfahndung","tag-nach","tag-puigdemont","tag-separatiste","generate-columns","tablet-grid-50","mobile-grid-100","grid-parent","grid-33"],"yoast_head":"<!-- This site is optimized with the Yoast SEO plugin v24.0 - https:\/\/yoast.com\/wordpress\/plugins\/seo\/ -->\n<title>Barcelone abgeriegelt: Gro\u00dffahndung nach S\u00e9paratiste Puigdemont | Vie Associative<\/title>\n<meta name=\"robots\" content=\"index, follow, max-snippet:-1, max-image-preview:large, max-video-preview:-1\" \/>\n<link rel=\"canonical\" href=\"https:\/\/vieassociative.be\/actualites\/barcelone-abgeriegelt-grosfahndung-nach-separatiste-puigdemont\/\" \/>\n<meta property=\"og:locale\" content=\"fr_FR\" \/>\n<meta property=\"og:type\" content=\"article\" \/>\n<meta property=\"og:title\" content=\"Barcelone abgeriegelt: Gro\u00dffahndung nach S\u00e9paratiste Puigdemont | Vie Associative\" \/>\n<meta property=\"og:description\" content=\"Il existe un ordre de paix et un devoir de diligence apr\u00e8s l&rsquo;Espagne &#8211; pour une seule raison. Avant que les festivit\u00e9s ne soient autoris\u00e9es,\" \/>\n<meta property=\"og:url\" content=\"https:\/\/vieassociative.be\/actualites\/barcelone-abgeriegelt-grosfahndung-nach-separatiste-puigdemont\/\" \/>\n<meta property=\"og:site_name\" content=\"Vie Associative\" \/>\n<meta property=\"article:published_time\" content=\"2024-09-21T15:35:20+00:00\" \/>\n<meta property=\"og:image\" content=\"https:\/\/vieassociative.be\/actualites\/wp-content\/uploads\/2024\/09\/1726932282_Barcelone-abgeriegelt-Grosfahndung-nach-Separatiste-Puigdemont.jpeg\" \/>\n\t<meta property=\"og:image:width\" content=\"1600\" \/>\n\t<meta property=\"og:image:height\" content=\"900\" \/>\n\t<meta property=\"og:image:type\" content=\"image\/jpeg\" \/>\n<meta name=\"author\" content=\"Julien\" \/>\n<meta name=\"twitter:card\" content=\"summary_large_image\" \/>\n<meta name=\"twitter:label1\" content=\"\u00c9crit par\" \/>\n\t<meta name=\"twitter:data1\" content=\"Julien\" \/>\n\t<meta name=\"twitter:label2\" content=\"Dur\u00e9e de lecture est.\" \/>\n\t<meta name=\"twitter:data2\" content=\"3 minutes\" \/>\n<script type=\"application\/ld+json\" class=\"yoast-schema-graph\">{\"@context\":\"https:\/\/schema.org\",\"@graph\":[{\"@type\":\"Article\",\"@id\":\"https:\/\/vieassociative.be\/actualites\/barcelone-abgeriegelt-grosfahndung-nach-separatiste-puigdemont\/#article\",\"isPartOf\":{\"@id\":\"https:\/\/vieassociative.be\/actualites\/barcelone-abgeriegelt-grosfahndung-nach-separatiste-puigdemont\/\"},\"author\":{\"name\":\"Julien\",\"@id\":\"https:\/\/vieassociative.be\/actualites\/#\/schema\/person\/b87ac4f82f9d4e7b7cec7395b679edc4\"},\"headline\":\"Barcelone abgeriegelt: Gro\u00dffahndung nach S\u00e9paratiste Puigdemont\",\"datePublished\":\"2024-09-21T15:35:20+00:00\",\"dateModified\":\"2024-09-21T15:35:20+00:00\",\"mainEntityOfPage\":{\"@id\":\"https:\/\/vieassociative.be\/actualites\/barcelone-abgeriegelt-grosfahndung-nach-separatiste-puigdemont\/\"},\"wordCount\":607,\"publisher\":{\"@id\":\"https:\/\/vieassociative.be\/actualites\/#organization\"},\"image\":{\"@id\":\"https:\/\/vieassociative.be\/actualites\/barcelone-abgeriegelt-grosfahndung-nach-separatiste-puigdemont\/#primaryimage\"},\"thumbnailUrl\":\"https:\/\/vieassociative.be\/actualites\/wp-content\/uploads\/2024\/09\/1726932282_Barcelone-abgeriegelt-Grosfahndung-nach-Separatiste-Puigdemont.jpeg\",\"keywords\":[\"abgeriegelt\",\"Barcelone\",\"Gro\u00dffahndung\",\"nach\",\"Puigdemont\",\"S\u00e9paratiste\"],\"articleSection\":[\"Belgique\"],\"inLanguage\":\"fr-BE\"},{\"@type\":\"WebPage\",\"@id\":\"https:\/\/vieassociative.be\/actualites\/barcelone-abgeriegelt-grosfahndung-nach-separatiste-puigdemont\/\",\"url\":\"https:\/\/vieassociative.be\/actualites\/barcelone-abgeriegelt-grosfahndung-nach-separatiste-puigdemont\/\",\"name\":\"Barcelone abgeriegelt: Gro\u00dffahndung nach S\u00e9paratiste Puigdemont | Vie Associative\",\"isPartOf\":{\"@id\":\"https:\/\/vieassociative.be\/actualites\/#website\"},\"primaryImageOfPage\":{\"@id\":\"https:\/\/vieassociative.be\/actualites\/barcelone-abgeriegelt-grosfahndung-nach-separatiste-puigdemont\/#primaryimage\"},\"image\":{\"@id\":\"https:\/\/vieassociative.be\/actualites\/barcelone-abgeriegelt-grosfahndung-nach-separatiste-puigdemont\/#primaryimage\"},\"thumbnailUrl\":\"https:\/\/vieassociative.be\/actualites\/wp-content\/uploads\/2024\/09\/1726932282_Barcelone-abgeriegelt-Grosfahndung-nach-Separatiste-Puigdemont.jpeg\",\"datePublished\":\"2024-09-21T15:35:20+00:00\",\"dateModified\":\"2024-09-21T15:35:20+00:00\",\"breadcrumb\":{\"@id\":\"https:\/\/vieassociative.be\/actualites\/barcelone-abgeriegelt-grosfahndung-nach-separatiste-puigdemont\/#breadcrumb\"},\"inLanguage\":\"fr-BE\",\"potentialAction\":[{\"@type\":\"ReadAction\",\"target\":[\"https:\/\/vieassociative.be\/actualites\/barcelone-abgeriegelt-grosfahndung-nach-separatiste-puigdemont\/\"]}]},{\"@type\":\"ImageObject\",\"inLanguage\":\"fr-BE\",\"@id\":\"https:\/\/vieassociative.be\/actualites\/barcelone-abgeriegelt-grosfahndung-nach-separatiste-puigdemont\/#primaryimage\",\"url\":\"https:\/\/vieassociative.be\/actualites\/wp-content\/uploads\/2024\/09\/1726932282_Barcelone-abgeriegelt-Grosfahndung-nach-Separatiste-Puigdemont.jpeg\",\"contentUrl\":\"https:\/\/vieassociative.be\/actualites\/wp-content\/uploads\/2024\/09\/1726932282_Barcelone-abgeriegelt-Grosfahndung-nach-Separatiste-Puigdemont.jpeg\",\"width\":1600,\"height\":900,\"caption\":\"Barcelone abgeriegelt: Gro\u00dffahndung nach S\u00e9paratiste Puigdemont\"},{\"@type\":\"BreadcrumbList\",\"@id\":\"https:\/\/vieassociative.be\/actualites\/barcelone-abgeriegelt-grosfahndung-nach-separatiste-puigdemont\/#breadcrumb\",\"itemListElement\":[{\"@type\":\"ListItem\",\"position\":1,\"name\":\"Accueil\",\"item\":\"https:\/\/vieassociative.be\/actualites\/\"},{\"@type\":\"ListItem\",\"position\":2,\"name\":\"Barcelone abgeriegelt: Gro\u00dffahndung nach S\u00e9paratiste Puigdemont\"}]},{\"@type\":\"WebSite\",\"@id\":\"https:\/\/vieassociative.be\/actualites\/#website\",\"url\":\"https:\/\/vieassociative.be\/actualites\/\",\"name\":\"Vie Associative\",\"description\":\"\",\"publisher\":{\"@id\":\"https:\/\/vieassociative.be\/actualites\/#organization\"},\"potentialAction\":[{\"@type\":\"SearchAction\",\"target\":{\"@type\":\"EntryPoint\",\"urlTemplate\":\"https:\/\/vieassociative.be\/actualites\/?s={search_term_string}\"},\"query-input\":{\"@type\":\"PropertyValueSpecification\",\"valueRequired\":true,\"valueName\":\"search_term_string\"}}],\"inLanguage\":\"fr-BE\"},{\"@type\":\"Organization\",\"@id\":\"https:\/\/vieassociative.be\/actualites\/#organization\",\"name\":\"Vie Associative\",\"url\":\"https:\/\/vieassociative.be\/actualites\/\",\"logo\":{\"@type\":\"ImageObject\",\"inLanguage\":\"fr-BE\",\"@id\":\"https:\/\/vieassociative.be\/actualites\/#\/schema\/logo\/image\/\",\"url\":\"https:\/\/vieassociative.be\/actualites\/wp-content\/uploads\/2024\/09\/cropped-vieassociative_favicon.ico.png\",\"contentUrl\":\"https:\/\/vieassociative.be\/actualites\/wp-content\/uploads\/2024\/09\/cropped-vieassociative_favicon.ico.png\",\"width\":512,\"height\":512,\"caption\":\"Vie Associative\"},\"image\":{\"@id\":\"https:\/\/vieassociative.be\/actualites\/#\/schema\/logo\/image\/\"}},{\"@type\":\"Person\",\"@id\":\"https:\/\/vieassociative.be\/actualites\/#\/schema\/person\/b87ac4f82f9d4e7b7cec7395b679edc4\",\"name\":\"Julien\",\"image\":{\"@type\":\"ImageObject\",\"inLanguage\":\"fr-BE\",\"@id\":\"https:\/\/vieassociative.be\/actualites\/#\/schema\/person\/image\/\",\"url\":\"https:\/\/vieassociative.be\/actualites\/wp-content\/uploads\/2024\/09\/vie-associative-1-150x150.jpg\",\"contentUrl\":\"https:\/\/vieassociative.be\/actualites\/wp-content\/uploads\/2024\/09\/vie-associative-1-150x150.jpg\",\"caption\":\"Julien\"},\"description\":\"Je suis Julien, r\u00e9dacteur pour Vie Associative. Passionn\u00e9 par le monde associatif depuis plus de 10 ans, j'ai \u00e0 c\u0153ur de partager des histoires inspirantes et de mettre en lumi\u00e8re les initiatives locales. Mon objectif est de sensibiliser et d'encourager l'engagement communautaire \u00e0 travers mes articles.\",\"sameAs\":[\"https:\/\/vieassociative.be\/\"]}]}<\/script>\n<!-- \/ Yoast SEO plugin. -->","yoast_head_json":{"title":"Barcelone abgeriegelt: Gro\u00dffahndung nach S\u00e9paratiste Puigdemont | Vie Associative","robots":{"index":"index","follow":"follow","max-snippet":"max-snippet:-1","max-image-preview":"max-image-preview:large","max-video-preview":"max-video-preview:-1"},"canonical":"https:\/\/vieassociative.be\/actualites\/barcelone-abgeriegelt-grosfahndung-nach-separatiste-puigdemont\/","og_locale":"fr_FR","og_type":"article","og_title":"Barcelone abgeriegelt: Gro\u00dffahndung nach S\u00e9paratiste Puigdemont | Vie Associative","og_description":"Il existe un ordre de paix et un devoir de diligence apr\u00e8s l&rsquo;Espagne &#8211; pour une seule raison. Avant que les festivit\u00e9s ne soient autoris\u00e9es,","og_url":"https:\/\/vieassociative.be\/actualites\/barcelone-abgeriegelt-grosfahndung-nach-separatiste-puigdemont\/","og_site_name":"Vie Associative","article_published_time":"2024-09-21T15:35:20+00:00","og_image":[{"width":1600,"height":900,"url":"https:\/\/vieassociative.be\/actualites\/wp-content\/uploads\/2024\/09\/1726932282_Barcelone-abgeriegelt-Grosfahndung-nach-Separatiste-Puigdemont.jpeg","type":"image\/jpeg"}],"author":"Julien","twitter_card":"summary_large_image","twitter_misc":{"\u00c9crit par":"Julien","Dur\u00e9e de lecture est.":"3 minutes"},"schema":{"@context":"https:\/\/schema.org","@graph":[{"@type":"Article","@id":"https:\/\/vieassociative.be\/actualites\/barcelone-abgeriegelt-grosfahndung-nach-separatiste-puigdemont\/#article","isPartOf":{"@id":"https:\/\/vieassociative.be\/actualites\/barcelone-abgeriegelt-grosfahndung-nach-separatiste-puigdemont\/"},"author":{"name":"Julien","@id":"https:\/\/vieassociative.be\/actualites\/#\/schema\/person\/b87ac4f82f9d4e7b7cec7395b679edc4"},"headline":"Barcelone abgeriegelt: Gro\u00dffahndung nach S\u00e9paratiste Puigdemont","datePublished":"2024-09-21T15:35:20+00:00","dateModified":"2024-09-21T15:35:20+00:00","mainEntityOfPage":{"@id":"https:\/\/vieassociative.be\/actualites\/barcelone-abgeriegelt-grosfahndung-nach-separatiste-puigdemont\/"},"wordCount":607,"publisher":{"@id":"https:\/\/vieassociative.be\/actualites\/#organization"},"image":{"@id":"https:\/\/vieassociative.be\/actualites\/barcelone-abgeriegelt-grosfahndung-nach-separatiste-puigdemont\/#primaryimage"},"thumbnailUrl":"https:\/\/vieassociative.be\/actualites\/wp-content\/uploads\/2024\/09\/1726932282_Barcelone-abgeriegelt-Grosfahndung-nach-Separatiste-Puigdemont.jpeg","keywords":["abgeriegelt","Barcelone","Gro\u00dffahndung","nach","Puigdemont","S\u00e9paratiste"],"articleSection":["Belgique"],"inLanguage":"fr-BE"},{"@type":"WebPage","@id":"https:\/\/vieassociative.be\/actualites\/barcelone-abgeriegelt-grosfahndung-nach-separatiste-puigdemont\/","url":"https:\/\/vieassociative.be\/actualites\/barcelone-abgeriegelt-grosfahndung-nach-separatiste-puigdemont\/","name":"Barcelone abgeriegelt: Gro\u00dffahndung nach S\u00e9paratiste Puigdemont | Vie Associative","isPartOf":{"@id":"https:\/\/vieassociative.be\/actualites\/#website"},"primaryImageOfPage":{"@id":"https:\/\/vieassociative.be\/actualites\/barcelone-abgeriegelt-grosfahndung-nach-separatiste-puigdemont\/#primaryimage"},"image":{"@id":"https:\/\/vieassociative.be\/actualites\/barcelone-abgeriegelt-grosfahndung-nach-separatiste-puigdemont\/#primaryimage"},"thumbnailUrl":"https:\/\/vieassociative.be\/actualites\/wp-content\/uploads\/2024\/09\/1726932282_Barcelone-abgeriegelt-Grosfahndung-nach-Separatiste-Puigdemont.jpeg","datePublished":"2024-09-21T15:35:20+00:00","dateModified":"2024-09-21T15:35:20+00:00","breadcrumb":{"@id":"https:\/\/vieassociative.be\/actualites\/barcelone-abgeriegelt-grosfahndung-nach-separatiste-puigdemont\/#breadcrumb"},"inLanguage":"fr-BE","potentialAction":[{"@type":"ReadAction","target":["https:\/\/vieassociative.be\/actualites\/barcelone-abgeriegelt-grosfahndung-nach-separatiste-puigdemont\/"]}]},{"@type":"ImageObject","inLanguage":"fr-BE","@id":"https:\/\/vieassociative.be\/actualites\/barcelone-abgeriegelt-grosfahndung-nach-separatiste-puigdemont\/#primaryimage","url":"https:\/\/vieassociative.be\/actualites\/wp-content\/uploads\/2024\/09\/1726932282_Barcelone-abgeriegelt-Grosfahndung-nach-Separatiste-Puigdemont.jpeg","contentUrl":"https:\/\/vieassociative.be\/actualites\/wp-content\/uploads\/2024\/09\/1726932282_Barcelone-abgeriegelt-Grosfahndung-nach-Separatiste-Puigdemont.jpeg","width":1600,"height":900,"caption":"Barcelone abgeriegelt: Gro\u00dffahndung nach S\u00e9paratiste Puigdemont"},{"@type":"BreadcrumbList","@id":"https:\/\/vieassociative.be\/actualites\/barcelone-abgeriegelt-grosfahndung-nach-separatiste-puigdemont\/#breadcrumb","itemListElement":[{"@type":"ListItem","position":1,"name":"Accueil","item":"https:\/\/vieassociative.be\/actualites\/"},{"@type":"ListItem","position":2,"name":"Barcelone abgeriegelt: Gro\u00dffahndung nach S\u00e9paratiste Puigdemont"}]},{"@type":"WebSite","@id":"https:\/\/vieassociative.be\/actualites\/#website","url":"https:\/\/vieassociative.be\/actualites\/","name":"Vie Associative","description":"","publisher":{"@id":"https:\/\/vieassociative.be\/actualites\/#organization"},"potentialAction":[{"@type":"SearchAction","target":{"@type":"EntryPoint","urlTemplate":"https:\/\/vieassociative.be\/actualites\/?s={search_term_string}"},"query-input":{"@type":"PropertyValueSpecification","valueRequired":true,"valueName":"search_term_string"}}],"inLanguage":"fr-BE"},{"@type":"Organization","@id":"https:\/\/vieassociative.be\/actualites\/#organization","name":"Vie Associative","url":"https:\/\/vieassociative.be\/actualites\/","logo":{"@type":"ImageObject","inLanguage":"fr-BE","@id":"https:\/\/vieassociative.be\/actualites\/#\/schema\/logo\/image\/","url":"https:\/\/vieassociative.be\/actualites\/wp-content\/uploads\/2024\/09\/cropped-vieassociative_favicon.ico.png","contentUrl":"https:\/\/vieassociative.be\/actualites\/wp-content\/uploads\/2024\/09\/cropped-vieassociative_favicon.ico.png","width":512,"height":512,"caption":"Vie Associative"},"image":{"@id":"https:\/\/vieassociative.be\/actualites\/#\/schema\/logo\/image\/"}},{"@type":"Person","@id":"https:\/\/vieassociative.be\/actualites\/#\/schema\/person\/b87ac4f82f9d4e7b7cec7395b679edc4","name":"Julien","image":{"@type":"ImageObject","inLanguage":"fr-BE","@id":"https:\/\/vieassociative.be\/actualites\/#\/schema\/person\/image\/","url":"https:\/\/vieassociative.be\/actualites\/wp-content\/uploads\/2024\/09\/vie-associative-1-150x150.jpg","contentUrl":"https:\/\/vieassociative.be\/actualites\/wp-content\/uploads\/2024\/09\/vie-associative-1-150x150.jpg","caption":"Julien"},"description":"Je suis Julien, r\u00e9dacteur pour Vie Associative. Passionn\u00e9 par le monde associatif depuis plus de 10 ans, j'ai \u00e0 c\u0153ur de partager des histoires inspirantes et de mettre en lumi\u00e8re les initiatives locales. Mon objectif est de sensibiliser et d'encourager l'engagement communautaire \u00e0 travers mes articles.","sameAs":["https:\/\/vieassociative.be\/"]}]}},"_links":{"self":[{"href":"https:\/\/vieassociative.be\/actualites\/wp-json\/wp\/v2\/posts\/261"}],"collection":[{"href":"https:\/\/vieassociative.be\/actualites\/wp-json\/wp\/v2\/posts"}],"about":[{"href":"https:\/\/vieassociative.be\/actualites\/wp-json\/wp\/v2\/types\/post"}],"author":[{"embeddable":true,"href":"https:\/\/vieassociative.be\/actualites\/wp-json\/wp\/v2\/users\/1"}],"replies":[{"embeddable":true,"href":"https:\/\/vieassociative.be\/actualites\/wp-json\/wp\/v2\/comments?post=261"}],"version-history":[{"count":1,"href":"https:\/\/vieassociative.be\/actualites\/wp-json\/wp\/v2\/posts\/261\/revisions"}],"predecessor-version":[{"id":262,"href":"https:\/\/vieassociative.be\/actualites\/wp-json\/wp\/v2\/posts\/261\/revisions\/262"}],"wp:featuredmedia":[{"embeddable":true,"href":"https:\/\/vieassociative.be\/actualites\/wp-json\/wp\/v2\/media\/226"}],"wp:attachment":[{"href":"https:\/\/vieassociative.be\/actualites\/wp-json\/wp\/v2\/media?parent=261"}],"wp:term":[{"taxonomy":"category","embeddable":true,"href":"https:\/\/vieassociative.be\/actualites\/wp-json\/wp\/v2\/categories?post=261"},{"taxonomy":"post_tag","embeddable":true,"href":"https:\/\/vieassociative.be\/actualites\/wp-json\/wp\/v2\/tags?post=261"}],"curies":[{"name":"wp","href":"https:\/\/api.w.org\/{rel}","templated":true}]}}