{"id":2608,"date":"2024-11-20T15:17:13","date_gmt":"2024-11-20T14:17:13","guid":{"rendered":"https:\/\/vieassociative.be\/actualites\/une-deuxieme-balle-de-match-pour-thierry-neuville-au-japon\/"},"modified":"2024-11-20T15:17:13","modified_gmt":"2024-11-20T14:17:13","slug":"une-deuxieme-balle-de-match-pour-thierry-neuville-au-japon","status":"publish","type":"post","link":"https:\/\/vieassociative.be\/actualites\/une-deuxieme-balle-de-match-pour-thierry-neuville-au-japon\/","title":{"rendered":"Une deuxi\u00e8me balle de match pour Thierry Neuville au Japon"},"content":{"rendered":"<p><strong>Le professionnel des rallyes Thierry Neuville, originaire de H\u00fcnningen pr\u00e8s de Saint-Vith, peut devenir dimanche champion du monde des rallyes pour la premi\u00e8re fois au Japon. Ce serait aussi la premi\u00e8re fois qu&rsquo;un coureur belge remporte le titre mondial.<\/strong><\/p>\n<p><span id=\"more-402244\"><\/span>Ott Tanak (Hyundai) a remport\u00e9 il y a un mois l&rsquo;avant-dernier rallye de la saison au Rallye d&rsquo;Europe Centrale, restant dans la lutte pour le titre mondial face \u00e0 son \u00e9quipier Thierry Neuville, troisi\u00e8me sur les circuits de R\u00e9publique tch\u00e8que, d&rsquo;Autriche et d&rsquo;Allemagne.<\/p>\n<p>La d\u00e9ception de Neuville et de Hyundai de ne pas avoir pu devenir champion du monde tr\u00e8s t\u00f4t \u00e9tait limit\u00e9e, car avec 25 points d&rsquo;avance sur son co\u00e9quipier Tanak, Neuville a toutes les chances de se qualifier pour la derni\u00e8re manche du Championnat du monde au Japon.<\/p>\n<div id=\"attachment_399966\" class=\"wp-caption alignleft\" style=\"max-width: 300px\"><img fetchpriority=\"high\" decoding=\"async\" class=\"wp-image-399966 size-medium\" src=\"https:\/\/vieassociative.be\/actualites\/wp-content\/uploads\/2024\/11\/Une-deuxieme-balle-de-match-pour-Thierry-Neuville-au-Japon.jpg\" alt=\"\" width=\"300\" height=\"200\"><\/p>\n<p class=\"wp-caption-text\">Un groupe de supporters de Thierry Neuville dans la fan zone de Penzingerdorf (Autriche). Photo : Alois Braid et Thomas Fischer \/ zema-medien.de<\/p>\n<\/div>\n<p>L&rsquo;Estonien Tanak totalise 200 points au Championnat du monde, tandis que le Belge, cinq fois vice-champion du monde (2013, 2016, 2017, 2018 et 2019), compte 225 points. Tout se jouera ce week-end entre les deux pilotes Hyundai lors du dernier rallye de la saison au Japon. Un maximum de 30 points peuvent \u00eatre inscrits lors d&rsquo;un rallye, donc Neuville 6 points suffisent pour son premier titre mondial.<\/p>\n<p>6points ! Neuville n&rsquo;a jamais marqu\u00e9 aussi peu de points cette saison : 30 au Rallye de Monte-Carlo, 18 en Su\u00e8de, 19 au Kenya, 19 en Croatie, 24 au Portugal, 12 en Sardaigne, 14 en Pologne, 9 en Lettonie, 23 en Finlande, 24 en Gr\u00e8ce, 15 au Chili et 18 en Europe centrale.<\/p>\n<div id=\"attachment_373989\" class=\"wp-caption alignleft\" style=\"max-width: 300px\"><img decoding=\"async\" class=\"wp-image-373989 size-medium\" src=\"https:\/\/vieassociative.be\/actualites\/wp-content\/uploads\/2024\/11\/1732112233_440_Une-deuxieme-balle-de-match-pour-Thierry-Neuville-au-Japon.jpg\" alt=\"\" width=\"300\" height=\"200\"><\/p>\n<p class=\"wp-caption-text\">Thierry Neuville de Belgique au Rallye de Monte Carlo. Photo de : Belga<\/p>\n<\/div>\n<p>Dans le m\u00eame temps, Tanak devrait marquer au moins 26 points. Un pilote peut marquer un maximum de 30 points dans un rallye (18 le samedi soir, 7 le Super dimanche et 5 sur la Power Stage). Ce rendement maximum n&rsquo;a \u00e9t\u00e9 atteint qu&rsquo;une seule fois cette saison, au Rallye de Monte-Carlo en janvier &#8211; par Thierry Neuville.<\/p>\n<p>N\u00e9anmoins, bien s\u00fbr, tout est possible. Une erreur peut toujours arriver ; une petite inattention peut vite co\u00fbter plusieurs secondes. L&rsquo;ann\u00e9e derni\u00e8re, Neuville avait d\u00fb abandonner apr\u00e8s une glissade au Rallye du Japon. Cette ann\u00e9e, les conditions m\u00e9t\u00e9orologiques devraient \u00eatre plus douces. <\/p>\n<p>Outre le titre de champion du monde des pilotes, Neuville vise \u00e9galement le championnat du monde des constructeurs avec Hyundai. (cr\u00e9er)<\/p>\n","protected":false},"excerpt":{"rendered":"<p>Le professionnel des rallyes Thierry Neuville, originaire de H\u00fcnningen pr\u00e8s de Saint-Vith, peut devenir dimanche champion du monde des rallyes pour la premi\u00e8re fois au<\/p>\n","protected":false},"author":1,"featured_media":2609,"comment_status":"","ping_status":"","sticky":false,"template":"","format":"standard","meta":{"footnotes":""},"categories":[298],"tags":[3337,2525,3340,2685,3339,81,3338,110],"class_list":["post-2608","post","type-post","status-publish","format-standard","has-post-thumbnail","hentry","category-belgique","tag-balle","tag-deuxieme","tag-japon","tag-match","tag-neuville","tag-pour","tag-thierry","tag-une","generate-columns","tablet-grid-50","mobile-grid-100","grid-parent","grid-33"],"yoast_head":"<!-- This site is optimized with the Yoast SEO plugin v24.0 - https:\/\/yoast.com\/wordpress\/plugins\/seo\/ -->\n<title>Une deuxi\u00e8me balle de match pour Thierry Neuville au Japon | Vie Associative<\/title>\n<meta name=\"robots\" content=\"index, follow, max-snippet:-1, max-image-preview:large, max-video-preview:-1\" \/>\n<link rel=\"canonical\" href=\"https:\/\/vieassociative.be\/actualites\/une-deuxieme-balle-de-match-pour-thierry-neuville-au-japon\/\" \/>\n<meta property=\"og:locale\" content=\"fr_FR\" \/>\n<meta property=\"og:type\" content=\"article\" \/>\n<meta property=\"og:title\" content=\"Une deuxi\u00e8me balle de match pour Thierry Neuville au Japon | Vie Associative\" \/>\n<meta property=\"og:description\" content=\"Le professionnel des rallyes Thierry Neuville, originaire de H\u00fcnningen pr\u00e8s de Saint-Vith, peut devenir dimanche champion du monde des rallyes pour la premi\u00e8re fois au\" \/>\n<meta property=\"og:url\" content=\"https:\/\/vieassociative.be\/actualites\/une-deuxieme-balle-de-match-pour-thierry-neuville-au-japon\/\" \/>\n<meta property=\"og:site_name\" content=\"Vie Associative\" \/>\n<meta property=\"article:published_time\" content=\"2024-11-20T14:17:13+00:00\" \/>\n<meta property=\"og:image\" content=\"https:\/\/vieassociative.be\/actualites\/wp-content\/uploads\/2024\/11\/Une-deuxieme-balle-de-match-pour-Thierry-Neuville-au-Japon.jpg\" \/>\n<meta name=\"author\" content=\"Julien\" \/>\n<meta name=\"twitter:card\" content=\"summary_large_image\" \/>\n<meta name=\"twitter:label1\" content=\"\u00c9crit par\" \/>\n\t<meta name=\"twitter:data1\" content=\"Julien\" \/>\n\t<meta name=\"twitter:label2\" content=\"Dur\u00e9e de lecture est.\" \/>\n\t<meta name=\"twitter:data2\" content=\"2 minutes\" \/>\n<script type=\"application\/ld+json\" class=\"yoast-schema-graph\">{\"@context\":\"https:\/\/schema.org\",\"@graph\":[{\"@type\":\"Article\",\"@id\":\"https:\/\/vieassociative.be\/actualites\/une-deuxieme-balle-de-match-pour-thierry-neuville-au-japon\/#article\",\"isPartOf\":{\"@id\":\"https:\/\/vieassociative.be\/actualites\/une-deuxieme-balle-de-match-pour-thierry-neuville-au-japon\/\"},\"author\":{\"name\":\"Julien\",\"@id\":\"https:\/\/vieassociative.be\/actualites\/#\/schema\/person\/b87ac4f82f9d4e7b7cec7395b679edc4\"},\"headline\":\"Une deuxi\u00e8me balle de match pour Thierry Neuville au Japon\",\"datePublished\":\"2024-11-20T14:17:13+00:00\",\"dateModified\":\"2024-11-20T14:17:13+00:00\",\"mainEntityOfPage\":{\"@id\":\"https:\/\/vieassociative.be\/actualites\/une-deuxieme-balle-de-match-pour-thierry-neuville-au-japon\/\"},\"wordCount\":422,\"publisher\":{\"@id\":\"https:\/\/vieassociative.be\/actualites\/#organization\"},\"image\":{\"@id\":\"https:\/\/vieassociative.be\/actualites\/une-deuxieme-balle-de-match-pour-thierry-neuville-au-japon\/#primaryimage\"},\"thumbnailUrl\":\"https:\/\/vieassociative.be\/actualites\/wp-content\/uploads\/2024\/11\/1732112234_Une-deuxieme-balle-de-match-pour-Thierry-Neuville-au-Japon.jpg\",\"keywords\":[\"balle\",\"deuxi\u00e8me\",\"Japon\",\"match\",\"Neuville\",\"pour\",\"Thierry\",\"une\"],\"articleSection\":[\"Belgique\"],\"inLanguage\":\"fr-BE\"},{\"@type\":\"WebPage\",\"@id\":\"https:\/\/vieassociative.be\/actualites\/une-deuxieme-balle-de-match-pour-thierry-neuville-au-japon\/\",\"url\":\"https:\/\/vieassociative.be\/actualites\/une-deuxieme-balle-de-match-pour-thierry-neuville-au-japon\/\",\"name\":\"Une deuxi\u00e8me balle de match pour Thierry Neuville au Japon | Vie Associative\",\"isPartOf\":{\"@id\":\"https:\/\/vieassociative.be\/actualites\/#website\"},\"primaryImageOfPage\":{\"@id\":\"https:\/\/vieassociative.be\/actualites\/une-deuxieme-balle-de-match-pour-thierry-neuville-au-japon\/#primaryimage\"},\"image\":{\"@id\":\"https:\/\/vieassociative.be\/actualites\/une-deuxieme-balle-de-match-pour-thierry-neuville-au-japon\/#primaryimage\"},\"thumbnailUrl\":\"https:\/\/vieassociative.be\/actualites\/wp-content\/uploads\/2024\/11\/1732112234_Une-deuxieme-balle-de-match-pour-Thierry-Neuville-au-Japon.jpg\",\"datePublished\":\"2024-11-20T14:17:13+00:00\",\"dateModified\":\"2024-11-20T14:17:13+00:00\",\"breadcrumb\":{\"@id\":\"https:\/\/vieassociative.be\/actualites\/une-deuxieme-balle-de-match-pour-thierry-neuville-au-japon\/#breadcrumb\"},\"inLanguage\":\"fr-BE\",\"potentialAction\":[{\"@type\":\"ReadAction\",\"target\":[\"https:\/\/vieassociative.be\/actualites\/une-deuxieme-balle-de-match-pour-thierry-neuville-au-japon\/\"]}]},{\"@type\":\"ImageObject\",\"inLanguage\":\"fr-BE\",\"@id\":\"https:\/\/vieassociative.be\/actualites\/une-deuxieme-balle-de-match-pour-thierry-neuville-au-japon\/#primaryimage\",\"url\":\"https:\/\/vieassociative.be\/actualites\/wp-content\/uploads\/2024\/11\/1732112234_Une-deuxieme-balle-de-match-pour-Thierry-Neuville-au-Japon.jpg\",\"contentUrl\":\"https:\/\/vieassociative.be\/actualites\/wp-content\/uploads\/2024\/11\/1732112234_Une-deuxieme-balle-de-match-pour-Thierry-Neuville-au-Japon.jpg\",\"width\":1200,\"height\":800,\"caption\":\"Une deuxi\u00e8me balle de match pour Thierry Neuville au Japon\"},{\"@type\":\"BreadcrumbList\",\"@id\":\"https:\/\/vieassociative.be\/actualites\/une-deuxieme-balle-de-match-pour-thierry-neuville-au-japon\/#breadcrumb\",\"itemListElement\":[{\"@type\":\"ListItem\",\"position\":1,\"name\":\"Accueil\",\"item\":\"https:\/\/vieassociative.be\/actualites\/\"},{\"@type\":\"ListItem\",\"position\":2,\"name\":\"Une deuxi\u00e8me balle de match pour Thierry Neuville au Japon\"}]},{\"@type\":\"WebSite\",\"@id\":\"https:\/\/vieassociative.be\/actualites\/#website\",\"url\":\"https:\/\/vieassociative.be\/actualites\/\",\"name\":\"Vie Associative\",\"description\":\"\",\"publisher\":{\"@id\":\"https:\/\/vieassociative.be\/actualites\/#organization\"},\"potentialAction\":[{\"@type\":\"SearchAction\",\"target\":{\"@type\":\"EntryPoint\",\"urlTemplate\":\"https:\/\/vieassociative.be\/actualites\/?s={search_term_string}\"},\"query-input\":{\"@type\":\"PropertyValueSpecification\",\"valueRequired\":true,\"valueName\":\"search_term_string\"}}],\"inLanguage\":\"fr-BE\"},{\"@type\":\"Organization\",\"@id\":\"https:\/\/vieassociative.be\/actualites\/#organization\",\"name\":\"Vie Associative\",\"url\":\"https:\/\/vieassociative.be\/actualites\/\",\"logo\":{\"@type\":\"ImageObject\",\"inLanguage\":\"fr-BE\",\"@id\":\"https:\/\/vieassociative.be\/actualites\/#\/schema\/logo\/image\/\",\"url\":\"https:\/\/vieassociative.be\/actualites\/wp-content\/uploads\/2024\/09\/cropped-vieassociative_favicon.ico.png\",\"contentUrl\":\"https:\/\/vieassociative.be\/actualites\/wp-content\/uploads\/2024\/09\/cropped-vieassociative_favicon.ico.png\",\"width\":512,\"height\":512,\"caption\":\"Vie Associative\"},\"image\":{\"@id\":\"https:\/\/vieassociative.be\/actualites\/#\/schema\/logo\/image\/\"}},{\"@type\":\"Person\",\"@id\":\"https:\/\/vieassociative.be\/actualites\/#\/schema\/person\/b87ac4f82f9d4e7b7cec7395b679edc4\",\"name\":\"Julien\",\"image\":{\"@type\":\"ImageObject\",\"inLanguage\":\"fr-BE\",\"@id\":\"https:\/\/vieassociative.be\/actualites\/#\/schema\/person\/image\/\",\"url\":\"https:\/\/vieassociative.be\/actualites\/wp-content\/uploads\/2024\/09\/vie-associative-1-150x150.jpg\",\"contentUrl\":\"https:\/\/vieassociative.be\/actualites\/wp-content\/uploads\/2024\/09\/vie-associative-1-150x150.jpg\",\"caption\":\"Julien\"},\"description\":\"Je suis Julien, r\u00e9dacteur pour Vie Associative. Passionn\u00e9 par le monde associatif depuis plus de 10 ans, j'ai \u00e0 c\u0153ur de partager des histoires inspirantes et de mettre en lumi\u00e8re les initiatives locales. Mon objectif est de sensibiliser et d'encourager l'engagement communautaire \u00e0 travers mes articles.\",\"sameAs\":[\"https:\/\/vieassociative.be\/\"]}]}<\/script>\n<!-- \/ Yoast SEO plugin. -->","yoast_head_json":{"title":"Une deuxi\u00e8me balle de match pour Thierry Neuville au Japon | Vie Associative","robots":{"index":"index","follow":"follow","max-snippet":"max-snippet:-1","max-image-preview":"max-image-preview:large","max-video-preview":"max-video-preview:-1"},"canonical":"https:\/\/vieassociative.be\/actualites\/une-deuxieme-balle-de-match-pour-thierry-neuville-au-japon\/","og_locale":"fr_FR","og_type":"article","og_title":"Une deuxi\u00e8me balle de match pour Thierry Neuville au Japon | Vie Associative","og_description":"Le professionnel des rallyes Thierry Neuville, originaire de H\u00fcnningen pr\u00e8s de Saint-Vith, peut devenir dimanche champion du monde des rallyes pour la premi\u00e8re fois au","og_url":"https:\/\/vieassociative.be\/actualites\/une-deuxieme-balle-de-match-pour-thierry-neuville-au-japon\/","og_site_name":"Vie Associative","article_published_time":"2024-11-20T14:17:13+00:00","og_image":[{"url":"https:\/\/vieassociative.be\/actualites\/wp-content\/uploads\/2024\/11\/Une-deuxieme-balle-de-match-pour-Thierry-Neuville-au-Japon.jpg","type":"","width":"","height":""}],"author":"Julien","twitter_card":"summary_large_image","twitter_misc":{"\u00c9crit par":"Julien","Dur\u00e9e de lecture est.":"2 minutes"},"schema":{"@context":"https:\/\/schema.org","@graph":[{"@type":"Article","@id":"https:\/\/vieassociative.be\/actualites\/une-deuxieme-balle-de-match-pour-thierry-neuville-au-japon\/#article","isPartOf":{"@id":"https:\/\/vieassociative.be\/actualites\/une-deuxieme-balle-de-match-pour-thierry-neuville-au-japon\/"},"author":{"name":"Julien","@id":"https:\/\/vieassociative.be\/actualites\/#\/schema\/person\/b87ac4f82f9d4e7b7cec7395b679edc4"},"headline":"Une deuxi\u00e8me balle de match pour Thierry Neuville au Japon","datePublished":"2024-11-20T14:17:13+00:00","dateModified":"2024-11-20T14:17:13+00:00","mainEntityOfPage":{"@id":"https:\/\/vieassociative.be\/actualites\/une-deuxieme-balle-de-match-pour-thierry-neuville-au-japon\/"},"wordCount":422,"publisher":{"@id":"https:\/\/vieassociative.be\/actualites\/#organization"},"image":{"@id":"https:\/\/vieassociative.be\/actualites\/une-deuxieme-balle-de-match-pour-thierry-neuville-au-japon\/#primaryimage"},"thumbnailUrl":"https:\/\/vieassociative.be\/actualites\/wp-content\/uploads\/2024\/11\/1732112234_Une-deuxieme-balle-de-match-pour-Thierry-Neuville-au-Japon.jpg","keywords":["balle","deuxi\u00e8me","Japon","match","Neuville","pour","Thierry","une"],"articleSection":["Belgique"],"inLanguage":"fr-BE"},{"@type":"WebPage","@id":"https:\/\/vieassociative.be\/actualites\/une-deuxieme-balle-de-match-pour-thierry-neuville-au-japon\/","url":"https:\/\/vieassociative.be\/actualites\/une-deuxieme-balle-de-match-pour-thierry-neuville-au-japon\/","name":"Une deuxi\u00e8me balle de match pour Thierry Neuville au Japon | Vie Associative","isPartOf":{"@id":"https:\/\/vieassociative.be\/actualites\/#website"},"primaryImageOfPage":{"@id":"https:\/\/vieassociative.be\/actualites\/une-deuxieme-balle-de-match-pour-thierry-neuville-au-japon\/#primaryimage"},"image":{"@id":"https:\/\/vieassociative.be\/actualites\/une-deuxieme-balle-de-match-pour-thierry-neuville-au-japon\/#primaryimage"},"thumbnailUrl":"https:\/\/vieassociative.be\/actualites\/wp-content\/uploads\/2024\/11\/1732112234_Une-deuxieme-balle-de-match-pour-Thierry-Neuville-au-Japon.jpg","datePublished":"2024-11-20T14:17:13+00:00","dateModified":"2024-11-20T14:17:13+00:00","breadcrumb":{"@id":"https:\/\/vieassociative.be\/actualites\/une-deuxieme-balle-de-match-pour-thierry-neuville-au-japon\/#breadcrumb"},"inLanguage":"fr-BE","potentialAction":[{"@type":"ReadAction","target":["https:\/\/vieassociative.be\/actualites\/une-deuxieme-balle-de-match-pour-thierry-neuville-au-japon\/"]}]},{"@type":"ImageObject","inLanguage":"fr-BE","@id":"https:\/\/vieassociative.be\/actualites\/une-deuxieme-balle-de-match-pour-thierry-neuville-au-japon\/#primaryimage","url":"https:\/\/vieassociative.be\/actualites\/wp-content\/uploads\/2024\/11\/1732112234_Une-deuxieme-balle-de-match-pour-Thierry-Neuville-au-Japon.jpg","contentUrl":"https:\/\/vieassociative.be\/actualites\/wp-content\/uploads\/2024\/11\/1732112234_Une-deuxieme-balle-de-match-pour-Thierry-Neuville-au-Japon.jpg","width":1200,"height":800,"caption":"Une deuxi\u00e8me balle de match pour Thierry Neuville au Japon"},{"@type":"BreadcrumbList","@id":"https:\/\/vieassociative.be\/actualites\/une-deuxieme-balle-de-match-pour-thierry-neuville-au-japon\/#breadcrumb","itemListElement":[{"@type":"ListItem","position":1,"name":"Accueil","item":"https:\/\/vieassociative.be\/actualites\/"},{"@type":"ListItem","position":2,"name":"Une deuxi\u00e8me balle de match pour Thierry Neuville au Japon"}]},{"@type":"WebSite","@id":"https:\/\/vieassociative.be\/actualites\/#website","url":"https:\/\/vieassociative.be\/actualites\/","name":"Vie Associative","description":"","publisher":{"@id":"https:\/\/vieassociative.be\/actualites\/#organization"},"potentialAction":[{"@type":"SearchAction","target":{"@type":"EntryPoint","urlTemplate":"https:\/\/vieassociative.be\/actualites\/?s={search_term_string}"},"query-input":{"@type":"PropertyValueSpecification","valueRequired":true,"valueName":"search_term_string"}}],"inLanguage":"fr-BE"},{"@type":"Organization","@id":"https:\/\/vieassociative.be\/actualites\/#organization","name":"Vie Associative","url":"https:\/\/vieassociative.be\/actualites\/","logo":{"@type":"ImageObject","inLanguage":"fr-BE","@id":"https:\/\/vieassociative.be\/actualites\/#\/schema\/logo\/image\/","url":"https:\/\/vieassociative.be\/actualites\/wp-content\/uploads\/2024\/09\/cropped-vieassociative_favicon.ico.png","contentUrl":"https:\/\/vieassociative.be\/actualites\/wp-content\/uploads\/2024\/09\/cropped-vieassociative_favicon.ico.png","width":512,"height":512,"caption":"Vie Associative"},"image":{"@id":"https:\/\/vieassociative.be\/actualites\/#\/schema\/logo\/image\/"}},{"@type":"Person","@id":"https:\/\/vieassociative.be\/actualites\/#\/schema\/person\/b87ac4f82f9d4e7b7cec7395b679edc4","name":"Julien","image":{"@type":"ImageObject","inLanguage":"fr-BE","@id":"https:\/\/vieassociative.be\/actualites\/#\/schema\/person\/image\/","url":"https:\/\/vieassociative.be\/actualites\/wp-content\/uploads\/2024\/09\/vie-associative-1-150x150.jpg","contentUrl":"https:\/\/vieassociative.be\/actualites\/wp-content\/uploads\/2024\/09\/vie-associative-1-150x150.jpg","caption":"Julien"},"description":"Je suis Julien, r\u00e9dacteur pour Vie Associative. Passionn\u00e9 par le monde associatif depuis plus de 10 ans, j'ai \u00e0 c\u0153ur de partager des histoires inspirantes et de mettre en lumi\u00e8re les initiatives locales. Mon objectif est de sensibiliser et d'encourager l'engagement communautaire \u00e0 travers mes articles.","sameAs":["https:\/\/vieassociative.be\/"]}]}},"_links":{"self":[{"href":"https:\/\/vieassociative.be\/actualites\/wp-json\/wp\/v2\/posts\/2608"}],"collection":[{"href":"https:\/\/vieassociative.be\/actualites\/wp-json\/wp\/v2\/posts"}],"about":[{"href":"https:\/\/vieassociative.be\/actualites\/wp-json\/wp\/v2\/types\/post"}],"author":[{"embeddable":true,"href":"https:\/\/vieassociative.be\/actualites\/wp-json\/wp\/v2\/users\/1"}],"replies":[{"embeddable":true,"href":"https:\/\/vieassociative.be\/actualites\/wp-json\/wp\/v2\/comments?post=2608"}],"version-history":[{"count":0,"href":"https:\/\/vieassociative.be\/actualites\/wp-json\/wp\/v2\/posts\/2608\/revisions"}],"wp:featuredmedia":[{"embeddable":true,"href":"https:\/\/vieassociative.be\/actualites\/wp-json\/wp\/v2\/media\/2609"}],"wp:attachment":[{"href":"https:\/\/vieassociative.be\/actualites\/wp-json\/wp\/v2\/media?parent=2608"}],"wp:term":[{"taxonomy":"category","embeddable":true,"href":"https:\/\/vieassociative.be\/actualites\/wp-json\/wp\/v2\/categories?post=2608"},{"taxonomy":"post_tag","embeddable":true,"href":"https:\/\/vieassociative.be\/actualites\/wp-json\/wp\/v2\/tags?post=2608"}],"curies":[{"name":"wp","href":"https:\/\/api.w.org\/{rel}","templated":true}]}}