{"id":2595,"date":"2024-11-20T03:17:20","date_gmt":"2024-11-20T02:17:20","guid":{"rendered":"https:\/\/vieassociative.be\/actualites\/revers-tardif-pour-le-b-elf-allemand-seulement-1-1-en-hongrie\/"},"modified":"2024-11-20T03:17:20","modified_gmt":"2024-11-20T02:17:20","slug":"revers-tardif-pour-le-b-elf-allemand-seulement-1-1-en-hongrie","status":"publish","type":"post","link":"https:\/\/vieassociative.be\/actualites\/revers-tardif-pour-le-b-elf-allemand-seulement-1-1-en-hongrie\/","title":{"rendered":"Revers tardif pour le B-Elf allemand \u2013 seulement 1-1 en Hongrie"},"content":{"rendered":"<p><strong>Test pratique au lieu de marquer du plaisir et un coup tr\u00e8s tardif dans le cou : Julian Nagelsmann a transform\u00e9 la fin de l&rsquo;ann\u00e9e de l&rsquo;\u00e9quipe nationale de football en une grande s\u00e9ance d&rsquo;entra\u00eenement pour son \u00e9quipe B. <\/strong><\/p>\n<p><span id=\"more-402204\"><\/span>Apr\u00e8s neuf onze changements de d\u00e9part, cela n&rsquo;a suffi qu&rsquo;\u00e0 faire match nul 1-1 (0-0) contre la Hongrie \u00e0 la fin de la Ligue des Nations.<\/p>\n<p>Felix Nmecha (76e minute) a pris l&rsquo;avantage avec son premier but international, mais Dominik Szoboszlai a transform\u00e9 un penalty de la main provoqu\u00e9 par Robin Koch pour \u00e9galiser bien dans les arr\u00eats de jeu (90e+8).<\/p>\n<div id=\"attachment_402206\" class=\"wp-caption alignleft\" style=\"max-width: 300px\"><img fetchpriority=\"high\" decoding=\"async\" class=\"wp-image-402206 size-medium\" src=\"https:\/\/vieassociative.be\/actualites\/wp-content\/uploads\/2024\/11\/Revers-tardif-pour-le-B-Elf-allemand-\u2013-seulement-1-1-en.jpg\" alt=\"\" width=\"300\" height=\"200\"><\/p>\n<p class=\"wp-caption-text\">19 novembre 2024, Hongrie, Budapest : le Hongrois Szabolcs Sch\u00f6n (ci-dessous) attaque l&rsquo;Allemand Benjamin Henrichs. Photo : Christian Charisius\/dpa<\/p>\n<\/div>\n<p>L&rsquo;entra\u00eeneur national a au moins acquis de nombreuses connaissances apr\u00e8s un match difficile \u00e0 Budapest.<\/p>\n<p>C&rsquo;\u00e9tait \u00e9vident au stade Ferenc Puskas : sans la ligne magique de Jamal Musiala, Florian Wirtz et Kai Havertz, entr\u00e9s en jeu collectivement apr\u00e8s 60 minutes, le grand tourbillon offensif n&rsquo;\u00e9tait m\u00eame pas pr\u00e8s de courir comme il l&rsquo;avait fait en la victoire 7-0 contre la Bosnie-Herz\u00e9govine samedi dernier.<\/p>\n<p>Apr\u00e8s une fin d&rsquo;ann\u00e9e sans fioritures, Nagelsmann a une autre date importante \u00e0 venir vendredi. Les quarts de finale de la comp\u00e9tition de l&rsquo;UEFA seront tir\u00e9s au sort \u00e0 Nyon. L&rsquo;Allemagne, vainqueur du groupe, pourra rencontrer l&rsquo;Italie, la Croatie ou le Danemark en mars. C&rsquo;\u00e9tait aga\u00e7ant \u00e0 Budapest : Wirtz a re\u00e7u son deuxi\u00e8me carton jaune dans la comp\u00e9tition et a manqu\u00e9 le quart de finale aller. (dpa)<\/p>\n","protected":false},"excerpt":{"rendered":"<p>Test pratique au lieu de marquer du plaisir et un coup tr\u00e8s tardif dans le cou : Julian Nagelsmann a transform\u00e9 la fin de l&rsquo;ann\u00e9e<\/p>\n","protected":false},"author":1,"featured_media":2596,"comment_status":"","ping_status":"","sticky":false,"template":"","format":"standard","meta":{"footnotes":""},"categories":[298],"tags":[2732,3329,3330,81,3327,2583,3328],"class_list":["post-2595","post","type-post","status-publish","format-standard","has-post-thumbnail","hentry","category-belgique","tag-allemand","tag-belf","tag-hongrie","tag-pour","tag-revers","tag-seulement","tag-tardif","generate-columns","tablet-grid-50","mobile-grid-100","grid-parent","grid-33"],"yoast_head":"<!-- This site is optimized with the Yoast SEO plugin v24.0 - https:\/\/yoast.com\/wordpress\/plugins\/seo\/ -->\n<title>Revers tardif pour le B-Elf allemand \u2013 seulement 1-1 en Hongrie | Vie Associative<\/title>\n<meta name=\"robots\" content=\"index, follow, max-snippet:-1, max-image-preview:large, max-video-preview:-1\" \/>\n<link rel=\"canonical\" href=\"https:\/\/vieassociative.be\/actualites\/revers-tardif-pour-le-b-elf-allemand-seulement-1-1-en-hongrie\/\" \/>\n<meta property=\"og:locale\" content=\"fr_FR\" \/>\n<meta property=\"og:type\" content=\"article\" \/>\n<meta property=\"og:title\" content=\"Revers tardif pour le B-Elf allemand \u2013 seulement 1-1 en Hongrie | Vie Associative\" \/>\n<meta property=\"og:description\" content=\"Test pratique au lieu de marquer du plaisir et un coup tr\u00e8s tardif dans le cou : Julian Nagelsmann a transform\u00e9 la fin de l&rsquo;ann\u00e9e\" \/>\n<meta property=\"og:url\" content=\"https:\/\/vieassociative.be\/actualites\/revers-tardif-pour-le-b-elf-allemand-seulement-1-1-en-hongrie\/\" \/>\n<meta property=\"og:site_name\" content=\"Vie Associative\" \/>\n<meta property=\"article:published_time\" content=\"2024-11-20T02:17:20+00:00\" \/>\n<meta property=\"og:image\" content=\"https:\/\/vieassociative.be\/actualites\/wp-content\/uploads\/2024\/09\/header_backgroundk-01-e1726694325946.png\" \/>\n\t<meta property=\"og:image:width\" content=\"279\" \/>\n\t<meta property=\"og:image:height\" content=\"92\" \/>\n\t<meta property=\"og:image:type\" content=\"image\/png\" \/>\n<meta name=\"author\" content=\"Julien\" \/>\n<meta name=\"twitter:card\" content=\"summary_large_image\" \/>\n<meta name=\"twitter:label1\" content=\"\u00c9crit par\" \/>\n\t<meta name=\"twitter:data1\" content=\"Julien\" \/>\n\t<meta name=\"twitter:label2\" content=\"Dur\u00e9e de lecture est.\" \/>\n\t<meta name=\"twitter:data2\" content=\"1 minute\" \/>\n<script type=\"application\/ld+json\" class=\"yoast-schema-graph\">{\"@context\":\"https:\/\/schema.org\",\"@graph\":[{\"@type\":\"Article\",\"@id\":\"https:\/\/vieassociative.be\/actualites\/revers-tardif-pour-le-b-elf-allemand-seulement-1-1-en-hongrie\/#article\",\"isPartOf\":{\"@id\":\"https:\/\/vieassociative.be\/actualites\/revers-tardif-pour-le-b-elf-allemand-seulement-1-1-en-hongrie\/\"},\"author\":{\"name\":\"Julien\",\"@id\":\"https:\/\/vieassociative.be\/actualites\/#\/schema\/person\/b87ac4f82f9d4e7b7cec7395b679edc4\"},\"headline\":\"Revers tardif pour le B-Elf allemand \u2013 seulement 1-1 en Hongrie\",\"datePublished\":\"2024-11-20T02:17:20+00:00\",\"dateModified\":\"2024-11-20T02:17:20+00:00\",\"mainEntityOfPage\":{\"@id\":\"https:\/\/vieassociative.be\/actualites\/revers-tardif-pour-le-b-elf-allemand-seulement-1-1-en-hongrie\/\"},\"wordCount\":287,\"publisher\":{\"@id\":\"https:\/\/vieassociative.be\/actualites\/#organization\"},\"image\":{\"@id\":\"https:\/\/vieassociative.be\/actualites\/revers-tardif-pour-le-b-elf-allemand-seulement-1-1-en-hongrie\/#primaryimage\"},\"thumbnailUrl\":\"https:\/\/vieassociative.be\/actualites\/wp-content\/uploads\/2024\/11\/1732069040_Revers-tardif-pour-le-B-Elf-allemand-\u2013-seulement-1-1-en.jpg\",\"keywords\":[\"allemand\",\"BElf\",\"Hongrie\",\"pour\",\"Revers\",\"seulement\",\"tardif\"],\"articleSection\":[\"Belgique\"],\"inLanguage\":\"fr-BE\"},{\"@type\":\"WebPage\",\"@id\":\"https:\/\/vieassociative.be\/actualites\/revers-tardif-pour-le-b-elf-allemand-seulement-1-1-en-hongrie\/\",\"url\":\"https:\/\/vieassociative.be\/actualites\/revers-tardif-pour-le-b-elf-allemand-seulement-1-1-en-hongrie\/\",\"name\":\"Revers tardif pour le B-Elf allemand \u2013 seulement 1-1 en Hongrie | Vie Associative\",\"isPartOf\":{\"@id\":\"https:\/\/vieassociative.be\/actualites\/#website\"},\"primaryImageOfPage\":{\"@id\":\"https:\/\/vieassociative.be\/actualites\/revers-tardif-pour-le-b-elf-allemand-seulement-1-1-en-hongrie\/#primaryimage\"},\"image\":{\"@id\":\"https:\/\/vieassociative.be\/actualites\/revers-tardif-pour-le-b-elf-allemand-seulement-1-1-en-hongrie\/#primaryimage\"},\"thumbnailUrl\":\"https:\/\/vieassociative.be\/actualites\/wp-content\/uploads\/2024\/11\/1732069040_Revers-tardif-pour-le-B-Elf-allemand-\u2013-seulement-1-1-en.jpg\",\"datePublished\":\"2024-11-20T02:17:20+00:00\",\"dateModified\":\"2024-11-20T02:17:20+00:00\",\"breadcrumb\":{\"@id\":\"https:\/\/vieassociative.be\/actualites\/revers-tardif-pour-le-b-elf-allemand-seulement-1-1-en-hongrie\/#breadcrumb\"},\"inLanguage\":\"fr-BE\",\"potentialAction\":[{\"@type\":\"ReadAction\",\"target\":[\"https:\/\/vieassociative.be\/actualites\/revers-tardif-pour-le-b-elf-allemand-seulement-1-1-en-hongrie\/\"]}]},{\"@type\":\"ImageObject\",\"inLanguage\":\"fr-BE\",\"@id\":\"https:\/\/vieassociative.be\/actualites\/revers-tardif-pour-le-b-elf-allemand-seulement-1-1-en-hongrie\/#primaryimage\",\"url\":\"https:\/\/vieassociative.be\/actualites\/wp-content\/uploads\/2024\/11\/1732069040_Revers-tardif-pour-le-B-Elf-allemand-\u2013-seulement-1-1-en.jpg\",\"contentUrl\":\"https:\/\/vieassociative.be\/actualites\/wp-content\/uploads\/2024\/11\/1732069040_Revers-tardif-pour-le-B-Elf-allemand-\u2013-seulement-1-1-en.jpg\",\"width\":1200,\"height\":800,\"caption\":\"Revers tardif pour le B-Elf allemand \u2013 seulement 1-1 en Hongrie\"},{\"@type\":\"BreadcrumbList\",\"@id\":\"https:\/\/vieassociative.be\/actualites\/revers-tardif-pour-le-b-elf-allemand-seulement-1-1-en-hongrie\/#breadcrumb\",\"itemListElement\":[{\"@type\":\"ListItem\",\"position\":1,\"name\":\"Accueil\",\"item\":\"https:\/\/vieassociative.be\/actualites\/\"},{\"@type\":\"ListItem\",\"position\":2,\"name\":\"Revers tardif pour le B-Elf allemand \u2013 seulement 1-1 en Hongrie\"}]},{\"@type\":\"WebSite\",\"@id\":\"https:\/\/vieassociative.be\/actualites\/#website\",\"url\":\"https:\/\/vieassociative.be\/actualites\/\",\"name\":\"Vie Associative\",\"description\":\"\",\"publisher\":{\"@id\":\"https:\/\/vieassociative.be\/actualites\/#organization\"},\"potentialAction\":[{\"@type\":\"SearchAction\",\"target\":{\"@type\":\"EntryPoint\",\"urlTemplate\":\"https:\/\/vieassociative.be\/actualites\/?s={search_term_string}\"},\"query-input\":{\"@type\":\"PropertyValueSpecification\",\"valueRequired\":true,\"valueName\":\"search_term_string\"}}],\"inLanguage\":\"fr-BE\"},{\"@type\":\"Organization\",\"@id\":\"https:\/\/vieassociative.be\/actualites\/#organization\",\"name\":\"Vie Associative\",\"url\":\"https:\/\/vieassociative.be\/actualites\/\",\"logo\":{\"@type\":\"ImageObject\",\"inLanguage\":\"fr-BE\",\"@id\":\"https:\/\/vieassociative.be\/actualites\/#\/schema\/logo\/image\/\",\"url\":\"https:\/\/vieassociative.be\/actualites\/wp-content\/uploads\/2024\/09\/cropped-vieassociative_favicon.ico.png\",\"contentUrl\":\"https:\/\/vieassociative.be\/actualites\/wp-content\/uploads\/2024\/09\/cropped-vieassociative_favicon.ico.png\",\"width\":512,\"height\":512,\"caption\":\"Vie Associative\"},\"image\":{\"@id\":\"https:\/\/vieassociative.be\/actualites\/#\/schema\/logo\/image\/\"}},{\"@type\":\"Person\",\"@id\":\"https:\/\/vieassociative.be\/actualites\/#\/schema\/person\/b87ac4f82f9d4e7b7cec7395b679edc4\",\"name\":\"Julien\",\"image\":{\"@type\":\"ImageObject\",\"inLanguage\":\"fr-BE\",\"@id\":\"https:\/\/vieassociative.be\/actualites\/#\/schema\/person\/image\/\",\"url\":\"https:\/\/vieassociative.be\/actualites\/wp-content\/uploads\/2024\/09\/vie-associative-1-150x150.jpg\",\"contentUrl\":\"https:\/\/vieassociative.be\/actualites\/wp-content\/uploads\/2024\/09\/vie-associative-1-150x150.jpg\",\"caption\":\"Julien\"},\"description\":\"Je suis Julien, r\u00e9dacteur pour Vie Associative. Passionn\u00e9 par le monde associatif depuis plus de 10 ans, j'ai \u00e0 c\u0153ur de partager des histoires inspirantes et de mettre en lumi\u00e8re les initiatives locales. Mon objectif est de sensibiliser et d'encourager l'engagement communautaire \u00e0 travers mes articles.\",\"sameAs\":[\"https:\/\/vieassociative.be\/\"]}]}<\/script>\n<!-- \/ Yoast SEO plugin. -->","yoast_head_json":{"title":"Revers tardif pour le B-Elf allemand \u2013 seulement 1-1 en Hongrie | Vie Associative","robots":{"index":"index","follow":"follow","max-snippet":"max-snippet:-1","max-image-preview":"max-image-preview:large","max-video-preview":"max-video-preview:-1"},"canonical":"https:\/\/vieassociative.be\/actualites\/revers-tardif-pour-le-b-elf-allemand-seulement-1-1-en-hongrie\/","og_locale":"fr_FR","og_type":"article","og_title":"Revers tardif pour le B-Elf allemand \u2013 seulement 1-1 en Hongrie | Vie Associative","og_description":"Test pratique au lieu de marquer du plaisir et un coup tr\u00e8s tardif dans le cou : Julian Nagelsmann a transform\u00e9 la fin de l&rsquo;ann\u00e9e","og_url":"https:\/\/vieassociative.be\/actualites\/revers-tardif-pour-le-b-elf-allemand-seulement-1-1-en-hongrie\/","og_site_name":"Vie Associative","article_published_time":"2024-11-20T02:17:20+00:00","og_image":[{"width":279,"height":92,"url":"https:\/\/vieassociative.be\/actualites\/wp-content\/uploads\/2024\/09\/header_backgroundk-01-e1726694325946.png","type":"image\/png"}],"author":"Julien","twitter_card":"summary_large_image","twitter_misc":{"\u00c9crit par":"Julien","Dur\u00e9e de lecture est.":"1 minute"},"schema":{"@context":"https:\/\/schema.org","@graph":[{"@type":"Article","@id":"https:\/\/vieassociative.be\/actualites\/revers-tardif-pour-le-b-elf-allemand-seulement-1-1-en-hongrie\/#article","isPartOf":{"@id":"https:\/\/vieassociative.be\/actualites\/revers-tardif-pour-le-b-elf-allemand-seulement-1-1-en-hongrie\/"},"author":{"name":"Julien","@id":"https:\/\/vieassociative.be\/actualites\/#\/schema\/person\/b87ac4f82f9d4e7b7cec7395b679edc4"},"headline":"Revers tardif pour le B-Elf allemand \u2013 seulement 1-1 en Hongrie","datePublished":"2024-11-20T02:17:20+00:00","dateModified":"2024-11-20T02:17:20+00:00","mainEntityOfPage":{"@id":"https:\/\/vieassociative.be\/actualites\/revers-tardif-pour-le-b-elf-allemand-seulement-1-1-en-hongrie\/"},"wordCount":287,"publisher":{"@id":"https:\/\/vieassociative.be\/actualites\/#organization"},"image":{"@id":"https:\/\/vieassociative.be\/actualites\/revers-tardif-pour-le-b-elf-allemand-seulement-1-1-en-hongrie\/#primaryimage"},"thumbnailUrl":"https:\/\/vieassociative.be\/actualites\/wp-content\/uploads\/2024\/11\/1732069040_Revers-tardif-pour-le-B-Elf-allemand-\u2013-seulement-1-1-en.jpg","keywords":["allemand","BElf","Hongrie","pour","Revers","seulement","tardif"],"articleSection":["Belgique"],"inLanguage":"fr-BE"},{"@type":"WebPage","@id":"https:\/\/vieassociative.be\/actualites\/revers-tardif-pour-le-b-elf-allemand-seulement-1-1-en-hongrie\/","url":"https:\/\/vieassociative.be\/actualites\/revers-tardif-pour-le-b-elf-allemand-seulement-1-1-en-hongrie\/","name":"Revers tardif pour le B-Elf allemand \u2013 seulement 1-1 en Hongrie | Vie Associative","isPartOf":{"@id":"https:\/\/vieassociative.be\/actualites\/#website"},"primaryImageOfPage":{"@id":"https:\/\/vieassociative.be\/actualites\/revers-tardif-pour-le-b-elf-allemand-seulement-1-1-en-hongrie\/#primaryimage"},"image":{"@id":"https:\/\/vieassociative.be\/actualites\/revers-tardif-pour-le-b-elf-allemand-seulement-1-1-en-hongrie\/#primaryimage"},"thumbnailUrl":"https:\/\/vieassociative.be\/actualites\/wp-content\/uploads\/2024\/11\/1732069040_Revers-tardif-pour-le-B-Elf-allemand-\u2013-seulement-1-1-en.jpg","datePublished":"2024-11-20T02:17:20+00:00","dateModified":"2024-11-20T02:17:20+00:00","breadcrumb":{"@id":"https:\/\/vieassociative.be\/actualites\/revers-tardif-pour-le-b-elf-allemand-seulement-1-1-en-hongrie\/#breadcrumb"},"inLanguage":"fr-BE","potentialAction":[{"@type":"ReadAction","target":["https:\/\/vieassociative.be\/actualites\/revers-tardif-pour-le-b-elf-allemand-seulement-1-1-en-hongrie\/"]}]},{"@type":"ImageObject","inLanguage":"fr-BE","@id":"https:\/\/vieassociative.be\/actualites\/revers-tardif-pour-le-b-elf-allemand-seulement-1-1-en-hongrie\/#primaryimage","url":"https:\/\/vieassociative.be\/actualites\/wp-content\/uploads\/2024\/11\/1732069040_Revers-tardif-pour-le-B-Elf-allemand-\u2013-seulement-1-1-en.jpg","contentUrl":"https:\/\/vieassociative.be\/actualites\/wp-content\/uploads\/2024\/11\/1732069040_Revers-tardif-pour-le-B-Elf-allemand-\u2013-seulement-1-1-en.jpg","width":1200,"height":800,"caption":"Revers tardif pour le B-Elf allemand \u2013 seulement 1-1 en Hongrie"},{"@type":"BreadcrumbList","@id":"https:\/\/vieassociative.be\/actualites\/revers-tardif-pour-le-b-elf-allemand-seulement-1-1-en-hongrie\/#breadcrumb","itemListElement":[{"@type":"ListItem","position":1,"name":"Accueil","item":"https:\/\/vieassociative.be\/actualites\/"},{"@type":"ListItem","position":2,"name":"Revers tardif pour le B-Elf allemand \u2013 seulement 1-1 en Hongrie"}]},{"@type":"WebSite","@id":"https:\/\/vieassociative.be\/actualites\/#website","url":"https:\/\/vieassociative.be\/actualites\/","name":"Vie Associative","description":"","publisher":{"@id":"https:\/\/vieassociative.be\/actualites\/#organization"},"potentialAction":[{"@type":"SearchAction","target":{"@type":"EntryPoint","urlTemplate":"https:\/\/vieassociative.be\/actualites\/?s={search_term_string}"},"query-input":{"@type":"PropertyValueSpecification","valueRequired":true,"valueName":"search_term_string"}}],"inLanguage":"fr-BE"},{"@type":"Organization","@id":"https:\/\/vieassociative.be\/actualites\/#organization","name":"Vie Associative","url":"https:\/\/vieassociative.be\/actualites\/","logo":{"@type":"ImageObject","inLanguage":"fr-BE","@id":"https:\/\/vieassociative.be\/actualites\/#\/schema\/logo\/image\/","url":"https:\/\/vieassociative.be\/actualites\/wp-content\/uploads\/2024\/09\/cropped-vieassociative_favicon.ico.png","contentUrl":"https:\/\/vieassociative.be\/actualites\/wp-content\/uploads\/2024\/09\/cropped-vieassociative_favicon.ico.png","width":512,"height":512,"caption":"Vie Associative"},"image":{"@id":"https:\/\/vieassociative.be\/actualites\/#\/schema\/logo\/image\/"}},{"@type":"Person","@id":"https:\/\/vieassociative.be\/actualites\/#\/schema\/person\/b87ac4f82f9d4e7b7cec7395b679edc4","name":"Julien","image":{"@type":"ImageObject","inLanguage":"fr-BE","@id":"https:\/\/vieassociative.be\/actualites\/#\/schema\/person\/image\/","url":"https:\/\/vieassociative.be\/actualites\/wp-content\/uploads\/2024\/09\/vie-associative-1-150x150.jpg","contentUrl":"https:\/\/vieassociative.be\/actualites\/wp-content\/uploads\/2024\/09\/vie-associative-1-150x150.jpg","caption":"Julien"},"description":"Je suis Julien, r\u00e9dacteur pour Vie Associative. Passionn\u00e9 par le monde associatif depuis plus de 10 ans, j'ai \u00e0 c\u0153ur de partager des histoires inspirantes et de mettre en lumi\u00e8re les initiatives locales. Mon objectif est de sensibiliser et d'encourager l'engagement communautaire \u00e0 travers mes articles.","sameAs":["https:\/\/vieassociative.be\/"]}]}},"_links":{"self":[{"href":"https:\/\/vieassociative.be\/actualites\/wp-json\/wp\/v2\/posts\/2595"}],"collection":[{"href":"https:\/\/vieassociative.be\/actualites\/wp-json\/wp\/v2\/posts"}],"about":[{"href":"https:\/\/vieassociative.be\/actualites\/wp-json\/wp\/v2\/types\/post"}],"author":[{"embeddable":true,"href":"https:\/\/vieassociative.be\/actualites\/wp-json\/wp\/v2\/users\/1"}],"replies":[{"embeddable":true,"href":"https:\/\/vieassociative.be\/actualites\/wp-json\/wp\/v2\/comments?post=2595"}],"version-history":[{"count":0,"href":"https:\/\/vieassociative.be\/actualites\/wp-json\/wp\/v2\/posts\/2595\/revisions"}],"wp:featuredmedia":[{"embeddable":true,"href":"https:\/\/vieassociative.be\/actualites\/wp-json\/wp\/v2\/media\/2596"}],"wp:attachment":[{"href":"https:\/\/vieassociative.be\/actualites\/wp-json\/wp\/v2\/media?parent=2595"}],"wp:term":[{"taxonomy":"category","embeddable":true,"href":"https:\/\/vieassociative.be\/actualites\/wp-json\/wp\/v2\/categories?post=2595"},{"taxonomy":"post_tag","embeddable":true,"href":"https:\/\/vieassociative.be\/actualites\/wp-json\/wp\/v2\/tags?post=2595"}],"curies":[{"name":"wp","href":"https:\/\/api.w.org\/{rel}","templated":true}]}}