{"id":2593,"date":"2024-11-20T02:17:11","date_gmt":"2024-11-20T01:17:11","guid":{"rendered":"https:\/\/vieassociative.be\/actualites\/mes-offres-preferees-du-black-friday-de-home-depot\/"},"modified":"2024-11-20T02:17:11","modified_gmt":"2024-11-20T01:17:11","slug":"mes-offres-preferees-du-black-friday-de-home-depot","status":"publish","type":"post","link":"https:\/\/vieassociative.be\/actualites\/mes-offres-preferees-du-black-friday-de-home-depot\/","title":{"rendered":"Mes offres pr\u00e9f\u00e9r\u00e9es du Black Friday de Home Depot"},"content":{"rendered":"<div class=\"mt-4 leading-6 md:mb-8\">Obtenez des outils sans fil BOGO et des r\u00e9ductions allant jusqu&rsquo;\u00e0 55 % sur les premi\u00e8res offres du Black Friday de Home Depot.<\/div>\n<p><\/p>\n<p>Le Black Friday n&rsquo;est plus une vente d&rsquo;une seule journ\u00e9e le vendredi apr\u00e8s Thanksgiving. Il s&rsquo;agit de l&rsquo;une des plus grosses ventes de l&rsquo;ann\u00e9e qui commence d\u00e8s octobre pour certains d\u00e9taillants \u2013 et vous devez avoir un plan \u00e0 moins que vous ne souhaitiez en profiter. Home Depot est l&rsquo;un des principaux d\u00e9taillants qui ont lanc\u00e9 leurs premi\u00e8res ventes du Black Friday en ligne et en magasin, qui se d\u00e9roulent jusqu&rsquo;au 4 d\u00e9cembre. Vous trouverez des offres BOGO et des r\u00e9ductions sur les outils, les appareils \u00e9lectrom\u00e9nagers, les gadgets pour la maison intelligente et tout ce que vous pouvez acheter. peut trouver dans le magasin. Voici les meilleures offres du Black Friday de Home Depot.<\/p>\n<h2 id=\"this-leaf-blower-is-55-off\">Ce souffleur de feuilles est \u00e0 55% de r\u00e9duction<\/h2>\n<p>Si vous n&rsquo;avez jamais eu le plaisir absolu de souffler toutes ces feuilles mortes qui recouvrent votre jardin avec un souffleur de feuilles, vous passez \u00e0 c\u00f4t\u00e9 de l&rsquo;une des plus grandes joies de l&rsquo;automne. Vos voisins ne devraient pas s&rsquo;amuser : ce souffleur de feuilles sans fil Milwaukee est <strong>199\u00a0$<\/strong> (\u00e0 l\u2019origine 438 $) et est livr\u00e9 avec deux chargeurs, c\u2019est tout ce que vous pouvez demander \u00e0 un souffleur de feuilles sans fil. La premi\u00e8re batterie dure 30 minutes \u00e0 3\/4 de puissance et la seconde dure 20 minutes au m\u00eame r\u00e9glage.<\/p>\n<h2 id=\"the-yale-assure-lock-2-smart-door-lock-is-31-off\">La serrure de porte intelligente Yale Assure Lock 2 est \u00e0 31 % de r\u00e9duction<\/h2>\n<p>J&rsquo;utilise le Yale Assure Lock 2 pour ma maison depuis des mois et c&rsquo;est l&rsquo;une de mes serrures intelligentes pr\u00e9f\u00e9r\u00e9es de 2024. Il s&rsquo;agit de la version Bluetooth avec \u00e9cran tactile (par opposition aux boutons physiques) et avec une option de cl\u00e9 physique. Vous pouvez toujours acheter le module intelligent Wi-Fi Yale s\u00e9par\u00e9ment plus tard si vous ne souhaitez pas obtenir la version wifi pour le moment (il vous permet de le contr\u00f4ler \u00e0 distance via wifi). C&rsquo;est la serrure intelligente la moins ch\u00e8re que j&rsquo;ai jamais vue, m\u00eame sur Amazon, selon les outils de suivi des prix.<\/p>\n<h2 id=\"this-22-foot-retractable-ladder-is-38-off\">Cette \u00e9chelle r\u00e9tractable de 22 pieds est \u00e0 38% de rabais<\/h2>\n<p>J&rsquo;ai achet\u00e9 cette \u00e9chelle il n&rsquo;y a pas si longtemps et c&rsquo;est tout ce que je cherchais, et plus encore. Il est hautement adaptable \u00e0 de nombreux sc\u00e9narios diff\u00e9rents gr\u00e2ce aux nombreuses positions diff\u00e9rentes qu&rsquo;il peut prendre. J&rsquo;ai pu \u00e9liminer de nombreux projets que j&rsquo;avais en attente, et cette \u00e9chelle Gorilla r\u00e9tractable m&rsquo;a permis de les \u00e9liminer facilement. Il dispose d\u2019un seau pour transporter tous vos outils, et lorsqu\u2019il est compact, il est facile \u00e0 ranger. Assurez-vous que tout ce que vous devez faire se situe dans un rayon de 22 pieds (il atteint en fait 18 pieds, 10 pouces maximum, mais il prend en compte la port\u00e9e d&rsquo;un adulte moyen pour atteindre les 22 pieds). Vous pouvez obtenir cette \u00e9chelle r\u00e9tractable Gorilla de 22 pieds pour <strong>149\u00a0$<\/strong> (\u00e0 l&rsquo;origine 2339 $).<\/p>\n<h2 id=\"get-this-husky-tool-storage-for-25-off\">Obtenez ce stockage d&rsquo;outils Husky \u00e0 25\u00a0% de r\u00e9duction<\/h2>\n<p>Je suis un passionn\u00e9 d&rsquo;organisation, donc j&rsquo;adore les armoires \u00e0 outils. Ce type d&rsquo;armoire est parfait pour une personne qui aime r\u00e9aliser des projets de bricolage et qui a ses outils dispers\u00e9s partout dans un triste placard qui pourrait \u00e9galement utiliser un \u00e9tabli pour effectuer certains travaux. Il dispose de 9 tiroirs et est livr\u00e9 avec six prises et deux ports USB. Vous pouvez obtenir cette armoire \u00e0 outils Husky pour <strong>298\u00a0$<\/strong> (\u00e0 l\u2019origine 398 $), le prix le plus bas de ces derniers mois, selon les outils de suivi des prix.<\/p>\n<h2 id=\"bogos-and-other-deals\">BOGO et autres offres<\/h2>\n<p>Si vous avez besoin de plusieurs outils, Home Depot propose des offres d&rsquo;outils sans fil BOGO dont vous pouvez profiter d\u00e8s maintenant. Voici quelques autres offres \u00e0 d\u00e9couvrir :<\/p>\n<ul>\n<li>\n<p>Ensemble d&rsquo;outils de m\u00e9canique (270 pi\u00e8ces) <strong>99\u00a0$<\/strong> (\u00e0 l&rsquo;origine 199 $)<\/p>\n<\/li>\n<li>\n<p>Kit de d\u00e9marrage Ring avec sonnette \u00e0 batterie et cam\u00e9ra int\u00e9rieure <strong>79,99\u00a0$<\/strong> (\u00e0 l&rsquo;origine 139 $)<\/p>\n<\/li>\n<li>\n<p>Piles AA MAX (paquet de 36), piles alcalines Double A <strong>14,87\u00a0$<\/strong> (\u00e0 l&rsquo;origine 20,87 $)<\/p>\n<\/li>\n<li>\n<p>4,5 Cu. Fort. Laveuse empilable SMART \u00e0 chargement frontal en acier noir avec technologie Steam et TurboWash360 <strong>798\u00a0$<\/strong> (\u00e0 l&rsquo;origine 1 199 $)<\/p>\n<\/li>\n<\/ul>\n","protected":false},"excerpt":{"rendered":"<p>Obtenez des outils sans fil BOGO et des r\u00e9ductions allant jusqu&rsquo;\u00e0 55 % sur les premi\u00e8res offres du Black Friday de Home Depot. Le Black<\/p>\n","protected":false},"author":1,"featured_media":2594,"comment_status":"","ping_status":"","sticky":false,"template":"","format":"standard","meta":{"footnotes":""},"categories":[41],"tags":[73,1314,1255,453,87,345,116],"class_list":["post-2593","post","type-post","status-publish","format-standard","has-post-thumbnail","hentry","category-argent","tag-black","tag-depot","tag-friday","tag-home","tag-mes","tag-offres","tag-preferees","generate-columns","tablet-grid-50","mobile-grid-100","grid-parent","grid-33"],"yoast_head":"<!-- This site is optimized with the Yoast SEO plugin v24.0 - https:\/\/yoast.com\/wordpress\/plugins\/seo\/ -->\n<title>Mes offres pr\u00e9f\u00e9r\u00e9es du Black Friday de Home Depot | Vie Associative<\/title>\n<meta name=\"robots\" content=\"index, follow, max-snippet:-1, max-image-preview:large, max-video-preview:-1\" \/>\n<link rel=\"canonical\" href=\"https:\/\/vieassociative.be\/actualites\/mes-offres-preferees-du-black-friday-de-home-depot\/\" \/>\n<meta property=\"og:locale\" content=\"fr_FR\" \/>\n<meta property=\"og:type\" content=\"article\" \/>\n<meta property=\"og:title\" content=\"Mes offres pr\u00e9f\u00e9r\u00e9es du Black Friday de Home Depot | Vie Associative\" \/>\n<meta property=\"og:description\" content=\"Obtenez des outils sans fil BOGO et des r\u00e9ductions allant jusqu&rsquo;\u00e0 55 % sur les premi\u00e8res offres du Black Friday de Home Depot. Le Black\" \/>\n<meta property=\"og:url\" content=\"https:\/\/vieassociative.be\/actualites\/mes-offres-preferees-du-black-friday-de-home-depot\/\" \/>\n<meta property=\"og:site_name\" content=\"Vie Associative\" \/>\n<meta property=\"article:published_time\" content=\"2024-11-20T01:17:11+00:00\" \/>\n<meta property=\"og:image\" content=\"https:\/\/vieassociative.be\/actualites\/wp-content\/uploads\/2024\/09\/header_backgroundk-01-e1726694325946.png\" \/>\n\t<meta property=\"og:image:width\" content=\"279\" \/>\n\t<meta property=\"og:image:height\" content=\"92\" \/>\n\t<meta property=\"og:image:type\" content=\"image\/png\" \/>\n<meta name=\"author\" content=\"Julien\" \/>\n<meta name=\"twitter:card\" content=\"summary_large_image\" \/>\n<meta name=\"twitter:label1\" content=\"\u00c9crit par\" \/>\n\t<meta name=\"twitter:data1\" content=\"Julien\" \/>\n\t<meta name=\"twitter:label2\" content=\"Dur\u00e9e de lecture est.\" \/>\n\t<meta name=\"twitter:data2\" content=\"3 minutes\" \/>\n<script type=\"application\/ld+json\" class=\"yoast-schema-graph\">{\"@context\":\"https:\/\/schema.org\",\"@graph\":[{\"@type\":\"Article\",\"@id\":\"https:\/\/vieassociative.be\/actualites\/mes-offres-preferees-du-black-friday-de-home-depot\/#article\",\"isPartOf\":{\"@id\":\"https:\/\/vieassociative.be\/actualites\/mes-offres-preferees-du-black-friday-de-home-depot\/\"},\"author\":{\"name\":\"Julien\",\"@id\":\"https:\/\/vieassociative.be\/actualites\/#\/schema\/person\/b87ac4f82f9d4e7b7cec7395b679edc4\"},\"headline\":\"Mes offres pr\u00e9f\u00e9r\u00e9es du Black Friday de Home Depot\",\"datePublished\":\"2024-11-20T01:17:11+00:00\",\"dateModified\":\"2024-11-20T01:17:11+00:00\",\"mainEntityOfPage\":{\"@id\":\"https:\/\/vieassociative.be\/actualites\/mes-offres-preferees-du-black-friday-de-home-depot\/\"},\"wordCount\":722,\"publisher\":{\"@id\":\"https:\/\/vieassociative.be\/actualites\/#organization\"},\"image\":{\"@id\":\"https:\/\/vieassociative.be\/actualites\/mes-offres-preferees-du-black-friday-de-home-depot\/#primaryimage\"},\"thumbnailUrl\":\"https:\/\/vieassociative.be\/actualites\/wp-content\/uploads\/2024\/11\/Mes-offres-preferees-du-Black-Friday-de-Home-Depot.png\",\"keywords\":[\"Black\",\"Depot\",\"Friday\",\"Home\",\"Mes\",\"offres\",\"pr\u00e9f\u00e9r\u00e9es\"],\"articleSection\":[\"Argent\"],\"inLanguage\":\"fr-BE\"},{\"@type\":\"WebPage\",\"@id\":\"https:\/\/vieassociative.be\/actualites\/mes-offres-preferees-du-black-friday-de-home-depot\/\",\"url\":\"https:\/\/vieassociative.be\/actualites\/mes-offres-preferees-du-black-friday-de-home-depot\/\",\"name\":\"Mes offres pr\u00e9f\u00e9r\u00e9es du Black Friday de Home Depot | Vie Associative\",\"isPartOf\":{\"@id\":\"https:\/\/vieassociative.be\/actualites\/#website\"},\"primaryImageOfPage\":{\"@id\":\"https:\/\/vieassociative.be\/actualites\/mes-offres-preferees-du-black-friday-de-home-depot\/#primaryimage\"},\"image\":{\"@id\":\"https:\/\/vieassociative.be\/actualites\/mes-offres-preferees-du-black-friday-de-home-depot\/#primaryimage\"},\"thumbnailUrl\":\"https:\/\/vieassociative.be\/actualites\/wp-content\/uploads\/2024\/11\/Mes-offres-preferees-du-Black-Friday-de-Home-Depot.png\",\"datePublished\":\"2024-11-20T01:17:11+00:00\",\"dateModified\":\"2024-11-20T01:17:11+00:00\",\"breadcrumb\":{\"@id\":\"https:\/\/vieassociative.be\/actualites\/mes-offres-preferees-du-black-friday-de-home-depot\/#breadcrumb\"},\"inLanguage\":\"fr-BE\",\"potentialAction\":[{\"@type\":\"ReadAction\",\"target\":[\"https:\/\/vieassociative.be\/actualites\/mes-offres-preferees-du-black-friday-de-home-depot\/\"]}]},{\"@type\":\"ImageObject\",\"inLanguage\":\"fr-BE\",\"@id\":\"https:\/\/vieassociative.be\/actualites\/mes-offres-preferees-du-black-friday-de-home-depot\/#primaryimage\",\"url\":\"https:\/\/vieassociative.be\/actualites\/wp-content\/uploads\/2024\/11\/Mes-offres-preferees-du-Black-Friday-de-Home-Depot.png\",\"contentUrl\":\"https:\/\/vieassociative.be\/actualites\/wp-content\/uploads\/2024\/11\/Mes-offres-preferees-du-Black-Friday-de-Home-Depot.png\",\"width\":1200,\"height\":675,\"caption\":\"Mes offres pr\u00e9f\u00e9r\u00e9es du Black Friday de Home Depot\"},{\"@type\":\"BreadcrumbList\",\"@id\":\"https:\/\/vieassociative.be\/actualites\/mes-offres-preferees-du-black-friday-de-home-depot\/#breadcrumb\",\"itemListElement\":[{\"@type\":\"ListItem\",\"position\":1,\"name\":\"Accueil\",\"item\":\"https:\/\/vieassociative.be\/actualites\/\"},{\"@type\":\"ListItem\",\"position\":2,\"name\":\"Mes offres pr\u00e9f\u00e9r\u00e9es du Black Friday de Home Depot\"}]},{\"@type\":\"WebSite\",\"@id\":\"https:\/\/vieassociative.be\/actualites\/#website\",\"url\":\"https:\/\/vieassociative.be\/actualites\/\",\"name\":\"Vie Associative\",\"description\":\"\",\"publisher\":{\"@id\":\"https:\/\/vieassociative.be\/actualites\/#organization\"},\"potentialAction\":[{\"@type\":\"SearchAction\",\"target\":{\"@type\":\"EntryPoint\",\"urlTemplate\":\"https:\/\/vieassociative.be\/actualites\/?s={search_term_string}\"},\"query-input\":{\"@type\":\"PropertyValueSpecification\",\"valueRequired\":true,\"valueName\":\"search_term_string\"}}],\"inLanguage\":\"fr-BE\"},{\"@type\":\"Organization\",\"@id\":\"https:\/\/vieassociative.be\/actualites\/#organization\",\"name\":\"Vie Associative\",\"url\":\"https:\/\/vieassociative.be\/actualites\/\",\"logo\":{\"@type\":\"ImageObject\",\"inLanguage\":\"fr-BE\",\"@id\":\"https:\/\/vieassociative.be\/actualites\/#\/schema\/logo\/image\/\",\"url\":\"https:\/\/vieassociative.be\/actualites\/wp-content\/uploads\/2024\/09\/cropped-vieassociative_favicon.ico.png\",\"contentUrl\":\"https:\/\/vieassociative.be\/actualites\/wp-content\/uploads\/2024\/09\/cropped-vieassociative_favicon.ico.png\",\"width\":512,\"height\":512,\"caption\":\"Vie Associative\"},\"image\":{\"@id\":\"https:\/\/vieassociative.be\/actualites\/#\/schema\/logo\/image\/\"}},{\"@type\":\"Person\",\"@id\":\"https:\/\/vieassociative.be\/actualites\/#\/schema\/person\/b87ac4f82f9d4e7b7cec7395b679edc4\",\"name\":\"Julien\",\"image\":{\"@type\":\"ImageObject\",\"inLanguage\":\"fr-BE\",\"@id\":\"https:\/\/vieassociative.be\/actualites\/#\/schema\/person\/image\/\",\"url\":\"https:\/\/vieassociative.be\/actualites\/wp-content\/uploads\/2024\/09\/vie-associative-1-150x150.jpg\",\"contentUrl\":\"https:\/\/vieassociative.be\/actualites\/wp-content\/uploads\/2024\/09\/vie-associative-1-150x150.jpg\",\"caption\":\"Julien\"},\"description\":\"Je suis Julien, r\u00e9dacteur pour Vie Associative. Passionn\u00e9 par le monde associatif depuis plus de 10 ans, j'ai \u00e0 c\u0153ur de partager des histoires inspirantes et de mettre en lumi\u00e8re les initiatives locales. Mon objectif est de sensibiliser et d'encourager l'engagement communautaire \u00e0 travers mes articles.\",\"sameAs\":[\"https:\/\/vieassociative.be\/\"]}]}<\/script>\n<!-- \/ Yoast SEO plugin. -->","yoast_head_json":{"title":"Mes offres pr\u00e9f\u00e9r\u00e9es du Black Friday de Home Depot | Vie Associative","robots":{"index":"index","follow":"follow","max-snippet":"max-snippet:-1","max-image-preview":"max-image-preview:large","max-video-preview":"max-video-preview:-1"},"canonical":"https:\/\/vieassociative.be\/actualites\/mes-offres-preferees-du-black-friday-de-home-depot\/","og_locale":"fr_FR","og_type":"article","og_title":"Mes offres pr\u00e9f\u00e9r\u00e9es du Black Friday de Home Depot | Vie Associative","og_description":"Obtenez des outils sans fil BOGO et des r\u00e9ductions allant jusqu&rsquo;\u00e0 55 % sur les premi\u00e8res offres du Black Friday de Home Depot. Le Black","og_url":"https:\/\/vieassociative.be\/actualites\/mes-offres-preferees-du-black-friday-de-home-depot\/","og_site_name":"Vie Associative","article_published_time":"2024-11-20T01:17:11+00:00","og_image":[{"width":279,"height":92,"url":"https:\/\/vieassociative.be\/actualites\/wp-content\/uploads\/2024\/09\/header_backgroundk-01-e1726694325946.png","type":"image\/png"}],"author":"Julien","twitter_card":"summary_large_image","twitter_misc":{"\u00c9crit par":"Julien","Dur\u00e9e de lecture est.":"3 minutes"},"schema":{"@context":"https:\/\/schema.org","@graph":[{"@type":"Article","@id":"https:\/\/vieassociative.be\/actualites\/mes-offres-preferees-du-black-friday-de-home-depot\/#article","isPartOf":{"@id":"https:\/\/vieassociative.be\/actualites\/mes-offres-preferees-du-black-friday-de-home-depot\/"},"author":{"name":"Julien","@id":"https:\/\/vieassociative.be\/actualites\/#\/schema\/person\/b87ac4f82f9d4e7b7cec7395b679edc4"},"headline":"Mes offres pr\u00e9f\u00e9r\u00e9es du Black Friday de Home Depot","datePublished":"2024-11-20T01:17:11+00:00","dateModified":"2024-11-20T01:17:11+00:00","mainEntityOfPage":{"@id":"https:\/\/vieassociative.be\/actualites\/mes-offres-preferees-du-black-friday-de-home-depot\/"},"wordCount":722,"publisher":{"@id":"https:\/\/vieassociative.be\/actualites\/#organization"},"image":{"@id":"https:\/\/vieassociative.be\/actualites\/mes-offres-preferees-du-black-friday-de-home-depot\/#primaryimage"},"thumbnailUrl":"https:\/\/vieassociative.be\/actualites\/wp-content\/uploads\/2024\/11\/Mes-offres-preferees-du-Black-Friday-de-Home-Depot.png","keywords":["Black","Depot","Friday","Home","Mes","offres","pr\u00e9f\u00e9r\u00e9es"],"articleSection":["Argent"],"inLanguage":"fr-BE"},{"@type":"WebPage","@id":"https:\/\/vieassociative.be\/actualites\/mes-offres-preferees-du-black-friday-de-home-depot\/","url":"https:\/\/vieassociative.be\/actualites\/mes-offres-preferees-du-black-friday-de-home-depot\/","name":"Mes offres pr\u00e9f\u00e9r\u00e9es du Black Friday de Home Depot | Vie Associative","isPartOf":{"@id":"https:\/\/vieassociative.be\/actualites\/#website"},"primaryImageOfPage":{"@id":"https:\/\/vieassociative.be\/actualites\/mes-offres-preferees-du-black-friday-de-home-depot\/#primaryimage"},"image":{"@id":"https:\/\/vieassociative.be\/actualites\/mes-offres-preferees-du-black-friday-de-home-depot\/#primaryimage"},"thumbnailUrl":"https:\/\/vieassociative.be\/actualites\/wp-content\/uploads\/2024\/11\/Mes-offres-preferees-du-Black-Friday-de-Home-Depot.png","datePublished":"2024-11-20T01:17:11+00:00","dateModified":"2024-11-20T01:17:11+00:00","breadcrumb":{"@id":"https:\/\/vieassociative.be\/actualites\/mes-offres-preferees-du-black-friday-de-home-depot\/#breadcrumb"},"inLanguage":"fr-BE","potentialAction":[{"@type":"ReadAction","target":["https:\/\/vieassociative.be\/actualites\/mes-offres-preferees-du-black-friday-de-home-depot\/"]}]},{"@type":"ImageObject","inLanguage":"fr-BE","@id":"https:\/\/vieassociative.be\/actualites\/mes-offres-preferees-du-black-friday-de-home-depot\/#primaryimage","url":"https:\/\/vieassociative.be\/actualites\/wp-content\/uploads\/2024\/11\/Mes-offres-preferees-du-Black-Friday-de-Home-Depot.png","contentUrl":"https:\/\/vieassociative.be\/actualites\/wp-content\/uploads\/2024\/11\/Mes-offres-preferees-du-Black-Friday-de-Home-Depot.png","width":1200,"height":675,"caption":"Mes offres pr\u00e9f\u00e9r\u00e9es du Black Friday de Home Depot"},{"@type":"BreadcrumbList","@id":"https:\/\/vieassociative.be\/actualites\/mes-offres-preferees-du-black-friday-de-home-depot\/#breadcrumb","itemListElement":[{"@type":"ListItem","position":1,"name":"Accueil","item":"https:\/\/vieassociative.be\/actualites\/"},{"@type":"ListItem","position":2,"name":"Mes offres pr\u00e9f\u00e9r\u00e9es du Black Friday de Home Depot"}]},{"@type":"WebSite","@id":"https:\/\/vieassociative.be\/actualites\/#website","url":"https:\/\/vieassociative.be\/actualites\/","name":"Vie Associative","description":"","publisher":{"@id":"https:\/\/vieassociative.be\/actualites\/#organization"},"potentialAction":[{"@type":"SearchAction","target":{"@type":"EntryPoint","urlTemplate":"https:\/\/vieassociative.be\/actualites\/?s={search_term_string}"},"query-input":{"@type":"PropertyValueSpecification","valueRequired":true,"valueName":"search_term_string"}}],"inLanguage":"fr-BE"},{"@type":"Organization","@id":"https:\/\/vieassociative.be\/actualites\/#organization","name":"Vie Associative","url":"https:\/\/vieassociative.be\/actualites\/","logo":{"@type":"ImageObject","inLanguage":"fr-BE","@id":"https:\/\/vieassociative.be\/actualites\/#\/schema\/logo\/image\/","url":"https:\/\/vieassociative.be\/actualites\/wp-content\/uploads\/2024\/09\/cropped-vieassociative_favicon.ico.png","contentUrl":"https:\/\/vieassociative.be\/actualites\/wp-content\/uploads\/2024\/09\/cropped-vieassociative_favicon.ico.png","width":512,"height":512,"caption":"Vie Associative"},"image":{"@id":"https:\/\/vieassociative.be\/actualites\/#\/schema\/logo\/image\/"}},{"@type":"Person","@id":"https:\/\/vieassociative.be\/actualites\/#\/schema\/person\/b87ac4f82f9d4e7b7cec7395b679edc4","name":"Julien","image":{"@type":"ImageObject","inLanguage":"fr-BE","@id":"https:\/\/vieassociative.be\/actualites\/#\/schema\/person\/image\/","url":"https:\/\/vieassociative.be\/actualites\/wp-content\/uploads\/2024\/09\/vie-associative-1-150x150.jpg","contentUrl":"https:\/\/vieassociative.be\/actualites\/wp-content\/uploads\/2024\/09\/vie-associative-1-150x150.jpg","caption":"Julien"},"description":"Je suis Julien, r\u00e9dacteur pour Vie Associative. Passionn\u00e9 par le monde associatif depuis plus de 10 ans, j'ai \u00e0 c\u0153ur de partager des histoires inspirantes et de mettre en lumi\u00e8re les initiatives locales. Mon objectif est de sensibiliser et d'encourager l'engagement communautaire \u00e0 travers mes articles.","sameAs":["https:\/\/vieassociative.be\/"]}]}},"_links":{"self":[{"href":"https:\/\/vieassociative.be\/actualites\/wp-json\/wp\/v2\/posts\/2593"}],"collection":[{"href":"https:\/\/vieassociative.be\/actualites\/wp-json\/wp\/v2\/posts"}],"about":[{"href":"https:\/\/vieassociative.be\/actualites\/wp-json\/wp\/v2\/types\/post"}],"author":[{"embeddable":true,"href":"https:\/\/vieassociative.be\/actualites\/wp-json\/wp\/v2\/users\/1"}],"replies":[{"embeddable":true,"href":"https:\/\/vieassociative.be\/actualites\/wp-json\/wp\/v2\/comments?post=2593"}],"version-history":[{"count":0,"href":"https:\/\/vieassociative.be\/actualites\/wp-json\/wp\/v2\/posts\/2593\/revisions"}],"wp:featuredmedia":[{"embeddable":true,"href":"https:\/\/vieassociative.be\/actualites\/wp-json\/wp\/v2\/media\/2594"}],"wp:attachment":[{"href":"https:\/\/vieassociative.be\/actualites\/wp-json\/wp\/v2\/media?parent=2593"}],"wp:term":[{"taxonomy":"category","embeddable":true,"href":"https:\/\/vieassociative.be\/actualites\/wp-json\/wp\/v2\/categories?post=2593"},{"taxonomy":"post_tag","embeddable":true,"href":"https:\/\/vieassociative.be\/actualites\/wp-json\/wp\/v2\/tags?post=2593"}],"curies":[{"name":"wp","href":"https:\/\/api.w.org\/{rel}","templated":true}]}}