{"id":259,"date":"2024-09-21T17:35:08","date_gmt":"2024-09-21T15:35:08","guid":{"rendered":"https:\/\/vieassociative.be\/actualites\/fonds-ausergewohnlicher-a-waterloo-real-momentaufnahme\/"},"modified":"2024-09-21T17:35:09","modified_gmt":"2024-09-21T15:35:09","slug":"fonds-ausergewohnlicher-a-waterloo-real-momentaufnahme","status":"publish","type":"post","link":"https:\/\/vieassociative.be\/actualites\/fonds-ausergewohnlicher-a-waterloo-real-momentaufnahme\/","title":{"rendered":"Fonds Au\u00dfergew\u00f6hnlicher \u00e0 Waterloo : \u00ab Real Momentaufnahme \u00bb"},"content":{"rendered":"<p><\/p>\n<p class=\"font-sans font-medium\">  Ausgrabungen \u00e0 Waterloo zegen, comme grausam die letzte Schlacht Napol\u00e9on&rsquo;s wirklich war. Plus d&rsquo;un fonds pour soutenir les arch\u00e9ologues en particulier.<\/p>\n<aside class=\"h-ad-280+text lg:h-0 \" data-slot-id=\"pos1_sm\" data-breakpoint=\"sm\" data-hide-ad-text=\"false\" data-module-id=\"SparkAdSlotModule\"><\/aside>\n<p>Celui-la <strong>Schlacht de Waterloo<\/strong> je suis entr\u00e9 dans cette histoire ein. Aujourd&rsquo;hui, les arch\u00e9ologues des fouilles de Mont-Saint-Jean (Belgique) sont \u00e9galement capables de reconstituer les r\u00e9sultats du barrage du Camp : d&rsquo;une mani\u00e8re ou d&rsquo;une autre, les informations sur l&rsquo;organisation \u00ab\u00a0Waterloo Uncovered\u00a0\u00bb ont \u00e9t\u00e9 utilis\u00e9es pour collecter des victimes humaines et divers cadavres, qui font partie du Field Lazarett pour les tribus Truppen des Herzogs von Wellington. <\/p>\n<h3>Waterloo comme fin de la guerre napol\u00e9onienne<\/h3>\n<p>Quels sont les aper\u00e7us historiques du dernier camp des strat\u00e9gies militaires et des exp\u00e9riences politiques de Napol\u00e9on ? <strong>Ausgrabungen <\/strong>auf a Bauernhof \u00e0 Mont-Saint-Jean en Belgique seltene Einblicke in den hart Alltag der Soldaten. Plus de 20 000 de leurs histoires ont \u00e9t\u00e9 parmi les plus brutales de l&rsquo;histoire de l&rsquo;Europe le 18 juin 1815 au cours de leur vie. Avec le Niederlage der Franzosischen Truppen endete hier die Herrschaft von Napol\u00e9on Bonaparte.<\/p>\n<div id=\"piano-banner-kampagne\" class=\"mb-4 block\"><\/div>\n<div id=\"piano-reco-widget\" class=\"mb-4 block\"><\/div>\n<p><!-- opinary --><\/p>\n<div class=\"w-full bg-background-100\">\n<div id=\"opinary-automation-placeholder\" class=\"w-full\"><\/div>\n<\/p><\/div>\n<h3>Arch\u00e4ologie \u00e0 Waterloo : Grausame D\u00e9tails du Kriegsalltag<\/h3>\n<p>Les plus jeunes ont \u00e9t\u00e9 amen\u00e9s \u00e0 prendre soin de leurs propres besoins, de leur propre soutien, gr\u00e2ce \u00e0 l&rsquo;intervention humaine depuis le lazaret de campagne. \u00c0 Mont-Saint-Jean, les fondations ont \u00e9t\u00e9 fond\u00e9es ainsi que des \u00eatres humains ainsi que des ressources suppl\u00e9mentaires, qui ont \u00e9t\u00e9 prot\u00e9g\u00e9es par une barri\u00e8re de munitions. Die Forscher nehmen an, dass meurt dans une guerre Versuch, meurs <strong>valeurs humaines<\/strong> je suis Kriegsalltag zu wahren. <\/p>\n<aside class=\"h-ad-600+text lg:h-0 \" data-slot-id=\"pos2_sm\" data-breakpoint=\"sm\" data-hide-ad-text=\"false\" data-module-id=\"SparkAdSlotModule\"><\/aside>\n<p>L&rsquo;\u00e9quipe de Tony Pollard, arch\u00e9ologue \u00e0 l&rsquo;universit\u00e9 de Glasgow et chercheur scientifique de l&rsquo;Ausgrabung, attend avec impatience une Einzigartigkeit des Fundes. L&rsquo;Anordnung des Grabens a cr\u00e9\u00e9 un rapport de masse et de respect, donc Pollard. <\/p>\n<p>Si le Fonds est document\u00e9\u00a0:<\/p>\n<p>\u2022 Squelette de Sieben Pferden, d&rsquo;un Ochsen et d&rsquo;un Teil einer Kuh<br \/>\u2022 15 abgetrennte mensschliche Gliedmas\u00dfen<\/p>\n<p>Les premi\u00e8res observations furent faites, de sorte que trois des Pferde avec des Musketensch\u00fcssen en t\u00eate furent re\u00e7us. Il n&rsquo;y a qu&rsquo;un seul niveau <strong>Anzeichen einer Schlachtung<\/strong> auf. Ils deviennent vermutlich si Nahrung se g\u00e2te. \u00ab\u00a0Ces choses nous donnent un vrai moment d&rsquo;inspiration, c&rsquo;\u00e9tait les cons\u00e9quences du Schlacht\u00a0\u00bb, explique Pollard.<\/p>\n<p><!-- Taboola Container --><\/p>\n<aside class=\" w-full\" data-module-id=\"TaboolaContainerModule\" data-container-id=\"taboola-article-mid-article\" data-mode=\"thumbnails-a\" data-target-type=\"mix\" data-is-mid-article=\"true\" data-variant=\"mid-article\" data-gallery-number=\"undefined\">\n<div id=\"taboola-article-mid-article\"><\/div>\n<\/aside>\n<h3>Programme unique pour les anciens combattants<\/h3>\n<p>Pour le soutien de l&rsquo;organisation \u00ab\u00a0Waterloo Uncovered\u00a0\u00bb, qui <strong>Recherche arch\u00e9ologique<\/strong> avec le soutien des anciens combattants. Cette opportunit\u00e9 a eu lieu \u00e0 cause du traumatisme propre caus\u00e9 par le vent.<\/p>\n","protected":false},"excerpt":{"rendered":"<p>Ausgrabungen \u00e0 Waterloo zegen, comme grausam die letzte Schlacht Napol\u00e9on&rsquo;s wirklich war. Plus d&rsquo;un fonds pour soutenir les arch\u00e9ologues en particulier. Celui-la Schlacht de Waterloo<\/p>\n","protected":false},"author":1,"featured_media":215,"comment_status":"closed","ping_status":"","sticky":false,"template":"","format":"standard","meta":{"footnotes":""},"categories":[298],"tags":[367,366,370,369,368],"class_list":["post-259","post","type-post","status-publish","format-standard","has-post-thumbnail","hentry","category-belgique","tag-ausergewohnlicher","tag-fonds","tag-momentaufnahme","tag-real","tag-waterloo","generate-columns","tablet-grid-50","mobile-grid-100","grid-parent","grid-33"],"yoast_head":"<!-- This site is optimized with the Yoast SEO plugin v24.0 - https:\/\/yoast.com\/wordpress\/plugins\/seo\/ -->\n<title>Fonds Au\u00dfergew\u00f6hnlicher \u00e0 Waterloo : \u00ab Real Momentaufnahme \u00bb | Vie Associative<\/title>\n<meta name=\"robots\" content=\"index, follow, max-snippet:-1, max-image-preview:large, max-video-preview:-1\" \/>\n<link rel=\"canonical\" href=\"https:\/\/vieassociative.be\/actualites\/fonds-ausergewohnlicher-a-waterloo-real-momentaufnahme\/\" \/>\n<meta property=\"og:locale\" content=\"fr_FR\" \/>\n<meta property=\"og:type\" content=\"article\" \/>\n<meta property=\"og:title\" content=\"Fonds Au\u00dfergew\u00f6hnlicher \u00e0 Waterloo : \u00ab Real Momentaufnahme \u00bb | Vie Associative\" \/>\n<meta property=\"og:description\" content=\"Ausgrabungen \u00e0 Waterloo zegen, comme grausam die letzte Schlacht Napol\u00e9on&rsquo;s wirklich war. Plus d&rsquo;un fonds pour soutenir les arch\u00e9ologues en particulier. Celui-la Schlacht de Waterloo\" \/>\n<meta property=\"og:url\" content=\"https:\/\/vieassociative.be\/actualites\/fonds-ausergewohnlicher-a-waterloo-real-momentaufnahme\/\" \/>\n<meta property=\"og:site_name\" content=\"Vie Associative\" \/>\n<meta property=\"article:published_time\" content=\"2024-09-21T15:35:08+00:00\" \/>\n<meta property=\"article:modified_time\" content=\"2024-09-21T15:35:09+00:00\" \/>\n<meta property=\"og:image\" content=\"https:\/\/vieassociative.be\/actualites\/wp-content\/uploads\/2024\/09\/1726932005_Fonds-Ausergewohnlicher-a-Waterloo-Real-Momentaufnahme.jpeg\" \/>\n\t<meta property=\"og:image:width\" content=\"1600\" \/>\n\t<meta property=\"og:image:height\" content=\"900\" \/>\n\t<meta property=\"og:image:type\" content=\"image\/jpeg\" \/>\n<meta name=\"author\" content=\"Julien\" \/>\n<meta name=\"twitter:card\" content=\"summary_large_image\" \/>\n<meta name=\"twitter:label1\" content=\"\u00c9crit par\" \/>\n\t<meta name=\"twitter:data1\" content=\"Julien\" \/>\n\t<meta name=\"twitter:label2\" content=\"Dur\u00e9e de lecture est.\" \/>\n\t<meta name=\"twitter:data2\" content=\"2 minutes\" \/>\n<script type=\"application\/ld+json\" class=\"yoast-schema-graph\">{\"@context\":\"https:\/\/schema.org\",\"@graph\":[{\"@type\":\"Article\",\"@id\":\"https:\/\/vieassociative.be\/actualites\/fonds-ausergewohnlicher-a-waterloo-real-momentaufnahme\/#article\",\"isPartOf\":{\"@id\":\"https:\/\/vieassociative.be\/actualites\/fonds-ausergewohnlicher-a-waterloo-real-momentaufnahme\/\"},\"author\":{\"name\":\"Julien\",\"@id\":\"https:\/\/vieassociative.be\/actualites\/#\/schema\/person\/b87ac4f82f9d4e7b7cec7395b679edc4\"},\"headline\":\"Fonds Au\u00dfergew\u00f6hnlicher \u00e0 Waterloo : \u00ab Real Momentaufnahme \u00bb\",\"datePublished\":\"2024-09-21T15:35:08+00:00\",\"dateModified\":\"2024-09-21T15:35:09+00:00\",\"mainEntityOfPage\":{\"@id\":\"https:\/\/vieassociative.be\/actualites\/fonds-ausergewohnlicher-a-waterloo-real-momentaufnahme\/\"},\"wordCount\":428,\"publisher\":{\"@id\":\"https:\/\/vieassociative.be\/actualites\/#organization\"},\"image\":{\"@id\":\"https:\/\/vieassociative.be\/actualites\/fonds-ausergewohnlicher-a-waterloo-real-momentaufnahme\/#primaryimage\"},\"thumbnailUrl\":\"https:\/\/vieassociative.be\/actualites\/wp-content\/uploads\/2024\/09\/1726932005_Fonds-Ausergewohnlicher-a-Waterloo-Real-Momentaufnahme.jpeg\",\"keywords\":[\"Au\u00dfergew\u00f6hnlicher\",\"Fonds\",\"Momentaufnahme\",\"Real\",\"Waterloo\"],\"articleSection\":[\"Belgique\"],\"inLanguage\":\"fr-BE\"},{\"@type\":\"WebPage\",\"@id\":\"https:\/\/vieassociative.be\/actualites\/fonds-ausergewohnlicher-a-waterloo-real-momentaufnahme\/\",\"url\":\"https:\/\/vieassociative.be\/actualites\/fonds-ausergewohnlicher-a-waterloo-real-momentaufnahme\/\",\"name\":\"Fonds Au\u00dfergew\u00f6hnlicher \u00e0 Waterloo : \u00ab Real Momentaufnahme \u00bb | Vie Associative\",\"isPartOf\":{\"@id\":\"https:\/\/vieassociative.be\/actualites\/#website\"},\"primaryImageOfPage\":{\"@id\":\"https:\/\/vieassociative.be\/actualites\/fonds-ausergewohnlicher-a-waterloo-real-momentaufnahme\/#primaryimage\"},\"image\":{\"@id\":\"https:\/\/vieassociative.be\/actualites\/fonds-ausergewohnlicher-a-waterloo-real-momentaufnahme\/#primaryimage\"},\"thumbnailUrl\":\"https:\/\/vieassociative.be\/actualites\/wp-content\/uploads\/2024\/09\/1726932005_Fonds-Ausergewohnlicher-a-Waterloo-Real-Momentaufnahme.jpeg\",\"datePublished\":\"2024-09-21T15:35:08+00:00\",\"dateModified\":\"2024-09-21T15:35:09+00:00\",\"breadcrumb\":{\"@id\":\"https:\/\/vieassociative.be\/actualites\/fonds-ausergewohnlicher-a-waterloo-real-momentaufnahme\/#breadcrumb\"},\"inLanguage\":\"fr-BE\",\"potentialAction\":[{\"@type\":\"ReadAction\",\"target\":[\"https:\/\/vieassociative.be\/actualites\/fonds-ausergewohnlicher-a-waterloo-real-momentaufnahme\/\"]}]},{\"@type\":\"ImageObject\",\"inLanguage\":\"fr-BE\",\"@id\":\"https:\/\/vieassociative.be\/actualites\/fonds-ausergewohnlicher-a-waterloo-real-momentaufnahme\/#primaryimage\",\"url\":\"https:\/\/vieassociative.be\/actualites\/wp-content\/uploads\/2024\/09\/1726932005_Fonds-Ausergewohnlicher-a-Waterloo-Real-Momentaufnahme.jpeg\",\"contentUrl\":\"https:\/\/vieassociative.be\/actualites\/wp-content\/uploads\/2024\/09\/1726932005_Fonds-Ausergewohnlicher-a-Waterloo-Real-Momentaufnahme.jpeg\",\"width\":1600,\"height\":900,\"caption\":\"Fonds Au\u00dfergew\u00f6hnlicher \u00e0 Waterloo : \u00ab Real Momentaufnahme \u00bb\"},{\"@type\":\"BreadcrumbList\",\"@id\":\"https:\/\/vieassociative.be\/actualites\/fonds-ausergewohnlicher-a-waterloo-real-momentaufnahme\/#breadcrumb\",\"itemListElement\":[{\"@type\":\"ListItem\",\"position\":1,\"name\":\"Accueil\",\"item\":\"https:\/\/vieassociative.be\/actualites\/\"},{\"@type\":\"ListItem\",\"position\":2,\"name\":\"Fonds Au\u00dfergew\u00f6hnlicher \u00e0 Waterloo : \u00ab Real Momentaufnahme \u00bb\"}]},{\"@type\":\"WebSite\",\"@id\":\"https:\/\/vieassociative.be\/actualites\/#website\",\"url\":\"https:\/\/vieassociative.be\/actualites\/\",\"name\":\"Vie Associative\",\"description\":\"\",\"publisher\":{\"@id\":\"https:\/\/vieassociative.be\/actualites\/#organization\"},\"potentialAction\":[{\"@type\":\"SearchAction\",\"target\":{\"@type\":\"EntryPoint\",\"urlTemplate\":\"https:\/\/vieassociative.be\/actualites\/?s={search_term_string}\"},\"query-input\":{\"@type\":\"PropertyValueSpecification\",\"valueRequired\":true,\"valueName\":\"search_term_string\"}}],\"inLanguage\":\"fr-BE\"},{\"@type\":\"Organization\",\"@id\":\"https:\/\/vieassociative.be\/actualites\/#organization\",\"name\":\"Vie Associative\",\"url\":\"https:\/\/vieassociative.be\/actualites\/\",\"logo\":{\"@type\":\"ImageObject\",\"inLanguage\":\"fr-BE\",\"@id\":\"https:\/\/vieassociative.be\/actualites\/#\/schema\/logo\/image\/\",\"url\":\"https:\/\/vieassociative.be\/actualites\/wp-content\/uploads\/2024\/09\/cropped-vieassociative_favicon.ico.png\",\"contentUrl\":\"https:\/\/vieassociative.be\/actualites\/wp-content\/uploads\/2024\/09\/cropped-vieassociative_favicon.ico.png\",\"width\":512,\"height\":512,\"caption\":\"Vie Associative\"},\"image\":{\"@id\":\"https:\/\/vieassociative.be\/actualites\/#\/schema\/logo\/image\/\"}},{\"@type\":\"Person\",\"@id\":\"https:\/\/vieassociative.be\/actualites\/#\/schema\/person\/b87ac4f82f9d4e7b7cec7395b679edc4\",\"name\":\"Julien\",\"image\":{\"@type\":\"ImageObject\",\"inLanguage\":\"fr-BE\",\"@id\":\"https:\/\/vieassociative.be\/actualites\/#\/schema\/person\/image\/\",\"url\":\"https:\/\/vieassociative.be\/actualites\/wp-content\/uploads\/2024\/09\/vie-associative-1-150x150.jpg\",\"contentUrl\":\"https:\/\/vieassociative.be\/actualites\/wp-content\/uploads\/2024\/09\/vie-associative-1-150x150.jpg\",\"caption\":\"Julien\"},\"description\":\"Je suis Julien, r\u00e9dacteur pour Vie Associative. Passionn\u00e9 par le monde associatif depuis plus de 10 ans, j'ai \u00e0 c\u0153ur de partager des histoires inspirantes et de mettre en lumi\u00e8re les initiatives locales. Mon objectif est de sensibiliser et d'encourager l'engagement communautaire \u00e0 travers mes articles.\",\"sameAs\":[\"https:\/\/vieassociative.be\/\"]}]}<\/script>\n<!-- \/ Yoast SEO plugin. -->","yoast_head_json":{"title":"Fonds Au\u00dfergew\u00f6hnlicher \u00e0 Waterloo : \u00ab Real Momentaufnahme \u00bb | Vie Associative","robots":{"index":"index","follow":"follow","max-snippet":"max-snippet:-1","max-image-preview":"max-image-preview:large","max-video-preview":"max-video-preview:-1"},"canonical":"https:\/\/vieassociative.be\/actualites\/fonds-ausergewohnlicher-a-waterloo-real-momentaufnahme\/","og_locale":"fr_FR","og_type":"article","og_title":"Fonds Au\u00dfergew\u00f6hnlicher \u00e0 Waterloo : \u00ab Real Momentaufnahme \u00bb | Vie Associative","og_description":"Ausgrabungen \u00e0 Waterloo zegen, comme grausam die letzte Schlacht Napol\u00e9on&rsquo;s wirklich war. Plus d&rsquo;un fonds pour soutenir les arch\u00e9ologues en particulier. Celui-la Schlacht de Waterloo","og_url":"https:\/\/vieassociative.be\/actualites\/fonds-ausergewohnlicher-a-waterloo-real-momentaufnahme\/","og_site_name":"Vie Associative","article_published_time":"2024-09-21T15:35:08+00:00","article_modified_time":"2024-09-21T15:35:09+00:00","og_image":[{"width":1600,"height":900,"url":"https:\/\/vieassociative.be\/actualites\/wp-content\/uploads\/2024\/09\/1726932005_Fonds-Ausergewohnlicher-a-Waterloo-Real-Momentaufnahme.jpeg","type":"image\/jpeg"}],"author":"Julien","twitter_card":"summary_large_image","twitter_misc":{"\u00c9crit par":"Julien","Dur\u00e9e de lecture est.":"2 minutes"},"schema":{"@context":"https:\/\/schema.org","@graph":[{"@type":"Article","@id":"https:\/\/vieassociative.be\/actualites\/fonds-ausergewohnlicher-a-waterloo-real-momentaufnahme\/#article","isPartOf":{"@id":"https:\/\/vieassociative.be\/actualites\/fonds-ausergewohnlicher-a-waterloo-real-momentaufnahme\/"},"author":{"name":"Julien","@id":"https:\/\/vieassociative.be\/actualites\/#\/schema\/person\/b87ac4f82f9d4e7b7cec7395b679edc4"},"headline":"Fonds Au\u00dfergew\u00f6hnlicher \u00e0 Waterloo : \u00ab Real Momentaufnahme \u00bb","datePublished":"2024-09-21T15:35:08+00:00","dateModified":"2024-09-21T15:35:09+00:00","mainEntityOfPage":{"@id":"https:\/\/vieassociative.be\/actualites\/fonds-ausergewohnlicher-a-waterloo-real-momentaufnahme\/"},"wordCount":428,"publisher":{"@id":"https:\/\/vieassociative.be\/actualites\/#organization"},"image":{"@id":"https:\/\/vieassociative.be\/actualites\/fonds-ausergewohnlicher-a-waterloo-real-momentaufnahme\/#primaryimage"},"thumbnailUrl":"https:\/\/vieassociative.be\/actualites\/wp-content\/uploads\/2024\/09\/1726932005_Fonds-Ausergewohnlicher-a-Waterloo-Real-Momentaufnahme.jpeg","keywords":["Au\u00dfergew\u00f6hnlicher","Fonds","Momentaufnahme","Real","Waterloo"],"articleSection":["Belgique"],"inLanguage":"fr-BE"},{"@type":"WebPage","@id":"https:\/\/vieassociative.be\/actualites\/fonds-ausergewohnlicher-a-waterloo-real-momentaufnahme\/","url":"https:\/\/vieassociative.be\/actualites\/fonds-ausergewohnlicher-a-waterloo-real-momentaufnahme\/","name":"Fonds Au\u00dfergew\u00f6hnlicher \u00e0 Waterloo : \u00ab Real Momentaufnahme \u00bb | Vie Associative","isPartOf":{"@id":"https:\/\/vieassociative.be\/actualites\/#website"},"primaryImageOfPage":{"@id":"https:\/\/vieassociative.be\/actualites\/fonds-ausergewohnlicher-a-waterloo-real-momentaufnahme\/#primaryimage"},"image":{"@id":"https:\/\/vieassociative.be\/actualites\/fonds-ausergewohnlicher-a-waterloo-real-momentaufnahme\/#primaryimage"},"thumbnailUrl":"https:\/\/vieassociative.be\/actualites\/wp-content\/uploads\/2024\/09\/1726932005_Fonds-Ausergewohnlicher-a-Waterloo-Real-Momentaufnahme.jpeg","datePublished":"2024-09-21T15:35:08+00:00","dateModified":"2024-09-21T15:35:09+00:00","breadcrumb":{"@id":"https:\/\/vieassociative.be\/actualites\/fonds-ausergewohnlicher-a-waterloo-real-momentaufnahme\/#breadcrumb"},"inLanguage":"fr-BE","potentialAction":[{"@type":"ReadAction","target":["https:\/\/vieassociative.be\/actualites\/fonds-ausergewohnlicher-a-waterloo-real-momentaufnahme\/"]}]},{"@type":"ImageObject","inLanguage":"fr-BE","@id":"https:\/\/vieassociative.be\/actualites\/fonds-ausergewohnlicher-a-waterloo-real-momentaufnahme\/#primaryimage","url":"https:\/\/vieassociative.be\/actualites\/wp-content\/uploads\/2024\/09\/1726932005_Fonds-Ausergewohnlicher-a-Waterloo-Real-Momentaufnahme.jpeg","contentUrl":"https:\/\/vieassociative.be\/actualites\/wp-content\/uploads\/2024\/09\/1726932005_Fonds-Ausergewohnlicher-a-Waterloo-Real-Momentaufnahme.jpeg","width":1600,"height":900,"caption":"Fonds Au\u00dfergew\u00f6hnlicher \u00e0 Waterloo : \u00ab Real Momentaufnahme \u00bb"},{"@type":"BreadcrumbList","@id":"https:\/\/vieassociative.be\/actualites\/fonds-ausergewohnlicher-a-waterloo-real-momentaufnahme\/#breadcrumb","itemListElement":[{"@type":"ListItem","position":1,"name":"Accueil","item":"https:\/\/vieassociative.be\/actualites\/"},{"@type":"ListItem","position":2,"name":"Fonds Au\u00dfergew\u00f6hnlicher \u00e0 Waterloo : \u00ab Real Momentaufnahme \u00bb"}]},{"@type":"WebSite","@id":"https:\/\/vieassociative.be\/actualites\/#website","url":"https:\/\/vieassociative.be\/actualites\/","name":"Vie Associative","description":"","publisher":{"@id":"https:\/\/vieassociative.be\/actualites\/#organization"},"potentialAction":[{"@type":"SearchAction","target":{"@type":"EntryPoint","urlTemplate":"https:\/\/vieassociative.be\/actualites\/?s={search_term_string}"},"query-input":{"@type":"PropertyValueSpecification","valueRequired":true,"valueName":"search_term_string"}}],"inLanguage":"fr-BE"},{"@type":"Organization","@id":"https:\/\/vieassociative.be\/actualites\/#organization","name":"Vie Associative","url":"https:\/\/vieassociative.be\/actualites\/","logo":{"@type":"ImageObject","inLanguage":"fr-BE","@id":"https:\/\/vieassociative.be\/actualites\/#\/schema\/logo\/image\/","url":"https:\/\/vieassociative.be\/actualites\/wp-content\/uploads\/2024\/09\/cropped-vieassociative_favicon.ico.png","contentUrl":"https:\/\/vieassociative.be\/actualites\/wp-content\/uploads\/2024\/09\/cropped-vieassociative_favicon.ico.png","width":512,"height":512,"caption":"Vie Associative"},"image":{"@id":"https:\/\/vieassociative.be\/actualites\/#\/schema\/logo\/image\/"}},{"@type":"Person","@id":"https:\/\/vieassociative.be\/actualites\/#\/schema\/person\/b87ac4f82f9d4e7b7cec7395b679edc4","name":"Julien","image":{"@type":"ImageObject","inLanguage":"fr-BE","@id":"https:\/\/vieassociative.be\/actualites\/#\/schema\/person\/image\/","url":"https:\/\/vieassociative.be\/actualites\/wp-content\/uploads\/2024\/09\/vie-associative-1-150x150.jpg","contentUrl":"https:\/\/vieassociative.be\/actualites\/wp-content\/uploads\/2024\/09\/vie-associative-1-150x150.jpg","caption":"Julien"},"description":"Je suis Julien, r\u00e9dacteur pour Vie Associative. Passionn\u00e9 par le monde associatif depuis plus de 10 ans, j'ai \u00e0 c\u0153ur de partager des histoires inspirantes et de mettre en lumi\u00e8re les initiatives locales. Mon objectif est de sensibiliser et d'encourager l'engagement communautaire \u00e0 travers mes articles.","sameAs":["https:\/\/vieassociative.be\/"]}]}},"_links":{"self":[{"href":"https:\/\/vieassociative.be\/actualites\/wp-json\/wp\/v2\/posts\/259"}],"collection":[{"href":"https:\/\/vieassociative.be\/actualites\/wp-json\/wp\/v2\/posts"}],"about":[{"href":"https:\/\/vieassociative.be\/actualites\/wp-json\/wp\/v2\/types\/post"}],"author":[{"embeddable":true,"href":"https:\/\/vieassociative.be\/actualites\/wp-json\/wp\/v2\/users\/1"}],"replies":[{"embeddable":true,"href":"https:\/\/vieassociative.be\/actualites\/wp-json\/wp\/v2\/comments?post=259"}],"version-history":[{"count":1,"href":"https:\/\/vieassociative.be\/actualites\/wp-json\/wp\/v2\/posts\/259\/revisions"}],"predecessor-version":[{"id":260,"href":"https:\/\/vieassociative.be\/actualites\/wp-json\/wp\/v2\/posts\/259\/revisions\/260"}],"wp:featuredmedia":[{"embeddable":true,"href":"https:\/\/vieassociative.be\/actualites\/wp-json\/wp\/v2\/media\/215"}],"wp:attachment":[{"href":"https:\/\/vieassociative.be\/actualites\/wp-json\/wp\/v2\/media?parent=259"}],"wp:term":[{"taxonomy":"category","embeddable":true,"href":"https:\/\/vieassociative.be\/actualites\/wp-json\/wp\/v2\/categories?post=259"},{"taxonomy":"post_tag","embeddable":true,"href":"https:\/\/vieassociative.be\/actualites\/wp-json\/wp\/v2\/tags?post=259"}],"curies":[{"name":"wp","href":"https:\/\/api.w.org\/{rel}","templated":true}]}}