{"id":2584,"date":"2024-11-19T18:17:12","date_gmt":"2024-11-19T17:17:12","guid":{"rendered":"https:\/\/vieassociative.be\/actualites\/faites-le-maintenant-au-cas-ou-vous-seriez-separe-de-votre-animal-apres-une-catastrophe\/"},"modified":"2024-11-19T18:17:12","modified_gmt":"2024-11-19T17:17:12","slug":"faites-le-maintenant-au-cas-ou-vous-seriez-separe-de-votre-animal-apres-une-catastrophe","status":"publish","type":"post","link":"https:\/\/vieassociative.be\/actualites\/faites-le-maintenant-au-cas-ou-vous-seriez-separe-de-votre-animal-apres-une-catastrophe\/","title":{"rendered":"Faites-le maintenant au cas o\u00f9 vous seriez s\u00e9par\u00e9 de votre animal apr\u00e8s une catastrophe"},"content":{"rendered":"<div class=\"mt-4 leading-6 md:mb-8\">Un peu de pr\u00e9paration maintenant peut vous aider \u00e0 r\u00e9cup\u00e9rer votre ami si jamais vous \u00eates s\u00e9par\u00e9.<\/div>\n<p><\/p>\n<p>Il est angoissant d&rsquo;imaginer un sc\u00e9nario dans lequel vous et votre famille \u00eates touch\u00e9s par une catastrophe naturelle. C&rsquo;est pourquoi vous devez toujours \u00eatre pr\u00e9par\u00e9. La pr\u00e9paration peut vous aider \u00e0 r\u00e9duire votre anxi\u00e9t\u00e9 d\u00e8s maintenant et \u00e0 rendre toute situation de catastrophe plus tol\u00e9rable si jamais elle se produit. Pendant que vous planifiez ce que vous et votre famille pouvez faire pour rester en s\u00e9curit\u00e9, vous devez \u00e9galement garder vos animaux de compagnie \u00e0 l\u2019esprit.<\/p>\n<p>Vous savez d\u00e9j\u00e0 que vous devrez v\u00e9rifier les refuges locaux et publier des annonces si vous \u00eates s\u00e9par\u00e9 de votre animal de compagnie, mais voici quelques moyens simples et plus sp\u00e9cifiques d&rsquo;augmenter les chances que vous soyez r\u00e9unis.<\/p>\n<h2 id=\"take-pictures-of-your-pet\"><strong>Prenez des photos de votre animal de compagnie<\/strong><\/h2>\n<p>Vous avez probablement d\u00e9j\u00e0 de nombreuses photos de votre chien ou de votre chat sur votre t\u00e9l\u00e9phone. C&rsquo;est une bonne chose, car cela vous aidera \u00e0 diffuser l&rsquo;image de l&rsquo;animal, \u00e0 permettre aux gens de reconna\u00eetre l&rsquo;animal s&rsquo;ils le rencontrent et \u00e0 prouver que vous en \u00eates le propri\u00e9taire l\u00e9gitime. Assurez-vous cependant de ne pas vous contenter de photos d&rsquo;eux qui ont l&rsquo;air idiots ou mignons. Selon le Better Business Bureau, les photos de votre animal de compagnie devraient \u00eatre les suivantes\u00a0:<\/p>\n<ul>\n<li>\n<p>Clair<\/p>\n<\/li>\n<li>\n<p>R\u00e9cent<\/p>\n<\/li>\n<li>\n<p>Sous diff\u00e9rents angles<\/p>\n<\/li>\n<\/ul>\n<p>Cette astuce est en fait largement recommand\u00e9e. La Ligue des Animaux le r\u00e9clame sp\u00e9cifiquement et un r\u00e9cent partenariat entre Anheuser-Busch, American Humane et la Croix-Rouge couvrira m\u00eame les frais n\u00e9cessaires pour que vous puissiez obtenir une photo physique de vous et de votre animal envoy\u00e9e \u00e0 votre domicile, afin que vous puissiez la conserver. avec toi. Gardez cela \u00e0 l\u2019esprit\u00a0: non seulement les photos de votre animal de compagnie doivent exister sur votre t\u00e9l\u00e9phone et en ligne, mais vous devez \u00e9galement essayer d\u2019en garder une physiquement avec vous. M\u00eame si le service cellulaire est faible ou si vous perdez l&rsquo;usage de votre t\u00e9l\u00e9phone, vous pourrez montrer la photo physique aux personnes que vous rencontrez dans les refuges ou dans la r\u00e9gion, augmentant ainsi la probabilit\u00e9 d&rsquo;\u00eatre r\u00e9uni si et quand quelqu&rsquo;un reconna\u00eet votre animal.<\/p>\n<h2 id=\"keep-identifying-information-readily-available-for-you-and-your-pet\"><strong>Gardez les informations d&rsquo;identification \u00e0 port\u00e9e de main (pour vous <em>et <\/em>votre animal de compagnie)<\/strong><\/h2>\n<p>Si votre animal n\u2019a pas de puce \u00e9lectronique, procurez-vous-en une. S&rsquo;ils en ont d\u00e9j\u00e0 un, assurez-vous qu&rsquo;il est \u00e0 jour. Bien que la micropuce soit une approche judicieuse et moderne pour retrouver votre animal en cas de s\u00e9paration, les m\u00e9thodes \u00e0 l\u2019ancienne sont \u00e9galement utiles. Le BBB recommande que votre animal porte un collier r\u00e9sistant aux intemp\u00e9ries qui comprend votre nom, votre adresse et votre num\u00e9ro de t\u00e9l\u00e9phone. Si votre animal a des allergies ou des besoins particuliers, pensez \u00e0 ajouter une \u00e9tiquette distincte concernant celles sur le collier.<\/p>\n<p>Votre animal devrait toujours porter <em>ton <\/em>informations, mais vous devriez aussi toujours avoir <em>leur <\/em>informations en main. Sur votre t\u00e9l\u00e9phone et au dos de votre photo physique, prenez des notes sur les colorations, les marques et les traits sp\u00e9cifiques de votre animal. Il sera plus facile de faire r\u00e9f\u00e9rence \u00e0 une note que d&rsquo;essayer de trouver ces choses lorsque vous paniquez.<\/p>\n<p>Publiez des annonces dans des espaces physiques, publics et en ligne dans les groupes de quartier, et assurez-vous d&rsquo;inclure les photos r\u00e9centes et les informations d&rsquo;identification que vous avez collect\u00e9es ici. <\/p>\n<h2 id=\"avoid-pet-reunification-scams\"><strong>\u00c9vitez les escroqueries au regroupement d\u2019animaux de compagnie<\/strong><\/h2>\n<p>En temps de crise, les escrocs semblent sortir du bois pour s\u2019attaquer aux personnes vuln\u00e9rables. Ne laissez pas cela vous arriver. Voici ce que dit le BBB : \u00ab Une fois que vous publiez une annonce en ligne, n&rsquo;importe qui, y compris les fraudeurs, y aura acc\u00e8s. Les fraudeurs sont connus pour s\u2019attaquer \u00e0 ceux qui se trouvent dans des situations vuln\u00e9rables et qui, pour cette raison, peuvent n\u00e9gliger des d\u00e9tails cruciaux. Si quelqu&rsquo;un vous contacte en pr\u00e9tendant poss\u00e9der votre animal de compagnie, posez-lui des questions auxquelles votre annonce \u00ab\u00a0Animal perdu\u00a0\u00bb n&rsquo;aurait pas de r\u00e9ponse. Des questions telles que \u00ab\u00a0De quelle couleur sont ses yeux\u00a0?\u00a0\u00bb ou \u00ab\u00a0Combien d&rsquo;\u00e9tiquettes a-t-il sur son collier\u00a0?\u00a0\u00bb pourrait aider \u00e0 confirmer que la personne qui vous contacte poss\u00e8de r\u00e9ellement votre animal de compagnie.<\/p>\n<p>M\u00e9fiez-vous particuli\u00e8rement de toute personne qui vous demande de lui envoyer de l\u2019argent d\u2019avance avant de vous avoir restitu\u00e9 votre animal ou de prouver qu\u2019elle l\u2019a r\u00e9ellement. <\/p>\n","protected":false},"excerpt":{"rendered":"<p>Un peu de pr\u00e9paration maintenant peut vous aider \u00e0 r\u00e9cup\u00e9rer votre ami si jamais vous \u00eates s\u00e9par\u00e9. Il est angoissant d&rsquo;imaginer un sc\u00e9nario dans lequel<\/p>\n","protected":false},"author":1,"featured_media":2585,"comment_status":"","ping_status":"","sticky":false,"template":"","format":"standard","meta":{"footnotes":""},"categories":[37],"tags":[650,472,2691,1776,2181,233,841,3318,3317,110,8,4],"class_list":["post-2584","post","type-post","status-publish","format-standard","has-post-thumbnail","hentry","category-famille","tag-animal","tag-apres","tag-cas","tag-catastrophe","tag-faitesle","tag-maintenant","tag-ou","tag-separe","tag-seriez","tag-une","tag-votre","tag-vous","generate-columns","tablet-grid-50","mobile-grid-100","grid-parent","grid-33"],"yoast_head":"<!-- This site is optimized with the Yoast SEO plugin v24.0 - https:\/\/yoast.com\/wordpress\/plugins\/seo\/ -->\n<title>Faites-le maintenant au cas o\u00f9 vous seriez s\u00e9par\u00e9 de votre animal apr\u00e8s une catastrophe | Vie Associative<\/title>\n<meta name=\"robots\" content=\"index, follow, max-snippet:-1, max-image-preview:large, max-video-preview:-1\" \/>\n<link rel=\"canonical\" href=\"https:\/\/vieassociative.be\/actualites\/faites-le-maintenant-au-cas-ou-vous-seriez-separe-de-votre-animal-apres-une-catastrophe\/\" \/>\n<meta property=\"og:locale\" content=\"fr_FR\" \/>\n<meta property=\"og:type\" content=\"article\" \/>\n<meta property=\"og:title\" content=\"Faites-le maintenant au cas o\u00f9 vous seriez s\u00e9par\u00e9 de votre animal apr\u00e8s une catastrophe | Vie Associative\" \/>\n<meta property=\"og:description\" content=\"Un peu de pr\u00e9paration maintenant peut vous aider \u00e0 r\u00e9cup\u00e9rer votre ami si jamais vous \u00eates s\u00e9par\u00e9. Il est angoissant d&rsquo;imaginer un sc\u00e9nario dans lequel\" \/>\n<meta property=\"og:url\" content=\"https:\/\/vieassociative.be\/actualites\/faites-le-maintenant-au-cas-ou-vous-seriez-separe-de-votre-animal-apres-une-catastrophe\/\" \/>\n<meta property=\"og:site_name\" content=\"Vie Associative\" \/>\n<meta property=\"article:published_time\" content=\"2024-11-19T17:17:12+00:00\" \/>\n<meta property=\"og:image\" content=\"https:\/\/vieassociative.be\/actualites\/wp-content\/uploads\/2024\/09\/header_backgroundk-01-e1726694325946.png\" \/>\n\t<meta property=\"og:image:width\" content=\"279\" \/>\n\t<meta property=\"og:image:height\" content=\"92\" \/>\n\t<meta property=\"og:image:type\" content=\"image\/png\" \/>\n<meta name=\"author\" content=\"Julien\" \/>\n<meta name=\"twitter:card\" content=\"summary_large_image\" \/>\n<meta name=\"twitter:label1\" content=\"\u00c9crit par\" \/>\n\t<meta name=\"twitter:data1\" content=\"Julien\" \/>\n\t<meta name=\"twitter:label2\" content=\"Dur\u00e9e de lecture est.\" \/>\n\t<meta name=\"twitter:data2\" content=\"4 minutes\" \/>\n<script type=\"application\/ld+json\" class=\"yoast-schema-graph\">{\"@context\":\"https:\/\/schema.org\",\"@graph\":[{\"@type\":\"Article\",\"@id\":\"https:\/\/vieassociative.be\/actualites\/faites-le-maintenant-au-cas-ou-vous-seriez-separe-de-votre-animal-apres-une-catastrophe\/#article\",\"isPartOf\":{\"@id\":\"https:\/\/vieassociative.be\/actualites\/faites-le-maintenant-au-cas-ou-vous-seriez-separe-de-votre-animal-apres-une-catastrophe\/\"},\"author\":{\"name\":\"Julien\",\"@id\":\"https:\/\/vieassociative.be\/actualites\/#\/schema\/person\/b87ac4f82f9d4e7b7cec7395b679edc4\"},\"headline\":\"Faites-le maintenant au cas o\u00f9 vous seriez s\u00e9par\u00e9 de votre animal apr\u00e8s une catastrophe\",\"datePublished\":\"2024-11-19T17:17:12+00:00\",\"dateModified\":\"2024-11-19T17:17:12+00:00\",\"mainEntityOfPage\":{\"@id\":\"https:\/\/vieassociative.be\/actualites\/faites-le-maintenant-au-cas-ou-vous-seriez-separe-de-votre-animal-apres-une-catastrophe\/\"},\"wordCount\":822,\"publisher\":{\"@id\":\"https:\/\/vieassociative.be\/actualites\/#organization\"},\"image\":{\"@id\":\"https:\/\/vieassociative.be\/actualites\/faites-le-maintenant-au-cas-ou-vous-seriez-separe-de-votre-animal-apres-une-catastrophe\/#primaryimage\"},\"thumbnailUrl\":\"https:\/\/vieassociative.be\/actualites\/wp-content\/uploads\/2024\/11\/Faites-le-maintenant-au-cas-ou-vous-seriez-separe-de-votre.jpg\",\"keywords\":[\"animal\",\"Apr\u00e8s\",\"cas\",\"catastrophe\",\"faitesle\",\"maintenant\",\"o\u00f9\",\"s\u00e9par\u00e9\",\"seriez\",\"une\",\"votre\",\"Vous\"],\"articleSection\":[\"Famille\"],\"inLanguage\":\"fr-BE\"},{\"@type\":\"WebPage\",\"@id\":\"https:\/\/vieassociative.be\/actualites\/faites-le-maintenant-au-cas-ou-vous-seriez-separe-de-votre-animal-apres-une-catastrophe\/\",\"url\":\"https:\/\/vieassociative.be\/actualites\/faites-le-maintenant-au-cas-ou-vous-seriez-separe-de-votre-animal-apres-une-catastrophe\/\",\"name\":\"Faites-le maintenant au cas o\u00f9 vous seriez s\u00e9par\u00e9 de votre animal apr\u00e8s une catastrophe | Vie Associative\",\"isPartOf\":{\"@id\":\"https:\/\/vieassociative.be\/actualites\/#website\"},\"primaryImageOfPage\":{\"@id\":\"https:\/\/vieassociative.be\/actualites\/faites-le-maintenant-au-cas-ou-vous-seriez-separe-de-votre-animal-apres-une-catastrophe\/#primaryimage\"},\"image\":{\"@id\":\"https:\/\/vieassociative.be\/actualites\/faites-le-maintenant-au-cas-ou-vous-seriez-separe-de-votre-animal-apres-une-catastrophe\/#primaryimage\"},\"thumbnailUrl\":\"https:\/\/vieassociative.be\/actualites\/wp-content\/uploads\/2024\/11\/Faites-le-maintenant-au-cas-ou-vous-seriez-separe-de-votre.jpg\",\"datePublished\":\"2024-11-19T17:17:12+00:00\",\"dateModified\":\"2024-11-19T17:17:12+00:00\",\"breadcrumb\":{\"@id\":\"https:\/\/vieassociative.be\/actualites\/faites-le-maintenant-au-cas-ou-vous-seriez-separe-de-votre-animal-apres-une-catastrophe\/#breadcrumb\"},\"inLanguage\":\"fr-BE\",\"potentialAction\":[{\"@type\":\"ReadAction\",\"target\":[\"https:\/\/vieassociative.be\/actualites\/faites-le-maintenant-au-cas-ou-vous-seriez-separe-de-votre-animal-apres-une-catastrophe\/\"]}]},{\"@type\":\"ImageObject\",\"inLanguage\":\"fr-BE\",\"@id\":\"https:\/\/vieassociative.be\/actualites\/faites-le-maintenant-au-cas-ou-vous-seriez-separe-de-votre-animal-apres-une-catastrophe\/#primaryimage\",\"url\":\"https:\/\/vieassociative.be\/actualites\/wp-content\/uploads\/2024\/11\/Faites-le-maintenant-au-cas-ou-vous-seriez-separe-de-votre.jpg\",\"contentUrl\":\"https:\/\/vieassociative.be\/actualites\/wp-content\/uploads\/2024\/11\/Faites-le-maintenant-au-cas-ou-vous-seriez-separe-de-votre.jpg\",\"width\":1200,\"height\":675,\"caption\":\"Faites-le maintenant au cas o\u00f9 vous seriez s\u00e9par\u00e9 de votre animal apr\u00e8s une catastrophe\"},{\"@type\":\"BreadcrumbList\",\"@id\":\"https:\/\/vieassociative.be\/actualites\/faites-le-maintenant-au-cas-ou-vous-seriez-separe-de-votre-animal-apres-une-catastrophe\/#breadcrumb\",\"itemListElement\":[{\"@type\":\"ListItem\",\"position\":1,\"name\":\"Accueil\",\"item\":\"https:\/\/vieassociative.be\/actualites\/\"},{\"@type\":\"ListItem\",\"position\":2,\"name\":\"Faites-le maintenant au cas o\u00f9 vous seriez s\u00e9par\u00e9 de votre animal apr\u00e8s une catastrophe\"}]},{\"@type\":\"WebSite\",\"@id\":\"https:\/\/vieassociative.be\/actualites\/#website\",\"url\":\"https:\/\/vieassociative.be\/actualites\/\",\"name\":\"Vie Associative\",\"description\":\"\",\"publisher\":{\"@id\":\"https:\/\/vieassociative.be\/actualites\/#organization\"},\"potentialAction\":[{\"@type\":\"SearchAction\",\"target\":{\"@type\":\"EntryPoint\",\"urlTemplate\":\"https:\/\/vieassociative.be\/actualites\/?s={search_term_string}\"},\"query-input\":{\"@type\":\"PropertyValueSpecification\",\"valueRequired\":true,\"valueName\":\"search_term_string\"}}],\"inLanguage\":\"fr-BE\"},{\"@type\":\"Organization\",\"@id\":\"https:\/\/vieassociative.be\/actualites\/#organization\",\"name\":\"Vie Associative\",\"url\":\"https:\/\/vieassociative.be\/actualites\/\",\"logo\":{\"@type\":\"ImageObject\",\"inLanguage\":\"fr-BE\",\"@id\":\"https:\/\/vieassociative.be\/actualites\/#\/schema\/logo\/image\/\",\"url\":\"https:\/\/vieassociative.be\/actualites\/wp-content\/uploads\/2024\/09\/cropped-vieassociative_favicon.ico.png\",\"contentUrl\":\"https:\/\/vieassociative.be\/actualites\/wp-content\/uploads\/2024\/09\/cropped-vieassociative_favicon.ico.png\",\"width\":512,\"height\":512,\"caption\":\"Vie Associative\"},\"image\":{\"@id\":\"https:\/\/vieassociative.be\/actualites\/#\/schema\/logo\/image\/\"}},{\"@type\":\"Person\",\"@id\":\"https:\/\/vieassociative.be\/actualites\/#\/schema\/person\/b87ac4f82f9d4e7b7cec7395b679edc4\",\"name\":\"Julien\",\"image\":{\"@type\":\"ImageObject\",\"inLanguage\":\"fr-BE\",\"@id\":\"https:\/\/vieassociative.be\/actualites\/#\/schema\/person\/image\/\",\"url\":\"https:\/\/vieassociative.be\/actualites\/wp-content\/uploads\/2024\/09\/vie-associative-1-150x150.jpg\",\"contentUrl\":\"https:\/\/vieassociative.be\/actualites\/wp-content\/uploads\/2024\/09\/vie-associative-1-150x150.jpg\",\"caption\":\"Julien\"},\"description\":\"Je suis Julien, r\u00e9dacteur pour Vie Associative. Passionn\u00e9 par le monde associatif depuis plus de 10 ans, j'ai \u00e0 c\u0153ur de partager des histoires inspirantes et de mettre en lumi\u00e8re les initiatives locales. Mon objectif est de sensibiliser et d'encourager l'engagement communautaire \u00e0 travers mes articles.\",\"sameAs\":[\"https:\/\/vieassociative.be\/\"]}]}<\/script>\n<!-- \/ Yoast SEO plugin. -->","yoast_head_json":{"title":"Faites-le maintenant au cas o\u00f9 vous seriez s\u00e9par\u00e9 de votre animal apr\u00e8s une catastrophe | Vie Associative","robots":{"index":"index","follow":"follow","max-snippet":"max-snippet:-1","max-image-preview":"max-image-preview:large","max-video-preview":"max-video-preview:-1"},"canonical":"https:\/\/vieassociative.be\/actualites\/faites-le-maintenant-au-cas-ou-vous-seriez-separe-de-votre-animal-apres-une-catastrophe\/","og_locale":"fr_FR","og_type":"article","og_title":"Faites-le maintenant au cas o\u00f9 vous seriez s\u00e9par\u00e9 de votre animal apr\u00e8s une catastrophe | Vie Associative","og_description":"Un peu de pr\u00e9paration maintenant peut vous aider \u00e0 r\u00e9cup\u00e9rer votre ami si jamais vous \u00eates s\u00e9par\u00e9. Il est angoissant d&rsquo;imaginer un sc\u00e9nario dans lequel","og_url":"https:\/\/vieassociative.be\/actualites\/faites-le-maintenant-au-cas-ou-vous-seriez-separe-de-votre-animal-apres-une-catastrophe\/","og_site_name":"Vie Associative","article_published_time":"2024-11-19T17:17:12+00:00","og_image":[{"width":279,"height":92,"url":"https:\/\/vieassociative.be\/actualites\/wp-content\/uploads\/2024\/09\/header_backgroundk-01-e1726694325946.png","type":"image\/png"}],"author":"Julien","twitter_card":"summary_large_image","twitter_misc":{"\u00c9crit par":"Julien","Dur\u00e9e de lecture est.":"4 minutes"},"schema":{"@context":"https:\/\/schema.org","@graph":[{"@type":"Article","@id":"https:\/\/vieassociative.be\/actualites\/faites-le-maintenant-au-cas-ou-vous-seriez-separe-de-votre-animal-apres-une-catastrophe\/#article","isPartOf":{"@id":"https:\/\/vieassociative.be\/actualites\/faites-le-maintenant-au-cas-ou-vous-seriez-separe-de-votre-animal-apres-une-catastrophe\/"},"author":{"name":"Julien","@id":"https:\/\/vieassociative.be\/actualites\/#\/schema\/person\/b87ac4f82f9d4e7b7cec7395b679edc4"},"headline":"Faites-le maintenant au cas o\u00f9 vous seriez s\u00e9par\u00e9 de votre animal apr\u00e8s une catastrophe","datePublished":"2024-11-19T17:17:12+00:00","dateModified":"2024-11-19T17:17:12+00:00","mainEntityOfPage":{"@id":"https:\/\/vieassociative.be\/actualites\/faites-le-maintenant-au-cas-ou-vous-seriez-separe-de-votre-animal-apres-une-catastrophe\/"},"wordCount":822,"publisher":{"@id":"https:\/\/vieassociative.be\/actualites\/#organization"},"image":{"@id":"https:\/\/vieassociative.be\/actualites\/faites-le-maintenant-au-cas-ou-vous-seriez-separe-de-votre-animal-apres-une-catastrophe\/#primaryimage"},"thumbnailUrl":"https:\/\/vieassociative.be\/actualites\/wp-content\/uploads\/2024\/11\/Faites-le-maintenant-au-cas-ou-vous-seriez-separe-de-votre.jpg","keywords":["animal","Apr\u00e8s","cas","catastrophe","faitesle","maintenant","o\u00f9","s\u00e9par\u00e9","seriez","une","votre","Vous"],"articleSection":["Famille"],"inLanguage":"fr-BE"},{"@type":"WebPage","@id":"https:\/\/vieassociative.be\/actualites\/faites-le-maintenant-au-cas-ou-vous-seriez-separe-de-votre-animal-apres-une-catastrophe\/","url":"https:\/\/vieassociative.be\/actualites\/faites-le-maintenant-au-cas-ou-vous-seriez-separe-de-votre-animal-apres-une-catastrophe\/","name":"Faites-le maintenant au cas o\u00f9 vous seriez s\u00e9par\u00e9 de votre animal apr\u00e8s une catastrophe | Vie Associative","isPartOf":{"@id":"https:\/\/vieassociative.be\/actualites\/#website"},"primaryImageOfPage":{"@id":"https:\/\/vieassociative.be\/actualites\/faites-le-maintenant-au-cas-ou-vous-seriez-separe-de-votre-animal-apres-une-catastrophe\/#primaryimage"},"image":{"@id":"https:\/\/vieassociative.be\/actualites\/faites-le-maintenant-au-cas-ou-vous-seriez-separe-de-votre-animal-apres-une-catastrophe\/#primaryimage"},"thumbnailUrl":"https:\/\/vieassociative.be\/actualites\/wp-content\/uploads\/2024\/11\/Faites-le-maintenant-au-cas-ou-vous-seriez-separe-de-votre.jpg","datePublished":"2024-11-19T17:17:12+00:00","dateModified":"2024-11-19T17:17:12+00:00","breadcrumb":{"@id":"https:\/\/vieassociative.be\/actualites\/faites-le-maintenant-au-cas-ou-vous-seriez-separe-de-votre-animal-apres-une-catastrophe\/#breadcrumb"},"inLanguage":"fr-BE","potentialAction":[{"@type":"ReadAction","target":["https:\/\/vieassociative.be\/actualites\/faites-le-maintenant-au-cas-ou-vous-seriez-separe-de-votre-animal-apres-une-catastrophe\/"]}]},{"@type":"ImageObject","inLanguage":"fr-BE","@id":"https:\/\/vieassociative.be\/actualites\/faites-le-maintenant-au-cas-ou-vous-seriez-separe-de-votre-animal-apres-une-catastrophe\/#primaryimage","url":"https:\/\/vieassociative.be\/actualites\/wp-content\/uploads\/2024\/11\/Faites-le-maintenant-au-cas-ou-vous-seriez-separe-de-votre.jpg","contentUrl":"https:\/\/vieassociative.be\/actualites\/wp-content\/uploads\/2024\/11\/Faites-le-maintenant-au-cas-ou-vous-seriez-separe-de-votre.jpg","width":1200,"height":675,"caption":"Faites-le maintenant au cas o\u00f9 vous seriez s\u00e9par\u00e9 de votre animal apr\u00e8s une catastrophe"},{"@type":"BreadcrumbList","@id":"https:\/\/vieassociative.be\/actualites\/faites-le-maintenant-au-cas-ou-vous-seriez-separe-de-votre-animal-apres-une-catastrophe\/#breadcrumb","itemListElement":[{"@type":"ListItem","position":1,"name":"Accueil","item":"https:\/\/vieassociative.be\/actualites\/"},{"@type":"ListItem","position":2,"name":"Faites-le maintenant au cas o\u00f9 vous seriez s\u00e9par\u00e9 de votre animal apr\u00e8s une catastrophe"}]},{"@type":"WebSite","@id":"https:\/\/vieassociative.be\/actualites\/#website","url":"https:\/\/vieassociative.be\/actualites\/","name":"Vie Associative","description":"","publisher":{"@id":"https:\/\/vieassociative.be\/actualites\/#organization"},"potentialAction":[{"@type":"SearchAction","target":{"@type":"EntryPoint","urlTemplate":"https:\/\/vieassociative.be\/actualites\/?s={search_term_string}"},"query-input":{"@type":"PropertyValueSpecification","valueRequired":true,"valueName":"search_term_string"}}],"inLanguage":"fr-BE"},{"@type":"Organization","@id":"https:\/\/vieassociative.be\/actualites\/#organization","name":"Vie Associative","url":"https:\/\/vieassociative.be\/actualites\/","logo":{"@type":"ImageObject","inLanguage":"fr-BE","@id":"https:\/\/vieassociative.be\/actualites\/#\/schema\/logo\/image\/","url":"https:\/\/vieassociative.be\/actualites\/wp-content\/uploads\/2024\/09\/cropped-vieassociative_favicon.ico.png","contentUrl":"https:\/\/vieassociative.be\/actualites\/wp-content\/uploads\/2024\/09\/cropped-vieassociative_favicon.ico.png","width":512,"height":512,"caption":"Vie Associative"},"image":{"@id":"https:\/\/vieassociative.be\/actualites\/#\/schema\/logo\/image\/"}},{"@type":"Person","@id":"https:\/\/vieassociative.be\/actualites\/#\/schema\/person\/b87ac4f82f9d4e7b7cec7395b679edc4","name":"Julien","image":{"@type":"ImageObject","inLanguage":"fr-BE","@id":"https:\/\/vieassociative.be\/actualites\/#\/schema\/person\/image\/","url":"https:\/\/vieassociative.be\/actualites\/wp-content\/uploads\/2024\/09\/vie-associative-1-150x150.jpg","contentUrl":"https:\/\/vieassociative.be\/actualites\/wp-content\/uploads\/2024\/09\/vie-associative-1-150x150.jpg","caption":"Julien"},"description":"Je suis Julien, r\u00e9dacteur pour Vie Associative. Passionn\u00e9 par le monde associatif depuis plus de 10 ans, j'ai \u00e0 c\u0153ur de partager des histoires inspirantes et de mettre en lumi\u00e8re les initiatives locales. Mon objectif est de sensibiliser et d'encourager l'engagement communautaire \u00e0 travers mes articles.","sameAs":["https:\/\/vieassociative.be\/"]}]}},"_links":{"self":[{"href":"https:\/\/vieassociative.be\/actualites\/wp-json\/wp\/v2\/posts\/2584"}],"collection":[{"href":"https:\/\/vieassociative.be\/actualites\/wp-json\/wp\/v2\/posts"}],"about":[{"href":"https:\/\/vieassociative.be\/actualites\/wp-json\/wp\/v2\/types\/post"}],"author":[{"embeddable":true,"href":"https:\/\/vieassociative.be\/actualites\/wp-json\/wp\/v2\/users\/1"}],"replies":[{"embeddable":true,"href":"https:\/\/vieassociative.be\/actualites\/wp-json\/wp\/v2\/comments?post=2584"}],"version-history":[{"count":0,"href":"https:\/\/vieassociative.be\/actualites\/wp-json\/wp\/v2\/posts\/2584\/revisions"}],"wp:featuredmedia":[{"embeddable":true,"href":"https:\/\/vieassociative.be\/actualites\/wp-json\/wp\/v2\/media\/2585"}],"wp:attachment":[{"href":"https:\/\/vieassociative.be\/actualites\/wp-json\/wp\/v2\/media?parent=2584"}],"wp:term":[{"taxonomy":"category","embeddable":true,"href":"https:\/\/vieassociative.be\/actualites\/wp-json\/wp\/v2\/categories?post=2584"},{"taxonomy":"post_tag","embeddable":true,"href":"https:\/\/vieassociative.be\/actualites\/wp-json\/wp\/v2\/tags?post=2584"}],"curies":[{"name":"wp","href":"https:\/\/api.w.org\/{rel}","templated":true}]}}