{"id":2581,"date":"2024-11-19T15:20:27","date_gmt":"2024-11-19T14:20:27","guid":{"rendered":"https:\/\/vieassociative.be\/actualites\/tedescout-la-campagne-des-supporters-des-red-devils-contre-lentraineur-domenico-tedesco-prend-de-lampleur\/"},"modified":"2024-11-19T15:20:27","modified_gmt":"2024-11-19T14:20:27","slug":"tedescout-la-campagne-des-supporters-des-red-devils-contre-lentraineur-domenico-tedesco-prend-de-lampleur","status":"publish","type":"post","link":"https:\/\/vieassociative.be\/actualites\/tedescout-la-campagne-des-supporters-des-red-devils-contre-lentraineur-domenico-tedesco-prend-de-lampleur\/","title":{"rendered":"#Tedescout : La campagne des supporters des Red Devils contre l&rsquo;entra\u00eeneur Domenico Tedesco prend de l&rsquo;ampleur"},"content":{"rendered":"<p><strong>\u00ab TEDESC&rsquo;OUT \u00bb est \u00e9crit sur des affiches et des banderoles devant l&rsquo;Atomium de Bruxelles et d&rsquo;autres lieux de la capitale belge. #Tedescout est un hashtag sur Internet. La campagne contre Domenico Tedesco prend de l&rsquo;ampleur apr\u00e8s la d\u00e9faite 0-1 contre Isra\u00ebl, num\u00e9ro 81 au classement mondial. <\/strong><\/p>\n<p><span id=\"more-402160\"><\/span>L&rsquo;entra\u00eeneur de l&rsquo;\u00e9quipe nationale belge de football est plus que jamais sur un si\u00e8ge \u00e9jectable apr\u00e8s avoir subi sa sixi\u00e8me d\u00e9faite lors de ses dix derniers matchs avec les Diables Rouges.<\/p>\n<p>Outre les derniers r\u00e9sultats, des commentaires de presse et divers podcasts ont d\u00e9nonc\u00e9 lundi les d\u00e9cisions parfois incompr\u00e9hensibles de l&rsquo;entra\u00eeneur dans la composition de l&rsquo;\u00e9quipe, mais surtout les tensions \u00e0 l&rsquo;int\u00e9rieur et \u00e0 l&rsquo;ext\u00e9rieur du vestiaire de l&rsquo;\u00e9quipe. Le moment est-il d\u00e9j\u00e0 (ou enfin) venu de se s\u00e9parer de l\u2019entra\u00eeneur germano-italien ? Remarque\u00a0: virer Tedesco n\u2019est pas si simple.<\/p>\n<div id=\"attachment_402174\" class=\"wp-caption alignleft\" style=\"max-width: 300px\"><img fetchpriority=\"high\" decoding=\"async\" class=\"wp-image-402174 size-medium\" src=\"https:\/\/vieassociative.be\/actualites\/wp-content\/uploads\/2024\/11\/Tedescout-La-campagne-des-supporters-des-Red-Devils-contre.jpg\" alt=\"\" width=\"300\" height=\"200\"><\/p>\n<p class=\"wp-caption-text\">17 novembre 2024, Hongrie, Budapest : entra\u00eeneur-chef Domenico Tedesco de Belgique pendant le match. Photo : Vincenzo Orlando\/IPA Sport \/ IPA\/LiveMedia\/IPA\/dpa<\/p>\n<\/div>\n<p>Le premier obstacle est clairement le rouge profond des finances de la F\u00e9d\u00e9ration Belge de Football. En mai de cette ann\u00e9e, un d\u00e9ficit de 11 millions d&rsquo;euros a \u00e9t\u00e9 r\u00e9v\u00e9l\u00e9. Un goulet d&rsquo;\u00e9tranglement financier auquel le nouveau PDG de la f\u00e9d\u00e9ration de football, Peter Willems, doit faire face.<\/p>\n<p>Willems est en fonction depuis deux mois apr\u00e8s la d\u00e9mission de Piet Vandendriessche. En mars, avant le Championnat d&rsquo;Europe de football, il a d\u00e9cid\u00e9 de prolonger le contrat de Domenico Tedesco jusqu&rsquo;\u00e0 la Coupe du monde 2026. Une d\u00e9cision qui a aujourd\u2019hui de lourdes cons\u00e9quences.<\/p>\n<p>Si l&rsquo;association veut se s\u00e9parer de son entra\u00eeneur, elle devra encore lui verser son salaire (1,5 million d&rsquo;euros par an) jusqu&rsquo;\u00e0 la fin du contrat, soit environ 2 millions d&rsquo;euros qui restent \u00e0 r\u00e9unir. Pas une t\u00e2che facile quand on conna\u00eet la situation financi\u00e8re, mais peut-\u00eatre que l&rsquo;association n&rsquo;a pas d&rsquo;autre choix tant la majorit\u00e9 des supporters des Diables Rouges est m\u00e9contente. Lors de nombreux votes en ligne, une nette majorit\u00e9 s\u2019est prononc\u00e9e en faveur du renvoi de Tedesco. Sans parler des commentaires col\u00e9riques sur les r\u00e9seaux sociaux et les forums Internet.<\/p>\n<\/p>\n<div id=\"attachment_402176\" class=\"wp-caption alignleft\" style=\"max-width: 238px\"><img decoding=\"async\" class=\"wp-image-402176 size-medium\" src=\"https:\/\/vieassociative.be\/actualites\/wp-content\/uploads\/2024\/11\/1732026027_31_Tedescout-La-campagne-des-supporters-des-Red-Devils-contre.jpg\" alt=\"\" width=\"238\" height=\"300\"  ><\/p>\n<p class=\"wp-caption-text\">Post Facebook des fans belges.<\/p>\n<\/div>\n<p>La F\u00e9d\u00e9ration belge de football devra donc peser le pour et le contre d\u2019un licenciement de l\u2019entra\u00eeneur. Cette t\u00e2che reviendra \u00e0 Vincent Mannaert. L&rsquo;ancien entra\u00eeneur du FC Bruges deviendra le 1er d\u00e9cembre directeur sportif de l&rsquo;association de football.<\/p>\n<p>L&rsquo;entra\u00eeneur est certainement l&rsquo;un des responsables de la mis\u00e8re actuelle, mais pas le seul. Le mal a plusieurs causes. S&rsquo;ils d\u00e9cident n\u00e9anmoins de limoger Tedesco, ils devront trouver la bonne personne pour r\u00e9soudre les probl\u00e8mes des Diables Rouges. Un tacticien ? Un coureur et un motivateur ? Un homme avec de l&rsquo;exp\u00e9rience ? Un connaisseur du football belge ? Un autre \u00e9tranger ? Quoi qu&rsquo;il en soit, l&rsquo;\u00e9ventuel nouveau s\u00e9lectionneur national doit avant tout remplir une condition : il doit \u00eatre bon march\u00e9.<\/p>\n<p>\u00ab\u00a0Je reste convaincu qu&rsquo;il faut faire revenir Marc Wilmots pour que l&rsquo;\u00e9quipe nationale redevienne une unit\u00e9\u00a0\u00bb, a d\u00e9clar\u00e9 l&rsquo;ancien international Philippe Albert, expert football \u00e0 la RTBF et \u00e0 DAZN.<\/p>\n<p>D&rsquo;autres options belges sont \u00e9galement en discussion : Hein Vanhaezebrouck, l&rsquo;ancien entra\u00eeneur de l&rsquo;AA Gent, et Philippe Clement, actuellement entra\u00eeneur-chef des Glasgow Rangers, sont \u00e9voqu\u00e9s comme successeurs possibles de Tedesco. \u00ab Vanhaezebrouck est un expert absolu du football belge. Il a tr\u00e8s bien fait \u00e0 Gand, mais il a rat\u00e9 Genk et Anderlecht. L&rsquo;\u00e9quipe nationale est un cran plus haut\u00a0\u00bb, a d\u00e9clar\u00e9 Benjamin Deceuninck, journaliste sportif \u00e0 la RTBF et animateur du talk-show \u00ab\u00a0La Tribune\u00a0\u00bb. (cr\u00e9er)<\/p>\n<p><em><strong>Sur le sujet, voir aussi l&rsquo;article suivant sur l&rsquo;OD :<\/strong><\/em><\/p>\n<div class=\"responsive-embed widescreen\">\n<blockquote class=\"wp-embedded-content\" data-secret=\"f4kE38RHK5\">\n<p>D\u00e9faite 0-1 contre Isra\u00ebl : embarras dans le brouillard de Budapest \u2013 \u00e9tait-ce \u00e7a pour Domenico Tedesco ?<\/p>\n<\/blockquote>\n<p><iframe loading=\"lazy\" class=\"wp-embedded-content\" sandbox=\"allow-scripts\" security=\"restricted\" style=\"position: absolute; visibility: hidden;\" title=\"\u201e0:1-Niederlage gegen Israel: Blamage im Nebel von Budapest \u2013 War\u2019s das jetzt f\u00fcr Domenico Tedesco?\u201c \u2014 Ostbelgien Direkt\" src=\"https:\/\/ostbelgiendirekt.be\/about:blank\" data-secret=\"f4kE38RHK5\" width=\"500\" height=\"282\" frameborder=\"0\" marginwidth=\"0\" marginheight=\"0\" scrolling=\"no\" data-rocket-lazyload=\"fitvidscompatible\" data-lazy-src=\"https:\/\/ostbelgiendirekt.be\/blamage-im-nebel-von-budapest-402073\/embed#?secret=tYV1V0vzkk#?secret=f4kE38RHK5\"><\/iframe><noscript><iframe class=\"wp-embedded-content\" sandbox=\"allow-scripts\" security=\"restricted\" style=\"position: absolute; visibility: hidden;\" title=\"\u201e0:1-Niederlage gegen Israel: Blamage im Nebel von Budapest \u2013 War\u2019s das jetzt f\u00fcr Domenico Tedesco?\u201c \u2014 Ostbelgien Direkt\" src=\"https:\/\/ostbelgiendirekt.be\/blamage-im-nebel-von-budapest-402073\/embed#?secret=tYV1V0vzkk#?secret=f4kE38RHK5\" data-secret=\"f4kE38RHK5\" width=\"500\" height=\"282\" frameborder=\"0\" marginwidth=\"0\" marginheight=\"0\" scrolling=\"no\"><\/iframe><\/noscript><\/p>\n<\/div>\n","protected":false},"excerpt":{"rendered":"<p>\u00ab TEDESC&rsquo;OUT \u00bb est \u00e9crit sur des affiches et des banderoles devant l&rsquo;Atomium de Bruxelles et d&rsquo;autres lieux de la capitale belge. #Tedescout est un<\/p>\n","protected":false},"author":1,"featured_media":2582,"comment_status":"","ping_status":"","sticky":false,"template":"","format":"standard","meta":{"footnotes":""},"categories":[298],"tags":[3311,796,29,3313,3272,3316,3314,3315,3312,2962,3273,3310],"class_list":["post-2581","post","type-post","status-publish","format-standard","has-post-thumbnail","hentry","category-belgique","tag-campagne","tag-contre","tag-des","tag-devils","tag-domenico","tag-lampleur","tag-lentraineur","tag-prend","tag-red","tag-supporters","tag-tedesco","tag-tedescout","generate-columns","tablet-grid-50","mobile-grid-100","grid-parent","grid-33"],"yoast_head":"<!-- This site is optimized with the Yoast SEO plugin v24.0 - https:\/\/yoast.com\/wordpress\/plugins\/seo\/ -->\n<title>#Tedescout : La campagne des supporters des Red Devils contre l&#039;entra\u00eeneur Domenico Tedesco prend de l&#039;ampleur | Vie Associative<\/title>\n<meta name=\"robots\" content=\"index, follow, max-snippet:-1, max-image-preview:large, max-video-preview:-1\" \/>\n<link rel=\"canonical\" href=\"https:\/\/vieassociative.be\/actualites\/tedescout-la-campagne-des-supporters-des-red-devils-contre-lentraineur-domenico-tedesco-prend-de-lampleur\/\" \/>\n<meta property=\"og:locale\" content=\"fr_FR\" \/>\n<meta property=\"og:type\" content=\"article\" \/>\n<meta property=\"og:title\" content=\"#Tedescout : La campagne des supporters des Red Devils contre l&#039;entra\u00eeneur Domenico Tedesco prend de l&#039;ampleur | Vie Associative\" \/>\n<meta property=\"og:description\" content=\"\u00ab TEDESC&rsquo;OUT \u00bb est \u00e9crit sur des affiches et des banderoles devant l&rsquo;Atomium de Bruxelles et d&rsquo;autres lieux de la capitale belge. #Tedescout est un\" \/>\n<meta property=\"og:url\" content=\"https:\/\/vieassociative.be\/actualites\/tedescout-la-campagne-des-supporters-des-red-devils-contre-lentraineur-domenico-tedesco-prend-de-lampleur\/\" \/>\n<meta property=\"og:site_name\" content=\"Vie Associative\" \/>\n<meta property=\"article:published_time\" content=\"2024-11-19T14:20:27+00:00\" \/>\n<meta property=\"og:image\" content=\"https:\/\/vieassociative.be\/actualites\/wp-content\/uploads\/2024\/11\/Tedescout-La-campagne-des-supporters-des-Red-Devils-contre.jpg\" \/>\n<meta name=\"author\" content=\"Julien\" \/>\n<meta name=\"twitter:card\" content=\"summary_large_image\" \/>\n<meta name=\"twitter:label1\" content=\"\u00c9crit par\" \/>\n\t<meta name=\"twitter:data1\" content=\"Julien\" \/>\n\t<meta name=\"twitter:label2\" content=\"Dur\u00e9e de lecture est.\" \/>\n\t<meta name=\"twitter:data2\" content=\"3 minutes\" \/>\n<script type=\"application\/ld+json\" class=\"yoast-schema-graph\">{\"@context\":\"https:\/\/schema.org\",\"@graph\":[{\"@type\":\"Article\",\"@id\":\"https:\/\/vieassociative.be\/actualites\/tedescout-la-campagne-des-supporters-des-red-devils-contre-lentraineur-domenico-tedesco-prend-de-lampleur\/#article\",\"isPartOf\":{\"@id\":\"https:\/\/vieassociative.be\/actualites\/tedescout-la-campagne-des-supporters-des-red-devils-contre-lentraineur-domenico-tedesco-prend-de-lampleur\/\"},\"author\":{\"name\":\"Julien\",\"@id\":\"https:\/\/vieassociative.be\/actualites\/#\/schema\/person\/b87ac4f82f9d4e7b7cec7395b679edc4\"},\"headline\":\"#Tedescout : La campagne des supporters des Red Devils contre l&rsquo;entra\u00eeneur Domenico Tedesco prend de l&rsquo;ampleur\",\"datePublished\":\"2024-11-19T14:20:27+00:00\",\"dateModified\":\"2024-11-19T14:20:27+00:00\",\"mainEntityOfPage\":{\"@id\":\"https:\/\/vieassociative.be\/actualites\/tedescout-la-campagne-des-supporters-des-red-devils-contre-lentraineur-domenico-tedesco-prend-de-lampleur\/\"},\"wordCount\":702,\"publisher\":{\"@id\":\"https:\/\/vieassociative.be\/actualites\/#organization\"},\"image\":{\"@id\":\"https:\/\/vieassociative.be\/actualites\/tedescout-la-campagne-des-supporters-des-red-devils-contre-lentraineur-domenico-tedesco-prend-de-lampleur\/#primaryimage\"},\"thumbnailUrl\":\"https:\/\/vieassociative.be\/actualites\/wp-content\/uploads\/2024\/11\/1732026027_Tedescout-La-campagne-des-supporters-des-Red-Devils-contre.jpg\",\"keywords\":[\"campagne\",\"contre\",\"Des\",\"Devils\",\"Domenico\",\"lampleur\",\"lentra\u00eeneur\",\"prend\",\"Red\",\"supporters\",\"Tedesco\",\"Tedescout\"],\"articleSection\":[\"Belgique\"],\"inLanguage\":\"fr-BE\"},{\"@type\":\"WebPage\",\"@id\":\"https:\/\/vieassociative.be\/actualites\/tedescout-la-campagne-des-supporters-des-red-devils-contre-lentraineur-domenico-tedesco-prend-de-lampleur\/\",\"url\":\"https:\/\/vieassociative.be\/actualites\/tedescout-la-campagne-des-supporters-des-red-devils-contre-lentraineur-domenico-tedesco-prend-de-lampleur\/\",\"name\":\"#Tedescout : La campagne des supporters des Red Devils contre l'entra\u00eeneur Domenico Tedesco prend de l'ampleur | Vie Associative\",\"isPartOf\":{\"@id\":\"https:\/\/vieassociative.be\/actualites\/#website\"},\"primaryImageOfPage\":{\"@id\":\"https:\/\/vieassociative.be\/actualites\/tedescout-la-campagne-des-supporters-des-red-devils-contre-lentraineur-domenico-tedesco-prend-de-lampleur\/#primaryimage\"},\"image\":{\"@id\":\"https:\/\/vieassociative.be\/actualites\/tedescout-la-campagne-des-supporters-des-red-devils-contre-lentraineur-domenico-tedesco-prend-de-lampleur\/#primaryimage\"},\"thumbnailUrl\":\"https:\/\/vieassociative.be\/actualites\/wp-content\/uploads\/2024\/11\/1732026027_Tedescout-La-campagne-des-supporters-des-Red-Devils-contre.jpg\",\"datePublished\":\"2024-11-19T14:20:27+00:00\",\"dateModified\":\"2024-11-19T14:20:27+00:00\",\"breadcrumb\":{\"@id\":\"https:\/\/vieassociative.be\/actualites\/tedescout-la-campagne-des-supporters-des-red-devils-contre-lentraineur-domenico-tedesco-prend-de-lampleur\/#breadcrumb\"},\"inLanguage\":\"fr-BE\",\"potentialAction\":[{\"@type\":\"ReadAction\",\"target\":[\"https:\/\/vieassociative.be\/actualites\/tedescout-la-campagne-des-supporters-des-red-devils-contre-lentraineur-domenico-tedesco-prend-de-lampleur\/\"]}]},{\"@type\":\"ImageObject\",\"inLanguage\":\"fr-BE\",\"@id\":\"https:\/\/vieassociative.be\/actualites\/tedescout-la-campagne-des-supporters-des-red-devils-contre-lentraineur-domenico-tedesco-prend-de-lampleur\/#primaryimage\",\"url\":\"https:\/\/vieassociative.be\/actualites\/wp-content\/uploads\/2024\/11\/1732026027_Tedescout-La-campagne-des-supporters-des-Red-Devils-contre.jpg\",\"contentUrl\":\"https:\/\/vieassociative.be\/actualites\/wp-content\/uploads\/2024\/11\/1732026027_Tedescout-La-campagne-des-supporters-des-Red-Devils-contre.jpg\",\"width\":1200,\"height\":800,\"caption\":\"#Tedescout : La campagne des supporters des Red Devils contre l'entra\u00eeneur Domenico Tedesco prend de l'ampleur\"},{\"@type\":\"BreadcrumbList\",\"@id\":\"https:\/\/vieassociative.be\/actualites\/tedescout-la-campagne-des-supporters-des-red-devils-contre-lentraineur-domenico-tedesco-prend-de-lampleur\/#breadcrumb\",\"itemListElement\":[{\"@type\":\"ListItem\",\"position\":1,\"name\":\"Accueil\",\"item\":\"https:\/\/vieassociative.be\/actualites\/\"},{\"@type\":\"ListItem\",\"position\":2,\"name\":\"#Tedescout : La campagne des supporters des Red Devils contre l&rsquo;entra\u00eeneur Domenico Tedesco prend de l&rsquo;ampleur\"}]},{\"@type\":\"WebSite\",\"@id\":\"https:\/\/vieassociative.be\/actualites\/#website\",\"url\":\"https:\/\/vieassociative.be\/actualites\/\",\"name\":\"Vie Associative\",\"description\":\"\",\"publisher\":{\"@id\":\"https:\/\/vieassociative.be\/actualites\/#organization\"},\"potentialAction\":[{\"@type\":\"SearchAction\",\"target\":{\"@type\":\"EntryPoint\",\"urlTemplate\":\"https:\/\/vieassociative.be\/actualites\/?s={search_term_string}\"},\"query-input\":{\"@type\":\"PropertyValueSpecification\",\"valueRequired\":true,\"valueName\":\"search_term_string\"}}],\"inLanguage\":\"fr-BE\"},{\"@type\":\"Organization\",\"@id\":\"https:\/\/vieassociative.be\/actualites\/#organization\",\"name\":\"Vie Associative\",\"url\":\"https:\/\/vieassociative.be\/actualites\/\",\"logo\":{\"@type\":\"ImageObject\",\"inLanguage\":\"fr-BE\",\"@id\":\"https:\/\/vieassociative.be\/actualites\/#\/schema\/logo\/image\/\",\"url\":\"https:\/\/vieassociative.be\/actualites\/wp-content\/uploads\/2024\/09\/cropped-vieassociative_favicon.ico.png\",\"contentUrl\":\"https:\/\/vieassociative.be\/actualites\/wp-content\/uploads\/2024\/09\/cropped-vieassociative_favicon.ico.png\",\"width\":512,\"height\":512,\"caption\":\"Vie Associative\"},\"image\":{\"@id\":\"https:\/\/vieassociative.be\/actualites\/#\/schema\/logo\/image\/\"}},{\"@type\":\"Person\",\"@id\":\"https:\/\/vieassociative.be\/actualites\/#\/schema\/person\/b87ac4f82f9d4e7b7cec7395b679edc4\",\"name\":\"Julien\",\"image\":{\"@type\":\"ImageObject\",\"inLanguage\":\"fr-BE\",\"@id\":\"https:\/\/vieassociative.be\/actualites\/#\/schema\/person\/image\/\",\"url\":\"https:\/\/vieassociative.be\/actualites\/wp-content\/uploads\/2024\/09\/vie-associative-1-150x150.jpg\",\"contentUrl\":\"https:\/\/vieassociative.be\/actualites\/wp-content\/uploads\/2024\/09\/vie-associative-1-150x150.jpg\",\"caption\":\"Julien\"},\"description\":\"Je suis Julien, r\u00e9dacteur pour Vie Associative. Passionn\u00e9 par le monde associatif depuis plus de 10 ans, j'ai \u00e0 c\u0153ur de partager des histoires inspirantes et de mettre en lumi\u00e8re les initiatives locales. Mon objectif est de sensibiliser et d'encourager l'engagement communautaire \u00e0 travers mes articles.\",\"sameAs\":[\"https:\/\/vieassociative.be\/\"]}]}<\/script>\n<!-- \/ Yoast SEO plugin. -->","yoast_head_json":{"title":"#Tedescout : La campagne des supporters des Red Devils contre l'entra\u00eeneur Domenico Tedesco prend de l'ampleur | Vie Associative","robots":{"index":"index","follow":"follow","max-snippet":"max-snippet:-1","max-image-preview":"max-image-preview:large","max-video-preview":"max-video-preview:-1"},"canonical":"https:\/\/vieassociative.be\/actualites\/tedescout-la-campagne-des-supporters-des-red-devils-contre-lentraineur-domenico-tedesco-prend-de-lampleur\/","og_locale":"fr_FR","og_type":"article","og_title":"#Tedescout : La campagne des supporters des Red Devils contre l'entra\u00eeneur Domenico Tedesco prend de l'ampleur | Vie Associative","og_description":"\u00ab TEDESC&rsquo;OUT \u00bb est \u00e9crit sur des affiches et des banderoles devant l&rsquo;Atomium de Bruxelles et d&rsquo;autres lieux de la capitale belge. #Tedescout est un","og_url":"https:\/\/vieassociative.be\/actualites\/tedescout-la-campagne-des-supporters-des-red-devils-contre-lentraineur-domenico-tedesco-prend-de-lampleur\/","og_site_name":"Vie Associative","article_published_time":"2024-11-19T14:20:27+00:00","og_image":[{"url":"https:\/\/vieassociative.be\/actualites\/wp-content\/uploads\/2024\/11\/Tedescout-La-campagne-des-supporters-des-Red-Devils-contre.jpg","type":"","width":"","height":""}],"author":"Julien","twitter_card":"summary_large_image","twitter_misc":{"\u00c9crit par":"Julien","Dur\u00e9e de lecture est.":"3 minutes"},"schema":{"@context":"https:\/\/schema.org","@graph":[{"@type":"Article","@id":"https:\/\/vieassociative.be\/actualites\/tedescout-la-campagne-des-supporters-des-red-devils-contre-lentraineur-domenico-tedesco-prend-de-lampleur\/#article","isPartOf":{"@id":"https:\/\/vieassociative.be\/actualites\/tedescout-la-campagne-des-supporters-des-red-devils-contre-lentraineur-domenico-tedesco-prend-de-lampleur\/"},"author":{"name":"Julien","@id":"https:\/\/vieassociative.be\/actualites\/#\/schema\/person\/b87ac4f82f9d4e7b7cec7395b679edc4"},"headline":"#Tedescout : La campagne des supporters des Red Devils contre l&rsquo;entra\u00eeneur Domenico Tedesco prend de l&rsquo;ampleur","datePublished":"2024-11-19T14:20:27+00:00","dateModified":"2024-11-19T14:20:27+00:00","mainEntityOfPage":{"@id":"https:\/\/vieassociative.be\/actualites\/tedescout-la-campagne-des-supporters-des-red-devils-contre-lentraineur-domenico-tedesco-prend-de-lampleur\/"},"wordCount":702,"publisher":{"@id":"https:\/\/vieassociative.be\/actualites\/#organization"},"image":{"@id":"https:\/\/vieassociative.be\/actualites\/tedescout-la-campagne-des-supporters-des-red-devils-contre-lentraineur-domenico-tedesco-prend-de-lampleur\/#primaryimage"},"thumbnailUrl":"https:\/\/vieassociative.be\/actualites\/wp-content\/uploads\/2024\/11\/1732026027_Tedescout-La-campagne-des-supporters-des-Red-Devils-contre.jpg","keywords":["campagne","contre","Des","Devils","Domenico","lampleur","lentra\u00eeneur","prend","Red","supporters","Tedesco","Tedescout"],"articleSection":["Belgique"],"inLanguage":"fr-BE"},{"@type":"WebPage","@id":"https:\/\/vieassociative.be\/actualites\/tedescout-la-campagne-des-supporters-des-red-devils-contre-lentraineur-domenico-tedesco-prend-de-lampleur\/","url":"https:\/\/vieassociative.be\/actualites\/tedescout-la-campagne-des-supporters-des-red-devils-contre-lentraineur-domenico-tedesco-prend-de-lampleur\/","name":"#Tedescout : La campagne des supporters des Red Devils contre l'entra\u00eeneur Domenico Tedesco prend de l'ampleur | Vie Associative","isPartOf":{"@id":"https:\/\/vieassociative.be\/actualites\/#website"},"primaryImageOfPage":{"@id":"https:\/\/vieassociative.be\/actualites\/tedescout-la-campagne-des-supporters-des-red-devils-contre-lentraineur-domenico-tedesco-prend-de-lampleur\/#primaryimage"},"image":{"@id":"https:\/\/vieassociative.be\/actualites\/tedescout-la-campagne-des-supporters-des-red-devils-contre-lentraineur-domenico-tedesco-prend-de-lampleur\/#primaryimage"},"thumbnailUrl":"https:\/\/vieassociative.be\/actualites\/wp-content\/uploads\/2024\/11\/1732026027_Tedescout-La-campagne-des-supporters-des-Red-Devils-contre.jpg","datePublished":"2024-11-19T14:20:27+00:00","dateModified":"2024-11-19T14:20:27+00:00","breadcrumb":{"@id":"https:\/\/vieassociative.be\/actualites\/tedescout-la-campagne-des-supporters-des-red-devils-contre-lentraineur-domenico-tedesco-prend-de-lampleur\/#breadcrumb"},"inLanguage":"fr-BE","potentialAction":[{"@type":"ReadAction","target":["https:\/\/vieassociative.be\/actualites\/tedescout-la-campagne-des-supporters-des-red-devils-contre-lentraineur-domenico-tedesco-prend-de-lampleur\/"]}]},{"@type":"ImageObject","inLanguage":"fr-BE","@id":"https:\/\/vieassociative.be\/actualites\/tedescout-la-campagne-des-supporters-des-red-devils-contre-lentraineur-domenico-tedesco-prend-de-lampleur\/#primaryimage","url":"https:\/\/vieassociative.be\/actualites\/wp-content\/uploads\/2024\/11\/1732026027_Tedescout-La-campagne-des-supporters-des-Red-Devils-contre.jpg","contentUrl":"https:\/\/vieassociative.be\/actualites\/wp-content\/uploads\/2024\/11\/1732026027_Tedescout-La-campagne-des-supporters-des-Red-Devils-contre.jpg","width":1200,"height":800,"caption":"#Tedescout : La campagne des supporters des Red Devils contre l'entra\u00eeneur Domenico Tedesco prend de l'ampleur"},{"@type":"BreadcrumbList","@id":"https:\/\/vieassociative.be\/actualites\/tedescout-la-campagne-des-supporters-des-red-devils-contre-lentraineur-domenico-tedesco-prend-de-lampleur\/#breadcrumb","itemListElement":[{"@type":"ListItem","position":1,"name":"Accueil","item":"https:\/\/vieassociative.be\/actualites\/"},{"@type":"ListItem","position":2,"name":"#Tedescout : La campagne des supporters des Red Devils contre l&rsquo;entra\u00eeneur Domenico Tedesco prend de l&rsquo;ampleur"}]},{"@type":"WebSite","@id":"https:\/\/vieassociative.be\/actualites\/#website","url":"https:\/\/vieassociative.be\/actualites\/","name":"Vie Associative","description":"","publisher":{"@id":"https:\/\/vieassociative.be\/actualites\/#organization"},"potentialAction":[{"@type":"SearchAction","target":{"@type":"EntryPoint","urlTemplate":"https:\/\/vieassociative.be\/actualites\/?s={search_term_string}"},"query-input":{"@type":"PropertyValueSpecification","valueRequired":true,"valueName":"search_term_string"}}],"inLanguage":"fr-BE"},{"@type":"Organization","@id":"https:\/\/vieassociative.be\/actualites\/#organization","name":"Vie Associative","url":"https:\/\/vieassociative.be\/actualites\/","logo":{"@type":"ImageObject","inLanguage":"fr-BE","@id":"https:\/\/vieassociative.be\/actualites\/#\/schema\/logo\/image\/","url":"https:\/\/vieassociative.be\/actualites\/wp-content\/uploads\/2024\/09\/cropped-vieassociative_favicon.ico.png","contentUrl":"https:\/\/vieassociative.be\/actualites\/wp-content\/uploads\/2024\/09\/cropped-vieassociative_favicon.ico.png","width":512,"height":512,"caption":"Vie Associative"},"image":{"@id":"https:\/\/vieassociative.be\/actualites\/#\/schema\/logo\/image\/"}},{"@type":"Person","@id":"https:\/\/vieassociative.be\/actualites\/#\/schema\/person\/b87ac4f82f9d4e7b7cec7395b679edc4","name":"Julien","image":{"@type":"ImageObject","inLanguage":"fr-BE","@id":"https:\/\/vieassociative.be\/actualites\/#\/schema\/person\/image\/","url":"https:\/\/vieassociative.be\/actualites\/wp-content\/uploads\/2024\/09\/vie-associative-1-150x150.jpg","contentUrl":"https:\/\/vieassociative.be\/actualites\/wp-content\/uploads\/2024\/09\/vie-associative-1-150x150.jpg","caption":"Julien"},"description":"Je suis Julien, r\u00e9dacteur pour Vie Associative. Passionn\u00e9 par le monde associatif depuis plus de 10 ans, j'ai \u00e0 c\u0153ur de partager des histoires inspirantes et de mettre en lumi\u00e8re les initiatives locales. Mon objectif est de sensibiliser et d'encourager l'engagement communautaire \u00e0 travers mes articles.","sameAs":["https:\/\/vieassociative.be\/"]}]}},"_links":{"self":[{"href":"https:\/\/vieassociative.be\/actualites\/wp-json\/wp\/v2\/posts\/2581"}],"collection":[{"href":"https:\/\/vieassociative.be\/actualites\/wp-json\/wp\/v2\/posts"}],"about":[{"href":"https:\/\/vieassociative.be\/actualites\/wp-json\/wp\/v2\/types\/post"}],"author":[{"embeddable":true,"href":"https:\/\/vieassociative.be\/actualites\/wp-json\/wp\/v2\/users\/1"}],"replies":[{"embeddable":true,"href":"https:\/\/vieassociative.be\/actualites\/wp-json\/wp\/v2\/comments?post=2581"}],"version-history":[{"count":0,"href":"https:\/\/vieassociative.be\/actualites\/wp-json\/wp\/v2\/posts\/2581\/revisions"}],"wp:featuredmedia":[{"embeddable":true,"href":"https:\/\/vieassociative.be\/actualites\/wp-json\/wp\/v2\/media\/2582"}],"wp:attachment":[{"href":"https:\/\/vieassociative.be\/actualites\/wp-json\/wp\/v2\/media?parent=2581"}],"wp:term":[{"taxonomy":"category","embeddable":true,"href":"https:\/\/vieassociative.be\/actualites\/wp-json\/wp\/v2\/categories?post=2581"},{"taxonomy":"post_tag","embeddable":true,"href":"https:\/\/vieassociative.be\/actualites\/wp-json\/wp\/v2\/tags?post=2581"}],"curies":[{"name":"wp","href":"https:\/\/api.w.org\/{rel}","templated":true}]}}