{"id":2578,"date":"2024-11-19T13:17:28","date_gmt":"2024-11-19T12:17:28","guid":{"rendered":"https:\/\/vieassociative.be\/actualites\/notre-chroniqueuse-sexe-repond-a-vos-questions-en-direct-ce-vendredi\/"},"modified":"2024-11-19T13:17:28","modified_gmt":"2024-11-19T12:17:28","slug":"notre-chroniqueuse-sexe-repond-a-vos-questions-en-direct-ce-vendredi","status":"publish","type":"post","link":"https:\/\/vieassociative.be\/actualites\/notre-chroniqueuse-sexe-repond-a-vos-questions-en-direct-ce-vendredi\/","title":{"rendered":"Notre chroniqueuse sexe r\u00e9pond \u00e0 vos questions, en direct ce vendredi"},"content":{"rendered":"<p>Bonjour, lecteurs d&rsquo;After Hours\u00a0! J&rsquo;organiserai une s\u00e9ance de questions-r\u00e9ponses en direct <strong>Vendredi 15 juin, \u00e0 16 h HE<\/strong>. Vous pouvez poser vos questions dans la section commentaires (connectez-vous avec un compte graveur si vous souhaitez rester anonyme !), et j&rsquo;y r\u00e9pondrai en direct. Je serai heureux de r\u00e9pondre \u00e0 toutes vos questions li\u00e9es au sexe, telles que\u00a0: <\/p>\n<ul>\n<li>\n<p>Faire face \u00e0 une faible libido<\/p>\n<\/li>\n<li>\n<p>Apprendre \u00e0 avoir un orgasme<\/p>\n<\/li>\n<li>\n<p>Naviguer dans un fantasme<\/p>\n<\/li>\n<li>\n<p>Apprendre une technique sexuelle particuli\u00e8re<\/p>\n<\/li>\n<\/ul>\n<p>Et bien plus encore. Apportez votre curiosit\u00e9 et votre sens de l&rsquo;humour. A bient\u00f4t alors !<\/p>\n","protected":false},"excerpt":{"rendered":"<p>Bonjour, lecteurs d&rsquo;After Hours\u00a0! J&rsquo;organiserai une s\u00e9ance de questions-r\u00e9ponses en direct Vendredi 15 juin, \u00e0 16 h HE. Vous pouvez poser vos questions dans la<\/p>\n","protected":false},"author":1,"featured_media":1797,"comment_status":"","ping_status":"","sticky":false,"template":"","format":"standard","meta":{"footnotes":""},"categories":[42],"tags":[3307,3308,609,481,543,188,252,27],"class_list":["post-2578","post","type-post","status-publish","format-standard","has-post-thumbnail","hentry","category-relations","tag-chroniqueuse","tag-direct","tag-notre","tag-questions","tag-repond","tag-sexe","tag-vendredi","tag-vos","generate-columns","tablet-grid-50","mobile-grid-100","grid-parent","grid-33"],"yoast_head":"<!-- This site is optimized with the Yoast SEO plugin v24.0 - https:\/\/yoast.com\/wordpress\/plugins\/seo\/ -->\n<title>Notre chroniqueuse sexe r\u00e9pond \u00e0 vos questions, en direct ce vendredi | Vie Associative<\/title>\n<meta name=\"robots\" content=\"index, follow, max-snippet:-1, max-image-preview:large, max-video-preview:-1\" \/>\n<link rel=\"canonical\" href=\"https:\/\/vieassociative.be\/actualites\/notre-chroniqueuse-sexe-repond-a-vos-questions-en-direct-ce-vendredi\/\" \/>\n<meta property=\"og:locale\" content=\"fr_FR\" \/>\n<meta property=\"og:type\" content=\"article\" \/>\n<meta property=\"og:title\" content=\"Notre chroniqueuse sexe r\u00e9pond \u00e0 vos questions, en direct ce vendredi | Vie Associative\" \/>\n<meta property=\"og:description\" content=\"Bonjour, lecteurs d&rsquo;After Hours\u00a0! J&rsquo;organiserai une s\u00e9ance de questions-r\u00e9ponses en direct Vendredi 15 juin, \u00e0 16 h HE. Vous pouvez poser vos questions dans la\" \/>\n<meta property=\"og:url\" content=\"https:\/\/vieassociative.be\/actualites\/notre-chroniqueuse-sexe-repond-a-vos-questions-en-direct-ce-vendredi\/\" \/>\n<meta property=\"og:site_name\" content=\"Vie Associative\" \/>\n<meta property=\"article:published_time\" content=\"2024-11-19T12:17:28+00:00\" \/>\n<meta property=\"og:image\" content=\"https:\/\/vieassociative.be\/actualites\/wp-content\/uploads\/2024\/09\/header_backgroundk-01-e1726694325946.png\" \/>\n\t<meta property=\"og:image:width\" content=\"279\" \/>\n\t<meta property=\"og:image:height\" content=\"92\" \/>\n\t<meta property=\"og:image:type\" content=\"image\/png\" \/>\n<meta name=\"author\" content=\"Julien\" \/>\n<meta name=\"twitter:card\" content=\"summary_large_image\" \/>\n<meta name=\"twitter:label1\" content=\"\u00c9crit par\" \/>\n\t<meta name=\"twitter:data1\" content=\"Julien\" \/>\n<script type=\"application\/ld+json\" class=\"yoast-schema-graph\">{\"@context\":\"https:\/\/schema.org\",\"@graph\":[{\"@type\":\"Article\",\"@id\":\"https:\/\/vieassociative.be\/actualites\/notre-chroniqueuse-sexe-repond-a-vos-questions-en-direct-ce-vendredi\/#article\",\"isPartOf\":{\"@id\":\"https:\/\/vieassociative.be\/actualites\/notre-chroniqueuse-sexe-repond-a-vos-questions-en-direct-ce-vendredi\/\"},\"author\":{\"name\":\"Julien\",\"@id\":\"https:\/\/vieassociative.be\/actualites\/#\/schema\/person\/b87ac4f82f9d4e7b7cec7395b679edc4\"},\"headline\":\"Notre chroniqueuse sexe r\u00e9pond \u00e0 vos questions, en direct ce vendredi\",\"datePublished\":\"2024-11-19T12:17:28+00:00\",\"dateModified\":\"2024-11-19T12:17:28+00:00\",\"mainEntityOfPage\":{\"@id\":\"https:\/\/vieassociative.be\/actualites\/notre-chroniqueuse-sexe-repond-a-vos-questions-en-direct-ce-vendredi\/\"},\"wordCount\":107,\"publisher\":{\"@id\":\"https:\/\/vieassociative.be\/actualites\/#organization\"},\"image\":{\"@id\":\"https:\/\/vieassociative.be\/actualites\/notre-chroniqueuse-sexe-repond-a-vos-questions-en-direct-ce-vendredi\/#primaryimage\"},\"thumbnailUrl\":\"https:\/\/vieassociative.be\/actualites\/wp-content\/uploads\/2024\/10\/Les-vibromasseurs-diminuent-ils-reellement-votre-sensibilite.png\",\"keywords\":[\"chroniqueuse\",\"direct\",\"notre\",\"questions\",\"r\u00e9pond\",\"sexe\",\"vendredi\",\"vos\"],\"articleSection\":[\"Relations\"],\"inLanguage\":\"fr-BE\"},{\"@type\":\"WebPage\",\"@id\":\"https:\/\/vieassociative.be\/actualites\/notre-chroniqueuse-sexe-repond-a-vos-questions-en-direct-ce-vendredi\/\",\"url\":\"https:\/\/vieassociative.be\/actualites\/notre-chroniqueuse-sexe-repond-a-vos-questions-en-direct-ce-vendredi\/\",\"name\":\"Notre chroniqueuse sexe r\u00e9pond \u00e0 vos questions, en direct ce vendredi | Vie Associative\",\"isPartOf\":{\"@id\":\"https:\/\/vieassociative.be\/actualites\/#website\"},\"primaryImageOfPage\":{\"@id\":\"https:\/\/vieassociative.be\/actualites\/notre-chroniqueuse-sexe-repond-a-vos-questions-en-direct-ce-vendredi\/#primaryimage\"},\"image\":{\"@id\":\"https:\/\/vieassociative.be\/actualites\/notre-chroniqueuse-sexe-repond-a-vos-questions-en-direct-ce-vendredi\/#primaryimage\"},\"thumbnailUrl\":\"https:\/\/vieassociative.be\/actualites\/wp-content\/uploads\/2024\/10\/Les-vibromasseurs-diminuent-ils-reellement-votre-sensibilite.png\",\"datePublished\":\"2024-11-19T12:17:28+00:00\",\"dateModified\":\"2024-11-19T12:17:28+00:00\",\"breadcrumb\":{\"@id\":\"https:\/\/vieassociative.be\/actualites\/notre-chroniqueuse-sexe-repond-a-vos-questions-en-direct-ce-vendredi\/#breadcrumb\"},\"inLanguage\":\"fr-BE\",\"potentialAction\":[{\"@type\":\"ReadAction\",\"target\":[\"https:\/\/vieassociative.be\/actualites\/notre-chroniqueuse-sexe-repond-a-vos-questions-en-direct-ce-vendredi\/\"]}]},{\"@type\":\"ImageObject\",\"inLanguage\":\"fr-BE\",\"@id\":\"https:\/\/vieassociative.be\/actualites\/notre-chroniqueuse-sexe-repond-a-vos-questions-en-direct-ce-vendredi\/#primaryimage\",\"url\":\"https:\/\/vieassociative.be\/actualites\/wp-content\/uploads\/2024\/10\/Les-vibromasseurs-diminuent-ils-reellement-votre-sensibilite.png\",\"contentUrl\":\"https:\/\/vieassociative.be\/actualites\/wp-content\/uploads\/2024\/10\/Les-vibromasseurs-diminuent-ils-reellement-votre-sensibilite.png\",\"width\":1200,\"height\":675,\"caption\":\"Les vibromasseurs diminuent-ils r\u00e9ellement votre sensibilit\u00e9 ?\"},{\"@type\":\"BreadcrumbList\",\"@id\":\"https:\/\/vieassociative.be\/actualites\/notre-chroniqueuse-sexe-repond-a-vos-questions-en-direct-ce-vendredi\/#breadcrumb\",\"itemListElement\":[{\"@type\":\"ListItem\",\"position\":1,\"name\":\"Accueil\",\"item\":\"https:\/\/vieassociative.be\/actualites\/\"},{\"@type\":\"ListItem\",\"position\":2,\"name\":\"Notre chroniqueuse sexe r\u00e9pond \u00e0 vos questions, en direct ce vendredi\"}]},{\"@type\":\"WebSite\",\"@id\":\"https:\/\/vieassociative.be\/actualites\/#website\",\"url\":\"https:\/\/vieassociative.be\/actualites\/\",\"name\":\"Vie Associative\",\"description\":\"\",\"publisher\":{\"@id\":\"https:\/\/vieassociative.be\/actualites\/#organization\"},\"potentialAction\":[{\"@type\":\"SearchAction\",\"target\":{\"@type\":\"EntryPoint\",\"urlTemplate\":\"https:\/\/vieassociative.be\/actualites\/?s={search_term_string}\"},\"query-input\":{\"@type\":\"PropertyValueSpecification\",\"valueRequired\":true,\"valueName\":\"search_term_string\"}}],\"inLanguage\":\"fr-BE\"},{\"@type\":\"Organization\",\"@id\":\"https:\/\/vieassociative.be\/actualites\/#organization\",\"name\":\"Vie Associative\",\"url\":\"https:\/\/vieassociative.be\/actualites\/\",\"logo\":{\"@type\":\"ImageObject\",\"inLanguage\":\"fr-BE\",\"@id\":\"https:\/\/vieassociative.be\/actualites\/#\/schema\/logo\/image\/\",\"url\":\"https:\/\/vieassociative.be\/actualites\/wp-content\/uploads\/2024\/09\/cropped-vieassociative_favicon.ico.png\",\"contentUrl\":\"https:\/\/vieassociative.be\/actualites\/wp-content\/uploads\/2024\/09\/cropped-vieassociative_favicon.ico.png\",\"width\":512,\"height\":512,\"caption\":\"Vie Associative\"},\"image\":{\"@id\":\"https:\/\/vieassociative.be\/actualites\/#\/schema\/logo\/image\/\"}},{\"@type\":\"Person\",\"@id\":\"https:\/\/vieassociative.be\/actualites\/#\/schema\/person\/b87ac4f82f9d4e7b7cec7395b679edc4\",\"name\":\"Julien\",\"image\":{\"@type\":\"ImageObject\",\"inLanguage\":\"fr-BE\",\"@id\":\"https:\/\/vieassociative.be\/actualites\/#\/schema\/person\/image\/\",\"url\":\"https:\/\/vieassociative.be\/actualites\/wp-content\/uploads\/2024\/09\/vie-associative-1-150x150.jpg\",\"contentUrl\":\"https:\/\/vieassociative.be\/actualites\/wp-content\/uploads\/2024\/09\/vie-associative-1-150x150.jpg\",\"caption\":\"Julien\"},\"description\":\"Je suis Julien, r\u00e9dacteur pour Vie Associative. Passionn\u00e9 par le monde associatif depuis plus de 10 ans, j'ai \u00e0 c\u0153ur de partager des histoires inspirantes et de mettre en lumi\u00e8re les initiatives locales. Mon objectif est de sensibiliser et d'encourager l'engagement communautaire \u00e0 travers mes articles.\",\"sameAs\":[\"https:\/\/vieassociative.be\/\"]}]}<\/script>\n<!-- \/ Yoast SEO plugin. -->","yoast_head_json":{"title":"Notre chroniqueuse sexe r\u00e9pond \u00e0 vos questions, en direct ce vendredi | Vie Associative","robots":{"index":"index","follow":"follow","max-snippet":"max-snippet:-1","max-image-preview":"max-image-preview:large","max-video-preview":"max-video-preview:-1"},"canonical":"https:\/\/vieassociative.be\/actualites\/notre-chroniqueuse-sexe-repond-a-vos-questions-en-direct-ce-vendredi\/","og_locale":"fr_FR","og_type":"article","og_title":"Notre chroniqueuse sexe r\u00e9pond \u00e0 vos questions, en direct ce vendredi | Vie Associative","og_description":"Bonjour, lecteurs d&rsquo;After Hours\u00a0! J&rsquo;organiserai une s\u00e9ance de questions-r\u00e9ponses en direct Vendredi 15 juin, \u00e0 16 h HE. Vous pouvez poser vos questions dans la","og_url":"https:\/\/vieassociative.be\/actualites\/notre-chroniqueuse-sexe-repond-a-vos-questions-en-direct-ce-vendredi\/","og_site_name":"Vie Associative","article_published_time":"2024-11-19T12:17:28+00:00","og_image":[{"width":279,"height":92,"url":"https:\/\/vieassociative.be\/actualites\/wp-content\/uploads\/2024\/09\/header_backgroundk-01-e1726694325946.png","type":"image\/png"}],"author":"Julien","twitter_card":"summary_large_image","twitter_misc":{"\u00c9crit par":"Julien"},"schema":{"@context":"https:\/\/schema.org","@graph":[{"@type":"Article","@id":"https:\/\/vieassociative.be\/actualites\/notre-chroniqueuse-sexe-repond-a-vos-questions-en-direct-ce-vendredi\/#article","isPartOf":{"@id":"https:\/\/vieassociative.be\/actualites\/notre-chroniqueuse-sexe-repond-a-vos-questions-en-direct-ce-vendredi\/"},"author":{"name":"Julien","@id":"https:\/\/vieassociative.be\/actualites\/#\/schema\/person\/b87ac4f82f9d4e7b7cec7395b679edc4"},"headline":"Notre chroniqueuse sexe r\u00e9pond \u00e0 vos questions, en direct ce vendredi","datePublished":"2024-11-19T12:17:28+00:00","dateModified":"2024-11-19T12:17:28+00:00","mainEntityOfPage":{"@id":"https:\/\/vieassociative.be\/actualites\/notre-chroniqueuse-sexe-repond-a-vos-questions-en-direct-ce-vendredi\/"},"wordCount":107,"publisher":{"@id":"https:\/\/vieassociative.be\/actualites\/#organization"},"image":{"@id":"https:\/\/vieassociative.be\/actualites\/notre-chroniqueuse-sexe-repond-a-vos-questions-en-direct-ce-vendredi\/#primaryimage"},"thumbnailUrl":"https:\/\/vieassociative.be\/actualites\/wp-content\/uploads\/2024\/10\/Les-vibromasseurs-diminuent-ils-reellement-votre-sensibilite.png","keywords":["chroniqueuse","direct","notre","questions","r\u00e9pond","sexe","vendredi","vos"],"articleSection":["Relations"],"inLanguage":"fr-BE"},{"@type":"WebPage","@id":"https:\/\/vieassociative.be\/actualites\/notre-chroniqueuse-sexe-repond-a-vos-questions-en-direct-ce-vendredi\/","url":"https:\/\/vieassociative.be\/actualites\/notre-chroniqueuse-sexe-repond-a-vos-questions-en-direct-ce-vendredi\/","name":"Notre chroniqueuse sexe r\u00e9pond \u00e0 vos questions, en direct ce vendredi | Vie Associative","isPartOf":{"@id":"https:\/\/vieassociative.be\/actualites\/#website"},"primaryImageOfPage":{"@id":"https:\/\/vieassociative.be\/actualites\/notre-chroniqueuse-sexe-repond-a-vos-questions-en-direct-ce-vendredi\/#primaryimage"},"image":{"@id":"https:\/\/vieassociative.be\/actualites\/notre-chroniqueuse-sexe-repond-a-vos-questions-en-direct-ce-vendredi\/#primaryimage"},"thumbnailUrl":"https:\/\/vieassociative.be\/actualites\/wp-content\/uploads\/2024\/10\/Les-vibromasseurs-diminuent-ils-reellement-votre-sensibilite.png","datePublished":"2024-11-19T12:17:28+00:00","dateModified":"2024-11-19T12:17:28+00:00","breadcrumb":{"@id":"https:\/\/vieassociative.be\/actualites\/notre-chroniqueuse-sexe-repond-a-vos-questions-en-direct-ce-vendredi\/#breadcrumb"},"inLanguage":"fr-BE","potentialAction":[{"@type":"ReadAction","target":["https:\/\/vieassociative.be\/actualites\/notre-chroniqueuse-sexe-repond-a-vos-questions-en-direct-ce-vendredi\/"]}]},{"@type":"ImageObject","inLanguage":"fr-BE","@id":"https:\/\/vieassociative.be\/actualites\/notre-chroniqueuse-sexe-repond-a-vos-questions-en-direct-ce-vendredi\/#primaryimage","url":"https:\/\/vieassociative.be\/actualites\/wp-content\/uploads\/2024\/10\/Les-vibromasseurs-diminuent-ils-reellement-votre-sensibilite.png","contentUrl":"https:\/\/vieassociative.be\/actualites\/wp-content\/uploads\/2024\/10\/Les-vibromasseurs-diminuent-ils-reellement-votre-sensibilite.png","width":1200,"height":675,"caption":"Les vibromasseurs diminuent-ils r\u00e9ellement votre sensibilit\u00e9 ?"},{"@type":"BreadcrumbList","@id":"https:\/\/vieassociative.be\/actualites\/notre-chroniqueuse-sexe-repond-a-vos-questions-en-direct-ce-vendredi\/#breadcrumb","itemListElement":[{"@type":"ListItem","position":1,"name":"Accueil","item":"https:\/\/vieassociative.be\/actualites\/"},{"@type":"ListItem","position":2,"name":"Notre chroniqueuse sexe r\u00e9pond \u00e0 vos questions, en direct ce vendredi"}]},{"@type":"WebSite","@id":"https:\/\/vieassociative.be\/actualites\/#website","url":"https:\/\/vieassociative.be\/actualites\/","name":"Vie Associative","description":"","publisher":{"@id":"https:\/\/vieassociative.be\/actualites\/#organization"},"potentialAction":[{"@type":"SearchAction","target":{"@type":"EntryPoint","urlTemplate":"https:\/\/vieassociative.be\/actualites\/?s={search_term_string}"},"query-input":{"@type":"PropertyValueSpecification","valueRequired":true,"valueName":"search_term_string"}}],"inLanguage":"fr-BE"},{"@type":"Organization","@id":"https:\/\/vieassociative.be\/actualites\/#organization","name":"Vie Associative","url":"https:\/\/vieassociative.be\/actualites\/","logo":{"@type":"ImageObject","inLanguage":"fr-BE","@id":"https:\/\/vieassociative.be\/actualites\/#\/schema\/logo\/image\/","url":"https:\/\/vieassociative.be\/actualites\/wp-content\/uploads\/2024\/09\/cropped-vieassociative_favicon.ico.png","contentUrl":"https:\/\/vieassociative.be\/actualites\/wp-content\/uploads\/2024\/09\/cropped-vieassociative_favicon.ico.png","width":512,"height":512,"caption":"Vie Associative"},"image":{"@id":"https:\/\/vieassociative.be\/actualites\/#\/schema\/logo\/image\/"}},{"@type":"Person","@id":"https:\/\/vieassociative.be\/actualites\/#\/schema\/person\/b87ac4f82f9d4e7b7cec7395b679edc4","name":"Julien","image":{"@type":"ImageObject","inLanguage":"fr-BE","@id":"https:\/\/vieassociative.be\/actualites\/#\/schema\/person\/image\/","url":"https:\/\/vieassociative.be\/actualites\/wp-content\/uploads\/2024\/09\/vie-associative-1-150x150.jpg","contentUrl":"https:\/\/vieassociative.be\/actualites\/wp-content\/uploads\/2024\/09\/vie-associative-1-150x150.jpg","caption":"Julien"},"description":"Je suis Julien, r\u00e9dacteur pour Vie Associative. Passionn\u00e9 par le monde associatif depuis plus de 10 ans, j'ai \u00e0 c\u0153ur de partager des histoires inspirantes et de mettre en lumi\u00e8re les initiatives locales. Mon objectif est de sensibiliser et d'encourager l'engagement communautaire \u00e0 travers mes articles.","sameAs":["https:\/\/vieassociative.be\/"]}]}},"_links":{"self":[{"href":"https:\/\/vieassociative.be\/actualites\/wp-json\/wp\/v2\/posts\/2578"}],"collection":[{"href":"https:\/\/vieassociative.be\/actualites\/wp-json\/wp\/v2\/posts"}],"about":[{"href":"https:\/\/vieassociative.be\/actualites\/wp-json\/wp\/v2\/types\/post"}],"author":[{"embeddable":true,"href":"https:\/\/vieassociative.be\/actualites\/wp-json\/wp\/v2\/users\/1"}],"replies":[{"embeddable":true,"href":"https:\/\/vieassociative.be\/actualites\/wp-json\/wp\/v2\/comments?post=2578"}],"version-history":[{"count":0,"href":"https:\/\/vieassociative.be\/actualites\/wp-json\/wp\/v2\/posts\/2578\/revisions"}],"wp:featuredmedia":[{"embeddable":true,"href":"https:\/\/vieassociative.be\/actualites\/wp-json\/wp\/v2\/media\/1797"}],"wp:attachment":[{"href":"https:\/\/vieassociative.be\/actualites\/wp-json\/wp\/v2\/media?parent=2578"}],"wp:term":[{"taxonomy":"category","embeddable":true,"href":"https:\/\/vieassociative.be\/actualites\/wp-json\/wp\/v2\/categories?post=2578"},{"taxonomy":"post_tag","embeddable":true,"href":"https:\/\/vieassociative.be\/actualites\/wp-json\/wp\/v2\/tags?post=2578"}],"curies":[{"name":"wp","href":"https:\/\/api.w.org\/{rel}","templated":true}]}}