{"id":2576,"date":"2024-11-19T12:18:31","date_gmt":"2024-11-19T11:18:31","guid":{"rendered":"https:\/\/vieassociative.be\/actualites\/comment-maitriser-le-baby-talk-et-pourquoi-vous-devriez-le-faire\/"},"modified":"2024-11-19T12:18:31","modified_gmt":"2024-11-19T11:18:31","slug":"comment-maitriser-le-baby-talk-et-pourquoi-vous-devriez-le-faire","status":"publish","type":"post","link":"https:\/\/vieassociative.be\/actualites\/comment-maitriser-le-baby-talk-et-pourquoi-vous-devriez-le-faire\/","title":{"rendered":"Comment ma\u00eetriser le \u00ab Baby Talk \u00bb (et pourquoi vous devriez le faire)"},"content":{"rendered":"<div class=\"mt-4 leading-6 md:mb-8\">Tout ce \u00ab parentais \u00bb vient naturellement \u00e0 beaucoup d\u2019entre nous \u2013 et pour cause.<\/div>\n<p><\/p>\n<p>Beaucoup d\u2019entre nous savent instinctivement que parler r\u00e9guli\u00e8rement \u00e0 un b\u00e9b\u00e9 ou \u00e0 un tout-petit est important pour son d\u00e9veloppement. Mais il est peut-\u00eatre encore plus important que nous r\u00e9alisions : comme le montrent les recherches sur le d\u00e9veloppement de l&rsquo;enfant, encourager le d\u00e9veloppement du langage d&rsquo;un enfant ne d\u00e9pend pas seulement du nombre de mots qu&rsquo;il entend, mais aussi des interactions de va-et-vient entre un enfant et son enfant. soignant. <\/p>\n<p>\u00ab\u00a0Il y a vingt ou trente ans, on avait l&rsquo;impression que tout d\u00e9pendait du nombre de mots que les enfants entendent\u00a0\u00bb, a d\u00e9clar\u00e9 Rebecca Parlakian, experte en d\u00e9veloppement de l&rsquo;enfant aupr\u00e8s de l&rsquo;organisation \u00e0 but non lucratif Zero to Three. \u00ab Mais en r\u00e9alit\u00e9, les b\u00e9b\u00e9s et les tout-petits n&rsquo;apprennent pas la langue gr\u00e2ce aux cours magistraux ; ils apprennent la langue lorsque nous avons des interactions engageantes et r\u00e9actives avec eux. <\/p>\n<h2 id=\"how-interaction-helps-babies-build-language\">Comment l\u2019interaction aide les b\u00e9b\u00e9s \u00e0 d\u00e9velopper leur langage<\/h2>\n<p>M\u00eame avec un b\u00e9b\u00e9, il r\u00e9pond \u00e0 ses roucoulements et gargouillis avec un langage tel que \u00ab\u00a0Es-tu un gar\u00e7on affam\u00e9\u00a0?\u00a0\u00bb fait partie de la fa\u00e7on dont ils commencent \u00e0 apprendre une langue. Lorsqu&rsquo;ils grandissent un peu, c&rsquo;est la nature du langage qui va et vient, o\u00f9 un tout-petit peut dire : \u00ab Qu&rsquo;est-ce que c&rsquo;est ? avec leur parent r\u00e9pondant : \u00ab C&rsquo;est un chien ! \u00bb cela jette vraiment les bases de l\u2019apprentissage d\u2019une langue. <\/p>\n<p>\u00ab\u00a0Les enfants apprennent mieux une langue lorsqu&rsquo;ils sont en relation avec quelqu&rsquo;un qui r\u00e9pond avec eux et s&rsquo;engage avec eux\u00a0\u00bb, a d\u00e9clar\u00e9 Parlakian. <\/p>\n<p>Lorsque votre tout-petit demande ce qu&rsquo;est quelque chose, en plus de r\u00e9pondre \u00e0 sa question, il est utile de lui donner des informations suppl\u00e9mentaires, qui l&rsquo;aident \u00e0 r\u00e9pondre aux questions qu&rsquo;il est incapable de verbaliser. \u00ab \u00c0 ce stade, les tout-petits manquent de langage parce qu&rsquo;ils n&rsquo;ont pas le vocabulaire \u00bb, a d\u00e9clar\u00e9 Parlakian. <\/p>\n<p>Donc, si vous continuez en disant quelque chose comme : \u00ab Oh, regarde, le chien renifle l&rsquo;arbre \u00bb, cela prolonge la conversation au-del\u00e0 de la question initiale \u00ab qu&rsquo;est-ce que c&rsquo;est ? et aide \u00e0 r\u00e9pondre \u00e0 certaines de leurs communications non verbales telles que \u00ab\u00a0que se passe-t-il\u00a0?\u00a0\u00bb<\/p>\n<p>\u00ab\u00a0Quand nous parlons de la naissance d&rsquo;enfants de trois ans, la majorit\u00e9 de la fa\u00e7on dont ils communiquent, au moins jusqu&rsquo;\u00e0 l&rsquo;\u00e2ge de deux ans, se fait par des gestes, des expressions faciales et des vocalisations, mais pas n\u00e9cessairement par des mots\u00a0\u00bb, a d\u00e9clar\u00e9 Parlakian. \u00ab\u00a0Il faut beaucoup remarquer, r\u00e9pondre aux signaux et utiliser le langage pour \u00e9tiqueter, raconter et r\u00e9pondre \u00e0 ce qui int\u00e9resse nos enfants.\u00a0\u00bb <\/p>\n<h2 id=\"use-descriptive-language\"><strong>Utiliser un langage descriptif<\/strong> <\/h2>\n<p>La plupart de nos interactions avec nos enfants ont tendance \u00e0 utiliser un langage tr\u00e8s utilitaire, tel que \u00ab Avez-vous r\u00e9cup\u00e9r\u00e9 vos jouets ? ou \u00ab\u00a0As-tu faim?\u00a0\u00bb Bien que ces \u00e9l\u00e9ments soient certainement importants, les parents doivent \u00e9galement \u00eatre conscients de l\u2019introduction de nouveaux mots de vocabulaire. Durant les premiers jours d&rsquo;un enfant, il est bon d&rsquo;essayer d&rsquo;\u00eatre aussi descriptif que possible lorsque vous parlez de votre environnement. En vous promenant dans le quartier, vous remarquerez peut-\u00eatre la fourrure pelucheuse d&rsquo;un chat, les grands tournesols ou les nuages \u200b\u200bblancs gonfl\u00e9s dans le ciel. <\/p>\n<p>Une autre bonne fa\u00e7on d\u2019introduire une langue que vous n\u2019utiliseriez peut-\u00eatre pas autrement dans votre vie quotidienne est de lire des livres avec vos enfants. On ne parle peut-\u00eatre pas de pirates qui ont besoin d&rsquo;\u00e9couter, ni de chenilles tr\u00e8s affam\u00e9es, ni de petit moteur qui le pourrait de fa\u00e7on r\u00e9guli\u00e8re, alors les livres sont l&rsquo;occasion d&rsquo;\u00e9largir leur vocabulaire. <\/p>\n<p>\u00ab\u00a0Partager des livres, chanter, faire des comptines, toutes ces exp\u00e9riences exposent les enfants \u00e0 un vocabulaire unique\u00a0\u00bb, a d\u00e9clar\u00e9 Parlakian. \u00ab\u00a0Les livres, en particulier, utilisent beaucoup de mots que nous n&rsquo;utilisons pas dans le langage courant.\u00a0\u00bb <\/p>\n<h2 id=\"baby-talk-is-a-natural-instinct-we-should-embrace\"><strong>\u00ab\u00a0Parler avec b\u00e9b\u00e9\u00a0\u00bb est un instinct naturel que nous devrions adopter<\/strong><\/h2>\n<p>L\u2019instinct naturel, lorsque l\u2019on parle \u00e0 un b\u00e9b\u00e9 ou \u00e0 un jeune enfant, est d\u2019utiliser ce que les chercheurs appellent le \u00ab parent\u00e8se \u00bb, qui se caract\u00e9rise par des syllabes allong\u00e9es et l\u2019accent mis sur les mots cl\u00e9s. Comme le souligne Parlakian, il s\u2019agit d\u2019un instinct que l\u2019on retrouve partout dans le monde et que les parents devraient adopter. \u00ab\u00a0Presque toutes les cultures utilisent une forme de parent\u00e8se\u00a0\u00bb, a d\u00e9clar\u00e9 Parlakian. \u00ab\u00a0Cela semble \u00eatre quelque chose d&rsquo;inconscient.\u00a0\u00bb <\/p>\n<p>Il existe des preuves d\u00e9montrant que l&rsquo;utilisation de la langue parentale peut contribuer au d\u00e9veloppement du langage d&rsquo;un enfant et que plus un parent a d&rsquo;interactions de va-et-vient, en particulier au cours des tout premiers mois et ann\u00e9es, mieux c&rsquo;est. Pour les parents qui craignent que le discours de leur b\u00e9b\u00e9 ne soit pas adapt\u00e9 \u00e0 leur \u00e2ge, nous ajustons cela aussi instinctivement. <\/p>\n<p>\u00ab\u00a0Les parents ont inconsciemment tendance \u00e0 utiliser le parent\u00e8se et, tout \u00e0 fait inconsciemment, \u00e0 ajuster leur langage \u00e0 mesure que leur enfant grandit\u00a0\u00bb, a d\u00e9clar\u00e9 Parlakian. En d\u2019autres termes, \u00e0 mesure que les enfants grandissent, les parents ont tendance \u00e0 modifier leur utilisation du langage parental, en l\u2019adaptant aux besoins de leur enfant, sans le faire consciemment.<\/p>\n<p>\u00ab \u00c0 mesure que le langage de nos enfants grandit et devient plus complexe, nous, adultes, en tant que soignants, nous adaptons inconsciemment \u00e0 la complexit\u00e9 de leur langage \u00bb, a d\u00e9clar\u00e9 Parlakian. <\/p>\n<p><\/p>\n","protected":false},"excerpt":{"rendered":"<p>Tout ce \u00ab parentais \u00bb vient naturellement \u00e0 beaucoup d\u2019entre nous \u2013 et pour cause. Beaucoup d\u2019entre nous savent instinctivement que parler r\u00e9guli\u00e8rement \u00e0 un<\/p>\n","protected":false},"author":1,"featured_media":2577,"comment_status":"","ping_status":"","sticky":false,"template":"","format":"standard","meta":{"footnotes":""},"categories":[37],"tags":[3305,44,636,127,3304,734,3306,4],"class_list":["post-2576","post","type-post","status-publish","format-standard","has-post-thumbnail","hentry","category-famille","tag-baby","tag-comment","tag-devriez","tag-faire","tag-maitriser","tag-pourquoi","tag-talk","tag-vous","generate-columns","tablet-grid-50","mobile-grid-100","grid-parent","grid-33"],"yoast_head":"<!-- This site is optimized with the Yoast SEO plugin v24.0 - https:\/\/yoast.com\/wordpress\/plugins\/seo\/ -->\n<title>Comment ma\u00eetriser le \u00ab Baby Talk \u00bb (et pourquoi vous devriez le faire) | Vie Associative<\/title>\n<meta name=\"robots\" content=\"index, follow, max-snippet:-1, max-image-preview:large, max-video-preview:-1\" \/>\n<link rel=\"canonical\" href=\"https:\/\/vieassociative.be\/actualites\/comment-maitriser-le-baby-talk-et-pourquoi-vous-devriez-le-faire\/\" \/>\n<meta property=\"og:locale\" content=\"fr_FR\" \/>\n<meta property=\"og:type\" content=\"article\" \/>\n<meta property=\"og:title\" content=\"Comment ma\u00eetriser le \u00ab Baby Talk \u00bb (et pourquoi vous devriez le faire) | Vie Associative\" \/>\n<meta property=\"og:description\" content=\"Tout ce \u00ab parentais \u00bb vient naturellement \u00e0 beaucoup d\u2019entre nous \u2013 et pour cause. Beaucoup d\u2019entre nous savent instinctivement que parler r\u00e9guli\u00e8rement \u00e0 un\" \/>\n<meta property=\"og:url\" content=\"https:\/\/vieassociative.be\/actualites\/comment-maitriser-le-baby-talk-et-pourquoi-vous-devriez-le-faire\/\" \/>\n<meta property=\"og:site_name\" content=\"Vie Associative\" \/>\n<meta property=\"article:published_time\" content=\"2024-11-19T11:18:31+00:00\" \/>\n<meta property=\"og:image\" content=\"https:\/\/vieassociative.be\/actualites\/wp-content\/uploads\/2024\/09\/header_backgroundk-01-e1726694325946.png\" \/>\n\t<meta property=\"og:image:width\" content=\"279\" \/>\n\t<meta property=\"og:image:height\" content=\"92\" \/>\n\t<meta property=\"og:image:type\" content=\"image\/png\" \/>\n<meta name=\"author\" content=\"Julien\" \/>\n<meta name=\"twitter:card\" content=\"summary_large_image\" \/>\n<meta name=\"twitter:label1\" content=\"\u00c9crit par\" \/>\n\t<meta name=\"twitter:data1\" content=\"Julien\" \/>\n\t<meta name=\"twitter:label2\" content=\"Dur\u00e9e de lecture est.\" \/>\n\t<meta name=\"twitter:data2\" content=\"5 minutes\" \/>\n<script type=\"application\/ld+json\" class=\"yoast-schema-graph\">{\"@context\":\"https:\/\/schema.org\",\"@graph\":[{\"@type\":\"Article\",\"@id\":\"https:\/\/vieassociative.be\/actualites\/comment-maitriser-le-baby-talk-et-pourquoi-vous-devriez-le-faire\/#article\",\"isPartOf\":{\"@id\":\"https:\/\/vieassociative.be\/actualites\/comment-maitriser-le-baby-talk-et-pourquoi-vous-devriez-le-faire\/\"},\"author\":{\"name\":\"Julien\",\"@id\":\"https:\/\/vieassociative.be\/actualites\/#\/schema\/person\/b87ac4f82f9d4e7b7cec7395b679edc4\"},\"headline\":\"Comment ma\u00eetriser le \u00ab Baby Talk \u00bb (et pourquoi vous devriez le faire)\",\"datePublished\":\"2024-11-19T11:18:31+00:00\",\"dateModified\":\"2024-11-19T11:18:31+00:00\",\"mainEntityOfPage\":{\"@id\":\"https:\/\/vieassociative.be\/actualites\/comment-maitriser-le-baby-talk-et-pourquoi-vous-devriez-le-faire\/\"},\"wordCount\":955,\"publisher\":{\"@id\":\"https:\/\/vieassociative.be\/actualites\/#organization\"},\"image\":{\"@id\":\"https:\/\/vieassociative.be\/actualites\/comment-maitriser-le-baby-talk-et-pourquoi-vous-devriez-le-faire\/#primaryimage\"},\"thumbnailUrl\":\"https:\/\/vieassociative.be\/actualites\/wp-content\/uploads\/2024\/11\/Comment-maitriser-le-Baby-Talk-et-pourquoi-vous.jpg\",\"keywords\":[\"Baby\",\"Comment\",\"devriez\",\"faire\",\"ma\u00eetriser\",\"Pourquoi\",\"Talk\",\"Vous\"],\"articleSection\":[\"Famille\"],\"inLanguage\":\"fr-BE\"},{\"@type\":\"WebPage\",\"@id\":\"https:\/\/vieassociative.be\/actualites\/comment-maitriser-le-baby-talk-et-pourquoi-vous-devriez-le-faire\/\",\"url\":\"https:\/\/vieassociative.be\/actualites\/comment-maitriser-le-baby-talk-et-pourquoi-vous-devriez-le-faire\/\",\"name\":\"Comment ma\u00eetriser le \u00ab Baby Talk \u00bb (et pourquoi vous devriez le faire) | Vie Associative\",\"isPartOf\":{\"@id\":\"https:\/\/vieassociative.be\/actualites\/#website\"},\"primaryImageOfPage\":{\"@id\":\"https:\/\/vieassociative.be\/actualites\/comment-maitriser-le-baby-talk-et-pourquoi-vous-devriez-le-faire\/#primaryimage\"},\"image\":{\"@id\":\"https:\/\/vieassociative.be\/actualites\/comment-maitriser-le-baby-talk-et-pourquoi-vous-devriez-le-faire\/#primaryimage\"},\"thumbnailUrl\":\"https:\/\/vieassociative.be\/actualites\/wp-content\/uploads\/2024\/11\/Comment-maitriser-le-Baby-Talk-et-pourquoi-vous.jpg\",\"datePublished\":\"2024-11-19T11:18:31+00:00\",\"dateModified\":\"2024-11-19T11:18:31+00:00\",\"breadcrumb\":{\"@id\":\"https:\/\/vieassociative.be\/actualites\/comment-maitriser-le-baby-talk-et-pourquoi-vous-devriez-le-faire\/#breadcrumb\"},\"inLanguage\":\"fr-BE\",\"potentialAction\":[{\"@type\":\"ReadAction\",\"target\":[\"https:\/\/vieassociative.be\/actualites\/comment-maitriser-le-baby-talk-et-pourquoi-vous-devriez-le-faire\/\"]}]},{\"@type\":\"ImageObject\",\"inLanguage\":\"fr-BE\",\"@id\":\"https:\/\/vieassociative.be\/actualites\/comment-maitriser-le-baby-talk-et-pourquoi-vous-devriez-le-faire\/#primaryimage\",\"url\":\"https:\/\/vieassociative.be\/actualites\/wp-content\/uploads\/2024\/11\/Comment-maitriser-le-Baby-Talk-et-pourquoi-vous.jpg\",\"contentUrl\":\"https:\/\/vieassociative.be\/actualites\/wp-content\/uploads\/2024\/11\/Comment-maitriser-le-Baby-Talk-et-pourquoi-vous.jpg\",\"width\":1200,\"height\":675,\"caption\":\"Comment ma\u00eetriser le \u00ab Baby Talk \u00bb (et pourquoi vous devriez le faire)\"},{\"@type\":\"BreadcrumbList\",\"@id\":\"https:\/\/vieassociative.be\/actualites\/comment-maitriser-le-baby-talk-et-pourquoi-vous-devriez-le-faire\/#breadcrumb\",\"itemListElement\":[{\"@type\":\"ListItem\",\"position\":1,\"name\":\"Accueil\",\"item\":\"https:\/\/vieassociative.be\/actualites\/\"},{\"@type\":\"ListItem\",\"position\":2,\"name\":\"Comment ma\u00eetriser le \u00ab Baby Talk \u00bb (et pourquoi vous devriez le faire)\"}]},{\"@type\":\"WebSite\",\"@id\":\"https:\/\/vieassociative.be\/actualites\/#website\",\"url\":\"https:\/\/vieassociative.be\/actualites\/\",\"name\":\"Vie Associative\",\"description\":\"\",\"publisher\":{\"@id\":\"https:\/\/vieassociative.be\/actualites\/#organization\"},\"potentialAction\":[{\"@type\":\"SearchAction\",\"target\":{\"@type\":\"EntryPoint\",\"urlTemplate\":\"https:\/\/vieassociative.be\/actualites\/?s={search_term_string}\"},\"query-input\":{\"@type\":\"PropertyValueSpecification\",\"valueRequired\":true,\"valueName\":\"search_term_string\"}}],\"inLanguage\":\"fr-BE\"},{\"@type\":\"Organization\",\"@id\":\"https:\/\/vieassociative.be\/actualites\/#organization\",\"name\":\"Vie Associative\",\"url\":\"https:\/\/vieassociative.be\/actualites\/\",\"logo\":{\"@type\":\"ImageObject\",\"inLanguage\":\"fr-BE\",\"@id\":\"https:\/\/vieassociative.be\/actualites\/#\/schema\/logo\/image\/\",\"url\":\"https:\/\/vieassociative.be\/actualites\/wp-content\/uploads\/2024\/09\/cropped-vieassociative_favicon.ico.png\",\"contentUrl\":\"https:\/\/vieassociative.be\/actualites\/wp-content\/uploads\/2024\/09\/cropped-vieassociative_favicon.ico.png\",\"width\":512,\"height\":512,\"caption\":\"Vie Associative\"},\"image\":{\"@id\":\"https:\/\/vieassociative.be\/actualites\/#\/schema\/logo\/image\/\"}},{\"@type\":\"Person\",\"@id\":\"https:\/\/vieassociative.be\/actualites\/#\/schema\/person\/b87ac4f82f9d4e7b7cec7395b679edc4\",\"name\":\"Julien\",\"image\":{\"@type\":\"ImageObject\",\"inLanguage\":\"fr-BE\",\"@id\":\"https:\/\/vieassociative.be\/actualites\/#\/schema\/person\/image\/\",\"url\":\"https:\/\/vieassociative.be\/actualites\/wp-content\/uploads\/2024\/09\/vie-associative-1-150x150.jpg\",\"contentUrl\":\"https:\/\/vieassociative.be\/actualites\/wp-content\/uploads\/2024\/09\/vie-associative-1-150x150.jpg\",\"caption\":\"Julien\"},\"description\":\"Je suis Julien, r\u00e9dacteur pour Vie Associative. Passionn\u00e9 par le monde associatif depuis plus de 10 ans, j'ai \u00e0 c\u0153ur de partager des histoires inspirantes et de mettre en lumi\u00e8re les initiatives locales. Mon objectif est de sensibiliser et d'encourager l'engagement communautaire \u00e0 travers mes articles.\",\"sameAs\":[\"https:\/\/vieassociative.be\/\"]}]}<\/script>\n<!-- \/ Yoast SEO plugin. -->","yoast_head_json":{"title":"Comment ma\u00eetriser le \u00ab Baby Talk \u00bb (et pourquoi vous devriez le faire) | Vie Associative","robots":{"index":"index","follow":"follow","max-snippet":"max-snippet:-1","max-image-preview":"max-image-preview:large","max-video-preview":"max-video-preview:-1"},"canonical":"https:\/\/vieassociative.be\/actualites\/comment-maitriser-le-baby-talk-et-pourquoi-vous-devriez-le-faire\/","og_locale":"fr_FR","og_type":"article","og_title":"Comment ma\u00eetriser le \u00ab Baby Talk \u00bb (et pourquoi vous devriez le faire) | Vie Associative","og_description":"Tout ce \u00ab parentais \u00bb vient naturellement \u00e0 beaucoup d\u2019entre nous \u2013 et pour cause. Beaucoup d\u2019entre nous savent instinctivement que parler r\u00e9guli\u00e8rement \u00e0 un","og_url":"https:\/\/vieassociative.be\/actualites\/comment-maitriser-le-baby-talk-et-pourquoi-vous-devriez-le-faire\/","og_site_name":"Vie Associative","article_published_time":"2024-11-19T11:18:31+00:00","og_image":[{"width":279,"height":92,"url":"https:\/\/vieassociative.be\/actualites\/wp-content\/uploads\/2024\/09\/header_backgroundk-01-e1726694325946.png","type":"image\/png"}],"author":"Julien","twitter_card":"summary_large_image","twitter_misc":{"\u00c9crit par":"Julien","Dur\u00e9e de lecture est.":"5 minutes"},"schema":{"@context":"https:\/\/schema.org","@graph":[{"@type":"Article","@id":"https:\/\/vieassociative.be\/actualites\/comment-maitriser-le-baby-talk-et-pourquoi-vous-devriez-le-faire\/#article","isPartOf":{"@id":"https:\/\/vieassociative.be\/actualites\/comment-maitriser-le-baby-talk-et-pourquoi-vous-devriez-le-faire\/"},"author":{"name":"Julien","@id":"https:\/\/vieassociative.be\/actualites\/#\/schema\/person\/b87ac4f82f9d4e7b7cec7395b679edc4"},"headline":"Comment ma\u00eetriser le \u00ab Baby Talk \u00bb (et pourquoi vous devriez le faire)","datePublished":"2024-11-19T11:18:31+00:00","dateModified":"2024-11-19T11:18:31+00:00","mainEntityOfPage":{"@id":"https:\/\/vieassociative.be\/actualites\/comment-maitriser-le-baby-talk-et-pourquoi-vous-devriez-le-faire\/"},"wordCount":955,"publisher":{"@id":"https:\/\/vieassociative.be\/actualites\/#organization"},"image":{"@id":"https:\/\/vieassociative.be\/actualites\/comment-maitriser-le-baby-talk-et-pourquoi-vous-devriez-le-faire\/#primaryimage"},"thumbnailUrl":"https:\/\/vieassociative.be\/actualites\/wp-content\/uploads\/2024\/11\/Comment-maitriser-le-Baby-Talk-et-pourquoi-vous.jpg","keywords":["Baby","Comment","devriez","faire","ma\u00eetriser","Pourquoi","Talk","Vous"],"articleSection":["Famille"],"inLanguage":"fr-BE"},{"@type":"WebPage","@id":"https:\/\/vieassociative.be\/actualites\/comment-maitriser-le-baby-talk-et-pourquoi-vous-devriez-le-faire\/","url":"https:\/\/vieassociative.be\/actualites\/comment-maitriser-le-baby-talk-et-pourquoi-vous-devriez-le-faire\/","name":"Comment ma\u00eetriser le \u00ab Baby Talk \u00bb (et pourquoi vous devriez le faire) | Vie Associative","isPartOf":{"@id":"https:\/\/vieassociative.be\/actualites\/#website"},"primaryImageOfPage":{"@id":"https:\/\/vieassociative.be\/actualites\/comment-maitriser-le-baby-talk-et-pourquoi-vous-devriez-le-faire\/#primaryimage"},"image":{"@id":"https:\/\/vieassociative.be\/actualites\/comment-maitriser-le-baby-talk-et-pourquoi-vous-devriez-le-faire\/#primaryimage"},"thumbnailUrl":"https:\/\/vieassociative.be\/actualites\/wp-content\/uploads\/2024\/11\/Comment-maitriser-le-Baby-Talk-et-pourquoi-vous.jpg","datePublished":"2024-11-19T11:18:31+00:00","dateModified":"2024-11-19T11:18:31+00:00","breadcrumb":{"@id":"https:\/\/vieassociative.be\/actualites\/comment-maitriser-le-baby-talk-et-pourquoi-vous-devriez-le-faire\/#breadcrumb"},"inLanguage":"fr-BE","potentialAction":[{"@type":"ReadAction","target":["https:\/\/vieassociative.be\/actualites\/comment-maitriser-le-baby-talk-et-pourquoi-vous-devriez-le-faire\/"]}]},{"@type":"ImageObject","inLanguage":"fr-BE","@id":"https:\/\/vieassociative.be\/actualites\/comment-maitriser-le-baby-talk-et-pourquoi-vous-devriez-le-faire\/#primaryimage","url":"https:\/\/vieassociative.be\/actualites\/wp-content\/uploads\/2024\/11\/Comment-maitriser-le-Baby-Talk-et-pourquoi-vous.jpg","contentUrl":"https:\/\/vieassociative.be\/actualites\/wp-content\/uploads\/2024\/11\/Comment-maitriser-le-Baby-Talk-et-pourquoi-vous.jpg","width":1200,"height":675,"caption":"Comment ma\u00eetriser le \u00ab Baby Talk \u00bb (et pourquoi vous devriez le faire)"},{"@type":"BreadcrumbList","@id":"https:\/\/vieassociative.be\/actualites\/comment-maitriser-le-baby-talk-et-pourquoi-vous-devriez-le-faire\/#breadcrumb","itemListElement":[{"@type":"ListItem","position":1,"name":"Accueil","item":"https:\/\/vieassociative.be\/actualites\/"},{"@type":"ListItem","position":2,"name":"Comment ma\u00eetriser le \u00ab Baby Talk \u00bb (et pourquoi vous devriez le faire)"}]},{"@type":"WebSite","@id":"https:\/\/vieassociative.be\/actualites\/#website","url":"https:\/\/vieassociative.be\/actualites\/","name":"Vie Associative","description":"","publisher":{"@id":"https:\/\/vieassociative.be\/actualites\/#organization"},"potentialAction":[{"@type":"SearchAction","target":{"@type":"EntryPoint","urlTemplate":"https:\/\/vieassociative.be\/actualites\/?s={search_term_string}"},"query-input":{"@type":"PropertyValueSpecification","valueRequired":true,"valueName":"search_term_string"}}],"inLanguage":"fr-BE"},{"@type":"Organization","@id":"https:\/\/vieassociative.be\/actualites\/#organization","name":"Vie Associative","url":"https:\/\/vieassociative.be\/actualites\/","logo":{"@type":"ImageObject","inLanguage":"fr-BE","@id":"https:\/\/vieassociative.be\/actualites\/#\/schema\/logo\/image\/","url":"https:\/\/vieassociative.be\/actualites\/wp-content\/uploads\/2024\/09\/cropped-vieassociative_favicon.ico.png","contentUrl":"https:\/\/vieassociative.be\/actualites\/wp-content\/uploads\/2024\/09\/cropped-vieassociative_favicon.ico.png","width":512,"height":512,"caption":"Vie Associative"},"image":{"@id":"https:\/\/vieassociative.be\/actualites\/#\/schema\/logo\/image\/"}},{"@type":"Person","@id":"https:\/\/vieassociative.be\/actualites\/#\/schema\/person\/b87ac4f82f9d4e7b7cec7395b679edc4","name":"Julien","image":{"@type":"ImageObject","inLanguage":"fr-BE","@id":"https:\/\/vieassociative.be\/actualites\/#\/schema\/person\/image\/","url":"https:\/\/vieassociative.be\/actualites\/wp-content\/uploads\/2024\/09\/vie-associative-1-150x150.jpg","contentUrl":"https:\/\/vieassociative.be\/actualites\/wp-content\/uploads\/2024\/09\/vie-associative-1-150x150.jpg","caption":"Julien"},"description":"Je suis Julien, r\u00e9dacteur pour Vie Associative. Passionn\u00e9 par le monde associatif depuis plus de 10 ans, j'ai \u00e0 c\u0153ur de partager des histoires inspirantes et de mettre en lumi\u00e8re les initiatives locales. Mon objectif est de sensibiliser et d'encourager l'engagement communautaire \u00e0 travers mes articles.","sameAs":["https:\/\/vieassociative.be\/"]}]}},"_links":{"self":[{"href":"https:\/\/vieassociative.be\/actualites\/wp-json\/wp\/v2\/posts\/2576"}],"collection":[{"href":"https:\/\/vieassociative.be\/actualites\/wp-json\/wp\/v2\/posts"}],"about":[{"href":"https:\/\/vieassociative.be\/actualites\/wp-json\/wp\/v2\/types\/post"}],"author":[{"embeddable":true,"href":"https:\/\/vieassociative.be\/actualites\/wp-json\/wp\/v2\/users\/1"}],"replies":[{"embeddable":true,"href":"https:\/\/vieassociative.be\/actualites\/wp-json\/wp\/v2\/comments?post=2576"}],"version-history":[{"count":0,"href":"https:\/\/vieassociative.be\/actualites\/wp-json\/wp\/v2\/posts\/2576\/revisions"}],"wp:featuredmedia":[{"embeddable":true,"href":"https:\/\/vieassociative.be\/actualites\/wp-json\/wp\/v2\/media\/2577"}],"wp:attachment":[{"href":"https:\/\/vieassociative.be\/actualites\/wp-json\/wp\/v2\/media?parent=2576"}],"wp:term":[{"taxonomy":"category","embeddable":true,"href":"https:\/\/vieassociative.be\/actualites\/wp-json\/wp\/v2\/categories?post=2576"},{"taxonomy":"post_tag","embeddable":true,"href":"https:\/\/vieassociative.be\/actualites\/wp-json\/wp\/v2\/tags?post=2576"}],"curies":[{"name":"wp","href":"https:\/\/api.w.org\/{rel}","templated":true}]}}