{"id":2571,"date":"2024-11-19T07:18:21","date_gmt":"2024-11-19T06:18:21","guid":{"rendered":"https:\/\/vieassociative.be\/actualites\/parlons-de-sexe-vivons-avec-notre-sexologue\/"},"modified":"2024-11-19T07:18:21","modified_gmt":"2024-11-19T06:18:21","slug":"parlons-de-sexe-vivons-avec-notre-sexologue","status":"publish","type":"post","link":"https:\/\/vieassociative.be\/actualites\/parlons-de-sexe-vivons-avec-notre-sexologue\/","title":{"rendered":"Parlons de sexe, vivons avec notre sexologue"},"content":{"rendered":"<p>Bienvenue \u00e0 notre toute premi\u00e8re s\u00e9ance de questions-r\u00e9ponses avec notre propre chroniqueuse sexuelle, Vanessa Marin. Pendant la prochaine heure, elle r\u00e9pondra \u00e0 vos questions sur tout ce qui concerne le sexe. Ne soyez pas timide et n&rsquo;h\u00e9sitez pas \u00e0 utiliser un compte graveur si vous souhaitez rester anonyme. (Mais vous n\u2019avez pas besoin qu\u2019on vous le dise, n\u2019est-ce pas ?) <\/p>\n<p><strong><em>Mise \u00e0 jour \u00e0 17h00\u00a0: <\/em><\/strong>Les commentaires sont maintenant ferm\u00e9s \u2013 merci pour toutes vos questions r\u00e9fl\u00e9chies\u00a0! <\/p>\n","protected":false},"excerpt":{"rendered":"<p>Bienvenue \u00e0 notre toute premi\u00e8re s\u00e9ance de questions-r\u00e9ponses avec notre propre chroniqueuse sexuelle, Vanessa Marin. Pendant la prochaine heure, elle r\u00e9pondra \u00e0 vos questions sur<\/p>\n","protected":false},"author":1,"featured_media":1797,"comment_status":"","ping_status":"","sticky":false,"template":"","format":"standard","meta":{"footnotes":""},"categories":[42],"tags":[61,609,3302,188,3303,3255],"class_list":["post-2571","post","type-post","status-publish","format-standard","has-post-thumbnail","hentry","category-relations","tag-avec","tag-notre","tag-parlons","tag-sexe","tag-sexologue","tag-vivons","generate-columns","tablet-grid-50","mobile-grid-100","grid-parent","grid-33"],"yoast_head":"<!-- This site is optimized with the Yoast SEO plugin v24.0 - https:\/\/yoast.com\/wordpress\/plugins\/seo\/ -->\n<title>Parlons de sexe, vivons avec notre sexologue | Vie Associative<\/title>\n<meta name=\"robots\" content=\"index, follow, max-snippet:-1, max-image-preview:large, max-video-preview:-1\" \/>\n<link rel=\"canonical\" href=\"https:\/\/vieassociative.be\/actualites\/parlons-de-sexe-vivons-avec-notre-sexologue\/\" \/>\n<meta property=\"og:locale\" content=\"fr_FR\" \/>\n<meta property=\"og:type\" content=\"article\" \/>\n<meta property=\"og:title\" content=\"Parlons de sexe, vivons avec notre sexologue | Vie Associative\" \/>\n<meta property=\"og:description\" content=\"Bienvenue \u00e0 notre toute premi\u00e8re s\u00e9ance de questions-r\u00e9ponses avec notre propre chroniqueuse sexuelle, Vanessa Marin. Pendant la prochaine heure, elle r\u00e9pondra \u00e0 vos questions sur\" \/>\n<meta property=\"og:url\" content=\"https:\/\/vieassociative.be\/actualites\/parlons-de-sexe-vivons-avec-notre-sexologue\/\" \/>\n<meta property=\"og:site_name\" content=\"Vie Associative\" \/>\n<meta property=\"article:published_time\" content=\"2024-11-19T06:18:21+00:00\" \/>\n<meta property=\"og:image\" content=\"https:\/\/vieassociative.be\/actualites\/wp-content\/uploads\/2024\/09\/header_backgroundk-01-e1726694325946.png\" \/>\n\t<meta property=\"og:image:width\" content=\"279\" \/>\n\t<meta property=\"og:image:height\" content=\"92\" \/>\n\t<meta property=\"og:image:type\" content=\"image\/png\" \/>\n<meta name=\"author\" content=\"Julien\" \/>\n<meta name=\"twitter:card\" content=\"summary_large_image\" \/>\n<meta name=\"twitter:label1\" content=\"\u00c9crit par\" \/>\n\t<meta name=\"twitter:data1\" content=\"Julien\" \/>\n<script type=\"application\/ld+json\" class=\"yoast-schema-graph\">{\"@context\":\"https:\/\/schema.org\",\"@graph\":[{\"@type\":\"Article\",\"@id\":\"https:\/\/vieassociative.be\/actualites\/parlons-de-sexe-vivons-avec-notre-sexologue\/#article\",\"isPartOf\":{\"@id\":\"https:\/\/vieassociative.be\/actualites\/parlons-de-sexe-vivons-avec-notre-sexologue\/\"},\"author\":{\"name\":\"Julien\",\"@id\":\"https:\/\/vieassociative.be\/actualites\/#\/schema\/person\/b87ac4f82f9d4e7b7cec7395b679edc4\"},\"headline\":\"Parlons de sexe, vivons avec notre sexologue\",\"datePublished\":\"2024-11-19T06:18:21+00:00\",\"dateModified\":\"2024-11-19T06:18:21+00:00\",\"mainEntityOfPage\":{\"@id\":\"https:\/\/vieassociative.be\/actualites\/parlons-de-sexe-vivons-avec-notre-sexologue\/\"},\"wordCount\":89,\"publisher\":{\"@id\":\"https:\/\/vieassociative.be\/actualites\/#organization\"},\"image\":{\"@id\":\"https:\/\/vieassociative.be\/actualites\/parlons-de-sexe-vivons-avec-notre-sexologue\/#primaryimage\"},\"thumbnailUrl\":\"https:\/\/vieassociative.be\/actualites\/wp-content\/uploads\/2024\/10\/Les-vibromasseurs-diminuent-ils-reellement-votre-sensibilite.png\",\"keywords\":[\"avec\",\"notre\",\"Parlons\",\"sexe\",\"sexologue\",\"vivons\"],\"articleSection\":[\"Relations\"],\"inLanguage\":\"fr-BE\"},{\"@type\":\"WebPage\",\"@id\":\"https:\/\/vieassociative.be\/actualites\/parlons-de-sexe-vivons-avec-notre-sexologue\/\",\"url\":\"https:\/\/vieassociative.be\/actualites\/parlons-de-sexe-vivons-avec-notre-sexologue\/\",\"name\":\"Parlons de sexe, vivons avec notre sexologue | Vie Associative\",\"isPartOf\":{\"@id\":\"https:\/\/vieassociative.be\/actualites\/#website\"},\"primaryImageOfPage\":{\"@id\":\"https:\/\/vieassociative.be\/actualites\/parlons-de-sexe-vivons-avec-notre-sexologue\/#primaryimage\"},\"image\":{\"@id\":\"https:\/\/vieassociative.be\/actualites\/parlons-de-sexe-vivons-avec-notre-sexologue\/#primaryimage\"},\"thumbnailUrl\":\"https:\/\/vieassociative.be\/actualites\/wp-content\/uploads\/2024\/10\/Les-vibromasseurs-diminuent-ils-reellement-votre-sensibilite.png\",\"datePublished\":\"2024-11-19T06:18:21+00:00\",\"dateModified\":\"2024-11-19T06:18:21+00:00\",\"breadcrumb\":{\"@id\":\"https:\/\/vieassociative.be\/actualites\/parlons-de-sexe-vivons-avec-notre-sexologue\/#breadcrumb\"},\"inLanguage\":\"fr-BE\",\"potentialAction\":[{\"@type\":\"ReadAction\",\"target\":[\"https:\/\/vieassociative.be\/actualites\/parlons-de-sexe-vivons-avec-notre-sexologue\/\"]}]},{\"@type\":\"ImageObject\",\"inLanguage\":\"fr-BE\",\"@id\":\"https:\/\/vieassociative.be\/actualites\/parlons-de-sexe-vivons-avec-notre-sexologue\/#primaryimage\",\"url\":\"https:\/\/vieassociative.be\/actualites\/wp-content\/uploads\/2024\/10\/Les-vibromasseurs-diminuent-ils-reellement-votre-sensibilite.png\",\"contentUrl\":\"https:\/\/vieassociative.be\/actualites\/wp-content\/uploads\/2024\/10\/Les-vibromasseurs-diminuent-ils-reellement-votre-sensibilite.png\",\"width\":1200,\"height\":675,\"caption\":\"Les vibromasseurs diminuent-ils r\u00e9ellement votre sensibilit\u00e9 ?\"},{\"@type\":\"BreadcrumbList\",\"@id\":\"https:\/\/vieassociative.be\/actualites\/parlons-de-sexe-vivons-avec-notre-sexologue\/#breadcrumb\",\"itemListElement\":[{\"@type\":\"ListItem\",\"position\":1,\"name\":\"Accueil\",\"item\":\"https:\/\/vieassociative.be\/actualites\/\"},{\"@type\":\"ListItem\",\"position\":2,\"name\":\"Parlons de sexe, vivons avec notre sexologue\"}]},{\"@type\":\"WebSite\",\"@id\":\"https:\/\/vieassociative.be\/actualites\/#website\",\"url\":\"https:\/\/vieassociative.be\/actualites\/\",\"name\":\"Vie Associative\",\"description\":\"\",\"publisher\":{\"@id\":\"https:\/\/vieassociative.be\/actualites\/#organization\"},\"potentialAction\":[{\"@type\":\"SearchAction\",\"target\":{\"@type\":\"EntryPoint\",\"urlTemplate\":\"https:\/\/vieassociative.be\/actualites\/?s={search_term_string}\"},\"query-input\":{\"@type\":\"PropertyValueSpecification\",\"valueRequired\":true,\"valueName\":\"search_term_string\"}}],\"inLanguage\":\"fr-BE\"},{\"@type\":\"Organization\",\"@id\":\"https:\/\/vieassociative.be\/actualites\/#organization\",\"name\":\"Vie Associative\",\"url\":\"https:\/\/vieassociative.be\/actualites\/\",\"logo\":{\"@type\":\"ImageObject\",\"inLanguage\":\"fr-BE\",\"@id\":\"https:\/\/vieassociative.be\/actualites\/#\/schema\/logo\/image\/\",\"url\":\"https:\/\/vieassociative.be\/actualites\/wp-content\/uploads\/2024\/09\/cropped-vieassociative_favicon.ico.png\",\"contentUrl\":\"https:\/\/vieassociative.be\/actualites\/wp-content\/uploads\/2024\/09\/cropped-vieassociative_favicon.ico.png\",\"width\":512,\"height\":512,\"caption\":\"Vie Associative\"},\"image\":{\"@id\":\"https:\/\/vieassociative.be\/actualites\/#\/schema\/logo\/image\/\"}},{\"@type\":\"Person\",\"@id\":\"https:\/\/vieassociative.be\/actualites\/#\/schema\/person\/b87ac4f82f9d4e7b7cec7395b679edc4\",\"name\":\"Julien\",\"image\":{\"@type\":\"ImageObject\",\"inLanguage\":\"fr-BE\",\"@id\":\"https:\/\/vieassociative.be\/actualites\/#\/schema\/person\/image\/\",\"url\":\"https:\/\/vieassociative.be\/actualites\/wp-content\/uploads\/2024\/09\/vie-associative-1-150x150.jpg\",\"contentUrl\":\"https:\/\/vieassociative.be\/actualites\/wp-content\/uploads\/2024\/09\/vie-associative-1-150x150.jpg\",\"caption\":\"Julien\"},\"description\":\"Je suis Julien, r\u00e9dacteur pour Vie Associative. Passionn\u00e9 par le monde associatif depuis plus de 10 ans, j'ai \u00e0 c\u0153ur de partager des histoires inspirantes et de mettre en lumi\u00e8re les initiatives locales. Mon objectif est de sensibiliser et d'encourager l'engagement communautaire \u00e0 travers mes articles.\",\"sameAs\":[\"https:\/\/vieassociative.be\/\"]}]}<\/script>\n<!-- \/ Yoast SEO plugin. -->","yoast_head_json":{"title":"Parlons de sexe, vivons avec notre sexologue | Vie Associative","robots":{"index":"index","follow":"follow","max-snippet":"max-snippet:-1","max-image-preview":"max-image-preview:large","max-video-preview":"max-video-preview:-1"},"canonical":"https:\/\/vieassociative.be\/actualites\/parlons-de-sexe-vivons-avec-notre-sexologue\/","og_locale":"fr_FR","og_type":"article","og_title":"Parlons de sexe, vivons avec notre sexologue | Vie Associative","og_description":"Bienvenue \u00e0 notre toute premi\u00e8re s\u00e9ance de questions-r\u00e9ponses avec notre propre chroniqueuse sexuelle, Vanessa Marin. Pendant la prochaine heure, elle r\u00e9pondra \u00e0 vos questions sur","og_url":"https:\/\/vieassociative.be\/actualites\/parlons-de-sexe-vivons-avec-notre-sexologue\/","og_site_name":"Vie Associative","article_published_time":"2024-11-19T06:18:21+00:00","og_image":[{"width":279,"height":92,"url":"https:\/\/vieassociative.be\/actualites\/wp-content\/uploads\/2024\/09\/header_backgroundk-01-e1726694325946.png","type":"image\/png"}],"author":"Julien","twitter_card":"summary_large_image","twitter_misc":{"\u00c9crit par":"Julien"},"schema":{"@context":"https:\/\/schema.org","@graph":[{"@type":"Article","@id":"https:\/\/vieassociative.be\/actualites\/parlons-de-sexe-vivons-avec-notre-sexologue\/#article","isPartOf":{"@id":"https:\/\/vieassociative.be\/actualites\/parlons-de-sexe-vivons-avec-notre-sexologue\/"},"author":{"name":"Julien","@id":"https:\/\/vieassociative.be\/actualites\/#\/schema\/person\/b87ac4f82f9d4e7b7cec7395b679edc4"},"headline":"Parlons de sexe, vivons avec notre sexologue","datePublished":"2024-11-19T06:18:21+00:00","dateModified":"2024-11-19T06:18:21+00:00","mainEntityOfPage":{"@id":"https:\/\/vieassociative.be\/actualites\/parlons-de-sexe-vivons-avec-notre-sexologue\/"},"wordCount":89,"publisher":{"@id":"https:\/\/vieassociative.be\/actualites\/#organization"},"image":{"@id":"https:\/\/vieassociative.be\/actualites\/parlons-de-sexe-vivons-avec-notre-sexologue\/#primaryimage"},"thumbnailUrl":"https:\/\/vieassociative.be\/actualites\/wp-content\/uploads\/2024\/10\/Les-vibromasseurs-diminuent-ils-reellement-votre-sensibilite.png","keywords":["avec","notre","Parlons","sexe","sexologue","vivons"],"articleSection":["Relations"],"inLanguage":"fr-BE"},{"@type":"WebPage","@id":"https:\/\/vieassociative.be\/actualites\/parlons-de-sexe-vivons-avec-notre-sexologue\/","url":"https:\/\/vieassociative.be\/actualites\/parlons-de-sexe-vivons-avec-notre-sexologue\/","name":"Parlons de sexe, vivons avec notre sexologue | Vie Associative","isPartOf":{"@id":"https:\/\/vieassociative.be\/actualites\/#website"},"primaryImageOfPage":{"@id":"https:\/\/vieassociative.be\/actualites\/parlons-de-sexe-vivons-avec-notre-sexologue\/#primaryimage"},"image":{"@id":"https:\/\/vieassociative.be\/actualites\/parlons-de-sexe-vivons-avec-notre-sexologue\/#primaryimage"},"thumbnailUrl":"https:\/\/vieassociative.be\/actualites\/wp-content\/uploads\/2024\/10\/Les-vibromasseurs-diminuent-ils-reellement-votre-sensibilite.png","datePublished":"2024-11-19T06:18:21+00:00","dateModified":"2024-11-19T06:18:21+00:00","breadcrumb":{"@id":"https:\/\/vieassociative.be\/actualites\/parlons-de-sexe-vivons-avec-notre-sexologue\/#breadcrumb"},"inLanguage":"fr-BE","potentialAction":[{"@type":"ReadAction","target":["https:\/\/vieassociative.be\/actualites\/parlons-de-sexe-vivons-avec-notre-sexologue\/"]}]},{"@type":"ImageObject","inLanguage":"fr-BE","@id":"https:\/\/vieassociative.be\/actualites\/parlons-de-sexe-vivons-avec-notre-sexologue\/#primaryimage","url":"https:\/\/vieassociative.be\/actualites\/wp-content\/uploads\/2024\/10\/Les-vibromasseurs-diminuent-ils-reellement-votre-sensibilite.png","contentUrl":"https:\/\/vieassociative.be\/actualites\/wp-content\/uploads\/2024\/10\/Les-vibromasseurs-diminuent-ils-reellement-votre-sensibilite.png","width":1200,"height":675,"caption":"Les vibromasseurs diminuent-ils r\u00e9ellement votre sensibilit\u00e9 ?"},{"@type":"BreadcrumbList","@id":"https:\/\/vieassociative.be\/actualites\/parlons-de-sexe-vivons-avec-notre-sexologue\/#breadcrumb","itemListElement":[{"@type":"ListItem","position":1,"name":"Accueil","item":"https:\/\/vieassociative.be\/actualites\/"},{"@type":"ListItem","position":2,"name":"Parlons de sexe, vivons avec notre sexologue"}]},{"@type":"WebSite","@id":"https:\/\/vieassociative.be\/actualites\/#website","url":"https:\/\/vieassociative.be\/actualites\/","name":"Vie Associative","description":"","publisher":{"@id":"https:\/\/vieassociative.be\/actualites\/#organization"},"potentialAction":[{"@type":"SearchAction","target":{"@type":"EntryPoint","urlTemplate":"https:\/\/vieassociative.be\/actualites\/?s={search_term_string}"},"query-input":{"@type":"PropertyValueSpecification","valueRequired":true,"valueName":"search_term_string"}}],"inLanguage":"fr-BE"},{"@type":"Organization","@id":"https:\/\/vieassociative.be\/actualites\/#organization","name":"Vie Associative","url":"https:\/\/vieassociative.be\/actualites\/","logo":{"@type":"ImageObject","inLanguage":"fr-BE","@id":"https:\/\/vieassociative.be\/actualites\/#\/schema\/logo\/image\/","url":"https:\/\/vieassociative.be\/actualites\/wp-content\/uploads\/2024\/09\/cropped-vieassociative_favicon.ico.png","contentUrl":"https:\/\/vieassociative.be\/actualites\/wp-content\/uploads\/2024\/09\/cropped-vieassociative_favicon.ico.png","width":512,"height":512,"caption":"Vie Associative"},"image":{"@id":"https:\/\/vieassociative.be\/actualites\/#\/schema\/logo\/image\/"}},{"@type":"Person","@id":"https:\/\/vieassociative.be\/actualites\/#\/schema\/person\/b87ac4f82f9d4e7b7cec7395b679edc4","name":"Julien","image":{"@type":"ImageObject","inLanguage":"fr-BE","@id":"https:\/\/vieassociative.be\/actualites\/#\/schema\/person\/image\/","url":"https:\/\/vieassociative.be\/actualites\/wp-content\/uploads\/2024\/09\/vie-associative-1-150x150.jpg","contentUrl":"https:\/\/vieassociative.be\/actualites\/wp-content\/uploads\/2024\/09\/vie-associative-1-150x150.jpg","caption":"Julien"},"description":"Je suis Julien, r\u00e9dacteur pour Vie Associative. Passionn\u00e9 par le monde associatif depuis plus de 10 ans, j'ai \u00e0 c\u0153ur de partager des histoires inspirantes et de mettre en lumi\u00e8re les initiatives locales. Mon objectif est de sensibiliser et d'encourager l'engagement communautaire \u00e0 travers mes articles.","sameAs":["https:\/\/vieassociative.be\/"]}]}},"_links":{"self":[{"href":"https:\/\/vieassociative.be\/actualites\/wp-json\/wp\/v2\/posts\/2571"}],"collection":[{"href":"https:\/\/vieassociative.be\/actualites\/wp-json\/wp\/v2\/posts"}],"about":[{"href":"https:\/\/vieassociative.be\/actualites\/wp-json\/wp\/v2\/types\/post"}],"author":[{"embeddable":true,"href":"https:\/\/vieassociative.be\/actualites\/wp-json\/wp\/v2\/users\/1"}],"replies":[{"embeddable":true,"href":"https:\/\/vieassociative.be\/actualites\/wp-json\/wp\/v2\/comments?post=2571"}],"version-history":[{"count":0,"href":"https:\/\/vieassociative.be\/actualites\/wp-json\/wp\/v2\/posts\/2571\/revisions"}],"wp:featuredmedia":[{"embeddable":true,"href":"https:\/\/vieassociative.be\/actualites\/wp-json\/wp\/v2\/media\/1797"}],"wp:attachment":[{"href":"https:\/\/vieassociative.be\/actualites\/wp-json\/wp\/v2\/media?parent=2571"}],"wp:term":[{"taxonomy":"category","embeddable":true,"href":"https:\/\/vieassociative.be\/actualites\/wp-json\/wp\/v2\/categories?post=2571"},{"taxonomy":"post_tag","embeddable":true,"href":"https:\/\/vieassociative.be\/actualites\/wp-json\/wp\/v2\/tags?post=2571"}],"curies":[{"name":"wp","href":"https:\/\/api.w.org\/{rel}","templated":true}]}}