{"id":257,"date":"2024-09-21T17:35:01","date_gmt":"2024-09-21T15:35:01","guid":{"rendered":"https:\/\/vieassociative.be\/actualites\/debut-du-controle-aux-frontieres-cest-ce-que-pendler-jetzt-clarifie\/"},"modified":"2024-09-21T17:35:02","modified_gmt":"2024-09-21T15:35:02","slug":"debut-du-controle-aux-frontieres-cest-ce-que-pendler-jetzt-clarifie","status":"publish","type":"post","link":"https:\/\/vieassociative.be\/actualites\/debut-du-controle-aux-frontieres-cest-ce-que-pendler-jetzt-clarifie\/","title":{"rendered":"D\u00e9but du contr\u00f4le aux fronti\u00e8res : c&rsquo;est ce que Pendler jetzt clarifie"},"content":{"rendered":"<p><\/p>\n<p class=\"font-sans font-medium\">  Ab Montag contr\u00f4le la police allemande. Die Regierung gibt bei Staus Entwarnung, mais die Vergangenheit dit Risks auf.<\/p>\n<aside class=\"h-ad-280+text lg:h-0 \" data-slot-id=\"pos1_sm\" data-breakpoint=\"sm\" data-hide-ad-text=\"false\" data-module-id=\"SparkAdSlotModule\"><\/aside>\n<p>La ministre f\u00e9d\u00e9rale Nancy Faeser a d\u00e9clar\u00e9 dans un communiqu\u00e9 : \u00ab\u00a0Un petit statut, sans aucune douleur, quel que soit le responsable de ces actes, Montag contr\u00f4le la police f\u00e9d\u00e9rale \u00e0 toutes les fronti\u00e8res.\u00a0\u00bb Bisher hatte Deutschland schon zu <strong>Autriche<\/strong>R\u00e9publique tch\u00e8que, Pologne et Suisse Kontrollen eingef\u00fchrt. D\u00e9sormais \u00e9galement dans les r\u00e9gions de France, du Luxembourg, des Pays-Bas, de Belgique et du Danemark. \u00ab\u00a0Vor\u00fcbergehend\u00a0\u00bb jedenfalls, qui meurt Ministrein hervorhebt. Tout le reste relevait du droit europ\u00e9en mais \u00e9tait interdit.<\/p>\n<h3>Qui sont sp\u00e9cifiquement ces contr\u00f4les aux fronti\u00e8res ?<\/h3>\n<p>Wer die Grenzen bisher aus Richtung Tschechien oder \u00d6sterreich nach Deutschland passert, wird in kostenlos F\u00e4llen durchgewunken. Les agents de la Police F\u00e9d\u00e9rale sont tr\u00e8s m\u00e9fiants \u00e0 l&rsquo;\u00e9gard de leurs v\u00e9hicules, ils semblent m\u00e9fiants. Un homme \u00dcberg\u00e4ngen depuis Grenzposten postiert, un autre nicht. Nous vivons donc toujours \u2013 maintenant nous sommes dans notre pays. \u00ab\u00a0Flexible et conforme aux consignes de s\u00e9curit\u00e9 en vigueur\u00a0\u00bb <strong>Contr\u00f4les <\/strong>Organis\u00e9 au sein, le braquage est dans le minist\u00e8re de l&rsquo;Int\u00e9rieur. Le politicien du SPD Faeser parle de \u00ab contr\u00f4le intelligent \u00bb.<\/p>\n<div id=\"piano-banner-kampagne\" class=\"mb-4 block\"><\/div>\n<div id=\"piano-reco-widget\" class=\"mb-4 block\"><\/div>\n<style>\n<p>          .kaltura-player-container { position\u00a0: absolue\u00a0; } .playkit-ads-container iframe { position\u00a0: absolue\u00a0; pic : 0 ; gauche : 0 ; largeur : 100 % ; hauteur : 100 % ; }\n        <\/style>\n<h3>Quelle est l\u2019\u00e2me des contr\u00f4les ?<\/h3>\n<p>Le Bundesregierung r\u00e9agit \u00e0 la pression politique en attirant l&rsquo;attention des islamistes sur Solingen, ces deux personnes \u00e9tant trait\u00e9es comme des r\u00e9fugi\u00e9s syriens. Il y a actuellement un d\u00e9bat en Allemagne sur les Abschiebungen und <strong>Zuwanderung <\/strong>entfacht. L&rsquo;\u00e2me la plus \u00e9lev\u00e9e est donc \u00e9galement limit\u00e9e par les limites de la \u00ab migration irr\u00e9guli\u00e8re \u00bb. Depuis octobre 2023, la Police f\u00e9d\u00e9rale sera responsable de plus de 50 000 visites suppl\u00e9mentaires et de 30 000 visites<strong> <\/strong>compl\u00e8tement aspir\u00e9. La CDU et la CSU ont eu un effet positif sur \u00ab l\u2019effet domino \u00bb, en augmentant la sensibilisation \u00e0 la fronti\u00e8re allemande avec les autres \u00c9tats de l\u2019UE et en renfor\u00e7ant le r\u00e9gime frontalier. <\/p>\n<p><!-- opinary --><\/p>\n<div class=\"w-full bg-background-100\">\n<div id=\"opinary-automation-placeholder\" class=\"w-full\"><\/div>\n<\/p><\/div>\n<h3>M\u00fcssen Pendler avec les nouvelles commandes avec droits permanents ?<\/h3>\n<p>Entrez dans la police <strong>Danemark <\/strong>que pr\u00e9parer pour Staus an der Grenze. Dans le contexte de la transition, nous avons toujours pu passer plus de temps avec plus d&rsquo;une exp\u00e9rience d&rsquo;\u00e9tudes et de voyage, etwa dans le Brandebourg, le Schleswig-Holstein ou la Rh\u00e9nanie du Nord-Westphalie. Vieles s&rsquo;accroche \u00e0 Davon, qui est fort dans le contr\u00f4le de la police et qui est fort dans la situation actuelle de la circulation. C&rsquo;est le meilleur de l&rsquo;ADAC.<\/p>\n<h3>\u00c9tait-ce une critique des progr\u00e8s de la Regierung ?<\/h3>\n<p>Les tribunaux de la CDU et de la CSU, tandis que d\u2019autres \u00c9tats de l\u2019UE suivront et embo\u00eeteront le pas <strong>Contr\u00f4les aux fronti\u00e8res<\/strong> fournir. En r\u00e9alit\u00e9, il y a beaucoup de critiques concernant une politique unique de Schlagbaum en Europe avec l&rsquo;espace Schengen commun abgeschafft. Maintenant que vous \u00eates tr\u00e8s strict, vous pourrez le contr\u00f4ler, puis vous continuerez \u00e0 le faire rapidement. Dans ce si\u00e8cle Jahr coule le bisher Asylzahlen. Il s\u2019agit de \u00ab ne pas d\u00e9fendre \u00bb la l\u00e9gislation allemande, un r\u00e9gime juridique europ\u00e9en qui garantirait un avenir meilleur. <\/p>\n<aside class=\"h-ad-600+text lg:h-0 \" data-slot-id=\"pos2_sm\" data-breakpoint=\"sm\" data-hide-ad-text=\"false\" data-module-id=\"SparkAdSlotModule\"><\/aside>\n<p>Auch \u00ab Zur\u00fcckweisungen \u00bb von Schutzsuchenden an der Grenze depuis umstRITen. Puisqu&rsquo;il est d\u00e9sormais possible d&rsquo;avoir une personne avec un chapeau \u00ab\u00a0wiedereinreisesperre\u00a0\u00bb, certaines personnes pourraient \u00e9ventuellement devenir des demandeurs d&rsquo;asile abgelehnt. Ceux-ci, le demandeur d&rsquo;asile, doivent \u00eatre amen\u00e9s par la police du Bundesamt pour les migrations et les vols. En raison de l&rsquo;amour de la vie, il existe un risque de mort ; aux Pays-Bas, le demandeur d&rsquo;asile a toujours besoin d&rsquo;asile.<\/p>\n","protected":false},"excerpt":{"rendered":"<p>Ab Montag contr\u00f4le la police allemande. Die Regierung gibt bei Staus Entwarnung, mais die Vergangenheit dit Risks auf. La ministre f\u00e9d\u00e9rale Nancy Faeser a d\u00e9clar\u00e9<\/p>\n","protected":false},"author":1,"featured_media":210,"comment_status":"closed","ping_status":"","sticky":false,"template":"","format":"standard","meta":{"footnotes":""},"categories":[298],"tags":[289,362,365,360,359,361,364,363],"class_list":["post-257","post","type-post","status-publish","format-standard","has-post-thumbnail","hentry","category-belgique","tag-aux","tag-cest","tag-clarifie","tag-controle","tag-debut","tag-frontieres","tag-jetzt","tag-pendler","generate-columns","tablet-grid-50","mobile-grid-100","grid-parent","grid-33"],"yoast_head":"<!-- This site is optimized with the Yoast SEO plugin v24.0 - https:\/\/yoast.com\/wordpress\/plugins\/seo\/ -->\n<title>D\u00e9but du contr\u00f4le aux fronti\u00e8res : c&#039;est ce que Pendler jetzt clarifie | Vie Associative<\/title>\n<meta name=\"robots\" content=\"index, follow, max-snippet:-1, max-image-preview:large, max-video-preview:-1\" \/>\n<link rel=\"canonical\" href=\"https:\/\/vieassociative.be\/actualites\/debut-du-controle-aux-frontieres-cest-ce-que-pendler-jetzt-clarifie\/\" \/>\n<meta property=\"og:locale\" content=\"fr_FR\" \/>\n<meta property=\"og:type\" content=\"article\" \/>\n<meta property=\"og:title\" content=\"D\u00e9but du contr\u00f4le aux fronti\u00e8res : c&#039;est ce que Pendler jetzt clarifie | Vie Associative\" \/>\n<meta property=\"og:description\" content=\"Ab Montag contr\u00f4le la police allemande. Die Regierung gibt bei Staus Entwarnung, mais die Vergangenheit dit Risks auf. La ministre f\u00e9d\u00e9rale Nancy Faeser a d\u00e9clar\u00e9\" \/>\n<meta property=\"og:url\" content=\"https:\/\/vieassociative.be\/actualites\/debut-du-controle-aux-frontieres-cest-ce-que-pendler-jetzt-clarifie\/\" \/>\n<meta property=\"og:site_name\" content=\"Vie Associative\" \/>\n<meta property=\"article:published_time\" content=\"2024-09-21T15:35:01+00:00\" \/>\n<meta property=\"article:modified_time\" content=\"2024-09-21T15:35:02+00:00\" \/>\n<meta property=\"og:image\" content=\"https:\/\/vieassociative.be\/actualites\/wp-content\/uploads\/2024\/09\/1726931828_Debut-du-controle-aux-frontieres-cest-ce-que-Pendler.jpeg\" \/>\n\t<meta property=\"og:image:width\" content=\"1600\" \/>\n\t<meta property=\"og:image:height\" content=\"900\" \/>\n\t<meta property=\"og:image:type\" content=\"image\/jpeg\" \/>\n<meta name=\"author\" content=\"Julien\" \/>\n<meta name=\"twitter:card\" content=\"summary_large_image\" \/>\n<meta name=\"twitter:label1\" content=\"\u00c9crit par\" \/>\n\t<meta name=\"twitter:data1\" content=\"Julien\" \/>\n\t<meta name=\"twitter:label2\" content=\"Dur\u00e9e de lecture est.\" \/>\n\t<meta name=\"twitter:data2\" content=\"3 minutes\" \/>\n<script type=\"application\/ld+json\" class=\"yoast-schema-graph\">{\"@context\":\"https:\/\/schema.org\",\"@graph\":[{\"@type\":\"Article\",\"@id\":\"https:\/\/vieassociative.be\/actualites\/debut-du-controle-aux-frontieres-cest-ce-que-pendler-jetzt-clarifie\/#article\",\"isPartOf\":{\"@id\":\"https:\/\/vieassociative.be\/actualites\/debut-du-controle-aux-frontieres-cest-ce-que-pendler-jetzt-clarifie\/\"},\"author\":{\"name\":\"Julien\",\"@id\":\"https:\/\/vieassociative.be\/actualites\/#\/schema\/person\/b87ac4f82f9d4e7b7cec7395b679edc4\"},\"headline\":\"D\u00e9but du contr\u00f4le aux fronti\u00e8res : c&rsquo;est ce que Pendler jetzt clarifie\",\"datePublished\":\"2024-09-21T15:35:01+00:00\",\"dateModified\":\"2024-09-21T15:35:02+00:00\",\"mainEntityOfPage\":{\"@id\":\"https:\/\/vieassociative.be\/actualites\/debut-du-controle-aux-frontieres-cest-ce-que-pendler-jetzt-clarifie\/\"},\"wordCount\":640,\"publisher\":{\"@id\":\"https:\/\/vieassociative.be\/actualites\/#organization\"},\"image\":{\"@id\":\"https:\/\/vieassociative.be\/actualites\/debut-du-controle-aux-frontieres-cest-ce-que-pendler-jetzt-clarifie\/#primaryimage\"},\"thumbnailUrl\":\"https:\/\/vieassociative.be\/actualites\/wp-content\/uploads\/2024\/09\/1726931828_Debut-du-controle-aux-frontieres-cest-ce-que-Pendler.jpeg\",\"keywords\":[\"aux\",\"cest\",\"clarifie\",\"contr\u00f4le\",\"D\u00e9but\",\"fronti\u00e8res\",\"jetzt\",\"Pendler\"],\"articleSection\":[\"Belgique\"],\"inLanguage\":\"fr-BE\"},{\"@type\":\"WebPage\",\"@id\":\"https:\/\/vieassociative.be\/actualites\/debut-du-controle-aux-frontieres-cest-ce-que-pendler-jetzt-clarifie\/\",\"url\":\"https:\/\/vieassociative.be\/actualites\/debut-du-controle-aux-frontieres-cest-ce-que-pendler-jetzt-clarifie\/\",\"name\":\"D\u00e9but du contr\u00f4le aux fronti\u00e8res : c'est ce que Pendler jetzt clarifie | Vie Associative\",\"isPartOf\":{\"@id\":\"https:\/\/vieassociative.be\/actualites\/#website\"},\"primaryImageOfPage\":{\"@id\":\"https:\/\/vieassociative.be\/actualites\/debut-du-controle-aux-frontieres-cest-ce-que-pendler-jetzt-clarifie\/#primaryimage\"},\"image\":{\"@id\":\"https:\/\/vieassociative.be\/actualites\/debut-du-controle-aux-frontieres-cest-ce-que-pendler-jetzt-clarifie\/#primaryimage\"},\"thumbnailUrl\":\"https:\/\/vieassociative.be\/actualites\/wp-content\/uploads\/2024\/09\/1726931828_Debut-du-controle-aux-frontieres-cest-ce-que-Pendler.jpeg\",\"datePublished\":\"2024-09-21T15:35:01+00:00\",\"dateModified\":\"2024-09-21T15:35:02+00:00\",\"breadcrumb\":{\"@id\":\"https:\/\/vieassociative.be\/actualites\/debut-du-controle-aux-frontieres-cest-ce-que-pendler-jetzt-clarifie\/#breadcrumb\"},\"inLanguage\":\"fr-BE\",\"potentialAction\":[{\"@type\":\"ReadAction\",\"target\":[\"https:\/\/vieassociative.be\/actualites\/debut-du-controle-aux-frontieres-cest-ce-que-pendler-jetzt-clarifie\/\"]}]},{\"@type\":\"ImageObject\",\"inLanguage\":\"fr-BE\",\"@id\":\"https:\/\/vieassociative.be\/actualites\/debut-du-controle-aux-frontieres-cest-ce-que-pendler-jetzt-clarifie\/#primaryimage\",\"url\":\"https:\/\/vieassociative.be\/actualites\/wp-content\/uploads\/2024\/09\/1726931828_Debut-du-controle-aux-frontieres-cest-ce-que-Pendler.jpeg\",\"contentUrl\":\"https:\/\/vieassociative.be\/actualites\/wp-content\/uploads\/2024\/09\/1726931828_Debut-du-controle-aux-frontieres-cest-ce-que-Pendler.jpeg\",\"width\":1600,\"height\":900,\"caption\":\"D\u00e9but du contr\u00f4le aux fronti\u00e8res : c'est ce que Pendler jetzt clarifie\"},{\"@type\":\"BreadcrumbList\",\"@id\":\"https:\/\/vieassociative.be\/actualites\/debut-du-controle-aux-frontieres-cest-ce-que-pendler-jetzt-clarifie\/#breadcrumb\",\"itemListElement\":[{\"@type\":\"ListItem\",\"position\":1,\"name\":\"Accueil\",\"item\":\"https:\/\/vieassociative.be\/actualites\/\"},{\"@type\":\"ListItem\",\"position\":2,\"name\":\"D\u00e9but du contr\u00f4le aux fronti\u00e8res : c&rsquo;est ce que Pendler jetzt clarifie\"}]},{\"@type\":\"WebSite\",\"@id\":\"https:\/\/vieassociative.be\/actualites\/#website\",\"url\":\"https:\/\/vieassociative.be\/actualites\/\",\"name\":\"Vie Associative\",\"description\":\"\",\"publisher\":{\"@id\":\"https:\/\/vieassociative.be\/actualites\/#organization\"},\"potentialAction\":[{\"@type\":\"SearchAction\",\"target\":{\"@type\":\"EntryPoint\",\"urlTemplate\":\"https:\/\/vieassociative.be\/actualites\/?s={search_term_string}\"},\"query-input\":{\"@type\":\"PropertyValueSpecification\",\"valueRequired\":true,\"valueName\":\"search_term_string\"}}],\"inLanguage\":\"fr-BE\"},{\"@type\":\"Organization\",\"@id\":\"https:\/\/vieassociative.be\/actualites\/#organization\",\"name\":\"Vie Associative\",\"url\":\"https:\/\/vieassociative.be\/actualites\/\",\"logo\":{\"@type\":\"ImageObject\",\"inLanguage\":\"fr-BE\",\"@id\":\"https:\/\/vieassociative.be\/actualites\/#\/schema\/logo\/image\/\",\"url\":\"https:\/\/vieassociative.be\/actualites\/wp-content\/uploads\/2024\/09\/cropped-vieassociative_favicon.ico.png\",\"contentUrl\":\"https:\/\/vieassociative.be\/actualites\/wp-content\/uploads\/2024\/09\/cropped-vieassociative_favicon.ico.png\",\"width\":512,\"height\":512,\"caption\":\"Vie Associative\"},\"image\":{\"@id\":\"https:\/\/vieassociative.be\/actualites\/#\/schema\/logo\/image\/\"}},{\"@type\":\"Person\",\"@id\":\"https:\/\/vieassociative.be\/actualites\/#\/schema\/person\/b87ac4f82f9d4e7b7cec7395b679edc4\",\"name\":\"Julien\",\"image\":{\"@type\":\"ImageObject\",\"inLanguage\":\"fr-BE\",\"@id\":\"https:\/\/vieassociative.be\/actualites\/#\/schema\/person\/image\/\",\"url\":\"https:\/\/vieassociative.be\/actualites\/wp-content\/uploads\/2024\/09\/vie-associative-1-150x150.jpg\",\"contentUrl\":\"https:\/\/vieassociative.be\/actualites\/wp-content\/uploads\/2024\/09\/vie-associative-1-150x150.jpg\",\"caption\":\"Julien\"},\"description\":\"Je suis Julien, r\u00e9dacteur pour Vie Associative. Passionn\u00e9 par le monde associatif depuis plus de 10 ans, j'ai \u00e0 c\u0153ur de partager des histoires inspirantes et de mettre en lumi\u00e8re les initiatives locales. Mon objectif est de sensibiliser et d'encourager l'engagement communautaire \u00e0 travers mes articles.\",\"sameAs\":[\"https:\/\/vieassociative.be\/\"]}]}<\/script>\n<!-- \/ Yoast SEO plugin. -->","yoast_head_json":{"title":"D\u00e9but du contr\u00f4le aux fronti\u00e8res : c'est ce que Pendler jetzt clarifie | Vie Associative","robots":{"index":"index","follow":"follow","max-snippet":"max-snippet:-1","max-image-preview":"max-image-preview:large","max-video-preview":"max-video-preview:-1"},"canonical":"https:\/\/vieassociative.be\/actualites\/debut-du-controle-aux-frontieres-cest-ce-que-pendler-jetzt-clarifie\/","og_locale":"fr_FR","og_type":"article","og_title":"D\u00e9but du contr\u00f4le aux fronti\u00e8res : c'est ce que Pendler jetzt clarifie | Vie Associative","og_description":"Ab Montag contr\u00f4le la police allemande. Die Regierung gibt bei Staus Entwarnung, mais die Vergangenheit dit Risks auf. La ministre f\u00e9d\u00e9rale Nancy Faeser a d\u00e9clar\u00e9","og_url":"https:\/\/vieassociative.be\/actualites\/debut-du-controle-aux-frontieres-cest-ce-que-pendler-jetzt-clarifie\/","og_site_name":"Vie Associative","article_published_time":"2024-09-21T15:35:01+00:00","article_modified_time":"2024-09-21T15:35:02+00:00","og_image":[{"width":1600,"height":900,"url":"https:\/\/vieassociative.be\/actualites\/wp-content\/uploads\/2024\/09\/1726931828_Debut-du-controle-aux-frontieres-cest-ce-que-Pendler.jpeg","type":"image\/jpeg"}],"author":"Julien","twitter_card":"summary_large_image","twitter_misc":{"\u00c9crit par":"Julien","Dur\u00e9e de lecture est.":"3 minutes"},"schema":{"@context":"https:\/\/schema.org","@graph":[{"@type":"Article","@id":"https:\/\/vieassociative.be\/actualites\/debut-du-controle-aux-frontieres-cest-ce-que-pendler-jetzt-clarifie\/#article","isPartOf":{"@id":"https:\/\/vieassociative.be\/actualites\/debut-du-controle-aux-frontieres-cest-ce-que-pendler-jetzt-clarifie\/"},"author":{"name":"Julien","@id":"https:\/\/vieassociative.be\/actualites\/#\/schema\/person\/b87ac4f82f9d4e7b7cec7395b679edc4"},"headline":"D\u00e9but du contr\u00f4le aux fronti\u00e8res : c&rsquo;est ce que Pendler jetzt clarifie","datePublished":"2024-09-21T15:35:01+00:00","dateModified":"2024-09-21T15:35:02+00:00","mainEntityOfPage":{"@id":"https:\/\/vieassociative.be\/actualites\/debut-du-controle-aux-frontieres-cest-ce-que-pendler-jetzt-clarifie\/"},"wordCount":640,"publisher":{"@id":"https:\/\/vieassociative.be\/actualites\/#organization"},"image":{"@id":"https:\/\/vieassociative.be\/actualites\/debut-du-controle-aux-frontieres-cest-ce-que-pendler-jetzt-clarifie\/#primaryimage"},"thumbnailUrl":"https:\/\/vieassociative.be\/actualites\/wp-content\/uploads\/2024\/09\/1726931828_Debut-du-controle-aux-frontieres-cest-ce-que-Pendler.jpeg","keywords":["aux","cest","clarifie","contr\u00f4le","D\u00e9but","fronti\u00e8res","jetzt","Pendler"],"articleSection":["Belgique"],"inLanguage":"fr-BE"},{"@type":"WebPage","@id":"https:\/\/vieassociative.be\/actualites\/debut-du-controle-aux-frontieres-cest-ce-que-pendler-jetzt-clarifie\/","url":"https:\/\/vieassociative.be\/actualites\/debut-du-controle-aux-frontieres-cest-ce-que-pendler-jetzt-clarifie\/","name":"D\u00e9but du contr\u00f4le aux fronti\u00e8res : c'est ce que Pendler jetzt clarifie | Vie Associative","isPartOf":{"@id":"https:\/\/vieassociative.be\/actualites\/#website"},"primaryImageOfPage":{"@id":"https:\/\/vieassociative.be\/actualites\/debut-du-controle-aux-frontieres-cest-ce-que-pendler-jetzt-clarifie\/#primaryimage"},"image":{"@id":"https:\/\/vieassociative.be\/actualites\/debut-du-controle-aux-frontieres-cest-ce-que-pendler-jetzt-clarifie\/#primaryimage"},"thumbnailUrl":"https:\/\/vieassociative.be\/actualites\/wp-content\/uploads\/2024\/09\/1726931828_Debut-du-controle-aux-frontieres-cest-ce-que-Pendler.jpeg","datePublished":"2024-09-21T15:35:01+00:00","dateModified":"2024-09-21T15:35:02+00:00","breadcrumb":{"@id":"https:\/\/vieassociative.be\/actualites\/debut-du-controle-aux-frontieres-cest-ce-que-pendler-jetzt-clarifie\/#breadcrumb"},"inLanguage":"fr-BE","potentialAction":[{"@type":"ReadAction","target":["https:\/\/vieassociative.be\/actualites\/debut-du-controle-aux-frontieres-cest-ce-que-pendler-jetzt-clarifie\/"]}]},{"@type":"ImageObject","inLanguage":"fr-BE","@id":"https:\/\/vieassociative.be\/actualites\/debut-du-controle-aux-frontieres-cest-ce-que-pendler-jetzt-clarifie\/#primaryimage","url":"https:\/\/vieassociative.be\/actualites\/wp-content\/uploads\/2024\/09\/1726931828_Debut-du-controle-aux-frontieres-cest-ce-que-Pendler.jpeg","contentUrl":"https:\/\/vieassociative.be\/actualites\/wp-content\/uploads\/2024\/09\/1726931828_Debut-du-controle-aux-frontieres-cest-ce-que-Pendler.jpeg","width":1600,"height":900,"caption":"D\u00e9but du contr\u00f4le aux fronti\u00e8res : c'est ce que Pendler jetzt clarifie"},{"@type":"BreadcrumbList","@id":"https:\/\/vieassociative.be\/actualites\/debut-du-controle-aux-frontieres-cest-ce-que-pendler-jetzt-clarifie\/#breadcrumb","itemListElement":[{"@type":"ListItem","position":1,"name":"Accueil","item":"https:\/\/vieassociative.be\/actualites\/"},{"@type":"ListItem","position":2,"name":"D\u00e9but du contr\u00f4le aux fronti\u00e8res : c&rsquo;est ce que Pendler jetzt clarifie"}]},{"@type":"WebSite","@id":"https:\/\/vieassociative.be\/actualites\/#website","url":"https:\/\/vieassociative.be\/actualites\/","name":"Vie Associative","description":"","publisher":{"@id":"https:\/\/vieassociative.be\/actualites\/#organization"},"potentialAction":[{"@type":"SearchAction","target":{"@type":"EntryPoint","urlTemplate":"https:\/\/vieassociative.be\/actualites\/?s={search_term_string}"},"query-input":{"@type":"PropertyValueSpecification","valueRequired":true,"valueName":"search_term_string"}}],"inLanguage":"fr-BE"},{"@type":"Organization","@id":"https:\/\/vieassociative.be\/actualites\/#organization","name":"Vie Associative","url":"https:\/\/vieassociative.be\/actualites\/","logo":{"@type":"ImageObject","inLanguage":"fr-BE","@id":"https:\/\/vieassociative.be\/actualites\/#\/schema\/logo\/image\/","url":"https:\/\/vieassociative.be\/actualites\/wp-content\/uploads\/2024\/09\/cropped-vieassociative_favicon.ico.png","contentUrl":"https:\/\/vieassociative.be\/actualites\/wp-content\/uploads\/2024\/09\/cropped-vieassociative_favicon.ico.png","width":512,"height":512,"caption":"Vie Associative"},"image":{"@id":"https:\/\/vieassociative.be\/actualites\/#\/schema\/logo\/image\/"}},{"@type":"Person","@id":"https:\/\/vieassociative.be\/actualites\/#\/schema\/person\/b87ac4f82f9d4e7b7cec7395b679edc4","name":"Julien","image":{"@type":"ImageObject","inLanguage":"fr-BE","@id":"https:\/\/vieassociative.be\/actualites\/#\/schema\/person\/image\/","url":"https:\/\/vieassociative.be\/actualites\/wp-content\/uploads\/2024\/09\/vie-associative-1-150x150.jpg","contentUrl":"https:\/\/vieassociative.be\/actualites\/wp-content\/uploads\/2024\/09\/vie-associative-1-150x150.jpg","caption":"Julien"},"description":"Je suis Julien, r\u00e9dacteur pour Vie Associative. Passionn\u00e9 par le monde associatif depuis plus de 10 ans, j'ai \u00e0 c\u0153ur de partager des histoires inspirantes et de mettre en lumi\u00e8re les initiatives locales. Mon objectif est de sensibiliser et d'encourager l'engagement communautaire \u00e0 travers mes articles.","sameAs":["https:\/\/vieassociative.be\/"]}]}},"_links":{"self":[{"href":"https:\/\/vieassociative.be\/actualites\/wp-json\/wp\/v2\/posts\/257"}],"collection":[{"href":"https:\/\/vieassociative.be\/actualites\/wp-json\/wp\/v2\/posts"}],"about":[{"href":"https:\/\/vieassociative.be\/actualites\/wp-json\/wp\/v2\/types\/post"}],"author":[{"embeddable":true,"href":"https:\/\/vieassociative.be\/actualites\/wp-json\/wp\/v2\/users\/1"}],"replies":[{"embeddable":true,"href":"https:\/\/vieassociative.be\/actualites\/wp-json\/wp\/v2\/comments?post=257"}],"version-history":[{"count":1,"href":"https:\/\/vieassociative.be\/actualites\/wp-json\/wp\/v2\/posts\/257\/revisions"}],"predecessor-version":[{"id":258,"href":"https:\/\/vieassociative.be\/actualites\/wp-json\/wp\/v2\/posts\/257\/revisions\/258"}],"wp:featuredmedia":[{"embeddable":true,"href":"https:\/\/vieassociative.be\/actualites\/wp-json\/wp\/v2\/media\/210"}],"wp:attachment":[{"href":"https:\/\/vieassociative.be\/actualites\/wp-json\/wp\/v2\/media?parent=257"}],"wp:term":[{"taxonomy":"category","embeddable":true,"href":"https:\/\/vieassociative.be\/actualites\/wp-json\/wp\/v2\/categories?post=257"},{"taxonomy":"post_tag","embeddable":true,"href":"https:\/\/vieassociative.be\/actualites\/wp-json\/wp\/v2\/tags?post=257"}],"curies":[{"name":"wp","href":"https:\/\/api.w.org\/{rel}","templated":true}]}}