{"id":2569,"date":"2024-11-19T06:18:56","date_gmt":"2024-11-19T05:18:56","guid":{"rendered":"https:\/\/vieassociative.be\/actualites\/des-facons-astucieuses-dafficher-tout-lart-que-votre-enfant-realise-cette-annee\/"},"modified":"2024-11-19T06:18:56","modified_gmt":"2024-11-19T05:18:56","slug":"des-facons-astucieuses-dafficher-tout-lart-que-votre-enfant-realise-cette-annee","status":"publish","type":"post","link":"https:\/\/vieassociative.be\/actualites\/des-facons-astucieuses-dafficher-tout-lart-que-votre-enfant-realise-cette-annee\/","title":{"rendered":"Des fa\u00e7ons astucieuses d\u2019afficher tout l\u2019art que votre enfant r\u00e9alise cette ann\u00e9e"},"content":{"rendered":"<div class=\"mt-4 leading-6 md:mb-8\">Honorez leur talent artistique sans qu&rsquo;il envahisse toute votre maison<\/div>\n<p><\/p>\n<p>Ma fille a d\u00e9couvert sa passion pour la peinture d\u00e8s son premier jour de maternelle. Elle est revenue \u00e0 la maison avec plusieurs grands chefs-d&rsquo;\u0153uvre. Elle les a install\u00e9s sur le mur de sa chambre \u00e0 l&rsquo;aide de ruban adh\u00e9sif non r\u00e9sistant \u00e0 la peinture et a d\u00e9clar\u00e9 l&rsquo;exposition \u00ab\u00a0Art-tastic\u00a0!\u00a0\u00bb Nous \u00e9tions tr\u00e8s fiers (et avons d\u00fb ensuite repeindre toute la pi\u00e8ce lorsque nous avons d\u00e9m\u00e9nag\u00e9). Son amour n&rsquo;a pas diminu\u00e9 ; elle continue d&rsquo;\u00eatre une artiste prolifique. <\/p>\n<p>Mon fils a commenc\u00e9 la maternelle cette ann\u00e9e et s&rsquo;est apparemment mis \u00e0 la sculpture. Il a un probl\u00e8me, \u00e0 la limite de l&rsquo;addiction, avec la terre battue. Il a \u00e9galement du mal \u00e0 laisser ses chefs-d&rsquo;\u0153uvre l\u00e0 o\u00f9 le chien, qui les prend pour ses jouets, peut les r\u00e9cup\u00e9rer. <\/p>\n<p>Que faire de toutes ces \u0153uvres pr\u00e9cieuses ? Bien s\u00fbr, je ne garde pas tout, mais j&rsquo;ai besoin de r\u00e9organiser ma situation d&rsquo;exposition d&rsquo;art, m\u00eame pour les choses qui restent temporairement en place, alors j&rsquo;ai demand\u00e9 quelques options \u00e0 Internet.<\/p>\n<div class=\"eloquent-imagery-image\">\n<div class=\"flex justify-center\">\n                    <img decoding=\"async\" class=\"border border-gray-100\" src=\"https:\/\/vieassociative.be\/actualites\/wp-content\/uploads\/2024\/11\/Des-facons-astucieuses-dafficher-tout-lart-que-votre-enfant-realise.jpg\" alt=\"Image de pirate de la vie\" width=\"2000\" height=\"1125\" loading=\"lazy\"  >\n            <\/div>\n<\/p><\/div>\n<h2 id=\"set-aside-an-entire-art-wall\">Mettez de c\u00f4t\u00e9 un mur d\u2019art entier<\/h2>\n<p>Pour l\u2019art plat, il existe de nombreuses options pour afficher des peintures et des dessins. Choisissez un mur ignor\u00e9 dans votre maison et faites-en le lieu d&rsquo;art d\u00e9sign\u00e9. Choisissez une \u00e9tag\u00e8re pour les cr\u00e9ations 3D et limitez peut-\u00eatre l&rsquo;affichage \u00e0 cette \u00e9tag\u00e8re uniquement. <\/p>\n<p>De nombreux parents conservent une s\u00e9lection d\u2019\u0153uvres d\u2019art sur le r\u00e9frig\u00e9rateur mais rel\u00e8guent toutes les autres \u0153uvres d\u2019art pour enfants dans les chambres d\u2019enfants. Ma maison a des armoires en vinyle vraiment laides qui ne demandent qu&rsquo;\u00e0 \u00eatre recouvertes de cr\u00e9ations color\u00e9es, alors c&rsquo;est ce que je fais. C&rsquo;est un peu un choix de style personnel.<\/p>\n<h2 id=\"curate-rotating-kid-art-exhibits\">Organisez des expositions tournantes d&rsquo;art pour enfants<\/h2>\n<p>Lorsqu&rsquo;il y a un flux constant d&rsquo;\u0153uvres d&rsquo;art et que vous devez remplacer les bonhommes de neige saisonniers par des fleurs printani\u00e8res, il existe des moyens cr\u00e9atifs de rendre cela facile et esth\u00e9tique, surtout si votre r\u00e9frig\u00e9rateur n&rsquo;est pas magn\u00e9tique ou est d\u00e9j\u00e0 rempli de photos de famille et de d\u00e9chets importants. menus par courrier et \u00e0 emporter. <\/p>\n<p>Accrocher une ficelle sur le mur et attacher des pinces \u00e0 linge peut constituer un joli pr\u00e9sentoir facile \u00e0 \u00e9changer pour des \u0153uvres d&rsquo;art saisonni\u00e8res ou tournantes. J&rsquo;en ai mis un ci-dessous, des \u0153uvres d&rsquo;art et des photos permanentes dans la chambre de ma fille afin qu&rsquo;elle puisse choisir ce qui va et vient. Vous pouvez \u00e9galement installer des luminaires suspendus plus permanents.<\/p>\n<p>Un ou plusieurs tableaux en li\u00e8ge facilitent l&rsquo;\u00e9change ou la superposition des cr\u00e9ations (surveillez les punaises qui tombent). Ou affichez-les dans des cadres vierges avec du mastic, ou en attachant des clips sur le dessus. <\/p>\n<h2 id=\"alternate-uses-for-kid-art\">Utilisations alternatives de l&rsquo;art pour enfants<\/h2>\n<p>Parfois, montrer l\u2019art ne consiste pas \u00e0 l\u2019exposer. Vous pouvez \u00e9galement le donner ou le transformer en autre chose. Utilisez les \u0153uvres de vos enfants comme cartes de v\u0153ux ou papier d\u2019emballage. Les amis et la famille adoreront voir le temps et les efforts consacr\u00e9s \u00e0 leurs cadeaux, m\u00eame s&rsquo;ils sont \u00e0 l&rsquo;ext\u00e9rieur, et vous recyclerez de la meilleure fa\u00e7on possible. <\/p>\n<p>Les enfants peuvent \u00e9galement utiliser l&rsquo;art pour cr\u00e9er <em>autre<\/em> art. S&rsquo;ils ont fini d&rsquo;afficher un dessin, ils peuvent d\u00e9couper les figures et les ajouter \u00e0 un collage ou d\u00e9couper un r\u00e9sum\u00e9 color\u00e9 pour une mosa\u00efque. Les sculptures peuvent faire partie d&rsquo;un jardin de f\u00e9es et les projets artistiques multim\u00e9dias peuvent \u00eatre abandonn\u00e9s pour \u00eatre remplac\u00e9s par des pi\u00e8ces permettant de cr\u00e9er de nouveaux projets multim\u00e9dias. <\/p>\n<h2 id=\"go-paperless\">Passez au sans papier<\/h2>\n<p>Certaines personnes s&rsquo;inqui\u00e8tent de l&rsquo;espace de stockage et ont choisi de conserver les \u0153uvres de leurs enfants \u00ab dans le cloud \u00bb. Il existe de nombreuses options pour cela. Prenez des photos (ou utilisez un scanner) et placez-les sur le lecteur, le cloud ou tout autre p\u00e9riph\u00e9rique de stockage personnel permanent de votre choix.<\/p>\n<p>Vous pouvez \u00e9galement prendre des photos de l&rsquo;\u0153uvre d&rsquo;art et cr\u00e9er un compte Instagram priv\u00e9 pour la partager avec votre famille et, peut-\u00eatre un jour, si le m\u00e9taverse le permet, avec votre enfant, mais vous pouvez \u00e9galement la garder pour vous et la revoir avec votre enfant lorsqu&rsquo;il le fera. veulent voir leurs cr\u00e9ations. Si vous devez disposer d&rsquo;une copie physique, vous pouvez imprimer un livre photo pr\u00e9sentant l&rsquo;art d&rsquo;une ann\u00e9e donn\u00e9e. De cette fa\u00e7on, tout rentre dans un petit paquet de m\u00eame taille qui se glisse facilement parmi vos livres. <\/p>\n","protected":false},"excerpt":{"rendered":"<p>Honorez leur talent artistique sans qu&rsquo;il envahisse toute votre maison Ma fille a d\u00e9couvert sa passion pour la peinture d\u00e8s son premier jour de maternelle.<\/p>\n","protected":false},"author":1,"featured_media":2570,"comment_status":"","ping_status":"","sticky":false,"template":"","format":"standard","meta":{"footnotes":""},"categories":[37],"tags":[549,318,206,3299,29,295,119,3300,3301,236,8],"class_list":["post-2569","post","type-post","status-publish","format-standard","has-post-thumbnail","hentry","category-famille","tag-annee","tag-astucieuses","tag-cette","tag-dafficher","tag-des","tag-enfant","tag-facons","tag-lart","tag-realise","tag-tout","tag-votre","generate-columns","tablet-grid-50","mobile-grid-100","grid-parent","grid-33"],"yoast_head":"<!-- This site is optimized with the Yoast SEO plugin v24.0 - https:\/\/yoast.com\/wordpress\/plugins\/seo\/ -->\n<title>Des fa\u00e7ons astucieuses d\u2019afficher tout l\u2019art que votre enfant r\u00e9alise cette ann\u00e9e | Vie Associative<\/title>\n<meta name=\"robots\" content=\"index, follow, max-snippet:-1, max-image-preview:large, max-video-preview:-1\" \/>\n<link rel=\"canonical\" href=\"https:\/\/vieassociative.be\/actualites\/des-facons-astucieuses-dafficher-tout-lart-que-votre-enfant-realise-cette-annee\/\" \/>\n<meta property=\"og:locale\" content=\"fr_FR\" \/>\n<meta property=\"og:type\" content=\"article\" \/>\n<meta property=\"og:title\" content=\"Des fa\u00e7ons astucieuses d\u2019afficher tout l\u2019art que votre enfant r\u00e9alise cette ann\u00e9e | Vie Associative\" \/>\n<meta property=\"og:description\" content=\"Honorez leur talent artistique sans qu&rsquo;il envahisse toute votre maison Ma fille a d\u00e9couvert sa passion pour la peinture d\u00e8s son premier jour de maternelle.\" \/>\n<meta property=\"og:url\" content=\"https:\/\/vieassociative.be\/actualites\/des-facons-astucieuses-dafficher-tout-lart-que-votre-enfant-realise-cette-annee\/\" \/>\n<meta property=\"og:site_name\" content=\"Vie Associative\" \/>\n<meta property=\"article:published_time\" content=\"2024-11-19T05:18:56+00:00\" \/>\n<meta property=\"og:image\" content=\"https:\/\/vieassociative.be\/actualites\/wp-content\/uploads\/2024\/11\/Des-facons-astucieuses-dafficher-tout-lart-que-votre-enfant-realise.jpg\" \/>\n<meta name=\"author\" content=\"Julien\" \/>\n<meta name=\"twitter:card\" content=\"summary_large_image\" \/>\n<meta name=\"twitter:label1\" content=\"\u00c9crit par\" \/>\n\t<meta name=\"twitter:data1\" content=\"Julien\" \/>\n\t<meta name=\"twitter:label2\" content=\"Dur\u00e9e de lecture est.\" \/>\n\t<meta name=\"twitter:data2\" content=\"4 minutes\" \/>\n<script type=\"application\/ld+json\" class=\"yoast-schema-graph\">{\"@context\":\"https:\/\/schema.org\",\"@graph\":[{\"@type\":\"Article\",\"@id\":\"https:\/\/vieassociative.be\/actualites\/des-facons-astucieuses-dafficher-tout-lart-que-votre-enfant-realise-cette-annee\/#article\",\"isPartOf\":{\"@id\":\"https:\/\/vieassociative.be\/actualites\/des-facons-astucieuses-dafficher-tout-lart-que-votre-enfant-realise-cette-annee\/\"},\"author\":{\"name\":\"Julien\",\"@id\":\"https:\/\/vieassociative.be\/actualites\/#\/schema\/person\/b87ac4f82f9d4e7b7cec7395b679edc4\"},\"headline\":\"Des fa\u00e7ons astucieuses d\u2019afficher tout l\u2019art que votre enfant r\u00e9alise cette ann\u00e9e\",\"datePublished\":\"2024-11-19T05:18:56+00:00\",\"dateModified\":\"2024-11-19T05:18:56+00:00\",\"mainEntityOfPage\":{\"@id\":\"https:\/\/vieassociative.be\/actualites\/des-facons-astucieuses-dafficher-tout-lart-que-votre-enfant-realise-cette-annee\/\"},\"wordCount\":848,\"publisher\":{\"@id\":\"https:\/\/vieassociative.be\/actualites\/#organization\"},\"image\":{\"@id\":\"https:\/\/vieassociative.be\/actualites\/des-facons-astucieuses-dafficher-tout-lart-que-votre-enfant-realise-cette-annee\/#primaryimage\"},\"thumbnailUrl\":\"https:\/\/vieassociative.be\/actualites\/wp-content\/uploads\/2024\/11\/1731993537_Des-facons-astucieuses-dafficher-tout-lart-que-votre-enfant-realise.jpg\",\"keywords\":[\"ann\u00e9e\",\"astucieuses\",\"cette\",\"dafficher\",\"Des\",\"enfant\",\"fa\u00e7ons\",\"lart\",\"r\u00e9alise\",\"tout\",\"votre\"],\"articleSection\":[\"Famille\"],\"inLanguage\":\"fr-BE\"},{\"@type\":\"WebPage\",\"@id\":\"https:\/\/vieassociative.be\/actualites\/des-facons-astucieuses-dafficher-tout-lart-que-votre-enfant-realise-cette-annee\/\",\"url\":\"https:\/\/vieassociative.be\/actualites\/des-facons-astucieuses-dafficher-tout-lart-que-votre-enfant-realise-cette-annee\/\",\"name\":\"Des fa\u00e7ons astucieuses d\u2019afficher tout l\u2019art que votre enfant r\u00e9alise cette ann\u00e9e | Vie Associative\",\"isPartOf\":{\"@id\":\"https:\/\/vieassociative.be\/actualites\/#website\"},\"primaryImageOfPage\":{\"@id\":\"https:\/\/vieassociative.be\/actualites\/des-facons-astucieuses-dafficher-tout-lart-que-votre-enfant-realise-cette-annee\/#primaryimage\"},\"image\":{\"@id\":\"https:\/\/vieassociative.be\/actualites\/des-facons-astucieuses-dafficher-tout-lart-que-votre-enfant-realise-cette-annee\/#primaryimage\"},\"thumbnailUrl\":\"https:\/\/vieassociative.be\/actualites\/wp-content\/uploads\/2024\/11\/1731993537_Des-facons-astucieuses-dafficher-tout-lart-que-votre-enfant-realise.jpg\",\"datePublished\":\"2024-11-19T05:18:56+00:00\",\"dateModified\":\"2024-11-19T05:18:56+00:00\",\"breadcrumb\":{\"@id\":\"https:\/\/vieassociative.be\/actualites\/des-facons-astucieuses-dafficher-tout-lart-que-votre-enfant-realise-cette-annee\/#breadcrumb\"},\"inLanguage\":\"fr-BE\",\"potentialAction\":[{\"@type\":\"ReadAction\",\"target\":[\"https:\/\/vieassociative.be\/actualites\/des-facons-astucieuses-dafficher-tout-lart-que-votre-enfant-realise-cette-annee\/\"]}]},{\"@type\":\"ImageObject\",\"inLanguage\":\"fr-BE\",\"@id\":\"https:\/\/vieassociative.be\/actualites\/des-facons-astucieuses-dafficher-tout-lart-que-votre-enfant-realise-cette-annee\/#primaryimage\",\"url\":\"https:\/\/vieassociative.be\/actualites\/wp-content\/uploads\/2024\/11\/1731993537_Des-facons-astucieuses-dafficher-tout-lart-que-votre-enfant-realise.jpg\",\"contentUrl\":\"https:\/\/vieassociative.be\/actualites\/wp-content\/uploads\/2024\/11\/1731993537_Des-facons-astucieuses-dafficher-tout-lart-que-votre-enfant-realise.jpg\",\"width\":1200,\"height\":675,\"caption\":\"Des fa\u00e7ons astucieuses d\u2019afficher tout l\u2019art que votre enfant r\u00e9alise cette ann\u00e9e\"},{\"@type\":\"BreadcrumbList\",\"@id\":\"https:\/\/vieassociative.be\/actualites\/des-facons-astucieuses-dafficher-tout-lart-que-votre-enfant-realise-cette-annee\/#breadcrumb\",\"itemListElement\":[{\"@type\":\"ListItem\",\"position\":1,\"name\":\"Accueil\",\"item\":\"https:\/\/vieassociative.be\/actualites\/\"},{\"@type\":\"ListItem\",\"position\":2,\"name\":\"Des fa\u00e7ons astucieuses d\u2019afficher tout l\u2019art que votre enfant r\u00e9alise cette ann\u00e9e\"}]},{\"@type\":\"WebSite\",\"@id\":\"https:\/\/vieassociative.be\/actualites\/#website\",\"url\":\"https:\/\/vieassociative.be\/actualites\/\",\"name\":\"Vie Associative\",\"description\":\"\",\"publisher\":{\"@id\":\"https:\/\/vieassociative.be\/actualites\/#organization\"},\"potentialAction\":[{\"@type\":\"SearchAction\",\"target\":{\"@type\":\"EntryPoint\",\"urlTemplate\":\"https:\/\/vieassociative.be\/actualites\/?s={search_term_string}\"},\"query-input\":{\"@type\":\"PropertyValueSpecification\",\"valueRequired\":true,\"valueName\":\"search_term_string\"}}],\"inLanguage\":\"fr-BE\"},{\"@type\":\"Organization\",\"@id\":\"https:\/\/vieassociative.be\/actualites\/#organization\",\"name\":\"Vie Associative\",\"url\":\"https:\/\/vieassociative.be\/actualites\/\",\"logo\":{\"@type\":\"ImageObject\",\"inLanguage\":\"fr-BE\",\"@id\":\"https:\/\/vieassociative.be\/actualites\/#\/schema\/logo\/image\/\",\"url\":\"https:\/\/vieassociative.be\/actualites\/wp-content\/uploads\/2024\/09\/cropped-vieassociative_favicon.ico.png\",\"contentUrl\":\"https:\/\/vieassociative.be\/actualites\/wp-content\/uploads\/2024\/09\/cropped-vieassociative_favicon.ico.png\",\"width\":512,\"height\":512,\"caption\":\"Vie Associative\"},\"image\":{\"@id\":\"https:\/\/vieassociative.be\/actualites\/#\/schema\/logo\/image\/\"}},{\"@type\":\"Person\",\"@id\":\"https:\/\/vieassociative.be\/actualites\/#\/schema\/person\/b87ac4f82f9d4e7b7cec7395b679edc4\",\"name\":\"Julien\",\"image\":{\"@type\":\"ImageObject\",\"inLanguage\":\"fr-BE\",\"@id\":\"https:\/\/vieassociative.be\/actualites\/#\/schema\/person\/image\/\",\"url\":\"https:\/\/vieassociative.be\/actualites\/wp-content\/uploads\/2024\/09\/vie-associative-1-150x150.jpg\",\"contentUrl\":\"https:\/\/vieassociative.be\/actualites\/wp-content\/uploads\/2024\/09\/vie-associative-1-150x150.jpg\",\"caption\":\"Julien\"},\"description\":\"Je suis Julien, r\u00e9dacteur pour Vie Associative. Passionn\u00e9 par le monde associatif depuis plus de 10 ans, j'ai \u00e0 c\u0153ur de partager des histoires inspirantes et de mettre en lumi\u00e8re les initiatives locales. Mon objectif est de sensibiliser et d'encourager l'engagement communautaire \u00e0 travers mes articles.\",\"sameAs\":[\"https:\/\/vieassociative.be\/\"]}]}<\/script>\n<!-- \/ Yoast SEO plugin. -->","yoast_head_json":{"title":"Des fa\u00e7ons astucieuses d\u2019afficher tout l\u2019art que votre enfant r\u00e9alise cette ann\u00e9e | Vie Associative","robots":{"index":"index","follow":"follow","max-snippet":"max-snippet:-1","max-image-preview":"max-image-preview:large","max-video-preview":"max-video-preview:-1"},"canonical":"https:\/\/vieassociative.be\/actualites\/des-facons-astucieuses-dafficher-tout-lart-que-votre-enfant-realise-cette-annee\/","og_locale":"fr_FR","og_type":"article","og_title":"Des fa\u00e7ons astucieuses d\u2019afficher tout l\u2019art que votre enfant r\u00e9alise cette ann\u00e9e | Vie Associative","og_description":"Honorez leur talent artistique sans qu&rsquo;il envahisse toute votre maison Ma fille a d\u00e9couvert sa passion pour la peinture d\u00e8s son premier jour de maternelle.","og_url":"https:\/\/vieassociative.be\/actualites\/des-facons-astucieuses-dafficher-tout-lart-que-votre-enfant-realise-cette-annee\/","og_site_name":"Vie Associative","article_published_time":"2024-11-19T05:18:56+00:00","og_image":[{"url":"https:\/\/vieassociative.be\/actualites\/wp-content\/uploads\/2024\/11\/Des-facons-astucieuses-dafficher-tout-lart-que-votre-enfant-realise.jpg","type":"","width":"","height":""}],"author":"Julien","twitter_card":"summary_large_image","twitter_misc":{"\u00c9crit par":"Julien","Dur\u00e9e de lecture est.":"4 minutes"},"schema":{"@context":"https:\/\/schema.org","@graph":[{"@type":"Article","@id":"https:\/\/vieassociative.be\/actualites\/des-facons-astucieuses-dafficher-tout-lart-que-votre-enfant-realise-cette-annee\/#article","isPartOf":{"@id":"https:\/\/vieassociative.be\/actualites\/des-facons-astucieuses-dafficher-tout-lart-que-votre-enfant-realise-cette-annee\/"},"author":{"name":"Julien","@id":"https:\/\/vieassociative.be\/actualites\/#\/schema\/person\/b87ac4f82f9d4e7b7cec7395b679edc4"},"headline":"Des fa\u00e7ons astucieuses d\u2019afficher tout l\u2019art que votre enfant r\u00e9alise cette ann\u00e9e","datePublished":"2024-11-19T05:18:56+00:00","dateModified":"2024-11-19T05:18:56+00:00","mainEntityOfPage":{"@id":"https:\/\/vieassociative.be\/actualites\/des-facons-astucieuses-dafficher-tout-lart-que-votre-enfant-realise-cette-annee\/"},"wordCount":848,"publisher":{"@id":"https:\/\/vieassociative.be\/actualites\/#organization"},"image":{"@id":"https:\/\/vieassociative.be\/actualites\/des-facons-astucieuses-dafficher-tout-lart-que-votre-enfant-realise-cette-annee\/#primaryimage"},"thumbnailUrl":"https:\/\/vieassociative.be\/actualites\/wp-content\/uploads\/2024\/11\/1731993537_Des-facons-astucieuses-dafficher-tout-lart-que-votre-enfant-realise.jpg","keywords":["ann\u00e9e","astucieuses","cette","dafficher","Des","enfant","fa\u00e7ons","lart","r\u00e9alise","tout","votre"],"articleSection":["Famille"],"inLanguage":"fr-BE"},{"@type":"WebPage","@id":"https:\/\/vieassociative.be\/actualites\/des-facons-astucieuses-dafficher-tout-lart-que-votre-enfant-realise-cette-annee\/","url":"https:\/\/vieassociative.be\/actualites\/des-facons-astucieuses-dafficher-tout-lart-que-votre-enfant-realise-cette-annee\/","name":"Des fa\u00e7ons astucieuses d\u2019afficher tout l\u2019art que votre enfant r\u00e9alise cette ann\u00e9e | Vie Associative","isPartOf":{"@id":"https:\/\/vieassociative.be\/actualites\/#website"},"primaryImageOfPage":{"@id":"https:\/\/vieassociative.be\/actualites\/des-facons-astucieuses-dafficher-tout-lart-que-votre-enfant-realise-cette-annee\/#primaryimage"},"image":{"@id":"https:\/\/vieassociative.be\/actualites\/des-facons-astucieuses-dafficher-tout-lart-que-votre-enfant-realise-cette-annee\/#primaryimage"},"thumbnailUrl":"https:\/\/vieassociative.be\/actualites\/wp-content\/uploads\/2024\/11\/1731993537_Des-facons-astucieuses-dafficher-tout-lart-que-votre-enfant-realise.jpg","datePublished":"2024-11-19T05:18:56+00:00","dateModified":"2024-11-19T05:18:56+00:00","breadcrumb":{"@id":"https:\/\/vieassociative.be\/actualites\/des-facons-astucieuses-dafficher-tout-lart-que-votre-enfant-realise-cette-annee\/#breadcrumb"},"inLanguage":"fr-BE","potentialAction":[{"@type":"ReadAction","target":["https:\/\/vieassociative.be\/actualites\/des-facons-astucieuses-dafficher-tout-lart-que-votre-enfant-realise-cette-annee\/"]}]},{"@type":"ImageObject","inLanguage":"fr-BE","@id":"https:\/\/vieassociative.be\/actualites\/des-facons-astucieuses-dafficher-tout-lart-que-votre-enfant-realise-cette-annee\/#primaryimage","url":"https:\/\/vieassociative.be\/actualites\/wp-content\/uploads\/2024\/11\/1731993537_Des-facons-astucieuses-dafficher-tout-lart-que-votre-enfant-realise.jpg","contentUrl":"https:\/\/vieassociative.be\/actualites\/wp-content\/uploads\/2024\/11\/1731993537_Des-facons-astucieuses-dafficher-tout-lart-que-votre-enfant-realise.jpg","width":1200,"height":675,"caption":"Des fa\u00e7ons astucieuses d\u2019afficher tout l\u2019art que votre enfant r\u00e9alise cette ann\u00e9e"},{"@type":"BreadcrumbList","@id":"https:\/\/vieassociative.be\/actualites\/des-facons-astucieuses-dafficher-tout-lart-que-votre-enfant-realise-cette-annee\/#breadcrumb","itemListElement":[{"@type":"ListItem","position":1,"name":"Accueil","item":"https:\/\/vieassociative.be\/actualites\/"},{"@type":"ListItem","position":2,"name":"Des fa\u00e7ons astucieuses d\u2019afficher tout l\u2019art que votre enfant r\u00e9alise cette ann\u00e9e"}]},{"@type":"WebSite","@id":"https:\/\/vieassociative.be\/actualites\/#website","url":"https:\/\/vieassociative.be\/actualites\/","name":"Vie Associative","description":"","publisher":{"@id":"https:\/\/vieassociative.be\/actualites\/#organization"},"potentialAction":[{"@type":"SearchAction","target":{"@type":"EntryPoint","urlTemplate":"https:\/\/vieassociative.be\/actualites\/?s={search_term_string}"},"query-input":{"@type":"PropertyValueSpecification","valueRequired":true,"valueName":"search_term_string"}}],"inLanguage":"fr-BE"},{"@type":"Organization","@id":"https:\/\/vieassociative.be\/actualites\/#organization","name":"Vie Associative","url":"https:\/\/vieassociative.be\/actualites\/","logo":{"@type":"ImageObject","inLanguage":"fr-BE","@id":"https:\/\/vieassociative.be\/actualites\/#\/schema\/logo\/image\/","url":"https:\/\/vieassociative.be\/actualites\/wp-content\/uploads\/2024\/09\/cropped-vieassociative_favicon.ico.png","contentUrl":"https:\/\/vieassociative.be\/actualites\/wp-content\/uploads\/2024\/09\/cropped-vieassociative_favicon.ico.png","width":512,"height":512,"caption":"Vie Associative"},"image":{"@id":"https:\/\/vieassociative.be\/actualites\/#\/schema\/logo\/image\/"}},{"@type":"Person","@id":"https:\/\/vieassociative.be\/actualites\/#\/schema\/person\/b87ac4f82f9d4e7b7cec7395b679edc4","name":"Julien","image":{"@type":"ImageObject","inLanguage":"fr-BE","@id":"https:\/\/vieassociative.be\/actualites\/#\/schema\/person\/image\/","url":"https:\/\/vieassociative.be\/actualites\/wp-content\/uploads\/2024\/09\/vie-associative-1-150x150.jpg","contentUrl":"https:\/\/vieassociative.be\/actualites\/wp-content\/uploads\/2024\/09\/vie-associative-1-150x150.jpg","caption":"Julien"},"description":"Je suis Julien, r\u00e9dacteur pour Vie Associative. Passionn\u00e9 par le monde associatif depuis plus de 10 ans, j'ai \u00e0 c\u0153ur de partager des histoires inspirantes et de mettre en lumi\u00e8re les initiatives locales. Mon objectif est de sensibiliser et d'encourager l'engagement communautaire \u00e0 travers mes articles.","sameAs":["https:\/\/vieassociative.be\/"]}]}},"_links":{"self":[{"href":"https:\/\/vieassociative.be\/actualites\/wp-json\/wp\/v2\/posts\/2569"}],"collection":[{"href":"https:\/\/vieassociative.be\/actualites\/wp-json\/wp\/v2\/posts"}],"about":[{"href":"https:\/\/vieassociative.be\/actualites\/wp-json\/wp\/v2\/types\/post"}],"author":[{"embeddable":true,"href":"https:\/\/vieassociative.be\/actualites\/wp-json\/wp\/v2\/users\/1"}],"replies":[{"embeddable":true,"href":"https:\/\/vieassociative.be\/actualites\/wp-json\/wp\/v2\/comments?post=2569"}],"version-history":[{"count":0,"href":"https:\/\/vieassociative.be\/actualites\/wp-json\/wp\/v2\/posts\/2569\/revisions"}],"wp:featuredmedia":[{"embeddable":true,"href":"https:\/\/vieassociative.be\/actualites\/wp-json\/wp\/v2\/media\/2570"}],"wp:attachment":[{"href":"https:\/\/vieassociative.be\/actualites\/wp-json\/wp\/v2\/media?parent=2569"}],"wp:term":[{"taxonomy":"category","embeddable":true,"href":"https:\/\/vieassociative.be\/actualites\/wp-json\/wp\/v2\/categories?post=2569"},{"taxonomy":"post_tag","embeddable":true,"href":"https:\/\/vieassociative.be\/actualites\/wp-json\/wp\/v2\/tags?post=2569"}],"curies":[{"name":"wp","href":"https:\/\/api.w.org\/{rel}","templated":true}]}}