{"id":2562,"date":"2024-11-19T00:19:19","date_gmt":"2024-11-18T23:19:19","guid":{"rendered":"https:\/\/vieassociative.be\/actualites\/la-meilleure-facon-dorganiser-un-calendrier-familial\/"},"modified":"2024-11-19T00:19:19","modified_gmt":"2024-11-18T23:19:19","slug":"la-meilleure-facon-dorganiser-un-calendrier-familial","status":"publish","type":"post","link":"https:\/\/vieassociative.be\/actualites\/la-meilleure-facon-dorganiser-un-calendrier-familial\/","title":{"rendered":"La meilleure fa\u00e7on d&rsquo;organiser un calendrier familial"},"content":{"rendered":"<div class=\"mt-4 leading-6 md:mb-8\">La premi\u00e8re r\u00e8gle pour organiser un calendrier familial : Il ne peut y en avoir qu\u2019un.<\/div>\n<p><\/p>\n<p>Il y a beaucoup de choses que j&rsquo;aurais aim\u00e9 savoir avant de devenir parent. L\u2019incroyable quantit\u00e9 de pansements qui seraient gaspill\u00e9s. Combien de photos sur ma pellicule seraient des selfies flous de la t\u00eate de mon tout-petit. Surtout, le temps que je passais \u00e0 r\u00e9aliser des acrobaties logistiques ahurissantes pour g\u00e9rer les activit\u00e9s quotidiennes de ma famille.<\/p>\n<p>Entre les d\u00e9lais de travail, les voyages d&rsquo;affaires, les rendez-vous chez le m\u00e9decin, les entra\u00eenements de football, les cours de piano, les nettoyages de dents, les cours de gymnastique, les f\u00eates d&rsquo;anniversaire, le ramassage \u00e0 la garderie et les fonctions scolaires, g\u00e9rer l&#8217;emploi du temps de votre famille peut ressembler \u00e0 diriger le contr\u00f4le du trafic a\u00e9rien \u00e0 JFK.<\/p>\n<p>La \u00ab meilleure fa\u00e7on \u00bb de s\u2019organiser d\u00e9pendra de vos pr\u00e9f\u00e9rences et de celles de votre partenaire. Vous aurez peut-\u00eatre besoin d\u2019un grand calendrier mural ou d\u2019un tableau effa\u00e7able \u00e0 sec dans votre champ de vision pour vous souvenir de tout ; votre conjoint peut prosp\u00e9rer dans un environnement enti\u00e8rement num\u00e9rique. Mais il existe quelques r\u00e8gles strictes qui s\u2019appliqueront, quel que soit le format de votre emploi du temps. <\/p>\n<h2 id=\"decide-on-one-location-for-the-family-calendar-and-the-format\">D\u00e9cidez de <em>un<\/em> emplacement du calendrier familial (et le format) <\/h2>\n<p>La premi\u00e8re chose \u00e0 faire est de d\u00e9cider <em>o\u00f9<\/em> le <strong>primaire<\/strong> le calendrier familial vivra\u00a0: sur le mur ou sur vos appareils\u00a0? Certes, les calendriers papier ou effa\u00e7ables \u00e0 sec peuvent para\u00eetre archa\u00efques. Mais pour certains (moi), marcher litt\u00e9ralement dans leur calendrier est le seul moyen pour eux de se rappeler de mani\u00e8re ad\u00e9quate ce qui va suivre. <\/p>\n<p>Cependant, il existe de nombreux avantages \u00e0 le conserver sous forme num\u00e9rique, depuis tous les choix d&rsquo;applications de calendrier, jusqu&rsquo;aux options de codage couleur int\u00e9gr\u00e9es, en passant par la synchronisation automatique entre les appareils et les notifications push avant chaque activit\u00e9. Si vous et votre partenaire avez d\u00e9j\u00e0 utilis\u00e9 des calendriers num\u00e9riques diff\u00e9rents, vous devrez cependant parvenir \u00e0 un consensus sur <em>un<\/em> \u00e0 utiliser pour la famille.  <\/p>\n<p>Dans notre maison, nous faisons les deux\u00a0: un calendrier num\u00e9rique que mon mari et moi entretenons tous les deux, et un calendrier mural que mon moi de la vieille \u00e9cole, qui d\u00e9pend du papier, cr\u00e9e en guise de sauvegarde. (Remarque\u00a0: les jeunes enfants aiment g\u00e9n\u00e9ralement pouvoir voir les activit\u00e9s \u00e0 venir, se pr\u00e9parer mentalement et compter les jours). Les enfants du coll\u00e8ge et au-del\u00e0 peuvent et doivent jouer un r\u00f4le actif dans le maintien de leur part du calendrier familial.<\/p>\n<h2 id=\"establish-a-rule-that-everything-no-everything-must-go-in-the-calendar\">\u00c9tablir une r\u00e8gle selon laquelle tout (non, tout) doit figurer dans le calendrier <\/h2>\n<p>La premi\u00e8re chose \u00e0 faire est de vous assurer que vous et votre partenaire \u00eates d\u2019accord sur la n\u00e9cessit\u00e9 de maintenir un calendrier familial commun. (Apr\u00e8s tout, vous aurez besoin de leur adh\u00e9sion et de leur participation pour que cela r\u00e9ussisse vraiment.) Une fois que vous acceptez tous les deux la responsabilit\u00e9 personnelle de maintenir le bon d\u00e9roulement de l&#8217;emploi du temps du m\u00e9nage, fixez-vous pour r\u00e8gle que chaque parent <em>doit<\/em> mettre tous leurs rendez-vous personnels, \u00e9v\u00e9nements, d\u00e9placements professionnels, soir\u00e9es poker, sorties en salle de sport en dehors des heures normales et activit\u00e9s sociales dans le <em>calendrier familial commun<\/em>&#8211; \u00e0 moins que vous n&rsquo;ayez la chance d&rsquo;\u00eatre avec quelqu&rsquo;un qui aime et excelle dans l&rsquo;art de tout g\u00e9rer. Dans ce cas, b\u00e9nissez.<\/p>\n<p>Si l&rsquo;int\u00e9gralit\u00e9 du programme de football d&rsquo;un enfant est h\u00e9berg\u00e9 dans TeamSnap, tandis que la saison de baseball et les entra\u00eenements de groupe d&rsquo;un autre enfant existent dans deux applications suppl\u00e9mentaires, \u00e9laborez un syst\u00e8me avec votre conjoint pour saisir tous ces temps d&rsquo;entra\u00eenement et de jeux dans le <em>central <\/em>calendrier familial. Soit avoir un parent qui accepte de faire <em>tous<\/em> la saisie tout le temps, ou alterner la responsabilit\u00e9 sur une base hebdomadaire ou mensuelle.<\/p>\n<h2 id=\"use-color-coding-to-your-advantage\"><strong>Utilisez le code couleur \u00e0 votre avantage<\/strong><\/h2>\n<p>Une fa\u00e7on de faciliter l\u2019interpr\u00e9tation de votre calendrier familial consiste \u00e0 utiliser un code couleur. S\u00e9lectionnez soit une couleur diff\u00e9rente pour chaque enfant, activit\u00e9 ou <em>m\u00e8re<\/em> dont la responsabilit\u00e9 est de pr\u00e9parer ledit enfant et de le transporter \u00e0 son activit\u00e9. Les applications num\u00e9riques facilitent cette t\u00e2che\u00a0; mais garder une r\u00e9serve de surligneurs ou de marqueurs effa\u00e7ables \u00e0 sec de diff\u00e9rentes couleurs \u00e0 proximit\u00e9 du centre de commande fonctionne pour ceux qui aiment un calendrier tangible. <\/p>\n<h2 id=\"have-a-weekly-family-meeting\">Organisez une \u00ab r\u00e9union \u00bb familiale hebdomadaire<\/h2>\n<p>N&rsquo;h\u00e9sitez pas \u00e0 interpr\u00e9ter le mot \u00ab r\u00e9union \u00bb de mani\u00e8re vague. Il peut s&rsquo;agir soit d&rsquo;une r\u00e9union r\u00e9guli\u00e8re et r\u00e9guli\u00e8re au cours de laquelle toutes les activit\u00e9s familiales sont diffus\u00e9es \u00e0 l&rsquo;ensemble du groupe, soit d&rsquo;un enregistrement de 10 minutes avec votre conjoint tous les dimanches soirs pour passer en revue les principales logistiques et tout. des changements par rapport \u00e0 la norme pour cette semaine (ainsi que, bien s\u00fbr, qui sera responsable du transport et du d\u00eener chaque soir). <\/p>\n<h2 id=\"practice-night-time-or-morning-check-ins\">Pratiquez les enregistrements de nuit ou du matin<\/h2>\n<p>En plus de la r\u00e9union hebdomadaire, adoptez une routine consistant \u00e0 vous toucher tous les soirs avant de vous coucher, ou chaque matin, non seulement avec votre partenaire, mais aussi avec vos enfants, pour leur rappeler les entra\u00eenements \u00e0 venir et d&rsquo;autres \u00e9v\u00e9nements. Cela garantira qu&rsquo;il n&rsquo;y aura pas de surprises (comme une m\u00eal\u00e9e lorsqu&rsquo;un enfant pensait qu&rsquo;il pouvait simplement v\u00e9g\u00e9ter apr\u00e8s l&rsquo;\u00e9cole).<\/p>\n<p>Et n&rsquo;oubliez pas, au milieu de toutes ces courses, de r\u00e9server du temps pour la d\u00e9tente et les activit\u00e9s familiales communes dont vous pourrez profiter ensemble. Oserons-nous dire, vous devriez les mettre dans le calendrier ?<\/p>\n","protected":false},"excerpt":{"rendered":"<p>La premi\u00e8re r\u00e8gle pour organiser un calendrier familial : Il ne peut y en avoir qu\u2019un. Il y a beaucoup de choses que j&rsquo;aurais aim\u00e9<\/p>\n","protected":false},"author":1,"featured_media":2563,"comment_status":"","ping_status":"","sticky":false,"template":"","format":"standard","meta":{"footnotes":""},"categories":[37],"tags":[3293,544,531,3294,530],"class_list":["post-2562","post","type-post","status-publish","format-standard","has-post-thumbnail","hentry","category-famille","tag-calendrier","tag-dorganiser","tag-facon","tag-familial","tag-meilleure","generate-columns","tablet-grid-50","mobile-grid-100","grid-parent","grid-33"],"yoast_head":"<!-- This site is optimized with the Yoast SEO plugin v24.0 - https:\/\/yoast.com\/wordpress\/plugins\/seo\/ -->\n<title>La meilleure fa\u00e7on d&#039;organiser un calendrier familial | Vie Associative<\/title>\n<meta name=\"robots\" content=\"index, follow, max-snippet:-1, max-image-preview:large, max-video-preview:-1\" \/>\n<link rel=\"canonical\" href=\"https:\/\/vieassociative.be\/actualites\/la-meilleure-facon-dorganiser-un-calendrier-familial\/\" \/>\n<meta property=\"og:locale\" content=\"fr_FR\" \/>\n<meta property=\"og:type\" content=\"article\" \/>\n<meta property=\"og:title\" content=\"La meilleure fa\u00e7on d&#039;organiser un calendrier familial | Vie Associative\" \/>\n<meta property=\"og:description\" content=\"La premi\u00e8re r\u00e8gle pour organiser un calendrier familial : Il ne peut y en avoir qu\u2019un. Il y a beaucoup de choses que j&rsquo;aurais aim\u00e9\" \/>\n<meta property=\"og:url\" content=\"https:\/\/vieassociative.be\/actualites\/la-meilleure-facon-dorganiser-un-calendrier-familial\/\" \/>\n<meta property=\"og:site_name\" content=\"Vie Associative\" \/>\n<meta property=\"article:published_time\" content=\"2024-11-18T23:19:19+00:00\" \/>\n<meta property=\"og:image\" content=\"https:\/\/vieassociative.be\/actualites\/wp-content\/uploads\/2024\/09\/header_backgroundk-01-e1726694325946.png\" \/>\n\t<meta property=\"og:image:width\" content=\"279\" \/>\n\t<meta property=\"og:image:height\" content=\"92\" \/>\n\t<meta property=\"og:image:type\" content=\"image\/png\" \/>\n<meta name=\"author\" content=\"Julien\" \/>\n<meta name=\"twitter:card\" content=\"summary_large_image\" \/>\n<meta name=\"twitter:label1\" content=\"\u00c9crit par\" \/>\n\t<meta name=\"twitter:data1\" content=\"Julien\" \/>\n\t<meta name=\"twitter:label2\" content=\"Dur\u00e9e de lecture est.\" \/>\n\t<meta name=\"twitter:data2\" content=\"5 minutes\" \/>\n<script type=\"application\/ld+json\" class=\"yoast-schema-graph\">{\"@context\":\"https:\/\/schema.org\",\"@graph\":[{\"@type\":\"Article\",\"@id\":\"https:\/\/vieassociative.be\/actualites\/la-meilleure-facon-dorganiser-un-calendrier-familial\/#article\",\"isPartOf\":{\"@id\":\"https:\/\/vieassociative.be\/actualites\/la-meilleure-facon-dorganiser-un-calendrier-familial\/\"},\"author\":{\"name\":\"Julien\",\"@id\":\"https:\/\/vieassociative.be\/actualites\/#\/schema\/person\/b87ac4f82f9d4e7b7cec7395b679edc4\"},\"headline\":\"La meilleure fa\u00e7on d&rsquo;organiser un calendrier familial\",\"datePublished\":\"2024-11-18T23:19:19+00:00\",\"dateModified\":\"2024-11-18T23:19:19+00:00\",\"mainEntityOfPage\":{\"@id\":\"https:\/\/vieassociative.be\/actualites\/la-meilleure-facon-dorganiser-un-calendrier-familial\/\"},\"wordCount\":1020,\"publisher\":{\"@id\":\"https:\/\/vieassociative.be\/actualites\/#organization\"},\"image\":{\"@id\":\"https:\/\/vieassociative.be\/actualites\/la-meilleure-facon-dorganiser-un-calendrier-familial\/#primaryimage\"},\"thumbnailUrl\":\"https:\/\/vieassociative.be\/actualites\/wp-content\/uploads\/2024\/11\/La-meilleure-facon-dorganiser-un-calendrier-familial.jpg\",\"keywords\":[\"calendrier\",\"dorganiser\",\"fa\u00e7on\",\"familial\",\"meilleure\"],\"articleSection\":[\"Famille\"],\"inLanguage\":\"fr-BE\"},{\"@type\":\"WebPage\",\"@id\":\"https:\/\/vieassociative.be\/actualites\/la-meilleure-facon-dorganiser-un-calendrier-familial\/\",\"url\":\"https:\/\/vieassociative.be\/actualites\/la-meilleure-facon-dorganiser-un-calendrier-familial\/\",\"name\":\"La meilleure fa\u00e7on d'organiser un calendrier familial | Vie Associative\",\"isPartOf\":{\"@id\":\"https:\/\/vieassociative.be\/actualites\/#website\"},\"primaryImageOfPage\":{\"@id\":\"https:\/\/vieassociative.be\/actualites\/la-meilleure-facon-dorganiser-un-calendrier-familial\/#primaryimage\"},\"image\":{\"@id\":\"https:\/\/vieassociative.be\/actualites\/la-meilleure-facon-dorganiser-un-calendrier-familial\/#primaryimage\"},\"thumbnailUrl\":\"https:\/\/vieassociative.be\/actualites\/wp-content\/uploads\/2024\/11\/La-meilleure-facon-dorganiser-un-calendrier-familial.jpg\",\"datePublished\":\"2024-11-18T23:19:19+00:00\",\"dateModified\":\"2024-11-18T23:19:19+00:00\",\"breadcrumb\":{\"@id\":\"https:\/\/vieassociative.be\/actualites\/la-meilleure-facon-dorganiser-un-calendrier-familial\/#breadcrumb\"},\"inLanguage\":\"fr-BE\",\"potentialAction\":[{\"@type\":\"ReadAction\",\"target\":[\"https:\/\/vieassociative.be\/actualites\/la-meilleure-facon-dorganiser-un-calendrier-familial\/\"]}]},{\"@type\":\"ImageObject\",\"inLanguage\":\"fr-BE\",\"@id\":\"https:\/\/vieassociative.be\/actualites\/la-meilleure-facon-dorganiser-un-calendrier-familial\/#primaryimage\",\"url\":\"https:\/\/vieassociative.be\/actualites\/wp-content\/uploads\/2024\/11\/La-meilleure-facon-dorganiser-un-calendrier-familial.jpg\",\"contentUrl\":\"https:\/\/vieassociative.be\/actualites\/wp-content\/uploads\/2024\/11\/La-meilleure-facon-dorganiser-un-calendrier-familial.jpg\",\"width\":1200,\"height\":675,\"caption\":\"La meilleure fa\u00e7on d'organiser un calendrier familial\"},{\"@type\":\"BreadcrumbList\",\"@id\":\"https:\/\/vieassociative.be\/actualites\/la-meilleure-facon-dorganiser-un-calendrier-familial\/#breadcrumb\",\"itemListElement\":[{\"@type\":\"ListItem\",\"position\":1,\"name\":\"Accueil\",\"item\":\"https:\/\/vieassociative.be\/actualites\/\"},{\"@type\":\"ListItem\",\"position\":2,\"name\":\"La meilleure fa\u00e7on d&rsquo;organiser un calendrier familial\"}]},{\"@type\":\"WebSite\",\"@id\":\"https:\/\/vieassociative.be\/actualites\/#website\",\"url\":\"https:\/\/vieassociative.be\/actualites\/\",\"name\":\"Vie Associative\",\"description\":\"\",\"publisher\":{\"@id\":\"https:\/\/vieassociative.be\/actualites\/#organization\"},\"potentialAction\":[{\"@type\":\"SearchAction\",\"target\":{\"@type\":\"EntryPoint\",\"urlTemplate\":\"https:\/\/vieassociative.be\/actualites\/?s={search_term_string}\"},\"query-input\":{\"@type\":\"PropertyValueSpecification\",\"valueRequired\":true,\"valueName\":\"search_term_string\"}}],\"inLanguage\":\"fr-BE\"},{\"@type\":\"Organization\",\"@id\":\"https:\/\/vieassociative.be\/actualites\/#organization\",\"name\":\"Vie Associative\",\"url\":\"https:\/\/vieassociative.be\/actualites\/\",\"logo\":{\"@type\":\"ImageObject\",\"inLanguage\":\"fr-BE\",\"@id\":\"https:\/\/vieassociative.be\/actualites\/#\/schema\/logo\/image\/\",\"url\":\"https:\/\/vieassociative.be\/actualites\/wp-content\/uploads\/2024\/09\/cropped-vieassociative_favicon.ico.png\",\"contentUrl\":\"https:\/\/vieassociative.be\/actualites\/wp-content\/uploads\/2024\/09\/cropped-vieassociative_favicon.ico.png\",\"width\":512,\"height\":512,\"caption\":\"Vie Associative\"},\"image\":{\"@id\":\"https:\/\/vieassociative.be\/actualites\/#\/schema\/logo\/image\/\"}},{\"@type\":\"Person\",\"@id\":\"https:\/\/vieassociative.be\/actualites\/#\/schema\/person\/b87ac4f82f9d4e7b7cec7395b679edc4\",\"name\":\"Julien\",\"image\":{\"@type\":\"ImageObject\",\"inLanguage\":\"fr-BE\",\"@id\":\"https:\/\/vieassociative.be\/actualites\/#\/schema\/person\/image\/\",\"url\":\"https:\/\/vieassociative.be\/actualites\/wp-content\/uploads\/2024\/09\/vie-associative-1-150x150.jpg\",\"contentUrl\":\"https:\/\/vieassociative.be\/actualites\/wp-content\/uploads\/2024\/09\/vie-associative-1-150x150.jpg\",\"caption\":\"Julien\"},\"description\":\"Je suis Julien, r\u00e9dacteur pour Vie Associative. Passionn\u00e9 par le monde associatif depuis plus de 10 ans, j'ai \u00e0 c\u0153ur de partager des histoires inspirantes et de mettre en lumi\u00e8re les initiatives locales. Mon objectif est de sensibiliser et d'encourager l'engagement communautaire \u00e0 travers mes articles.\",\"sameAs\":[\"https:\/\/vieassociative.be\/\"]}]}<\/script>\n<!-- \/ Yoast SEO plugin. -->","yoast_head_json":{"title":"La meilleure fa\u00e7on d'organiser un calendrier familial | Vie Associative","robots":{"index":"index","follow":"follow","max-snippet":"max-snippet:-1","max-image-preview":"max-image-preview:large","max-video-preview":"max-video-preview:-1"},"canonical":"https:\/\/vieassociative.be\/actualites\/la-meilleure-facon-dorganiser-un-calendrier-familial\/","og_locale":"fr_FR","og_type":"article","og_title":"La meilleure fa\u00e7on d'organiser un calendrier familial | Vie Associative","og_description":"La premi\u00e8re r\u00e8gle pour organiser un calendrier familial : Il ne peut y en avoir qu\u2019un. Il y a beaucoup de choses que j&rsquo;aurais aim\u00e9","og_url":"https:\/\/vieassociative.be\/actualites\/la-meilleure-facon-dorganiser-un-calendrier-familial\/","og_site_name":"Vie Associative","article_published_time":"2024-11-18T23:19:19+00:00","og_image":[{"width":279,"height":92,"url":"https:\/\/vieassociative.be\/actualites\/wp-content\/uploads\/2024\/09\/header_backgroundk-01-e1726694325946.png","type":"image\/png"}],"author":"Julien","twitter_card":"summary_large_image","twitter_misc":{"\u00c9crit par":"Julien","Dur\u00e9e de lecture est.":"5 minutes"},"schema":{"@context":"https:\/\/schema.org","@graph":[{"@type":"Article","@id":"https:\/\/vieassociative.be\/actualites\/la-meilleure-facon-dorganiser-un-calendrier-familial\/#article","isPartOf":{"@id":"https:\/\/vieassociative.be\/actualites\/la-meilleure-facon-dorganiser-un-calendrier-familial\/"},"author":{"name":"Julien","@id":"https:\/\/vieassociative.be\/actualites\/#\/schema\/person\/b87ac4f82f9d4e7b7cec7395b679edc4"},"headline":"La meilleure fa\u00e7on d&rsquo;organiser un calendrier familial","datePublished":"2024-11-18T23:19:19+00:00","dateModified":"2024-11-18T23:19:19+00:00","mainEntityOfPage":{"@id":"https:\/\/vieassociative.be\/actualites\/la-meilleure-facon-dorganiser-un-calendrier-familial\/"},"wordCount":1020,"publisher":{"@id":"https:\/\/vieassociative.be\/actualites\/#organization"},"image":{"@id":"https:\/\/vieassociative.be\/actualites\/la-meilleure-facon-dorganiser-un-calendrier-familial\/#primaryimage"},"thumbnailUrl":"https:\/\/vieassociative.be\/actualites\/wp-content\/uploads\/2024\/11\/La-meilleure-facon-dorganiser-un-calendrier-familial.jpg","keywords":["calendrier","dorganiser","fa\u00e7on","familial","meilleure"],"articleSection":["Famille"],"inLanguage":"fr-BE"},{"@type":"WebPage","@id":"https:\/\/vieassociative.be\/actualites\/la-meilleure-facon-dorganiser-un-calendrier-familial\/","url":"https:\/\/vieassociative.be\/actualites\/la-meilleure-facon-dorganiser-un-calendrier-familial\/","name":"La meilleure fa\u00e7on d'organiser un calendrier familial | Vie Associative","isPartOf":{"@id":"https:\/\/vieassociative.be\/actualites\/#website"},"primaryImageOfPage":{"@id":"https:\/\/vieassociative.be\/actualites\/la-meilleure-facon-dorganiser-un-calendrier-familial\/#primaryimage"},"image":{"@id":"https:\/\/vieassociative.be\/actualites\/la-meilleure-facon-dorganiser-un-calendrier-familial\/#primaryimage"},"thumbnailUrl":"https:\/\/vieassociative.be\/actualites\/wp-content\/uploads\/2024\/11\/La-meilleure-facon-dorganiser-un-calendrier-familial.jpg","datePublished":"2024-11-18T23:19:19+00:00","dateModified":"2024-11-18T23:19:19+00:00","breadcrumb":{"@id":"https:\/\/vieassociative.be\/actualites\/la-meilleure-facon-dorganiser-un-calendrier-familial\/#breadcrumb"},"inLanguage":"fr-BE","potentialAction":[{"@type":"ReadAction","target":["https:\/\/vieassociative.be\/actualites\/la-meilleure-facon-dorganiser-un-calendrier-familial\/"]}]},{"@type":"ImageObject","inLanguage":"fr-BE","@id":"https:\/\/vieassociative.be\/actualites\/la-meilleure-facon-dorganiser-un-calendrier-familial\/#primaryimage","url":"https:\/\/vieassociative.be\/actualites\/wp-content\/uploads\/2024\/11\/La-meilleure-facon-dorganiser-un-calendrier-familial.jpg","contentUrl":"https:\/\/vieassociative.be\/actualites\/wp-content\/uploads\/2024\/11\/La-meilleure-facon-dorganiser-un-calendrier-familial.jpg","width":1200,"height":675,"caption":"La meilleure fa\u00e7on d'organiser un calendrier familial"},{"@type":"BreadcrumbList","@id":"https:\/\/vieassociative.be\/actualites\/la-meilleure-facon-dorganiser-un-calendrier-familial\/#breadcrumb","itemListElement":[{"@type":"ListItem","position":1,"name":"Accueil","item":"https:\/\/vieassociative.be\/actualites\/"},{"@type":"ListItem","position":2,"name":"La meilleure fa\u00e7on d&rsquo;organiser un calendrier familial"}]},{"@type":"WebSite","@id":"https:\/\/vieassociative.be\/actualites\/#website","url":"https:\/\/vieassociative.be\/actualites\/","name":"Vie Associative","description":"","publisher":{"@id":"https:\/\/vieassociative.be\/actualites\/#organization"},"potentialAction":[{"@type":"SearchAction","target":{"@type":"EntryPoint","urlTemplate":"https:\/\/vieassociative.be\/actualites\/?s={search_term_string}"},"query-input":{"@type":"PropertyValueSpecification","valueRequired":true,"valueName":"search_term_string"}}],"inLanguage":"fr-BE"},{"@type":"Organization","@id":"https:\/\/vieassociative.be\/actualites\/#organization","name":"Vie Associative","url":"https:\/\/vieassociative.be\/actualites\/","logo":{"@type":"ImageObject","inLanguage":"fr-BE","@id":"https:\/\/vieassociative.be\/actualites\/#\/schema\/logo\/image\/","url":"https:\/\/vieassociative.be\/actualites\/wp-content\/uploads\/2024\/09\/cropped-vieassociative_favicon.ico.png","contentUrl":"https:\/\/vieassociative.be\/actualites\/wp-content\/uploads\/2024\/09\/cropped-vieassociative_favicon.ico.png","width":512,"height":512,"caption":"Vie Associative"},"image":{"@id":"https:\/\/vieassociative.be\/actualites\/#\/schema\/logo\/image\/"}},{"@type":"Person","@id":"https:\/\/vieassociative.be\/actualites\/#\/schema\/person\/b87ac4f82f9d4e7b7cec7395b679edc4","name":"Julien","image":{"@type":"ImageObject","inLanguage":"fr-BE","@id":"https:\/\/vieassociative.be\/actualites\/#\/schema\/person\/image\/","url":"https:\/\/vieassociative.be\/actualites\/wp-content\/uploads\/2024\/09\/vie-associative-1-150x150.jpg","contentUrl":"https:\/\/vieassociative.be\/actualites\/wp-content\/uploads\/2024\/09\/vie-associative-1-150x150.jpg","caption":"Julien"},"description":"Je suis Julien, r\u00e9dacteur pour Vie Associative. Passionn\u00e9 par le monde associatif depuis plus de 10 ans, j'ai \u00e0 c\u0153ur de partager des histoires inspirantes et de mettre en lumi\u00e8re les initiatives locales. Mon objectif est de sensibiliser et d'encourager l'engagement communautaire \u00e0 travers mes articles.","sameAs":["https:\/\/vieassociative.be\/"]}]}},"_links":{"self":[{"href":"https:\/\/vieassociative.be\/actualites\/wp-json\/wp\/v2\/posts\/2562"}],"collection":[{"href":"https:\/\/vieassociative.be\/actualites\/wp-json\/wp\/v2\/posts"}],"about":[{"href":"https:\/\/vieassociative.be\/actualites\/wp-json\/wp\/v2\/types\/post"}],"author":[{"embeddable":true,"href":"https:\/\/vieassociative.be\/actualites\/wp-json\/wp\/v2\/users\/1"}],"replies":[{"embeddable":true,"href":"https:\/\/vieassociative.be\/actualites\/wp-json\/wp\/v2\/comments?post=2562"}],"version-history":[{"count":0,"href":"https:\/\/vieassociative.be\/actualites\/wp-json\/wp\/v2\/posts\/2562\/revisions"}],"wp:featuredmedia":[{"embeddable":true,"href":"https:\/\/vieassociative.be\/actualites\/wp-json\/wp\/v2\/media\/2563"}],"wp:attachment":[{"href":"https:\/\/vieassociative.be\/actualites\/wp-json\/wp\/v2\/media?parent=2562"}],"wp:term":[{"taxonomy":"category","embeddable":true,"href":"https:\/\/vieassociative.be\/actualites\/wp-json\/wp\/v2\/categories?post=2562"},{"taxonomy":"post_tag","embeddable":true,"href":"https:\/\/vieassociative.be\/actualites\/wp-json\/wp\/v2\/tags?post=2562"}],"curies":[{"name":"wp","href":"https:\/\/api.w.org\/{rel}","templated":true}]}}