{"id":2559,"date":"2024-11-18T21:17:39","date_gmt":"2024-11-18T20:17:39","guid":{"rendered":"https:\/\/vieassociative.be\/actualites\/la-dg-multiplie-ses-efforts-pour-localiser-le-telescope-einstein-dans-leuregio-meuse-rhin\/"},"modified":"2024-11-18T21:17:39","modified_gmt":"2024-11-18T20:17:39","slug":"la-dg-multiplie-ses-efforts-pour-localiser-le-telescope-einstein-dans-leuregio-meuse-rhin","status":"publish","type":"post","link":"https:\/\/vieassociative.be\/actualites\/la-dg-multiplie-ses-efforts-pour-localiser-le-telescope-einstein-dans-leuregio-meuse-rhin\/","title":{"rendered":"La DG multiplie ses efforts pour localiser le t\u00e9lescope Einstein dans l&rsquo;Euregio Meuse-Rhin"},"content":{"rendered":"<p><strong>Le t\u00e9lescope Einstein sera un instrument de mesure de premier plan au monde pour d\u00e9tecter les ondes gravitationnelles. L&rsquo;Euregio Meuse-Rhin et la r\u00e9gion italienne de Sardaigne postulent pour accueillir cet instrument de mesure r\u00e9volutionnaire.<\/strong><\/p>\n<p><span id=\"more-402137\"><\/span>Presque rien ne sera visible au-dessus du sol depuis le t\u00e9lescope Einstein, car l&rsquo;observatoire avec ses trois bras, longs chacun de dix kilom\u00e8tres, se trouvera entre 250 et 300 m\u00e8tres sous la surface de la Terre.<\/p>\n<p>L&rsquo;un des endroits les plus prometteurs pour le t\u00e9lescope Einstein est la r\u00e9gion frontali\u00e8re des Pays-Bas, de la Belgique et de l&rsquo;Allemagne. La couche arable meuble amortit les vibrations provoqu\u00e9es par l&rsquo;activit\u00e9 humaine en surface, permettant ainsi \u00e0 l&rsquo;observatoire souterrain d&rsquo;effectuer des mesures sans \u00eatre d\u00e9rang\u00e9.<\/p>\n<\/p>\n<div id=\"attachment_402150\" class=\"wp-caption alignleft\" style=\"max-width: 300px\"><img fetchpriority=\"high\" decoding=\"async\" class=\"wp-image-402150 size-medium\" src=\"https:\/\/vieassociative.be\/actualites\/wp-content\/uploads\/2024\/11\/La-DG-multiplie-ses-efforts-pour-localiser-le-telescope-Einstein.jpg\" alt=\"\" width=\"300\" height=\"200\"><\/p>\n<p class=\"wp-caption-text\">DG Ministre Gregor Freches (PFF). Photo : Patrick von Staufenberg<\/p>\n<\/div>\n<p>De plus, les bonnes connexions et le r\u00e9seau d&rsquo;institutions et d&rsquo;entreprises scientifiques sont importants pour le t\u00e9lescope Einstein. En fin de compte, la politique europ\u00e9enne d\u00e9cidera du lieu de construction du t\u00e9lescope Einstein.<\/p>\n<p>Le seul concurrent de l&rsquo;Euregio Meuse-Rhin est la r\u00e9gion Sardaigne, que m\u00eame la Premi\u00e8re ministre italienne Giorgia Meloni soutient. Le t\u00e9lescope Einstein pourrait cr\u00e9er 550 emplois directs et 1\u00a0100 emplois indirects. La centrale pourrait \u00eatre mise en service en 2032.<\/p>\n<p>Lors d&rsquo;une r\u00e9union strat\u00e9gique entre le DG ministre du D\u00e9veloppement rural, Gregor Freches (PFF), le vice-pr\u00e9sident wallon et ministre de l&rsquo;Economie Pierre-Yves Jeholet (MR) et le d\u00e9put\u00e9 de la province du Limbourg n\u00e9erlandais, Stephan Satijn (VVD), la fronti\u00e8re locale a de nouveau \u00e9t\u00e9 annonc\u00e9e comme emplacement pour le projet du t\u00e9lescope Einstein.<\/p>\n<div id=\"attachment_363393\" class=\"wp-caption alignleft\" style=\"max-width: 300px\"><img decoding=\"async\" class=\"wp-image-363393 size-medium\" src=\"https:\/\/vieassociative.be\/actualites\/wp-content\/uploads\/2024\/11\/1731961059_785_La-DG-multiplie-ses-efforts-pour-localiser-le-telescope-Einstein.jpg\" alt=\"\" width=\"300\" height=\"200\"><\/p>\n<p class=\"wp-caption-text\">Le DG-Premier ministre Oliver Paasch (2e \u00e0 partir de la droite) et d&rsquo;autres repr\u00e9sentants du gouvernement de l&rsquo;Euregio Meuse-Rhin en septembre 2023 lors de la signature d&rsquo;une d\u00e9claration d&rsquo;intention sur la voie \u00e0 suivre pour la candidature officielle commune au t\u00e9lescope Einstein. Photo : Wouter Maeckelberghe<\/p>\n<\/div>\n<p>Les repr\u00e9sentants impliqu\u00e9s ont soulign\u00e9 la grande importance scientifique et \u00e9conomique de ce projet qui, selon Freches, peut jouer un r\u00f4le cl\u00e9 dans le dialogue scientifique mondial pour l&rsquo;Est de la Belgique : \u00ab La d\u00e9cision est encore ouverte quant \u00e0 savoir si le t\u00e9lescope Einstein sera situ\u00e9 \u00e0 l&rsquo;Euregio Meuse-Rhin ou en Italie . Mais nous comptons sur un soutien politique fort et travaillons de toutes nos forces pour remporter le contrat pour notre r\u00e9gion. Ce projet n&rsquo;est pas seulement une r\u00e9ussite scientifique, mais aussi une opportunit\u00e9 \u00e9conomique pour l&rsquo;Est de la Belgique.<\/p>\n<p>\u00abEnsemble, nous nous effor\u00e7ons d&rsquo;\u00e9lever le d\u00e9veloppement scientifique et technologique \u00e0 un nouveau niveau et de renforcer l&rsquo;importance internationale de l&rsquo;Est de la Belgique dans le secteur de la recherche\u00bb, a soulign\u00e9 la ministre Freches. (cr\u00e9er)<\/p>\n","protected":false},"excerpt":{"rendered":"<p>Le t\u00e9lescope Einstein sera un instrument de mesure de premier plan au monde pour d\u00e9tecter les ondes gravitationnelles. L&rsquo;Euregio Meuse-Rhin et la r\u00e9gion italienne de<\/p>\n","protected":false},"author":1,"featured_media":2560,"comment_status":"","ping_status":"","sticky":false,"template":"","format":"standard","meta":{"footnotes":""},"categories":[298],"tags":[166,3287,3290,3291,3288,3292,3286,81,1055,3289],"class_list":["post-2559","post","type-post","status-publish","format-standard","has-post-thumbnail","hentry","category-belgique","tag-dans","tag-efforts","tag-einstein","tag-leuregio","tag-localiser","tag-meuserhin","tag-multiplie","tag-pour","tag-ses","tag-telescope","generate-columns","tablet-grid-50","mobile-grid-100","grid-parent","grid-33"],"yoast_head":"<!-- This site is optimized with the Yoast SEO plugin v24.0 - https:\/\/yoast.com\/wordpress\/plugins\/seo\/ -->\n<title>La DG multiplie ses efforts pour localiser le t\u00e9lescope Einstein dans l&#039;Euregio Meuse-Rhin | Vie Associative<\/title>\n<meta name=\"robots\" content=\"index, follow, max-snippet:-1, max-image-preview:large, max-video-preview:-1\" \/>\n<link rel=\"canonical\" href=\"https:\/\/vieassociative.be\/actualites\/la-dg-multiplie-ses-efforts-pour-localiser-le-telescope-einstein-dans-leuregio-meuse-rhin\/\" \/>\n<meta property=\"og:locale\" content=\"fr_FR\" \/>\n<meta property=\"og:type\" content=\"article\" \/>\n<meta property=\"og:title\" content=\"La DG multiplie ses efforts pour localiser le t\u00e9lescope Einstein dans l&#039;Euregio Meuse-Rhin | Vie Associative\" \/>\n<meta property=\"og:description\" content=\"Le t\u00e9lescope Einstein sera un instrument de mesure de premier plan au monde pour d\u00e9tecter les ondes gravitationnelles. L&rsquo;Euregio Meuse-Rhin et la r\u00e9gion italienne de\" \/>\n<meta property=\"og:url\" content=\"https:\/\/vieassociative.be\/actualites\/la-dg-multiplie-ses-efforts-pour-localiser-le-telescope-einstein-dans-leuregio-meuse-rhin\/\" \/>\n<meta property=\"og:site_name\" content=\"Vie Associative\" \/>\n<meta property=\"article:published_time\" content=\"2024-11-18T20:17:39+00:00\" \/>\n<meta property=\"og:image\" content=\"https:\/\/vieassociative.be\/actualites\/wp-content\/uploads\/2024\/11\/La-DG-multiplie-ses-efforts-pour-localiser-le-telescope-Einstein.jpg\" \/>\n<meta name=\"author\" content=\"Julien\" \/>\n<meta name=\"twitter:card\" content=\"summary_large_image\" \/>\n<meta name=\"twitter:label1\" content=\"\u00c9crit par\" \/>\n\t<meta name=\"twitter:data1\" content=\"Julien\" \/>\n\t<meta name=\"twitter:label2\" content=\"Dur\u00e9e de lecture est.\" \/>\n\t<meta name=\"twitter:data2\" content=\"2 minutes\" \/>\n<script type=\"application\/ld+json\" class=\"yoast-schema-graph\">{\"@context\":\"https:\/\/schema.org\",\"@graph\":[{\"@type\":\"Article\",\"@id\":\"https:\/\/vieassociative.be\/actualites\/la-dg-multiplie-ses-efforts-pour-localiser-le-telescope-einstein-dans-leuregio-meuse-rhin\/#article\",\"isPartOf\":{\"@id\":\"https:\/\/vieassociative.be\/actualites\/la-dg-multiplie-ses-efforts-pour-localiser-le-telescope-einstein-dans-leuregio-meuse-rhin\/\"},\"author\":{\"name\":\"Julien\",\"@id\":\"https:\/\/vieassociative.be\/actualites\/#\/schema\/person\/b87ac4f82f9d4e7b7cec7395b679edc4\"},\"headline\":\"La DG multiplie ses efforts pour localiser le t\u00e9lescope Einstein dans l&rsquo;Euregio Meuse-Rhin\",\"datePublished\":\"2024-11-18T20:17:39+00:00\",\"dateModified\":\"2024-11-18T20:17:39+00:00\",\"mainEntityOfPage\":{\"@id\":\"https:\/\/vieassociative.be\/actualites\/la-dg-multiplie-ses-efforts-pour-localiser-le-telescope-einstein-dans-leuregio-meuse-rhin\/\"},\"wordCount\":492,\"publisher\":{\"@id\":\"https:\/\/vieassociative.be\/actualites\/#organization\"},\"image\":{\"@id\":\"https:\/\/vieassociative.be\/actualites\/la-dg-multiplie-ses-efforts-pour-localiser-le-telescope-einstein-dans-leuregio-meuse-rhin\/#primaryimage\"},\"thumbnailUrl\":\"https:\/\/vieassociative.be\/actualites\/wp-content\/uploads\/2024\/11\/1731961059_La-DG-multiplie-ses-efforts-pour-localiser-le-telescope-Einstein.jpg\",\"keywords\":[\"dans\",\"efforts\",\"Einstein\",\"lEuregio\",\"localiser\",\"MeuseRhin\",\"multiplie\",\"pour\",\"ses\",\"t\u00e9lescope\"],\"articleSection\":[\"Belgique\"],\"inLanguage\":\"fr-BE\"},{\"@type\":\"WebPage\",\"@id\":\"https:\/\/vieassociative.be\/actualites\/la-dg-multiplie-ses-efforts-pour-localiser-le-telescope-einstein-dans-leuregio-meuse-rhin\/\",\"url\":\"https:\/\/vieassociative.be\/actualites\/la-dg-multiplie-ses-efforts-pour-localiser-le-telescope-einstein-dans-leuregio-meuse-rhin\/\",\"name\":\"La DG multiplie ses efforts pour localiser le t\u00e9lescope Einstein dans l'Euregio Meuse-Rhin | Vie Associative\",\"isPartOf\":{\"@id\":\"https:\/\/vieassociative.be\/actualites\/#website\"},\"primaryImageOfPage\":{\"@id\":\"https:\/\/vieassociative.be\/actualites\/la-dg-multiplie-ses-efforts-pour-localiser-le-telescope-einstein-dans-leuregio-meuse-rhin\/#primaryimage\"},\"image\":{\"@id\":\"https:\/\/vieassociative.be\/actualites\/la-dg-multiplie-ses-efforts-pour-localiser-le-telescope-einstein-dans-leuregio-meuse-rhin\/#primaryimage\"},\"thumbnailUrl\":\"https:\/\/vieassociative.be\/actualites\/wp-content\/uploads\/2024\/11\/1731961059_La-DG-multiplie-ses-efforts-pour-localiser-le-telescope-Einstein.jpg\",\"datePublished\":\"2024-11-18T20:17:39+00:00\",\"dateModified\":\"2024-11-18T20:17:39+00:00\",\"breadcrumb\":{\"@id\":\"https:\/\/vieassociative.be\/actualites\/la-dg-multiplie-ses-efforts-pour-localiser-le-telescope-einstein-dans-leuregio-meuse-rhin\/#breadcrumb\"},\"inLanguage\":\"fr-BE\",\"potentialAction\":[{\"@type\":\"ReadAction\",\"target\":[\"https:\/\/vieassociative.be\/actualites\/la-dg-multiplie-ses-efforts-pour-localiser-le-telescope-einstein-dans-leuregio-meuse-rhin\/\"]}]},{\"@type\":\"ImageObject\",\"inLanguage\":\"fr-BE\",\"@id\":\"https:\/\/vieassociative.be\/actualites\/la-dg-multiplie-ses-efforts-pour-localiser-le-telescope-einstein-dans-leuregio-meuse-rhin\/#primaryimage\",\"url\":\"https:\/\/vieassociative.be\/actualites\/wp-content\/uploads\/2024\/11\/1731961059_La-DG-multiplie-ses-efforts-pour-localiser-le-telescope-Einstein.jpg\",\"contentUrl\":\"https:\/\/vieassociative.be\/actualites\/wp-content\/uploads\/2024\/11\/1731961059_La-DG-multiplie-ses-efforts-pour-localiser-le-telescope-Einstein.jpg\",\"width\":1200,\"height\":800,\"caption\":\"La DG multiplie ses efforts pour localiser le t\u00e9lescope Einstein dans l'Euregio Meuse-Rhin\"},{\"@type\":\"BreadcrumbList\",\"@id\":\"https:\/\/vieassociative.be\/actualites\/la-dg-multiplie-ses-efforts-pour-localiser-le-telescope-einstein-dans-leuregio-meuse-rhin\/#breadcrumb\",\"itemListElement\":[{\"@type\":\"ListItem\",\"position\":1,\"name\":\"Accueil\",\"item\":\"https:\/\/vieassociative.be\/actualites\/\"},{\"@type\":\"ListItem\",\"position\":2,\"name\":\"La DG multiplie ses efforts pour localiser le t\u00e9lescope Einstein dans l&rsquo;Euregio Meuse-Rhin\"}]},{\"@type\":\"WebSite\",\"@id\":\"https:\/\/vieassociative.be\/actualites\/#website\",\"url\":\"https:\/\/vieassociative.be\/actualites\/\",\"name\":\"Vie Associative\",\"description\":\"\",\"publisher\":{\"@id\":\"https:\/\/vieassociative.be\/actualites\/#organization\"},\"potentialAction\":[{\"@type\":\"SearchAction\",\"target\":{\"@type\":\"EntryPoint\",\"urlTemplate\":\"https:\/\/vieassociative.be\/actualites\/?s={search_term_string}\"},\"query-input\":{\"@type\":\"PropertyValueSpecification\",\"valueRequired\":true,\"valueName\":\"search_term_string\"}}],\"inLanguage\":\"fr-BE\"},{\"@type\":\"Organization\",\"@id\":\"https:\/\/vieassociative.be\/actualites\/#organization\",\"name\":\"Vie Associative\",\"url\":\"https:\/\/vieassociative.be\/actualites\/\",\"logo\":{\"@type\":\"ImageObject\",\"inLanguage\":\"fr-BE\",\"@id\":\"https:\/\/vieassociative.be\/actualites\/#\/schema\/logo\/image\/\",\"url\":\"https:\/\/vieassociative.be\/actualites\/wp-content\/uploads\/2024\/09\/cropped-vieassociative_favicon.ico.png\",\"contentUrl\":\"https:\/\/vieassociative.be\/actualites\/wp-content\/uploads\/2024\/09\/cropped-vieassociative_favicon.ico.png\",\"width\":512,\"height\":512,\"caption\":\"Vie Associative\"},\"image\":{\"@id\":\"https:\/\/vieassociative.be\/actualites\/#\/schema\/logo\/image\/\"}},{\"@type\":\"Person\",\"@id\":\"https:\/\/vieassociative.be\/actualites\/#\/schema\/person\/b87ac4f82f9d4e7b7cec7395b679edc4\",\"name\":\"Julien\",\"image\":{\"@type\":\"ImageObject\",\"inLanguage\":\"fr-BE\",\"@id\":\"https:\/\/vieassociative.be\/actualites\/#\/schema\/person\/image\/\",\"url\":\"https:\/\/vieassociative.be\/actualites\/wp-content\/uploads\/2024\/09\/vie-associative-1-150x150.jpg\",\"contentUrl\":\"https:\/\/vieassociative.be\/actualites\/wp-content\/uploads\/2024\/09\/vie-associative-1-150x150.jpg\",\"caption\":\"Julien\"},\"description\":\"Je suis Julien, r\u00e9dacteur pour Vie Associative. Passionn\u00e9 par le monde associatif depuis plus de 10 ans, j'ai \u00e0 c\u0153ur de partager des histoires inspirantes et de mettre en lumi\u00e8re les initiatives locales. Mon objectif est de sensibiliser et d'encourager l'engagement communautaire \u00e0 travers mes articles.\",\"sameAs\":[\"https:\/\/vieassociative.be\/\"]}]}<\/script>\n<!-- \/ Yoast SEO plugin. -->","yoast_head_json":{"title":"La DG multiplie ses efforts pour localiser le t\u00e9lescope Einstein dans l'Euregio Meuse-Rhin | Vie Associative","robots":{"index":"index","follow":"follow","max-snippet":"max-snippet:-1","max-image-preview":"max-image-preview:large","max-video-preview":"max-video-preview:-1"},"canonical":"https:\/\/vieassociative.be\/actualites\/la-dg-multiplie-ses-efforts-pour-localiser-le-telescope-einstein-dans-leuregio-meuse-rhin\/","og_locale":"fr_FR","og_type":"article","og_title":"La DG multiplie ses efforts pour localiser le t\u00e9lescope Einstein dans l'Euregio Meuse-Rhin | Vie Associative","og_description":"Le t\u00e9lescope Einstein sera un instrument de mesure de premier plan au monde pour d\u00e9tecter les ondes gravitationnelles. L&rsquo;Euregio Meuse-Rhin et la r\u00e9gion italienne de","og_url":"https:\/\/vieassociative.be\/actualites\/la-dg-multiplie-ses-efforts-pour-localiser-le-telescope-einstein-dans-leuregio-meuse-rhin\/","og_site_name":"Vie Associative","article_published_time":"2024-11-18T20:17:39+00:00","og_image":[{"url":"https:\/\/vieassociative.be\/actualites\/wp-content\/uploads\/2024\/11\/La-DG-multiplie-ses-efforts-pour-localiser-le-telescope-Einstein.jpg","type":"","width":"","height":""}],"author":"Julien","twitter_card":"summary_large_image","twitter_misc":{"\u00c9crit par":"Julien","Dur\u00e9e de lecture est.":"2 minutes"},"schema":{"@context":"https:\/\/schema.org","@graph":[{"@type":"Article","@id":"https:\/\/vieassociative.be\/actualites\/la-dg-multiplie-ses-efforts-pour-localiser-le-telescope-einstein-dans-leuregio-meuse-rhin\/#article","isPartOf":{"@id":"https:\/\/vieassociative.be\/actualites\/la-dg-multiplie-ses-efforts-pour-localiser-le-telescope-einstein-dans-leuregio-meuse-rhin\/"},"author":{"name":"Julien","@id":"https:\/\/vieassociative.be\/actualites\/#\/schema\/person\/b87ac4f82f9d4e7b7cec7395b679edc4"},"headline":"La DG multiplie ses efforts pour localiser le t\u00e9lescope Einstein dans l&rsquo;Euregio Meuse-Rhin","datePublished":"2024-11-18T20:17:39+00:00","dateModified":"2024-11-18T20:17:39+00:00","mainEntityOfPage":{"@id":"https:\/\/vieassociative.be\/actualites\/la-dg-multiplie-ses-efforts-pour-localiser-le-telescope-einstein-dans-leuregio-meuse-rhin\/"},"wordCount":492,"publisher":{"@id":"https:\/\/vieassociative.be\/actualites\/#organization"},"image":{"@id":"https:\/\/vieassociative.be\/actualites\/la-dg-multiplie-ses-efforts-pour-localiser-le-telescope-einstein-dans-leuregio-meuse-rhin\/#primaryimage"},"thumbnailUrl":"https:\/\/vieassociative.be\/actualites\/wp-content\/uploads\/2024\/11\/1731961059_La-DG-multiplie-ses-efforts-pour-localiser-le-telescope-Einstein.jpg","keywords":["dans","efforts","Einstein","lEuregio","localiser","MeuseRhin","multiplie","pour","ses","t\u00e9lescope"],"articleSection":["Belgique"],"inLanguage":"fr-BE"},{"@type":"WebPage","@id":"https:\/\/vieassociative.be\/actualites\/la-dg-multiplie-ses-efforts-pour-localiser-le-telescope-einstein-dans-leuregio-meuse-rhin\/","url":"https:\/\/vieassociative.be\/actualites\/la-dg-multiplie-ses-efforts-pour-localiser-le-telescope-einstein-dans-leuregio-meuse-rhin\/","name":"La DG multiplie ses efforts pour localiser le t\u00e9lescope Einstein dans l'Euregio Meuse-Rhin | Vie Associative","isPartOf":{"@id":"https:\/\/vieassociative.be\/actualites\/#website"},"primaryImageOfPage":{"@id":"https:\/\/vieassociative.be\/actualites\/la-dg-multiplie-ses-efforts-pour-localiser-le-telescope-einstein-dans-leuregio-meuse-rhin\/#primaryimage"},"image":{"@id":"https:\/\/vieassociative.be\/actualites\/la-dg-multiplie-ses-efforts-pour-localiser-le-telescope-einstein-dans-leuregio-meuse-rhin\/#primaryimage"},"thumbnailUrl":"https:\/\/vieassociative.be\/actualites\/wp-content\/uploads\/2024\/11\/1731961059_La-DG-multiplie-ses-efforts-pour-localiser-le-telescope-Einstein.jpg","datePublished":"2024-11-18T20:17:39+00:00","dateModified":"2024-11-18T20:17:39+00:00","breadcrumb":{"@id":"https:\/\/vieassociative.be\/actualites\/la-dg-multiplie-ses-efforts-pour-localiser-le-telescope-einstein-dans-leuregio-meuse-rhin\/#breadcrumb"},"inLanguage":"fr-BE","potentialAction":[{"@type":"ReadAction","target":["https:\/\/vieassociative.be\/actualites\/la-dg-multiplie-ses-efforts-pour-localiser-le-telescope-einstein-dans-leuregio-meuse-rhin\/"]}]},{"@type":"ImageObject","inLanguage":"fr-BE","@id":"https:\/\/vieassociative.be\/actualites\/la-dg-multiplie-ses-efforts-pour-localiser-le-telescope-einstein-dans-leuregio-meuse-rhin\/#primaryimage","url":"https:\/\/vieassociative.be\/actualites\/wp-content\/uploads\/2024\/11\/1731961059_La-DG-multiplie-ses-efforts-pour-localiser-le-telescope-Einstein.jpg","contentUrl":"https:\/\/vieassociative.be\/actualites\/wp-content\/uploads\/2024\/11\/1731961059_La-DG-multiplie-ses-efforts-pour-localiser-le-telescope-Einstein.jpg","width":1200,"height":800,"caption":"La DG multiplie ses efforts pour localiser le t\u00e9lescope Einstein dans l'Euregio Meuse-Rhin"},{"@type":"BreadcrumbList","@id":"https:\/\/vieassociative.be\/actualites\/la-dg-multiplie-ses-efforts-pour-localiser-le-telescope-einstein-dans-leuregio-meuse-rhin\/#breadcrumb","itemListElement":[{"@type":"ListItem","position":1,"name":"Accueil","item":"https:\/\/vieassociative.be\/actualites\/"},{"@type":"ListItem","position":2,"name":"La DG multiplie ses efforts pour localiser le t\u00e9lescope Einstein dans l&rsquo;Euregio Meuse-Rhin"}]},{"@type":"WebSite","@id":"https:\/\/vieassociative.be\/actualites\/#website","url":"https:\/\/vieassociative.be\/actualites\/","name":"Vie Associative","description":"","publisher":{"@id":"https:\/\/vieassociative.be\/actualites\/#organization"},"potentialAction":[{"@type":"SearchAction","target":{"@type":"EntryPoint","urlTemplate":"https:\/\/vieassociative.be\/actualites\/?s={search_term_string}"},"query-input":{"@type":"PropertyValueSpecification","valueRequired":true,"valueName":"search_term_string"}}],"inLanguage":"fr-BE"},{"@type":"Organization","@id":"https:\/\/vieassociative.be\/actualites\/#organization","name":"Vie Associative","url":"https:\/\/vieassociative.be\/actualites\/","logo":{"@type":"ImageObject","inLanguage":"fr-BE","@id":"https:\/\/vieassociative.be\/actualites\/#\/schema\/logo\/image\/","url":"https:\/\/vieassociative.be\/actualites\/wp-content\/uploads\/2024\/09\/cropped-vieassociative_favicon.ico.png","contentUrl":"https:\/\/vieassociative.be\/actualites\/wp-content\/uploads\/2024\/09\/cropped-vieassociative_favicon.ico.png","width":512,"height":512,"caption":"Vie Associative"},"image":{"@id":"https:\/\/vieassociative.be\/actualites\/#\/schema\/logo\/image\/"}},{"@type":"Person","@id":"https:\/\/vieassociative.be\/actualites\/#\/schema\/person\/b87ac4f82f9d4e7b7cec7395b679edc4","name":"Julien","image":{"@type":"ImageObject","inLanguage":"fr-BE","@id":"https:\/\/vieassociative.be\/actualites\/#\/schema\/person\/image\/","url":"https:\/\/vieassociative.be\/actualites\/wp-content\/uploads\/2024\/09\/vie-associative-1-150x150.jpg","contentUrl":"https:\/\/vieassociative.be\/actualites\/wp-content\/uploads\/2024\/09\/vie-associative-1-150x150.jpg","caption":"Julien"},"description":"Je suis Julien, r\u00e9dacteur pour Vie Associative. Passionn\u00e9 par le monde associatif depuis plus de 10 ans, j'ai \u00e0 c\u0153ur de partager des histoires inspirantes et de mettre en lumi\u00e8re les initiatives locales. Mon objectif est de sensibiliser et d'encourager l'engagement communautaire \u00e0 travers mes articles.","sameAs":["https:\/\/vieassociative.be\/"]}]}},"_links":{"self":[{"href":"https:\/\/vieassociative.be\/actualites\/wp-json\/wp\/v2\/posts\/2559"}],"collection":[{"href":"https:\/\/vieassociative.be\/actualites\/wp-json\/wp\/v2\/posts"}],"about":[{"href":"https:\/\/vieassociative.be\/actualites\/wp-json\/wp\/v2\/types\/post"}],"author":[{"embeddable":true,"href":"https:\/\/vieassociative.be\/actualites\/wp-json\/wp\/v2\/users\/1"}],"replies":[{"embeddable":true,"href":"https:\/\/vieassociative.be\/actualites\/wp-json\/wp\/v2\/comments?post=2559"}],"version-history":[{"count":0,"href":"https:\/\/vieassociative.be\/actualites\/wp-json\/wp\/v2\/posts\/2559\/revisions"}],"wp:featuredmedia":[{"embeddable":true,"href":"https:\/\/vieassociative.be\/actualites\/wp-json\/wp\/v2\/media\/2560"}],"wp:attachment":[{"href":"https:\/\/vieassociative.be\/actualites\/wp-json\/wp\/v2\/media?parent=2559"}],"wp:term":[{"taxonomy":"category","embeddable":true,"href":"https:\/\/vieassociative.be\/actualites\/wp-json\/wp\/v2\/categories?post=2559"},{"taxonomy":"post_tag","embeddable":true,"href":"https:\/\/vieassociative.be\/actualites\/wp-json\/wp\/v2\/tags?post=2559"}],"curies":[{"name":"wp","href":"https:\/\/api.w.org\/{rel}","templated":true}]}}