{"id":2557,"date":"2024-11-18T20:17:27","date_gmt":"2024-11-18T19:17:27","guid":{"rendered":"https:\/\/vieassociative.be\/actualites\/comment-convertir-votre-salle-a-manger-formelle-en-un-espace-que-vous-utiliserez-reellement\/"},"modified":"2024-11-18T20:17:27","modified_gmt":"2024-11-18T19:17:27","slug":"comment-convertir-votre-salle-a-manger-formelle-en-un-espace-que-vous-utiliserez-reellement","status":"publish","type":"post","link":"https:\/\/vieassociative.be\/actualites\/comment-convertir-votre-salle-a-manger-formelle-en-un-espace-que-vous-utiliserez-reellement\/","title":{"rendered":"Comment convertir votre salle \u00e0 manger formelle en un espace que vous utiliserez r\u00e9ellement"},"content":{"rendered":"<div class=\"mt-4 leading-6 md:mb-8\">Votre salle \u00e0 manger formelle inutilis\u00e9e pourrait avoir une seconde vie en tant que bureau, biblioth\u00e8que ou salle de jeux.<\/div>\n<p><\/p>\n<p>Si votre maison dispose d\u2019une salle \u00e0 manger formelle, il y a de fortes chances que vous ne l\u2019utilisiez pas beaucoup. Alors que la salle \u00e0 manger \u00e9tait autrefois un point central de la maison \u2013 et figure toujours en bonne place sur la liste de souhaits de certaines personnes lors de la recherche d&rsquo;une maison (70 % des acheteurs veulent une salle \u00e0 manger, selon la National Association of Home Builders) \u2013 des \u00e9tudes ont montr\u00e9 que peu de gens en fait <em>utiliser<\/em> leur salle \u00e0 manger pour son usage exprim\u00e9.<\/p>\n<p>Si votre maison dispose d&rsquo;une salle \u00e0 manger formelle qui est actuellement un espace liminal de poussi\u00e8re et d&rsquo;ombre, vous souhaiterez peut-\u00eatre r\u00e9cup\u00e9rer cet espace. La superficie en pieds carr\u00e9s est de plus en plus ch\u00e8re et de plus en plus courte de nos jours, donc r\u00e9cup\u00e9rer une pi\u00e8ce que vous n&rsquo;utilisez pas ou que vous n&rsquo;utilisez que quelques fois par an est \u00e9videmment une id\u00e9e int\u00e9ressante. Si vous n&rsquo;avez pas une petite fortune disponible pour transformer cette salle \u00e0 manger en quelque chose que vous utiliserez r\u00e9ellement, ne vous inqui\u00e9tez pas : il existe des moyens de rendre cette pi\u00e8ce fonctionnelle sans vous ruiner.<\/p>\n<h2 id=\"best-alternative-uses-for-a-formal-dining-room\">Meilleures utilisations alternatives pour une salle \u00e0 manger formelle<\/h2>\n<p>Votre premi\u00e8re \u00e9tape, bien s\u00fbr, consiste \u00e0 d\u00e9terminer \u00e0 quoi vous devriez utiliser cet espace si vous n\u2019y organisez pas de d\u00eeners. Une pi\u00e8ce juste \u00e0 c\u00f4t\u00e9 de votre cuisine n&rsquo;est probablement pas le bon choix pour une chambre d&rsquo;amis (et cela n\u00e9cessiterait \u00e9ventuellement de fermer la salle \u00e0 manger et d&rsquo;ajouter une porte, ce qui peut \u00eatre co\u00fbteux), mais il existe plusieurs fa\u00e7ons de rendre cette salle \u00e0 manger plus utile avec l&rsquo;ajout de quelques meubles et une mise en sc\u00e8ne astucieuse :<\/p>\n<ul>\n<li>\n<p><strong>Bureau \u00e0 domicile.<\/strong> Nous travaillons tous plus souvent \u00e0 domicile, donc transformer votre salle \u00e0 manger en espace de bureau est un choix utile et facile. Ajoutez un bureau, une chaise ou un petit canap\u00e9 confortable, un lampadaire et le tour est jou\u00e9.<\/p>\n<\/li>\n<li>\n<p><strong>Biblioth\u00e8que.<\/strong> Avez-vous des \u00e9tag\u00e8res r\u00e9parties dans toute la maison ? Regroupez-les dans ce qui \u00e9tait autrefois la salle \u00e0 manger, apportez des chaises de lecture et vous avez soudainement envie d&rsquo;avoir votre propre biblioth\u00e8que personnelle.<\/p>\n<\/li>\n<li>\n<p><strong>Salle de jeux.<\/strong> Si vous avez une table de billard, une table de ping-pong ou des jeux d&rsquo;arcade cach\u00e9s dans votre sous-sol, pourquoi ne pas les mettre en lumi\u00e8re ? Si votre salle \u00e0 manger peut accueillir une grande table \u00e0 manger, elle pourra facilement accueillir quelque chose comme une table de billard et ce sera un lieu de d\u00e9tente amusant pendant que le d\u00eener est au four.<\/p>\n<\/li>\n<li>\n<p><strong>Salle d&rsquo;artisanat ou de loisirs.<\/strong> Si vous avez un passe-temps, qu&rsquo;il s&rsquo;agisse de scrapbooking, de musique ou de couture, apportez une table de travail solide et du rangement pour vos fournitures et utilisez cet espace pour nourrir votre \u00e2me plut\u00f4t que votre ventre.<\/p>\n<\/li>\n<\/ul>\n<p>Bien entendu, vous pouvez utiliser l\u2019espace comme vous le souhaitez. Une fois que vous avez compris comment vous souhaitez utiliser l\u2019espace, il est temps de le transformer. La bonne nouvelle est que vous n\u2019avez pas besoin de d\u00e9penser beaucoup (ou pas du tout) d\u2019argent pour y parvenir.<\/p>\n<h2 id=\"how-to-convert-a-formal-dining-room\">Comment transformer une salle \u00e0 manger formelle <\/h2>\n<p>L\u2019une des premi\u00e8res choses que vous devrez faire est de vous d\u00e9barrasser du lustre ou de la suspension basse que poss\u00e8dent la plupart des salles \u00e0 manger. Cette lumi\u00e8re est g\u00e9n\u00e9ralement r\u00e9gl\u00e9e \u00e0 environ trois pieds au-dessus de la hauteur de la table, ce qui est parfait pour un groupe assis mais devient un obstacle \u00e9trange si la pi\u00e8ce est utilis\u00e9e \u00e0 d&rsquo;autres fins. Remplacez la lumi\u00e8re par un plafonnier encastr\u00e9 ou peut-\u00eatre par un fandelier moins intrusif (et plus utile).<\/p>\n<p>Gardez \u00e0 l&rsquo;esprit que si le luminaire de la salle \u00e0 manger n&rsquo;est pas au centre de la pi\u00e8ce, vous souhaiterez probablement faire de cet endroit le point central de votre nouvelle pi\u00e8ce : placez le bureau, les chaises de biblioth\u00e8que ou la table de jeu en dessous. lumi\u00e8re pour que l&rsquo;espace ne semble pas d\u00e9s\u00e9quilibr\u00e9.<\/p>\n<p>Ensuite, vous souhaiterez d\u00e9finir l&rsquo;espace, surtout si la salle \u00e0 manger s&rsquo;ouvre sur d&rsquo;autres espaces, comme la cuisine ou le salon. Cela ne doit pas n\u00e9cessairement \u00eatre co\u00fbteux ou compliqu\u00e9\u00a0:<\/p>\n<ul>\n<li>\n<p>Si vous remplacez la table de la salle \u00e0 manger par quelque chose d&rsquo;aussi grand, comme une table de billard ou une table de bricolage, cela pourrait suffire \u00e0 d\u00e9finir l&rsquo;espace.<\/p>\n<\/li>\n<li>\n<p>Pour un bureau \u00e0 domicile, un grand tapis qui remplit l\u2019espace peut agir comme une limite implicite qui donnera \u00e0 l\u2019espace une sensation distincte.<\/p>\n<\/li>\n<li>\n<p>Les biblioth\u00e8ques ou autres rangements peuvent \u00eatre utilis\u00e9s pour d\u00e9limiter les limites physiques d\u2019un espace tout en agissant comme un indice visuel du nouvel objectif de la pi\u00e8ce.<\/p>\n<\/li>\n<li>\n<p>R\u00e9utilisez les \u00e9l\u00e9ments int\u00e9gr\u00e9s. Si votre salle \u00e0 manger est \u00e9quip\u00e9e d&rsquo;un vaisselier, d&rsquo;un clapier ou d&rsquo;un autre espace de rangement int\u00e9gr\u00e9, les retirer serait co\u00fbteux et probablement inutile. Pensez \u00e0 ce que vous pouvez y stocker \u00e0 la place (des dossiers, des livres ou des fournitures de bureau\/de bricolage) ou \u00e0 la fa\u00e7on dont vous pourriez l&rsquo;utiliser diff\u00e9remment, par exemple en le transformant en bar.<\/p>\n<\/li>\n<\/ul>\n<p>Si vous aimez l&rsquo;id\u00e9e d&rsquo;avoir une toute nouvelle pi\u00e8ce mais que vous voudriez peut-\u00eatre <em>option<\/em> Si vous utilisez occasionnellement votre salle \u00e0 manger, envisagez quelques id\u00e9es d&rsquo;espace flexibles\u00a0:<\/p>\n<ul>\n<li>\n<p>Une table extensible qui se replie peut \u00eatre pos\u00e9e contre un mur la plupart du temps et \u00eatre utilis\u00e9e pour le rangement, mais d\u00e9ploy\u00e9e \u00e0 la rigueur pour accueillir un petit d\u00eener.<\/p>\n<\/li>\n<li>\n<p>Si vous souhaitez une salle de jeux la plupart du temps mais une salle \u00e0 manger de temps en temps, une combinaison de table de jeu et de salle \u00e0 manger comme celle-ci pourrait vous offrir la flexibilit\u00e9 souhait\u00e9e.<\/p>\n<\/li>\n<li>\n<p>Si votre nouvelle pi\u00e8ce comprend une grande table (pour bricoler, jouer ou toute autre chose), certaines chaises de salle \u00e0 manger pliantes garderont l&rsquo;espace d\u00e9gag\u00e9 lorsqu&rsquo;elles ne sont pas utilis\u00e9es, mais permettront de redonner facilement \u00e0 l&rsquo;espace son objectif d&rsquo;origine. quand vous en avez besoin.<\/p>\n<\/li>\n<li>\n<p>Transformer des meubles sur roulettes (comme ce bureau, cette barre lat\u00e9rale et cette table de salle \u00e0 manger en un seul) vous permettra de changer le but de l&rsquo;espace \u00e0 la vol\u00e9e simplement en faisant rouler les objets. Combin\u00e9 avec quelques chaises pliantes en rangement, vous pourrez ramener votre salle \u00e0 manger \u00e0 tout moment.<\/p>\n<\/li>\n<\/ul>\n<p>En fin de compte, tout ce qui compte, c&rsquo;est que vous utilisiez votre espace priv\u00e9 comme bon vous semble. Si votre salle \u00e0 manger accueille beaucoup de d\u00eeners, c&rsquo;est formidable. Sinon, vous pouvez changer les choses.<\/p>\n","protected":false},"excerpt":{"rendered":"<p>Votre salle \u00e0 manger formelle inutilis\u00e9e pourrait avoir une seconde vie en tant que bureau, biblioth\u00e8que ou salle de jeux. Si votre maison dispose d\u2019une<\/p>\n","protected":false},"author":1,"featured_media":2558,"comment_status":"","ping_status":"","sticky":false,"template":"","format":"standard","meta":{"footnotes":""},"categories":[40],"tags":[44,1738,3284,3283,1170,85,194,3285,8,4],"class_list":["post-2557","post","type-post","status-publish","format-standard","has-post-thumbnail","hentry","category-maison","tag-comment","tag-convertir","tag-espace","tag-formelle","tag-manger","tag-reellement","tag-salle","tag-utiliserez","tag-votre","tag-vous","generate-columns","tablet-grid-50","mobile-grid-100","grid-parent","grid-33"],"yoast_head":"<!-- This site is optimized with the Yoast SEO plugin v24.0 - https:\/\/yoast.com\/wordpress\/plugins\/seo\/ -->\n<title>Comment convertir votre salle \u00e0 manger formelle en un espace que vous utiliserez r\u00e9ellement | Vie Associative<\/title>\n<meta name=\"robots\" content=\"index, follow, max-snippet:-1, max-image-preview:large, max-video-preview:-1\" \/>\n<link rel=\"canonical\" href=\"https:\/\/vieassociative.be\/actualites\/comment-convertir-votre-salle-a-manger-formelle-en-un-espace-que-vous-utiliserez-reellement\/\" \/>\n<meta property=\"og:locale\" content=\"fr_FR\" \/>\n<meta property=\"og:type\" content=\"article\" \/>\n<meta property=\"og:title\" content=\"Comment convertir votre salle \u00e0 manger formelle en un espace que vous utiliserez r\u00e9ellement | Vie Associative\" \/>\n<meta property=\"og:description\" content=\"Votre salle \u00e0 manger formelle inutilis\u00e9e pourrait avoir une seconde vie en tant que bureau, biblioth\u00e8que ou salle de jeux. Si votre maison dispose d\u2019une\" \/>\n<meta property=\"og:url\" content=\"https:\/\/vieassociative.be\/actualites\/comment-convertir-votre-salle-a-manger-formelle-en-un-espace-que-vous-utiliserez-reellement\/\" \/>\n<meta property=\"og:site_name\" content=\"Vie Associative\" \/>\n<meta property=\"article:published_time\" content=\"2024-11-18T19:17:27+00:00\" \/>\n<meta property=\"og:image\" content=\"https:\/\/vieassociative.be\/actualites\/wp-content\/uploads\/2024\/09\/header_backgroundk-01-e1726694325946.png\" \/>\n\t<meta property=\"og:image:width\" content=\"279\" \/>\n\t<meta property=\"og:image:height\" content=\"92\" \/>\n\t<meta property=\"og:image:type\" content=\"image\/png\" \/>\n<meta name=\"author\" content=\"Julien\" \/>\n<meta name=\"twitter:card\" content=\"summary_large_image\" \/>\n<meta name=\"twitter:label1\" content=\"\u00c9crit par\" \/>\n\t<meta name=\"twitter:data1\" content=\"Julien\" \/>\n\t<meta name=\"twitter:label2\" content=\"Dur\u00e9e de lecture est.\" \/>\n\t<meta name=\"twitter:data2\" content=\"6 minutes\" \/>\n<script type=\"application\/ld+json\" class=\"yoast-schema-graph\">{\"@context\":\"https:\/\/schema.org\",\"@graph\":[{\"@type\":\"Article\",\"@id\":\"https:\/\/vieassociative.be\/actualites\/comment-convertir-votre-salle-a-manger-formelle-en-un-espace-que-vous-utiliserez-reellement\/#article\",\"isPartOf\":{\"@id\":\"https:\/\/vieassociative.be\/actualites\/comment-convertir-votre-salle-a-manger-formelle-en-un-espace-que-vous-utiliserez-reellement\/\"},\"author\":{\"name\":\"Julien\",\"@id\":\"https:\/\/vieassociative.be\/actualites\/#\/schema\/person\/b87ac4f82f9d4e7b7cec7395b679edc4\"},\"headline\":\"Comment convertir votre salle \u00e0 manger formelle en un espace que vous utiliserez r\u00e9ellement\",\"datePublished\":\"2024-11-18T19:17:27+00:00\",\"dateModified\":\"2024-11-18T19:17:27+00:00\",\"mainEntityOfPage\":{\"@id\":\"https:\/\/vieassociative.be\/actualites\/comment-convertir-votre-salle-a-manger-formelle-en-un-espace-que-vous-utiliserez-reellement\/\"},\"wordCount\":1201,\"publisher\":{\"@id\":\"https:\/\/vieassociative.be\/actualites\/#organization\"},\"image\":{\"@id\":\"https:\/\/vieassociative.be\/actualites\/comment-convertir-votre-salle-a-manger-formelle-en-un-espace-que-vous-utiliserez-reellement\/#primaryimage\"},\"thumbnailUrl\":\"https:\/\/vieassociative.be\/actualites\/wp-content\/uploads\/2024\/11\/Comment-convertir-votre-salle-a-manger-formelle-en-un-espace.png\",\"keywords\":[\"Comment\",\"convertir\",\"espace\",\"formelle\",\"manger\",\"r\u00e9ellement\",\"salle\",\"utiliserez\",\"votre\",\"Vous\"],\"articleSection\":[\"Maison\"],\"inLanguage\":\"fr-BE\"},{\"@type\":\"WebPage\",\"@id\":\"https:\/\/vieassociative.be\/actualites\/comment-convertir-votre-salle-a-manger-formelle-en-un-espace-que-vous-utiliserez-reellement\/\",\"url\":\"https:\/\/vieassociative.be\/actualites\/comment-convertir-votre-salle-a-manger-formelle-en-un-espace-que-vous-utiliserez-reellement\/\",\"name\":\"Comment convertir votre salle \u00e0 manger formelle en un espace que vous utiliserez r\u00e9ellement | Vie Associative\",\"isPartOf\":{\"@id\":\"https:\/\/vieassociative.be\/actualites\/#website\"},\"primaryImageOfPage\":{\"@id\":\"https:\/\/vieassociative.be\/actualites\/comment-convertir-votre-salle-a-manger-formelle-en-un-espace-que-vous-utiliserez-reellement\/#primaryimage\"},\"image\":{\"@id\":\"https:\/\/vieassociative.be\/actualites\/comment-convertir-votre-salle-a-manger-formelle-en-un-espace-que-vous-utiliserez-reellement\/#primaryimage\"},\"thumbnailUrl\":\"https:\/\/vieassociative.be\/actualites\/wp-content\/uploads\/2024\/11\/Comment-convertir-votre-salle-a-manger-formelle-en-un-espace.png\",\"datePublished\":\"2024-11-18T19:17:27+00:00\",\"dateModified\":\"2024-11-18T19:17:27+00:00\",\"breadcrumb\":{\"@id\":\"https:\/\/vieassociative.be\/actualites\/comment-convertir-votre-salle-a-manger-formelle-en-un-espace-que-vous-utiliserez-reellement\/#breadcrumb\"},\"inLanguage\":\"fr-BE\",\"potentialAction\":[{\"@type\":\"ReadAction\",\"target\":[\"https:\/\/vieassociative.be\/actualites\/comment-convertir-votre-salle-a-manger-formelle-en-un-espace-que-vous-utiliserez-reellement\/\"]}]},{\"@type\":\"ImageObject\",\"inLanguage\":\"fr-BE\",\"@id\":\"https:\/\/vieassociative.be\/actualites\/comment-convertir-votre-salle-a-manger-formelle-en-un-espace-que-vous-utiliserez-reellement\/#primaryimage\",\"url\":\"https:\/\/vieassociative.be\/actualites\/wp-content\/uploads\/2024\/11\/Comment-convertir-votre-salle-a-manger-formelle-en-un-espace.png\",\"contentUrl\":\"https:\/\/vieassociative.be\/actualites\/wp-content\/uploads\/2024\/11\/Comment-convertir-votre-salle-a-manger-formelle-en-un-espace.png\",\"width\":1200,\"height\":675,\"caption\":\"Comment convertir votre salle \u00e0 manger formelle en un espace que vous utiliserez r\u00e9ellement\"},{\"@type\":\"BreadcrumbList\",\"@id\":\"https:\/\/vieassociative.be\/actualites\/comment-convertir-votre-salle-a-manger-formelle-en-un-espace-que-vous-utiliserez-reellement\/#breadcrumb\",\"itemListElement\":[{\"@type\":\"ListItem\",\"position\":1,\"name\":\"Accueil\",\"item\":\"https:\/\/vieassociative.be\/actualites\/\"},{\"@type\":\"ListItem\",\"position\":2,\"name\":\"Comment convertir votre salle \u00e0 manger formelle en un espace que vous utiliserez r\u00e9ellement\"}]},{\"@type\":\"WebSite\",\"@id\":\"https:\/\/vieassociative.be\/actualites\/#website\",\"url\":\"https:\/\/vieassociative.be\/actualites\/\",\"name\":\"Vie Associative\",\"description\":\"\",\"publisher\":{\"@id\":\"https:\/\/vieassociative.be\/actualites\/#organization\"},\"potentialAction\":[{\"@type\":\"SearchAction\",\"target\":{\"@type\":\"EntryPoint\",\"urlTemplate\":\"https:\/\/vieassociative.be\/actualites\/?s={search_term_string}\"},\"query-input\":{\"@type\":\"PropertyValueSpecification\",\"valueRequired\":true,\"valueName\":\"search_term_string\"}}],\"inLanguage\":\"fr-BE\"},{\"@type\":\"Organization\",\"@id\":\"https:\/\/vieassociative.be\/actualites\/#organization\",\"name\":\"Vie Associative\",\"url\":\"https:\/\/vieassociative.be\/actualites\/\",\"logo\":{\"@type\":\"ImageObject\",\"inLanguage\":\"fr-BE\",\"@id\":\"https:\/\/vieassociative.be\/actualites\/#\/schema\/logo\/image\/\",\"url\":\"https:\/\/vieassociative.be\/actualites\/wp-content\/uploads\/2024\/09\/cropped-vieassociative_favicon.ico.png\",\"contentUrl\":\"https:\/\/vieassociative.be\/actualites\/wp-content\/uploads\/2024\/09\/cropped-vieassociative_favicon.ico.png\",\"width\":512,\"height\":512,\"caption\":\"Vie Associative\"},\"image\":{\"@id\":\"https:\/\/vieassociative.be\/actualites\/#\/schema\/logo\/image\/\"}},{\"@type\":\"Person\",\"@id\":\"https:\/\/vieassociative.be\/actualites\/#\/schema\/person\/b87ac4f82f9d4e7b7cec7395b679edc4\",\"name\":\"Julien\",\"image\":{\"@type\":\"ImageObject\",\"inLanguage\":\"fr-BE\",\"@id\":\"https:\/\/vieassociative.be\/actualites\/#\/schema\/person\/image\/\",\"url\":\"https:\/\/vieassociative.be\/actualites\/wp-content\/uploads\/2024\/09\/vie-associative-1-150x150.jpg\",\"contentUrl\":\"https:\/\/vieassociative.be\/actualites\/wp-content\/uploads\/2024\/09\/vie-associative-1-150x150.jpg\",\"caption\":\"Julien\"},\"description\":\"Je suis Julien, r\u00e9dacteur pour Vie Associative. Passionn\u00e9 par le monde associatif depuis plus de 10 ans, j'ai \u00e0 c\u0153ur de partager des histoires inspirantes et de mettre en lumi\u00e8re les initiatives locales. Mon objectif est de sensibiliser et d'encourager l'engagement communautaire \u00e0 travers mes articles.\",\"sameAs\":[\"https:\/\/vieassociative.be\/\"]}]}<\/script>\n<!-- \/ Yoast SEO plugin. -->","yoast_head_json":{"title":"Comment convertir votre salle \u00e0 manger formelle en un espace que vous utiliserez r\u00e9ellement | Vie Associative","robots":{"index":"index","follow":"follow","max-snippet":"max-snippet:-1","max-image-preview":"max-image-preview:large","max-video-preview":"max-video-preview:-1"},"canonical":"https:\/\/vieassociative.be\/actualites\/comment-convertir-votre-salle-a-manger-formelle-en-un-espace-que-vous-utiliserez-reellement\/","og_locale":"fr_FR","og_type":"article","og_title":"Comment convertir votre salle \u00e0 manger formelle en un espace que vous utiliserez r\u00e9ellement | Vie Associative","og_description":"Votre salle \u00e0 manger formelle inutilis\u00e9e pourrait avoir une seconde vie en tant que bureau, biblioth\u00e8que ou salle de jeux. Si votre maison dispose d\u2019une","og_url":"https:\/\/vieassociative.be\/actualites\/comment-convertir-votre-salle-a-manger-formelle-en-un-espace-que-vous-utiliserez-reellement\/","og_site_name":"Vie Associative","article_published_time":"2024-11-18T19:17:27+00:00","og_image":[{"width":279,"height":92,"url":"https:\/\/vieassociative.be\/actualites\/wp-content\/uploads\/2024\/09\/header_backgroundk-01-e1726694325946.png","type":"image\/png"}],"author":"Julien","twitter_card":"summary_large_image","twitter_misc":{"\u00c9crit par":"Julien","Dur\u00e9e de lecture est.":"6 minutes"},"schema":{"@context":"https:\/\/schema.org","@graph":[{"@type":"Article","@id":"https:\/\/vieassociative.be\/actualites\/comment-convertir-votre-salle-a-manger-formelle-en-un-espace-que-vous-utiliserez-reellement\/#article","isPartOf":{"@id":"https:\/\/vieassociative.be\/actualites\/comment-convertir-votre-salle-a-manger-formelle-en-un-espace-que-vous-utiliserez-reellement\/"},"author":{"name":"Julien","@id":"https:\/\/vieassociative.be\/actualites\/#\/schema\/person\/b87ac4f82f9d4e7b7cec7395b679edc4"},"headline":"Comment convertir votre salle \u00e0 manger formelle en un espace que vous utiliserez r\u00e9ellement","datePublished":"2024-11-18T19:17:27+00:00","dateModified":"2024-11-18T19:17:27+00:00","mainEntityOfPage":{"@id":"https:\/\/vieassociative.be\/actualites\/comment-convertir-votre-salle-a-manger-formelle-en-un-espace-que-vous-utiliserez-reellement\/"},"wordCount":1201,"publisher":{"@id":"https:\/\/vieassociative.be\/actualites\/#organization"},"image":{"@id":"https:\/\/vieassociative.be\/actualites\/comment-convertir-votre-salle-a-manger-formelle-en-un-espace-que-vous-utiliserez-reellement\/#primaryimage"},"thumbnailUrl":"https:\/\/vieassociative.be\/actualites\/wp-content\/uploads\/2024\/11\/Comment-convertir-votre-salle-a-manger-formelle-en-un-espace.png","keywords":["Comment","convertir","espace","formelle","manger","r\u00e9ellement","salle","utiliserez","votre","Vous"],"articleSection":["Maison"],"inLanguage":"fr-BE"},{"@type":"WebPage","@id":"https:\/\/vieassociative.be\/actualites\/comment-convertir-votre-salle-a-manger-formelle-en-un-espace-que-vous-utiliserez-reellement\/","url":"https:\/\/vieassociative.be\/actualites\/comment-convertir-votre-salle-a-manger-formelle-en-un-espace-que-vous-utiliserez-reellement\/","name":"Comment convertir votre salle \u00e0 manger formelle en un espace que vous utiliserez r\u00e9ellement | Vie Associative","isPartOf":{"@id":"https:\/\/vieassociative.be\/actualites\/#website"},"primaryImageOfPage":{"@id":"https:\/\/vieassociative.be\/actualites\/comment-convertir-votre-salle-a-manger-formelle-en-un-espace-que-vous-utiliserez-reellement\/#primaryimage"},"image":{"@id":"https:\/\/vieassociative.be\/actualites\/comment-convertir-votre-salle-a-manger-formelle-en-un-espace-que-vous-utiliserez-reellement\/#primaryimage"},"thumbnailUrl":"https:\/\/vieassociative.be\/actualites\/wp-content\/uploads\/2024\/11\/Comment-convertir-votre-salle-a-manger-formelle-en-un-espace.png","datePublished":"2024-11-18T19:17:27+00:00","dateModified":"2024-11-18T19:17:27+00:00","breadcrumb":{"@id":"https:\/\/vieassociative.be\/actualites\/comment-convertir-votre-salle-a-manger-formelle-en-un-espace-que-vous-utiliserez-reellement\/#breadcrumb"},"inLanguage":"fr-BE","potentialAction":[{"@type":"ReadAction","target":["https:\/\/vieassociative.be\/actualites\/comment-convertir-votre-salle-a-manger-formelle-en-un-espace-que-vous-utiliserez-reellement\/"]}]},{"@type":"ImageObject","inLanguage":"fr-BE","@id":"https:\/\/vieassociative.be\/actualites\/comment-convertir-votre-salle-a-manger-formelle-en-un-espace-que-vous-utiliserez-reellement\/#primaryimage","url":"https:\/\/vieassociative.be\/actualites\/wp-content\/uploads\/2024\/11\/Comment-convertir-votre-salle-a-manger-formelle-en-un-espace.png","contentUrl":"https:\/\/vieassociative.be\/actualites\/wp-content\/uploads\/2024\/11\/Comment-convertir-votre-salle-a-manger-formelle-en-un-espace.png","width":1200,"height":675,"caption":"Comment convertir votre salle \u00e0 manger formelle en un espace que vous utiliserez r\u00e9ellement"},{"@type":"BreadcrumbList","@id":"https:\/\/vieassociative.be\/actualites\/comment-convertir-votre-salle-a-manger-formelle-en-un-espace-que-vous-utiliserez-reellement\/#breadcrumb","itemListElement":[{"@type":"ListItem","position":1,"name":"Accueil","item":"https:\/\/vieassociative.be\/actualites\/"},{"@type":"ListItem","position":2,"name":"Comment convertir votre salle \u00e0 manger formelle en un espace que vous utiliserez r\u00e9ellement"}]},{"@type":"WebSite","@id":"https:\/\/vieassociative.be\/actualites\/#website","url":"https:\/\/vieassociative.be\/actualites\/","name":"Vie Associative","description":"","publisher":{"@id":"https:\/\/vieassociative.be\/actualites\/#organization"},"potentialAction":[{"@type":"SearchAction","target":{"@type":"EntryPoint","urlTemplate":"https:\/\/vieassociative.be\/actualites\/?s={search_term_string}"},"query-input":{"@type":"PropertyValueSpecification","valueRequired":true,"valueName":"search_term_string"}}],"inLanguage":"fr-BE"},{"@type":"Organization","@id":"https:\/\/vieassociative.be\/actualites\/#organization","name":"Vie Associative","url":"https:\/\/vieassociative.be\/actualites\/","logo":{"@type":"ImageObject","inLanguage":"fr-BE","@id":"https:\/\/vieassociative.be\/actualites\/#\/schema\/logo\/image\/","url":"https:\/\/vieassociative.be\/actualites\/wp-content\/uploads\/2024\/09\/cropped-vieassociative_favicon.ico.png","contentUrl":"https:\/\/vieassociative.be\/actualites\/wp-content\/uploads\/2024\/09\/cropped-vieassociative_favicon.ico.png","width":512,"height":512,"caption":"Vie Associative"},"image":{"@id":"https:\/\/vieassociative.be\/actualites\/#\/schema\/logo\/image\/"}},{"@type":"Person","@id":"https:\/\/vieassociative.be\/actualites\/#\/schema\/person\/b87ac4f82f9d4e7b7cec7395b679edc4","name":"Julien","image":{"@type":"ImageObject","inLanguage":"fr-BE","@id":"https:\/\/vieassociative.be\/actualites\/#\/schema\/person\/image\/","url":"https:\/\/vieassociative.be\/actualites\/wp-content\/uploads\/2024\/09\/vie-associative-1-150x150.jpg","contentUrl":"https:\/\/vieassociative.be\/actualites\/wp-content\/uploads\/2024\/09\/vie-associative-1-150x150.jpg","caption":"Julien"},"description":"Je suis Julien, r\u00e9dacteur pour Vie Associative. Passionn\u00e9 par le monde associatif depuis plus de 10 ans, j'ai \u00e0 c\u0153ur de partager des histoires inspirantes et de mettre en lumi\u00e8re les initiatives locales. Mon objectif est de sensibiliser et d'encourager l'engagement communautaire \u00e0 travers mes articles.","sameAs":["https:\/\/vieassociative.be\/"]}]}},"_links":{"self":[{"href":"https:\/\/vieassociative.be\/actualites\/wp-json\/wp\/v2\/posts\/2557"}],"collection":[{"href":"https:\/\/vieassociative.be\/actualites\/wp-json\/wp\/v2\/posts"}],"about":[{"href":"https:\/\/vieassociative.be\/actualites\/wp-json\/wp\/v2\/types\/post"}],"author":[{"embeddable":true,"href":"https:\/\/vieassociative.be\/actualites\/wp-json\/wp\/v2\/users\/1"}],"replies":[{"embeddable":true,"href":"https:\/\/vieassociative.be\/actualites\/wp-json\/wp\/v2\/comments?post=2557"}],"version-history":[{"count":0,"href":"https:\/\/vieassociative.be\/actualites\/wp-json\/wp\/v2\/posts\/2557\/revisions"}],"wp:featuredmedia":[{"embeddable":true,"href":"https:\/\/vieassociative.be\/actualites\/wp-json\/wp\/v2\/media\/2558"}],"wp:attachment":[{"href":"https:\/\/vieassociative.be\/actualites\/wp-json\/wp\/v2\/media?parent=2557"}],"wp:term":[{"taxonomy":"category","embeddable":true,"href":"https:\/\/vieassociative.be\/actualites\/wp-json\/wp\/v2\/categories?post=2557"},{"taxonomy":"post_tag","embeddable":true,"href":"https:\/\/vieassociative.be\/actualites\/wp-json\/wp\/v2\/tags?post=2557"}],"curies":[{"name":"wp","href":"https:\/\/api.w.org\/{rel}","templated":true}]}}