{"id":2553,"date":"2024-11-18T18:17:01","date_gmt":"2024-11-18T17:17:01","guid":{"rendered":"https:\/\/vieassociative.be\/actualites\/comment-reconnaitre-un-trouble-du-traitement-sensoriel-chez-votre-enfant\/"},"modified":"2024-11-18T18:17:01","modified_gmt":"2024-11-18T17:17:01","slug":"comment-reconnaitre-un-trouble-du-traitement-sensoriel-chez-votre-enfant","status":"publish","type":"post","link":"https:\/\/vieassociative.be\/actualites\/comment-reconnaitre-un-trouble-du-traitement-sensoriel-chez-votre-enfant\/","title":{"rendered":"Comment reconna\u00eetre un \u00ab trouble du traitement sensoriel \u00bb chez votre enfant"},"content":{"rendered":"<div class=\"mt-4 leading-6 md:mb-8\">Les personnes atteintes de SPD peuvent \u00eatre hypersensibles et facilement surstimul\u00e9es, ou hyposensibles et \u00ab en recherche sensorielle \u00bb.<\/div>\n<p><\/p>\n<p>Le trouble du traitement sensoriel (ou SPD) est une maladie neurologique dans laquelle une personne ne peut pas interpr\u00e9ter les stimuli externes ou internes comme le ferait une personne \u00ab neurotypique \u00bb. Vous connaissez vos cinq sens : la vue, l\u2019ou\u00efe, le toucher, le go\u00fbt et l\u2019odorat. Une personne atteinte de SPD peut ne pas aimer les lumi\u00e8res vives, les sir\u00e8nes bruyantes ou les odeurs \u00e2cres. Cependant, il y a aussi les sens de soi dans l\u2019espace (proprioception) et le mouvement (vestibulaire). Les personnes atteintes de SPD peuvent \u00eatre hypersensibles et \u00e9viter d\u2019\u00eatre surstimul\u00e9es ou hyposensibles et peuvent \u00eatre qualifi\u00e9es de \u00ab recherche sensorielle \u00bb. <\/p>\n<p>  \u00abChaque syst\u00e8me sensoriel est une tasse\u00bb, explique Samantha Davis, ergoth\u00e9rapeute au Kidsplay Therapy Center. \u00ab\u00a0Id\u00e9alement, nos syst\u00e8mes sont une belle tasse de taille moyenne\u00a0\u00bb, mais pour les enfants hypersensibles, leurs tasses sont petites. Les stimuli, comme les sons forts, \u00ab vont faire d\u00e9border leur tasse et peuvent aboutir \u00e0 des explosions \u00e9motionnelles, \u00e0 des comportements ou, pour certains enfants, \u00e0 un arr\u00eat complet \u00bb. Cependant, un chercheur sensoriel a une grande tasse \u2013 \u00ab mais comme sa tasse est si grande, il lui faut beaucoup d\u2019efforts pour la remplir \u00bb. Ils peuvent aimer les aliments \u00e9pic\u00e9s ou tourner encore et encore sur la balan\u00e7oire.<\/p>\n<h2 id=\"how-do-you-find-out-if-your-child-has-spd\">Comment savoir si votre enfant souffre de SPD ?<\/h2>\n<p>Quand ma propre fille avait 2 ans, j\u2019ai remarqu\u00e9 qu\u2019elle \u00e9tait diff\u00e9rente des autres tout-petits avec qui nous tra\u00eenions. Elle \u00e9vitait d&rsquo;\u00eatre touch\u00e9e par d&rsquo;autres enfants et aimait sauter des gymnases effrayants dans la jungle. Elle faisait \u00e9galement de grosses crises de col\u00e8re et avait du mal \u00e0 manger des aliments solides. Je savais que les enfants autistes avaient souvent des sensibilit\u00e9s sensorielles, mais elle ne montrait aucun autre signe d&rsquo;autisme. J&rsquo;ai trouv\u00e9 une liste de contr\u00f4le de Sensory Smart Parent et elle r\u00e9pondait aux crit\u00e8res de plusieurs cat\u00e9gories d&rsquo;hypersensibilit\u00e9 et d&rsquo;hyposensibilit\u00e9. <\/p>\n<p>Son p\u00e9diatre a reconnu que cela ressemblait \u00e0 des probl\u00e8mes sensoriels et nous a orient\u00e9 vers un ergoth\u00e9rapeute priv\u00e9 pour une \u00e9valuation. Plus tard, elle a \u00e9t\u00e9 inscrite \u00e0 un programme d&rsquo;intervention pr\u00e9coce par l&rsquo;interm\u00e9diaire de notre district scolaire de quartier. J&rsquo;ai d\u00e9couvert que nous aurions \u00e9galement pu commencer par l\u00e0 pour recevoir une \u00e9valuation et des services gratuits. Si vous vous demandez si votre enfant pourrait souffrir de SPD, v\u00e9rifiez aupr\u00e8s de votre assurance les services priv\u00e9s d&rsquo;ergoth\u00e9rapie\u00a0: bon nombre de ces types d&rsquo;\u00e9valuations et de th\u00e9rapies sont couverts. <\/p>\n<h2 id=\"what-is-the-connection-between-spd-autism-and-adhd\">Quel est le lien entre le SPD, l\u2019autisme et le TDAH ?<\/h2>\n<p>\u00ab\u00a0Pour l&rsquo;instant, il n&rsquo;y a pas de lien clair entre les raisons pour lesquelles les individus atteints du TDAH ou ceux qui pr\u00e9sentent un TDAH souffrent \u00e9galement de SPD\u00a0\u00bb, explique Davis. Mais \u00ab les troubles du traitement sensoriel, les troubles du spectre autistique (TSA) et le TDAH sont tous des troubles neurologiques. Le SPD est une comorbidit\u00e9 des deux troubles, bien que toutes les personnes atteintes de TSA ou de TDAH ne soient pas \u00e9galement atteintes de SPD, ce qui est souvent le cas. En fait, on soup\u00e7onne que plus de la moiti\u00e9 des personnes atteintes de TDAH souffrent \u00e9galement de SPD, et les d\u00e9ficits sensoriels sont l\u2019un des crit\u00e8res diagnostiques du TSA. Il existe \u00e9galement une corr\u00e9lation entre l&rsquo;anxi\u00e9t\u00e9 et le SPD.<\/p>\n<p>De plus, des recherches ont montr\u00e9 que les \u00e9tudiants intellectuellement dou\u00e9s sont plus susceptibles d&rsquo;avoir des sensibilit\u00e9s sensorielles et un SPD. Cependant, \u00eatre sensible ou avoir un autre diagnostic tel que TDAH ou SPD peut rendre difficile l&rsquo;identification d&rsquo;un \u00e9l\u00e8ve intellectuellement dou\u00e9, car il ne r\u00e9ussit pas toujours bien les tests. Pour l&rsquo;anecdote, en tant qu&rsquo;enseignant aupr\u00e8s d&rsquo;\u00e9l\u00e8ves surdou\u00e9s, je peux dire que mes \u00e9l\u00e8ves surdou\u00e9s \u00e9taient nettement plus sensibles que la population globale. <\/p>\n<h2 id=\"how-to-help-your-child-manage-spd\">Comment aider votre enfant \u00e0 g\u00e9rer le SPD<\/h2>\n<p>L&rsquo;ergoth\u00e9rapie est une id\u00e9e fabuleuse si votre enfant a des sensibilit\u00e9s sensorielles. Ils sont form\u00e9s pour adapter un \u00ab r\u00e9gime sensoriel \u00bb aux besoins sp\u00e9cifiques de votre enfant et sont capables de voir les choses \u00e0 travers leur lentille OT que le reste d&rsquo;entre nous ne remarquerons peut-\u00eatre pas. Par exemple, notre ergoth\u00e9rapeute a remarqu\u00e9 qu&rsquo;une des raisons pour lesquelles ma fille avait des probl\u00e8mes avec les aliments solides \u00e9tait qu&rsquo;elle ne faisait pas suffisamment tourner les aliments dans sa bouche. Elle a suivi une th\u00e9rapie alimentaire sp\u00e9cifique pour r\u00e9soudre ce probl\u00e8me. <\/p>\n<p>\u00abLes parents peuvent aider leurs enfants en les \u00e9coutant d&rsquo;abord, en d\u00e9terminant la cause profonde des comportements difficiles et en trouvant un moyen de r\u00e9soudre ce probl\u00e8me\u00bb, explique Caitlin Sanschagrin, ergoth\u00e9rapeute et cofondatrice et propri\u00e9taire de Bright SpOT Pediatric Therapy. \u00ab Les modifications peuvent \u00eatre minimes mais tr\u00e8s efficaces. M\u00eame le fait de passer du gel au spray pour un d\u00e9sinfectant peut faire une \u00e9norme diff\u00e9rence pour un enfant qui est sur la d\u00e9fensive tactile. <\/p>\n<p>Sanschagrin dit que les enfants atteints de SPD doivent d\u00e9velopper leurs comp\u00e9tences dans les domaines de l&rsquo;auto-repr\u00e9sentation, de l&rsquo;exploration sensorielle et de la r\u00e9gulation \u00e9motionnelle. Donnez \u00e0 votre enfant l&rsquo;occasion d&rsquo;exprimer ses propres opinions et ses limites, de s&rsquo;engager dans des jeux d\u00e9sordonn\u00e9s ou \u00e0 risque, et de pratiquer la pleine conscience et le calme. <\/p>\n<h2 id=\"how-to-talk-to-school-about-your-childs-spd\">Comment parler \u00e0 l&rsquo;\u00e9cole du SPD de votre enfant<\/h2>\n<p>Le SPD ne figure pas dans le DSM-5, le crit\u00e8re officiel des probl\u00e8mes de sant\u00e9 mentale, il n&rsquo;est donc pas toujours \u00e9ligible aux services d&rsquo;\u00e9ducation sp\u00e9cialis\u00e9e. Paulette Selman, psychologue scolaire et d\u00e9fenseure de l&rsquo;\u00e9ducation sp\u00e9cialis\u00e9e dans l&rsquo;Oregon et l&rsquo;\u00c9tat de Washington, explique : \u00ab\u00a0Lorsque les enfants re\u00e7oivent un diagnostic m\u00e9dical ou clinique qui a un impact sur leurs progr\u00e8s \u00e0 l&rsquo;\u00e9cole, ils seront admissibles dans la cat\u00e9gorie d&rsquo;\u00e9ducation sp\u00e9cialis\u00e9e \u00ab\u00a0Autres probl\u00e8mes de sant\u00e9\u00a0\u00bb\u00a0\u00bb, mais parce que En raison de son exclusion du DSM-5, certains enfants ne sont pas admissibles aux services avec un seul diagnostic SPD. Pour les enfants d&rsquo;\u00e2ge scolaire, Selman indique que votre \u00e9cole peut proposer soit un plan d&rsquo;\u00e9ducation individualis\u00e9 (IEP) soit un 504 pour un enfant ayant des probl\u00e8mes sensoriels, qu&rsquo;il soit ou non admissible au SPD s&rsquo;il a \u00e9galement un autre diagnostic ou s&rsquo;il y a \u00ab des retards d&rsquo;apprentissage, comportement ou socialisation. Si cela \u00ab limite consid\u00e9rablement \u00bb les progr\u00e8s scolaires, vous devriez pouvoir obtenir des am\u00e9nagements. <\/p>\n<p>Si votre enfant n\u2019a pas besoin d\u2019une \u00e9ducation sp\u00e9cialis\u00e9e ou n\u2019y est pas admissible, Selman souligne que la communication entre la maison et l\u2019\u00e9cole est particuli\u00e8rement importante \u00ab pour les enfants qui ont beaucoup de comportement \u00e0 l\u2019\u00e9cole \u00bb. Elle sugg\u00e8re d&rsquo;organiser une \u00ab r\u00e9union d&rsquo;\u00e9quipe \u00bb avec les enseignants, le directeur ou tout autre membre du personnel qui travaille avec votre enfant pour \u00ab passer en revue ce que le clinicien recommande en ce qui concerne les soutiens en milieu scolaire et obtenir l&rsquo;avis de l&rsquo;enseignant sur la question de savoir si l&rsquo;enfant a avait besoin de quelque chose de diff\u00e9rent de tout le monde.<\/p>\n<p>Sanschagrin sugg\u00e8re \u00e9galement de donner aux enseignants et au personnel des \u00ab aide-m\u00e9moire \u00bb sur votre enfant qui contiennent \u00ab un bref r\u00e9sum\u00e9 de la personnalit\u00e9, des int\u00e9r\u00eats et des points forts de l&rsquo;enfant, ainsi que de les informer des strat\u00e9gies qui fonctionnent ou non pour eux \u00bb, dit-elle. . Je passe \u00e9galement en revue les \u00ab\u00a0d\u00e9clencheurs\u00a0\u00bb avec les enseignants afin qu&rsquo;ils sachent quoi rechercher avant une crise pour l&rsquo;\u00e9viter. <\/p>\n<h2 id=\"lifelong-adaptations\">Des adaptations tout au long de la vie<\/h2>\n<p>N&rsquo;oubliez pas que le SPD n&rsquo;est pas quelque chose \u00e0 \u00ab r\u00e9parer \u00bb, c&rsquo;est quelque chose \u00e0 adapter. En donnant \u00e0 nos enfants des outils et des comp\u00e9tences pour r\u00e9guler leur corps et leurs \u00e9motions, nous pouvons les aider \u00e0 int\u00e9grer leurs merveilleuses sensibilit\u00e9s et \u00e0 remarquer toutes les sensations qui les entourent sans se laisser submerger. <\/p>\n","protected":false},"excerpt":{"rendered":"<p>Les personnes atteintes de SPD peuvent \u00eatre hypersensibles et facilement surstimul\u00e9es, ou hyposensibles et \u00ab en recherche sensorielle \u00bb. Le trouble du traitement sensoriel (ou<\/p>\n","protected":false},"author":1,"featured_media":2554,"comment_status":"","ping_status":"","sticky":false,"template":"","format":"standard","meta":{"footnotes":""},"categories":[37],"tags":[1287,44,295,1285,3281,1303,2722,8],"class_list":["post-2553","post","type-post","status-publish","format-standard","has-post-thumbnail","hentry","category-famille","tag-chez","tag-comment","tag-enfant","tag-reconnaitre","tag-sensoriel","tag-traitement","tag-trouble","tag-votre","generate-columns","tablet-grid-50","mobile-grid-100","grid-parent","grid-33"],"yoast_head":"<!-- This site is optimized with the Yoast SEO plugin v24.0 - https:\/\/yoast.com\/wordpress\/plugins\/seo\/ -->\n<title>Comment reconna\u00eetre un \u00ab trouble du traitement sensoriel \u00bb chez votre enfant | Vie Associative<\/title>\n<meta name=\"robots\" content=\"index, follow, max-snippet:-1, max-image-preview:large, max-video-preview:-1\" \/>\n<link rel=\"canonical\" href=\"https:\/\/vieassociative.be\/actualites\/comment-reconnaitre-un-trouble-du-traitement-sensoriel-chez-votre-enfant\/\" \/>\n<meta property=\"og:locale\" content=\"fr_FR\" \/>\n<meta property=\"og:type\" content=\"article\" \/>\n<meta property=\"og:title\" content=\"Comment reconna\u00eetre un \u00ab trouble du traitement sensoriel \u00bb chez votre enfant | Vie Associative\" \/>\n<meta property=\"og:description\" content=\"Les personnes atteintes de SPD peuvent \u00eatre hypersensibles et facilement surstimul\u00e9es, ou hyposensibles et \u00ab en recherche sensorielle \u00bb. Le trouble du traitement sensoriel (ou\" \/>\n<meta property=\"og:url\" content=\"https:\/\/vieassociative.be\/actualites\/comment-reconnaitre-un-trouble-du-traitement-sensoriel-chez-votre-enfant\/\" \/>\n<meta property=\"og:site_name\" content=\"Vie Associative\" \/>\n<meta property=\"article:published_time\" content=\"2024-11-18T17:17:01+00:00\" \/>\n<meta property=\"og:image\" content=\"https:\/\/vieassociative.be\/actualites\/wp-content\/uploads\/2024\/09\/header_backgroundk-01-e1726694325946.png\" \/>\n\t<meta property=\"og:image:width\" content=\"279\" \/>\n\t<meta property=\"og:image:height\" content=\"92\" \/>\n\t<meta property=\"og:image:type\" content=\"image\/png\" \/>\n<meta name=\"author\" content=\"Julien\" \/>\n<meta name=\"twitter:card\" content=\"summary_large_image\" \/>\n<meta name=\"twitter:label1\" content=\"\u00c9crit par\" \/>\n\t<meta name=\"twitter:data1\" content=\"Julien\" \/>\n\t<meta name=\"twitter:label2\" content=\"Dur\u00e9e de lecture est.\" \/>\n\t<meta name=\"twitter:data2\" content=\"7 minutes\" \/>\n<script type=\"application\/ld+json\" class=\"yoast-schema-graph\">{\"@context\":\"https:\/\/schema.org\",\"@graph\":[{\"@type\":\"Article\",\"@id\":\"https:\/\/vieassociative.be\/actualites\/comment-reconnaitre-un-trouble-du-traitement-sensoriel-chez-votre-enfant\/#article\",\"isPartOf\":{\"@id\":\"https:\/\/vieassociative.be\/actualites\/comment-reconnaitre-un-trouble-du-traitement-sensoriel-chez-votre-enfant\/\"},\"author\":{\"name\":\"Julien\",\"@id\":\"https:\/\/vieassociative.be\/actualites\/#\/schema\/person\/b87ac4f82f9d4e7b7cec7395b679edc4\"},\"headline\":\"Comment reconna\u00eetre un \u00ab trouble du traitement sensoriel \u00bb chez votre enfant\",\"datePublished\":\"2024-11-18T17:17:01+00:00\",\"dateModified\":\"2024-11-18T17:17:01+00:00\",\"mainEntityOfPage\":{\"@id\":\"https:\/\/vieassociative.be\/actualites\/comment-reconnaitre-un-trouble-du-traitement-sensoriel-chez-votre-enfant\/\"},\"wordCount\":1414,\"publisher\":{\"@id\":\"https:\/\/vieassociative.be\/actualites\/#organization\"},\"image\":{\"@id\":\"https:\/\/vieassociative.be\/actualites\/comment-reconnaitre-un-trouble-du-traitement-sensoriel-chez-votre-enfant\/#primaryimage\"},\"thumbnailUrl\":\"https:\/\/vieassociative.be\/actualites\/wp-content\/uploads\/2024\/11\/Comment-reconnaitre-un-trouble-du-traitement-sensoriel-chez.jpg\",\"keywords\":[\"chez\",\"Comment\",\"enfant\",\"reconna\u00eetre\",\"sensoriel\",\"traitement\",\"trouble\",\"votre\"],\"articleSection\":[\"Famille\"],\"inLanguage\":\"fr-BE\"},{\"@type\":\"WebPage\",\"@id\":\"https:\/\/vieassociative.be\/actualites\/comment-reconnaitre-un-trouble-du-traitement-sensoriel-chez-votre-enfant\/\",\"url\":\"https:\/\/vieassociative.be\/actualites\/comment-reconnaitre-un-trouble-du-traitement-sensoriel-chez-votre-enfant\/\",\"name\":\"Comment reconna\u00eetre un \u00ab trouble du traitement sensoriel \u00bb chez votre enfant | Vie Associative\",\"isPartOf\":{\"@id\":\"https:\/\/vieassociative.be\/actualites\/#website\"},\"primaryImageOfPage\":{\"@id\":\"https:\/\/vieassociative.be\/actualites\/comment-reconnaitre-un-trouble-du-traitement-sensoriel-chez-votre-enfant\/#primaryimage\"},\"image\":{\"@id\":\"https:\/\/vieassociative.be\/actualites\/comment-reconnaitre-un-trouble-du-traitement-sensoriel-chez-votre-enfant\/#primaryimage\"},\"thumbnailUrl\":\"https:\/\/vieassociative.be\/actualites\/wp-content\/uploads\/2024\/11\/Comment-reconnaitre-un-trouble-du-traitement-sensoriel-chez.jpg\",\"datePublished\":\"2024-11-18T17:17:01+00:00\",\"dateModified\":\"2024-11-18T17:17:01+00:00\",\"breadcrumb\":{\"@id\":\"https:\/\/vieassociative.be\/actualites\/comment-reconnaitre-un-trouble-du-traitement-sensoriel-chez-votre-enfant\/#breadcrumb\"},\"inLanguage\":\"fr-BE\",\"potentialAction\":[{\"@type\":\"ReadAction\",\"target\":[\"https:\/\/vieassociative.be\/actualites\/comment-reconnaitre-un-trouble-du-traitement-sensoriel-chez-votre-enfant\/\"]}]},{\"@type\":\"ImageObject\",\"inLanguage\":\"fr-BE\",\"@id\":\"https:\/\/vieassociative.be\/actualites\/comment-reconnaitre-un-trouble-du-traitement-sensoriel-chez-votre-enfant\/#primaryimage\",\"url\":\"https:\/\/vieassociative.be\/actualites\/wp-content\/uploads\/2024\/11\/Comment-reconnaitre-un-trouble-du-traitement-sensoriel-chez.jpg\",\"contentUrl\":\"https:\/\/vieassociative.be\/actualites\/wp-content\/uploads\/2024\/11\/Comment-reconnaitre-un-trouble-du-traitement-sensoriel-chez.jpg\",\"width\":1200,\"height\":675,\"caption\":\"Comment reconna\u00eetre un \u00ab trouble du traitement sensoriel \u00bb chez votre enfant\"},{\"@type\":\"BreadcrumbList\",\"@id\":\"https:\/\/vieassociative.be\/actualites\/comment-reconnaitre-un-trouble-du-traitement-sensoriel-chez-votre-enfant\/#breadcrumb\",\"itemListElement\":[{\"@type\":\"ListItem\",\"position\":1,\"name\":\"Accueil\",\"item\":\"https:\/\/vieassociative.be\/actualites\/\"},{\"@type\":\"ListItem\",\"position\":2,\"name\":\"Comment reconna\u00eetre un \u00ab trouble du traitement sensoriel \u00bb chez votre enfant\"}]},{\"@type\":\"WebSite\",\"@id\":\"https:\/\/vieassociative.be\/actualites\/#website\",\"url\":\"https:\/\/vieassociative.be\/actualites\/\",\"name\":\"Vie Associative\",\"description\":\"\",\"publisher\":{\"@id\":\"https:\/\/vieassociative.be\/actualites\/#organization\"},\"potentialAction\":[{\"@type\":\"SearchAction\",\"target\":{\"@type\":\"EntryPoint\",\"urlTemplate\":\"https:\/\/vieassociative.be\/actualites\/?s={search_term_string}\"},\"query-input\":{\"@type\":\"PropertyValueSpecification\",\"valueRequired\":true,\"valueName\":\"search_term_string\"}}],\"inLanguage\":\"fr-BE\"},{\"@type\":\"Organization\",\"@id\":\"https:\/\/vieassociative.be\/actualites\/#organization\",\"name\":\"Vie Associative\",\"url\":\"https:\/\/vieassociative.be\/actualites\/\",\"logo\":{\"@type\":\"ImageObject\",\"inLanguage\":\"fr-BE\",\"@id\":\"https:\/\/vieassociative.be\/actualites\/#\/schema\/logo\/image\/\",\"url\":\"https:\/\/vieassociative.be\/actualites\/wp-content\/uploads\/2024\/09\/cropped-vieassociative_favicon.ico.png\",\"contentUrl\":\"https:\/\/vieassociative.be\/actualites\/wp-content\/uploads\/2024\/09\/cropped-vieassociative_favicon.ico.png\",\"width\":512,\"height\":512,\"caption\":\"Vie Associative\"},\"image\":{\"@id\":\"https:\/\/vieassociative.be\/actualites\/#\/schema\/logo\/image\/\"}},{\"@type\":\"Person\",\"@id\":\"https:\/\/vieassociative.be\/actualites\/#\/schema\/person\/b87ac4f82f9d4e7b7cec7395b679edc4\",\"name\":\"Julien\",\"image\":{\"@type\":\"ImageObject\",\"inLanguage\":\"fr-BE\",\"@id\":\"https:\/\/vieassociative.be\/actualites\/#\/schema\/person\/image\/\",\"url\":\"https:\/\/vieassociative.be\/actualites\/wp-content\/uploads\/2024\/09\/vie-associative-1-150x150.jpg\",\"contentUrl\":\"https:\/\/vieassociative.be\/actualites\/wp-content\/uploads\/2024\/09\/vie-associative-1-150x150.jpg\",\"caption\":\"Julien\"},\"description\":\"Je suis Julien, r\u00e9dacteur pour Vie Associative. Passionn\u00e9 par le monde associatif depuis plus de 10 ans, j'ai \u00e0 c\u0153ur de partager des histoires inspirantes et de mettre en lumi\u00e8re les initiatives locales. Mon objectif est de sensibiliser et d'encourager l'engagement communautaire \u00e0 travers mes articles.\",\"sameAs\":[\"https:\/\/vieassociative.be\/\"]}]}<\/script>\n<!-- \/ Yoast SEO plugin. -->","yoast_head_json":{"title":"Comment reconna\u00eetre un \u00ab trouble du traitement sensoriel \u00bb chez votre enfant | Vie Associative","robots":{"index":"index","follow":"follow","max-snippet":"max-snippet:-1","max-image-preview":"max-image-preview:large","max-video-preview":"max-video-preview:-1"},"canonical":"https:\/\/vieassociative.be\/actualites\/comment-reconnaitre-un-trouble-du-traitement-sensoriel-chez-votre-enfant\/","og_locale":"fr_FR","og_type":"article","og_title":"Comment reconna\u00eetre un \u00ab trouble du traitement sensoriel \u00bb chez votre enfant | Vie Associative","og_description":"Les personnes atteintes de SPD peuvent \u00eatre hypersensibles et facilement surstimul\u00e9es, ou hyposensibles et \u00ab en recherche sensorielle \u00bb. Le trouble du traitement sensoriel (ou","og_url":"https:\/\/vieassociative.be\/actualites\/comment-reconnaitre-un-trouble-du-traitement-sensoriel-chez-votre-enfant\/","og_site_name":"Vie Associative","article_published_time":"2024-11-18T17:17:01+00:00","og_image":[{"width":279,"height":92,"url":"https:\/\/vieassociative.be\/actualites\/wp-content\/uploads\/2024\/09\/header_backgroundk-01-e1726694325946.png","type":"image\/png"}],"author":"Julien","twitter_card":"summary_large_image","twitter_misc":{"\u00c9crit par":"Julien","Dur\u00e9e de lecture est.":"7 minutes"},"schema":{"@context":"https:\/\/schema.org","@graph":[{"@type":"Article","@id":"https:\/\/vieassociative.be\/actualites\/comment-reconnaitre-un-trouble-du-traitement-sensoriel-chez-votre-enfant\/#article","isPartOf":{"@id":"https:\/\/vieassociative.be\/actualites\/comment-reconnaitre-un-trouble-du-traitement-sensoriel-chez-votre-enfant\/"},"author":{"name":"Julien","@id":"https:\/\/vieassociative.be\/actualites\/#\/schema\/person\/b87ac4f82f9d4e7b7cec7395b679edc4"},"headline":"Comment reconna\u00eetre un \u00ab trouble du traitement sensoriel \u00bb chez votre enfant","datePublished":"2024-11-18T17:17:01+00:00","dateModified":"2024-11-18T17:17:01+00:00","mainEntityOfPage":{"@id":"https:\/\/vieassociative.be\/actualites\/comment-reconnaitre-un-trouble-du-traitement-sensoriel-chez-votre-enfant\/"},"wordCount":1414,"publisher":{"@id":"https:\/\/vieassociative.be\/actualites\/#organization"},"image":{"@id":"https:\/\/vieassociative.be\/actualites\/comment-reconnaitre-un-trouble-du-traitement-sensoriel-chez-votre-enfant\/#primaryimage"},"thumbnailUrl":"https:\/\/vieassociative.be\/actualites\/wp-content\/uploads\/2024\/11\/Comment-reconnaitre-un-trouble-du-traitement-sensoriel-chez.jpg","keywords":["chez","Comment","enfant","reconna\u00eetre","sensoriel","traitement","trouble","votre"],"articleSection":["Famille"],"inLanguage":"fr-BE"},{"@type":"WebPage","@id":"https:\/\/vieassociative.be\/actualites\/comment-reconnaitre-un-trouble-du-traitement-sensoriel-chez-votre-enfant\/","url":"https:\/\/vieassociative.be\/actualites\/comment-reconnaitre-un-trouble-du-traitement-sensoriel-chez-votre-enfant\/","name":"Comment reconna\u00eetre un \u00ab trouble du traitement sensoriel \u00bb chez votre enfant | Vie Associative","isPartOf":{"@id":"https:\/\/vieassociative.be\/actualites\/#website"},"primaryImageOfPage":{"@id":"https:\/\/vieassociative.be\/actualites\/comment-reconnaitre-un-trouble-du-traitement-sensoriel-chez-votre-enfant\/#primaryimage"},"image":{"@id":"https:\/\/vieassociative.be\/actualites\/comment-reconnaitre-un-trouble-du-traitement-sensoriel-chez-votre-enfant\/#primaryimage"},"thumbnailUrl":"https:\/\/vieassociative.be\/actualites\/wp-content\/uploads\/2024\/11\/Comment-reconnaitre-un-trouble-du-traitement-sensoriel-chez.jpg","datePublished":"2024-11-18T17:17:01+00:00","dateModified":"2024-11-18T17:17:01+00:00","breadcrumb":{"@id":"https:\/\/vieassociative.be\/actualites\/comment-reconnaitre-un-trouble-du-traitement-sensoriel-chez-votre-enfant\/#breadcrumb"},"inLanguage":"fr-BE","potentialAction":[{"@type":"ReadAction","target":["https:\/\/vieassociative.be\/actualites\/comment-reconnaitre-un-trouble-du-traitement-sensoriel-chez-votre-enfant\/"]}]},{"@type":"ImageObject","inLanguage":"fr-BE","@id":"https:\/\/vieassociative.be\/actualites\/comment-reconnaitre-un-trouble-du-traitement-sensoriel-chez-votre-enfant\/#primaryimage","url":"https:\/\/vieassociative.be\/actualites\/wp-content\/uploads\/2024\/11\/Comment-reconnaitre-un-trouble-du-traitement-sensoriel-chez.jpg","contentUrl":"https:\/\/vieassociative.be\/actualites\/wp-content\/uploads\/2024\/11\/Comment-reconnaitre-un-trouble-du-traitement-sensoriel-chez.jpg","width":1200,"height":675,"caption":"Comment reconna\u00eetre un \u00ab trouble du traitement sensoriel \u00bb chez votre enfant"},{"@type":"BreadcrumbList","@id":"https:\/\/vieassociative.be\/actualites\/comment-reconnaitre-un-trouble-du-traitement-sensoriel-chez-votre-enfant\/#breadcrumb","itemListElement":[{"@type":"ListItem","position":1,"name":"Accueil","item":"https:\/\/vieassociative.be\/actualites\/"},{"@type":"ListItem","position":2,"name":"Comment reconna\u00eetre un \u00ab trouble du traitement sensoriel \u00bb chez votre enfant"}]},{"@type":"WebSite","@id":"https:\/\/vieassociative.be\/actualites\/#website","url":"https:\/\/vieassociative.be\/actualites\/","name":"Vie Associative","description":"","publisher":{"@id":"https:\/\/vieassociative.be\/actualites\/#organization"},"potentialAction":[{"@type":"SearchAction","target":{"@type":"EntryPoint","urlTemplate":"https:\/\/vieassociative.be\/actualites\/?s={search_term_string}"},"query-input":{"@type":"PropertyValueSpecification","valueRequired":true,"valueName":"search_term_string"}}],"inLanguage":"fr-BE"},{"@type":"Organization","@id":"https:\/\/vieassociative.be\/actualites\/#organization","name":"Vie Associative","url":"https:\/\/vieassociative.be\/actualites\/","logo":{"@type":"ImageObject","inLanguage":"fr-BE","@id":"https:\/\/vieassociative.be\/actualites\/#\/schema\/logo\/image\/","url":"https:\/\/vieassociative.be\/actualites\/wp-content\/uploads\/2024\/09\/cropped-vieassociative_favicon.ico.png","contentUrl":"https:\/\/vieassociative.be\/actualites\/wp-content\/uploads\/2024\/09\/cropped-vieassociative_favicon.ico.png","width":512,"height":512,"caption":"Vie Associative"},"image":{"@id":"https:\/\/vieassociative.be\/actualites\/#\/schema\/logo\/image\/"}},{"@type":"Person","@id":"https:\/\/vieassociative.be\/actualites\/#\/schema\/person\/b87ac4f82f9d4e7b7cec7395b679edc4","name":"Julien","image":{"@type":"ImageObject","inLanguage":"fr-BE","@id":"https:\/\/vieassociative.be\/actualites\/#\/schema\/person\/image\/","url":"https:\/\/vieassociative.be\/actualites\/wp-content\/uploads\/2024\/09\/vie-associative-1-150x150.jpg","contentUrl":"https:\/\/vieassociative.be\/actualites\/wp-content\/uploads\/2024\/09\/vie-associative-1-150x150.jpg","caption":"Julien"},"description":"Je suis Julien, r\u00e9dacteur pour Vie Associative. Passionn\u00e9 par le monde associatif depuis plus de 10 ans, j'ai \u00e0 c\u0153ur de partager des histoires inspirantes et de mettre en lumi\u00e8re les initiatives locales. Mon objectif est de sensibiliser et d'encourager l'engagement communautaire \u00e0 travers mes articles.","sameAs":["https:\/\/vieassociative.be\/"]}]}},"_links":{"self":[{"href":"https:\/\/vieassociative.be\/actualites\/wp-json\/wp\/v2\/posts\/2553"}],"collection":[{"href":"https:\/\/vieassociative.be\/actualites\/wp-json\/wp\/v2\/posts"}],"about":[{"href":"https:\/\/vieassociative.be\/actualites\/wp-json\/wp\/v2\/types\/post"}],"author":[{"embeddable":true,"href":"https:\/\/vieassociative.be\/actualites\/wp-json\/wp\/v2\/users\/1"}],"replies":[{"embeddable":true,"href":"https:\/\/vieassociative.be\/actualites\/wp-json\/wp\/v2\/comments?post=2553"}],"version-history":[{"count":0,"href":"https:\/\/vieassociative.be\/actualites\/wp-json\/wp\/v2\/posts\/2553\/revisions"}],"wp:featuredmedia":[{"embeddable":true,"href":"https:\/\/vieassociative.be\/actualites\/wp-json\/wp\/v2\/media\/2554"}],"wp:attachment":[{"href":"https:\/\/vieassociative.be\/actualites\/wp-json\/wp\/v2\/media?parent=2553"}],"wp:term":[{"taxonomy":"category","embeddable":true,"href":"https:\/\/vieassociative.be\/actualites\/wp-json\/wp\/v2\/categories?post=2553"},{"taxonomy":"post_tag","embeddable":true,"href":"https:\/\/vieassociative.be\/actualites\/wp-json\/wp\/v2\/tags?post=2553"}],"curies":[{"name":"wp","href":"https:\/\/api.w.org\/{rel}","templated":true}]}}