{"id":2549,"date":"2024-11-18T15:17:45","date_gmt":"2024-11-18T14:17:45","guid":{"rendered":"https:\/\/vieassociative.be\/actualites\/1-000-jours-de-guerre-quelles-sont-les-chances-de-paix\/"},"modified":"2024-11-18T15:17:45","modified_gmt":"2024-11-18T14:17:45","slug":"1-000-jours-de-guerre-quelles-sont-les-chances-de-paix","status":"publish","type":"post","link":"https:\/\/vieassociative.be\/actualites\/1-000-jours-de-guerre-quelles-sont-les-chances-de-paix\/","title":{"rendered":"1 000 jours de guerre : quelles sont les chances de paix ?"},"content":{"rendered":"<p><strong>La Russie m\u00e8ne sa guerre d\u2019agression contre l\u2019Ukraine depuis pr\u00e8s de 1 000 jours. Il n\u2019y a pas de fin en vue. N\u00e9anmoins, on parle d\u2019\u00e9ventuelles n\u00e9gociations ou accords. Quelles sont les chances de paix ?<\/strong><\/p>\n<p><span id=\"more-402125\"><\/span>Plus de 12 000 civils tu\u00e9s, des dizaines de milliers de soldats tu\u00e9s et pas moins de 300 000 bless\u00e9s de guerre du seul c\u00f4t\u00e9 ukrainien, ainsi que des dizaines de villes et villages d\u00e9truits, font partie du bilan de l\u2019invasion russe jusqu\u2019\u00e0 pr\u00e9sent. Les d\u00e9g\u00e2ts de guerre en Ukraine sont estim\u00e9s \u00e0 plus de 750 milliards d\u2019euros. La guerre d&rsquo;agression de la Russie dure ce mardi 19 novembre 1 000 jours.<\/p>\n<p>Le pr\u00e9sident ukrainien Volodymyr Zelensky a pr\u00e9sent\u00e9 plusieurs plans pour mettre fin au conflit. Vous trouverez ci-dessous quelques questions et r\u00e9ponses concernant la situation avant le troisi\u00e8me hiver de guerre et les perspectives d&rsquo;une solution de paix.<\/p>\n<p><strong>\u2013 La Russie continue d\u2019avancer en Ukraine, quelle est la pression exerc\u00e9e sur les forces arm\u00e9es ukrainiennes ?<\/strong><\/p>\n<div id=\"attachment_402124\" class=\"wp-caption alignleft\" style=\"max-width: 300px\"><img fetchpriority=\"high\" decoding=\"async\" class=\"wp-image-402124 size-medium\" src=\"https:\/\/vieassociative.be\/actualites\/wp-content\/uploads\/2024\/11\/1-000-jours-de-guerre-quelles-sont-les-chances.jpg\" alt=\"\" width=\"300\" height=\"169\"><\/p>\n<p class=\"wp-caption-text\">Les ruines de la ville de Bakhmut. La guerre en Ukraine dure 1 000 jours. Photo : Shutterstock<\/p>\n<\/div>\n<p>La situation des troupes ukrainiennes sur le front devient de plus en plus critique. Le principal probl\u00e8me est moins le manque d\u2019approvisionnement en munitions et en armes. Malgr\u00e9 une mobilisation accrue, Kiev manque surtout de soldats motiv\u00e9s.<\/p>\n<p>Le nombre de d\u00e9serteurs augmente. Sur plus de 60 000 cas cette ann\u00e9e, pr\u00e8s de 10 000 ont \u00e9t\u00e9 enregistr\u00e9s rien qu&rsquo;en octobre. Selon les observateurs, le nombre de cas non signal\u00e9s serait bien plus \u00e9lev\u00e9. \u00c0 cela s\u2019ajoutent des pertes dues \u00e0 la mort, aux blessures ou \u00e0 l\u2019emprisonnement. Des perc\u00e9es majeures sur le front russe ne pourraient \u00eatre qu\u2019une question de temps.<\/p>\n<p><strong>\u2013 Le pr\u00e9sident Zelensky a \u00e9labor\u00e9 une \u00ab formule de paix \u00bb, un \u00ab plan de victoire \u00bb et d\u00e9sormais un plan d\u2019action, comment imagine-t-il une solution au conflit ?<\/strong><\/p>\n<p>Zelenskyj ne recule pas officiellement sur sa \u00ab formule de paix \u00bb pr\u00e9sent\u00e9e \u00e0 l\u2019automne 2022. La principale exigence reste un retrait complet des troupes russes des territoires internationalement reconnus \u00e0 l\u2019int\u00e9rieur des fronti\u00e8res de 1991. Puisque cela semble d\u00e9sesp\u00e9r\u00e9 par des moyens militaires, Zelensky admet seulement qu\u2019il n\u2019est pas n\u00e9cessaire de reconqu\u00e9rir toutes les zones occup\u00e9es. Ils pourraient \u00e9galement revenir par le biais de n\u00e9gociations &#8211; il a laiss\u00e9 la question de savoir comment.<\/p>\n<p>En outre, Kiev rejette la demande de Moscou de renoncer \u00e0 l&rsquo;adh\u00e9sion \u00e0 l&rsquo;OTAN, comme le pr\u00e9voit la Constitution. Avec son \u00ab plan de victoire \u00bb pr\u00e9sent\u00e9 cet automne, Zelensky a encore fait monter les ench\u00e8res et a exig\u00e9 que les alli\u00e9s occidentaux soient invit\u00e9s \u00e0 rejoindre l\u2019alliance militaire de l\u2019OTAN pendant la guerre.<\/p>\n<p><strong>\u2013 L&rsquo;arm\u00e9e russe gagne du terrain chaque jour, quel est son potentiel ?<\/strong><\/p>\n<div id=\"attachment_332618\" class=\"wp-caption alignleft\" style=\"max-width: 300px\"><img decoding=\"async\" class=\"wp-image-332618 size-medium\" src=\"https:\/\/vieassociative.be\/actualites\/wp-content\/uploads\/2024\/11\/1-000-jours-de-guerre-quelles-sont-les-chances.jpeg\" alt=\"\" width=\"300\" height=\"203\"><\/p>\n<p class=\"wp-caption-text\">30 septembre 2022, Russie, Moscou : Vladimir Poutine, pr\u00e9sident de la Russie, lors de la c\u00e9r\u00e9monie d&rsquo;annexion des r\u00e9gions ukrainiennes occup\u00e9es par la Russie de Luhansk, Donetsk, Zaporizhia et Kherson. Photo : Dmitri Astakhov\/Pool Gouvernement Spoutnik\/AP\/dpa<\/p>\n<\/div>\n<p>Depuis la prise de la forteresse Avdiivka, pr\u00e8s de Donetsk, au d\u00e9but de l&rsquo;ann\u00e9e, les soldats russes ont avanc\u00e9 d&rsquo;une quarantaine de kilom\u00e8tres vers l&rsquo;ouest. Les gains de terrain sont faibles mais constants.<\/p>\n<p>La ville strat\u00e9giquement importante de Kourakhove, dans le sud du Donbass, est sur le point de tomber. Pokrovsk, Chassiv Yar et Torezk courent \u00e9galement de grands risques. Au nord, le front s&rsquo;effondre le long de la rivi\u00e8re Oskil. Si l&rsquo;important n\u0153ud ferroviaire de Koupiansk tombe, les troupes russes reprendront probablement Lyman et menaceront la derni\u00e8re zone urbaine sous le contr\u00f4le de Kiev dans le Donbass autour de Sloviansk.<\/p>\n<p>Mais les pertes de Moscou sont \u00e9normes. Il n&rsquo;existe pas de chiffres pr\u00e9cis ; selon les estimations occidentales, plus de 115 000 soldats russes sont tomb\u00e9s et plus d&rsquo;un demi-million ont \u00e9t\u00e9 bless\u00e9s \u2013 et cette tendance s&rsquo;est r\u00e9cemment accentu\u00e9e. Cela limite le potentiel de conqu\u00eate des Russes \u00e0 long terme.<\/p>\n<p><strong>\u2013 Les troupes ukrainiennes continuent d\u2019occuper les villes de la r\u00e9gion frontali\u00e8re russe de Koursk. Comment et quand la Russie pourra-t-elle en reprendre le contr\u00f4le ?<\/strong><\/p>\n<p>Les Russes y ont rassembl\u00e9 50 000 soldats, dont environ 10 000 combattants nord-cor\u00e9ens. L\u2019objectif est de chasser les Ukrainiens du pays par une offensive majeure avant l\u2019arriv\u00e9e au pouvoir de Donald Trump aux \u00c9tats-Unis.<\/p>\n<p>En aucun cas, le chef du Kremlin, Vladimir Poutine, ne veut c\u00e9der le c\u0153ur du territoire russe si la guerre devait geler. Mais jusqu\u2019\u00e0 pr\u00e9sent, les attaques russes n\u2019ont pas connu de succ\u00e8s majeur, avec des pertes \u00e9lev\u00e9es.<\/p>\n<p>L\u2019Ukraine pourrait peut-\u00eatre maintenir ses positions et arr\u00eater les troupes russes. La d\u00e9cision surprenante du pr\u00e9sident am\u00e9ricain Joe Biden d&rsquo;autoriser l&rsquo;Ukraine \u00e0 utiliser des armes \u00e0 longue port\u00e9e contre des cibles militaires sur le territoire russe pourrait ralentir la vague d&rsquo;attaques russes pr\u00e8s de Koursk. Plus tard, l\u2019Ukraine utilisera probablement ce nouveau \u00ab laissez-passer \u00bb que Zelensky r\u00e9clame depuis des mois pour cibler d\u2019autres cibles militaires en Russie.<\/p>\n<p><strong>\u2013 L\u2019Occident critique le fait que la Russie n\u2019a aucun int\u00e9r\u00eat r\u00e9el dans les n\u00e9gociations, alors comment Moscou imagine-t-elle la fin de la guerre ?<\/strong><\/p>\n<div id=\"attachment_390187\" class=\"wp-caption alignnone\" style=\"max-width: 300px\"><img decoding=\"async\" class=\"wp-image-390187 size-medium\" src=\"https:\/\/vieassociative.be\/actualites\/wp-content\/uploads\/2024\/11\/1731939465_614_1-000-jours-de-guerre-quelles-sont-les-chances.jpg\" alt=\"\" width=\"300\" height=\"200\"><\/p>\n<p class=\"wp-caption-text\">8 juillet 2024, Ukraine, Kiev : un travailleur m\u00e9dical regarde par une fen\u00eatre endommag\u00e9e apr\u00e8s que des missiles russes ont frapp\u00e9 l&rsquo;h\u00f4pital pour enfants \u00ab Okhmadit \u00bb. Photo : Anton Shtuka\/AP\/dpa<\/p>\n<\/div>\n<p>M\u00eame si Moscou souligne \u00e0 plusieurs reprises sa volont\u00e9 de n\u00e9gocier, elle pose des conditions extr\u00eamement dures. Poutine a r\u00e9cemment soulign\u00e9 \u00e0 plusieurs reprises que Kiev devait non seulement renoncer \u00e0 son adh\u00e9sion \u00e0 l\u2019OTAN, mais aussi renoncer aux territoires occup\u00e9s. Le chef du Kremlin a fait r\u00e9fl\u00e9chir les gens lorsqu&rsquo;il a d\u00e9clar\u00e9 au d\u00e9but du mois, lors du forum de discussion politique de Valdai, que les habitants des zones contr\u00f4l\u00e9es par la Russie devraient d\u00e9cider eux-m\u00eames de la direction de la fronti\u00e8re.<\/p>\n<p>Konstantin Remchukov, r\u00e9dacteur en chef du quotidien russe \u00ab Nezavissima\u00efa Gazeta \u00bb, \u00e9crivait r\u00e9cemment que le Kremlin a pris conscience que l&rsquo;Ukraine est un pays ind\u00e9pendant avec sa propre identit\u00e9 ; un pays dans lequel beaucoup ne veulent plus rien avoir \u00e0 faire avec la Russie.<\/p>\n<p>Cela semblait \u00eatre une confirmation de cette th\u00e8se lorsque Poutine a d\u00e9clar\u00e9 au Forum Valdai que l\u2019Ukraine avait un avenir en tant que \u00ab pays souverain et ind\u00e9pendant \u00bb, mais seulement si elle restait neutre et ne se laissait pas transformer en un outil de l\u2019Occident dirig\u00e9 contre lui. Russie . Dans le m\u00eame temps, il a fait savoir qu\u2019il \u00e9tait pr\u00eat \u00e0 conclure un accord avec le pr\u00e9sident \u00e9lu am\u00e9ricain Trump.<\/p>\n<p><strong>\u2013 Trump a annonc\u00e9 qu\u2019il mettrait rapidement fin \u00e0 la guerre, comment imagine-t-il cela ?<\/strong><\/p>\n<p>Trump lui-m\u00eame n\u2019a pas encore fait de commentaire \u00e0 ce sujet. Cependant, le \u00ab Wall Street Journal \u00bb a fait \u00e9tat d\u2019id\u00e9es venant de son environnement. L\u2019une d\u2019elles est que l\u2019Ukraine devrait s\u2019engager \u00e0 ne pas rejoindre l\u2019OTAN avant au moins 20 ans afin de continuer \u00e0 recevoir l\u2019aide militaire am\u00e9ricaine.<\/p>\n<p>On parle \u00e9galement d&rsquo;une zone d\u00e9militaris\u00e9e le long du front. Ce ne sont pas les Am\u00e9ricains qui sont cens\u00e9s s\u00e9curiser la zone, mais plut\u00f4t les Europ\u00e9ens, a-t-on affirm\u00e9 en citant des sources bien inform\u00e9es. Dans le m\u00eame temps, les sources du journal ont d\u00e9clar\u00e9 que c&rsquo;est Trump qui d\u00e9ciderait en fin de compte de l&rsquo;action am\u00e9ricaine.<\/p>\n<p><strong>\u2013 Quelle est la probabilit\u00e9 que les \u00c9tats-Unis arr\u00eatent leur aide \u00e0 l\u2019Ukraine ?<\/strong><\/p>\n<div id=\"attachment_401410\" class=\"wp-caption alignleft\" style=\"max-width: 300px\"><img loading=\"lazy\" decoding=\"async\" class=\"wp-image-401410 size-medium\" src=\"https:\/\/vieassociative.be\/actualites\/wp-content\/uploads\/2024\/11\/1731377834_882_Migrations-guerre-en-Ukraine-et-folie-transgenre.jpg\" alt=\"\" width=\"300\" height=\"200\"><\/p>\n<p class=\"wp-caption-text\">27 septembre 2024, \u00c9tats-Unis, New York : Donald Trump (r) serre la main du pr\u00e9sident ukrainien Volodymyr Zelenskyj (l) lors d&rsquo;une r\u00e9union \u00e0 la Trump Tower. Photo : Julia Demaree Nikhinson\/AP\/dpa<\/p>\n<\/div>\n<p>On ne peut au moins exclure que l\u2019aide soit r\u00e9duite \u2013 ou menac\u00e9e de le faire \u2013 afin de forcer l\u2019Ukraine \u00e0 n\u00e9gocier. Avec la victoire \u00e9lectorale de Trump, les r\u00e9publicains qui pr\u00e9tendent depuis longtemps que les \u00c9tats-Unis d\u00e9pensent trop d&rsquo;argent pour soutenir l&rsquo;Ukraine arrivent au pouvoir.<\/p>\n<p>Le futur conseiller \u00e0 la s\u00e9curit\u00e9 nationale de Trump, Mike Waltz, a \u00e9crit l&rsquo;ann\u00e9e derni\u00e8re \u00e0 l&rsquo;adresse de la majorit\u00e9 r\u00e9publicaine \u00e0 la Chambre des repr\u00e9sentants : \u00ab\u00a0L&rsquo;\u00e8re des ch\u00e8ques en blanc de la part du Congr\u00e8s pour l&rsquo;Ukraine est r\u00e9volue, en m\u00eame temps, il a d\u00e9clar\u00e9 que les \u00c9tats-Unis disposaient d&rsquo;un moyen de pression\u00a0\u00bb. contre la Russie, les restrictions visant \u00e0 mettre fin \u00e0 l&rsquo;utilisation des armes am\u00e9ricaines fournies \u00e0 l&rsquo;Ukraine.<\/p>\n<p>En outre, le milliardaire technologique Elon Musk, qui passe actuellement beaucoup de temps avec Trump, pourrait avoir une influence sur la future politique ukrainienne. Musk et son confident David Sacks sont depuis longtemps favorables \u00e0 une fin rapide de la guerre. Musk a \u00e9galement fait avancer son propre plan de paix il y a deux ans. Cela comprenait des r\u00e9f\u00e9rendums dans les territoires occup\u00e9s par la Russie, ce qui les aurait effectivement ancr\u00e9s entre les mains des Russes.<\/p>\n<p><strong>\u2013 \u00c0 quoi peut ressembler une solution au conflit ?<\/strong><\/p>\n<p>Jusqu\u2019\u00e0 pr\u00e9sent, aucune solution n\u2019est en vue. Mais on parle de plus en plus de diplomatie pour mettre fin \u00e0 la guerre. Le pr\u00e9sident Zelensky en parle \u00e9galement de plus en plus souvent. Le chancelier Scholz a jusqu&rsquo;\u00e0 pr\u00e9sent mis en garde contre une paix dict\u00e9e et soulign\u00e9 qu&rsquo;une solution n&rsquo;est possible qu&rsquo;en accord avec Kiev.<\/p>\n<p>La Russie pr\u00e9vient que la guerre se poursuivra tant que les \u00c9tats-Unis et d\u2019autres alli\u00e9s occidentaux continueront \u00e0 fournir des armes \u00e0 l\u2019Ukraine \u2013 et l\u2019objectif de Kiev est d\u2019infliger une d\u00e9faite strat\u00e9gique \u00e0 Moscou afin qu\u2019elle ne puisse plus jamais attaquer un autre pays. (dpa)<\/p>\n","protected":false},"excerpt":{"rendered":"<p>La Russie m\u00e8ne sa guerre d\u2019agression contre l\u2019Ukraine depuis pr\u00e8s de 1 000 jours. Il n\u2019y a pas de fin en vue. N\u00e9anmoins, on parle<\/p>\n","protected":false},"author":1,"featured_media":2550,"comment_status":"","ping_status":"","sticky":false,"template":"","format":"standard","meta":{"footnotes":""},"categories":[298],"tags":[3279,2637,937,14,3280,2219,18],"class_list":["post-2549","post","type-post","status-publish","format-standard","has-post-thumbnail","hentry","category-belgique","tag-chances","tag-guerre","tag-jours","tag-les","tag-paix","tag-quelles","tag-sont","generate-columns","tablet-grid-50","mobile-grid-100","grid-parent","grid-33"],"yoast_head":"<!-- This site is optimized with the Yoast SEO plugin v24.0 - https:\/\/yoast.com\/wordpress\/plugins\/seo\/ -->\n<title>1 000 jours de guerre : quelles sont les chances de paix ? | Vie Associative<\/title>\n<meta name=\"robots\" content=\"index, follow, max-snippet:-1, max-image-preview:large, max-video-preview:-1\" \/>\n<link rel=\"canonical\" href=\"https:\/\/vieassociative.be\/actualites\/1-000-jours-de-guerre-quelles-sont-les-chances-de-paix\/\" \/>\n<meta property=\"og:locale\" content=\"fr_FR\" \/>\n<meta property=\"og:type\" content=\"article\" \/>\n<meta property=\"og:title\" content=\"1 000 jours de guerre : quelles sont les chances de paix ? | Vie Associative\" \/>\n<meta property=\"og:description\" content=\"La Russie m\u00e8ne sa guerre d\u2019agression contre l\u2019Ukraine depuis pr\u00e8s de 1 000 jours. Il n\u2019y a pas de fin en vue. N\u00e9anmoins, on parle\" \/>\n<meta property=\"og:url\" content=\"https:\/\/vieassociative.be\/actualites\/1-000-jours-de-guerre-quelles-sont-les-chances-de-paix\/\" \/>\n<meta property=\"og:site_name\" content=\"Vie Associative\" \/>\n<meta property=\"article:published_time\" content=\"2024-11-18T14:17:45+00:00\" \/>\n<meta property=\"og:image\" content=\"https:\/\/vieassociative.be\/actualites\/wp-content\/uploads\/2024\/11\/1-000-jours-de-guerre-quelles-sont-les-chances.jpg\" \/>\n<meta name=\"author\" content=\"Julien\" \/>\n<meta name=\"twitter:card\" content=\"summary_large_image\" \/>\n<meta name=\"twitter:label1\" content=\"\u00c9crit par\" \/>\n\t<meta name=\"twitter:data1\" content=\"Julien\" \/>\n\t<meta name=\"twitter:label2\" content=\"Dur\u00e9e de lecture est.\" \/>\n\t<meta name=\"twitter:data2\" content=\"8 minutes\" \/>\n<script type=\"application\/ld+json\" class=\"yoast-schema-graph\">{\"@context\":\"https:\/\/schema.org\",\"@graph\":[{\"@type\":\"Article\",\"@id\":\"https:\/\/vieassociative.be\/actualites\/1-000-jours-de-guerre-quelles-sont-les-chances-de-paix\/#article\",\"isPartOf\":{\"@id\":\"https:\/\/vieassociative.be\/actualites\/1-000-jours-de-guerre-quelles-sont-les-chances-de-paix\/\"},\"author\":{\"name\":\"Julien\",\"@id\":\"https:\/\/vieassociative.be\/actualites\/#\/schema\/person\/b87ac4f82f9d4e7b7cec7395b679edc4\"},\"headline\":\"1 000 jours de guerre : quelles sont les chances de paix ?\",\"datePublished\":\"2024-11-18T14:17:45+00:00\",\"dateModified\":\"2024-11-18T14:17:45+00:00\",\"mainEntityOfPage\":{\"@id\":\"https:\/\/vieassociative.be\/actualites\/1-000-jours-de-guerre-quelles-sont-les-chances-de-paix\/\"},\"wordCount\":1692,\"publisher\":{\"@id\":\"https:\/\/vieassociative.be\/actualites\/#organization\"},\"image\":{\"@id\":\"https:\/\/vieassociative.be\/actualites\/1-000-jours-de-guerre-quelles-sont-les-chances-de-paix\/#primaryimage\"},\"thumbnailUrl\":\"https:\/\/vieassociative.be\/actualites\/wp-content\/uploads\/2024\/11\/1731939465_1-000-jours-de-guerre-quelles-sont-les-chances.jpg\",\"keywords\":[\"chances\",\"guerre\",\"jours\",\"Les\",\"paix\",\"Quelles\",\"sont\"],\"articleSection\":[\"Belgique\"],\"inLanguage\":\"fr-BE\"},{\"@type\":\"WebPage\",\"@id\":\"https:\/\/vieassociative.be\/actualites\/1-000-jours-de-guerre-quelles-sont-les-chances-de-paix\/\",\"url\":\"https:\/\/vieassociative.be\/actualites\/1-000-jours-de-guerre-quelles-sont-les-chances-de-paix\/\",\"name\":\"1 000 jours de guerre : quelles sont les chances de paix ? | Vie Associative\",\"isPartOf\":{\"@id\":\"https:\/\/vieassociative.be\/actualites\/#website\"},\"primaryImageOfPage\":{\"@id\":\"https:\/\/vieassociative.be\/actualites\/1-000-jours-de-guerre-quelles-sont-les-chances-de-paix\/#primaryimage\"},\"image\":{\"@id\":\"https:\/\/vieassociative.be\/actualites\/1-000-jours-de-guerre-quelles-sont-les-chances-de-paix\/#primaryimage\"},\"thumbnailUrl\":\"https:\/\/vieassociative.be\/actualites\/wp-content\/uploads\/2024\/11\/1731939465_1-000-jours-de-guerre-quelles-sont-les-chances.jpg\",\"datePublished\":\"2024-11-18T14:17:45+00:00\",\"dateModified\":\"2024-11-18T14:17:45+00:00\",\"breadcrumb\":{\"@id\":\"https:\/\/vieassociative.be\/actualites\/1-000-jours-de-guerre-quelles-sont-les-chances-de-paix\/#breadcrumb\"},\"inLanguage\":\"fr-BE\",\"potentialAction\":[{\"@type\":\"ReadAction\",\"target\":[\"https:\/\/vieassociative.be\/actualites\/1-000-jours-de-guerre-quelles-sont-les-chances-de-paix\/\"]}]},{\"@type\":\"ImageObject\",\"inLanguage\":\"fr-BE\",\"@id\":\"https:\/\/vieassociative.be\/actualites\/1-000-jours-de-guerre-quelles-sont-les-chances-de-paix\/#primaryimage\",\"url\":\"https:\/\/vieassociative.be\/actualites\/wp-content\/uploads\/2024\/11\/1731939465_1-000-jours-de-guerre-quelles-sont-les-chances.jpg\",\"contentUrl\":\"https:\/\/vieassociative.be\/actualites\/wp-content\/uploads\/2024\/11\/1731939465_1-000-jours-de-guerre-quelles-sont-les-chances.jpg\",\"width\":1300,\"height\":867,\"caption\":\"1 000 jours de guerre : quelles sont les chances de paix ?\"},{\"@type\":\"BreadcrumbList\",\"@id\":\"https:\/\/vieassociative.be\/actualites\/1-000-jours-de-guerre-quelles-sont-les-chances-de-paix\/#breadcrumb\",\"itemListElement\":[{\"@type\":\"ListItem\",\"position\":1,\"name\":\"Accueil\",\"item\":\"https:\/\/vieassociative.be\/actualites\/\"},{\"@type\":\"ListItem\",\"position\":2,\"name\":\"1 000 jours de guerre : quelles sont les chances de paix ?\"}]},{\"@type\":\"WebSite\",\"@id\":\"https:\/\/vieassociative.be\/actualites\/#website\",\"url\":\"https:\/\/vieassociative.be\/actualites\/\",\"name\":\"Vie Associative\",\"description\":\"\",\"publisher\":{\"@id\":\"https:\/\/vieassociative.be\/actualites\/#organization\"},\"potentialAction\":[{\"@type\":\"SearchAction\",\"target\":{\"@type\":\"EntryPoint\",\"urlTemplate\":\"https:\/\/vieassociative.be\/actualites\/?s={search_term_string}\"},\"query-input\":{\"@type\":\"PropertyValueSpecification\",\"valueRequired\":true,\"valueName\":\"search_term_string\"}}],\"inLanguage\":\"fr-BE\"},{\"@type\":\"Organization\",\"@id\":\"https:\/\/vieassociative.be\/actualites\/#organization\",\"name\":\"Vie Associative\",\"url\":\"https:\/\/vieassociative.be\/actualites\/\",\"logo\":{\"@type\":\"ImageObject\",\"inLanguage\":\"fr-BE\",\"@id\":\"https:\/\/vieassociative.be\/actualites\/#\/schema\/logo\/image\/\",\"url\":\"https:\/\/vieassociative.be\/actualites\/wp-content\/uploads\/2024\/09\/cropped-vieassociative_favicon.ico.png\",\"contentUrl\":\"https:\/\/vieassociative.be\/actualites\/wp-content\/uploads\/2024\/09\/cropped-vieassociative_favicon.ico.png\",\"width\":512,\"height\":512,\"caption\":\"Vie Associative\"},\"image\":{\"@id\":\"https:\/\/vieassociative.be\/actualites\/#\/schema\/logo\/image\/\"}},{\"@type\":\"Person\",\"@id\":\"https:\/\/vieassociative.be\/actualites\/#\/schema\/person\/b87ac4f82f9d4e7b7cec7395b679edc4\",\"name\":\"Julien\",\"image\":{\"@type\":\"ImageObject\",\"inLanguage\":\"fr-BE\",\"@id\":\"https:\/\/vieassociative.be\/actualites\/#\/schema\/person\/image\/\",\"url\":\"https:\/\/vieassociative.be\/actualites\/wp-content\/uploads\/2024\/09\/vie-associative-1-150x150.jpg\",\"contentUrl\":\"https:\/\/vieassociative.be\/actualites\/wp-content\/uploads\/2024\/09\/vie-associative-1-150x150.jpg\",\"caption\":\"Julien\"},\"description\":\"Je suis Julien, r\u00e9dacteur pour Vie Associative. Passionn\u00e9 par le monde associatif depuis plus de 10 ans, j'ai \u00e0 c\u0153ur de partager des histoires inspirantes et de mettre en lumi\u00e8re les initiatives locales. Mon objectif est de sensibiliser et d'encourager l'engagement communautaire \u00e0 travers mes articles.\",\"sameAs\":[\"https:\/\/vieassociative.be\/\"]}]}<\/script>\n<!-- \/ Yoast SEO plugin. -->","yoast_head_json":{"title":"1 000 jours de guerre : quelles sont les chances de paix ? | Vie Associative","robots":{"index":"index","follow":"follow","max-snippet":"max-snippet:-1","max-image-preview":"max-image-preview:large","max-video-preview":"max-video-preview:-1"},"canonical":"https:\/\/vieassociative.be\/actualites\/1-000-jours-de-guerre-quelles-sont-les-chances-de-paix\/","og_locale":"fr_FR","og_type":"article","og_title":"1 000 jours de guerre : quelles sont les chances de paix ? | Vie Associative","og_description":"La Russie m\u00e8ne sa guerre d\u2019agression contre l\u2019Ukraine depuis pr\u00e8s de 1 000 jours. Il n\u2019y a pas de fin en vue. N\u00e9anmoins, on parle","og_url":"https:\/\/vieassociative.be\/actualites\/1-000-jours-de-guerre-quelles-sont-les-chances-de-paix\/","og_site_name":"Vie Associative","article_published_time":"2024-11-18T14:17:45+00:00","og_image":[{"url":"https:\/\/vieassociative.be\/actualites\/wp-content\/uploads\/2024\/11\/1-000-jours-de-guerre-quelles-sont-les-chances.jpg","type":"","width":"","height":""}],"author":"Julien","twitter_card":"summary_large_image","twitter_misc":{"\u00c9crit par":"Julien","Dur\u00e9e de lecture est.":"8 minutes"},"schema":{"@context":"https:\/\/schema.org","@graph":[{"@type":"Article","@id":"https:\/\/vieassociative.be\/actualites\/1-000-jours-de-guerre-quelles-sont-les-chances-de-paix\/#article","isPartOf":{"@id":"https:\/\/vieassociative.be\/actualites\/1-000-jours-de-guerre-quelles-sont-les-chances-de-paix\/"},"author":{"name":"Julien","@id":"https:\/\/vieassociative.be\/actualites\/#\/schema\/person\/b87ac4f82f9d4e7b7cec7395b679edc4"},"headline":"1 000 jours de guerre : quelles sont les chances de paix ?","datePublished":"2024-11-18T14:17:45+00:00","dateModified":"2024-11-18T14:17:45+00:00","mainEntityOfPage":{"@id":"https:\/\/vieassociative.be\/actualites\/1-000-jours-de-guerre-quelles-sont-les-chances-de-paix\/"},"wordCount":1692,"publisher":{"@id":"https:\/\/vieassociative.be\/actualites\/#organization"},"image":{"@id":"https:\/\/vieassociative.be\/actualites\/1-000-jours-de-guerre-quelles-sont-les-chances-de-paix\/#primaryimage"},"thumbnailUrl":"https:\/\/vieassociative.be\/actualites\/wp-content\/uploads\/2024\/11\/1731939465_1-000-jours-de-guerre-quelles-sont-les-chances.jpg","keywords":["chances","guerre","jours","Les","paix","Quelles","sont"],"articleSection":["Belgique"],"inLanguage":"fr-BE"},{"@type":"WebPage","@id":"https:\/\/vieassociative.be\/actualites\/1-000-jours-de-guerre-quelles-sont-les-chances-de-paix\/","url":"https:\/\/vieassociative.be\/actualites\/1-000-jours-de-guerre-quelles-sont-les-chances-de-paix\/","name":"1 000 jours de guerre : quelles sont les chances de paix ? | Vie Associative","isPartOf":{"@id":"https:\/\/vieassociative.be\/actualites\/#website"},"primaryImageOfPage":{"@id":"https:\/\/vieassociative.be\/actualites\/1-000-jours-de-guerre-quelles-sont-les-chances-de-paix\/#primaryimage"},"image":{"@id":"https:\/\/vieassociative.be\/actualites\/1-000-jours-de-guerre-quelles-sont-les-chances-de-paix\/#primaryimage"},"thumbnailUrl":"https:\/\/vieassociative.be\/actualites\/wp-content\/uploads\/2024\/11\/1731939465_1-000-jours-de-guerre-quelles-sont-les-chances.jpg","datePublished":"2024-11-18T14:17:45+00:00","dateModified":"2024-11-18T14:17:45+00:00","breadcrumb":{"@id":"https:\/\/vieassociative.be\/actualites\/1-000-jours-de-guerre-quelles-sont-les-chances-de-paix\/#breadcrumb"},"inLanguage":"fr-BE","potentialAction":[{"@type":"ReadAction","target":["https:\/\/vieassociative.be\/actualites\/1-000-jours-de-guerre-quelles-sont-les-chances-de-paix\/"]}]},{"@type":"ImageObject","inLanguage":"fr-BE","@id":"https:\/\/vieassociative.be\/actualites\/1-000-jours-de-guerre-quelles-sont-les-chances-de-paix\/#primaryimage","url":"https:\/\/vieassociative.be\/actualites\/wp-content\/uploads\/2024\/11\/1731939465_1-000-jours-de-guerre-quelles-sont-les-chances.jpg","contentUrl":"https:\/\/vieassociative.be\/actualites\/wp-content\/uploads\/2024\/11\/1731939465_1-000-jours-de-guerre-quelles-sont-les-chances.jpg","width":1300,"height":867,"caption":"1 000 jours de guerre : quelles sont les chances de paix ?"},{"@type":"BreadcrumbList","@id":"https:\/\/vieassociative.be\/actualites\/1-000-jours-de-guerre-quelles-sont-les-chances-de-paix\/#breadcrumb","itemListElement":[{"@type":"ListItem","position":1,"name":"Accueil","item":"https:\/\/vieassociative.be\/actualites\/"},{"@type":"ListItem","position":2,"name":"1 000 jours de guerre : quelles sont les chances de paix ?"}]},{"@type":"WebSite","@id":"https:\/\/vieassociative.be\/actualites\/#website","url":"https:\/\/vieassociative.be\/actualites\/","name":"Vie Associative","description":"","publisher":{"@id":"https:\/\/vieassociative.be\/actualites\/#organization"},"potentialAction":[{"@type":"SearchAction","target":{"@type":"EntryPoint","urlTemplate":"https:\/\/vieassociative.be\/actualites\/?s={search_term_string}"},"query-input":{"@type":"PropertyValueSpecification","valueRequired":true,"valueName":"search_term_string"}}],"inLanguage":"fr-BE"},{"@type":"Organization","@id":"https:\/\/vieassociative.be\/actualites\/#organization","name":"Vie Associative","url":"https:\/\/vieassociative.be\/actualites\/","logo":{"@type":"ImageObject","inLanguage":"fr-BE","@id":"https:\/\/vieassociative.be\/actualites\/#\/schema\/logo\/image\/","url":"https:\/\/vieassociative.be\/actualites\/wp-content\/uploads\/2024\/09\/cropped-vieassociative_favicon.ico.png","contentUrl":"https:\/\/vieassociative.be\/actualites\/wp-content\/uploads\/2024\/09\/cropped-vieassociative_favicon.ico.png","width":512,"height":512,"caption":"Vie Associative"},"image":{"@id":"https:\/\/vieassociative.be\/actualites\/#\/schema\/logo\/image\/"}},{"@type":"Person","@id":"https:\/\/vieassociative.be\/actualites\/#\/schema\/person\/b87ac4f82f9d4e7b7cec7395b679edc4","name":"Julien","image":{"@type":"ImageObject","inLanguage":"fr-BE","@id":"https:\/\/vieassociative.be\/actualites\/#\/schema\/person\/image\/","url":"https:\/\/vieassociative.be\/actualites\/wp-content\/uploads\/2024\/09\/vie-associative-1-150x150.jpg","contentUrl":"https:\/\/vieassociative.be\/actualites\/wp-content\/uploads\/2024\/09\/vie-associative-1-150x150.jpg","caption":"Julien"},"description":"Je suis Julien, r\u00e9dacteur pour Vie Associative. Passionn\u00e9 par le monde associatif depuis plus de 10 ans, j'ai \u00e0 c\u0153ur de partager des histoires inspirantes et de mettre en lumi\u00e8re les initiatives locales. Mon objectif est de sensibiliser et d'encourager l'engagement communautaire \u00e0 travers mes articles.","sameAs":["https:\/\/vieassociative.be\/"]}]}},"_links":{"self":[{"href":"https:\/\/vieassociative.be\/actualites\/wp-json\/wp\/v2\/posts\/2549"}],"collection":[{"href":"https:\/\/vieassociative.be\/actualites\/wp-json\/wp\/v2\/posts"}],"about":[{"href":"https:\/\/vieassociative.be\/actualites\/wp-json\/wp\/v2\/types\/post"}],"author":[{"embeddable":true,"href":"https:\/\/vieassociative.be\/actualites\/wp-json\/wp\/v2\/users\/1"}],"replies":[{"embeddable":true,"href":"https:\/\/vieassociative.be\/actualites\/wp-json\/wp\/v2\/comments?post=2549"}],"version-history":[{"count":0,"href":"https:\/\/vieassociative.be\/actualites\/wp-json\/wp\/v2\/posts\/2549\/revisions"}],"wp:featuredmedia":[{"embeddable":true,"href":"https:\/\/vieassociative.be\/actualites\/wp-json\/wp\/v2\/media\/2550"}],"wp:attachment":[{"href":"https:\/\/vieassociative.be\/actualites\/wp-json\/wp\/v2\/media?parent=2549"}],"wp:term":[{"taxonomy":"category","embeddable":true,"href":"https:\/\/vieassociative.be\/actualites\/wp-json\/wp\/v2\/categories?post=2549"},{"taxonomy":"post_tag","embeddable":true,"href":"https:\/\/vieassociative.be\/actualites\/wp-json\/wp\/v2\/tags?post=2549"}],"curies":[{"name":"wp","href":"https:\/\/api.w.org\/{rel}","templated":true}]}}