{"id":2541,"date":"2024-11-18T08:17:49","date_gmt":"2024-11-18T07:17:49","guid":{"rendered":"https:\/\/vieassociative.be\/actualites\/adguard-vpn-propose-une-excellente-vente-anticipee-pour-le-black-friday\/"},"modified":"2024-11-18T08:17:49","modified_gmt":"2024-11-18T07:17:49","slug":"adguard-vpn-propose-une-excellente-vente-anticipee-pour-le-black-friday","status":"publish","type":"post","link":"https:\/\/vieassociative.be\/actualites\/adguard-vpn-propose-une-excellente-vente-anticipee-pour-le-black-friday\/","title":{"rendered":"AdGuard VPN propose une excellente vente anticip\u00e9e pour le Black Friday"},"content":{"rendered":"<div class=\"mt-4 leading-6 md:mb-8\">Vous pouvez obtenir cinq ans d\u2019abonnement au VPN AdGuard et au bloqueur de publicit\u00e9s en vente pour 35\u00a0$ d\u00e8s maintenant.<\/div>\n<p><\/p>\n<p>Vous pouvez acheter le VPN et le bloqueur de publicit\u00e9s d&rsquo;AdGuard au prix de 34,97 $ d\u00e8s maintenant (r\u00e9g. 439,39 $) avec cette premi\u00e8re vente du Black Friday. Il comprend cinq ans d&rsquo;AdGuard VPN, un moyen convivial et de premier ordre de crypter votre navigation avec des serveurs situ\u00e9s dans plus de 60 emplacements dans le monde. Vous pouvez connecter jusqu&rsquo;\u00e0 dix appareils simultan\u00e9ment et AdGuard a une politique de z\u00e9ro journalisation, ce qui signifie qu&rsquo;ils n&rsquo;enregistrent ni ne collectent vos donn\u00e9es. Vous aurez \u00e9galement acc\u00e8s \u00e0 vie au bloqueur de publicit\u00e9s d&rsquo;AdGuard, qui bloque les pop-ups, les banni\u00e8res et les publicit\u00e9s vid\u00e9o de neuf de vos appareils. Il masque \u00e9galement vos donn\u00e9es aux trackers et inclut des contr\u00f4les parentaux facultatifs. Les deux outils fonctionnent sur iOS, Android, macOS et Windows. <\/p>\n<p>Vous pouvez d\u00e8s maintenant acheter le VPN et le bloqueur de publicit\u00e9s d&rsquo;AdGuard au prix de 34,97\u00a0$ (r\u00e9g. 439,39\u00a0$), bien que les prix puissent changer \u00e0 tout moment.<\/p>\n","protected":false},"excerpt":{"rendered":"<p>Vous pouvez obtenir cinq ans d\u2019abonnement au VPN AdGuard et au bloqueur de publicit\u00e9s en vente pour 35\u00a0$ d\u00e8s maintenant. Vous pouvez acheter le VPN<\/p>\n","protected":false},"author":1,"featured_media":2542,"comment_status":"","ping_status":"","sticky":false,"template":"","format":"standard","meta":{"footnotes":""},"categories":[13],"tags":[709,3275,73,3274,1255,81,1546,110,223,2223],"class_list":["post-2541","post","type-post","status-publish","format-standard","has-post-thumbnail","hentry","category-technologie","tag-adguard","tag-anticipee","tag-black","tag-excellente","tag-friday","tag-pour","tag-propose","tag-une","tag-vente","tag-vpn","generate-columns","tablet-grid-50","mobile-grid-100","grid-parent","grid-33"],"yoast_head":"<!-- This site is optimized with the Yoast SEO plugin v24.0 - https:\/\/yoast.com\/wordpress\/plugins\/seo\/ -->\n<title>AdGuard VPN propose une excellente vente anticip\u00e9e pour le Black Friday | Vie Associative<\/title>\n<meta name=\"robots\" content=\"index, follow, max-snippet:-1, max-image-preview:large, max-video-preview:-1\" \/>\n<link rel=\"canonical\" href=\"https:\/\/vieassociative.be\/actualites\/adguard-vpn-propose-une-excellente-vente-anticipee-pour-le-black-friday\/\" \/>\n<meta property=\"og:locale\" content=\"fr_FR\" \/>\n<meta property=\"og:type\" content=\"article\" \/>\n<meta property=\"og:title\" content=\"AdGuard VPN propose une excellente vente anticip\u00e9e pour le Black Friday | Vie Associative\" \/>\n<meta property=\"og:description\" content=\"Vous pouvez obtenir cinq ans d\u2019abonnement au VPN AdGuard et au bloqueur de publicit\u00e9s en vente pour 35\u00a0$ d\u00e8s maintenant. Vous pouvez acheter le VPN\" \/>\n<meta property=\"og:url\" content=\"https:\/\/vieassociative.be\/actualites\/adguard-vpn-propose-une-excellente-vente-anticipee-pour-le-black-friday\/\" \/>\n<meta property=\"og:site_name\" content=\"Vie Associative\" \/>\n<meta property=\"article:published_time\" content=\"2024-11-18T07:17:49+00:00\" \/>\n<meta property=\"og:image\" content=\"https:\/\/vieassociative.be\/actualites\/wp-content\/uploads\/2024\/09\/header_backgroundk-01-e1726694325946.png\" \/>\n\t<meta property=\"og:image:width\" content=\"279\" \/>\n\t<meta property=\"og:image:height\" content=\"92\" \/>\n\t<meta property=\"og:image:type\" content=\"image\/png\" \/>\n<meta name=\"author\" content=\"Julien\" \/>\n<meta name=\"twitter:card\" content=\"summary_large_image\" \/>\n<meta name=\"twitter:label1\" content=\"\u00c9crit par\" \/>\n\t<meta name=\"twitter:data1\" content=\"Julien\" \/>\n\t<meta name=\"twitter:label2\" content=\"Dur\u00e9e de lecture est.\" \/>\n\t<meta name=\"twitter:data2\" content=\"1 minute\" \/>\n<script type=\"application\/ld+json\" class=\"yoast-schema-graph\">{\"@context\":\"https:\/\/schema.org\",\"@graph\":[{\"@type\":\"Article\",\"@id\":\"https:\/\/vieassociative.be\/actualites\/adguard-vpn-propose-une-excellente-vente-anticipee-pour-le-black-friday\/#article\",\"isPartOf\":{\"@id\":\"https:\/\/vieassociative.be\/actualites\/adguard-vpn-propose-une-excellente-vente-anticipee-pour-le-black-friday\/\"},\"author\":{\"name\":\"Julien\",\"@id\":\"https:\/\/vieassociative.be\/actualites\/#\/schema\/person\/b87ac4f82f9d4e7b7cec7395b679edc4\"},\"headline\":\"AdGuard VPN propose une excellente vente anticip\u00e9e pour le Black Friday\",\"datePublished\":\"2024-11-18T07:17:49+00:00\",\"dateModified\":\"2024-11-18T07:17:49+00:00\",\"mainEntityOfPage\":{\"@id\":\"https:\/\/vieassociative.be\/actualites\/adguard-vpn-propose-une-excellente-vente-anticipee-pour-le-black-friday\/\"},\"wordCount\":208,\"publisher\":{\"@id\":\"https:\/\/vieassociative.be\/actualites\/#organization\"},\"image\":{\"@id\":\"https:\/\/vieassociative.be\/actualites\/adguard-vpn-propose-une-excellente-vente-anticipee-pour-le-black-friday\/#primaryimage\"},\"thumbnailUrl\":\"https:\/\/vieassociative.be\/actualites\/wp-content\/uploads\/2024\/11\/AdGuard-VPN-propose-une-excellente-vente-anticipee-pour-le-Black.jpg\",\"keywords\":[\"AdGuard\",\"anticip\u00e9e\",\"Black\",\"excellente\",\"Friday\",\"pour\",\"propose\",\"une\",\"vente\",\"VPN\"],\"articleSection\":[\"Technologie\"],\"inLanguage\":\"fr-BE\"},{\"@type\":\"WebPage\",\"@id\":\"https:\/\/vieassociative.be\/actualites\/adguard-vpn-propose-une-excellente-vente-anticipee-pour-le-black-friday\/\",\"url\":\"https:\/\/vieassociative.be\/actualites\/adguard-vpn-propose-une-excellente-vente-anticipee-pour-le-black-friday\/\",\"name\":\"AdGuard VPN propose une excellente vente anticip\u00e9e pour le Black Friday | Vie Associative\",\"isPartOf\":{\"@id\":\"https:\/\/vieassociative.be\/actualites\/#website\"},\"primaryImageOfPage\":{\"@id\":\"https:\/\/vieassociative.be\/actualites\/adguard-vpn-propose-une-excellente-vente-anticipee-pour-le-black-friday\/#primaryimage\"},\"image\":{\"@id\":\"https:\/\/vieassociative.be\/actualites\/adguard-vpn-propose-une-excellente-vente-anticipee-pour-le-black-friday\/#primaryimage\"},\"thumbnailUrl\":\"https:\/\/vieassociative.be\/actualites\/wp-content\/uploads\/2024\/11\/AdGuard-VPN-propose-une-excellente-vente-anticipee-pour-le-Black.jpg\",\"datePublished\":\"2024-11-18T07:17:49+00:00\",\"dateModified\":\"2024-11-18T07:17:49+00:00\",\"breadcrumb\":{\"@id\":\"https:\/\/vieassociative.be\/actualites\/adguard-vpn-propose-une-excellente-vente-anticipee-pour-le-black-friday\/#breadcrumb\"},\"inLanguage\":\"fr-BE\",\"potentialAction\":[{\"@type\":\"ReadAction\",\"target\":[\"https:\/\/vieassociative.be\/actualites\/adguard-vpn-propose-une-excellente-vente-anticipee-pour-le-black-friday\/\"]}]},{\"@type\":\"ImageObject\",\"inLanguage\":\"fr-BE\",\"@id\":\"https:\/\/vieassociative.be\/actualites\/adguard-vpn-propose-une-excellente-vente-anticipee-pour-le-black-friday\/#primaryimage\",\"url\":\"https:\/\/vieassociative.be\/actualites\/wp-content\/uploads\/2024\/11\/AdGuard-VPN-propose-une-excellente-vente-anticipee-pour-le-Black.jpg\",\"contentUrl\":\"https:\/\/vieassociative.be\/actualites\/wp-content\/uploads\/2024\/11\/AdGuard-VPN-propose-une-excellente-vente-anticipee-pour-le-Black.jpg\",\"width\":1200,\"height\":675,\"caption\":\"AdGuard VPN propose une excellente vente anticip\u00e9e pour le Black Friday\"},{\"@type\":\"BreadcrumbList\",\"@id\":\"https:\/\/vieassociative.be\/actualites\/adguard-vpn-propose-une-excellente-vente-anticipee-pour-le-black-friday\/#breadcrumb\",\"itemListElement\":[{\"@type\":\"ListItem\",\"position\":1,\"name\":\"Accueil\",\"item\":\"https:\/\/vieassociative.be\/actualites\/\"},{\"@type\":\"ListItem\",\"position\":2,\"name\":\"AdGuard VPN propose une excellente vente anticip\u00e9e pour le Black Friday\"}]},{\"@type\":\"WebSite\",\"@id\":\"https:\/\/vieassociative.be\/actualites\/#website\",\"url\":\"https:\/\/vieassociative.be\/actualites\/\",\"name\":\"Vie Associative\",\"description\":\"\",\"publisher\":{\"@id\":\"https:\/\/vieassociative.be\/actualites\/#organization\"},\"potentialAction\":[{\"@type\":\"SearchAction\",\"target\":{\"@type\":\"EntryPoint\",\"urlTemplate\":\"https:\/\/vieassociative.be\/actualites\/?s={search_term_string}\"},\"query-input\":{\"@type\":\"PropertyValueSpecification\",\"valueRequired\":true,\"valueName\":\"search_term_string\"}}],\"inLanguage\":\"fr-BE\"},{\"@type\":\"Organization\",\"@id\":\"https:\/\/vieassociative.be\/actualites\/#organization\",\"name\":\"Vie Associative\",\"url\":\"https:\/\/vieassociative.be\/actualites\/\",\"logo\":{\"@type\":\"ImageObject\",\"inLanguage\":\"fr-BE\",\"@id\":\"https:\/\/vieassociative.be\/actualites\/#\/schema\/logo\/image\/\",\"url\":\"https:\/\/vieassociative.be\/actualites\/wp-content\/uploads\/2024\/09\/cropped-vieassociative_favicon.ico.png\",\"contentUrl\":\"https:\/\/vieassociative.be\/actualites\/wp-content\/uploads\/2024\/09\/cropped-vieassociative_favicon.ico.png\",\"width\":512,\"height\":512,\"caption\":\"Vie Associative\"},\"image\":{\"@id\":\"https:\/\/vieassociative.be\/actualites\/#\/schema\/logo\/image\/\"}},{\"@type\":\"Person\",\"@id\":\"https:\/\/vieassociative.be\/actualites\/#\/schema\/person\/b87ac4f82f9d4e7b7cec7395b679edc4\",\"name\":\"Julien\",\"image\":{\"@type\":\"ImageObject\",\"inLanguage\":\"fr-BE\",\"@id\":\"https:\/\/vieassociative.be\/actualites\/#\/schema\/person\/image\/\",\"url\":\"https:\/\/vieassociative.be\/actualites\/wp-content\/uploads\/2024\/09\/vie-associative-1-150x150.jpg\",\"contentUrl\":\"https:\/\/vieassociative.be\/actualites\/wp-content\/uploads\/2024\/09\/vie-associative-1-150x150.jpg\",\"caption\":\"Julien\"},\"description\":\"Je suis Julien, r\u00e9dacteur pour Vie Associative. Passionn\u00e9 par le monde associatif depuis plus de 10 ans, j'ai \u00e0 c\u0153ur de partager des histoires inspirantes et de mettre en lumi\u00e8re les initiatives locales. Mon objectif est de sensibiliser et d'encourager l'engagement communautaire \u00e0 travers mes articles.\",\"sameAs\":[\"https:\/\/vieassociative.be\/\"]}]}<\/script>\n<!-- \/ Yoast SEO plugin. -->","yoast_head_json":{"title":"AdGuard VPN propose une excellente vente anticip\u00e9e pour le Black Friday | Vie Associative","robots":{"index":"index","follow":"follow","max-snippet":"max-snippet:-1","max-image-preview":"max-image-preview:large","max-video-preview":"max-video-preview:-1"},"canonical":"https:\/\/vieassociative.be\/actualites\/adguard-vpn-propose-une-excellente-vente-anticipee-pour-le-black-friday\/","og_locale":"fr_FR","og_type":"article","og_title":"AdGuard VPN propose une excellente vente anticip\u00e9e pour le Black Friday | Vie Associative","og_description":"Vous pouvez obtenir cinq ans d\u2019abonnement au VPN AdGuard et au bloqueur de publicit\u00e9s en vente pour 35\u00a0$ d\u00e8s maintenant. Vous pouvez acheter le VPN","og_url":"https:\/\/vieassociative.be\/actualites\/adguard-vpn-propose-une-excellente-vente-anticipee-pour-le-black-friday\/","og_site_name":"Vie Associative","article_published_time":"2024-11-18T07:17:49+00:00","og_image":[{"width":279,"height":92,"url":"https:\/\/vieassociative.be\/actualites\/wp-content\/uploads\/2024\/09\/header_backgroundk-01-e1726694325946.png","type":"image\/png"}],"author":"Julien","twitter_card":"summary_large_image","twitter_misc":{"\u00c9crit par":"Julien","Dur\u00e9e de lecture est.":"1 minute"},"schema":{"@context":"https:\/\/schema.org","@graph":[{"@type":"Article","@id":"https:\/\/vieassociative.be\/actualites\/adguard-vpn-propose-une-excellente-vente-anticipee-pour-le-black-friday\/#article","isPartOf":{"@id":"https:\/\/vieassociative.be\/actualites\/adguard-vpn-propose-une-excellente-vente-anticipee-pour-le-black-friday\/"},"author":{"name":"Julien","@id":"https:\/\/vieassociative.be\/actualites\/#\/schema\/person\/b87ac4f82f9d4e7b7cec7395b679edc4"},"headline":"AdGuard VPN propose une excellente vente anticip\u00e9e pour le Black Friday","datePublished":"2024-11-18T07:17:49+00:00","dateModified":"2024-11-18T07:17:49+00:00","mainEntityOfPage":{"@id":"https:\/\/vieassociative.be\/actualites\/adguard-vpn-propose-une-excellente-vente-anticipee-pour-le-black-friday\/"},"wordCount":208,"publisher":{"@id":"https:\/\/vieassociative.be\/actualites\/#organization"},"image":{"@id":"https:\/\/vieassociative.be\/actualites\/adguard-vpn-propose-une-excellente-vente-anticipee-pour-le-black-friday\/#primaryimage"},"thumbnailUrl":"https:\/\/vieassociative.be\/actualites\/wp-content\/uploads\/2024\/11\/AdGuard-VPN-propose-une-excellente-vente-anticipee-pour-le-Black.jpg","keywords":["AdGuard","anticip\u00e9e","Black","excellente","Friday","pour","propose","une","vente","VPN"],"articleSection":["Technologie"],"inLanguage":"fr-BE"},{"@type":"WebPage","@id":"https:\/\/vieassociative.be\/actualites\/adguard-vpn-propose-une-excellente-vente-anticipee-pour-le-black-friday\/","url":"https:\/\/vieassociative.be\/actualites\/adguard-vpn-propose-une-excellente-vente-anticipee-pour-le-black-friday\/","name":"AdGuard VPN propose une excellente vente anticip\u00e9e pour le Black Friday | Vie Associative","isPartOf":{"@id":"https:\/\/vieassociative.be\/actualites\/#website"},"primaryImageOfPage":{"@id":"https:\/\/vieassociative.be\/actualites\/adguard-vpn-propose-une-excellente-vente-anticipee-pour-le-black-friday\/#primaryimage"},"image":{"@id":"https:\/\/vieassociative.be\/actualites\/adguard-vpn-propose-une-excellente-vente-anticipee-pour-le-black-friday\/#primaryimage"},"thumbnailUrl":"https:\/\/vieassociative.be\/actualites\/wp-content\/uploads\/2024\/11\/AdGuard-VPN-propose-une-excellente-vente-anticipee-pour-le-Black.jpg","datePublished":"2024-11-18T07:17:49+00:00","dateModified":"2024-11-18T07:17:49+00:00","breadcrumb":{"@id":"https:\/\/vieassociative.be\/actualites\/adguard-vpn-propose-une-excellente-vente-anticipee-pour-le-black-friday\/#breadcrumb"},"inLanguage":"fr-BE","potentialAction":[{"@type":"ReadAction","target":["https:\/\/vieassociative.be\/actualites\/adguard-vpn-propose-une-excellente-vente-anticipee-pour-le-black-friday\/"]}]},{"@type":"ImageObject","inLanguage":"fr-BE","@id":"https:\/\/vieassociative.be\/actualites\/adguard-vpn-propose-une-excellente-vente-anticipee-pour-le-black-friday\/#primaryimage","url":"https:\/\/vieassociative.be\/actualites\/wp-content\/uploads\/2024\/11\/AdGuard-VPN-propose-une-excellente-vente-anticipee-pour-le-Black.jpg","contentUrl":"https:\/\/vieassociative.be\/actualites\/wp-content\/uploads\/2024\/11\/AdGuard-VPN-propose-une-excellente-vente-anticipee-pour-le-Black.jpg","width":1200,"height":675,"caption":"AdGuard VPN propose une excellente vente anticip\u00e9e pour le Black Friday"},{"@type":"BreadcrumbList","@id":"https:\/\/vieassociative.be\/actualites\/adguard-vpn-propose-une-excellente-vente-anticipee-pour-le-black-friday\/#breadcrumb","itemListElement":[{"@type":"ListItem","position":1,"name":"Accueil","item":"https:\/\/vieassociative.be\/actualites\/"},{"@type":"ListItem","position":2,"name":"AdGuard VPN propose une excellente vente anticip\u00e9e pour le Black Friday"}]},{"@type":"WebSite","@id":"https:\/\/vieassociative.be\/actualites\/#website","url":"https:\/\/vieassociative.be\/actualites\/","name":"Vie Associative","description":"","publisher":{"@id":"https:\/\/vieassociative.be\/actualites\/#organization"},"potentialAction":[{"@type":"SearchAction","target":{"@type":"EntryPoint","urlTemplate":"https:\/\/vieassociative.be\/actualites\/?s={search_term_string}"},"query-input":{"@type":"PropertyValueSpecification","valueRequired":true,"valueName":"search_term_string"}}],"inLanguage":"fr-BE"},{"@type":"Organization","@id":"https:\/\/vieassociative.be\/actualites\/#organization","name":"Vie Associative","url":"https:\/\/vieassociative.be\/actualites\/","logo":{"@type":"ImageObject","inLanguage":"fr-BE","@id":"https:\/\/vieassociative.be\/actualites\/#\/schema\/logo\/image\/","url":"https:\/\/vieassociative.be\/actualites\/wp-content\/uploads\/2024\/09\/cropped-vieassociative_favicon.ico.png","contentUrl":"https:\/\/vieassociative.be\/actualites\/wp-content\/uploads\/2024\/09\/cropped-vieassociative_favicon.ico.png","width":512,"height":512,"caption":"Vie Associative"},"image":{"@id":"https:\/\/vieassociative.be\/actualites\/#\/schema\/logo\/image\/"}},{"@type":"Person","@id":"https:\/\/vieassociative.be\/actualites\/#\/schema\/person\/b87ac4f82f9d4e7b7cec7395b679edc4","name":"Julien","image":{"@type":"ImageObject","inLanguage":"fr-BE","@id":"https:\/\/vieassociative.be\/actualites\/#\/schema\/person\/image\/","url":"https:\/\/vieassociative.be\/actualites\/wp-content\/uploads\/2024\/09\/vie-associative-1-150x150.jpg","contentUrl":"https:\/\/vieassociative.be\/actualites\/wp-content\/uploads\/2024\/09\/vie-associative-1-150x150.jpg","caption":"Julien"},"description":"Je suis Julien, r\u00e9dacteur pour Vie Associative. Passionn\u00e9 par le monde associatif depuis plus de 10 ans, j'ai \u00e0 c\u0153ur de partager des histoires inspirantes et de mettre en lumi\u00e8re les initiatives locales. Mon objectif est de sensibiliser et d'encourager l'engagement communautaire \u00e0 travers mes articles.","sameAs":["https:\/\/vieassociative.be\/"]}]}},"_links":{"self":[{"href":"https:\/\/vieassociative.be\/actualites\/wp-json\/wp\/v2\/posts\/2541"}],"collection":[{"href":"https:\/\/vieassociative.be\/actualites\/wp-json\/wp\/v2\/posts"}],"about":[{"href":"https:\/\/vieassociative.be\/actualites\/wp-json\/wp\/v2\/types\/post"}],"author":[{"embeddable":true,"href":"https:\/\/vieassociative.be\/actualites\/wp-json\/wp\/v2\/users\/1"}],"replies":[{"embeddable":true,"href":"https:\/\/vieassociative.be\/actualites\/wp-json\/wp\/v2\/comments?post=2541"}],"version-history":[{"count":0,"href":"https:\/\/vieassociative.be\/actualites\/wp-json\/wp\/v2\/posts\/2541\/revisions"}],"wp:featuredmedia":[{"embeddable":true,"href":"https:\/\/vieassociative.be\/actualites\/wp-json\/wp\/v2\/media\/2542"}],"wp:attachment":[{"href":"https:\/\/vieassociative.be\/actualites\/wp-json\/wp\/v2\/media?parent=2541"}],"wp:term":[{"taxonomy":"category","embeddable":true,"href":"https:\/\/vieassociative.be\/actualites\/wp-json\/wp\/v2\/categories?post=2541"},{"taxonomy":"post_tag","embeddable":true,"href":"https:\/\/vieassociative.be\/actualites\/wp-json\/wp\/v2\/tags?post=2541"}],"curies":[{"name":"wp","href":"https:\/\/api.w.org\/{rel}","templated":true}]}}