{"id":2537,"date":"2024-11-18T06:16:59","date_gmt":"2024-11-18T05:16:59","guid":{"rendered":"https:\/\/vieassociative.be\/actualites\/comment-aider-votre-enfant-a-faire-face-a-la-perte\/"},"modified":"2024-11-18T06:16:59","modified_gmt":"2024-11-18T05:16:59","slug":"comment-aider-votre-enfant-a-faire-face-a-la-perte","status":"publish","type":"post","link":"https:\/\/vieassociative.be\/actualites\/comment-aider-votre-enfant-a-faire-face-a-la-perte\/","title":{"rendered":"Comment aider votre enfant \u00e0 faire face \u00e0 la perte"},"content":{"rendered":"<div class=\"mt-4 leading-6 md:mb-8\">Perdre est dur. Voici comment aider votre enfant \u00e0 traverser cette \u00e9preuve.<\/div>\n<p><\/p>\n<p>Inscrire votre enfant \u00e0 des sports peut l\u2019aider \u00e0 rester actif, lui apprendre \u00e0 travailler en \u00e9quipe et \u00e0 renforcer sa confiance. Mais le sport a \u00e9galement pour effet de s\u00e9parer les participants en gagnants et en perdants, ce qui peut susciter des \u00e9motions assez \u00e9crasantes chez un enfant. Pour aider votre enfant \u00e0 g\u00e9rer les grandes \u00e9motions qui surviennent apr\u00e8s avoir perdu un match \u00e2prement disput\u00e9, \u00ab vous devez pr\u00e9parer les enfants \u00e0 perdre en leur donnant une philosophie saine de la victoire, une philosophie qui ne d\u00e9pend pas du score \u00e0 la fin de la partie. \u00ab\u00a0, a d\u00e9clar\u00e9 Frank Smoll, psychologue du sport et collaborateur du projet Youth Enrichment in Sports, qui propose des strat\u00e9gies fond\u00e9es sur des donn\u00e9es probantes pour un entra\u00eenement efficace.<\/p>\n<p>Pour aider votre enfant \u00e0 faire face \u00e0 la d\u00e9faite, il faut notamment lui apprendre que \u00ab vous pouvez r\u00e9ussir quel que soit le score \u00e0 la fin du match si vous faites de votre mieux et avez fait de votre mieux \u00bb, a d\u00e9clar\u00e9 Smoll. \u00ab Que pouvez-vous demander de plus aux athl\u00e8tes, quel que soit leur niveau ? <\/p>\n<h2 id=\"dont-sugar-coat-the-loss\"><strong>N&rsquo;\u00e9dulcorez pas la perte<\/strong> <\/h2>\n<p>Lorsque votre enfant vient de perdre une partie, votre impulsion peut \u00eatre d\u2019essayer imm\u00e9diatement de l\u2019aider \u00e0 se sentir mieux face \u00e0 ce qui s\u2019est pass\u00e9. M\u00eame si les r\u00e9conforter peut \u00eatre utile \u00e0 long terme, lorsque la blessure caus\u00e9e par la perte est encore fra\u00eeche, il est important d&rsquo;honorer leurs sentiments. \u00ab\u00a0Il <em>fait<\/em> \u00e7a fait mal de perdre \u00bb, a d\u00e9clar\u00e9 Smoll. \u00ab\u00a0Vous ne voulez pas l&rsquo;\u00e9dulcorer.\u00a0\u00bb <\/p>\n<p>Selon la personnalit\u00e9 de votre enfant, il peut avoir diff\u00e9rentes mani\u00e8res de faire face aux effets imm\u00e9diats d&rsquo;une perte. Certains enfants voudront peut-\u00eatre \u00eatre r\u00e9confort\u00e9s, tandis que d\u2019autres voudront peut-\u00eatre qu\u2019on les laisse seuls. Certains voudront peut-\u00eatre se lancer imm\u00e9diatement dans l\u2019analyse d\u2019apr\u00e8s-match, tandis que d\u2019autres voudront peut-\u00eatre attendre pour parler du match. <\/p>\n<h2 id=\"stop-look-and-listen\"><strong>Arr\u00eatez-vous, regardez et \u00e9coutez<\/strong> <\/h2>\n<p>Lorsque votre enfant vient de perdre une partie et que vous souhaitez l&rsquo;aider \u00e0 faire face \u00e0 cette d\u00e9faite, Smoll recommande une strat\u00e9gie \u00ab arr\u00eater, regarder, \u00e9couter \u00bb. \u00ab Vous voulez arr\u00eater de vous concentrer sur la victoire ou la d\u00e9faite de l\u2019\u00e9quipe. Le jeu est termin\u00e9 \u00bb, a d\u00e9clar\u00e9 Smoll. \u00ab\u00a0Recherchez les signes qui indiquent ce que ressentent les enfants.\u00a0\u00bb Cela implique d\u2019examiner leurs expressions faciales et leur langage corporel pour avoir une id\u00e9e de la fa\u00e7on dont ils g\u00e8rent la situation. Et puis, \u00ab \u00e9coutez ce qu\u2019ils disent avant de dominer. Laissez-les s\u2019exprimer \u00bb, a d\u00e9clar\u00e9 Smoll. \u00ab\u00a0Laissez-les s&rsquo;exprimer, puis posez quelques questions approfondies.\u00a0\u00bb<\/p>\n<h2 id=\"focus-on-the-achievements-and-lessons\"><strong>Focus sur les r\u00e9alisations et les enseignements<\/strong> <\/h2>\n<p>Une fois que vous avez eu l&rsquo;occasion d&rsquo;\u00e9valuer comment votre enfant fait face \u00e0 la perte, cela peut \u00eatre le bon moment pour se concentrer sur les aspects du jeu qui ne d\u00e9pendaient pas de la victoire ou de la perte du jeu\u00a0: des choses comme ce qu&rsquo;il a bien fait, faire preuve d&rsquo;un bon esprit sportif, faire preuve de pers\u00e9v\u00e9rance ou essayer une nouvelle comp\u00e9tence sur laquelle ils avaient travaill\u00e9 \u00e0 l&rsquo;entra\u00eenement. <\/p>\n<p>\u00abIl s&rsquo;agit d&rsquo;apprendre et de grandir\u00bb, a d\u00e9clar\u00e9 Patrick Cohn, entra\u00eeneur en performance mentale chez Peak Performance Sports. \u00ab\u00a0C&rsquo;est aussi une question de travail d&rsquo;\u00e9quipe, de coop\u00e9ration, de confiance et d&rsquo;apprentissage de la performance sous pression.\u00a0\u00bb  <\/p>\n<p>Cela peut aussi \u00eatre le moment de parler de ce qu\u2019ils ont appris de la d\u00e9faite et de ce sur quoi ils pr\u00e9voient de travailler pour le prochain match. \u00ab\u00a0Perdre vous donne une bonne perspective sur votre position par rapport \u00e0 vos comp\u00e9tences\u00a0\u00bb, a d\u00e9clar\u00e9 Smoll. \u00ab\u00a0Il y a quelque chose \u00e0 gagner en gagnant, et il y a aussi beaucoup \u00e0 apprendre en perdant, si vous y \u00eates pr\u00e9par\u00e9.\u00a0\u00bb <\/p>\n<p><\/p>\n","protected":false},"excerpt":{"rendered":"<p>Perdre est dur. Voici comment aider votre enfant \u00e0 traverser cette \u00e9preuve. Inscrire votre enfant \u00e0 des sports peut l\u2019aider \u00e0 rester actif, lui apprendre<\/p>\n","protected":false},"author":1,"featured_media":2538,"comment_status":"","ping_status":"","sticky":false,"template":"","format":"standard","meta":{"footnotes":""},"categories":[37],"tags":[294,44,295,733,127,697,8],"class_list":["post-2537","post","type-post","status-publish","format-standard","has-post-thumbnail","hentry","category-famille","tag-aider","tag-comment","tag-enfant","tag-face","tag-faire","tag-perte","tag-votre","generate-columns","tablet-grid-50","mobile-grid-100","grid-parent","grid-33"],"yoast_head":"<!-- This site is optimized with the Yoast SEO plugin v24.0 - https:\/\/yoast.com\/wordpress\/plugins\/seo\/ -->\n<title>Comment aider votre enfant \u00e0 faire face \u00e0 la perte | Vie Associative<\/title>\n<meta name=\"robots\" content=\"index, follow, max-snippet:-1, max-image-preview:large, max-video-preview:-1\" \/>\n<link rel=\"canonical\" href=\"https:\/\/vieassociative.be\/actualites\/comment-aider-votre-enfant-a-faire-face-a-la-perte\/\" \/>\n<meta property=\"og:locale\" content=\"fr_FR\" \/>\n<meta property=\"og:type\" content=\"article\" \/>\n<meta property=\"og:title\" content=\"Comment aider votre enfant \u00e0 faire face \u00e0 la perte | Vie Associative\" \/>\n<meta property=\"og:description\" content=\"Perdre est dur. Voici comment aider votre enfant \u00e0 traverser cette \u00e9preuve. Inscrire votre enfant \u00e0 des sports peut l\u2019aider \u00e0 rester actif, lui apprendre\" \/>\n<meta property=\"og:url\" content=\"https:\/\/vieassociative.be\/actualites\/comment-aider-votre-enfant-a-faire-face-a-la-perte\/\" \/>\n<meta property=\"og:site_name\" content=\"Vie Associative\" \/>\n<meta property=\"article:published_time\" content=\"2024-11-18T05:16:59+00:00\" \/>\n<meta property=\"og:image\" content=\"https:\/\/vieassociative.be\/actualites\/wp-content\/uploads\/2024\/09\/header_backgroundk-01-e1726694325946.png\" \/>\n\t<meta property=\"og:image:width\" content=\"279\" \/>\n\t<meta property=\"og:image:height\" content=\"92\" \/>\n\t<meta property=\"og:image:type\" content=\"image\/png\" \/>\n<meta name=\"author\" content=\"Julien\" \/>\n<meta name=\"twitter:card\" content=\"summary_large_image\" \/>\n<meta name=\"twitter:label1\" content=\"\u00c9crit par\" \/>\n\t<meta name=\"twitter:data1\" content=\"Julien\" \/>\n\t<meta name=\"twitter:label2\" content=\"Dur\u00e9e de lecture est.\" \/>\n\t<meta name=\"twitter:data2\" content=\"3 minutes\" \/>\n<script type=\"application\/ld+json\" class=\"yoast-schema-graph\">{\"@context\":\"https:\/\/schema.org\",\"@graph\":[{\"@type\":\"Article\",\"@id\":\"https:\/\/vieassociative.be\/actualites\/comment-aider-votre-enfant-a-faire-face-a-la-perte\/#article\",\"isPartOf\":{\"@id\":\"https:\/\/vieassociative.be\/actualites\/comment-aider-votre-enfant-a-faire-face-a-la-perte\/\"},\"author\":{\"name\":\"Julien\",\"@id\":\"https:\/\/vieassociative.be\/actualites\/#\/schema\/person\/b87ac4f82f9d4e7b7cec7395b679edc4\"},\"headline\":\"Comment aider votre enfant \u00e0 faire face \u00e0 la perte\",\"datePublished\":\"2024-11-18T05:16:59+00:00\",\"dateModified\":\"2024-11-18T05:16:59+00:00\",\"mainEntityOfPage\":{\"@id\":\"https:\/\/vieassociative.be\/actualites\/comment-aider-votre-enfant-a-faire-face-a-la-perte\/\"},\"wordCount\":680,\"publisher\":{\"@id\":\"https:\/\/vieassociative.be\/actualites\/#organization\"},\"image\":{\"@id\":\"https:\/\/vieassociative.be\/actualites\/comment-aider-votre-enfant-a-faire-face-a-la-perte\/#primaryimage\"},\"thumbnailUrl\":\"https:\/\/vieassociative.be\/actualites\/wp-content\/uploads\/2024\/11\/Comment-aider-votre-enfant-a-faire-face-a-la-perte.jpg\",\"keywords\":[\"aider\",\"Comment\",\"enfant\",\"face\",\"faire\",\"perte\",\"votre\"],\"articleSection\":[\"Famille\"],\"inLanguage\":\"fr-BE\"},{\"@type\":\"WebPage\",\"@id\":\"https:\/\/vieassociative.be\/actualites\/comment-aider-votre-enfant-a-faire-face-a-la-perte\/\",\"url\":\"https:\/\/vieassociative.be\/actualites\/comment-aider-votre-enfant-a-faire-face-a-la-perte\/\",\"name\":\"Comment aider votre enfant \u00e0 faire face \u00e0 la perte | Vie Associative\",\"isPartOf\":{\"@id\":\"https:\/\/vieassociative.be\/actualites\/#website\"},\"primaryImageOfPage\":{\"@id\":\"https:\/\/vieassociative.be\/actualites\/comment-aider-votre-enfant-a-faire-face-a-la-perte\/#primaryimage\"},\"image\":{\"@id\":\"https:\/\/vieassociative.be\/actualites\/comment-aider-votre-enfant-a-faire-face-a-la-perte\/#primaryimage\"},\"thumbnailUrl\":\"https:\/\/vieassociative.be\/actualites\/wp-content\/uploads\/2024\/11\/Comment-aider-votre-enfant-a-faire-face-a-la-perte.jpg\",\"datePublished\":\"2024-11-18T05:16:59+00:00\",\"dateModified\":\"2024-11-18T05:16:59+00:00\",\"breadcrumb\":{\"@id\":\"https:\/\/vieassociative.be\/actualites\/comment-aider-votre-enfant-a-faire-face-a-la-perte\/#breadcrumb\"},\"inLanguage\":\"fr-BE\",\"potentialAction\":[{\"@type\":\"ReadAction\",\"target\":[\"https:\/\/vieassociative.be\/actualites\/comment-aider-votre-enfant-a-faire-face-a-la-perte\/\"]}]},{\"@type\":\"ImageObject\",\"inLanguage\":\"fr-BE\",\"@id\":\"https:\/\/vieassociative.be\/actualites\/comment-aider-votre-enfant-a-faire-face-a-la-perte\/#primaryimage\",\"url\":\"https:\/\/vieassociative.be\/actualites\/wp-content\/uploads\/2024\/11\/Comment-aider-votre-enfant-a-faire-face-a-la-perte.jpg\",\"contentUrl\":\"https:\/\/vieassociative.be\/actualites\/wp-content\/uploads\/2024\/11\/Comment-aider-votre-enfant-a-faire-face-a-la-perte.jpg\",\"width\":1200,\"height\":675,\"caption\":\"Comment aider votre enfant \u00e0 faire face \u00e0 la perte\"},{\"@type\":\"BreadcrumbList\",\"@id\":\"https:\/\/vieassociative.be\/actualites\/comment-aider-votre-enfant-a-faire-face-a-la-perte\/#breadcrumb\",\"itemListElement\":[{\"@type\":\"ListItem\",\"position\":1,\"name\":\"Accueil\",\"item\":\"https:\/\/vieassociative.be\/actualites\/\"},{\"@type\":\"ListItem\",\"position\":2,\"name\":\"Comment aider votre enfant \u00e0 faire face \u00e0 la perte\"}]},{\"@type\":\"WebSite\",\"@id\":\"https:\/\/vieassociative.be\/actualites\/#website\",\"url\":\"https:\/\/vieassociative.be\/actualites\/\",\"name\":\"Vie Associative\",\"description\":\"\",\"publisher\":{\"@id\":\"https:\/\/vieassociative.be\/actualites\/#organization\"},\"potentialAction\":[{\"@type\":\"SearchAction\",\"target\":{\"@type\":\"EntryPoint\",\"urlTemplate\":\"https:\/\/vieassociative.be\/actualites\/?s={search_term_string}\"},\"query-input\":{\"@type\":\"PropertyValueSpecification\",\"valueRequired\":true,\"valueName\":\"search_term_string\"}}],\"inLanguage\":\"fr-BE\"},{\"@type\":\"Organization\",\"@id\":\"https:\/\/vieassociative.be\/actualites\/#organization\",\"name\":\"Vie Associative\",\"url\":\"https:\/\/vieassociative.be\/actualites\/\",\"logo\":{\"@type\":\"ImageObject\",\"inLanguage\":\"fr-BE\",\"@id\":\"https:\/\/vieassociative.be\/actualites\/#\/schema\/logo\/image\/\",\"url\":\"https:\/\/vieassociative.be\/actualites\/wp-content\/uploads\/2024\/09\/cropped-vieassociative_favicon.ico.png\",\"contentUrl\":\"https:\/\/vieassociative.be\/actualites\/wp-content\/uploads\/2024\/09\/cropped-vieassociative_favicon.ico.png\",\"width\":512,\"height\":512,\"caption\":\"Vie Associative\"},\"image\":{\"@id\":\"https:\/\/vieassociative.be\/actualites\/#\/schema\/logo\/image\/\"}},{\"@type\":\"Person\",\"@id\":\"https:\/\/vieassociative.be\/actualites\/#\/schema\/person\/b87ac4f82f9d4e7b7cec7395b679edc4\",\"name\":\"Julien\",\"image\":{\"@type\":\"ImageObject\",\"inLanguage\":\"fr-BE\",\"@id\":\"https:\/\/vieassociative.be\/actualites\/#\/schema\/person\/image\/\",\"url\":\"https:\/\/vieassociative.be\/actualites\/wp-content\/uploads\/2024\/09\/vie-associative-1-150x150.jpg\",\"contentUrl\":\"https:\/\/vieassociative.be\/actualites\/wp-content\/uploads\/2024\/09\/vie-associative-1-150x150.jpg\",\"caption\":\"Julien\"},\"description\":\"Je suis Julien, r\u00e9dacteur pour Vie Associative. Passionn\u00e9 par le monde associatif depuis plus de 10 ans, j'ai \u00e0 c\u0153ur de partager des histoires inspirantes et de mettre en lumi\u00e8re les initiatives locales. Mon objectif est de sensibiliser et d'encourager l'engagement communautaire \u00e0 travers mes articles.\",\"sameAs\":[\"https:\/\/vieassociative.be\/\"]}]}<\/script>\n<!-- \/ Yoast SEO plugin. -->","yoast_head_json":{"title":"Comment aider votre enfant \u00e0 faire face \u00e0 la perte | Vie Associative","robots":{"index":"index","follow":"follow","max-snippet":"max-snippet:-1","max-image-preview":"max-image-preview:large","max-video-preview":"max-video-preview:-1"},"canonical":"https:\/\/vieassociative.be\/actualites\/comment-aider-votre-enfant-a-faire-face-a-la-perte\/","og_locale":"fr_FR","og_type":"article","og_title":"Comment aider votre enfant \u00e0 faire face \u00e0 la perte | Vie Associative","og_description":"Perdre est dur. Voici comment aider votre enfant \u00e0 traverser cette \u00e9preuve. Inscrire votre enfant \u00e0 des sports peut l\u2019aider \u00e0 rester actif, lui apprendre","og_url":"https:\/\/vieassociative.be\/actualites\/comment-aider-votre-enfant-a-faire-face-a-la-perte\/","og_site_name":"Vie Associative","article_published_time":"2024-11-18T05:16:59+00:00","og_image":[{"width":279,"height":92,"url":"https:\/\/vieassociative.be\/actualites\/wp-content\/uploads\/2024\/09\/header_backgroundk-01-e1726694325946.png","type":"image\/png"}],"author":"Julien","twitter_card":"summary_large_image","twitter_misc":{"\u00c9crit par":"Julien","Dur\u00e9e de lecture est.":"3 minutes"},"schema":{"@context":"https:\/\/schema.org","@graph":[{"@type":"Article","@id":"https:\/\/vieassociative.be\/actualites\/comment-aider-votre-enfant-a-faire-face-a-la-perte\/#article","isPartOf":{"@id":"https:\/\/vieassociative.be\/actualites\/comment-aider-votre-enfant-a-faire-face-a-la-perte\/"},"author":{"name":"Julien","@id":"https:\/\/vieassociative.be\/actualites\/#\/schema\/person\/b87ac4f82f9d4e7b7cec7395b679edc4"},"headline":"Comment aider votre enfant \u00e0 faire face \u00e0 la perte","datePublished":"2024-11-18T05:16:59+00:00","dateModified":"2024-11-18T05:16:59+00:00","mainEntityOfPage":{"@id":"https:\/\/vieassociative.be\/actualites\/comment-aider-votre-enfant-a-faire-face-a-la-perte\/"},"wordCount":680,"publisher":{"@id":"https:\/\/vieassociative.be\/actualites\/#organization"},"image":{"@id":"https:\/\/vieassociative.be\/actualites\/comment-aider-votre-enfant-a-faire-face-a-la-perte\/#primaryimage"},"thumbnailUrl":"https:\/\/vieassociative.be\/actualites\/wp-content\/uploads\/2024\/11\/Comment-aider-votre-enfant-a-faire-face-a-la-perte.jpg","keywords":["aider","Comment","enfant","face","faire","perte","votre"],"articleSection":["Famille"],"inLanguage":"fr-BE"},{"@type":"WebPage","@id":"https:\/\/vieassociative.be\/actualites\/comment-aider-votre-enfant-a-faire-face-a-la-perte\/","url":"https:\/\/vieassociative.be\/actualites\/comment-aider-votre-enfant-a-faire-face-a-la-perte\/","name":"Comment aider votre enfant \u00e0 faire face \u00e0 la perte | Vie Associative","isPartOf":{"@id":"https:\/\/vieassociative.be\/actualites\/#website"},"primaryImageOfPage":{"@id":"https:\/\/vieassociative.be\/actualites\/comment-aider-votre-enfant-a-faire-face-a-la-perte\/#primaryimage"},"image":{"@id":"https:\/\/vieassociative.be\/actualites\/comment-aider-votre-enfant-a-faire-face-a-la-perte\/#primaryimage"},"thumbnailUrl":"https:\/\/vieassociative.be\/actualites\/wp-content\/uploads\/2024\/11\/Comment-aider-votre-enfant-a-faire-face-a-la-perte.jpg","datePublished":"2024-11-18T05:16:59+00:00","dateModified":"2024-11-18T05:16:59+00:00","breadcrumb":{"@id":"https:\/\/vieassociative.be\/actualites\/comment-aider-votre-enfant-a-faire-face-a-la-perte\/#breadcrumb"},"inLanguage":"fr-BE","potentialAction":[{"@type":"ReadAction","target":["https:\/\/vieassociative.be\/actualites\/comment-aider-votre-enfant-a-faire-face-a-la-perte\/"]}]},{"@type":"ImageObject","inLanguage":"fr-BE","@id":"https:\/\/vieassociative.be\/actualites\/comment-aider-votre-enfant-a-faire-face-a-la-perte\/#primaryimage","url":"https:\/\/vieassociative.be\/actualites\/wp-content\/uploads\/2024\/11\/Comment-aider-votre-enfant-a-faire-face-a-la-perte.jpg","contentUrl":"https:\/\/vieassociative.be\/actualites\/wp-content\/uploads\/2024\/11\/Comment-aider-votre-enfant-a-faire-face-a-la-perte.jpg","width":1200,"height":675,"caption":"Comment aider votre enfant \u00e0 faire face \u00e0 la perte"},{"@type":"BreadcrumbList","@id":"https:\/\/vieassociative.be\/actualites\/comment-aider-votre-enfant-a-faire-face-a-la-perte\/#breadcrumb","itemListElement":[{"@type":"ListItem","position":1,"name":"Accueil","item":"https:\/\/vieassociative.be\/actualites\/"},{"@type":"ListItem","position":2,"name":"Comment aider votre enfant \u00e0 faire face \u00e0 la perte"}]},{"@type":"WebSite","@id":"https:\/\/vieassociative.be\/actualites\/#website","url":"https:\/\/vieassociative.be\/actualites\/","name":"Vie Associative","description":"","publisher":{"@id":"https:\/\/vieassociative.be\/actualites\/#organization"},"potentialAction":[{"@type":"SearchAction","target":{"@type":"EntryPoint","urlTemplate":"https:\/\/vieassociative.be\/actualites\/?s={search_term_string}"},"query-input":{"@type":"PropertyValueSpecification","valueRequired":true,"valueName":"search_term_string"}}],"inLanguage":"fr-BE"},{"@type":"Organization","@id":"https:\/\/vieassociative.be\/actualites\/#organization","name":"Vie Associative","url":"https:\/\/vieassociative.be\/actualites\/","logo":{"@type":"ImageObject","inLanguage":"fr-BE","@id":"https:\/\/vieassociative.be\/actualites\/#\/schema\/logo\/image\/","url":"https:\/\/vieassociative.be\/actualites\/wp-content\/uploads\/2024\/09\/cropped-vieassociative_favicon.ico.png","contentUrl":"https:\/\/vieassociative.be\/actualites\/wp-content\/uploads\/2024\/09\/cropped-vieassociative_favicon.ico.png","width":512,"height":512,"caption":"Vie Associative"},"image":{"@id":"https:\/\/vieassociative.be\/actualites\/#\/schema\/logo\/image\/"}},{"@type":"Person","@id":"https:\/\/vieassociative.be\/actualites\/#\/schema\/person\/b87ac4f82f9d4e7b7cec7395b679edc4","name":"Julien","image":{"@type":"ImageObject","inLanguage":"fr-BE","@id":"https:\/\/vieassociative.be\/actualites\/#\/schema\/person\/image\/","url":"https:\/\/vieassociative.be\/actualites\/wp-content\/uploads\/2024\/09\/vie-associative-1-150x150.jpg","contentUrl":"https:\/\/vieassociative.be\/actualites\/wp-content\/uploads\/2024\/09\/vie-associative-1-150x150.jpg","caption":"Julien"},"description":"Je suis Julien, r\u00e9dacteur pour Vie Associative. Passionn\u00e9 par le monde associatif depuis plus de 10 ans, j'ai \u00e0 c\u0153ur de partager des histoires inspirantes et de mettre en lumi\u00e8re les initiatives locales. Mon objectif est de sensibiliser et d'encourager l'engagement communautaire \u00e0 travers mes articles.","sameAs":["https:\/\/vieassociative.be\/"]}]}},"_links":{"self":[{"href":"https:\/\/vieassociative.be\/actualites\/wp-json\/wp\/v2\/posts\/2537"}],"collection":[{"href":"https:\/\/vieassociative.be\/actualites\/wp-json\/wp\/v2\/posts"}],"about":[{"href":"https:\/\/vieassociative.be\/actualites\/wp-json\/wp\/v2\/types\/post"}],"author":[{"embeddable":true,"href":"https:\/\/vieassociative.be\/actualites\/wp-json\/wp\/v2\/users\/1"}],"replies":[{"embeddable":true,"href":"https:\/\/vieassociative.be\/actualites\/wp-json\/wp\/v2\/comments?post=2537"}],"version-history":[{"count":0,"href":"https:\/\/vieassociative.be\/actualites\/wp-json\/wp\/v2\/posts\/2537\/revisions"}],"wp:featuredmedia":[{"embeddable":true,"href":"https:\/\/vieassociative.be\/actualites\/wp-json\/wp\/v2\/media\/2538"}],"wp:attachment":[{"href":"https:\/\/vieassociative.be\/actualites\/wp-json\/wp\/v2\/media?parent=2537"}],"wp:term":[{"taxonomy":"category","embeddable":true,"href":"https:\/\/vieassociative.be\/actualites\/wp-json\/wp\/v2\/categories?post=2537"},{"taxonomy":"post_tag","embeddable":true,"href":"https:\/\/vieassociative.be\/actualites\/wp-json\/wp\/v2\/tags?post=2537"}],"curies":[{"name":"wp","href":"https:\/\/api.w.org\/{rel}","templated":true}]}}