{"id":2524,"date":"2024-11-17T21:17:27","date_gmt":"2024-11-17T20:17:27","guid":{"rendered":"https:\/\/vieassociative.be\/actualites\/une-raison-davoir-honte-leveque-daix-la-chapelle-participe-a-une-manifestation-contre-lui-meme\/"},"modified":"2024-11-17T21:17:27","modified_gmt":"2024-11-17T20:17:27","slug":"une-raison-davoir-honte-leveque-daix-la-chapelle-participe-a-une-manifestation-contre-lui-meme","status":"publish","type":"post","link":"https:\/\/vieassociative.be\/actualites\/une-raison-davoir-honte-leveque-daix-la-chapelle-participe-a-une-manifestation-contre-lui-meme\/","title":{"rendered":"\u00ab Une raison d&rsquo;avoir honte \u00bb : L&rsquo;\u00e9v\u00eaque d&rsquo;Aix-la-Chapelle participe \u00e0 une manifestation contre lui-m\u00eame."},"content":{"rendered":"<p><strong>A l&rsquo;occasion de la Journ\u00e9e mondiale pour la protection des enfants contre la violence sexuelle, une alliance de 12 associations catholiques organise ce lundi une manifestation \u00e0 Aix-la-Chapelle pour la prise en charge et contre l&rsquo;objection de prescription des \u00e9v\u00eaques.<\/strong><\/p>\n<p><span id=\"more-402052\"><\/span>\u00ab De nombreux catholiques sont constern\u00e9s par le comportement de leurs \u00e9v\u00eaques ! Beaucoup de gens ne peuvent pas comprendre que le commissaire aux abus de la Conf\u00e9rence \u00e9piscopale allemande invoque d\u00e9sormais la prescription. Ils exigent des responsabilit\u00e9s plut\u00f4t que des excuses ! \u00bb dit un appel \u00e0 participer au rassemblement intitul\u00e9 \u00ab Une raison d\u2019avoir honte ! \u00bb<\/p>\n<p>Le d\u00e9part a lieu \u00e0 17h30 sur la M\u00fcnsterplatz \u00e0 Aix-la-Chapelle. Le Conseil dioc\u00e9sain, la Communaut\u00e9 catholique des femmes, les Boy Scouts (DPSG), la Jeunesse ouvri\u00e8re chr\u00e9tienne, le Mouvement catholique de la jeunesse rurale, le Conseil catholique de la ville d&rsquo;Aix-la-Chapelle, l&rsquo;Association des parents catholiques (KED) et l&rsquo;Alliance d&rsquo;action des personnes affect\u00e9es Les initiatives prennent part.<\/p>\n<div id=\"attachment_402066\" class=\"wp-caption alignleft\" style=\"max-width: 212px\"><img fetchpriority=\"high\" decoding=\"async\" class=\"wp-image-402066 size-medium\" src=\"https:\/\/vieassociative.be\/actualites\/wp-content\/uploads\/2024\/11\/Une-raison-davoir-honte-Leveque-dAix-la-Chapelle-participe.jpg\" alt=\"\" width=\"212\" height=\"300\"  ><\/p>\n<p class=\"wp-caption-text\">Un appel \u00e0 participer au rassemblement du lundi 18 novembre 2024.<\/p>\n<\/div>\n<p>Un participant se d\u00e9marquera particuli\u00e8rement : l&rsquo;\u00e9v\u00eaque d&rsquo;Aix-la-Chapelle, Helmut, qui souhaite participer lundi \u00e0 la protestation dirig\u00e9e contre lui-m\u00eame. C&rsquo;est ce qu&rsquo;a annonc\u00e9 l&rsquo;Aachener Zeitung (AZ). Il est commissaire aux abus de la Conf\u00e9rence \u00e9piscopale allemande depuis le 28 septembre 2022.<\/p>\n<p>L&rsquo;information sur la pr\u00e9sence de l&rsquo;\u00e9v\u00eaque a \u00e9t\u00e9 confirm\u00e9e par sa porte-parole. \u00ab\u00a0L&rsquo;\u00e9v\u00eaque sera l\u00e0 demain \u00e0 Elisenbrunnen, mais ne parlera pas\u00a0\u00bb, a d\u00e9clar\u00e9 Marliese Kalthoff. Kalthoff a expliqu\u00e9 au conseil des personnes concern\u00e9es que l&rsquo;\u00e9v\u00eaque souhaitait \u00eatre \u00e0 la disposition des participants en tant que personne de contact. Les organisateurs de la manifestation discuteraient plus tard dimanche de la mani\u00e8re dont ils r\u00e9agiraient \u00e0 la participation inattendue de l&rsquo;\u00e9v\u00eaque.<\/p>\n<p>Selon l&rsquo;AZ, la manifestation de lundi apr\u00e8s-midi \u00e9tait dirig\u00e9e en particulier contre la d\u00e9cision de l&rsquo;\u00e9v\u00eaque de faire valoir la prescription dans les cas port\u00e9s par les victimes d&rsquo;abus devant le tribunal r\u00e9gional d&rsquo;Aix-la-Chapelle pour r\u00e9paration des douleurs et souffrances &#8211; alors qu&rsquo;il avait personnellement promis plusieurs victimes d&rsquo;abus qu&rsquo;il ne ferait pas cela. Des associations et des conseils accusaient l\u2019\u00e9v\u00eaque, entre autres, de \u00ab comportement immoral \u00bb et d\u2019\u00ab oubli de responsabilit\u00e9 \u00bb.<\/p>\n<p>Il y a quelques jours, la police d&rsquo;Aix-la-Chapelle pensait que jusqu&rsquo;\u00e0 250 participants pourraient participer \u00e0 la manifestation. (cr\u00e9er)<\/p>\n","protected":false},"excerpt":{"rendered":"<p>A l&rsquo;occasion de la Journ\u00e9e mondiale pour la protection des enfants contre la violence sexuelle, une alliance de 12 associations catholiques organise ce lundi une<\/p>\n","protected":false},"author":1,"featured_media":2525,"comment_status":"","ping_status":"","sticky":false,"template":"","format":"standard","meta":{"footnotes":""},"categories":[298],"tags":[796,2742,502,1975,3262,3265,3264,3263,3261,110],"class_list":["post-2524","post","type-post","status-publish","format-standard","has-post-thumbnail","hentry","category-belgique","tag-contre","tag-daixlachapelle","tag-davoir","tag-honte","tag-leveque","tag-luimeme","tag-manifestation","tag-participe","tag-raison","tag-une","generate-columns","tablet-grid-50","mobile-grid-100","grid-parent","grid-33"],"yoast_head":"<!-- This site is optimized with the Yoast SEO plugin v24.0 - https:\/\/yoast.com\/wordpress\/plugins\/seo\/ -->\n<title>\u00ab Une raison d&#039;avoir honte \u00bb : L&#039;\u00e9v\u00eaque d&#039;Aix-la-Chapelle participe \u00e0 une manifestation contre lui-m\u00eame. | Vie Associative<\/title>\n<meta name=\"robots\" content=\"index, follow, max-snippet:-1, max-image-preview:large, max-video-preview:-1\" \/>\n<link rel=\"canonical\" href=\"https:\/\/vieassociative.be\/actualites\/une-raison-davoir-honte-leveque-daix-la-chapelle-participe-a-une-manifestation-contre-lui-meme\/\" \/>\n<meta property=\"og:locale\" content=\"fr_FR\" \/>\n<meta property=\"og:type\" content=\"article\" \/>\n<meta property=\"og:title\" content=\"\u00ab Une raison d&#039;avoir honte \u00bb : L&#039;\u00e9v\u00eaque d&#039;Aix-la-Chapelle participe \u00e0 une manifestation contre lui-m\u00eame. | Vie Associative\" \/>\n<meta property=\"og:description\" content=\"A l&rsquo;occasion de la Journ\u00e9e mondiale pour la protection des enfants contre la violence sexuelle, une alliance de 12 associations catholiques organise ce lundi une\" \/>\n<meta property=\"og:url\" content=\"https:\/\/vieassociative.be\/actualites\/une-raison-davoir-honte-leveque-daix-la-chapelle-participe-a-une-manifestation-contre-lui-meme\/\" \/>\n<meta property=\"og:site_name\" content=\"Vie Associative\" \/>\n<meta property=\"article:published_time\" content=\"2024-11-17T20:17:27+00:00\" \/>\n<meta property=\"og:image\" content=\"https:\/\/vieassociative.be\/actualites\/wp-content\/uploads\/2024\/11\/Une-raison-davoir-honte-Leveque-dAix-la-Chapelle-participe.jpg\" \/>\n<meta name=\"author\" content=\"Julien\" \/>\n<meta name=\"twitter:card\" content=\"summary_large_image\" \/>\n<meta name=\"twitter:label1\" content=\"\u00c9crit par\" \/>\n\t<meta name=\"twitter:data1\" content=\"Julien\" \/>\n\t<meta name=\"twitter:label2\" content=\"Dur\u00e9e de lecture est.\" \/>\n\t<meta name=\"twitter:data2\" content=\"2 minutes\" \/>\n<script type=\"application\/ld+json\" class=\"yoast-schema-graph\">{\"@context\":\"https:\/\/schema.org\",\"@graph\":[{\"@type\":\"Article\",\"@id\":\"https:\/\/vieassociative.be\/actualites\/une-raison-davoir-honte-leveque-daix-la-chapelle-participe-a-une-manifestation-contre-lui-meme\/#article\",\"isPartOf\":{\"@id\":\"https:\/\/vieassociative.be\/actualites\/une-raison-davoir-honte-leveque-daix-la-chapelle-participe-a-une-manifestation-contre-lui-meme\/\"},\"author\":{\"name\":\"Julien\",\"@id\":\"https:\/\/vieassociative.be\/actualites\/#\/schema\/person\/b87ac4f82f9d4e7b7cec7395b679edc4\"},\"headline\":\"\u00ab Une raison d&rsquo;avoir honte \u00bb : L&rsquo;\u00e9v\u00eaque d&rsquo;Aix-la-Chapelle participe \u00e0 une manifestation contre lui-m\u00eame.\",\"datePublished\":\"2024-11-17T20:17:27+00:00\",\"dateModified\":\"2024-11-17T20:17:27+00:00\",\"mainEntityOfPage\":{\"@id\":\"https:\/\/vieassociative.be\/actualites\/une-raison-davoir-honte-leveque-daix-la-chapelle-participe-a-une-manifestation-contre-lui-meme\/\"},\"wordCount\":424,\"publisher\":{\"@id\":\"https:\/\/vieassociative.be\/actualites\/#organization\"},\"image\":{\"@id\":\"https:\/\/vieassociative.be\/actualites\/une-raison-davoir-honte-leveque-daix-la-chapelle-participe-a-une-manifestation-contre-lui-meme\/#primaryimage\"},\"thumbnailUrl\":\"https:\/\/vieassociative.be\/actualites\/wp-content\/uploads\/2024\/11\/Une-raison-davoir-honte-Leveque-dAix-la-Chapelle-participe.jpeg\",\"keywords\":[\"contre\",\"dAixlaChapelle\",\"davoir\",\"honte\",\"L\u00e9v\u00eaque\",\"luim\u00eame\",\"manifestation\",\"participe\",\"raison\",\"une\"],\"articleSection\":[\"Belgique\"],\"inLanguage\":\"fr-BE\"},{\"@type\":\"WebPage\",\"@id\":\"https:\/\/vieassociative.be\/actualites\/une-raison-davoir-honte-leveque-daix-la-chapelle-participe-a-une-manifestation-contre-lui-meme\/\",\"url\":\"https:\/\/vieassociative.be\/actualites\/une-raison-davoir-honte-leveque-daix-la-chapelle-participe-a-une-manifestation-contre-lui-meme\/\",\"name\":\"\u00ab Une raison d'avoir honte \u00bb : L'\u00e9v\u00eaque d'Aix-la-Chapelle participe \u00e0 une manifestation contre lui-m\u00eame. | Vie Associative\",\"isPartOf\":{\"@id\":\"https:\/\/vieassociative.be\/actualites\/#website\"},\"primaryImageOfPage\":{\"@id\":\"https:\/\/vieassociative.be\/actualites\/une-raison-davoir-honte-leveque-daix-la-chapelle-participe-a-une-manifestation-contre-lui-meme\/#primaryimage\"},\"image\":{\"@id\":\"https:\/\/vieassociative.be\/actualites\/une-raison-davoir-honte-leveque-daix-la-chapelle-participe-a-une-manifestation-contre-lui-meme\/#primaryimage\"},\"thumbnailUrl\":\"https:\/\/vieassociative.be\/actualites\/wp-content\/uploads\/2024\/11\/Une-raison-davoir-honte-Leveque-dAix-la-Chapelle-participe.jpeg\",\"datePublished\":\"2024-11-17T20:17:27+00:00\",\"dateModified\":\"2024-11-17T20:17:27+00:00\",\"breadcrumb\":{\"@id\":\"https:\/\/vieassociative.be\/actualites\/une-raison-davoir-honte-leveque-daix-la-chapelle-participe-a-une-manifestation-contre-lui-meme\/#breadcrumb\"},\"inLanguage\":\"fr-BE\",\"potentialAction\":[{\"@type\":\"ReadAction\",\"target\":[\"https:\/\/vieassociative.be\/actualites\/une-raison-davoir-honte-leveque-daix-la-chapelle-participe-a-une-manifestation-contre-lui-meme\/\"]}]},{\"@type\":\"ImageObject\",\"inLanguage\":\"fr-BE\",\"@id\":\"https:\/\/vieassociative.be\/actualites\/une-raison-davoir-honte-leveque-daix-la-chapelle-participe-a-une-manifestation-contre-lui-meme\/#primaryimage\",\"url\":\"https:\/\/vieassociative.be\/actualites\/wp-content\/uploads\/2024\/11\/Une-raison-davoir-honte-Leveque-dAix-la-Chapelle-participe.jpeg\",\"contentUrl\":\"https:\/\/vieassociative.be\/actualites\/wp-content\/uploads\/2024\/11\/Une-raison-davoir-honte-Leveque-dAix-la-Chapelle-participe.jpeg\",\"width\":1200,\"height\":814,\"caption\":\"\u00ab Une raison d'avoir honte \u00bb : L'\u00e9v\u00eaque d'Aix-la-Chapelle participe \u00e0 une manifestation contre lui-m\u00eame.\"},{\"@type\":\"BreadcrumbList\",\"@id\":\"https:\/\/vieassociative.be\/actualites\/une-raison-davoir-honte-leveque-daix-la-chapelle-participe-a-une-manifestation-contre-lui-meme\/#breadcrumb\",\"itemListElement\":[{\"@type\":\"ListItem\",\"position\":1,\"name\":\"Accueil\",\"item\":\"https:\/\/vieassociative.be\/actualites\/\"},{\"@type\":\"ListItem\",\"position\":2,\"name\":\"\u00ab Une raison d&rsquo;avoir honte \u00bb : L&rsquo;\u00e9v\u00eaque d&rsquo;Aix-la-Chapelle participe \u00e0 une manifestation contre lui-m\u00eame.\"}]},{\"@type\":\"WebSite\",\"@id\":\"https:\/\/vieassociative.be\/actualites\/#website\",\"url\":\"https:\/\/vieassociative.be\/actualites\/\",\"name\":\"Vie Associative\",\"description\":\"\",\"publisher\":{\"@id\":\"https:\/\/vieassociative.be\/actualites\/#organization\"},\"potentialAction\":[{\"@type\":\"SearchAction\",\"target\":{\"@type\":\"EntryPoint\",\"urlTemplate\":\"https:\/\/vieassociative.be\/actualites\/?s={search_term_string}\"},\"query-input\":{\"@type\":\"PropertyValueSpecification\",\"valueRequired\":true,\"valueName\":\"search_term_string\"}}],\"inLanguage\":\"fr-BE\"},{\"@type\":\"Organization\",\"@id\":\"https:\/\/vieassociative.be\/actualites\/#organization\",\"name\":\"Vie Associative\",\"url\":\"https:\/\/vieassociative.be\/actualites\/\",\"logo\":{\"@type\":\"ImageObject\",\"inLanguage\":\"fr-BE\",\"@id\":\"https:\/\/vieassociative.be\/actualites\/#\/schema\/logo\/image\/\",\"url\":\"https:\/\/vieassociative.be\/actualites\/wp-content\/uploads\/2024\/09\/cropped-vieassociative_favicon.ico.png\",\"contentUrl\":\"https:\/\/vieassociative.be\/actualites\/wp-content\/uploads\/2024\/09\/cropped-vieassociative_favicon.ico.png\",\"width\":512,\"height\":512,\"caption\":\"Vie Associative\"},\"image\":{\"@id\":\"https:\/\/vieassociative.be\/actualites\/#\/schema\/logo\/image\/\"}},{\"@type\":\"Person\",\"@id\":\"https:\/\/vieassociative.be\/actualites\/#\/schema\/person\/b87ac4f82f9d4e7b7cec7395b679edc4\",\"name\":\"Julien\",\"image\":{\"@type\":\"ImageObject\",\"inLanguage\":\"fr-BE\",\"@id\":\"https:\/\/vieassociative.be\/actualites\/#\/schema\/person\/image\/\",\"url\":\"https:\/\/vieassociative.be\/actualites\/wp-content\/uploads\/2024\/09\/vie-associative-1-150x150.jpg\",\"contentUrl\":\"https:\/\/vieassociative.be\/actualites\/wp-content\/uploads\/2024\/09\/vie-associative-1-150x150.jpg\",\"caption\":\"Julien\"},\"description\":\"Je suis Julien, r\u00e9dacteur pour Vie Associative. Passionn\u00e9 par le monde associatif depuis plus de 10 ans, j'ai \u00e0 c\u0153ur de partager des histoires inspirantes et de mettre en lumi\u00e8re les initiatives locales. Mon objectif est de sensibiliser et d'encourager l'engagement communautaire \u00e0 travers mes articles.\",\"sameAs\":[\"https:\/\/vieassociative.be\/\"]}]}<\/script>\n<!-- \/ Yoast SEO plugin. -->","yoast_head_json":{"title":"\u00ab Une raison d'avoir honte \u00bb : L'\u00e9v\u00eaque d'Aix-la-Chapelle participe \u00e0 une manifestation contre lui-m\u00eame. | Vie Associative","robots":{"index":"index","follow":"follow","max-snippet":"max-snippet:-1","max-image-preview":"max-image-preview:large","max-video-preview":"max-video-preview:-1"},"canonical":"https:\/\/vieassociative.be\/actualites\/une-raison-davoir-honte-leveque-daix-la-chapelle-participe-a-une-manifestation-contre-lui-meme\/","og_locale":"fr_FR","og_type":"article","og_title":"\u00ab Une raison d'avoir honte \u00bb : L'\u00e9v\u00eaque d'Aix-la-Chapelle participe \u00e0 une manifestation contre lui-m\u00eame. | Vie Associative","og_description":"A l&rsquo;occasion de la Journ\u00e9e mondiale pour la protection des enfants contre la violence sexuelle, une alliance de 12 associations catholiques organise ce lundi une","og_url":"https:\/\/vieassociative.be\/actualites\/une-raison-davoir-honte-leveque-daix-la-chapelle-participe-a-une-manifestation-contre-lui-meme\/","og_site_name":"Vie Associative","article_published_time":"2024-11-17T20:17:27+00:00","og_image":[{"url":"https:\/\/vieassociative.be\/actualites\/wp-content\/uploads\/2024\/11\/Une-raison-davoir-honte-Leveque-dAix-la-Chapelle-participe.jpg","type":"","width":"","height":""}],"author":"Julien","twitter_card":"summary_large_image","twitter_misc":{"\u00c9crit par":"Julien","Dur\u00e9e de lecture est.":"2 minutes"},"schema":{"@context":"https:\/\/schema.org","@graph":[{"@type":"Article","@id":"https:\/\/vieassociative.be\/actualites\/une-raison-davoir-honte-leveque-daix-la-chapelle-participe-a-une-manifestation-contre-lui-meme\/#article","isPartOf":{"@id":"https:\/\/vieassociative.be\/actualites\/une-raison-davoir-honte-leveque-daix-la-chapelle-participe-a-une-manifestation-contre-lui-meme\/"},"author":{"name":"Julien","@id":"https:\/\/vieassociative.be\/actualites\/#\/schema\/person\/b87ac4f82f9d4e7b7cec7395b679edc4"},"headline":"\u00ab Une raison d&rsquo;avoir honte \u00bb : L&rsquo;\u00e9v\u00eaque d&rsquo;Aix-la-Chapelle participe \u00e0 une manifestation contre lui-m\u00eame.","datePublished":"2024-11-17T20:17:27+00:00","dateModified":"2024-11-17T20:17:27+00:00","mainEntityOfPage":{"@id":"https:\/\/vieassociative.be\/actualites\/une-raison-davoir-honte-leveque-daix-la-chapelle-participe-a-une-manifestation-contre-lui-meme\/"},"wordCount":424,"publisher":{"@id":"https:\/\/vieassociative.be\/actualites\/#organization"},"image":{"@id":"https:\/\/vieassociative.be\/actualites\/une-raison-davoir-honte-leveque-daix-la-chapelle-participe-a-une-manifestation-contre-lui-meme\/#primaryimage"},"thumbnailUrl":"https:\/\/vieassociative.be\/actualites\/wp-content\/uploads\/2024\/11\/Une-raison-davoir-honte-Leveque-dAix-la-Chapelle-participe.jpeg","keywords":["contre","dAixlaChapelle","davoir","honte","L\u00e9v\u00eaque","luim\u00eame","manifestation","participe","raison","une"],"articleSection":["Belgique"],"inLanguage":"fr-BE"},{"@type":"WebPage","@id":"https:\/\/vieassociative.be\/actualites\/une-raison-davoir-honte-leveque-daix-la-chapelle-participe-a-une-manifestation-contre-lui-meme\/","url":"https:\/\/vieassociative.be\/actualites\/une-raison-davoir-honte-leveque-daix-la-chapelle-participe-a-une-manifestation-contre-lui-meme\/","name":"\u00ab Une raison d'avoir honte \u00bb : L'\u00e9v\u00eaque d'Aix-la-Chapelle participe \u00e0 une manifestation contre lui-m\u00eame. | Vie Associative","isPartOf":{"@id":"https:\/\/vieassociative.be\/actualites\/#website"},"primaryImageOfPage":{"@id":"https:\/\/vieassociative.be\/actualites\/une-raison-davoir-honte-leveque-daix-la-chapelle-participe-a-une-manifestation-contre-lui-meme\/#primaryimage"},"image":{"@id":"https:\/\/vieassociative.be\/actualites\/une-raison-davoir-honte-leveque-daix-la-chapelle-participe-a-une-manifestation-contre-lui-meme\/#primaryimage"},"thumbnailUrl":"https:\/\/vieassociative.be\/actualites\/wp-content\/uploads\/2024\/11\/Une-raison-davoir-honte-Leveque-dAix-la-Chapelle-participe.jpeg","datePublished":"2024-11-17T20:17:27+00:00","dateModified":"2024-11-17T20:17:27+00:00","breadcrumb":{"@id":"https:\/\/vieassociative.be\/actualites\/une-raison-davoir-honte-leveque-daix-la-chapelle-participe-a-une-manifestation-contre-lui-meme\/#breadcrumb"},"inLanguage":"fr-BE","potentialAction":[{"@type":"ReadAction","target":["https:\/\/vieassociative.be\/actualites\/une-raison-davoir-honte-leveque-daix-la-chapelle-participe-a-une-manifestation-contre-lui-meme\/"]}]},{"@type":"ImageObject","inLanguage":"fr-BE","@id":"https:\/\/vieassociative.be\/actualites\/une-raison-davoir-honte-leveque-daix-la-chapelle-participe-a-une-manifestation-contre-lui-meme\/#primaryimage","url":"https:\/\/vieassociative.be\/actualites\/wp-content\/uploads\/2024\/11\/Une-raison-davoir-honte-Leveque-dAix-la-Chapelle-participe.jpeg","contentUrl":"https:\/\/vieassociative.be\/actualites\/wp-content\/uploads\/2024\/11\/Une-raison-davoir-honte-Leveque-dAix-la-Chapelle-participe.jpeg","width":1200,"height":814,"caption":"\u00ab Une raison d'avoir honte \u00bb : L'\u00e9v\u00eaque d'Aix-la-Chapelle participe \u00e0 une manifestation contre lui-m\u00eame."},{"@type":"BreadcrumbList","@id":"https:\/\/vieassociative.be\/actualites\/une-raison-davoir-honte-leveque-daix-la-chapelle-participe-a-une-manifestation-contre-lui-meme\/#breadcrumb","itemListElement":[{"@type":"ListItem","position":1,"name":"Accueil","item":"https:\/\/vieassociative.be\/actualites\/"},{"@type":"ListItem","position":2,"name":"\u00ab Une raison d&rsquo;avoir honte \u00bb : L&rsquo;\u00e9v\u00eaque d&rsquo;Aix-la-Chapelle participe \u00e0 une manifestation contre lui-m\u00eame."}]},{"@type":"WebSite","@id":"https:\/\/vieassociative.be\/actualites\/#website","url":"https:\/\/vieassociative.be\/actualites\/","name":"Vie Associative","description":"","publisher":{"@id":"https:\/\/vieassociative.be\/actualites\/#organization"},"potentialAction":[{"@type":"SearchAction","target":{"@type":"EntryPoint","urlTemplate":"https:\/\/vieassociative.be\/actualites\/?s={search_term_string}"},"query-input":{"@type":"PropertyValueSpecification","valueRequired":true,"valueName":"search_term_string"}}],"inLanguage":"fr-BE"},{"@type":"Organization","@id":"https:\/\/vieassociative.be\/actualites\/#organization","name":"Vie Associative","url":"https:\/\/vieassociative.be\/actualites\/","logo":{"@type":"ImageObject","inLanguage":"fr-BE","@id":"https:\/\/vieassociative.be\/actualites\/#\/schema\/logo\/image\/","url":"https:\/\/vieassociative.be\/actualites\/wp-content\/uploads\/2024\/09\/cropped-vieassociative_favicon.ico.png","contentUrl":"https:\/\/vieassociative.be\/actualites\/wp-content\/uploads\/2024\/09\/cropped-vieassociative_favicon.ico.png","width":512,"height":512,"caption":"Vie Associative"},"image":{"@id":"https:\/\/vieassociative.be\/actualites\/#\/schema\/logo\/image\/"}},{"@type":"Person","@id":"https:\/\/vieassociative.be\/actualites\/#\/schema\/person\/b87ac4f82f9d4e7b7cec7395b679edc4","name":"Julien","image":{"@type":"ImageObject","inLanguage":"fr-BE","@id":"https:\/\/vieassociative.be\/actualites\/#\/schema\/person\/image\/","url":"https:\/\/vieassociative.be\/actualites\/wp-content\/uploads\/2024\/09\/vie-associative-1-150x150.jpg","contentUrl":"https:\/\/vieassociative.be\/actualites\/wp-content\/uploads\/2024\/09\/vie-associative-1-150x150.jpg","caption":"Julien"},"description":"Je suis Julien, r\u00e9dacteur pour Vie Associative. Passionn\u00e9 par le monde associatif depuis plus de 10 ans, j'ai \u00e0 c\u0153ur de partager des histoires inspirantes et de mettre en lumi\u00e8re les initiatives locales. Mon objectif est de sensibiliser et d'encourager l'engagement communautaire \u00e0 travers mes articles.","sameAs":["https:\/\/vieassociative.be\/"]}]}},"_links":{"self":[{"href":"https:\/\/vieassociative.be\/actualites\/wp-json\/wp\/v2\/posts\/2524"}],"collection":[{"href":"https:\/\/vieassociative.be\/actualites\/wp-json\/wp\/v2\/posts"}],"about":[{"href":"https:\/\/vieassociative.be\/actualites\/wp-json\/wp\/v2\/types\/post"}],"author":[{"embeddable":true,"href":"https:\/\/vieassociative.be\/actualites\/wp-json\/wp\/v2\/users\/1"}],"replies":[{"embeddable":true,"href":"https:\/\/vieassociative.be\/actualites\/wp-json\/wp\/v2\/comments?post=2524"}],"version-history":[{"count":0,"href":"https:\/\/vieassociative.be\/actualites\/wp-json\/wp\/v2\/posts\/2524\/revisions"}],"wp:featuredmedia":[{"embeddable":true,"href":"https:\/\/vieassociative.be\/actualites\/wp-json\/wp\/v2\/media\/2525"}],"wp:attachment":[{"href":"https:\/\/vieassociative.be\/actualites\/wp-json\/wp\/v2\/media?parent=2524"}],"wp:term":[{"taxonomy":"category","embeddable":true,"href":"https:\/\/vieassociative.be\/actualites\/wp-json\/wp\/v2\/categories?post=2524"},{"taxonomy":"post_tag","embeddable":true,"href":"https:\/\/vieassociative.be\/actualites\/wp-json\/wp\/v2\/tags?post=2524"}],"curies":[{"name":"wp","href":"https:\/\/api.w.org\/{rel}","templated":true}]}}