{"id":2522,"date":"2024-11-17T20:17:02","date_gmt":"2024-11-17T19:17:02","guid":{"rendered":"https:\/\/vieassociative.be\/actualites\/la-meilleure-facon-dassaisonner-vos-legumes-frits-a-lair\/"},"modified":"2024-11-17T20:17:02","modified_gmt":"2024-11-17T19:17:02","slug":"la-meilleure-facon-dassaisonner-vos-legumes-frits-a-lair","status":"publish","type":"post","link":"https:\/\/vieassociative.be\/actualites\/la-meilleure-facon-dassaisonner-vos-legumes-frits-a-lair\/","title":{"rendered":"La meilleure fa\u00e7on d&rsquo;assaisonner vos l\u00e9gumes frits \u00e0 l&rsquo;air"},"content":{"rendered":"<div class=\"mt-4 leading-6 md:mb-8\">L&rsquo;assaisonnement avant la friture \u00e0 l&rsquo;air peut conduire \u00e0 des \u00e9pices roussies, et cela n&rsquo;a tout simplement pas si bon go\u00fbt.<\/div>\n<p><\/p>\n<p>L&rsquo;humble l\u00e9gume r\u00f4ti n&rsquo;est rien de moins qu&rsquo;un h\u00e9ros sur ma table de Thanksgiving. Les assaisonner est crucial pour qu&rsquo;ils ne finissent pas par avoir un go\u00fbt fade, mais <em>quand<\/em> vous les assaisonnez peut faire la diff\u00e9rence entre succulents ou br\u00fbl\u00e9s. Voici mon astuce pour r\u00f4tir rapidement des l\u00e9gumes dans la friteuse sans br\u00fbler les assaisonnements. <\/p>\n<h2 id=\"air-fry-your-roasted-vegetables\">Faites frire vos l\u00e9gumes r\u00f4tis \u00e0 l&rsquo;air libre<\/h2>\n<p>La premi\u00e8re fois que j&rsquo;ai organis\u00e9 Thanksgiving, je n&rsquo;avais pas de friteuse \u00e0 air. (Je fr\u00e9mis rien que d&rsquo;y penser.) R\u00f4tir des choux de Bruxelles, des patates douces, des pois chiches ou des courges a pris du temps et occupait la majeure partie de l&rsquo;espace de mon four. Une fois que j&rsquo;ai finalement int\u00e9gr\u00e9 le petit four \u00e0 convection dans ma cuisine, mon exp\u00e9rience culinaire de Thanksgiving s&rsquo;est consid\u00e9rablement am\u00e9lior\u00e9e et je ne r\u00eaverais pas d&rsquo;organiser le grand repas sans lui. <\/p>\n<p>Les vents \u00e0 grande vitesse de la friteuse \u00e0 air r\u00e9duisent facilement de 20 \u00e0 30 minutes les temps de cuisson que nous avions tous l&rsquo;habitude de g\u00e9rer auparavant. C&rsquo;est une aubaine pour les h\u00f4tes qui jonglent avec plusieurs plats, mais les vents chauds et puissants ne laissent pas les assaisonnements aussi bien. Bien que les herbes s\u00e8ches et les assaisonnements en poudre puissent r\u00e9sister dans un four conventionnel \u00e0 une temp\u00e9rature plus basse, ils peuvent s&rsquo;enflammer dans la friteuse \u00e0 air (m\u00eame s&rsquo;ils sont recouverts d&rsquo;huile) et donner une saveur am\u00e8re.<\/p>\n<h2 id=\"cook-first-season-after\">Cuire d&rsquo;abord, saison apr\u00e8s<\/h2>\n<p>Pour \u00e9viter ce triste r\u00e9sultat, je pr\u00e9pare le l\u00e9gume tout simplement pour son passage \u00e0 la friteuse \u00e0 air : un m\u00e9lange avec suffisamment d&rsquo;huile et de sel pour l&rsquo;enrober. C&rsquo;est \u00e7a. L&rsquo;huile aidera \u00e0 conduire la chaleur vers toutes les parties du l\u00e9gume de mani\u00e8re plus \u00e9gale et le sel extrait l&rsquo;humidit\u00e9 tout en ajoutant de la saveur. Toutes ces choses permettent une cuisson plus rapide et plus uniforme. Oh, et le sel ne br\u00fble pas. <\/p>\n<p>Faites frire les l\u00e9gumes \u00e0 l&rsquo;air libre aussi longtemps que n\u00e9cessaire, puis m\u00e9langez-les \u00e0 la vinaigrette. <em>apr\u00e8s<\/em>juste avant de servir. Selon ce que vous aimez, cela peut \u00eatre un simple filet de jus de citron, de zeste et d&rsquo;huile d&rsquo;olive extra vierge, ou une vinaigrette \u00e9pic\u00e9e au tahini. <\/p>\n<h2 id=\"bloom-seasonings-for-roasted-vegetables-separately\">Assaisonnements Bloom pour l\u00e9gumes r\u00f4tis s\u00e9par\u00e9ment <\/h2>\n<p>L&rsquo;humidit\u00e9 et la chaleur de la cuisson jouent normalement un r\u00f4le pour faire ressortir les saveurs de vos \u00e9pices s\u00e8ches. Si vous assaisonnez habituellement vos pommes de terre r\u00f4ties au four ou vos choux de Bruxelles carbonis\u00e9s avec un assaisonnement en poudre, par exemple du cumin, du poivre de Cayenne et de l&rsquo;ail, vous risquez de manquer cela si vous vous abstenez de les ajouter \u00e0 la friteuse \u00e0 air. Eh bien, je n&rsquo;aurai pas \u00e7a. Nous voulons absolument maximiser la saveur, je sugg\u00e8re donc de faire fleurir les herbes et les \u00e9pices s\u00e9par\u00e9ment dans une petite casserole sur la cuisini\u00e8re pendant que vos l\u00e9gumes sont joliment cloqu\u00e9s dans la friteuse \u00e0 air. <\/p>\n<p>Pour ce faire, ajoutez environ une cuill\u00e8re \u00e0 soupe d&rsquo;huile d&rsquo;olive ou de beurre dans une casserole (autant que vous en utiliseriez normalement pour enrober la quantit\u00e9 de l\u00e9gumes que vous r\u00f4tissez). Incorporez les assaisonnements secs et faites chauffer \u00e0 feu doux pendant environ deux minutes. Les \u00e9pices deviendront parfum\u00e9es une fois cuites, vous pouvez donc \u00e9teindre le feu et attendre que les l\u00e9gumes soient pr\u00eats \u00e0 \u00eatre assaisonn\u00e9s avec votre huile ou votre beurre \u00e9pic\u00e9. Cette astuce pour fleurir et activer les saveurs fonctionne \u00e9galement \u00e0 merveille avec des herbes fra\u00eechement hach\u00e9es et constitue une pr\u00e9sentation \u00e9l\u00e9gante pour Thanksgiving. <\/p>\n","protected":false},"excerpt":{"rendered":"<p>L&rsquo;assaisonnement avant la friture \u00e0 l&rsquo;air peut conduire \u00e0 des \u00e9pices roussies, et cela n&rsquo;a tout simplement pas si bon go\u00fbt. L&rsquo;humble l\u00e9gume r\u00f4ti n&rsquo;est<\/p>\n","protected":false},"author":1,"featured_media":2523,"comment_status":"","ping_status":"","sticky":false,"template":"","format":"standard","meta":{"footnotes":""},"categories":[39],"tags":[3260,531,747,748,1002,530,27],"class_list":["post-2522","post","type-post","status-publish","format-standard","has-post-thumbnail","hentry","category-gastronomie","tag-dassaisonner","tag-facon","tag-frits","tag-lair","tag-legumes","tag-meilleure","tag-vos","generate-columns","tablet-grid-50","mobile-grid-100","grid-parent","grid-33"],"yoast_head":"<!-- This site is optimized with the Yoast SEO plugin v24.0 - https:\/\/yoast.com\/wordpress\/plugins\/seo\/ -->\n<title>La meilleure fa\u00e7on d&#039;assaisonner vos l\u00e9gumes frits \u00e0 l&#039;air | Vie Associative<\/title>\n<meta name=\"robots\" content=\"index, follow, max-snippet:-1, max-image-preview:large, max-video-preview:-1\" \/>\n<link rel=\"canonical\" href=\"https:\/\/vieassociative.be\/actualites\/la-meilleure-facon-dassaisonner-vos-legumes-frits-a-lair\/\" \/>\n<meta property=\"og:locale\" content=\"fr_FR\" \/>\n<meta property=\"og:type\" content=\"article\" \/>\n<meta property=\"og:title\" content=\"La meilleure fa\u00e7on d&#039;assaisonner vos l\u00e9gumes frits \u00e0 l&#039;air | Vie Associative\" \/>\n<meta property=\"og:description\" content=\"L&rsquo;assaisonnement avant la friture \u00e0 l&rsquo;air peut conduire \u00e0 des \u00e9pices roussies, et cela n&rsquo;a tout simplement pas si bon go\u00fbt. L&rsquo;humble l\u00e9gume r\u00f4ti n&rsquo;est\" \/>\n<meta property=\"og:url\" content=\"https:\/\/vieassociative.be\/actualites\/la-meilleure-facon-dassaisonner-vos-legumes-frits-a-lair\/\" \/>\n<meta property=\"og:site_name\" content=\"Vie Associative\" \/>\n<meta property=\"article:published_time\" content=\"2024-11-17T19:17:02+00:00\" \/>\n<meta property=\"og:image\" content=\"https:\/\/vieassociative.be\/actualites\/wp-content\/uploads\/2024\/09\/header_backgroundk-01-e1726694325946.png\" \/>\n\t<meta property=\"og:image:width\" content=\"279\" \/>\n\t<meta property=\"og:image:height\" content=\"92\" \/>\n\t<meta property=\"og:image:type\" content=\"image\/png\" \/>\n<meta name=\"author\" content=\"Julien\" \/>\n<meta name=\"twitter:card\" content=\"summary_large_image\" \/>\n<meta name=\"twitter:label1\" content=\"\u00c9crit par\" \/>\n\t<meta name=\"twitter:data1\" content=\"Julien\" \/>\n\t<meta name=\"twitter:label2\" content=\"Dur\u00e9e de lecture est.\" \/>\n\t<meta name=\"twitter:data2\" content=\"3 minutes\" \/>\n<script type=\"application\/ld+json\" class=\"yoast-schema-graph\">{\"@context\":\"https:\/\/schema.org\",\"@graph\":[{\"@type\":\"Article\",\"@id\":\"https:\/\/vieassociative.be\/actualites\/la-meilleure-facon-dassaisonner-vos-legumes-frits-a-lair\/#article\",\"isPartOf\":{\"@id\":\"https:\/\/vieassociative.be\/actualites\/la-meilleure-facon-dassaisonner-vos-legumes-frits-a-lair\/\"},\"author\":{\"name\":\"Julien\",\"@id\":\"https:\/\/vieassociative.be\/actualites\/#\/schema\/person\/b87ac4f82f9d4e7b7cec7395b679edc4\"},\"headline\":\"La meilleure fa\u00e7on d&rsquo;assaisonner vos l\u00e9gumes frits \u00e0 l&rsquo;air\",\"datePublished\":\"2024-11-17T19:17:02+00:00\",\"dateModified\":\"2024-11-17T19:17:02+00:00\",\"mainEntityOfPage\":{\"@id\":\"https:\/\/vieassociative.be\/actualites\/la-meilleure-facon-dassaisonner-vos-legumes-frits-a-lair\/\"},\"wordCount\":695,\"publisher\":{\"@id\":\"https:\/\/vieassociative.be\/actualites\/#organization\"},\"image\":{\"@id\":\"https:\/\/vieassociative.be\/actualites\/la-meilleure-facon-dassaisonner-vos-legumes-frits-a-lair\/#primaryimage\"},\"thumbnailUrl\":\"https:\/\/vieassociative.be\/actualites\/wp-content\/uploads\/2024\/11\/La-meilleure-facon-dassaisonner-vos-legumes-frits-a-lair.jpg\",\"keywords\":[\"dassaisonner\",\"fa\u00e7on\",\"frits\",\"lair\",\"l\u00e9gumes\",\"meilleure\",\"vos\"],\"articleSection\":[\"Gastronomie\"],\"inLanguage\":\"fr-BE\"},{\"@type\":\"WebPage\",\"@id\":\"https:\/\/vieassociative.be\/actualites\/la-meilleure-facon-dassaisonner-vos-legumes-frits-a-lair\/\",\"url\":\"https:\/\/vieassociative.be\/actualites\/la-meilleure-facon-dassaisonner-vos-legumes-frits-a-lair\/\",\"name\":\"La meilleure fa\u00e7on d'assaisonner vos l\u00e9gumes frits \u00e0 l'air | Vie Associative\",\"isPartOf\":{\"@id\":\"https:\/\/vieassociative.be\/actualites\/#website\"},\"primaryImageOfPage\":{\"@id\":\"https:\/\/vieassociative.be\/actualites\/la-meilleure-facon-dassaisonner-vos-legumes-frits-a-lair\/#primaryimage\"},\"image\":{\"@id\":\"https:\/\/vieassociative.be\/actualites\/la-meilleure-facon-dassaisonner-vos-legumes-frits-a-lair\/#primaryimage\"},\"thumbnailUrl\":\"https:\/\/vieassociative.be\/actualites\/wp-content\/uploads\/2024\/11\/La-meilleure-facon-dassaisonner-vos-legumes-frits-a-lair.jpg\",\"datePublished\":\"2024-11-17T19:17:02+00:00\",\"dateModified\":\"2024-11-17T19:17:02+00:00\",\"breadcrumb\":{\"@id\":\"https:\/\/vieassociative.be\/actualites\/la-meilleure-facon-dassaisonner-vos-legumes-frits-a-lair\/#breadcrumb\"},\"inLanguage\":\"fr-BE\",\"potentialAction\":[{\"@type\":\"ReadAction\",\"target\":[\"https:\/\/vieassociative.be\/actualites\/la-meilleure-facon-dassaisonner-vos-legumes-frits-a-lair\/\"]}]},{\"@type\":\"ImageObject\",\"inLanguage\":\"fr-BE\",\"@id\":\"https:\/\/vieassociative.be\/actualites\/la-meilleure-facon-dassaisonner-vos-legumes-frits-a-lair\/#primaryimage\",\"url\":\"https:\/\/vieassociative.be\/actualites\/wp-content\/uploads\/2024\/11\/La-meilleure-facon-dassaisonner-vos-legumes-frits-a-lair.jpg\",\"contentUrl\":\"https:\/\/vieassociative.be\/actualites\/wp-content\/uploads\/2024\/11\/La-meilleure-facon-dassaisonner-vos-legumes-frits-a-lair.jpg\",\"width\":1200,\"height\":675,\"caption\":\"La meilleure fa\u00e7on d'assaisonner vos l\u00e9gumes frits \u00e0 l'air\"},{\"@type\":\"BreadcrumbList\",\"@id\":\"https:\/\/vieassociative.be\/actualites\/la-meilleure-facon-dassaisonner-vos-legumes-frits-a-lair\/#breadcrumb\",\"itemListElement\":[{\"@type\":\"ListItem\",\"position\":1,\"name\":\"Accueil\",\"item\":\"https:\/\/vieassociative.be\/actualites\/\"},{\"@type\":\"ListItem\",\"position\":2,\"name\":\"La meilleure fa\u00e7on d&rsquo;assaisonner vos l\u00e9gumes frits \u00e0 l&rsquo;air\"}]},{\"@type\":\"WebSite\",\"@id\":\"https:\/\/vieassociative.be\/actualites\/#website\",\"url\":\"https:\/\/vieassociative.be\/actualites\/\",\"name\":\"Vie Associative\",\"description\":\"\",\"publisher\":{\"@id\":\"https:\/\/vieassociative.be\/actualites\/#organization\"},\"potentialAction\":[{\"@type\":\"SearchAction\",\"target\":{\"@type\":\"EntryPoint\",\"urlTemplate\":\"https:\/\/vieassociative.be\/actualites\/?s={search_term_string}\"},\"query-input\":{\"@type\":\"PropertyValueSpecification\",\"valueRequired\":true,\"valueName\":\"search_term_string\"}}],\"inLanguage\":\"fr-BE\"},{\"@type\":\"Organization\",\"@id\":\"https:\/\/vieassociative.be\/actualites\/#organization\",\"name\":\"Vie Associative\",\"url\":\"https:\/\/vieassociative.be\/actualites\/\",\"logo\":{\"@type\":\"ImageObject\",\"inLanguage\":\"fr-BE\",\"@id\":\"https:\/\/vieassociative.be\/actualites\/#\/schema\/logo\/image\/\",\"url\":\"https:\/\/vieassociative.be\/actualites\/wp-content\/uploads\/2024\/09\/cropped-vieassociative_favicon.ico.png\",\"contentUrl\":\"https:\/\/vieassociative.be\/actualites\/wp-content\/uploads\/2024\/09\/cropped-vieassociative_favicon.ico.png\",\"width\":512,\"height\":512,\"caption\":\"Vie Associative\"},\"image\":{\"@id\":\"https:\/\/vieassociative.be\/actualites\/#\/schema\/logo\/image\/\"}},{\"@type\":\"Person\",\"@id\":\"https:\/\/vieassociative.be\/actualites\/#\/schema\/person\/b87ac4f82f9d4e7b7cec7395b679edc4\",\"name\":\"Julien\",\"image\":{\"@type\":\"ImageObject\",\"inLanguage\":\"fr-BE\",\"@id\":\"https:\/\/vieassociative.be\/actualites\/#\/schema\/person\/image\/\",\"url\":\"https:\/\/vieassociative.be\/actualites\/wp-content\/uploads\/2024\/09\/vie-associative-1-150x150.jpg\",\"contentUrl\":\"https:\/\/vieassociative.be\/actualites\/wp-content\/uploads\/2024\/09\/vie-associative-1-150x150.jpg\",\"caption\":\"Julien\"},\"description\":\"Je suis Julien, r\u00e9dacteur pour Vie Associative. Passionn\u00e9 par le monde associatif depuis plus de 10 ans, j'ai \u00e0 c\u0153ur de partager des histoires inspirantes et de mettre en lumi\u00e8re les initiatives locales. Mon objectif est de sensibiliser et d'encourager l'engagement communautaire \u00e0 travers mes articles.\",\"sameAs\":[\"https:\/\/vieassociative.be\/\"]}]}<\/script>\n<!-- \/ Yoast SEO plugin. -->","yoast_head_json":{"title":"La meilleure fa\u00e7on d'assaisonner vos l\u00e9gumes frits \u00e0 l'air | Vie Associative","robots":{"index":"index","follow":"follow","max-snippet":"max-snippet:-1","max-image-preview":"max-image-preview:large","max-video-preview":"max-video-preview:-1"},"canonical":"https:\/\/vieassociative.be\/actualites\/la-meilleure-facon-dassaisonner-vos-legumes-frits-a-lair\/","og_locale":"fr_FR","og_type":"article","og_title":"La meilleure fa\u00e7on d'assaisonner vos l\u00e9gumes frits \u00e0 l'air | Vie Associative","og_description":"L&rsquo;assaisonnement avant la friture \u00e0 l&rsquo;air peut conduire \u00e0 des \u00e9pices roussies, et cela n&rsquo;a tout simplement pas si bon go\u00fbt. L&rsquo;humble l\u00e9gume r\u00f4ti n&rsquo;est","og_url":"https:\/\/vieassociative.be\/actualites\/la-meilleure-facon-dassaisonner-vos-legumes-frits-a-lair\/","og_site_name":"Vie Associative","article_published_time":"2024-11-17T19:17:02+00:00","og_image":[{"width":279,"height":92,"url":"https:\/\/vieassociative.be\/actualites\/wp-content\/uploads\/2024\/09\/header_backgroundk-01-e1726694325946.png","type":"image\/png"}],"author":"Julien","twitter_card":"summary_large_image","twitter_misc":{"\u00c9crit par":"Julien","Dur\u00e9e de lecture est.":"3 minutes"},"schema":{"@context":"https:\/\/schema.org","@graph":[{"@type":"Article","@id":"https:\/\/vieassociative.be\/actualites\/la-meilleure-facon-dassaisonner-vos-legumes-frits-a-lair\/#article","isPartOf":{"@id":"https:\/\/vieassociative.be\/actualites\/la-meilleure-facon-dassaisonner-vos-legumes-frits-a-lair\/"},"author":{"name":"Julien","@id":"https:\/\/vieassociative.be\/actualites\/#\/schema\/person\/b87ac4f82f9d4e7b7cec7395b679edc4"},"headline":"La meilleure fa\u00e7on d&rsquo;assaisonner vos l\u00e9gumes frits \u00e0 l&rsquo;air","datePublished":"2024-11-17T19:17:02+00:00","dateModified":"2024-11-17T19:17:02+00:00","mainEntityOfPage":{"@id":"https:\/\/vieassociative.be\/actualites\/la-meilleure-facon-dassaisonner-vos-legumes-frits-a-lair\/"},"wordCount":695,"publisher":{"@id":"https:\/\/vieassociative.be\/actualites\/#organization"},"image":{"@id":"https:\/\/vieassociative.be\/actualites\/la-meilleure-facon-dassaisonner-vos-legumes-frits-a-lair\/#primaryimage"},"thumbnailUrl":"https:\/\/vieassociative.be\/actualites\/wp-content\/uploads\/2024\/11\/La-meilleure-facon-dassaisonner-vos-legumes-frits-a-lair.jpg","keywords":["dassaisonner","fa\u00e7on","frits","lair","l\u00e9gumes","meilleure","vos"],"articleSection":["Gastronomie"],"inLanguage":"fr-BE"},{"@type":"WebPage","@id":"https:\/\/vieassociative.be\/actualites\/la-meilleure-facon-dassaisonner-vos-legumes-frits-a-lair\/","url":"https:\/\/vieassociative.be\/actualites\/la-meilleure-facon-dassaisonner-vos-legumes-frits-a-lair\/","name":"La meilleure fa\u00e7on d'assaisonner vos l\u00e9gumes frits \u00e0 l'air | Vie Associative","isPartOf":{"@id":"https:\/\/vieassociative.be\/actualites\/#website"},"primaryImageOfPage":{"@id":"https:\/\/vieassociative.be\/actualites\/la-meilleure-facon-dassaisonner-vos-legumes-frits-a-lair\/#primaryimage"},"image":{"@id":"https:\/\/vieassociative.be\/actualites\/la-meilleure-facon-dassaisonner-vos-legumes-frits-a-lair\/#primaryimage"},"thumbnailUrl":"https:\/\/vieassociative.be\/actualites\/wp-content\/uploads\/2024\/11\/La-meilleure-facon-dassaisonner-vos-legumes-frits-a-lair.jpg","datePublished":"2024-11-17T19:17:02+00:00","dateModified":"2024-11-17T19:17:02+00:00","breadcrumb":{"@id":"https:\/\/vieassociative.be\/actualites\/la-meilleure-facon-dassaisonner-vos-legumes-frits-a-lair\/#breadcrumb"},"inLanguage":"fr-BE","potentialAction":[{"@type":"ReadAction","target":["https:\/\/vieassociative.be\/actualites\/la-meilleure-facon-dassaisonner-vos-legumes-frits-a-lair\/"]}]},{"@type":"ImageObject","inLanguage":"fr-BE","@id":"https:\/\/vieassociative.be\/actualites\/la-meilleure-facon-dassaisonner-vos-legumes-frits-a-lair\/#primaryimage","url":"https:\/\/vieassociative.be\/actualites\/wp-content\/uploads\/2024\/11\/La-meilleure-facon-dassaisonner-vos-legumes-frits-a-lair.jpg","contentUrl":"https:\/\/vieassociative.be\/actualites\/wp-content\/uploads\/2024\/11\/La-meilleure-facon-dassaisonner-vos-legumes-frits-a-lair.jpg","width":1200,"height":675,"caption":"La meilleure fa\u00e7on d'assaisonner vos l\u00e9gumes frits \u00e0 l'air"},{"@type":"BreadcrumbList","@id":"https:\/\/vieassociative.be\/actualites\/la-meilleure-facon-dassaisonner-vos-legumes-frits-a-lair\/#breadcrumb","itemListElement":[{"@type":"ListItem","position":1,"name":"Accueil","item":"https:\/\/vieassociative.be\/actualites\/"},{"@type":"ListItem","position":2,"name":"La meilleure fa\u00e7on d&rsquo;assaisonner vos l\u00e9gumes frits \u00e0 l&rsquo;air"}]},{"@type":"WebSite","@id":"https:\/\/vieassociative.be\/actualites\/#website","url":"https:\/\/vieassociative.be\/actualites\/","name":"Vie Associative","description":"","publisher":{"@id":"https:\/\/vieassociative.be\/actualites\/#organization"},"potentialAction":[{"@type":"SearchAction","target":{"@type":"EntryPoint","urlTemplate":"https:\/\/vieassociative.be\/actualites\/?s={search_term_string}"},"query-input":{"@type":"PropertyValueSpecification","valueRequired":true,"valueName":"search_term_string"}}],"inLanguage":"fr-BE"},{"@type":"Organization","@id":"https:\/\/vieassociative.be\/actualites\/#organization","name":"Vie Associative","url":"https:\/\/vieassociative.be\/actualites\/","logo":{"@type":"ImageObject","inLanguage":"fr-BE","@id":"https:\/\/vieassociative.be\/actualites\/#\/schema\/logo\/image\/","url":"https:\/\/vieassociative.be\/actualites\/wp-content\/uploads\/2024\/09\/cropped-vieassociative_favicon.ico.png","contentUrl":"https:\/\/vieassociative.be\/actualites\/wp-content\/uploads\/2024\/09\/cropped-vieassociative_favicon.ico.png","width":512,"height":512,"caption":"Vie Associative"},"image":{"@id":"https:\/\/vieassociative.be\/actualites\/#\/schema\/logo\/image\/"}},{"@type":"Person","@id":"https:\/\/vieassociative.be\/actualites\/#\/schema\/person\/b87ac4f82f9d4e7b7cec7395b679edc4","name":"Julien","image":{"@type":"ImageObject","inLanguage":"fr-BE","@id":"https:\/\/vieassociative.be\/actualites\/#\/schema\/person\/image\/","url":"https:\/\/vieassociative.be\/actualites\/wp-content\/uploads\/2024\/09\/vie-associative-1-150x150.jpg","contentUrl":"https:\/\/vieassociative.be\/actualites\/wp-content\/uploads\/2024\/09\/vie-associative-1-150x150.jpg","caption":"Julien"},"description":"Je suis Julien, r\u00e9dacteur pour Vie Associative. Passionn\u00e9 par le monde associatif depuis plus de 10 ans, j'ai \u00e0 c\u0153ur de partager des histoires inspirantes et de mettre en lumi\u00e8re les initiatives locales. Mon objectif est de sensibiliser et d'encourager l'engagement communautaire \u00e0 travers mes articles.","sameAs":["https:\/\/vieassociative.be\/"]}]}},"_links":{"self":[{"href":"https:\/\/vieassociative.be\/actualites\/wp-json\/wp\/v2\/posts\/2522"}],"collection":[{"href":"https:\/\/vieassociative.be\/actualites\/wp-json\/wp\/v2\/posts"}],"about":[{"href":"https:\/\/vieassociative.be\/actualites\/wp-json\/wp\/v2\/types\/post"}],"author":[{"embeddable":true,"href":"https:\/\/vieassociative.be\/actualites\/wp-json\/wp\/v2\/users\/1"}],"replies":[{"embeddable":true,"href":"https:\/\/vieassociative.be\/actualites\/wp-json\/wp\/v2\/comments?post=2522"}],"version-history":[{"count":0,"href":"https:\/\/vieassociative.be\/actualites\/wp-json\/wp\/v2\/posts\/2522\/revisions"}],"wp:featuredmedia":[{"embeddable":true,"href":"https:\/\/vieassociative.be\/actualites\/wp-json\/wp\/v2\/media\/2523"}],"wp:attachment":[{"href":"https:\/\/vieassociative.be\/actualites\/wp-json\/wp\/v2\/media?parent=2522"}],"wp:term":[{"taxonomy":"category","embeddable":true,"href":"https:\/\/vieassociative.be\/actualites\/wp-json\/wp\/v2\/categories?post=2522"},{"taxonomy":"post_tag","embeddable":true,"href":"https:\/\/vieassociative.be\/actualites\/wp-json\/wp\/v2\/tags?post=2522"}],"curies":[{"name":"wp","href":"https:\/\/api.w.org\/{rel}","templated":true}]}}