{"id":2520,"date":"2024-11-17T18:17:09","date_gmt":"2024-11-17T17:17:09","guid":{"rendered":"https:\/\/vieassociative.be\/actualites\/comment-aider-votre-adolescent-a-survivre-aux-heures-de-rentree-scolaire-precoce\/"},"modified":"2024-11-17T18:17:09","modified_gmt":"2024-11-17T17:17:09","slug":"comment-aider-votre-adolescent-a-survivre-aux-heures-de-rentree-scolaire-precoce","status":"publish","type":"post","link":"https:\/\/vieassociative.be\/actualites\/comment-aider-votre-adolescent-a-survivre-aux-heures-de-rentree-scolaire-precoce\/","title":{"rendered":"Comment aider votre adolescent \u00e0 survivre aux heures de rentr\u00e9e scolaire pr\u00e9coce"},"content":{"rendered":"<div class=\"mt-4 leading-6 md:mb-8\">Se r\u00e9veiller t\u00f4t est plus difficile pour les adolescents que pour le reste d\u2019entre nous, mais nous avons quelques astuces.<\/div>\n<p><\/p>\n<p>M\u00eame si d&rsquo;innombrables experts, dont l&rsquo;Association am\u00e9ricaine de p\u00e9diatrie, affirment que les \u00e9coles secondaires ne devraient pas commencer si t\u00f4t le matin, beaucoup le font encore. Cela signifie que les adolescents sont g\u00e9n\u00e9ralement priv\u00e9s de sommeil, 70 % d\u2019entre eux dormant moins que la quantit\u00e9 recommand\u00e9e.<\/p>\n<p>Ce n&rsquo;est pas seulement une question de gestion du temps, mais aussi de la fa\u00e7on dont fonctionne le cerveau des adolescents, explique Horacio de la Iglesia, qui \u00e9tudie le sommeil chez les adolescents et a expliqu\u00e9 la biologie derri\u00e8re la privation de sommeil chez les adolescents dans The Conversation. Il faut \u00e0 un adolescent plus d\u2019heures d\u2019\u00e9veil qu\u2019\u00e0 un adulte avant de commencer \u00e0 avoir sommeil. Leurs rythmes circadiens semblent \u00e9galement \u00eatre plus lents, de sorte qu\u2019apr\u00e8s cette longue journ\u00e9e, ils ont besoin d\u2019une longue nuit de sommeil. Ils finiront par d\u00e9passer cette phase de d\u00e9veloppement, mais c&rsquo;est \u00e0 peu pr\u00e8s au lyc\u00e9e que leurs besoins de sommeil matinal sont les plus grands. <\/p>\n<p>Alors, que pouvons-nous faire \u00e0 ce sujet ? Eh bien, une modification des heures de rentr\u00e9e scolaire serait toujours l\u2019un des meilleurs outils dont nous disposons. L&rsquo;\u00e9quipe de De la Iglesia a d\u00e9couvert que retarder la rentr\u00e9e scolaire d&rsquo;environ une heure permettait aux adolescents de dormir 34 minutes de plus en moyenne. <\/p>\n<p>Mais si les horaires d&rsquo;\u00e9cole sont d\u00e9j\u00e0 fix\u00e9s pour l&rsquo;ann\u00e9e, notre meilleure solution consiste \u00e0 utiliser des signaux biologiques pour aider \u00e0 recycler le cerveau des enfants afin qu&rsquo;ils ne se l\u00e8vent pas t\u00f4t. <em>sentir<\/em> si t\u00f4t. Nous vous proposons ici quelques conseils pour expliquer la situation \u00e0 votre adolescent et r\u00e9organiser les routines familiales afin de faciliter un coucher t\u00f4t. Voici quelques \u00e9l\u00e9ments qui les aideront \u00e0 r\u00e9initialiser leur horloge\u00a0: <\/p>\n<h2 id=\"get-morning-light\">Obtenez la lumi\u00e8re du matin<\/h2>\n<p>La lumi\u00e8re t\u00f4t le matin aide \u00e0 r\u00e9gler l\u2019horloge de notre corps. Si le soleil est lev\u00e9 lorsque votre enfant se pr\u00e9pare pour l&rsquo;\u00e9cole, ouvrir les rideaux est id\u00e9al, tout comme les activit\u00e9s de plein air comme prendre son petit-d\u00e9jeuner sur la terrasse ou marcher jusqu&rsquo;\u00e0 l&rsquo;\u00e9cole. <\/p>\n<p>Mais les courtes journ\u00e9es d\u2019hiver, ainsi que le passage \u00e0 l\u2019heure d\u2019\u00e9t\u00e9, vont mettre un frein \u00e0 ce plan pour beaucoup d\u2019entre nous. Des lumi\u00e8res int\u00e9rieures vives aident probablement un peu\u00a0; la lumi\u00e8re bleue peut \u00eatre particuli\u00e8rement utile. Je ne dis pas que ton enfant <em>devrait<\/em> regarder beaucoup la t\u00e9l\u00e9vision ou faire d\u00e9filer son t\u00e9l\u00e9phone toute la matin\u00e9e, mais c&rsquo;est probablement mieux le matin que le soir. Un r\u00e9veil qui \u00e9claire lorsqu\u2019il les r\u00e9veille peut \u00e9galement \u00eatre un bon investissement. <\/p>\n<h2 id=\"avoid-evening-light\">\u00c9vitez la lumi\u00e8re du soir<\/h2>\n<p>Notre corps produit de la m\u00e9latonine en r\u00e9ponse \u00e0 l\u2019obscurit\u00e9, ce qui nous aide \u00e0 dormir la nuit. La lumi\u00e8re du soir, notamment celle provenant de sources bleues comme les \u00e9crans, peut perturber ce processus. C\u2019est donc une raison de plus pour \u00e9viter de passer du temps devant un \u00e9cran juste avant de se coucher. <\/p>\n<h2 id=\"eat-meals-during-the-daytime\">Prendre des repas pendant la journ\u00e9e<\/h2>\n<p>Outre la lumi\u00e8re, le deuxi\u00e8me indice le plus important que notre corps re\u00e7oit concernant l&rsquo;heure de la journ\u00e9e est celui o\u00f9 nous mangeons. Il est plus facile de respecter un horaire si nous mangeons pendant la journ\u00e9e, alors essayez de planifier l&rsquo;heure du d\u00eener de mani\u00e8re appropri\u00e9e. Si les enfants participent \u00e0 des activit\u00e9s telles que des entra\u00eenements sportifs le soir, il peut \u00eatre utile de prendre un petit d\u00eener avant l&rsquo;entra\u00eenement afin qu&rsquo;ils n&rsquo;aient besoin que d&rsquo;une petite collation par la suite, au lieu de retarder le d\u00eener et de le manger juste avant de se coucher. <\/p>\n<h2 id=\"use-caffeine-carefully\">Utilisez la caf\u00e9ine avec pr\u00e9caution<\/h2>\n<p>En tant qu&rsquo;adolescent, je me souviens avoir bu du soda contenant de la caf\u00e9ine (mon pr\u00e9f\u00e9r\u00e9 \u00e9tant Mountain Dew) juste pour passer ces petits matins. Et les apr\u00e8s-midi. Et\u2026 eh bien, vous voyez l\u2019id\u00e9e. La caf\u00e9ine met beaucoup de temps \u00e0 se d\u00e9composer dans notre corps, donc si vous buvez une boisson \u00e9nergisante en fin d&rsquo;apr\u00e8s-midi, une grande partie de cette caf\u00e9ine sera encore dans votre organisme plus tard dans la soir\u00e9e. Parlez \u00e0 votre adolescent de la possibilit\u00e9 de conserver la caf\u00e9ine uniquement le matin. Se sentir somnolent en fin de journ\u00e9e est un <em>bien<\/em> chose, apr\u00e8s tout.<\/p>\n<p><\/p>\n","protected":false},"excerpt":{"rendered":"<p>Se r\u00e9veiller t\u00f4t est plus difficile pour les adolescents que pour le reste d\u2019entre nous, mais nous avons quelques astuces. M\u00eame si d&rsquo;innombrables experts, dont<\/p>\n","protected":false},"author":1,"featured_media":2521,"comment_status":"","ping_status":"","sticky":false,"template":"","format":"standard","meta":{"footnotes":""},"categories":[37],"tags":[2270,294,289,44,3258,3259,348,349,1244,8],"class_list":["post-2520","post","type-post","status-publish","format-standard","has-post-thumbnail","hentry","category-famille","tag-adolescent","tag-aider","tag-aux","tag-comment","tag-heures","tag-precoce","tag-rentree","tag-scolaire","tag-survivre","tag-votre","generate-columns","tablet-grid-50","mobile-grid-100","grid-parent","grid-33"],"yoast_head":"<!-- This site is optimized with the Yoast SEO plugin v24.0 - https:\/\/yoast.com\/wordpress\/plugins\/seo\/ -->\n<title>Comment aider votre adolescent \u00e0 survivre aux heures de rentr\u00e9e scolaire pr\u00e9coce | Vie Associative<\/title>\n<meta name=\"robots\" content=\"index, follow, max-snippet:-1, max-image-preview:large, max-video-preview:-1\" \/>\n<link rel=\"canonical\" href=\"https:\/\/vieassociative.be\/actualites\/comment-aider-votre-adolescent-a-survivre-aux-heures-de-rentree-scolaire-precoce\/\" \/>\n<meta property=\"og:locale\" content=\"fr_FR\" \/>\n<meta property=\"og:type\" content=\"article\" \/>\n<meta property=\"og:title\" content=\"Comment aider votre adolescent \u00e0 survivre aux heures de rentr\u00e9e scolaire pr\u00e9coce | Vie Associative\" \/>\n<meta property=\"og:description\" content=\"Se r\u00e9veiller t\u00f4t est plus difficile pour les adolescents que pour le reste d\u2019entre nous, mais nous avons quelques astuces. M\u00eame si d&rsquo;innombrables experts, dont\" \/>\n<meta property=\"og:url\" content=\"https:\/\/vieassociative.be\/actualites\/comment-aider-votre-adolescent-a-survivre-aux-heures-de-rentree-scolaire-precoce\/\" \/>\n<meta property=\"og:site_name\" content=\"Vie Associative\" \/>\n<meta property=\"article:published_time\" content=\"2024-11-17T17:17:09+00:00\" \/>\n<meta property=\"og:image\" content=\"https:\/\/vieassociative.be\/actualites\/wp-content\/uploads\/2024\/09\/header_backgroundk-01-e1726694325946.png\" \/>\n\t<meta property=\"og:image:width\" content=\"279\" \/>\n\t<meta property=\"og:image:height\" content=\"92\" \/>\n\t<meta property=\"og:image:type\" content=\"image\/png\" \/>\n<meta name=\"author\" content=\"Julien\" \/>\n<meta name=\"twitter:card\" content=\"summary_large_image\" \/>\n<meta name=\"twitter:label1\" content=\"\u00c9crit par\" \/>\n\t<meta name=\"twitter:data1\" content=\"Julien\" \/>\n\t<meta name=\"twitter:label2\" content=\"Dur\u00e9e de lecture est.\" \/>\n\t<meta name=\"twitter:data2\" content=\"4 minutes\" \/>\n<script type=\"application\/ld+json\" class=\"yoast-schema-graph\">{\"@context\":\"https:\/\/schema.org\",\"@graph\":[{\"@type\":\"Article\",\"@id\":\"https:\/\/vieassociative.be\/actualites\/comment-aider-votre-adolescent-a-survivre-aux-heures-de-rentree-scolaire-precoce\/#article\",\"isPartOf\":{\"@id\":\"https:\/\/vieassociative.be\/actualites\/comment-aider-votre-adolescent-a-survivre-aux-heures-de-rentree-scolaire-precoce\/\"},\"author\":{\"name\":\"Julien\",\"@id\":\"https:\/\/vieassociative.be\/actualites\/#\/schema\/person\/b87ac4f82f9d4e7b7cec7395b679edc4\"},\"headline\":\"Comment aider votre adolescent \u00e0 survivre aux heures de rentr\u00e9e scolaire pr\u00e9coce\",\"datePublished\":\"2024-11-17T17:17:09+00:00\",\"dateModified\":\"2024-11-17T17:17:09+00:00\",\"mainEntityOfPage\":{\"@id\":\"https:\/\/vieassociative.be\/actualites\/comment-aider-votre-adolescent-a-survivre-aux-heures-de-rentree-scolaire-precoce\/\"},\"wordCount\":816,\"publisher\":{\"@id\":\"https:\/\/vieassociative.be\/actualites\/#organization\"},\"image\":{\"@id\":\"https:\/\/vieassociative.be\/actualites\/comment-aider-votre-adolescent-a-survivre-aux-heures-de-rentree-scolaire-precoce\/#primaryimage\"},\"thumbnailUrl\":\"https:\/\/vieassociative.be\/actualites\/wp-content\/uploads\/2024\/11\/Comment-aider-votre-adolescent-a-survivre-aux-heures-de-rentree.jpg\",\"keywords\":[\"adolescent\",\"aider\",\"aux\",\"Comment\",\"heures\",\"pr\u00e9coce\",\"rentr\u00e9e\",\"scolaire\",\"survivre\",\"votre\"],\"articleSection\":[\"Famille\"],\"inLanguage\":\"fr-BE\"},{\"@type\":\"WebPage\",\"@id\":\"https:\/\/vieassociative.be\/actualites\/comment-aider-votre-adolescent-a-survivre-aux-heures-de-rentree-scolaire-precoce\/\",\"url\":\"https:\/\/vieassociative.be\/actualites\/comment-aider-votre-adolescent-a-survivre-aux-heures-de-rentree-scolaire-precoce\/\",\"name\":\"Comment aider votre adolescent \u00e0 survivre aux heures de rentr\u00e9e scolaire pr\u00e9coce | Vie Associative\",\"isPartOf\":{\"@id\":\"https:\/\/vieassociative.be\/actualites\/#website\"},\"primaryImageOfPage\":{\"@id\":\"https:\/\/vieassociative.be\/actualites\/comment-aider-votre-adolescent-a-survivre-aux-heures-de-rentree-scolaire-precoce\/#primaryimage\"},\"image\":{\"@id\":\"https:\/\/vieassociative.be\/actualites\/comment-aider-votre-adolescent-a-survivre-aux-heures-de-rentree-scolaire-precoce\/#primaryimage\"},\"thumbnailUrl\":\"https:\/\/vieassociative.be\/actualites\/wp-content\/uploads\/2024\/11\/Comment-aider-votre-adolescent-a-survivre-aux-heures-de-rentree.jpg\",\"datePublished\":\"2024-11-17T17:17:09+00:00\",\"dateModified\":\"2024-11-17T17:17:09+00:00\",\"breadcrumb\":{\"@id\":\"https:\/\/vieassociative.be\/actualites\/comment-aider-votre-adolescent-a-survivre-aux-heures-de-rentree-scolaire-precoce\/#breadcrumb\"},\"inLanguage\":\"fr-BE\",\"potentialAction\":[{\"@type\":\"ReadAction\",\"target\":[\"https:\/\/vieassociative.be\/actualites\/comment-aider-votre-adolescent-a-survivre-aux-heures-de-rentree-scolaire-precoce\/\"]}]},{\"@type\":\"ImageObject\",\"inLanguage\":\"fr-BE\",\"@id\":\"https:\/\/vieassociative.be\/actualites\/comment-aider-votre-adolescent-a-survivre-aux-heures-de-rentree-scolaire-precoce\/#primaryimage\",\"url\":\"https:\/\/vieassociative.be\/actualites\/wp-content\/uploads\/2024\/11\/Comment-aider-votre-adolescent-a-survivre-aux-heures-de-rentree.jpg\",\"contentUrl\":\"https:\/\/vieassociative.be\/actualites\/wp-content\/uploads\/2024\/11\/Comment-aider-votre-adolescent-a-survivre-aux-heures-de-rentree.jpg\",\"width\":1200,\"height\":675,\"caption\":\"Comment aider votre adolescent \u00e0 survivre aux heures de rentr\u00e9e scolaire pr\u00e9coce\"},{\"@type\":\"BreadcrumbList\",\"@id\":\"https:\/\/vieassociative.be\/actualites\/comment-aider-votre-adolescent-a-survivre-aux-heures-de-rentree-scolaire-precoce\/#breadcrumb\",\"itemListElement\":[{\"@type\":\"ListItem\",\"position\":1,\"name\":\"Accueil\",\"item\":\"https:\/\/vieassociative.be\/actualites\/\"},{\"@type\":\"ListItem\",\"position\":2,\"name\":\"Comment aider votre adolescent \u00e0 survivre aux heures de rentr\u00e9e scolaire pr\u00e9coce\"}]},{\"@type\":\"WebSite\",\"@id\":\"https:\/\/vieassociative.be\/actualites\/#website\",\"url\":\"https:\/\/vieassociative.be\/actualites\/\",\"name\":\"Vie Associative\",\"description\":\"\",\"publisher\":{\"@id\":\"https:\/\/vieassociative.be\/actualites\/#organization\"},\"potentialAction\":[{\"@type\":\"SearchAction\",\"target\":{\"@type\":\"EntryPoint\",\"urlTemplate\":\"https:\/\/vieassociative.be\/actualites\/?s={search_term_string}\"},\"query-input\":{\"@type\":\"PropertyValueSpecification\",\"valueRequired\":true,\"valueName\":\"search_term_string\"}}],\"inLanguage\":\"fr-BE\"},{\"@type\":\"Organization\",\"@id\":\"https:\/\/vieassociative.be\/actualites\/#organization\",\"name\":\"Vie Associative\",\"url\":\"https:\/\/vieassociative.be\/actualites\/\",\"logo\":{\"@type\":\"ImageObject\",\"inLanguage\":\"fr-BE\",\"@id\":\"https:\/\/vieassociative.be\/actualites\/#\/schema\/logo\/image\/\",\"url\":\"https:\/\/vieassociative.be\/actualites\/wp-content\/uploads\/2024\/09\/cropped-vieassociative_favicon.ico.png\",\"contentUrl\":\"https:\/\/vieassociative.be\/actualites\/wp-content\/uploads\/2024\/09\/cropped-vieassociative_favicon.ico.png\",\"width\":512,\"height\":512,\"caption\":\"Vie Associative\"},\"image\":{\"@id\":\"https:\/\/vieassociative.be\/actualites\/#\/schema\/logo\/image\/\"}},{\"@type\":\"Person\",\"@id\":\"https:\/\/vieassociative.be\/actualites\/#\/schema\/person\/b87ac4f82f9d4e7b7cec7395b679edc4\",\"name\":\"Julien\",\"image\":{\"@type\":\"ImageObject\",\"inLanguage\":\"fr-BE\",\"@id\":\"https:\/\/vieassociative.be\/actualites\/#\/schema\/person\/image\/\",\"url\":\"https:\/\/vieassociative.be\/actualites\/wp-content\/uploads\/2024\/09\/vie-associative-1-150x150.jpg\",\"contentUrl\":\"https:\/\/vieassociative.be\/actualites\/wp-content\/uploads\/2024\/09\/vie-associative-1-150x150.jpg\",\"caption\":\"Julien\"},\"description\":\"Je suis Julien, r\u00e9dacteur pour Vie Associative. Passionn\u00e9 par le monde associatif depuis plus de 10 ans, j'ai \u00e0 c\u0153ur de partager des histoires inspirantes et de mettre en lumi\u00e8re les initiatives locales. Mon objectif est de sensibiliser et d'encourager l'engagement communautaire \u00e0 travers mes articles.\",\"sameAs\":[\"https:\/\/vieassociative.be\/\"]}]}<\/script>\n<!-- \/ Yoast SEO plugin. -->","yoast_head_json":{"title":"Comment aider votre adolescent \u00e0 survivre aux heures de rentr\u00e9e scolaire pr\u00e9coce | Vie Associative","robots":{"index":"index","follow":"follow","max-snippet":"max-snippet:-1","max-image-preview":"max-image-preview:large","max-video-preview":"max-video-preview:-1"},"canonical":"https:\/\/vieassociative.be\/actualites\/comment-aider-votre-adolescent-a-survivre-aux-heures-de-rentree-scolaire-precoce\/","og_locale":"fr_FR","og_type":"article","og_title":"Comment aider votre adolescent \u00e0 survivre aux heures de rentr\u00e9e scolaire pr\u00e9coce | Vie Associative","og_description":"Se r\u00e9veiller t\u00f4t est plus difficile pour les adolescents que pour le reste d\u2019entre nous, mais nous avons quelques astuces. M\u00eame si d&rsquo;innombrables experts, dont","og_url":"https:\/\/vieassociative.be\/actualites\/comment-aider-votre-adolescent-a-survivre-aux-heures-de-rentree-scolaire-precoce\/","og_site_name":"Vie Associative","article_published_time":"2024-11-17T17:17:09+00:00","og_image":[{"width":279,"height":92,"url":"https:\/\/vieassociative.be\/actualites\/wp-content\/uploads\/2024\/09\/header_backgroundk-01-e1726694325946.png","type":"image\/png"}],"author":"Julien","twitter_card":"summary_large_image","twitter_misc":{"\u00c9crit par":"Julien","Dur\u00e9e de lecture est.":"4 minutes"},"schema":{"@context":"https:\/\/schema.org","@graph":[{"@type":"Article","@id":"https:\/\/vieassociative.be\/actualites\/comment-aider-votre-adolescent-a-survivre-aux-heures-de-rentree-scolaire-precoce\/#article","isPartOf":{"@id":"https:\/\/vieassociative.be\/actualites\/comment-aider-votre-adolescent-a-survivre-aux-heures-de-rentree-scolaire-precoce\/"},"author":{"name":"Julien","@id":"https:\/\/vieassociative.be\/actualites\/#\/schema\/person\/b87ac4f82f9d4e7b7cec7395b679edc4"},"headline":"Comment aider votre adolescent \u00e0 survivre aux heures de rentr\u00e9e scolaire pr\u00e9coce","datePublished":"2024-11-17T17:17:09+00:00","dateModified":"2024-11-17T17:17:09+00:00","mainEntityOfPage":{"@id":"https:\/\/vieassociative.be\/actualites\/comment-aider-votre-adolescent-a-survivre-aux-heures-de-rentree-scolaire-precoce\/"},"wordCount":816,"publisher":{"@id":"https:\/\/vieassociative.be\/actualites\/#organization"},"image":{"@id":"https:\/\/vieassociative.be\/actualites\/comment-aider-votre-adolescent-a-survivre-aux-heures-de-rentree-scolaire-precoce\/#primaryimage"},"thumbnailUrl":"https:\/\/vieassociative.be\/actualites\/wp-content\/uploads\/2024\/11\/Comment-aider-votre-adolescent-a-survivre-aux-heures-de-rentree.jpg","keywords":["adolescent","aider","aux","Comment","heures","pr\u00e9coce","rentr\u00e9e","scolaire","survivre","votre"],"articleSection":["Famille"],"inLanguage":"fr-BE"},{"@type":"WebPage","@id":"https:\/\/vieassociative.be\/actualites\/comment-aider-votre-adolescent-a-survivre-aux-heures-de-rentree-scolaire-precoce\/","url":"https:\/\/vieassociative.be\/actualites\/comment-aider-votre-adolescent-a-survivre-aux-heures-de-rentree-scolaire-precoce\/","name":"Comment aider votre adolescent \u00e0 survivre aux heures de rentr\u00e9e scolaire pr\u00e9coce | Vie Associative","isPartOf":{"@id":"https:\/\/vieassociative.be\/actualites\/#website"},"primaryImageOfPage":{"@id":"https:\/\/vieassociative.be\/actualites\/comment-aider-votre-adolescent-a-survivre-aux-heures-de-rentree-scolaire-precoce\/#primaryimage"},"image":{"@id":"https:\/\/vieassociative.be\/actualites\/comment-aider-votre-adolescent-a-survivre-aux-heures-de-rentree-scolaire-precoce\/#primaryimage"},"thumbnailUrl":"https:\/\/vieassociative.be\/actualites\/wp-content\/uploads\/2024\/11\/Comment-aider-votre-adolescent-a-survivre-aux-heures-de-rentree.jpg","datePublished":"2024-11-17T17:17:09+00:00","dateModified":"2024-11-17T17:17:09+00:00","breadcrumb":{"@id":"https:\/\/vieassociative.be\/actualites\/comment-aider-votre-adolescent-a-survivre-aux-heures-de-rentree-scolaire-precoce\/#breadcrumb"},"inLanguage":"fr-BE","potentialAction":[{"@type":"ReadAction","target":["https:\/\/vieassociative.be\/actualites\/comment-aider-votre-adolescent-a-survivre-aux-heures-de-rentree-scolaire-precoce\/"]}]},{"@type":"ImageObject","inLanguage":"fr-BE","@id":"https:\/\/vieassociative.be\/actualites\/comment-aider-votre-adolescent-a-survivre-aux-heures-de-rentree-scolaire-precoce\/#primaryimage","url":"https:\/\/vieassociative.be\/actualites\/wp-content\/uploads\/2024\/11\/Comment-aider-votre-adolescent-a-survivre-aux-heures-de-rentree.jpg","contentUrl":"https:\/\/vieassociative.be\/actualites\/wp-content\/uploads\/2024\/11\/Comment-aider-votre-adolescent-a-survivre-aux-heures-de-rentree.jpg","width":1200,"height":675,"caption":"Comment aider votre adolescent \u00e0 survivre aux heures de rentr\u00e9e scolaire pr\u00e9coce"},{"@type":"BreadcrumbList","@id":"https:\/\/vieassociative.be\/actualites\/comment-aider-votre-adolescent-a-survivre-aux-heures-de-rentree-scolaire-precoce\/#breadcrumb","itemListElement":[{"@type":"ListItem","position":1,"name":"Accueil","item":"https:\/\/vieassociative.be\/actualites\/"},{"@type":"ListItem","position":2,"name":"Comment aider votre adolescent \u00e0 survivre aux heures de rentr\u00e9e scolaire pr\u00e9coce"}]},{"@type":"WebSite","@id":"https:\/\/vieassociative.be\/actualites\/#website","url":"https:\/\/vieassociative.be\/actualites\/","name":"Vie Associative","description":"","publisher":{"@id":"https:\/\/vieassociative.be\/actualites\/#organization"},"potentialAction":[{"@type":"SearchAction","target":{"@type":"EntryPoint","urlTemplate":"https:\/\/vieassociative.be\/actualites\/?s={search_term_string}"},"query-input":{"@type":"PropertyValueSpecification","valueRequired":true,"valueName":"search_term_string"}}],"inLanguage":"fr-BE"},{"@type":"Organization","@id":"https:\/\/vieassociative.be\/actualites\/#organization","name":"Vie Associative","url":"https:\/\/vieassociative.be\/actualites\/","logo":{"@type":"ImageObject","inLanguage":"fr-BE","@id":"https:\/\/vieassociative.be\/actualites\/#\/schema\/logo\/image\/","url":"https:\/\/vieassociative.be\/actualites\/wp-content\/uploads\/2024\/09\/cropped-vieassociative_favicon.ico.png","contentUrl":"https:\/\/vieassociative.be\/actualites\/wp-content\/uploads\/2024\/09\/cropped-vieassociative_favicon.ico.png","width":512,"height":512,"caption":"Vie Associative"},"image":{"@id":"https:\/\/vieassociative.be\/actualites\/#\/schema\/logo\/image\/"}},{"@type":"Person","@id":"https:\/\/vieassociative.be\/actualites\/#\/schema\/person\/b87ac4f82f9d4e7b7cec7395b679edc4","name":"Julien","image":{"@type":"ImageObject","inLanguage":"fr-BE","@id":"https:\/\/vieassociative.be\/actualites\/#\/schema\/person\/image\/","url":"https:\/\/vieassociative.be\/actualites\/wp-content\/uploads\/2024\/09\/vie-associative-1-150x150.jpg","contentUrl":"https:\/\/vieassociative.be\/actualites\/wp-content\/uploads\/2024\/09\/vie-associative-1-150x150.jpg","caption":"Julien"},"description":"Je suis Julien, r\u00e9dacteur pour Vie Associative. Passionn\u00e9 par le monde associatif depuis plus de 10 ans, j'ai \u00e0 c\u0153ur de partager des histoires inspirantes et de mettre en lumi\u00e8re les initiatives locales. Mon objectif est de sensibiliser et d'encourager l'engagement communautaire \u00e0 travers mes articles.","sameAs":["https:\/\/vieassociative.be\/"]}]}},"_links":{"self":[{"href":"https:\/\/vieassociative.be\/actualites\/wp-json\/wp\/v2\/posts\/2520"}],"collection":[{"href":"https:\/\/vieassociative.be\/actualites\/wp-json\/wp\/v2\/posts"}],"about":[{"href":"https:\/\/vieassociative.be\/actualites\/wp-json\/wp\/v2\/types\/post"}],"author":[{"embeddable":true,"href":"https:\/\/vieassociative.be\/actualites\/wp-json\/wp\/v2\/users\/1"}],"replies":[{"embeddable":true,"href":"https:\/\/vieassociative.be\/actualites\/wp-json\/wp\/v2\/comments?post=2520"}],"version-history":[{"count":0,"href":"https:\/\/vieassociative.be\/actualites\/wp-json\/wp\/v2\/posts\/2520\/revisions"}],"wp:featuredmedia":[{"embeddable":true,"href":"https:\/\/vieassociative.be\/actualites\/wp-json\/wp\/v2\/media\/2521"}],"wp:attachment":[{"href":"https:\/\/vieassociative.be\/actualites\/wp-json\/wp\/v2\/media?parent=2520"}],"wp:term":[{"taxonomy":"category","embeddable":true,"href":"https:\/\/vieassociative.be\/actualites\/wp-json\/wp\/v2\/categories?post=2520"},{"taxonomy":"post_tag","embeddable":true,"href":"https:\/\/vieassociative.be\/actualites\/wp-json\/wp\/v2\/tags?post=2520"}],"curies":[{"name":"wp","href":"https:\/\/api.w.org\/{rel}","templated":true}]}}