{"id":2516,"date":"2024-11-17T15:18:15","date_gmt":"2024-11-17T14:18:15","guid":{"rendered":"https:\/\/vieassociative.be\/actualites\/le-premier-ministre-paasch-lors-de-la-ceremonie-du-dg-day-nous-vivons-des-temps-difficiles-galerie-de-photos\/"},"modified":"2024-11-17T15:18:15","modified_gmt":"2024-11-17T14:18:15","slug":"le-premier-ministre-paasch-lors-de-la-ceremonie-du-dg-day-nous-vivons-des-temps-difficiles-galerie-de-photos","status":"publish","type":"post","link":"https:\/\/vieassociative.be\/actualites\/le-premier-ministre-paasch-lors-de-la-ceremonie-du-dg-day-nous-vivons-des-temps-difficiles-galerie-de-photos\/","title":{"rendered":"Le Premier ministre Paasch lors de la c\u00e9r\u00e9monie du DG Day : \u00ab Nous vivons des temps difficiles \u00bb (galerie de photos)"},"content":{"rendered":"<p><strong>Vendredi soir, lors de la c\u00e9r\u00e9monie du DG Day \u00e0 la Lontzen Hubertushalle (voir GALERIE DE PHOTOS \u00e0 la fin de l&rsquo;article), le Premier ministre Oliver Paasch (ProDG) a averti les Belges de l&rsquo;Est qu&rsquo;il y aurait des \u00ab moments difficiles \u00bb. \u00ab\u00a0Pour la premi\u00e8re fois depuis la Seconde Guerre mondiale, nous vivons une \u00e9poque o\u00f9 de nombreuses personnes craignent que leurs enfants ne soient un jour dans une situation pire qu&rsquo;eux\u00a0\u00bb, a d\u00e9clar\u00e9 Paasch.<\/strong><\/p>\n<p><span id=\"more-401875\"><\/span>Selon Paasch, nous vivons \u00e0 une \u00e9poque o\u00f9 beaucoup de gens ont peur de l\u2019avenir : \u00ab Ils doutent de la promesse de prosp\u00e9rit\u00e9 de l\u2019UE. Certains doutent \u00e9galement de la capacit\u00e9 d\u2019une d\u00e9mocratie lib\u00e9rale \u00e0 agir et \u00e0 r\u00e9soudre les probl\u00e8mes. Partout dans le monde, les populistes et les extr\u00e9mistes de droite \u00e9branlent les fondements de notre d\u00e9mocratie lib\u00e9rale et remettent en question les valeurs fondamentales.\u00bb<\/p>\n<div id=\"attachment_401963\" class=\"wp-caption alignleft\" style=\"max-width: 300px\"><img fetchpriority=\"high\" decoding=\"async\" class=\"wp-image-401963 size-medium\" src=\"https:\/\/vieassociative.be\/actualites\/wp-content\/uploads\/2024\/11\/Le-Premier-ministre-Paasch-lors-de-la-ceremonie-du-DG.jpg\" alt=\"\" width=\"300\" height=\"200\"  ><\/p>\n<p class=\"wp-caption-text\">Son premier jour de DG en tant que Pr\u00e9sidente du Parlement : Patricia Creutz (CSP) lors de la c\u00e9r\u00e9monie \u00e0 Lontzen. Photo : Patrick von Staufenberg<\/p>\n<\/div>\n<p>Dans son discours, Paasch a \u00e9galement \u00e9voqu\u00e9 bri\u00e8vement le r\u00e9sultat de l&rsquo;\u00e9lection pr\u00e9sidentielle aux \u00c9tats-Unis. \u00ab Le r\u00e9sultat de l\u2019\u00e9lection pr\u00e9sidentielle am\u00e9ricaine exercera tr\u00e8s probablement une pression suppl\u00e9mentaire sur l\u2019\u00e9conomie mondiale en raison des droits de douane et des conflits commerciaux. \u00ab Les \u00c9tats-Unis menacent \u00e9galement de r\u00e9duire leur aide \u00e0 l&rsquo;Ukraine et leurs contributions \u00e0 l&rsquo;OTAN, ce qui pourrait avoir de graves cons\u00e9quences sur la s\u00e9curit\u00e9, la stabilit\u00e9 et les finances publiques en Europe \u00bb, a d\u00e9clar\u00e9 le Premier ministre.<\/p>\n<p>Le chef du gouvernement a ensuite \u00e9voqu\u00e9 la proc\u00e9dure pour d\u00e9ficit excessif que l&rsquo;UE a engag\u00e9e contre la Belgique et qui aura \u00e9galement des cons\u00e9quences pour la DG. \u00ab\u00a0Si la Belgique ne soumet pas un budget d&rsquo;aust\u00e9rit\u00e9 cr\u00e9dible \u00e0 l&rsquo;UE d&rsquo;ici la fin de l&rsquo;ann\u00e9e, nous devrons nous attendre \u00e0 des cons\u00e9quences douloureuses.\u00a0\u00bb Paasch a \u00e9galement soulign\u00e9 que \u00ab\u00a0nous, en tant que DG, n&rsquo;avons pas provoqu\u00e9 toutes ces crises\u00a0\u00bb.<\/p>\n<div id=\"attachment_401964\" class=\"wp-caption alignleft\" style=\"max-width: 300px\"><img decoding=\"async\" class=\"wp-image-401964 size-medium\" src=\"https:\/\/vieassociative.be\/actualites\/wp-content\/uploads\/2024\/11\/1731853093_749_Le-Premier-ministre-Paasch-lors-de-la-ceremonie-du-DG.jpg\" alt=\"\" width=\"300\" height=\"200\"><\/p>\n<p class=\"wp-caption-text\">Cette fois, le maire de Lontzen, Patrick Thevissen, \u00e9tait l&rsquo;h\u00f4te. Photo : Patrick von Staufenberg<\/p>\n<\/div>\n<p>S&rsquo;en est suivi un hymne d&rsquo;\u00e9loge \u00e0 l&rsquo;intention de la DG : \u00ab Aujourd&rsquo;hui, nous faisons partie du TOP 3 des r\u00e9gions d&rsquo;Europe avec le taux de garde d&rsquo;enfants le plus \u00e9lev\u00e9 et pour cela, nous exigeons la plus faible participation parentale dans une comparaison \u00e0 l&rsquo;\u00e9chelle belge. Nous avons encore deux h\u00f4pitaux qui ne r\u00e9pondraient plus aux normes d\u2019entretien nulle part ailleurs au pays. Selon l&rsquo;Association des Familles, nous versons les allocations familiales les plus g\u00e9n\u00e9reuses. Nous offrons de loin les salaires les plus \u00e9lev\u00e9s dans le domaine des soins aux personnes \u00e2g\u00e9es. Nous finan\u00e7ons les salaires des enseignants les plus \u00e9lev\u00e9s de Belgique. Selon l&rsquo;OCDE, nous sommes l&rsquo;une des r\u00e9gions d&rsquo;Europe qui investit le plus dans l&rsquo;\u00e9ducation. Nous b\u00e9n\u00e9ficions tous de b\u00e2timents scolaires, de sites culturels, de salles des f\u00eates, d\u2019infrastructures sportives et de loisirs bien entretenus.<\/p>\n<p>Selon Paasch, il est d\u00e9sormais important de maintenir ces acquis. \u00ab L&rsquo;UE exige que la Belgique r\u00e9alise des \u00e9conomies de 28 milliards d&rsquo;euros sur les 4 \u00e0 7 prochaines ann\u00e9es. Il s\u2019agit d\u2019un effort colossal auquel nous, en tant que DG, devons participer. Dans le cas contraire, nous nous exposerons \u00e0 d\u2019\u00e9normes sanctions que nous ne pouvons gu\u00e8re nous permettre et qui nuiraient \u00e0 notre capacit\u00e9 d\u2019agir.\u00bb<\/p>\n<p>Paasch : \u00ab Nous devons \u00e9conomiser pour nous prot\u00e9ger des sanctions et conserver notre capacit\u00e9 d&rsquo;agir. \u00bb En bref, les citoyens de la DG sont confront\u00e9s \u00e0 certains d\u00e9fis. N\u00e9anmoins, le Premier ministre \u00e9tait confiant. \u00ab Nous devons \u00e9conomiser pour nous prot\u00e9ger des sanctions et conserver notre capacit\u00e9 d\u2019agir. \u00bb Il n\u2019y a aucune raison de se mettre la t\u00eate dans le sable. Notre communaut\u00e9 a surmont\u00e9 de nombreuses crises ; surtout au cours des quatre derni\u00e8res ann\u00e9es. Et nous le ferons cette fois aussi. Nous sommes peut-\u00eatre une petite communaut\u00e9, mais en m\u00eame temps nous sommes aussi une communaut\u00e9 extr\u00eamement solidaire et forte.<\/p>\n<p><em><strong>Vous trouverez ci-dessous une GALERIE DE PHOTOS avec des photos du photographe Patrick von Staufenberg lors de la c\u00e9r\u00e9monie du DG Day le vendredi 15 novembre 2024. Cliquez sur l&rsquo;image pour l&rsquo;agrandir\u00a0:<\/strong><\/em><\/p>\n<div class=\"wp-gallery row\">\n<figure class=\"column small-6 medium-3 end\"><img decoding=\"async\" src=\"https:\/\/vieassociative.be\/actualites\/wp-content\/uploads\/2024\/11\/1731853093_349_Le-Premier-ministre-Paasch-lors-de-la-ceremonie-du-DG.jpg\" width=\"159\" height=\"159\" alt=\"\"><\/figure>\n<figure class=\"column small-6 medium-3 end\"><img loading=\"lazy\" decoding=\"async\" src=\"https:\/\/vieassociative.be\/actualites\/wp-content\/uploads\/2024\/11\/1731853093_595_Le-Premier-ministre-Paasch-lors-de-la-ceremonie-du-DG.jpg\" width=\"159\" height=\"159\" alt=\"\"><\/figure>\n<figure class=\"column small-6 medium-3 end\"><img loading=\"lazy\" decoding=\"async\" src=\"https:\/\/vieassociative.be\/actualites\/wp-content\/uploads\/2024\/11\/1731853093_629_Le-Premier-ministre-Paasch-lors-de-la-ceremonie-du-DG.jpg\" width=\"159\" height=\"159\" alt=\"\"><\/figure>\n<figure class=\"column small-6 medium-3 end\"><img loading=\"lazy\" decoding=\"async\" src=\"https:\/\/vieassociative.be\/actualites\/wp-content\/uploads\/2024\/11\/1731853093_853_Le-Premier-ministre-Paasch-lors-de-la-ceremonie-du-DG.jpg\" width=\"159\" height=\"159\" alt=\"\"><\/figure>\n<figure class=\"column small-6 medium-3 end\"><img loading=\"lazy\" decoding=\"async\" src=\"https:\/\/vieassociative.be\/actualites\/wp-content\/uploads\/2024\/11\/1731853093_342_Le-Premier-ministre-Paasch-lors-de-la-ceremonie-du-DG.jpg\" width=\"159\" height=\"159\" alt=\"\"><\/figure>\n<figure class=\"column small-6 medium-3 end\"><img loading=\"lazy\" decoding=\"async\" src=\"https:\/\/vieassociative.be\/actualites\/wp-content\/uploads\/2024\/11\/1731853093_359_Le-Premier-ministre-Paasch-lors-de-la-ceremonie-du-DG.jpg\" width=\"159\" height=\"159\" alt=\"\"><\/figure>\n<figure class=\"column small-6 medium-3 end\"><img loading=\"lazy\" decoding=\"async\" src=\"https:\/\/vieassociative.be\/actualites\/wp-content\/uploads\/2024\/11\/1731853093_379_Le-Premier-ministre-Paasch-lors-de-la-ceremonie-du-DG.jpg\" width=\"159\" height=\"159\" alt=\"\"><\/figure>\n<figure class=\"column small-6 medium-3 end\"><img loading=\"lazy\" decoding=\"async\" src=\"https:\/\/vieassociative.be\/actualites\/wp-content\/uploads\/2024\/11\/1731853093_754_Le-Premier-ministre-Paasch-lors-de-la-ceremonie-du-DG.jpg\" width=\"159\" height=\"159\" alt=\"\"><\/figure>\n<figure class=\"column small-6 medium-3 end\"><img loading=\"lazy\" decoding=\"async\" src=\"https:\/\/vieassociative.be\/actualites\/wp-content\/uploads\/2024\/11\/1731853093_875_Le-Premier-ministre-Paasch-lors-de-la-ceremonie-du-DG.jpg\" width=\"159\" height=\"159\" alt=\"\"><\/figure>\n<figure class=\"column small-6 medium-3 end\"><img loading=\"lazy\" decoding=\"async\" src=\"https:\/\/vieassociative.be\/actualites\/wp-content\/uploads\/2024\/11\/1731853094_635_Le-Premier-ministre-Paasch-lors-de-la-ceremonie-du-DG.jpg\" width=\"159\" height=\"159\" alt=\"\"><\/figure>\n<figure class=\"column small-6 medium-3 end\"><img loading=\"lazy\" decoding=\"async\" src=\"https:\/\/vieassociative.be\/actualites\/wp-content\/uploads\/2024\/11\/1731853094_793_Le-Premier-ministre-Paasch-lors-de-la-ceremonie-du-DG.jpg\" width=\"159\" height=\"159\" alt=\"\"><\/figure>\n<figure class=\"column small-6 medium-3 end\"><img loading=\"lazy\" decoding=\"async\" src=\"https:\/\/vieassociative.be\/actualites\/wp-content\/uploads\/2024\/11\/1731853094_380_Le-Premier-ministre-Paasch-lors-de-la-ceremonie-du-DG.jpg\" width=\"159\" height=\"159\" alt=\"\"><\/figure>\n<figure class=\"column small-6 medium-3 end\"><img loading=\"lazy\" decoding=\"async\" src=\"https:\/\/vieassociative.be\/actualites\/wp-content\/uploads\/2024\/11\/1731853094_927_Le-Premier-ministre-Paasch-lors-de-la-ceremonie-du-DG.jpg\" width=\"159\" height=\"159\" alt=\"\"><\/figure>\n<figure class=\"column small-6 medium-3 end\"><img loading=\"lazy\" decoding=\"async\" src=\"https:\/\/vieassociative.be\/actualites\/wp-content\/uploads\/2024\/11\/1731853094_596_Le-Premier-ministre-Paasch-lors-de-la-ceremonie-du-DG.jpg\" width=\"159\" height=\"159\" alt=\"\"><\/figure>\n<figure class=\"column small-6 medium-3 end\"><img loading=\"lazy\" decoding=\"async\" src=\"https:\/\/vieassociative.be\/actualites\/wp-content\/uploads\/2024\/11\/1731853094_587_Le-Premier-ministre-Paasch-lors-de-la-ceremonie-du-DG.jpg\" width=\"159\" height=\"159\" alt=\"\"><\/figure>\n<figure class=\"column small-6 medium-3 end\"><img loading=\"lazy\" decoding=\"async\" src=\"https:\/\/vieassociative.be\/actualites\/wp-content\/uploads\/2024\/11\/1731853094_480_Le-Premier-ministre-Paasch-lors-de-la-ceremonie-du-DG.jpg\" width=\"159\" height=\"159\" alt=\"\"><\/figure>\n<figure class=\"column small-6 medium-3 end\"><img loading=\"lazy\" decoding=\"async\" src=\"https:\/\/vieassociative.be\/actualites\/wp-content\/uploads\/2024\/11\/1731853094_564_Le-Premier-ministre-Paasch-lors-de-la-ceremonie-du-DG.jpg\" width=\"159\" height=\"159\" alt=\"\"><\/figure>\n<figure class=\"column small-6 medium-3 end\"><img loading=\"lazy\" decoding=\"async\" src=\"https:\/\/vieassociative.be\/actualites\/wp-content\/uploads\/2024\/11\/1731853094_22_Le-Premier-ministre-Paasch-lors-de-la-ceremonie-du-DG.jpg\" width=\"159\" height=\"159\" alt=\"\"><\/figure>\n<figure class=\"column small-6 medium-3 end\"><img loading=\"lazy\" decoding=\"async\" src=\"https:\/\/vieassociative.be\/actualites\/wp-content\/uploads\/2024\/11\/1731853094_528_Le-Premier-ministre-Paasch-lors-de-la-ceremonie-du-DG.jpg\" width=\"159\" height=\"159\" alt=\"\"><\/figure>\n<figure class=\"column small-6 medium-3 end\"><img loading=\"lazy\" decoding=\"async\" src=\"https:\/\/vieassociative.be\/actualites\/wp-content\/uploads\/2024\/11\/1731853094_934_Le-Premier-ministre-Paasch-lors-de-la-ceremonie-du-DG.jpg\" width=\"159\" height=\"159\" alt=\"\"><\/figure>\n<figure class=\"column small-6 medium-3 end\"><img loading=\"lazy\" decoding=\"async\" src=\"https:\/\/vieassociative.be\/actualites\/wp-content\/uploads\/2024\/11\/1731853094_13_Le-Premier-ministre-Paasch-lors-de-la-ceremonie-du-DG.jpg\" width=\"159\" height=\"159\" alt=\"\"><\/figure>\n<figure class=\"column small-6 medium-3 end\"><img loading=\"lazy\" decoding=\"async\" src=\"https:\/\/vieassociative.be\/actualites\/wp-content\/uploads\/2024\/11\/1731853094_85_Le-Premier-ministre-Paasch-lors-de-la-ceremonie-du-DG.jpg\" width=\"159\" height=\"159\" alt=\"\"><\/figure>\n<figure class=\"column small-6 medium-3 end\"><img loading=\"lazy\" decoding=\"async\" src=\"https:\/\/vieassociative.be\/actualites\/wp-content\/uploads\/2024\/11\/1731853094_156_Le-Premier-ministre-Paasch-lors-de-la-ceremonie-du-DG.jpg\" width=\"159\" height=\"159\" alt=\"\"><\/figure>\n<figure class=\"column small-6 medium-3 end\"><img loading=\"lazy\" decoding=\"async\" src=\"https:\/\/vieassociative.be\/actualites\/wp-content\/uploads\/2024\/11\/1731853094_940_Le-Premier-ministre-Paasch-lors-de-la-ceremonie-du-DG.jpg\" width=\"159\" height=\"159\" alt=\"\"><\/figure>\n<figure class=\"column small-6 medium-3 end\"><img loading=\"lazy\" decoding=\"async\" src=\"https:\/\/vieassociative.be\/actualites\/wp-content\/uploads\/2024\/11\/1731853094_303_Le-Premier-ministre-Paasch-lors-de-la-ceremonie-du-DG.jpg\" width=\"159\" height=\"159\" alt=\"\"><\/figure>\n<figure class=\"column small-6 medium-3 end\"><img loading=\"lazy\" decoding=\"async\" src=\"https:\/\/vieassociative.be\/actualites\/wp-content\/uploads\/2024\/11\/1731853094_608_Le-Premier-ministre-Paasch-lors-de-la-ceremonie-du-DG.jpg\" width=\"159\" height=\"159\" alt=\"\"><\/figure>\n<figure class=\"column small-6 medium-3 end\"><img loading=\"lazy\" decoding=\"async\" src=\"https:\/\/vieassociative.be\/actualites\/wp-content\/uploads\/2024\/11\/1731853094_710_Le-Premier-ministre-Paasch-lors-de-la-ceremonie-du-DG.jpg\" width=\"159\" height=\"159\" alt=\"\"><\/figure>\n<figure class=\"column small-6 medium-3 end\"><img loading=\"lazy\" decoding=\"async\" src=\"https:\/\/vieassociative.be\/actualites\/wp-content\/uploads\/2024\/11\/1731853094_766_Le-Premier-ministre-Paasch-lors-de-la-ceremonie-du-DG.jpg\" width=\"159\" height=\"159\" alt=\"\"><\/figure>\n<figure class=\"column small-6 medium-3 end\"><img loading=\"lazy\" decoding=\"async\" src=\"https:\/\/vieassociative.be\/actualites\/wp-content\/uploads\/2024\/11\/1731853094_235_Le-Premier-ministre-Paasch-lors-de-la-ceremonie-du-DG.jpg\" width=\"159\" height=\"159\" alt=\"\"><\/figure>\n<figure class=\"column small-6 medium-3 end\"><img loading=\"lazy\" decoding=\"async\" src=\"https:\/\/vieassociative.be\/actualites\/wp-content\/uploads\/2024\/11\/1731853094_988_Le-Premier-ministre-Paasch-lors-de-la-ceremonie-du-DG.jpg\" width=\"159\" height=\"159\" alt=\"\"><\/figure>\n<figure class=\"column small-6 medium-3 end\"><img loading=\"lazy\" decoding=\"async\" src=\"https:\/\/vieassociative.be\/actualites\/wp-content\/uploads\/2024\/11\/1731853094_460_Le-Premier-ministre-Paasch-lors-de-la-ceremonie-du-DG.jpg\" width=\"159\" height=\"159\" alt=\"\"><\/figure>\n<figure class=\"column small-6 medium-3 end\"><img loading=\"lazy\" decoding=\"async\" src=\"https:\/\/vieassociative.be\/actualites\/wp-content\/uploads\/2024\/11\/1731853094_154_Le-Premier-ministre-Paasch-lors-de-la-ceremonie-du-DG.jpg\" width=\"159\" height=\"159\" alt=\"\"><\/figure>\n<figure class=\"column small-6 medium-3 end\"><img loading=\"lazy\" decoding=\"async\" src=\"https:\/\/vieassociative.be\/actualites\/wp-content\/uploads\/2024\/11\/1731853094_142_Le-Premier-ministre-Paasch-lors-de-la-ceremonie-du-DG.jpg\" width=\"159\" height=\"159\" alt=\"\"><\/figure>\n<figure class=\"column small-6 medium-3 end\"><img loading=\"lazy\" decoding=\"async\" src=\"https:\/\/vieassociative.be\/actualites\/wp-content\/uploads\/2024\/11\/1731853094_104_Le-Premier-ministre-Paasch-lors-de-la-ceremonie-du-DG.jpg\" width=\"159\" height=\"159\" alt=\"\"><\/figure>\n<figure class=\"column small-6 medium-3 end\"><img loading=\"lazy\" decoding=\"async\" src=\"https:\/\/vieassociative.be\/actualites\/wp-content\/uploads\/2024\/11\/1731853094_196_Le-Premier-ministre-Paasch-lors-de-la-ceremonie-du-DG.jpg\" width=\"159\" height=\"159\" alt=\"\"><\/figure>\n<figure class=\"column small-6 medium-3 end\"><img loading=\"lazy\" decoding=\"async\" src=\"https:\/\/vieassociative.be\/actualites\/wp-content\/uploads\/2024\/11\/1731853094_91_Le-Premier-ministre-Paasch-lors-de-la-ceremonie-du-DG.jpg\" width=\"159\" height=\"159\" alt=\"\"><\/figure>\n<figure class=\"column small-6 medium-3 end\"><img loading=\"lazy\" decoding=\"async\" src=\"https:\/\/vieassociative.be\/actualites\/wp-content\/uploads\/2024\/11\/1731853094_802_Le-Premier-ministre-Paasch-lors-de-la-ceremonie-du-DG.jpg\" width=\"159\" height=\"159\" alt=\"\"><\/figure>\n<figure class=\"column small-6 medium-3 end\"><img loading=\"lazy\" decoding=\"async\" src=\"https:\/\/vieassociative.be\/actualites\/wp-content\/uploads\/2024\/11\/1731853094_958_Le-Premier-ministre-Paasch-lors-de-la-ceremonie-du-DG.jpg\" width=\"159\" height=\"159\" alt=\"\"><\/figure>\n<figure class=\"column small-6 medium-3 end\"><img loading=\"lazy\" decoding=\"async\" src=\"https:\/\/vieassociative.be\/actualites\/wp-content\/uploads\/2024\/11\/1731853094_17_Le-Premier-ministre-Paasch-lors-de-la-ceremonie-du-DG.jpg\" width=\"159\" height=\"159\" alt=\"\"><\/figure>\n<figure class=\"column small-6 medium-3 end\"><img loading=\"lazy\" decoding=\"async\" src=\"https:\/\/vieassociative.be\/actualites\/wp-content\/uploads\/2024\/11\/1731853094_979_Le-Premier-ministre-Paasch-lors-de-la-ceremonie-du-DG.jpg\" width=\"159\" height=\"159\" alt=\"\"><\/figure>\n<figure class=\"column small-6 medium-3 end\"><img loading=\"lazy\" decoding=\"async\" src=\"https:\/\/vieassociative.be\/actualites\/wp-content\/uploads\/2024\/11\/1731853094_65_Le-Premier-ministre-Paasch-lors-de-la-ceremonie-du-DG.jpg\" width=\"159\" height=\"159\" alt=\"\"><\/figure>\n<figure class=\"column small-6 medium-3 end\"><img loading=\"lazy\" decoding=\"async\" src=\"https:\/\/vieassociative.be\/actualites\/wp-content\/uploads\/2024\/11\/1731853094_767_Le-Premier-ministre-Paasch-lors-de-la-ceremonie-du-DG.jpg\" width=\"159\" height=\"159\" alt=\"\"><\/figure>\n<figure class=\"column small-6 medium-3 end\"><img loading=\"lazy\" decoding=\"async\" src=\"https:\/\/vieassociative.be\/actualites\/wp-content\/uploads\/2024\/11\/1731853094_55_Le-Premier-ministre-Paasch-lors-de-la-ceremonie-du-DG.jpg\" width=\"159\" height=\"159\" alt=\"\"><\/figure>\n<figure class=\"column small-6 medium-3 end\"><img loading=\"lazy\" decoding=\"async\" src=\"https:\/\/vieassociative.be\/actualites\/wp-content\/uploads\/2024\/11\/1731853094_958_Le-Premier-ministre-Paasch-lors-de-la-ceremonie-du-DG.jpg\" width=\"159\" height=\"159\" alt=\"\"><\/figure>\n<figure class=\"column small-6 medium-3 end\"><img loading=\"lazy\" decoding=\"async\" src=\"https:\/\/vieassociative.be\/actualites\/wp-content\/uploads\/2024\/11\/1731853094_863_Le-Premier-ministre-Paasch-lors-de-la-ceremonie-du-DG.jpg\" width=\"159\" height=\"159\" alt=\"\"><\/figure>\n<figure class=\"column small-6 medium-3 end\"><img loading=\"lazy\" decoding=\"async\" src=\"https:\/\/vieassociative.be\/actualites\/wp-content\/uploads\/2024\/11\/1731853094_620_Le-Premier-ministre-Paasch-lors-de-la-ceremonie-du-DG.jpg\" width=\"159\" height=\"159\" alt=\"\"><\/figure>\n<figure class=\"column small-6 medium-3 end\"><img loading=\"lazy\" decoding=\"async\" src=\"https:\/\/vieassociative.be\/actualites\/wp-content\/uploads\/2024\/11\/1731853094_613_Le-Premier-ministre-Paasch-lors-de-la-ceremonie-du-DG.jpg\" width=\"159\" height=\"159\" alt=\"\"><\/figure>\n<figure class=\"column small-6 medium-3 end\"><img loading=\"lazy\" decoding=\"async\" src=\"https:\/\/vieassociative.be\/actualites\/wp-content\/uploads\/2024\/11\/1731853094_874_Le-Premier-ministre-Paasch-lors-de-la-ceremonie-du-DG.jpg\" width=\"159\" height=\"159\" alt=\"\"><\/figure>\n<figure class=\"column small-6 medium-3 end\"><img loading=\"lazy\" decoding=\"async\" src=\"https:\/\/vieassociative.be\/actualites\/wp-content\/uploads\/2024\/11\/1731853094_553_Le-Premier-ministre-Paasch-lors-de-la-ceremonie-du-DG.jpg\" width=\"159\" height=\"159\" alt=\"\"><\/figure>\n<figure class=\"column small-6 medium-3 end\"><img loading=\"lazy\" decoding=\"async\" src=\"https:\/\/vieassociative.be\/actualites\/wp-content\/uploads\/2024\/11\/1731853095_25_Le-Premier-ministre-Paasch-lors-de-la-ceremonie-du-DG.jpg\" width=\"159\" height=\"159\" alt=\"\"><\/figure>\n<figure class=\"column small-6 medium-3 end\"><img loading=\"lazy\" decoding=\"async\" src=\"https:\/\/vieassociative.be\/actualites\/wp-content\/uploads\/2024\/11\/1731853095_306_Le-Premier-ministre-Paasch-lors-de-la-ceremonie-du-DG.jpg\" width=\"159\" height=\"159\" alt=\"\"><\/figure>\n<figure class=\"column small-6 medium-3 end\"><img loading=\"lazy\" decoding=\"async\" src=\"https:\/\/vieassociative.be\/actualites\/wp-content\/uploads\/2024\/11\/1731853095_232_Le-Premier-ministre-Paasch-lors-de-la-ceremonie-du-DG.jpg\" width=\"159\" height=\"159\" alt=\"\"><\/figure>\n<figure class=\"column small-6 medium-3 end\"><img loading=\"lazy\" decoding=\"async\" src=\"https:\/\/vieassociative.be\/actualites\/wp-content\/uploads\/2024\/11\/1731853095_401_Le-Premier-ministre-Paasch-lors-de-la-ceremonie-du-DG.jpg\" width=\"159\" height=\"159\" alt=\"\"><\/figure>\n<figure class=\"column small-6 medium-3 end\"><img loading=\"lazy\" decoding=\"async\" src=\"https:\/\/vieassociative.be\/actualites\/wp-content\/uploads\/2024\/11\/1731853095_576_Le-Premier-ministre-Paasch-lors-de-la-ceremonie-du-DG.jpg\" width=\"159\" height=\"159\" alt=\"\"><\/figure>\n<figure class=\"column small-6 medium-3 end\"><img loading=\"lazy\" decoding=\"async\" src=\"https:\/\/vieassociative.be\/actualites\/wp-content\/uploads\/2024\/11\/1731853095_536_Le-Premier-ministre-Paasch-lors-de-la-ceremonie-du-DG.jpg\" width=\"159\" height=\"159\" alt=\"\"><\/figure>\n<figure class=\"column small-6 medium-3 end\"><img loading=\"lazy\" decoding=\"async\" src=\"https:\/\/vieassociative.be\/actualites\/wp-content\/uploads\/2024\/11\/1731853095_618_Le-Premier-ministre-Paasch-lors-de-la-ceremonie-du-DG.jpg\" width=\"159\" height=\"159\" alt=\"\"><\/figure>\n<figure class=\"column small-6 medium-3 end\"><img loading=\"lazy\" decoding=\"async\" src=\"https:\/\/vieassociative.be\/actualites\/wp-content\/uploads\/2024\/11\/1731853095_546_Le-Premier-ministre-Paasch-lors-de-la-ceremonie-du-DG.jpg\" width=\"159\" height=\"159\" alt=\"\"><\/figure>\n<figure class=\"column small-6 medium-3 end\"><img loading=\"lazy\" decoding=\"async\" src=\"https:\/\/vieassociative.be\/actualites\/wp-content\/uploads\/2024\/11\/1731853095_191_Le-Premier-ministre-Paasch-lors-de-la-ceremonie-du-DG.jpg\" width=\"159\" height=\"159\" alt=\"\"><\/figure>\n<figure class=\"column small-6 medium-3 end\"><img loading=\"lazy\" decoding=\"async\" src=\"https:\/\/vieassociative.be\/actualites\/wp-content\/uploads\/2024\/11\/1731853095_127_Le-Premier-ministre-Paasch-lors-de-la-ceremonie-du-DG.jpg\" width=\"159\" height=\"159\" alt=\"\"><\/figure>\n<figure class=\"column small-6 medium-3 end\"><img loading=\"lazy\" decoding=\"async\" src=\"https:\/\/vieassociative.be\/actualites\/wp-content\/uploads\/2024\/11\/1731853095_900_Le-Premier-ministre-Paasch-lors-de-la-ceremonie-du-DG.jpg\" width=\"159\" height=\"159\" alt=\"\"><\/figure>\n<figure class=\"column small-6 medium-3 end\"><img loading=\"lazy\" decoding=\"async\" src=\"https:\/\/vieassociative.be\/actualites\/wp-content\/uploads\/2024\/11\/1731853095_654_Le-Premier-ministre-Paasch-lors-de-la-ceremonie-du-DG.jpg\" width=\"159\" height=\"159\" alt=\"\"><\/figure>\n<figure class=\"column small-6 medium-3 end\"><img loading=\"lazy\" decoding=\"async\" src=\"https:\/\/vieassociative.be\/actualites\/wp-content\/uploads\/2024\/11\/1731853095_116_Le-Premier-ministre-Paasch-lors-de-la-ceremonie-du-DG.jpg\" width=\"159\" height=\"159\" alt=\"\"><\/figure>\n<figure class=\"column small-6 medium-3 end\"><img loading=\"lazy\" decoding=\"async\" src=\"https:\/\/vieassociative.be\/actualites\/wp-content\/uploads\/2024\/11\/1731853095_122_Le-Premier-ministre-Paasch-lors-de-la-ceremonie-du-DG.jpg\" width=\"159\" height=\"159\" alt=\"\"><\/figure>\n<figure class=\"column small-6 medium-3 end\"><img loading=\"lazy\" decoding=\"async\" src=\"https:\/\/vieassociative.be\/actualites\/wp-content\/uploads\/2024\/11\/1731853095_670_Le-Premier-ministre-Paasch-lors-de-la-ceremonie-du-DG.jpg\" width=\"159\" height=\"159\" alt=\"\"><\/figure>\n<figure class=\"column small-6 medium-3 end\"><img loading=\"lazy\" decoding=\"async\" src=\"https:\/\/vieassociative.be\/actualites\/wp-content\/uploads\/2024\/11\/1731853095_648_Le-Premier-ministre-Paasch-lors-de-la-ceremonie-du-DG.jpg\" width=\"159\" height=\"159\" alt=\"\"><\/figure>\n<figure class=\"column small-6 medium-3 end\"><img loading=\"lazy\" decoding=\"async\" src=\"https:\/\/vieassociative.be\/actualites\/wp-content\/uploads\/2024\/11\/1731853095_541_Le-Premier-ministre-Paasch-lors-de-la-ceremonie-du-DG.jpg\" width=\"159\" height=\"159\" alt=\"\"><\/figure>\n<figure class=\"column small-6 medium-3 end\"><img loading=\"lazy\" decoding=\"async\" src=\"https:\/\/vieassociative.be\/actualites\/wp-content\/uploads\/2024\/11\/1731853095_853_Le-Premier-ministre-Paasch-lors-de-la-ceremonie-du-DG.jpg\" width=\"159\" height=\"159\" alt=\"\"><\/figure>\n<figure class=\"column small-6 medium-3 end\"><img loading=\"lazy\" decoding=\"async\" src=\"https:\/\/vieassociative.be\/actualites\/wp-content\/uploads\/2024\/11\/1731853095_714_Le-Premier-ministre-Paasch-lors-de-la-ceremonie-du-DG.jpg\" width=\"159\" height=\"159\" alt=\"\"><\/figure>\n<\/div>\n","protected":false},"excerpt":{"rendered":"<p>Vendredi soir, lors de la c\u00e9r\u00e9monie du DG Day \u00e0 la Lontzen Hubertushalle (voir GALERIE DE PHOTOS \u00e0 la fin de l&rsquo;article), le Premier ministre<\/p>\n","protected":false},"author":1,"featured_media":2517,"comment_status":"","ping_status":"","sticky":false,"template":"","format":"standard","meta":{"footnotes":""},"categories":[298],"tags":[3254,347,29,3256,3257,353,1245,393,2553,283,443,790,3255],"class_list":["post-2516","post","type-post","status-publish","format-standard","has-post-thumbnail","hentry","category-belgique","tag-ceremonie","tag-day","tag-des","tag-difficiles","tag-galerie","tag-lors","tag-ministre","tag-nous","tag-paasch","tag-photos","tag-premier","tag-temps","tag-vivons","generate-columns","tablet-grid-50","mobile-grid-100","grid-parent","grid-33"],"yoast_head":"<!-- This site is optimized with the Yoast SEO plugin v24.0 - https:\/\/yoast.com\/wordpress\/plugins\/seo\/ -->\n<title>Le Premier ministre Paasch lors de la c\u00e9r\u00e9monie du DG Day : \u00ab Nous vivons des temps difficiles \u00bb (galerie de photos) | Vie Associative<\/title>\n<meta name=\"robots\" content=\"index, follow, max-snippet:-1, max-image-preview:large, max-video-preview:-1\" \/>\n<link rel=\"canonical\" href=\"https:\/\/vieassociative.be\/actualites\/le-premier-ministre-paasch-lors-de-la-ceremonie-du-dg-day-nous-vivons-des-temps-difficiles-galerie-de-photos\/\" \/>\n<meta property=\"og:locale\" content=\"fr_FR\" \/>\n<meta property=\"og:type\" content=\"article\" \/>\n<meta property=\"og:title\" content=\"Le Premier ministre Paasch lors de la c\u00e9r\u00e9monie du DG Day : \u00ab Nous vivons des temps difficiles \u00bb (galerie de photos) | Vie Associative\" \/>\n<meta property=\"og:description\" content=\"Vendredi soir, lors de la c\u00e9r\u00e9monie du DG Day \u00e0 la Lontzen Hubertushalle (voir GALERIE DE PHOTOS \u00e0 la fin de l&rsquo;article), le Premier ministre\" \/>\n<meta property=\"og:url\" content=\"https:\/\/vieassociative.be\/actualites\/le-premier-ministre-paasch-lors-de-la-ceremonie-du-dg-day-nous-vivons-des-temps-difficiles-galerie-de-photos\/\" \/>\n<meta property=\"og:site_name\" content=\"Vie Associative\" \/>\n<meta property=\"article:published_time\" content=\"2024-11-17T14:18:15+00:00\" \/>\n<meta property=\"og:image\" content=\"https:\/\/vieassociative.be\/actualites\/wp-content\/uploads\/2024\/11\/Le-Premier-ministre-Paasch-lors-de-la-ceremonie-du-DG.jpg\" \/>\n<meta name=\"author\" content=\"Julien\" \/>\n<meta name=\"twitter:card\" content=\"summary_large_image\" \/>\n<meta name=\"twitter:label1\" content=\"\u00c9crit par\" \/>\n\t<meta name=\"twitter:data1\" content=\"Julien\" \/>\n\t<meta name=\"twitter:label2\" content=\"Dur\u00e9e de lecture est.\" \/>\n\t<meta name=\"twitter:data2\" content=\"4 minutes\" \/>\n<script type=\"application\/ld+json\" class=\"yoast-schema-graph\">{\"@context\":\"https:\/\/schema.org\",\"@graph\":[{\"@type\":\"Article\",\"@id\":\"https:\/\/vieassociative.be\/actualites\/le-premier-ministre-paasch-lors-de-la-ceremonie-du-dg-day-nous-vivons-des-temps-difficiles-galerie-de-photos\/#article\",\"isPartOf\":{\"@id\":\"https:\/\/vieassociative.be\/actualites\/le-premier-ministre-paasch-lors-de-la-ceremonie-du-dg-day-nous-vivons-des-temps-difficiles-galerie-de-photos\/\"},\"author\":{\"name\":\"Julien\",\"@id\":\"https:\/\/vieassociative.be\/actualites\/#\/schema\/person\/b87ac4f82f9d4e7b7cec7395b679edc4\"},\"headline\":\"Le Premier ministre Paasch lors de la c\u00e9r\u00e9monie du DG Day : \u00ab Nous vivons des temps difficiles \u00bb (galerie de photos)\",\"datePublished\":\"2024-11-17T14:18:15+00:00\",\"dateModified\":\"2024-11-17T14:18:15+00:00\",\"mainEntityOfPage\":{\"@id\":\"https:\/\/vieassociative.be\/actualites\/le-premier-ministre-paasch-lors-de-la-ceremonie-du-dg-day-nous-vivons-des-temps-difficiles-galerie-de-photos\/\"},\"wordCount\":766,\"publisher\":{\"@id\":\"https:\/\/vieassociative.be\/actualites\/#organization\"},\"image\":{\"@id\":\"https:\/\/vieassociative.be\/actualites\/le-premier-ministre-paasch-lors-de-la-ceremonie-du-dg-day-nous-vivons-des-temps-difficiles-galerie-de-photos\/#primaryimage\"},\"thumbnailUrl\":\"https:\/\/vieassociative.be\/actualites\/wp-content\/uploads\/2024\/11\/1731853096_Le-Premier-ministre-Paasch-lors-de-la-ceremonie-du-DG.jpg\",\"keywords\":[\"c\u00e9r\u00e9monie\",\"Day\",\"Des\",\"difficiles\",\"galerie\",\"lors\",\"ministre\",\"nous\",\"Paasch\",\"Photos\",\"premier\",\"temps\",\"vivons\"],\"articleSection\":[\"Belgique\"],\"inLanguage\":\"fr-BE\"},{\"@type\":\"WebPage\",\"@id\":\"https:\/\/vieassociative.be\/actualites\/le-premier-ministre-paasch-lors-de-la-ceremonie-du-dg-day-nous-vivons-des-temps-difficiles-galerie-de-photos\/\",\"url\":\"https:\/\/vieassociative.be\/actualites\/le-premier-ministre-paasch-lors-de-la-ceremonie-du-dg-day-nous-vivons-des-temps-difficiles-galerie-de-photos\/\",\"name\":\"Le Premier ministre Paasch lors de la c\u00e9r\u00e9monie du DG Day : \u00ab Nous vivons des temps difficiles \u00bb (galerie de photos) | Vie Associative\",\"isPartOf\":{\"@id\":\"https:\/\/vieassociative.be\/actualites\/#website\"},\"primaryImageOfPage\":{\"@id\":\"https:\/\/vieassociative.be\/actualites\/le-premier-ministre-paasch-lors-de-la-ceremonie-du-dg-day-nous-vivons-des-temps-difficiles-galerie-de-photos\/#primaryimage\"},\"image\":{\"@id\":\"https:\/\/vieassociative.be\/actualites\/le-premier-ministre-paasch-lors-de-la-ceremonie-du-dg-day-nous-vivons-des-temps-difficiles-galerie-de-photos\/#primaryimage\"},\"thumbnailUrl\":\"https:\/\/vieassociative.be\/actualites\/wp-content\/uploads\/2024\/11\/1731853096_Le-Premier-ministre-Paasch-lors-de-la-ceremonie-du-DG.jpg\",\"datePublished\":\"2024-11-17T14:18:15+00:00\",\"dateModified\":\"2024-11-17T14:18:15+00:00\",\"breadcrumb\":{\"@id\":\"https:\/\/vieassociative.be\/actualites\/le-premier-ministre-paasch-lors-de-la-ceremonie-du-dg-day-nous-vivons-des-temps-difficiles-galerie-de-photos\/#breadcrumb\"},\"inLanguage\":\"fr-BE\",\"potentialAction\":[{\"@type\":\"ReadAction\",\"target\":[\"https:\/\/vieassociative.be\/actualites\/le-premier-ministre-paasch-lors-de-la-ceremonie-du-dg-day-nous-vivons-des-temps-difficiles-galerie-de-photos\/\"]}]},{\"@type\":\"ImageObject\",\"inLanguage\":\"fr-BE\",\"@id\":\"https:\/\/vieassociative.be\/actualites\/le-premier-ministre-paasch-lors-de-la-ceremonie-du-dg-day-nous-vivons-des-temps-difficiles-galerie-de-photos\/#primaryimage\",\"url\":\"https:\/\/vieassociative.be\/actualites\/wp-content\/uploads\/2024\/11\/1731853096_Le-Premier-ministre-Paasch-lors-de-la-ceremonie-du-DG.jpg\",\"contentUrl\":\"https:\/\/vieassociative.be\/actualites\/wp-content\/uploads\/2024\/11\/1731853096_Le-Premier-ministre-Paasch-lors-de-la-ceremonie-du-DG.jpg\",\"width\":2560,\"height\":1711,\"caption\":\"Le Premier ministre Paasch lors de la c\u00e9r\u00e9monie du DG Day : \u00ab Nous vivons des temps difficiles \u00bb (galerie de photos)\"},{\"@type\":\"BreadcrumbList\",\"@id\":\"https:\/\/vieassociative.be\/actualites\/le-premier-ministre-paasch-lors-de-la-ceremonie-du-dg-day-nous-vivons-des-temps-difficiles-galerie-de-photos\/#breadcrumb\",\"itemListElement\":[{\"@type\":\"ListItem\",\"position\":1,\"name\":\"Accueil\",\"item\":\"https:\/\/vieassociative.be\/actualites\/\"},{\"@type\":\"ListItem\",\"position\":2,\"name\":\"Le Premier ministre Paasch lors de la c\u00e9r\u00e9monie du DG Day : \u00ab Nous vivons des temps difficiles \u00bb (galerie de photos)\"}]},{\"@type\":\"WebSite\",\"@id\":\"https:\/\/vieassociative.be\/actualites\/#website\",\"url\":\"https:\/\/vieassociative.be\/actualites\/\",\"name\":\"Vie Associative\",\"description\":\"\",\"publisher\":{\"@id\":\"https:\/\/vieassociative.be\/actualites\/#organization\"},\"potentialAction\":[{\"@type\":\"SearchAction\",\"target\":{\"@type\":\"EntryPoint\",\"urlTemplate\":\"https:\/\/vieassociative.be\/actualites\/?s={search_term_string}\"},\"query-input\":{\"@type\":\"PropertyValueSpecification\",\"valueRequired\":true,\"valueName\":\"search_term_string\"}}],\"inLanguage\":\"fr-BE\"},{\"@type\":\"Organization\",\"@id\":\"https:\/\/vieassociative.be\/actualites\/#organization\",\"name\":\"Vie Associative\",\"url\":\"https:\/\/vieassociative.be\/actualites\/\",\"logo\":{\"@type\":\"ImageObject\",\"inLanguage\":\"fr-BE\",\"@id\":\"https:\/\/vieassociative.be\/actualites\/#\/schema\/logo\/image\/\",\"url\":\"https:\/\/vieassociative.be\/actualites\/wp-content\/uploads\/2024\/09\/cropped-vieassociative_favicon.ico.png\",\"contentUrl\":\"https:\/\/vieassociative.be\/actualites\/wp-content\/uploads\/2024\/09\/cropped-vieassociative_favicon.ico.png\",\"width\":512,\"height\":512,\"caption\":\"Vie Associative\"},\"image\":{\"@id\":\"https:\/\/vieassociative.be\/actualites\/#\/schema\/logo\/image\/\"}},{\"@type\":\"Person\",\"@id\":\"https:\/\/vieassociative.be\/actualites\/#\/schema\/person\/b87ac4f82f9d4e7b7cec7395b679edc4\",\"name\":\"Julien\",\"image\":{\"@type\":\"ImageObject\",\"inLanguage\":\"fr-BE\",\"@id\":\"https:\/\/vieassociative.be\/actualites\/#\/schema\/person\/image\/\",\"url\":\"https:\/\/vieassociative.be\/actualites\/wp-content\/uploads\/2024\/09\/vie-associative-1-150x150.jpg\",\"contentUrl\":\"https:\/\/vieassociative.be\/actualites\/wp-content\/uploads\/2024\/09\/vie-associative-1-150x150.jpg\",\"caption\":\"Julien\"},\"description\":\"Je suis Julien, r\u00e9dacteur pour Vie Associative. Passionn\u00e9 par le monde associatif depuis plus de 10 ans, j'ai \u00e0 c\u0153ur de partager des histoires inspirantes et de mettre en lumi\u00e8re les initiatives locales. Mon objectif est de sensibiliser et d'encourager l'engagement communautaire \u00e0 travers mes articles.\",\"sameAs\":[\"https:\/\/vieassociative.be\/\"]}]}<\/script>\n<!-- \/ Yoast SEO plugin. -->","yoast_head_json":{"title":"Le Premier ministre Paasch lors de la c\u00e9r\u00e9monie du DG Day : \u00ab Nous vivons des temps difficiles \u00bb (galerie de photos) | Vie Associative","robots":{"index":"index","follow":"follow","max-snippet":"max-snippet:-1","max-image-preview":"max-image-preview:large","max-video-preview":"max-video-preview:-1"},"canonical":"https:\/\/vieassociative.be\/actualites\/le-premier-ministre-paasch-lors-de-la-ceremonie-du-dg-day-nous-vivons-des-temps-difficiles-galerie-de-photos\/","og_locale":"fr_FR","og_type":"article","og_title":"Le Premier ministre Paasch lors de la c\u00e9r\u00e9monie du DG Day : \u00ab Nous vivons des temps difficiles \u00bb (galerie de photos) | Vie Associative","og_description":"Vendredi soir, lors de la c\u00e9r\u00e9monie du DG Day \u00e0 la Lontzen Hubertushalle (voir GALERIE DE PHOTOS \u00e0 la fin de l&rsquo;article), le Premier ministre","og_url":"https:\/\/vieassociative.be\/actualites\/le-premier-ministre-paasch-lors-de-la-ceremonie-du-dg-day-nous-vivons-des-temps-difficiles-galerie-de-photos\/","og_site_name":"Vie Associative","article_published_time":"2024-11-17T14:18:15+00:00","og_image":[{"url":"https:\/\/vieassociative.be\/actualites\/wp-content\/uploads\/2024\/11\/Le-Premier-ministre-Paasch-lors-de-la-ceremonie-du-DG.jpg","type":"","width":"","height":""}],"author":"Julien","twitter_card":"summary_large_image","twitter_misc":{"\u00c9crit par":"Julien","Dur\u00e9e de lecture est.":"4 minutes"},"schema":{"@context":"https:\/\/schema.org","@graph":[{"@type":"Article","@id":"https:\/\/vieassociative.be\/actualites\/le-premier-ministre-paasch-lors-de-la-ceremonie-du-dg-day-nous-vivons-des-temps-difficiles-galerie-de-photos\/#article","isPartOf":{"@id":"https:\/\/vieassociative.be\/actualites\/le-premier-ministre-paasch-lors-de-la-ceremonie-du-dg-day-nous-vivons-des-temps-difficiles-galerie-de-photos\/"},"author":{"name":"Julien","@id":"https:\/\/vieassociative.be\/actualites\/#\/schema\/person\/b87ac4f82f9d4e7b7cec7395b679edc4"},"headline":"Le Premier ministre Paasch lors de la c\u00e9r\u00e9monie du DG Day : \u00ab Nous vivons des temps difficiles \u00bb (galerie de photos)","datePublished":"2024-11-17T14:18:15+00:00","dateModified":"2024-11-17T14:18:15+00:00","mainEntityOfPage":{"@id":"https:\/\/vieassociative.be\/actualites\/le-premier-ministre-paasch-lors-de-la-ceremonie-du-dg-day-nous-vivons-des-temps-difficiles-galerie-de-photos\/"},"wordCount":766,"publisher":{"@id":"https:\/\/vieassociative.be\/actualites\/#organization"},"image":{"@id":"https:\/\/vieassociative.be\/actualites\/le-premier-ministre-paasch-lors-de-la-ceremonie-du-dg-day-nous-vivons-des-temps-difficiles-galerie-de-photos\/#primaryimage"},"thumbnailUrl":"https:\/\/vieassociative.be\/actualites\/wp-content\/uploads\/2024\/11\/1731853096_Le-Premier-ministre-Paasch-lors-de-la-ceremonie-du-DG.jpg","keywords":["c\u00e9r\u00e9monie","Day","Des","difficiles","galerie","lors","ministre","nous","Paasch","Photos","premier","temps","vivons"],"articleSection":["Belgique"],"inLanguage":"fr-BE"},{"@type":"WebPage","@id":"https:\/\/vieassociative.be\/actualites\/le-premier-ministre-paasch-lors-de-la-ceremonie-du-dg-day-nous-vivons-des-temps-difficiles-galerie-de-photos\/","url":"https:\/\/vieassociative.be\/actualites\/le-premier-ministre-paasch-lors-de-la-ceremonie-du-dg-day-nous-vivons-des-temps-difficiles-galerie-de-photos\/","name":"Le Premier ministre Paasch lors de la c\u00e9r\u00e9monie du DG Day : \u00ab Nous vivons des temps difficiles \u00bb (galerie de photos) | Vie Associative","isPartOf":{"@id":"https:\/\/vieassociative.be\/actualites\/#website"},"primaryImageOfPage":{"@id":"https:\/\/vieassociative.be\/actualites\/le-premier-ministre-paasch-lors-de-la-ceremonie-du-dg-day-nous-vivons-des-temps-difficiles-galerie-de-photos\/#primaryimage"},"image":{"@id":"https:\/\/vieassociative.be\/actualites\/le-premier-ministre-paasch-lors-de-la-ceremonie-du-dg-day-nous-vivons-des-temps-difficiles-galerie-de-photos\/#primaryimage"},"thumbnailUrl":"https:\/\/vieassociative.be\/actualites\/wp-content\/uploads\/2024\/11\/1731853096_Le-Premier-ministre-Paasch-lors-de-la-ceremonie-du-DG.jpg","datePublished":"2024-11-17T14:18:15+00:00","dateModified":"2024-11-17T14:18:15+00:00","breadcrumb":{"@id":"https:\/\/vieassociative.be\/actualites\/le-premier-ministre-paasch-lors-de-la-ceremonie-du-dg-day-nous-vivons-des-temps-difficiles-galerie-de-photos\/#breadcrumb"},"inLanguage":"fr-BE","potentialAction":[{"@type":"ReadAction","target":["https:\/\/vieassociative.be\/actualites\/le-premier-ministre-paasch-lors-de-la-ceremonie-du-dg-day-nous-vivons-des-temps-difficiles-galerie-de-photos\/"]}]},{"@type":"ImageObject","inLanguage":"fr-BE","@id":"https:\/\/vieassociative.be\/actualites\/le-premier-ministre-paasch-lors-de-la-ceremonie-du-dg-day-nous-vivons-des-temps-difficiles-galerie-de-photos\/#primaryimage","url":"https:\/\/vieassociative.be\/actualites\/wp-content\/uploads\/2024\/11\/1731853096_Le-Premier-ministre-Paasch-lors-de-la-ceremonie-du-DG.jpg","contentUrl":"https:\/\/vieassociative.be\/actualites\/wp-content\/uploads\/2024\/11\/1731853096_Le-Premier-ministre-Paasch-lors-de-la-ceremonie-du-DG.jpg","width":2560,"height":1711,"caption":"Le Premier ministre Paasch lors de la c\u00e9r\u00e9monie du DG Day : \u00ab Nous vivons des temps difficiles \u00bb (galerie de photos)"},{"@type":"BreadcrumbList","@id":"https:\/\/vieassociative.be\/actualites\/le-premier-ministre-paasch-lors-de-la-ceremonie-du-dg-day-nous-vivons-des-temps-difficiles-galerie-de-photos\/#breadcrumb","itemListElement":[{"@type":"ListItem","position":1,"name":"Accueil","item":"https:\/\/vieassociative.be\/actualites\/"},{"@type":"ListItem","position":2,"name":"Le Premier ministre Paasch lors de la c\u00e9r\u00e9monie du DG Day : \u00ab Nous vivons des temps difficiles \u00bb (galerie de photos)"}]},{"@type":"WebSite","@id":"https:\/\/vieassociative.be\/actualites\/#website","url":"https:\/\/vieassociative.be\/actualites\/","name":"Vie Associative","description":"","publisher":{"@id":"https:\/\/vieassociative.be\/actualites\/#organization"},"potentialAction":[{"@type":"SearchAction","target":{"@type":"EntryPoint","urlTemplate":"https:\/\/vieassociative.be\/actualites\/?s={search_term_string}"},"query-input":{"@type":"PropertyValueSpecification","valueRequired":true,"valueName":"search_term_string"}}],"inLanguage":"fr-BE"},{"@type":"Organization","@id":"https:\/\/vieassociative.be\/actualites\/#organization","name":"Vie Associative","url":"https:\/\/vieassociative.be\/actualites\/","logo":{"@type":"ImageObject","inLanguage":"fr-BE","@id":"https:\/\/vieassociative.be\/actualites\/#\/schema\/logo\/image\/","url":"https:\/\/vieassociative.be\/actualites\/wp-content\/uploads\/2024\/09\/cropped-vieassociative_favicon.ico.png","contentUrl":"https:\/\/vieassociative.be\/actualites\/wp-content\/uploads\/2024\/09\/cropped-vieassociative_favicon.ico.png","width":512,"height":512,"caption":"Vie Associative"},"image":{"@id":"https:\/\/vieassociative.be\/actualites\/#\/schema\/logo\/image\/"}},{"@type":"Person","@id":"https:\/\/vieassociative.be\/actualites\/#\/schema\/person\/b87ac4f82f9d4e7b7cec7395b679edc4","name":"Julien","image":{"@type":"ImageObject","inLanguage":"fr-BE","@id":"https:\/\/vieassociative.be\/actualites\/#\/schema\/person\/image\/","url":"https:\/\/vieassociative.be\/actualites\/wp-content\/uploads\/2024\/09\/vie-associative-1-150x150.jpg","contentUrl":"https:\/\/vieassociative.be\/actualites\/wp-content\/uploads\/2024\/09\/vie-associative-1-150x150.jpg","caption":"Julien"},"description":"Je suis Julien, r\u00e9dacteur pour Vie Associative. Passionn\u00e9 par le monde associatif depuis plus de 10 ans, j'ai \u00e0 c\u0153ur de partager des histoires inspirantes et de mettre en lumi\u00e8re les initiatives locales. Mon objectif est de sensibiliser et d'encourager l'engagement communautaire \u00e0 travers mes articles.","sameAs":["https:\/\/vieassociative.be\/"]}]}},"_links":{"self":[{"href":"https:\/\/vieassociative.be\/actualites\/wp-json\/wp\/v2\/posts\/2516"}],"collection":[{"href":"https:\/\/vieassociative.be\/actualites\/wp-json\/wp\/v2\/posts"}],"about":[{"href":"https:\/\/vieassociative.be\/actualites\/wp-json\/wp\/v2\/types\/post"}],"author":[{"embeddable":true,"href":"https:\/\/vieassociative.be\/actualites\/wp-json\/wp\/v2\/users\/1"}],"replies":[{"embeddable":true,"href":"https:\/\/vieassociative.be\/actualites\/wp-json\/wp\/v2\/comments?post=2516"}],"version-history":[{"count":0,"href":"https:\/\/vieassociative.be\/actualites\/wp-json\/wp\/v2\/posts\/2516\/revisions"}],"wp:featuredmedia":[{"embeddable":true,"href":"https:\/\/vieassociative.be\/actualites\/wp-json\/wp\/v2\/media\/2517"}],"wp:attachment":[{"href":"https:\/\/vieassociative.be\/actualites\/wp-json\/wp\/v2\/media?parent=2516"}],"wp:term":[{"taxonomy":"category","embeddable":true,"href":"https:\/\/vieassociative.be\/actualites\/wp-json\/wp\/v2\/categories?post=2516"},{"taxonomy":"post_tag","embeddable":true,"href":"https:\/\/vieassociative.be\/actualites\/wp-json\/wp\/v2\/tags?post=2516"}],"curies":[{"name":"wp","href":"https:\/\/api.w.org\/{rel}","templated":true}]}}