{"id":2510,"date":"2024-11-17T12:18:03","date_gmt":"2024-11-17T11:18:03","guid":{"rendered":"https:\/\/vieassociative.be\/actualites\/comment-elever-votre-enfant-a-travers-ces-quatre-etapes-de-ladolescence\/"},"modified":"2024-11-17T12:18:03","modified_gmt":"2024-11-17T11:18:03","slug":"comment-elever-votre-enfant-a-travers-ces-quatre-etapes-de-ladolescence","status":"publish","type":"post","link":"https:\/\/vieassociative.be\/actualites\/comment-elever-votre-enfant-a-travers-ces-quatre-etapes-de-ladolescence\/","title":{"rendered":"Comment \u00e9lever votre enfant \u00e0 travers ces quatre \u00e9tapes de l&rsquo;adolescence"},"content":{"rendered":"<div class=\"mt-4 leading-6 md:mb-8\">Il existe quatre \u00ab\u00a0libert\u00e9s\u00a0\u00bb que les enfants devront exp\u00e9rimenter dans leur qu\u00eate pour devenir adultes.<\/div>\n<p><\/p>\n<p>C&rsquo;est peut-\u00eatre \u00e0 cause des longues nuits blanches ou des crises de col\u00e8re interminables, mais de nombreux nouveaux parents croient que les journ\u00e9es les plus exigeantes du r\u00f4le parental se situent dans les premi\u00e8res ann\u00e9es de leur enfant. Cela peut prendre une longue p\u00e9riode d&rsquo;adaptation pour que les m\u00e8res et les p\u00e8res changent leurs comportements \u00e0 l&rsquo;\u00e9gard du membre le plus r\u00e9cent (et le plus bruyant) de la famille. Mais selon le Dr Carl Pickhardt, psychologue et expert en parentalit\u00e9, si vous pensez que la petite enfance est difficile, vous feriez mieux de vous attacher pour l&rsquo;adolescence.<\/p>\n<p>\u00abJ&rsquo;adorais avoir de jeunes enfants\u00bb, dit-il. \u00ab Mais un adolescent veut ressembler davantage \u00e0 ses amis. La s\u00e9paration doit avoir lieu pour qu&rsquo;\u00e0 la fin de l&rsquo;adolescence, vous ayez un jeune capable d&rsquo;assumer une ind\u00e9pendance fonctionnelle. Il faut beaucoup de croissance pour que cela se produise.<\/p>\n<p>Dans <em>son prochain livre Holding On While Letting Go: Parenting Your Child Through the Four Freedoms of Adolescence,<\/em> Pickhardt partage quatre \u00e9tapes, ou \u00ab libert\u00e9s \u00bb, \u00e0 anticiper \u00e0 mesure que les enfants grandissent et deviennent leur propre personne, qu&rsquo;il a d\u00e9crites en observant comment ils se g\u00e8rent \u00e0 l&rsquo;\u00e9cole, \u00e0 la maison et dans des situations sociales. Nous passerons en revue ces libert\u00e9s, comment Internet les complique et comment y naviguer.<\/p>\n<h2 id=\"how-can-parents-help-kids-become-functional-adults\"><strong>Comment les parents peuvent-ils aider leurs enfants \u00e0 devenir des adultes fonctionnels ?<\/strong><\/h2>\n<p>Les parents ressentent souvent le besoin de s\u2019accrocher \u00e0 leurs enfants au lieu de les l\u00e2cher prise, ce qui peut rendre difficile le passage d\u2019enfants dans le besoin \u00e0 des adultes forts et ind\u00e9pendants, pour les m\u00e8res, les p\u00e8res et leurs adolescents.<\/p>\n<p>\u00ab Un enfant n&rsquo;a pas besoin de m\u00e9riter notre amour \u00bb, dit-il. \u00ab\u00a0Mais ils doivent gagner le niveau sup\u00e9rieur de libert\u00e9 en faisant preuve d&rsquo;un certain niveau de jugement et de comportement.\u00a0\u00bb<\/p>\n<p>Les m\u00e8res et les p\u00e8res doivent \u00eatre pr\u00eats \u00e0 \u00e9couter et \u00e0 communiquer avec leurs enfants. En discutant avec eux et en \u00e9valuant o\u00f9 ils en sont dans leur cheminement vers l&rsquo;\u00e2ge adulte, les parents se sentiront plus en confiance pour rel\u00e2cher leur emprise sur leurs adolescents et les voir devenir des adultes autonomes. Voici comment Pickhardt d\u00e9crit les quatre libert\u00e9s\u00a0:<\/p>\n<h3><strong>Se lib\u00e9rer du rejet de l&rsquo;enfance<\/strong><\/h3>\n<p>Cette \u00e9tape se produit g\u00e9n\u00e9ralement vers la fin des ann\u00e9es d\u2019\u00e9cole primaire. Les jeunes auront tendance \u00e0 cesser de se comporter comme des enfants et \u00e0 vouloir se sentir comme des adultes.<\/p>\n<p>\u00abUn enfant ne veut plus \u00eatre trait\u00e9 comme un enfant et insistera un peu plus sur ce qu&rsquo;il veut\u00bb, explique Pickhardt.<\/p>\n<h3><strong>Libert\u00e9 d&rsquo;association avec les pairs<\/strong><\/h3>\n<p>Cette \u00e9tape se produit vers le coll\u00e8ge lorsque les enfants souhaitent former une deuxi\u00e8me famille d&rsquo;amis.<\/p>\n<p>\u00ab\u00a0L&rsquo;enfance est la p\u00e9riode de l&rsquo;affection physique, et l&rsquo;adolescence commence \u00e0 s&rsquo;en \u00e9loigner\u00a0\u00bb, explique Pickhardt. \u00ab\u00a0D&rsquo;un autre c\u00f4t\u00e9, vous \u00e9tablissez des relations avec eux et voyez quel genre de personne ils deviennent.\u00a0\u00bb<\/p>\n<h3><strong>Libert\u00e9 pour les exp\u00e9rimentations plus anciennes<\/strong><\/h3>\n<p>Cette libert\u00e9 se produit pendant les ann\u00e9es de lyc\u00e9e. Les adolescents veulent essayer des activit\u00e9s plus adultes.<\/p>\n<p>\u00ab\u00a0Vous le voyez avec la fa\u00e7on dont ils s&rsquo;habillent\u00a0\u00bb, dit Pickhardt. \u00ab\u00a0Ils veulent s&rsquo;habiller comme leurs amis.\u00a0\u00bb<\/p>\n<h3><strong>Libert\u00e9 de revendiquer l\u2019\u00e9mancipation<\/strong><\/h3>\n<p>Les adolescents deviennent des adultes lorsqu\u2019ils entrent \u00e0 l\u2019universit\u00e9 et d\u00e9cident de devenir leur propre autorit\u00e9 dirigeante.<\/p>\n<p>\u00ab L&rsquo;adolescence commence par la perte \u00bb, dit Pickhardt. \u00ab Pour le parent, c&rsquo;est la perte de l&rsquo;enfant. Pour l&rsquo;enfant, c&rsquo;est un acte de courage. Il leur est difficile d&rsquo;abandonner ce qui leur est familier et confortable. Mais cela fait partie du processus de croissance. Mais l\u2019objectif \u00e0 long terme est de grandir et de devenir un individu fonctionnel.<\/p>\n<h2 id=\"how-do-social-media-and-smartphones-factor-into-these-freedoms\"><strong>Comment les r\u00e9seaux sociaux et les smartphones prennent-ils en compte ces libert\u00e9s ?<\/strong><\/h2>\n<p>Le smartphone que vous avez achet\u00e9 \u00e0 votre enfant pour son anniversaire pourrait rendre son voyage vers l&rsquo;\u00e2ge adulte plus difficile. Rappelez-vous quand vous posiez une question \u00e0 vos parents et qu&rsquo;ils r\u00e9pondaient : \u00ab Je t&rsquo;expliquerai quand tu seras plus grand. \u00bb Pickhardt dit que le temps est r\u00e9volu, \u00e9videmment en partie \u00e0 cause de la fa\u00e7on dont Internet et les m\u00e9dias sociaux sont disponibles dans la poche de hanche de votre enfant. Cela permet aux adolescents de grandir dans un monde totalement diff\u00e9rent de celui de leurs parents, ce qui rend tr\u00e8s difficile d&rsquo;\u00e9lever des enfants dans le cadre des quatre libert\u00e9s de l&rsquo;adolescence.<\/p>\n<p>\u00ab D\u2019une certaine mani\u00e8re, (les m\u00e9dias sociaux et Internet) ont acc\u00e9l\u00e9r\u00e9 la croissance \u00bb, dit-il. \u00ab C&rsquo;est certainement une croissance compliqu\u00e9e parce qu&rsquo;elle donne aux enfants des informations et des influences \u00e0 un \u00e2ge beaucoup plus pr\u00e9coce qu&rsquo;il y a une g\u00e9n\u00e9ration. Nous \u00e9levons nos enfants dans deux mondes, pas un.<\/p>\n<p>Pickhardt souligne que la communication est la cl\u00e9 pour aider un enfant \u00e0 faire face \u00e0 cette avalanche de bonnes et de mauvaises informations. Il reconna\u00eet qu&rsquo;il peut \u00eatre difficile pour les parents et les enfants de converser, car les adolescents sont plus enclins \u00e0 \u00e9couter leurs amis. Mais si les parents sont pr\u00eats \u00e0 \u00e9couter chaque fois que leur enfant veut parler et appr\u00e9cient ce qui l&rsquo;int\u00e9resse, cela peut aller tr\u00e8s loin.<\/p>\n<p>\u00ab Vous pouvez utiliser votre enfant comme enseignant pour en apprendre davantage sur ce nouveau monde que vous ne connaissez peut-\u00eatre pas trop \u00bb, dit-il.<\/p>\n<h2 id=\"help-them-realize-youre-on-the-same-team\"><strong>Aidez-les \u00e0 r\u00e9aliser que vous faites partie de la m\u00eame \u00e9quipe<\/strong><\/h2>\n<p>\u00c0 travers toutes les disputes entre parents et enfants, Pickhardt souligne \u00e0 quel point la communication est vitale tout au long de ce processus. Ce qu\u2019il est crucial que les deux parties comprennent, c\u2019est qu\u2019elles poursuivent toutes deux le m\u00eame objectif : faire de l\u2019adolescent un adulte autonome. C&rsquo;est le chemin pour atteindre cet objectif qui provoque le conflit.<\/p>\n<p>\u00ab\u00a0N&rsquo;arr\u00eatez pas de dire\u00a0:\u00a0Ce n&rsquo;est pas parce que je continue de vous poser des questions sur ce que vous voulez faire ou ce que vous ne voulez pas que vous fassiez quelque chose, que je ne suis pas de votre c\u00f4t\u00e9. Je suis \u00e0 vos c\u00f4t\u00e9s et j&rsquo;esp\u00e8re que vous pourrez m&rsquo;utiliser comme un bon conseiller qui a \u00e0 c\u0153ur vos meilleurs int\u00e9r\u00eats \u00bb, dit-il.<\/p>\n<p>Pickhardt dit \u00e9galement de vous accorder un peu de gr\u00e2ce lorsque des erreurs sont in\u00e9vitablement commises et de permettre \u00e0 votre adolescent de se poser des questions sur la fa\u00e7on d&rsquo;atteindre cet objectif. Combinez vos connaissances et agissez en \u00e9quipe pour y arriver. \u00abDeux d&rsquo;entre vous valent mieux qu&rsquo;un\u00bb, dit-il.<\/p>\n","protected":false},"excerpt":{"rendered":"<p>Il existe quatre \u00ab\u00a0libert\u00e9s\u00a0\u00bb que les enfants devront exp\u00e9rimenter dans leur qu\u00eate pour devenir adultes. C&rsquo;est peut-\u00eatre \u00e0 cause des longues nuits blanches ou des<\/p>\n","protected":false},"author":1,"featured_media":2511,"comment_status":"","ping_status":"","sticky":false,"template":"","format":"standard","meta":{"footnotes":""},"categories":[37],"tags":[248,44,914,295,772,3250,1435,838,8],"class_list":["post-2510","post","type-post","status-publish","format-standard","has-post-thumbnail","hentry","category-famille","tag-ces","tag-comment","tag-elever","tag-enfant","tag-etapes","tag-ladolescence","tag-quatre","tag-travers","tag-votre","generate-columns","tablet-grid-50","mobile-grid-100","grid-parent","grid-33"],"yoast_head":"<!-- This site is optimized with the Yoast SEO plugin v24.0 - https:\/\/yoast.com\/wordpress\/plugins\/seo\/ -->\n<title>Comment \u00e9lever votre enfant \u00e0 travers ces quatre \u00e9tapes de l&#039;adolescence | Vie Associative<\/title>\n<meta name=\"robots\" content=\"index, follow, max-snippet:-1, max-image-preview:large, max-video-preview:-1\" \/>\n<link rel=\"canonical\" href=\"https:\/\/vieassociative.be\/actualites\/comment-elever-votre-enfant-a-travers-ces-quatre-etapes-de-ladolescence\/\" \/>\n<meta property=\"og:locale\" content=\"fr_FR\" \/>\n<meta property=\"og:type\" content=\"article\" \/>\n<meta property=\"og:title\" content=\"Comment \u00e9lever votre enfant \u00e0 travers ces quatre \u00e9tapes de l&#039;adolescence | Vie Associative\" \/>\n<meta property=\"og:description\" content=\"Il existe quatre \u00ab\u00a0libert\u00e9s\u00a0\u00bb que les enfants devront exp\u00e9rimenter dans leur qu\u00eate pour devenir adultes. C&rsquo;est peut-\u00eatre \u00e0 cause des longues nuits blanches ou des\" \/>\n<meta property=\"og:url\" content=\"https:\/\/vieassociative.be\/actualites\/comment-elever-votre-enfant-a-travers-ces-quatre-etapes-de-ladolescence\/\" \/>\n<meta property=\"og:site_name\" content=\"Vie Associative\" \/>\n<meta property=\"article:published_time\" content=\"2024-11-17T11:18:03+00:00\" \/>\n<meta property=\"og:image\" content=\"https:\/\/vieassociative.be\/actualites\/wp-content\/uploads\/2024\/09\/header_backgroundk-01-e1726694325946.png\" \/>\n\t<meta property=\"og:image:width\" content=\"279\" \/>\n\t<meta property=\"og:image:height\" content=\"92\" \/>\n\t<meta property=\"og:image:type\" content=\"image\/png\" \/>\n<meta name=\"author\" content=\"Julien\" \/>\n<meta name=\"twitter:card\" content=\"summary_large_image\" \/>\n<meta name=\"twitter:label1\" content=\"\u00c9crit par\" \/>\n\t<meta name=\"twitter:data1\" content=\"Julien\" \/>\n\t<meta name=\"twitter:label2\" content=\"Dur\u00e9e de lecture est.\" \/>\n\t<meta name=\"twitter:data2\" content=\"6 minutes\" \/>\n<script type=\"application\/ld+json\" class=\"yoast-schema-graph\">{\"@context\":\"https:\/\/schema.org\",\"@graph\":[{\"@type\":\"Article\",\"@id\":\"https:\/\/vieassociative.be\/actualites\/comment-elever-votre-enfant-a-travers-ces-quatre-etapes-de-ladolescence\/#article\",\"isPartOf\":{\"@id\":\"https:\/\/vieassociative.be\/actualites\/comment-elever-votre-enfant-a-travers-ces-quatre-etapes-de-ladolescence\/\"},\"author\":{\"name\":\"Julien\",\"@id\":\"https:\/\/vieassociative.be\/actualites\/#\/schema\/person\/b87ac4f82f9d4e7b7cec7395b679edc4\"},\"headline\":\"Comment \u00e9lever votre enfant \u00e0 travers ces quatre \u00e9tapes de l&rsquo;adolescence\",\"datePublished\":\"2024-11-17T11:18:03+00:00\",\"dateModified\":\"2024-11-17T11:18:03+00:00\",\"mainEntityOfPage\":{\"@id\":\"https:\/\/vieassociative.be\/actualites\/comment-elever-votre-enfant-a-travers-ces-quatre-etapes-de-ladolescence\/\"},\"wordCount\":1165,\"publisher\":{\"@id\":\"https:\/\/vieassociative.be\/actualites\/#organization\"},\"image\":{\"@id\":\"https:\/\/vieassociative.be\/actualites\/comment-elever-votre-enfant-a-travers-ces-quatre-etapes-de-ladolescence\/#primaryimage\"},\"thumbnailUrl\":\"https:\/\/vieassociative.be\/actualites\/wp-content\/uploads\/2024\/11\/Comment-elever-votre-enfant-a-travers-ces-quatre-etapes-de.jpg\",\"keywords\":[\"ces\",\"Comment\",\"\u00e9lever\",\"enfant\",\"\u00e9tapes\",\"ladolescence\",\"Quatre\",\"travers\",\"votre\"],\"articleSection\":[\"Famille\"],\"inLanguage\":\"fr-BE\"},{\"@type\":\"WebPage\",\"@id\":\"https:\/\/vieassociative.be\/actualites\/comment-elever-votre-enfant-a-travers-ces-quatre-etapes-de-ladolescence\/\",\"url\":\"https:\/\/vieassociative.be\/actualites\/comment-elever-votre-enfant-a-travers-ces-quatre-etapes-de-ladolescence\/\",\"name\":\"Comment \u00e9lever votre enfant \u00e0 travers ces quatre \u00e9tapes de l'adolescence | Vie Associative\",\"isPartOf\":{\"@id\":\"https:\/\/vieassociative.be\/actualites\/#website\"},\"primaryImageOfPage\":{\"@id\":\"https:\/\/vieassociative.be\/actualites\/comment-elever-votre-enfant-a-travers-ces-quatre-etapes-de-ladolescence\/#primaryimage\"},\"image\":{\"@id\":\"https:\/\/vieassociative.be\/actualites\/comment-elever-votre-enfant-a-travers-ces-quatre-etapes-de-ladolescence\/#primaryimage\"},\"thumbnailUrl\":\"https:\/\/vieassociative.be\/actualites\/wp-content\/uploads\/2024\/11\/Comment-elever-votre-enfant-a-travers-ces-quatre-etapes-de.jpg\",\"datePublished\":\"2024-11-17T11:18:03+00:00\",\"dateModified\":\"2024-11-17T11:18:03+00:00\",\"breadcrumb\":{\"@id\":\"https:\/\/vieassociative.be\/actualites\/comment-elever-votre-enfant-a-travers-ces-quatre-etapes-de-ladolescence\/#breadcrumb\"},\"inLanguage\":\"fr-BE\",\"potentialAction\":[{\"@type\":\"ReadAction\",\"target\":[\"https:\/\/vieassociative.be\/actualites\/comment-elever-votre-enfant-a-travers-ces-quatre-etapes-de-ladolescence\/\"]}]},{\"@type\":\"ImageObject\",\"inLanguage\":\"fr-BE\",\"@id\":\"https:\/\/vieassociative.be\/actualites\/comment-elever-votre-enfant-a-travers-ces-quatre-etapes-de-ladolescence\/#primaryimage\",\"url\":\"https:\/\/vieassociative.be\/actualites\/wp-content\/uploads\/2024\/11\/Comment-elever-votre-enfant-a-travers-ces-quatre-etapes-de.jpg\",\"contentUrl\":\"https:\/\/vieassociative.be\/actualites\/wp-content\/uploads\/2024\/11\/Comment-elever-votre-enfant-a-travers-ces-quatre-etapes-de.jpg\",\"width\":1200,\"height\":675,\"caption\":\"Comment \u00e9lever votre enfant \u00e0 travers ces quatre \u00e9tapes de l'adolescence\"},{\"@type\":\"BreadcrumbList\",\"@id\":\"https:\/\/vieassociative.be\/actualites\/comment-elever-votre-enfant-a-travers-ces-quatre-etapes-de-ladolescence\/#breadcrumb\",\"itemListElement\":[{\"@type\":\"ListItem\",\"position\":1,\"name\":\"Accueil\",\"item\":\"https:\/\/vieassociative.be\/actualites\/\"},{\"@type\":\"ListItem\",\"position\":2,\"name\":\"Comment \u00e9lever votre enfant \u00e0 travers ces quatre \u00e9tapes de l&rsquo;adolescence\"}]},{\"@type\":\"WebSite\",\"@id\":\"https:\/\/vieassociative.be\/actualites\/#website\",\"url\":\"https:\/\/vieassociative.be\/actualites\/\",\"name\":\"Vie Associative\",\"description\":\"\",\"publisher\":{\"@id\":\"https:\/\/vieassociative.be\/actualites\/#organization\"},\"potentialAction\":[{\"@type\":\"SearchAction\",\"target\":{\"@type\":\"EntryPoint\",\"urlTemplate\":\"https:\/\/vieassociative.be\/actualites\/?s={search_term_string}\"},\"query-input\":{\"@type\":\"PropertyValueSpecification\",\"valueRequired\":true,\"valueName\":\"search_term_string\"}}],\"inLanguage\":\"fr-BE\"},{\"@type\":\"Organization\",\"@id\":\"https:\/\/vieassociative.be\/actualites\/#organization\",\"name\":\"Vie Associative\",\"url\":\"https:\/\/vieassociative.be\/actualites\/\",\"logo\":{\"@type\":\"ImageObject\",\"inLanguage\":\"fr-BE\",\"@id\":\"https:\/\/vieassociative.be\/actualites\/#\/schema\/logo\/image\/\",\"url\":\"https:\/\/vieassociative.be\/actualites\/wp-content\/uploads\/2024\/09\/cropped-vieassociative_favicon.ico.png\",\"contentUrl\":\"https:\/\/vieassociative.be\/actualites\/wp-content\/uploads\/2024\/09\/cropped-vieassociative_favicon.ico.png\",\"width\":512,\"height\":512,\"caption\":\"Vie Associative\"},\"image\":{\"@id\":\"https:\/\/vieassociative.be\/actualites\/#\/schema\/logo\/image\/\"}},{\"@type\":\"Person\",\"@id\":\"https:\/\/vieassociative.be\/actualites\/#\/schema\/person\/b87ac4f82f9d4e7b7cec7395b679edc4\",\"name\":\"Julien\",\"image\":{\"@type\":\"ImageObject\",\"inLanguage\":\"fr-BE\",\"@id\":\"https:\/\/vieassociative.be\/actualites\/#\/schema\/person\/image\/\",\"url\":\"https:\/\/vieassociative.be\/actualites\/wp-content\/uploads\/2024\/09\/vie-associative-1-150x150.jpg\",\"contentUrl\":\"https:\/\/vieassociative.be\/actualites\/wp-content\/uploads\/2024\/09\/vie-associative-1-150x150.jpg\",\"caption\":\"Julien\"},\"description\":\"Je suis Julien, r\u00e9dacteur pour Vie Associative. Passionn\u00e9 par le monde associatif depuis plus de 10 ans, j'ai \u00e0 c\u0153ur de partager des histoires inspirantes et de mettre en lumi\u00e8re les initiatives locales. Mon objectif est de sensibiliser et d'encourager l'engagement communautaire \u00e0 travers mes articles.\",\"sameAs\":[\"https:\/\/vieassociative.be\/\"]}]}<\/script>\n<!-- \/ Yoast SEO plugin. -->","yoast_head_json":{"title":"Comment \u00e9lever votre enfant \u00e0 travers ces quatre \u00e9tapes de l'adolescence | Vie Associative","robots":{"index":"index","follow":"follow","max-snippet":"max-snippet:-1","max-image-preview":"max-image-preview:large","max-video-preview":"max-video-preview:-1"},"canonical":"https:\/\/vieassociative.be\/actualites\/comment-elever-votre-enfant-a-travers-ces-quatre-etapes-de-ladolescence\/","og_locale":"fr_FR","og_type":"article","og_title":"Comment \u00e9lever votre enfant \u00e0 travers ces quatre \u00e9tapes de l'adolescence | Vie Associative","og_description":"Il existe quatre \u00ab\u00a0libert\u00e9s\u00a0\u00bb que les enfants devront exp\u00e9rimenter dans leur qu\u00eate pour devenir adultes. C&rsquo;est peut-\u00eatre \u00e0 cause des longues nuits blanches ou des","og_url":"https:\/\/vieassociative.be\/actualites\/comment-elever-votre-enfant-a-travers-ces-quatre-etapes-de-ladolescence\/","og_site_name":"Vie Associative","article_published_time":"2024-11-17T11:18:03+00:00","og_image":[{"width":279,"height":92,"url":"https:\/\/vieassociative.be\/actualites\/wp-content\/uploads\/2024\/09\/header_backgroundk-01-e1726694325946.png","type":"image\/png"}],"author":"Julien","twitter_card":"summary_large_image","twitter_misc":{"\u00c9crit par":"Julien","Dur\u00e9e de lecture est.":"6 minutes"},"schema":{"@context":"https:\/\/schema.org","@graph":[{"@type":"Article","@id":"https:\/\/vieassociative.be\/actualites\/comment-elever-votre-enfant-a-travers-ces-quatre-etapes-de-ladolescence\/#article","isPartOf":{"@id":"https:\/\/vieassociative.be\/actualites\/comment-elever-votre-enfant-a-travers-ces-quatre-etapes-de-ladolescence\/"},"author":{"name":"Julien","@id":"https:\/\/vieassociative.be\/actualites\/#\/schema\/person\/b87ac4f82f9d4e7b7cec7395b679edc4"},"headline":"Comment \u00e9lever votre enfant \u00e0 travers ces quatre \u00e9tapes de l&rsquo;adolescence","datePublished":"2024-11-17T11:18:03+00:00","dateModified":"2024-11-17T11:18:03+00:00","mainEntityOfPage":{"@id":"https:\/\/vieassociative.be\/actualites\/comment-elever-votre-enfant-a-travers-ces-quatre-etapes-de-ladolescence\/"},"wordCount":1165,"publisher":{"@id":"https:\/\/vieassociative.be\/actualites\/#organization"},"image":{"@id":"https:\/\/vieassociative.be\/actualites\/comment-elever-votre-enfant-a-travers-ces-quatre-etapes-de-ladolescence\/#primaryimage"},"thumbnailUrl":"https:\/\/vieassociative.be\/actualites\/wp-content\/uploads\/2024\/11\/Comment-elever-votre-enfant-a-travers-ces-quatre-etapes-de.jpg","keywords":["ces","Comment","\u00e9lever","enfant","\u00e9tapes","ladolescence","Quatre","travers","votre"],"articleSection":["Famille"],"inLanguage":"fr-BE"},{"@type":"WebPage","@id":"https:\/\/vieassociative.be\/actualites\/comment-elever-votre-enfant-a-travers-ces-quatre-etapes-de-ladolescence\/","url":"https:\/\/vieassociative.be\/actualites\/comment-elever-votre-enfant-a-travers-ces-quatre-etapes-de-ladolescence\/","name":"Comment \u00e9lever votre enfant \u00e0 travers ces quatre \u00e9tapes de l'adolescence | Vie Associative","isPartOf":{"@id":"https:\/\/vieassociative.be\/actualites\/#website"},"primaryImageOfPage":{"@id":"https:\/\/vieassociative.be\/actualites\/comment-elever-votre-enfant-a-travers-ces-quatre-etapes-de-ladolescence\/#primaryimage"},"image":{"@id":"https:\/\/vieassociative.be\/actualites\/comment-elever-votre-enfant-a-travers-ces-quatre-etapes-de-ladolescence\/#primaryimage"},"thumbnailUrl":"https:\/\/vieassociative.be\/actualites\/wp-content\/uploads\/2024\/11\/Comment-elever-votre-enfant-a-travers-ces-quatre-etapes-de.jpg","datePublished":"2024-11-17T11:18:03+00:00","dateModified":"2024-11-17T11:18:03+00:00","breadcrumb":{"@id":"https:\/\/vieassociative.be\/actualites\/comment-elever-votre-enfant-a-travers-ces-quatre-etapes-de-ladolescence\/#breadcrumb"},"inLanguage":"fr-BE","potentialAction":[{"@type":"ReadAction","target":["https:\/\/vieassociative.be\/actualites\/comment-elever-votre-enfant-a-travers-ces-quatre-etapes-de-ladolescence\/"]}]},{"@type":"ImageObject","inLanguage":"fr-BE","@id":"https:\/\/vieassociative.be\/actualites\/comment-elever-votre-enfant-a-travers-ces-quatre-etapes-de-ladolescence\/#primaryimage","url":"https:\/\/vieassociative.be\/actualites\/wp-content\/uploads\/2024\/11\/Comment-elever-votre-enfant-a-travers-ces-quatre-etapes-de.jpg","contentUrl":"https:\/\/vieassociative.be\/actualites\/wp-content\/uploads\/2024\/11\/Comment-elever-votre-enfant-a-travers-ces-quatre-etapes-de.jpg","width":1200,"height":675,"caption":"Comment \u00e9lever votre enfant \u00e0 travers ces quatre \u00e9tapes de l'adolescence"},{"@type":"BreadcrumbList","@id":"https:\/\/vieassociative.be\/actualites\/comment-elever-votre-enfant-a-travers-ces-quatre-etapes-de-ladolescence\/#breadcrumb","itemListElement":[{"@type":"ListItem","position":1,"name":"Accueil","item":"https:\/\/vieassociative.be\/actualites\/"},{"@type":"ListItem","position":2,"name":"Comment \u00e9lever votre enfant \u00e0 travers ces quatre \u00e9tapes de l&rsquo;adolescence"}]},{"@type":"WebSite","@id":"https:\/\/vieassociative.be\/actualites\/#website","url":"https:\/\/vieassociative.be\/actualites\/","name":"Vie Associative","description":"","publisher":{"@id":"https:\/\/vieassociative.be\/actualites\/#organization"},"potentialAction":[{"@type":"SearchAction","target":{"@type":"EntryPoint","urlTemplate":"https:\/\/vieassociative.be\/actualites\/?s={search_term_string}"},"query-input":{"@type":"PropertyValueSpecification","valueRequired":true,"valueName":"search_term_string"}}],"inLanguage":"fr-BE"},{"@type":"Organization","@id":"https:\/\/vieassociative.be\/actualites\/#organization","name":"Vie Associative","url":"https:\/\/vieassociative.be\/actualites\/","logo":{"@type":"ImageObject","inLanguage":"fr-BE","@id":"https:\/\/vieassociative.be\/actualites\/#\/schema\/logo\/image\/","url":"https:\/\/vieassociative.be\/actualites\/wp-content\/uploads\/2024\/09\/cropped-vieassociative_favicon.ico.png","contentUrl":"https:\/\/vieassociative.be\/actualites\/wp-content\/uploads\/2024\/09\/cropped-vieassociative_favicon.ico.png","width":512,"height":512,"caption":"Vie Associative"},"image":{"@id":"https:\/\/vieassociative.be\/actualites\/#\/schema\/logo\/image\/"}},{"@type":"Person","@id":"https:\/\/vieassociative.be\/actualites\/#\/schema\/person\/b87ac4f82f9d4e7b7cec7395b679edc4","name":"Julien","image":{"@type":"ImageObject","inLanguage":"fr-BE","@id":"https:\/\/vieassociative.be\/actualites\/#\/schema\/person\/image\/","url":"https:\/\/vieassociative.be\/actualites\/wp-content\/uploads\/2024\/09\/vie-associative-1-150x150.jpg","contentUrl":"https:\/\/vieassociative.be\/actualites\/wp-content\/uploads\/2024\/09\/vie-associative-1-150x150.jpg","caption":"Julien"},"description":"Je suis Julien, r\u00e9dacteur pour Vie Associative. Passionn\u00e9 par le monde associatif depuis plus de 10 ans, j'ai \u00e0 c\u0153ur de partager des histoires inspirantes et de mettre en lumi\u00e8re les initiatives locales. Mon objectif est de sensibiliser et d'encourager l'engagement communautaire \u00e0 travers mes articles.","sameAs":["https:\/\/vieassociative.be\/"]}]}},"_links":{"self":[{"href":"https:\/\/vieassociative.be\/actualites\/wp-json\/wp\/v2\/posts\/2510"}],"collection":[{"href":"https:\/\/vieassociative.be\/actualites\/wp-json\/wp\/v2\/posts"}],"about":[{"href":"https:\/\/vieassociative.be\/actualites\/wp-json\/wp\/v2\/types\/post"}],"author":[{"embeddable":true,"href":"https:\/\/vieassociative.be\/actualites\/wp-json\/wp\/v2\/users\/1"}],"replies":[{"embeddable":true,"href":"https:\/\/vieassociative.be\/actualites\/wp-json\/wp\/v2\/comments?post=2510"}],"version-history":[{"count":0,"href":"https:\/\/vieassociative.be\/actualites\/wp-json\/wp\/v2\/posts\/2510\/revisions"}],"wp:featuredmedia":[{"embeddable":true,"href":"https:\/\/vieassociative.be\/actualites\/wp-json\/wp\/v2\/media\/2511"}],"wp:attachment":[{"href":"https:\/\/vieassociative.be\/actualites\/wp-json\/wp\/v2\/media?parent=2510"}],"wp:term":[{"taxonomy":"category","embeddable":true,"href":"https:\/\/vieassociative.be\/actualites\/wp-json\/wp\/v2\/categories?post=2510"},{"taxonomy":"post_tag","embeddable":true,"href":"https:\/\/vieassociative.be\/actualites\/wp-json\/wp\/v2\/tags?post=2510"}],"curies":[{"name":"wp","href":"https:\/\/api.w.org\/{rel}","templated":true}]}}