{"id":2507,"date":"2024-11-17T09:17:14","date_gmt":"2024-11-17T08:17:14","guid":{"rendered":"https:\/\/vieassociative.be\/actualites\/candidat-du-spd-a-la-chanceliere-scholz-ou-pistorius\/"},"modified":"2024-11-17T09:17:14","modified_gmt":"2024-11-17T08:17:14","slug":"candidat-du-spd-a-la-chanceliere-scholz-ou-pistorius","status":"publish","type":"post","link":"https:\/\/vieassociative.be\/actualites\/candidat-du-spd-a-la-chanceliere-scholz-ou-pistorius\/","title":{"rendered":"Candidat du SPD \u00e0 la chanceli\u00e8re : Scholz ou Pistorius ?"},"content":{"rendered":"<p><strong>Olaf Scholz ou Boris Pistorius ? Il n\u2019y a pas que parmi la base du SPD des voix qui pr\u00e9f\u00e9reraient faire campagne avec le populaire ministre de la D\u00e9fense. Le leader du SPD pr\u00e9vient.<\/strong><\/p>\n<p><span id=\"more-402000\"><\/span>Le leader du SPD, Lars Klingbeil, met en garde son parti contre un d\u00e9bat sur la candidature d&rsquo;Olaf Scholz \u00e0 la chanceli\u00e8re. \u00ab Olaf Scholz est le chancelier. Et tous ceux qui portent des responsabilit\u00e9s au sein du SPD ont clairement indiqu\u00e9 ces derniers jours que nous le soutenions\u00bb, a d\u00e9clar\u00e9 Klingbeil en marge d&rsquo;un \u00e9v\u00e9nement du SPD \u00e0 Essen. Il est d\u00e9sormais important pour le SPD \u00ab que nous traitions du contenu de la campagne \u00e9lectorale f\u00e9d\u00e9rale, mais pas du personnel \u00bb.<\/p>\n<p>N\u00e9anmoins, de plus en plus de voix au sein du SPD s&rsquo;\u00e9l\u00e8vent ouvertement en faveur de la candidature du ministre de la D\u00e9fense Boris Pistorius \u00e0 la chancellerie. Selon les informations du Spiegel, outre un certain nombre de responsables politiques locaux et r\u00e9gionaux, plusieurs membres du SPD au Bundestag le d\u00e9fendent d\u00e9sormais \u00e9galement. Le rapport indique que le d\u00e9put\u00e9 Joe Weingarten de Rh\u00e9nanie-Palatinat s&rsquo;est montr\u00e9 particuli\u00e8rement critique lors d&rsquo;une r\u00e9union du Seeheimer Kreis, plus conservateur, mardi dernier : Scholz \u00e9tait \u00ab au bas \u00bb avec la population du pays.<\/p>\n<div id=\"attachment_402003\" class=\"wp-caption alignleft\" style=\"max-width: 300px\"><img fetchpriority=\"high\" decoding=\"async\" class=\"wp-image-402003 size-medium\" src=\"https:\/\/vieassociative.be\/actualites\/wp-content\/uploads\/2024\/11\/Candidat-du-SPD-a-la-chanceliere-Scholz-ou-Pistorius.jpg\" alt=\"\" width=\"300\" height=\"200\"><\/p>\n<p class=\"wp-caption-text\">13 novembre 2024, Berlin : le chancelier f\u00e9d\u00e9ral OLAF Scholz (SPD,r) marche derri\u00e8re Boris Pistorius (SPD), ministre f\u00e9d\u00e9ral de la D\u00e9fense, avant sa d\u00e9claration gouvernementale en s\u00e9ance pl\u00e9ni\u00e8re du Bundestag. Photo : Kay Nietfeld\/dpa<\/p>\n<\/div>\n<p>Weingarten n&rsquo;a pas souhait\u00e9 commenter le rapport \u00e0 la demande du dpa. Il a toutefois soulign\u00e9 que \u00ab j\u2019esp\u00e8re sinc\u00e8rement que la direction du SPD et tous les responsables trouveront une r\u00e9ponse commune et rapide pour nous sortir de la grave crise et du creux des sondages dans lequel nous nous trouvons \u00bb.<\/p>\n<p>En vue du d\u00e9bat des candidats, Klingbeil a exig\u00e9 que le parti se concentre diff\u00e9remment : \u00ab Il existe une polarisation entre Olaf Scholz et Friedrich Merz. Ce sont des oppos\u00e9s fondamentaux. \u00bb La question est de savoir si la politique doit \u00eatre faite pour les hauts revenus ou pour le personnel soignant, les \u00e9ducateurs et les ouvriers du b\u00e2timent. \u00ab\u00a0Nous allons maintenant entrer dans ce conflit\u00a0\u00bb, a soulign\u00e9 le leader du SPD. Le SPD n&rsquo;a r\u00e9cemment atteint que des valeurs d&rsquo;environ 16 pour cent dans les sondages, tandis que l&rsquo;Union est clairement en avance avec des valeurs d&rsquo;enqu\u00eate d&rsquo;environ 32 pour cent.<\/p>\n<p><strong>\u2013 \u00ab La question est maintenant de savoir si le SPD survivra \u00bb :<\/strong> Malgr\u00e9 les avertissements de la direction du parti, la pression augmente pour qu&rsquo;on se lance dans la campagne \u00e9lectorale avec Pistorius, beaucoup plus populaire. De plus en plus de groupes de base r\u00e9clament haut et fort leur remplacement. Dans le cas contraire, il existe un risque de d\u00e9faite dramatique aux \u00e9lections f\u00e9d\u00e9rales, a r\u00e9cemment pr\u00e9venu le district de Bochum, qui fait partie de l&rsquo;influent SPD de NRW.<\/p>\n<p>L&rsquo;ambiance au sein du parti plaide clairement en faveur d&rsquo;un changement, a d\u00e9clar\u00e9 \u00e0 \u00ab\u00a0Stern\u00a0\u00bb le chef du sous-district Serdar Y\u00fcksel. \u00ab\u00a0Si vous deviez sonder les membres du SPD, 80 pour cent seraient favorables \u00e0 Pistorius.\u00a0\u00bb La question de savoir si Scholz se pr\u00e9sentera \u00e0 nouveau n&rsquo;est pas seulement sa d\u00e9cision personnelle, a soulign\u00e9 Y\u00fcksel. \u00abLa question est d\u00e9sormais de savoir si le SPD survivra.\u00bb<\/p>\n<div id=\"attachment_402010\" class=\"wp-caption alignleft\" style=\"max-width: 300px\"><img decoding=\"async\" class=\"wp-image-402010 size-medium\" src=\"https:\/\/vieassociative.be\/actualites\/wp-content\/uploads\/2024\/11\/1731831434_25_Candidat-du-SPD-a-la-chanceliere-Scholz-ou-Pistorius.jpg\" alt=\"\" width=\"300\" height=\"204\"><\/p>\n<p class=\"wp-caption-text\">16 novembre 2024, Rh\u00e9nanie-du-Nord-Westphalie, Essen : Lars Klingbeil, pr\u00e9sident du SPD, prend la parole lors d&rsquo;un \u00e9v\u00e9nement de dialogue pour son parti. Photo : Roberto Pfeil\/dpa<\/p>\n<\/div>\n<p>Pour la direction du parti, Scholz \u00e9tait jusqu&rsquo;\u00e0 pr\u00e9sent consid\u00e9r\u00e9 comme une \u00e9vidence &#8211; les dirigeants du SPD Klingbeil et Saskia Esken, ainsi que le secr\u00e9taire g\u00e9n\u00e9ral Matthias Miersch, l&rsquo;ont affirm\u00e9 \u00e0 plusieurs reprises ces derniers jours.<\/p>\n<p>Scholz lui-m\u00eame a d\u00e9j\u00e0 clairement indiqu\u00e9 qu\u2019il souhaitait se pr\u00e9senter et rester chancelier. Il est presque impossible pour la direction du parti de d\u00e9signer un autre candidat contre sa volont\u00e9. Pour op\u00e9rer un changement, l\u2019homme de 66 ans devrait probablement se retirer.<\/p>\n<p><strong>\u2013 Scholz fait la course pour rattraper son retard :<\/strong> Dans une interview accord\u00e9e au \u00ab S\u00fcddeutsche Zeitung \u00bb, Scholz lui-m\u00eame n&rsquo;a r\u00e9pondu que de mani\u00e8re \u00e9vasive lorsqu&rsquo;on lui a demand\u00e9 s&rsquo;il pouvait envisager de reconsid\u00e9rer sa candidature dans certaines circonstances. \u00ab Eh bien, les circonstances des prochaines \u00e9lections sont assez claires \u00bb, a-t-il d\u00e9clar\u00e9. Lorsqu\u2019on lui a demand\u00e9 ce qui se passerait si les chiffres des sondages se d\u00e9t\u00e9rioraient, il a ajout\u00e9 : \u00ab La fiabilit\u00e9 de tels sondages est g\u00e9rable, comme l\u2019ont montr\u00e9 les derni\u00e8res \u00e9lections f\u00e9d\u00e9rales, m\u00eame si certains l\u2019ont rapidement oubli\u00e9. \u00bb<\/p>\n<p>Apr\u00e8s l&rsquo;\u00e9clatement de la coalition, le SPD n&rsquo;a plus beaucoup de temps pour d\u00e9signer son candidat \u00e0 la chancellerie. L&rsquo;\u00e9lection est pr\u00e9vue pour le 23 f\u00e9vrier \u2013 et les campagnes sont g\u00e9n\u00e9ralement tr\u00e8s adapt\u00e9es au candidat. Une d\u00e9cision de la direction du parti est attendue lors d&rsquo;une conf\u00e9rence dite de victoire \u00e9lectorale le 30 novembre. Une conf\u00e9rence du parti est pr\u00e9vue le 11 janvier, au cours de laquelle le personnel pourrait ensuite \u00eatre confirm\u00e9. (dpa)<\/p>\n","protected":false},"excerpt":{"rendered":"<p>Olaf Scholz ou Boris Pistorius ? Il n\u2019y a pas que parmi la base du SPD des voix qui pr\u00e9f\u00e9reraient faire campagne avec le populaire<\/p>\n","protected":false},"author":1,"featured_media":2508,"comment_status":"","ping_status":"","sticky":false,"template":"","format":"standard","meta":{"footnotes":""},"categories":[298],"tags":[3247,2371,3249,2866,3248],"class_list":["post-2507","post","type-post","status-publish","format-standard","has-post-thumbnail","hentry","category-belgique","tag-candidat","tag-chanceliere","tag-pistorius","tag-scholz","tag-spd","generate-columns","tablet-grid-50","mobile-grid-100","grid-parent","grid-33"],"yoast_head":"<!-- This site is optimized with the Yoast SEO plugin v24.0 - https:\/\/yoast.com\/wordpress\/plugins\/seo\/ -->\n<title>Candidat du SPD \u00e0 la chanceli\u00e8re : Scholz ou Pistorius ? | Vie Associative<\/title>\n<meta name=\"robots\" content=\"index, follow, max-snippet:-1, max-image-preview:large, max-video-preview:-1\" \/>\n<link rel=\"canonical\" href=\"https:\/\/vieassociative.be\/actualites\/candidat-du-spd-a-la-chanceliere-scholz-ou-pistorius\/\" \/>\n<meta property=\"og:locale\" content=\"fr_FR\" \/>\n<meta property=\"og:type\" content=\"article\" \/>\n<meta property=\"og:title\" content=\"Candidat du SPD \u00e0 la chanceli\u00e8re : Scholz ou Pistorius ? | Vie Associative\" \/>\n<meta property=\"og:description\" content=\"Olaf Scholz ou Boris Pistorius ? Il n\u2019y a pas que parmi la base du SPD des voix qui pr\u00e9f\u00e9reraient faire campagne avec le populaire\" \/>\n<meta property=\"og:url\" content=\"https:\/\/vieassociative.be\/actualites\/candidat-du-spd-a-la-chanceliere-scholz-ou-pistorius\/\" \/>\n<meta property=\"og:site_name\" content=\"Vie Associative\" \/>\n<meta property=\"article:published_time\" content=\"2024-11-17T08:17:14+00:00\" \/>\n<meta property=\"og:image\" content=\"https:\/\/vieassociative.be\/actualites\/wp-content\/uploads\/2024\/11\/Candidat-du-SPD-a-la-chanceliere-Scholz-ou-Pistorius.jpg\" \/>\n<meta name=\"author\" content=\"Julien\" \/>\n<meta name=\"twitter:card\" content=\"summary_large_image\" \/>\n<meta name=\"twitter:label1\" content=\"\u00c9crit par\" \/>\n\t<meta name=\"twitter:data1\" content=\"Julien\" \/>\n\t<meta name=\"twitter:label2\" content=\"Dur\u00e9e de lecture est.\" \/>\n\t<meta name=\"twitter:data2\" content=\"4 minutes\" \/>\n<script type=\"application\/ld+json\" class=\"yoast-schema-graph\">{\"@context\":\"https:\/\/schema.org\",\"@graph\":[{\"@type\":\"Article\",\"@id\":\"https:\/\/vieassociative.be\/actualites\/candidat-du-spd-a-la-chanceliere-scholz-ou-pistorius\/#article\",\"isPartOf\":{\"@id\":\"https:\/\/vieassociative.be\/actualites\/candidat-du-spd-a-la-chanceliere-scholz-ou-pistorius\/\"},\"author\":{\"name\":\"Julien\",\"@id\":\"https:\/\/vieassociative.be\/actualites\/#\/schema\/person\/b87ac4f82f9d4e7b7cec7395b679edc4\"},\"headline\":\"Candidat du SPD \u00e0 la chanceli\u00e8re : Scholz ou Pistorius ?\",\"datePublished\":\"2024-11-17T08:17:14+00:00\",\"dateModified\":\"2024-11-17T08:17:14+00:00\",\"mainEntityOfPage\":{\"@id\":\"https:\/\/vieassociative.be\/actualites\/candidat-du-spd-a-la-chanceliere-scholz-ou-pistorius\/\"},\"wordCount\":904,\"publisher\":{\"@id\":\"https:\/\/vieassociative.be\/actualites\/#organization\"},\"image\":{\"@id\":\"https:\/\/vieassociative.be\/actualites\/candidat-du-spd-a-la-chanceliere-scholz-ou-pistorius\/#primaryimage\"},\"thumbnailUrl\":\"https:\/\/vieassociative.be\/actualites\/wp-content\/uploads\/2024\/11\/1731831434_Candidat-du-SPD-a-la-chanceliere-Scholz-ou-Pistorius.jpg\",\"keywords\":[\"Candidat\",\"chanceli\u00e8re\",\"Pistorius\",\"Scholz\",\"SPD\"],\"articleSection\":[\"Belgique\"],\"inLanguage\":\"fr-BE\"},{\"@type\":\"WebPage\",\"@id\":\"https:\/\/vieassociative.be\/actualites\/candidat-du-spd-a-la-chanceliere-scholz-ou-pistorius\/\",\"url\":\"https:\/\/vieassociative.be\/actualites\/candidat-du-spd-a-la-chanceliere-scholz-ou-pistorius\/\",\"name\":\"Candidat du SPD \u00e0 la chanceli\u00e8re : Scholz ou Pistorius ? | Vie Associative\",\"isPartOf\":{\"@id\":\"https:\/\/vieassociative.be\/actualites\/#website\"},\"primaryImageOfPage\":{\"@id\":\"https:\/\/vieassociative.be\/actualites\/candidat-du-spd-a-la-chanceliere-scholz-ou-pistorius\/#primaryimage\"},\"image\":{\"@id\":\"https:\/\/vieassociative.be\/actualites\/candidat-du-spd-a-la-chanceliere-scholz-ou-pistorius\/#primaryimage\"},\"thumbnailUrl\":\"https:\/\/vieassociative.be\/actualites\/wp-content\/uploads\/2024\/11\/1731831434_Candidat-du-SPD-a-la-chanceliere-Scholz-ou-Pistorius.jpg\",\"datePublished\":\"2024-11-17T08:17:14+00:00\",\"dateModified\":\"2024-11-17T08:17:14+00:00\",\"breadcrumb\":{\"@id\":\"https:\/\/vieassociative.be\/actualites\/candidat-du-spd-a-la-chanceliere-scholz-ou-pistorius\/#breadcrumb\"},\"inLanguage\":\"fr-BE\",\"potentialAction\":[{\"@type\":\"ReadAction\",\"target\":[\"https:\/\/vieassociative.be\/actualites\/candidat-du-spd-a-la-chanceliere-scholz-ou-pistorius\/\"]}]},{\"@type\":\"ImageObject\",\"inLanguage\":\"fr-BE\",\"@id\":\"https:\/\/vieassociative.be\/actualites\/candidat-du-spd-a-la-chanceliere-scholz-ou-pistorius\/#primaryimage\",\"url\":\"https:\/\/vieassociative.be\/actualites\/wp-content\/uploads\/2024\/11\/1731831434_Candidat-du-SPD-a-la-chanceliere-Scholz-ou-Pistorius.jpg\",\"contentUrl\":\"https:\/\/vieassociative.be\/actualites\/wp-content\/uploads\/2024\/11\/1731831434_Candidat-du-SPD-a-la-chanceliere-Scholz-ou-Pistorius.jpg\",\"width\":1200,\"height\":852,\"caption\":\"Candidat du SPD \u00e0 la chanceli\u00e8re : Scholz ou Pistorius ?\"},{\"@type\":\"BreadcrumbList\",\"@id\":\"https:\/\/vieassociative.be\/actualites\/candidat-du-spd-a-la-chanceliere-scholz-ou-pistorius\/#breadcrumb\",\"itemListElement\":[{\"@type\":\"ListItem\",\"position\":1,\"name\":\"Accueil\",\"item\":\"https:\/\/vieassociative.be\/actualites\/\"},{\"@type\":\"ListItem\",\"position\":2,\"name\":\"Candidat du SPD \u00e0 la chanceli\u00e8re : Scholz ou Pistorius ?\"}]},{\"@type\":\"WebSite\",\"@id\":\"https:\/\/vieassociative.be\/actualites\/#website\",\"url\":\"https:\/\/vieassociative.be\/actualites\/\",\"name\":\"Vie Associative\",\"description\":\"\",\"publisher\":{\"@id\":\"https:\/\/vieassociative.be\/actualites\/#organization\"},\"potentialAction\":[{\"@type\":\"SearchAction\",\"target\":{\"@type\":\"EntryPoint\",\"urlTemplate\":\"https:\/\/vieassociative.be\/actualites\/?s={search_term_string}\"},\"query-input\":{\"@type\":\"PropertyValueSpecification\",\"valueRequired\":true,\"valueName\":\"search_term_string\"}}],\"inLanguage\":\"fr-BE\"},{\"@type\":\"Organization\",\"@id\":\"https:\/\/vieassociative.be\/actualites\/#organization\",\"name\":\"Vie Associative\",\"url\":\"https:\/\/vieassociative.be\/actualites\/\",\"logo\":{\"@type\":\"ImageObject\",\"inLanguage\":\"fr-BE\",\"@id\":\"https:\/\/vieassociative.be\/actualites\/#\/schema\/logo\/image\/\",\"url\":\"https:\/\/vieassociative.be\/actualites\/wp-content\/uploads\/2024\/09\/cropped-vieassociative_favicon.ico.png\",\"contentUrl\":\"https:\/\/vieassociative.be\/actualites\/wp-content\/uploads\/2024\/09\/cropped-vieassociative_favicon.ico.png\",\"width\":512,\"height\":512,\"caption\":\"Vie Associative\"},\"image\":{\"@id\":\"https:\/\/vieassociative.be\/actualites\/#\/schema\/logo\/image\/\"}},{\"@type\":\"Person\",\"@id\":\"https:\/\/vieassociative.be\/actualites\/#\/schema\/person\/b87ac4f82f9d4e7b7cec7395b679edc4\",\"name\":\"Julien\",\"image\":{\"@type\":\"ImageObject\",\"inLanguage\":\"fr-BE\",\"@id\":\"https:\/\/vieassociative.be\/actualites\/#\/schema\/person\/image\/\",\"url\":\"https:\/\/vieassociative.be\/actualites\/wp-content\/uploads\/2024\/09\/vie-associative-1-150x150.jpg\",\"contentUrl\":\"https:\/\/vieassociative.be\/actualites\/wp-content\/uploads\/2024\/09\/vie-associative-1-150x150.jpg\",\"caption\":\"Julien\"},\"description\":\"Je suis Julien, r\u00e9dacteur pour Vie Associative. Passionn\u00e9 par le monde associatif depuis plus de 10 ans, j'ai \u00e0 c\u0153ur de partager des histoires inspirantes et de mettre en lumi\u00e8re les initiatives locales. Mon objectif est de sensibiliser et d'encourager l'engagement communautaire \u00e0 travers mes articles.\",\"sameAs\":[\"https:\/\/vieassociative.be\/\"]}]}<\/script>\n<!-- \/ Yoast SEO plugin. -->","yoast_head_json":{"title":"Candidat du SPD \u00e0 la chanceli\u00e8re : Scholz ou Pistorius ? | Vie Associative","robots":{"index":"index","follow":"follow","max-snippet":"max-snippet:-1","max-image-preview":"max-image-preview:large","max-video-preview":"max-video-preview:-1"},"canonical":"https:\/\/vieassociative.be\/actualites\/candidat-du-spd-a-la-chanceliere-scholz-ou-pistorius\/","og_locale":"fr_FR","og_type":"article","og_title":"Candidat du SPD \u00e0 la chanceli\u00e8re : Scholz ou Pistorius ? | Vie Associative","og_description":"Olaf Scholz ou Boris Pistorius ? Il n\u2019y a pas que parmi la base du SPD des voix qui pr\u00e9f\u00e9reraient faire campagne avec le populaire","og_url":"https:\/\/vieassociative.be\/actualites\/candidat-du-spd-a-la-chanceliere-scholz-ou-pistorius\/","og_site_name":"Vie Associative","article_published_time":"2024-11-17T08:17:14+00:00","og_image":[{"url":"https:\/\/vieassociative.be\/actualites\/wp-content\/uploads\/2024\/11\/Candidat-du-SPD-a-la-chanceliere-Scholz-ou-Pistorius.jpg","type":"","width":"","height":""}],"author":"Julien","twitter_card":"summary_large_image","twitter_misc":{"\u00c9crit par":"Julien","Dur\u00e9e de lecture est.":"4 minutes"},"schema":{"@context":"https:\/\/schema.org","@graph":[{"@type":"Article","@id":"https:\/\/vieassociative.be\/actualites\/candidat-du-spd-a-la-chanceliere-scholz-ou-pistorius\/#article","isPartOf":{"@id":"https:\/\/vieassociative.be\/actualites\/candidat-du-spd-a-la-chanceliere-scholz-ou-pistorius\/"},"author":{"name":"Julien","@id":"https:\/\/vieassociative.be\/actualites\/#\/schema\/person\/b87ac4f82f9d4e7b7cec7395b679edc4"},"headline":"Candidat du SPD \u00e0 la chanceli\u00e8re : Scholz ou Pistorius ?","datePublished":"2024-11-17T08:17:14+00:00","dateModified":"2024-11-17T08:17:14+00:00","mainEntityOfPage":{"@id":"https:\/\/vieassociative.be\/actualites\/candidat-du-spd-a-la-chanceliere-scholz-ou-pistorius\/"},"wordCount":904,"publisher":{"@id":"https:\/\/vieassociative.be\/actualites\/#organization"},"image":{"@id":"https:\/\/vieassociative.be\/actualites\/candidat-du-spd-a-la-chanceliere-scholz-ou-pistorius\/#primaryimage"},"thumbnailUrl":"https:\/\/vieassociative.be\/actualites\/wp-content\/uploads\/2024\/11\/1731831434_Candidat-du-SPD-a-la-chanceliere-Scholz-ou-Pistorius.jpg","keywords":["Candidat","chanceli\u00e8re","Pistorius","Scholz","SPD"],"articleSection":["Belgique"],"inLanguage":"fr-BE"},{"@type":"WebPage","@id":"https:\/\/vieassociative.be\/actualites\/candidat-du-spd-a-la-chanceliere-scholz-ou-pistorius\/","url":"https:\/\/vieassociative.be\/actualites\/candidat-du-spd-a-la-chanceliere-scholz-ou-pistorius\/","name":"Candidat du SPD \u00e0 la chanceli\u00e8re : Scholz ou Pistorius ? | Vie Associative","isPartOf":{"@id":"https:\/\/vieassociative.be\/actualites\/#website"},"primaryImageOfPage":{"@id":"https:\/\/vieassociative.be\/actualites\/candidat-du-spd-a-la-chanceliere-scholz-ou-pistorius\/#primaryimage"},"image":{"@id":"https:\/\/vieassociative.be\/actualites\/candidat-du-spd-a-la-chanceliere-scholz-ou-pistorius\/#primaryimage"},"thumbnailUrl":"https:\/\/vieassociative.be\/actualites\/wp-content\/uploads\/2024\/11\/1731831434_Candidat-du-SPD-a-la-chanceliere-Scholz-ou-Pistorius.jpg","datePublished":"2024-11-17T08:17:14+00:00","dateModified":"2024-11-17T08:17:14+00:00","breadcrumb":{"@id":"https:\/\/vieassociative.be\/actualites\/candidat-du-spd-a-la-chanceliere-scholz-ou-pistorius\/#breadcrumb"},"inLanguage":"fr-BE","potentialAction":[{"@type":"ReadAction","target":["https:\/\/vieassociative.be\/actualites\/candidat-du-spd-a-la-chanceliere-scholz-ou-pistorius\/"]}]},{"@type":"ImageObject","inLanguage":"fr-BE","@id":"https:\/\/vieassociative.be\/actualites\/candidat-du-spd-a-la-chanceliere-scholz-ou-pistorius\/#primaryimage","url":"https:\/\/vieassociative.be\/actualites\/wp-content\/uploads\/2024\/11\/1731831434_Candidat-du-SPD-a-la-chanceliere-Scholz-ou-Pistorius.jpg","contentUrl":"https:\/\/vieassociative.be\/actualites\/wp-content\/uploads\/2024\/11\/1731831434_Candidat-du-SPD-a-la-chanceliere-Scholz-ou-Pistorius.jpg","width":1200,"height":852,"caption":"Candidat du SPD \u00e0 la chanceli\u00e8re : Scholz ou Pistorius ?"},{"@type":"BreadcrumbList","@id":"https:\/\/vieassociative.be\/actualites\/candidat-du-spd-a-la-chanceliere-scholz-ou-pistorius\/#breadcrumb","itemListElement":[{"@type":"ListItem","position":1,"name":"Accueil","item":"https:\/\/vieassociative.be\/actualites\/"},{"@type":"ListItem","position":2,"name":"Candidat du SPD \u00e0 la chanceli\u00e8re : Scholz ou Pistorius ?"}]},{"@type":"WebSite","@id":"https:\/\/vieassociative.be\/actualites\/#website","url":"https:\/\/vieassociative.be\/actualites\/","name":"Vie Associative","description":"","publisher":{"@id":"https:\/\/vieassociative.be\/actualites\/#organization"},"potentialAction":[{"@type":"SearchAction","target":{"@type":"EntryPoint","urlTemplate":"https:\/\/vieassociative.be\/actualites\/?s={search_term_string}"},"query-input":{"@type":"PropertyValueSpecification","valueRequired":true,"valueName":"search_term_string"}}],"inLanguage":"fr-BE"},{"@type":"Organization","@id":"https:\/\/vieassociative.be\/actualites\/#organization","name":"Vie Associative","url":"https:\/\/vieassociative.be\/actualites\/","logo":{"@type":"ImageObject","inLanguage":"fr-BE","@id":"https:\/\/vieassociative.be\/actualites\/#\/schema\/logo\/image\/","url":"https:\/\/vieassociative.be\/actualites\/wp-content\/uploads\/2024\/09\/cropped-vieassociative_favicon.ico.png","contentUrl":"https:\/\/vieassociative.be\/actualites\/wp-content\/uploads\/2024\/09\/cropped-vieassociative_favicon.ico.png","width":512,"height":512,"caption":"Vie Associative"},"image":{"@id":"https:\/\/vieassociative.be\/actualites\/#\/schema\/logo\/image\/"}},{"@type":"Person","@id":"https:\/\/vieassociative.be\/actualites\/#\/schema\/person\/b87ac4f82f9d4e7b7cec7395b679edc4","name":"Julien","image":{"@type":"ImageObject","inLanguage":"fr-BE","@id":"https:\/\/vieassociative.be\/actualites\/#\/schema\/person\/image\/","url":"https:\/\/vieassociative.be\/actualites\/wp-content\/uploads\/2024\/09\/vie-associative-1-150x150.jpg","contentUrl":"https:\/\/vieassociative.be\/actualites\/wp-content\/uploads\/2024\/09\/vie-associative-1-150x150.jpg","caption":"Julien"},"description":"Je suis Julien, r\u00e9dacteur pour Vie Associative. Passionn\u00e9 par le monde associatif depuis plus de 10 ans, j'ai \u00e0 c\u0153ur de partager des histoires inspirantes et de mettre en lumi\u00e8re les initiatives locales. Mon objectif est de sensibiliser et d'encourager l'engagement communautaire \u00e0 travers mes articles.","sameAs":["https:\/\/vieassociative.be\/"]}]}},"_links":{"self":[{"href":"https:\/\/vieassociative.be\/actualites\/wp-json\/wp\/v2\/posts\/2507"}],"collection":[{"href":"https:\/\/vieassociative.be\/actualites\/wp-json\/wp\/v2\/posts"}],"about":[{"href":"https:\/\/vieassociative.be\/actualites\/wp-json\/wp\/v2\/types\/post"}],"author":[{"embeddable":true,"href":"https:\/\/vieassociative.be\/actualites\/wp-json\/wp\/v2\/users\/1"}],"replies":[{"embeddable":true,"href":"https:\/\/vieassociative.be\/actualites\/wp-json\/wp\/v2\/comments?post=2507"}],"version-history":[{"count":0,"href":"https:\/\/vieassociative.be\/actualites\/wp-json\/wp\/v2\/posts\/2507\/revisions"}],"wp:featuredmedia":[{"embeddable":true,"href":"https:\/\/vieassociative.be\/actualites\/wp-json\/wp\/v2\/media\/2508"}],"wp:attachment":[{"href":"https:\/\/vieassociative.be\/actualites\/wp-json\/wp\/v2\/media?parent=2507"}],"wp:term":[{"taxonomy":"category","embeddable":true,"href":"https:\/\/vieassociative.be\/actualites\/wp-json\/wp\/v2\/categories?post=2507"},{"taxonomy":"post_tag","embeddable":true,"href":"https:\/\/vieassociative.be\/actualites\/wp-json\/wp\/v2\/tags?post=2507"}],"curies":[{"name":"wp","href":"https:\/\/api.w.org\/{rel}","templated":true}]}}