{"id":2505,"date":"2024-11-17T08:17:10","date_gmt":"2024-11-17T07:17:10","guid":{"rendered":"https:\/\/vieassociative.be\/actualites\/x-peut-utiliser-vos-donnees-pour-la-formation-en-ia-meme-si-vous-vous-desabonnez\/"},"modified":"2024-11-17T08:17:10","modified_gmt":"2024-11-17T07:17:10","slug":"x-peut-utiliser-vos-donnees-pour-la-formation-en-ia-meme-si-vous-vous-desabonnez","status":"publish","type":"post","link":"https:\/\/vieassociative.be\/actualites\/x-peut-utiliser-vos-donnees-pour-la-formation-en-ia-meme-si-vous-vous-desabonnez\/","title":{"rendered":"X peut utiliser vos donn\u00e9es pour la formation en IA, m\u00eame si vous vous d\u00e9sabonnez"},"content":{"rendered":"<div class=\"mt-4 leading-6 md:mb-8\">On ne sait pas vraiment si le fait de se retirer de la formation en IA signifie quelque chose.<\/div>\n<p><\/p>\n<p>Depuis le soir des \u00e9lections du 5 novembre, j&rsquo;ai constat\u00e9 un exode massif de mes mutuelles X du site. Ce n\u2019est pas tr\u00e8s surprenant : le propri\u00e9taire Elon Musk a clairement exprim\u00e9 ses affiliations politiques, et ceux qui ne veulent pas le soutenir financi\u00e8rement rebondissent naturellement. Je suis moi-m\u00eame rest\u00e9 uniquement \u00e0 cause du travail, m\u00eame si j&rsquo;ai arr\u00eat\u00e9 de poster aussi souvent. Cependant, une nouvelle mise \u00e0 jour des conditions d&rsquo;utilisation de X fait m\u00eame passer mon doigt sur le bouton de d\u00e9sactivation du compte (m\u00eame s&rsquo;il existe techniquement une meilleure fa\u00e7on de laisser Twitter derri\u00e8re).<\/p>\n<p>\u00c0 partir d\u2019aujourd\u2019hui, X est d\u00e9sormais autoris\u00e9 \u00e0 commencer \u00e0 transmettre toutes vos publications \u00e0 ses mod\u00e8les d\u2019IA, peut-\u00eatre m\u00eame si vous le souhaitez. L\u2019ampleur de la situation n\u2019est pas tout \u00e0 fait claire, mais ind\u00e9pendamment de ce qui se passe r\u00e9ellement dans les coulisses, le langage n\u2019est pas encourageant.<\/p>\n<p>Fra\u00eechement ajout\u00e9e au sous-titre \u00ab\u00a0Vos droits et octroi de droits sur le contenu\u00a0\u00bb des termes se trouve une nouvelle mention de l&rsquo;IA de X, qui se lit comme suit\u00a0:<\/p>\n<p>\u00ab\u00a0En soumettant, publiant ou affichant du Contenu sur ou via les Services, vous nous accordez une licence mondiale, non exclusive et libre de droits (avec le droit de conc\u00e9der une sous-licence) (et) vous acceptez que cette licence inclut le droit pour nous de ( i) analyser le texte et les autres informations que vous fournissez et fournir, promouvoir et am\u00e9liorer les Services, y compris&#8230;<strong>pour une utilisation et une formation de nos mod\u00e8les d&rsquo;apprentissage automatique et d&rsquo;intelligence artificielle, qu&rsquo;ils soient g\u00e9n\u00e9ratifs ou autres<\/strong>\u00ab\u00a0.<\/p>\n<p>J&rsquo;ai surlign\u00e9 le nouveau texte en gras. Bien que la licence non exclusive et libre de droits elle-m\u00eame soit plut\u00f4t typique d&rsquo;un site de r\u00e9seau social, les conditions mises \u00e0 jour signifient d\u00e9sormais essentiellement qu&rsquo;en continuant \u00e0 utiliser le site, vous acceptez que X entra\u00eene l&rsquo;IA \u00e0 partir de vos publications.<\/p>\n<p>Cela seul inqui\u00e8te les utilisateurs, mais ce qui les rend confus, c&rsquo;est que techniquement, X a d\u00e9j\u00e0 ouvertement entra\u00een\u00e9 son IA sur les publications des utilisateurs, avec la mise en garde qu&rsquo;il dispose d&rsquo;une bascule de d\u00e9sinscription claire. Au moment de la r\u00e9daction de cet article, cette option s&rsquo;affiche toujours sur mobile et sur ordinateur, mais avec le nouveau langage, il n&rsquo;est pas clair si elle fait r\u00e9ellement quelque chose maintenant, ou si les nouvelles conditions d&rsquo;utilisation auront pr\u00e9s\u00e9ance si X choisit d&rsquo;ignorer les informations d&rsquo;un utilisateur. statut de d\u00e9sinscription.<\/p>\n<p>Malheureusement, il est peu probable qu&rsquo;il y ait une r\u00e9ponse claire jusqu&rsquo;\u00e0 ce que quelqu&rsquo;un conteste le piratage de l&rsquo;IA devant les tribunaux, ce qui pr\u00e9sente ses propres difficult\u00e9s. Selon la mise \u00e0 jour, toute poursuite concernant les conditions de Twitter serait supervis\u00e9e soit par \u00ab le tribunal de district am\u00e9ricain du district nord du Texas, soit par les tribunaux d&rsquo;\u00c9tat situ\u00e9s dans le comt\u00e9 de Tarrant, au Texas \u00bb, tous deux connus pour leurs juges conservateurs. Compte tenu des tendances politiques de Musk, ainsi que de l&#8217;emplacement du si\u00e8ge social de X dans l&rsquo;\u00c9tat, il est possible que le tribunal favorise l&rsquo;entreprise.<\/p>\n<p>X n\u2019a pas imm\u00e9diatement r\u00e9pondu \u00e0 la demande de clarification de Vie Associative. Sans communication claire, la question de savoir si vous faites confiance \u00e0 l&rsquo;IA de X pour ne pas r\u00e9cup\u00e9rer vos donn\u00e9es d\u00e9pend d\u00e9sormais du syst\u00e8me d&rsquo;honneur. Si cela vous semble un peu fragile, je comprends : voici un guide sur la fa\u00e7on de migrer votre compte vers Bluesky, une alternative populaire \u00e0 Twitter qui a connu une augmentation massive du nombre d&rsquo;utilisateurs au milieu de l&rsquo;exode actuel de Twitter.<\/p>\n<p><script async src=\"\/\/www.instagram.com\/embed.js\"><\/script><\/p>\n","protected":false},"excerpt":{"rendered":"<p>On ne sait pas vraiment si le fait de se retirer de la formation en IA signifie quelque chose. Depuis le soir des \u00e9lections du<\/p>\n","protected":false},"author":1,"featured_media":2506,"comment_status":"","ping_status":"","sticky":false,"template":"","format":"standard","meta":{"footnotes":""},"categories":[13],"tags":[3246,154,3245,891,22,81,239,27,4],"class_list":["post-2505","post","type-post","status-publish","format-standard","has-post-thumbnail","hentry","category-technologie","tag-desabonnez","tag-donnees","tag-formation","tag-meme","tag-peut","tag-pour","tag-utiliser","tag-vos","tag-vous","generate-columns","tablet-grid-50","mobile-grid-100","grid-parent","grid-33"],"yoast_head":"<!-- This site is optimized with the Yoast SEO plugin v24.0 - https:\/\/yoast.com\/wordpress\/plugins\/seo\/ -->\n<title>X peut utiliser vos donn\u00e9es pour la formation en IA, m\u00eame si vous vous d\u00e9sabonnez | Vie Associative<\/title>\n<meta name=\"robots\" content=\"index, follow, max-snippet:-1, max-image-preview:large, max-video-preview:-1\" \/>\n<link rel=\"canonical\" href=\"https:\/\/vieassociative.be\/actualites\/x-peut-utiliser-vos-donnees-pour-la-formation-en-ia-meme-si-vous-vous-desabonnez\/\" \/>\n<meta property=\"og:locale\" content=\"fr_FR\" \/>\n<meta property=\"og:type\" content=\"article\" \/>\n<meta property=\"og:title\" content=\"X peut utiliser vos donn\u00e9es pour la formation en IA, m\u00eame si vous vous d\u00e9sabonnez | Vie Associative\" \/>\n<meta property=\"og:description\" content=\"On ne sait pas vraiment si le fait de se retirer de la formation en IA signifie quelque chose. Depuis le soir des \u00e9lections du\" \/>\n<meta property=\"og:url\" content=\"https:\/\/vieassociative.be\/actualites\/x-peut-utiliser-vos-donnees-pour-la-formation-en-ia-meme-si-vous-vous-desabonnez\/\" \/>\n<meta property=\"og:site_name\" content=\"Vie Associative\" \/>\n<meta property=\"article:published_time\" content=\"2024-11-17T07:17:10+00:00\" \/>\n<meta property=\"og:image\" content=\"https:\/\/vieassociative.be\/actualites\/wp-content\/uploads\/2024\/09\/header_backgroundk-01-e1726694325946.png\" \/>\n\t<meta property=\"og:image:width\" content=\"279\" \/>\n\t<meta property=\"og:image:height\" content=\"92\" \/>\n\t<meta property=\"og:image:type\" content=\"image\/png\" \/>\n<meta name=\"author\" content=\"Julien\" \/>\n<meta name=\"twitter:card\" content=\"summary_large_image\" \/>\n<meta name=\"twitter:label1\" content=\"\u00c9crit par\" \/>\n\t<meta name=\"twitter:data1\" content=\"Julien\" \/>\n\t<meta name=\"twitter:label2\" content=\"Dur\u00e9e de lecture est.\" \/>\n\t<meta name=\"twitter:data2\" content=\"3 minutes\" \/>\n<script type=\"application\/ld+json\" class=\"yoast-schema-graph\">{\"@context\":\"https:\/\/schema.org\",\"@graph\":[{\"@type\":\"Article\",\"@id\":\"https:\/\/vieassociative.be\/actualites\/x-peut-utiliser-vos-donnees-pour-la-formation-en-ia-meme-si-vous-vous-desabonnez\/#article\",\"isPartOf\":{\"@id\":\"https:\/\/vieassociative.be\/actualites\/x-peut-utiliser-vos-donnees-pour-la-formation-en-ia-meme-si-vous-vous-desabonnez\/\"},\"author\":{\"name\":\"Julien\",\"@id\":\"https:\/\/vieassociative.be\/actualites\/#\/schema\/person\/b87ac4f82f9d4e7b7cec7395b679edc4\"},\"headline\":\"X peut utiliser vos donn\u00e9es pour la formation en IA, m\u00eame si vous vous d\u00e9sabonnez\",\"datePublished\":\"2024-11-17T07:17:10+00:00\",\"dateModified\":\"2024-11-17T07:17:10+00:00\",\"mainEntityOfPage\":{\"@id\":\"https:\/\/vieassociative.be\/actualites\/x-peut-utiliser-vos-donnees-pour-la-formation-en-ia-meme-si-vous-vous-desabonnez\/\"},\"wordCount\":695,\"publisher\":{\"@id\":\"https:\/\/vieassociative.be\/actualites\/#organization\"},\"image\":{\"@id\":\"https:\/\/vieassociative.be\/actualites\/x-peut-utiliser-vos-donnees-pour-la-formation-en-ia-meme-si-vous-vous-desabonnez\/#primaryimage\"},\"thumbnailUrl\":\"https:\/\/vieassociative.be\/actualites\/wp-content\/uploads\/2024\/11\/X-peut-utiliser-vos-donnees-pour-la-formation-en-IA.png\",\"keywords\":[\"d\u00e9sabonnez\",\"donn\u00e9es\",\"formation\",\"m\u00eame\",\"peut\",\"pour\",\"utiliser\",\"vos\",\"Vous\"],\"articleSection\":[\"Technologie\"],\"inLanguage\":\"fr-BE\"},{\"@type\":\"WebPage\",\"@id\":\"https:\/\/vieassociative.be\/actualites\/x-peut-utiliser-vos-donnees-pour-la-formation-en-ia-meme-si-vous-vous-desabonnez\/\",\"url\":\"https:\/\/vieassociative.be\/actualites\/x-peut-utiliser-vos-donnees-pour-la-formation-en-ia-meme-si-vous-vous-desabonnez\/\",\"name\":\"X peut utiliser vos donn\u00e9es pour la formation en IA, m\u00eame si vous vous d\u00e9sabonnez | Vie Associative\",\"isPartOf\":{\"@id\":\"https:\/\/vieassociative.be\/actualites\/#website\"},\"primaryImageOfPage\":{\"@id\":\"https:\/\/vieassociative.be\/actualites\/x-peut-utiliser-vos-donnees-pour-la-formation-en-ia-meme-si-vous-vous-desabonnez\/#primaryimage\"},\"image\":{\"@id\":\"https:\/\/vieassociative.be\/actualites\/x-peut-utiliser-vos-donnees-pour-la-formation-en-ia-meme-si-vous-vous-desabonnez\/#primaryimage\"},\"thumbnailUrl\":\"https:\/\/vieassociative.be\/actualites\/wp-content\/uploads\/2024\/11\/X-peut-utiliser-vos-donnees-pour-la-formation-en-IA.png\",\"datePublished\":\"2024-11-17T07:17:10+00:00\",\"dateModified\":\"2024-11-17T07:17:10+00:00\",\"breadcrumb\":{\"@id\":\"https:\/\/vieassociative.be\/actualites\/x-peut-utiliser-vos-donnees-pour-la-formation-en-ia-meme-si-vous-vous-desabonnez\/#breadcrumb\"},\"inLanguage\":\"fr-BE\",\"potentialAction\":[{\"@type\":\"ReadAction\",\"target\":[\"https:\/\/vieassociative.be\/actualites\/x-peut-utiliser-vos-donnees-pour-la-formation-en-ia-meme-si-vous-vous-desabonnez\/\"]}]},{\"@type\":\"ImageObject\",\"inLanguage\":\"fr-BE\",\"@id\":\"https:\/\/vieassociative.be\/actualites\/x-peut-utiliser-vos-donnees-pour-la-formation-en-ia-meme-si-vous-vous-desabonnez\/#primaryimage\",\"url\":\"https:\/\/vieassociative.be\/actualites\/wp-content\/uploads\/2024\/11\/X-peut-utiliser-vos-donnees-pour-la-formation-en-IA.png\",\"contentUrl\":\"https:\/\/vieassociative.be\/actualites\/wp-content\/uploads\/2024\/11\/X-peut-utiliser-vos-donnees-pour-la-formation-en-IA.png\",\"width\":1200,\"height\":675,\"caption\":\"X peut utiliser vos donn\u00e9es pour la formation en IA, m\u00eame si vous vous d\u00e9sabonnez\"},{\"@type\":\"BreadcrumbList\",\"@id\":\"https:\/\/vieassociative.be\/actualites\/x-peut-utiliser-vos-donnees-pour-la-formation-en-ia-meme-si-vous-vous-desabonnez\/#breadcrumb\",\"itemListElement\":[{\"@type\":\"ListItem\",\"position\":1,\"name\":\"Accueil\",\"item\":\"https:\/\/vieassociative.be\/actualites\/\"},{\"@type\":\"ListItem\",\"position\":2,\"name\":\"X peut utiliser vos donn\u00e9es pour la formation en IA, m\u00eame si vous vous d\u00e9sabonnez\"}]},{\"@type\":\"WebSite\",\"@id\":\"https:\/\/vieassociative.be\/actualites\/#website\",\"url\":\"https:\/\/vieassociative.be\/actualites\/\",\"name\":\"Vie Associative\",\"description\":\"\",\"publisher\":{\"@id\":\"https:\/\/vieassociative.be\/actualites\/#organization\"},\"potentialAction\":[{\"@type\":\"SearchAction\",\"target\":{\"@type\":\"EntryPoint\",\"urlTemplate\":\"https:\/\/vieassociative.be\/actualites\/?s={search_term_string}\"},\"query-input\":{\"@type\":\"PropertyValueSpecification\",\"valueRequired\":true,\"valueName\":\"search_term_string\"}}],\"inLanguage\":\"fr-BE\"},{\"@type\":\"Organization\",\"@id\":\"https:\/\/vieassociative.be\/actualites\/#organization\",\"name\":\"Vie Associative\",\"url\":\"https:\/\/vieassociative.be\/actualites\/\",\"logo\":{\"@type\":\"ImageObject\",\"inLanguage\":\"fr-BE\",\"@id\":\"https:\/\/vieassociative.be\/actualites\/#\/schema\/logo\/image\/\",\"url\":\"https:\/\/vieassociative.be\/actualites\/wp-content\/uploads\/2024\/09\/cropped-vieassociative_favicon.ico.png\",\"contentUrl\":\"https:\/\/vieassociative.be\/actualites\/wp-content\/uploads\/2024\/09\/cropped-vieassociative_favicon.ico.png\",\"width\":512,\"height\":512,\"caption\":\"Vie Associative\"},\"image\":{\"@id\":\"https:\/\/vieassociative.be\/actualites\/#\/schema\/logo\/image\/\"}},{\"@type\":\"Person\",\"@id\":\"https:\/\/vieassociative.be\/actualites\/#\/schema\/person\/b87ac4f82f9d4e7b7cec7395b679edc4\",\"name\":\"Julien\",\"image\":{\"@type\":\"ImageObject\",\"inLanguage\":\"fr-BE\",\"@id\":\"https:\/\/vieassociative.be\/actualites\/#\/schema\/person\/image\/\",\"url\":\"https:\/\/vieassociative.be\/actualites\/wp-content\/uploads\/2024\/09\/vie-associative-1-150x150.jpg\",\"contentUrl\":\"https:\/\/vieassociative.be\/actualites\/wp-content\/uploads\/2024\/09\/vie-associative-1-150x150.jpg\",\"caption\":\"Julien\"},\"description\":\"Je suis Julien, r\u00e9dacteur pour Vie Associative. Passionn\u00e9 par le monde associatif depuis plus de 10 ans, j'ai \u00e0 c\u0153ur de partager des histoires inspirantes et de mettre en lumi\u00e8re les initiatives locales. Mon objectif est de sensibiliser et d'encourager l'engagement communautaire \u00e0 travers mes articles.\",\"sameAs\":[\"https:\/\/vieassociative.be\/\"]}]}<\/script>\n<!-- \/ Yoast SEO plugin. -->","yoast_head_json":{"title":"X peut utiliser vos donn\u00e9es pour la formation en IA, m\u00eame si vous vous d\u00e9sabonnez | Vie Associative","robots":{"index":"index","follow":"follow","max-snippet":"max-snippet:-1","max-image-preview":"max-image-preview:large","max-video-preview":"max-video-preview:-1"},"canonical":"https:\/\/vieassociative.be\/actualites\/x-peut-utiliser-vos-donnees-pour-la-formation-en-ia-meme-si-vous-vous-desabonnez\/","og_locale":"fr_FR","og_type":"article","og_title":"X peut utiliser vos donn\u00e9es pour la formation en IA, m\u00eame si vous vous d\u00e9sabonnez | Vie Associative","og_description":"On ne sait pas vraiment si le fait de se retirer de la formation en IA signifie quelque chose. Depuis le soir des \u00e9lections du","og_url":"https:\/\/vieassociative.be\/actualites\/x-peut-utiliser-vos-donnees-pour-la-formation-en-ia-meme-si-vous-vous-desabonnez\/","og_site_name":"Vie Associative","article_published_time":"2024-11-17T07:17:10+00:00","og_image":[{"width":279,"height":92,"url":"https:\/\/vieassociative.be\/actualites\/wp-content\/uploads\/2024\/09\/header_backgroundk-01-e1726694325946.png","type":"image\/png"}],"author":"Julien","twitter_card":"summary_large_image","twitter_misc":{"\u00c9crit par":"Julien","Dur\u00e9e de lecture est.":"3 minutes"},"schema":{"@context":"https:\/\/schema.org","@graph":[{"@type":"Article","@id":"https:\/\/vieassociative.be\/actualites\/x-peut-utiliser-vos-donnees-pour-la-formation-en-ia-meme-si-vous-vous-desabonnez\/#article","isPartOf":{"@id":"https:\/\/vieassociative.be\/actualites\/x-peut-utiliser-vos-donnees-pour-la-formation-en-ia-meme-si-vous-vous-desabonnez\/"},"author":{"name":"Julien","@id":"https:\/\/vieassociative.be\/actualites\/#\/schema\/person\/b87ac4f82f9d4e7b7cec7395b679edc4"},"headline":"X peut utiliser vos donn\u00e9es pour la formation en IA, m\u00eame si vous vous d\u00e9sabonnez","datePublished":"2024-11-17T07:17:10+00:00","dateModified":"2024-11-17T07:17:10+00:00","mainEntityOfPage":{"@id":"https:\/\/vieassociative.be\/actualites\/x-peut-utiliser-vos-donnees-pour-la-formation-en-ia-meme-si-vous-vous-desabonnez\/"},"wordCount":695,"publisher":{"@id":"https:\/\/vieassociative.be\/actualites\/#organization"},"image":{"@id":"https:\/\/vieassociative.be\/actualites\/x-peut-utiliser-vos-donnees-pour-la-formation-en-ia-meme-si-vous-vous-desabonnez\/#primaryimage"},"thumbnailUrl":"https:\/\/vieassociative.be\/actualites\/wp-content\/uploads\/2024\/11\/X-peut-utiliser-vos-donnees-pour-la-formation-en-IA.png","keywords":["d\u00e9sabonnez","donn\u00e9es","formation","m\u00eame","peut","pour","utiliser","vos","Vous"],"articleSection":["Technologie"],"inLanguage":"fr-BE"},{"@type":"WebPage","@id":"https:\/\/vieassociative.be\/actualites\/x-peut-utiliser-vos-donnees-pour-la-formation-en-ia-meme-si-vous-vous-desabonnez\/","url":"https:\/\/vieassociative.be\/actualites\/x-peut-utiliser-vos-donnees-pour-la-formation-en-ia-meme-si-vous-vous-desabonnez\/","name":"X peut utiliser vos donn\u00e9es pour la formation en IA, m\u00eame si vous vous d\u00e9sabonnez | Vie Associative","isPartOf":{"@id":"https:\/\/vieassociative.be\/actualites\/#website"},"primaryImageOfPage":{"@id":"https:\/\/vieassociative.be\/actualites\/x-peut-utiliser-vos-donnees-pour-la-formation-en-ia-meme-si-vous-vous-desabonnez\/#primaryimage"},"image":{"@id":"https:\/\/vieassociative.be\/actualites\/x-peut-utiliser-vos-donnees-pour-la-formation-en-ia-meme-si-vous-vous-desabonnez\/#primaryimage"},"thumbnailUrl":"https:\/\/vieassociative.be\/actualites\/wp-content\/uploads\/2024\/11\/X-peut-utiliser-vos-donnees-pour-la-formation-en-IA.png","datePublished":"2024-11-17T07:17:10+00:00","dateModified":"2024-11-17T07:17:10+00:00","breadcrumb":{"@id":"https:\/\/vieassociative.be\/actualites\/x-peut-utiliser-vos-donnees-pour-la-formation-en-ia-meme-si-vous-vous-desabonnez\/#breadcrumb"},"inLanguage":"fr-BE","potentialAction":[{"@type":"ReadAction","target":["https:\/\/vieassociative.be\/actualites\/x-peut-utiliser-vos-donnees-pour-la-formation-en-ia-meme-si-vous-vous-desabonnez\/"]}]},{"@type":"ImageObject","inLanguage":"fr-BE","@id":"https:\/\/vieassociative.be\/actualites\/x-peut-utiliser-vos-donnees-pour-la-formation-en-ia-meme-si-vous-vous-desabonnez\/#primaryimage","url":"https:\/\/vieassociative.be\/actualites\/wp-content\/uploads\/2024\/11\/X-peut-utiliser-vos-donnees-pour-la-formation-en-IA.png","contentUrl":"https:\/\/vieassociative.be\/actualites\/wp-content\/uploads\/2024\/11\/X-peut-utiliser-vos-donnees-pour-la-formation-en-IA.png","width":1200,"height":675,"caption":"X peut utiliser vos donn\u00e9es pour la formation en IA, m\u00eame si vous vous d\u00e9sabonnez"},{"@type":"BreadcrumbList","@id":"https:\/\/vieassociative.be\/actualites\/x-peut-utiliser-vos-donnees-pour-la-formation-en-ia-meme-si-vous-vous-desabonnez\/#breadcrumb","itemListElement":[{"@type":"ListItem","position":1,"name":"Accueil","item":"https:\/\/vieassociative.be\/actualites\/"},{"@type":"ListItem","position":2,"name":"X peut utiliser vos donn\u00e9es pour la formation en IA, m\u00eame si vous vous d\u00e9sabonnez"}]},{"@type":"WebSite","@id":"https:\/\/vieassociative.be\/actualites\/#website","url":"https:\/\/vieassociative.be\/actualites\/","name":"Vie Associative","description":"","publisher":{"@id":"https:\/\/vieassociative.be\/actualites\/#organization"},"potentialAction":[{"@type":"SearchAction","target":{"@type":"EntryPoint","urlTemplate":"https:\/\/vieassociative.be\/actualites\/?s={search_term_string}"},"query-input":{"@type":"PropertyValueSpecification","valueRequired":true,"valueName":"search_term_string"}}],"inLanguage":"fr-BE"},{"@type":"Organization","@id":"https:\/\/vieassociative.be\/actualites\/#organization","name":"Vie Associative","url":"https:\/\/vieassociative.be\/actualites\/","logo":{"@type":"ImageObject","inLanguage":"fr-BE","@id":"https:\/\/vieassociative.be\/actualites\/#\/schema\/logo\/image\/","url":"https:\/\/vieassociative.be\/actualites\/wp-content\/uploads\/2024\/09\/cropped-vieassociative_favicon.ico.png","contentUrl":"https:\/\/vieassociative.be\/actualites\/wp-content\/uploads\/2024\/09\/cropped-vieassociative_favicon.ico.png","width":512,"height":512,"caption":"Vie Associative"},"image":{"@id":"https:\/\/vieassociative.be\/actualites\/#\/schema\/logo\/image\/"}},{"@type":"Person","@id":"https:\/\/vieassociative.be\/actualites\/#\/schema\/person\/b87ac4f82f9d4e7b7cec7395b679edc4","name":"Julien","image":{"@type":"ImageObject","inLanguage":"fr-BE","@id":"https:\/\/vieassociative.be\/actualites\/#\/schema\/person\/image\/","url":"https:\/\/vieassociative.be\/actualites\/wp-content\/uploads\/2024\/09\/vie-associative-1-150x150.jpg","contentUrl":"https:\/\/vieassociative.be\/actualites\/wp-content\/uploads\/2024\/09\/vie-associative-1-150x150.jpg","caption":"Julien"},"description":"Je suis Julien, r\u00e9dacteur pour Vie Associative. Passionn\u00e9 par le monde associatif depuis plus de 10 ans, j'ai \u00e0 c\u0153ur de partager des histoires inspirantes et de mettre en lumi\u00e8re les initiatives locales. Mon objectif est de sensibiliser et d'encourager l'engagement communautaire \u00e0 travers mes articles.","sameAs":["https:\/\/vieassociative.be\/"]}]}},"_links":{"self":[{"href":"https:\/\/vieassociative.be\/actualites\/wp-json\/wp\/v2\/posts\/2505"}],"collection":[{"href":"https:\/\/vieassociative.be\/actualites\/wp-json\/wp\/v2\/posts"}],"about":[{"href":"https:\/\/vieassociative.be\/actualites\/wp-json\/wp\/v2\/types\/post"}],"author":[{"embeddable":true,"href":"https:\/\/vieassociative.be\/actualites\/wp-json\/wp\/v2\/users\/1"}],"replies":[{"embeddable":true,"href":"https:\/\/vieassociative.be\/actualites\/wp-json\/wp\/v2\/comments?post=2505"}],"version-history":[{"count":0,"href":"https:\/\/vieassociative.be\/actualites\/wp-json\/wp\/v2\/posts\/2505\/revisions"}],"wp:featuredmedia":[{"embeddable":true,"href":"https:\/\/vieassociative.be\/actualites\/wp-json\/wp\/v2\/media\/2506"}],"wp:attachment":[{"href":"https:\/\/vieassociative.be\/actualites\/wp-json\/wp\/v2\/media?parent=2505"}],"wp:term":[{"taxonomy":"category","embeddable":true,"href":"https:\/\/vieassociative.be\/actualites\/wp-json\/wp\/v2\/categories?post=2505"},{"taxonomy":"post_tag","embeddable":true,"href":"https:\/\/vieassociative.be\/actualites\/wp-json\/wp\/v2\/tags?post=2505"}],"curies":[{"name":"wp","href":"https:\/\/api.w.org\/{rel}","templated":true}]}}