{"id":2498,"date":"2024-11-17T03:20:37","date_gmt":"2024-11-17T02:20:37","guid":{"rendered":"https:\/\/vieassociative.be\/actualites\/lallemagne-avec-plaisir-et-avidite-denregistrer-des-buts-et-de-remporter-le-groupe\/"},"modified":"2024-11-17T03:20:37","modified_gmt":"2024-11-17T02:20:37","slug":"lallemagne-avec-plaisir-et-avidite-denregistrer-des-buts-et-de-remporter-le-groupe","status":"publish","type":"post","link":"https:\/\/vieassociative.be\/actualites\/lallemagne-avec-plaisir-et-avidite-denregistrer-des-buts-et-de-remporter-le-groupe\/","title":{"rendered":"L&rsquo;Allemagne avec plaisir et avidit\u00e9 d&rsquo;enregistrer des buts et de remporter le groupe"},"content":{"rendered":"<p><strong>Une soir\u00e9e de gala pour l&rsquo;\u00e9quipe nationale allemande. Dirig\u00e9s par Jamal Musiala, ils font face \u00e0 une Bosnie-Herz\u00e9govine d\u00e9pass\u00e9e. L&rsquo;entra\u00eeneur national Julian Nagelsmann c\u00e9l\u00e8bre un record.<\/strong><\/p>\n<p><span id=\"more-402013\"><\/span>L&rsquo;\u00e9quipe nationale allemande a enthousiasm\u00e9 ses supporters avec un autre festival de football fantastique lors du dernier match \u00e0 domicile de l&rsquo;ann\u00e9e et a offert \u00e0 Julian Nagelsmann sa plus grande victoire \u00e0 ce jour en tant qu&rsquo;entra\u00eeneur national.<\/p>\n<p>Jamal Musiala comme nouveau monstre de la t\u00eate avec une frappe \u00e9clair apr\u00e8s seulement 80 secondes, Tim Kleindienst (23e minute) avec son premier but international et Kai Havertz (37e) a d\u00e9j\u00e0 marqu\u00e9 lors de la victoire 7-0 (3-0) contre la Bosnie-Herz\u00e9govine en premi\u00e8re mi-temps pour des conditions claires.<\/p>\n<div id=\"attachment_402019\" class=\"wp-caption alignleft\" style=\"max-width: 300px\"><img fetchpriority=\"high\" decoding=\"async\" class=\"wp-image-402019 size-medium\" src=\"https:\/\/vieassociative.be\/actualites\/wp-content\/uploads\/2024\/11\/LAllemagne-avec-plaisir-et-avidite-denregistrer-des-buts-et-de.jpg\" alt=\"\" width=\"300\" height=\"200\"><\/p>\n<p class=\"wp-caption-text\">16 novembre 2024, Bade-Wurtemberg, Fribourg im Breisgau : Florian Wirtz en Allemagne et Benjamin Tahirovic en Bosnie-Herz\u00e9govine se battent pour le ballon photo : Philipp von Ditfurth\/dpa.<\/p>\n<\/div>\n<p>Florian Wirtz (50e et 57e) avec un doubl\u00e9, Leroy San\u00e9 (67e) et encore Kleindienst (79e) ont remport\u00e9 la plus grande victoire allemande de la Ligue des Nations dans un football euphorique dans le stade Europa Park de Fribourg \u00e0 guichets ferm\u00e9s avec 28 143 spectateurs -Soir parfait. La derni\u00e8re fois que l&rsquo;Allemagne a gagn\u00e9 plus haut, c&rsquo;\u00e9tait il y a trois ans sous Hansi Flick lorsqu&rsquo;elle battait le Liechtenstein 9-0.<\/p>\n<p>Avant m\u00eame le d\u00e9placement \u00e0 Budapest pour le dernier match du tour pr\u00e9liminaire contre la Hongrie mardi, la victoire de groupe dans la comp\u00e9tition UEFA, que Nagelsmann avait d\u00e9clar\u00e9e comme un but, s&rsquo;est achev\u00e9e avec confiance. L&rsquo;effet positif de la premi\u00e8re place : en quarts de finale en mars, le capitaine Joshua Kimmich et ses coll\u00e8gues sont \u00e9pargn\u00e9s des duels \u00e0 \u00e9limination directe contre l&rsquo;Espagne, championne d&rsquo;Europe, ou contre le Portugal pour Cristiano Ronaldo. Nagelsmann d\u00e9couvrira vendredi prochain quel sera le dernier adversaire en route vers la finale en juin.<\/p>\n<p>Cependant, l&rsquo;\u00e9quipe nationale n&rsquo;a de toute fa\u00e7on pas \u00e0 craindre d&rsquo;adversaires sous cette forme. La Bosnie-Herz\u00e9govine, rel\u00e9gu\u00e9e en A-League, sous la direction de Sergej Barbarez, l&rsquo;a ressenti sans piti\u00e9. Apr\u00e8s la le\u00e7on de football amusant, Nagelsmann a remplac\u00e9 un quatuor autour de Musiala et Wirtz apr\u00e8s un peu moins de 60 minutes. Il n\u2019y a pas eu de pause dans le jeu allemand. (dpa)<\/p>\n","protected":false},"excerpt":{"rendered":"<p>Une soir\u00e9e de gala pour l&rsquo;\u00e9quipe nationale allemande. Dirig\u00e9s par Jamal Musiala, ils font face \u00e0 une Bosnie-Herz\u00e9govine d\u00e9pass\u00e9e. L&rsquo;entra\u00eeneur national Julian Nagelsmann c\u00e9l\u00e8bre un<\/p>\n","protected":false},"author":1,"featured_media":2499,"comment_status":"","ping_status":"","sticky":false,"template":"","format":"standard","meta":{"footnotes":""},"categories":[298],"tags":[61,3239,3241,3240,29,1827,2375,1964,3242],"class_list":["post-2498","post","type-post","status-publish","format-standard","has-post-thumbnail","hentry","category-belgique","tag-avec","tag-avidite","tag-buts","tag-denregistrer","tag-des","tag-groupe","tag-lallemagne","tag-plaisir","tag-remporter","generate-columns","tablet-grid-50","mobile-grid-100","grid-parent","grid-33"],"yoast_head":"<!-- This site is optimized with the Yoast SEO plugin v24.0 - https:\/\/yoast.com\/wordpress\/plugins\/seo\/ -->\n<title>L&#039;Allemagne avec plaisir et avidit\u00e9 d&#039;enregistrer des buts et de remporter le groupe | Vie Associative<\/title>\n<meta name=\"robots\" content=\"index, follow, max-snippet:-1, max-image-preview:large, max-video-preview:-1\" \/>\n<link rel=\"canonical\" href=\"https:\/\/vieassociative.be\/actualites\/lallemagne-avec-plaisir-et-avidite-denregistrer-des-buts-et-de-remporter-le-groupe\/\" \/>\n<meta property=\"og:locale\" content=\"fr_FR\" \/>\n<meta property=\"og:type\" content=\"article\" \/>\n<meta property=\"og:title\" content=\"L&#039;Allemagne avec plaisir et avidit\u00e9 d&#039;enregistrer des buts et de remporter le groupe | Vie Associative\" \/>\n<meta property=\"og:description\" content=\"Une soir\u00e9e de gala pour l&rsquo;\u00e9quipe nationale allemande. Dirig\u00e9s par Jamal Musiala, ils font face \u00e0 une Bosnie-Herz\u00e9govine d\u00e9pass\u00e9e. L&rsquo;entra\u00eeneur national Julian Nagelsmann c\u00e9l\u00e8bre un\" \/>\n<meta property=\"og:url\" content=\"https:\/\/vieassociative.be\/actualites\/lallemagne-avec-plaisir-et-avidite-denregistrer-des-buts-et-de-remporter-le-groupe\/\" \/>\n<meta property=\"og:site_name\" content=\"Vie Associative\" \/>\n<meta property=\"article:published_time\" content=\"2024-11-17T02:20:37+00:00\" \/>\n<meta property=\"og:image\" content=\"https:\/\/vieassociative.be\/actualites\/wp-content\/uploads\/2024\/11\/LAllemagne-avec-plaisir-et-avidite-denregistrer-des-buts-et-de.jpg\" \/>\n<meta name=\"author\" content=\"Julien\" \/>\n<meta name=\"twitter:card\" content=\"summary_large_image\" \/>\n<meta name=\"twitter:label1\" content=\"\u00c9crit par\" \/>\n\t<meta name=\"twitter:data1\" content=\"Julien\" \/>\n\t<meta name=\"twitter:label2\" content=\"Dur\u00e9e de lecture est.\" \/>\n\t<meta name=\"twitter:data2\" content=\"2 minutes\" \/>\n<script type=\"application\/ld+json\" class=\"yoast-schema-graph\">{\"@context\":\"https:\/\/schema.org\",\"@graph\":[{\"@type\":\"Article\",\"@id\":\"https:\/\/vieassociative.be\/actualites\/lallemagne-avec-plaisir-et-avidite-denregistrer-des-buts-et-de-remporter-le-groupe\/#article\",\"isPartOf\":{\"@id\":\"https:\/\/vieassociative.be\/actualites\/lallemagne-avec-plaisir-et-avidite-denregistrer-des-buts-et-de-remporter-le-groupe\/\"},\"author\":{\"name\":\"Julien\",\"@id\":\"https:\/\/vieassociative.be\/actualites\/#\/schema\/person\/b87ac4f82f9d4e7b7cec7395b679edc4\"},\"headline\":\"L&rsquo;Allemagne avec plaisir et avidit\u00e9 d&rsquo;enregistrer des buts et de remporter le groupe\",\"datePublished\":\"2024-11-17T02:20:37+00:00\",\"dateModified\":\"2024-11-17T02:20:37+00:00\",\"mainEntityOfPage\":{\"@id\":\"https:\/\/vieassociative.be\/actualites\/lallemagne-avec-plaisir-et-avidite-denregistrer-des-buts-et-de-remporter-le-groupe\/\"},\"wordCount\":416,\"publisher\":{\"@id\":\"https:\/\/vieassociative.be\/actualites\/#organization\"},\"image\":{\"@id\":\"https:\/\/vieassociative.be\/actualites\/lallemagne-avec-plaisir-et-avidite-denregistrer-des-buts-et-de-remporter-le-groupe\/#primaryimage\"},\"thumbnailUrl\":\"https:\/\/vieassociative.be\/actualites\/wp-content\/uploads\/2024\/11\/1731810037_LAllemagne-avec-plaisir-et-avidite-denregistrer-des-buts-et-de.jpg\",\"keywords\":[\"avec\",\"avidit\u00e9\",\"buts\",\"denregistrer\",\"Des\",\"groupe\",\"lAllemagne\",\"plaisir\",\"remporter\"],\"articleSection\":[\"Belgique\"],\"inLanguage\":\"fr-BE\"},{\"@type\":\"WebPage\",\"@id\":\"https:\/\/vieassociative.be\/actualites\/lallemagne-avec-plaisir-et-avidite-denregistrer-des-buts-et-de-remporter-le-groupe\/\",\"url\":\"https:\/\/vieassociative.be\/actualites\/lallemagne-avec-plaisir-et-avidite-denregistrer-des-buts-et-de-remporter-le-groupe\/\",\"name\":\"L'Allemagne avec plaisir et avidit\u00e9 d'enregistrer des buts et de remporter le groupe | Vie Associative\",\"isPartOf\":{\"@id\":\"https:\/\/vieassociative.be\/actualites\/#website\"},\"primaryImageOfPage\":{\"@id\":\"https:\/\/vieassociative.be\/actualites\/lallemagne-avec-plaisir-et-avidite-denregistrer-des-buts-et-de-remporter-le-groupe\/#primaryimage\"},\"image\":{\"@id\":\"https:\/\/vieassociative.be\/actualites\/lallemagne-avec-plaisir-et-avidite-denregistrer-des-buts-et-de-remporter-le-groupe\/#primaryimage\"},\"thumbnailUrl\":\"https:\/\/vieassociative.be\/actualites\/wp-content\/uploads\/2024\/11\/1731810037_LAllemagne-avec-plaisir-et-avidite-denregistrer-des-buts-et-de.jpg\",\"datePublished\":\"2024-11-17T02:20:37+00:00\",\"dateModified\":\"2024-11-17T02:20:37+00:00\",\"breadcrumb\":{\"@id\":\"https:\/\/vieassociative.be\/actualites\/lallemagne-avec-plaisir-et-avidite-denregistrer-des-buts-et-de-remporter-le-groupe\/#breadcrumb\"},\"inLanguage\":\"fr-BE\",\"potentialAction\":[{\"@type\":\"ReadAction\",\"target\":[\"https:\/\/vieassociative.be\/actualites\/lallemagne-avec-plaisir-et-avidite-denregistrer-des-buts-et-de-remporter-le-groupe\/\"]}]},{\"@type\":\"ImageObject\",\"inLanguage\":\"fr-BE\",\"@id\":\"https:\/\/vieassociative.be\/actualites\/lallemagne-avec-plaisir-et-avidite-denregistrer-des-buts-et-de-remporter-le-groupe\/#primaryimage\",\"url\":\"https:\/\/vieassociative.be\/actualites\/wp-content\/uploads\/2024\/11\/1731810037_LAllemagne-avec-plaisir-et-avidite-denregistrer-des-buts-et-de.jpg\",\"contentUrl\":\"https:\/\/vieassociative.be\/actualites\/wp-content\/uploads\/2024\/11\/1731810037_LAllemagne-avec-plaisir-et-avidite-denregistrer-des-buts-et-de.jpg\",\"width\":1200,\"height\":800,\"caption\":\"L'Allemagne avec plaisir et avidit\u00e9 d'enregistrer des buts et de remporter le groupe\"},{\"@type\":\"BreadcrumbList\",\"@id\":\"https:\/\/vieassociative.be\/actualites\/lallemagne-avec-plaisir-et-avidite-denregistrer-des-buts-et-de-remporter-le-groupe\/#breadcrumb\",\"itemListElement\":[{\"@type\":\"ListItem\",\"position\":1,\"name\":\"Accueil\",\"item\":\"https:\/\/vieassociative.be\/actualites\/\"},{\"@type\":\"ListItem\",\"position\":2,\"name\":\"L&rsquo;Allemagne avec plaisir et avidit\u00e9 d&rsquo;enregistrer des buts et de remporter le groupe\"}]},{\"@type\":\"WebSite\",\"@id\":\"https:\/\/vieassociative.be\/actualites\/#website\",\"url\":\"https:\/\/vieassociative.be\/actualites\/\",\"name\":\"Vie Associative\",\"description\":\"\",\"publisher\":{\"@id\":\"https:\/\/vieassociative.be\/actualites\/#organization\"},\"potentialAction\":[{\"@type\":\"SearchAction\",\"target\":{\"@type\":\"EntryPoint\",\"urlTemplate\":\"https:\/\/vieassociative.be\/actualites\/?s={search_term_string}\"},\"query-input\":{\"@type\":\"PropertyValueSpecification\",\"valueRequired\":true,\"valueName\":\"search_term_string\"}}],\"inLanguage\":\"fr-BE\"},{\"@type\":\"Organization\",\"@id\":\"https:\/\/vieassociative.be\/actualites\/#organization\",\"name\":\"Vie Associative\",\"url\":\"https:\/\/vieassociative.be\/actualites\/\",\"logo\":{\"@type\":\"ImageObject\",\"inLanguage\":\"fr-BE\",\"@id\":\"https:\/\/vieassociative.be\/actualites\/#\/schema\/logo\/image\/\",\"url\":\"https:\/\/vieassociative.be\/actualites\/wp-content\/uploads\/2024\/09\/cropped-vieassociative_favicon.ico.png\",\"contentUrl\":\"https:\/\/vieassociative.be\/actualites\/wp-content\/uploads\/2024\/09\/cropped-vieassociative_favicon.ico.png\",\"width\":512,\"height\":512,\"caption\":\"Vie Associative\"},\"image\":{\"@id\":\"https:\/\/vieassociative.be\/actualites\/#\/schema\/logo\/image\/\"}},{\"@type\":\"Person\",\"@id\":\"https:\/\/vieassociative.be\/actualites\/#\/schema\/person\/b87ac4f82f9d4e7b7cec7395b679edc4\",\"name\":\"Julien\",\"image\":{\"@type\":\"ImageObject\",\"inLanguage\":\"fr-BE\",\"@id\":\"https:\/\/vieassociative.be\/actualites\/#\/schema\/person\/image\/\",\"url\":\"https:\/\/vieassociative.be\/actualites\/wp-content\/uploads\/2024\/09\/vie-associative-1-150x150.jpg\",\"contentUrl\":\"https:\/\/vieassociative.be\/actualites\/wp-content\/uploads\/2024\/09\/vie-associative-1-150x150.jpg\",\"caption\":\"Julien\"},\"description\":\"Je suis Julien, r\u00e9dacteur pour Vie Associative. Passionn\u00e9 par le monde associatif depuis plus de 10 ans, j'ai \u00e0 c\u0153ur de partager des histoires inspirantes et de mettre en lumi\u00e8re les initiatives locales. Mon objectif est de sensibiliser et d'encourager l'engagement communautaire \u00e0 travers mes articles.\",\"sameAs\":[\"https:\/\/vieassociative.be\/\"]}]}<\/script>\n<!-- \/ Yoast SEO plugin. -->","yoast_head_json":{"title":"L'Allemagne avec plaisir et avidit\u00e9 d'enregistrer des buts et de remporter le groupe | Vie Associative","robots":{"index":"index","follow":"follow","max-snippet":"max-snippet:-1","max-image-preview":"max-image-preview:large","max-video-preview":"max-video-preview:-1"},"canonical":"https:\/\/vieassociative.be\/actualites\/lallemagne-avec-plaisir-et-avidite-denregistrer-des-buts-et-de-remporter-le-groupe\/","og_locale":"fr_FR","og_type":"article","og_title":"L'Allemagne avec plaisir et avidit\u00e9 d'enregistrer des buts et de remporter le groupe | Vie Associative","og_description":"Une soir\u00e9e de gala pour l&rsquo;\u00e9quipe nationale allemande. Dirig\u00e9s par Jamal Musiala, ils font face \u00e0 une Bosnie-Herz\u00e9govine d\u00e9pass\u00e9e. L&rsquo;entra\u00eeneur national Julian Nagelsmann c\u00e9l\u00e8bre un","og_url":"https:\/\/vieassociative.be\/actualites\/lallemagne-avec-plaisir-et-avidite-denregistrer-des-buts-et-de-remporter-le-groupe\/","og_site_name":"Vie Associative","article_published_time":"2024-11-17T02:20:37+00:00","og_image":[{"url":"https:\/\/vieassociative.be\/actualites\/wp-content\/uploads\/2024\/11\/LAllemagne-avec-plaisir-et-avidite-denregistrer-des-buts-et-de.jpg","type":"","width":"","height":""}],"author":"Julien","twitter_card":"summary_large_image","twitter_misc":{"\u00c9crit par":"Julien","Dur\u00e9e de lecture est.":"2 minutes"},"schema":{"@context":"https:\/\/schema.org","@graph":[{"@type":"Article","@id":"https:\/\/vieassociative.be\/actualites\/lallemagne-avec-plaisir-et-avidite-denregistrer-des-buts-et-de-remporter-le-groupe\/#article","isPartOf":{"@id":"https:\/\/vieassociative.be\/actualites\/lallemagne-avec-plaisir-et-avidite-denregistrer-des-buts-et-de-remporter-le-groupe\/"},"author":{"name":"Julien","@id":"https:\/\/vieassociative.be\/actualites\/#\/schema\/person\/b87ac4f82f9d4e7b7cec7395b679edc4"},"headline":"L&rsquo;Allemagne avec plaisir et avidit\u00e9 d&rsquo;enregistrer des buts et de remporter le groupe","datePublished":"2024-11-17T02:20:37+00:00","dateModified":"2024-11-17T02:20:37+00:00","mainEntityOfPage":{"@id":"https:\/\/vieassociative.be\/actualites\/lallemagne-avec-plaisir-et-avidite-denregistrer-des-buts-et-de-remporter-le-groupe\/"},"wordCount":416,"publisher":{"@id":"https:\/\/vieassociative.be\/actualites\/#organization"},"image":{"@id":"https:\/\/vieassociative.be\/actualites\/lallemagne-avec-plaisir-et-avidite-denregistrer-des-buts-et-de-remporter-le-groupe\/#primaryimage"},"thumbnailUrl":"https:\/\/vieassociative.be\/actualites\/wp-content\/uploads\/2024\/11\/1731810037_LAllemagne-avec-plaisir-et-avidite-denregistrer-des-buts-et-de.jpg","keywords":["avec","avidit\u00e9","buts","denregistrer","Des","groupe","lAllemagne","plaisir","remporter"],"articleSection":["Belgique"],"inLanguage":"fr-BE"},{"@type":"WebPage","@id":"https:\/\/vieassociative.be\/actualites\/lallemagne-avec-plaisir-et-avidite-denregistrer-des-buts-et-de-remporter-le-groupe\/","url":"https:\/\/vieassociative.be\/actualites\/lallemagne-avec-plaisir-et-avidite-denregistrer-des-buts-et-de-remporter-le-groupe\/","name":"L'Allemagne avec plaisir et avidit\u00e9 d'enregistrer des buts et de remporter le groupe | Vie Associative","isPartOf":{"@id":"https:\/\/vieassociative.be\/actualites\/#website"},"primaryImageOfPage":{"@id":"https:\/\/vieassociative.be\/actualites\/lallemagne-avec-plaisir-et-avidite-denregistrer-des-buts-et-de-remporter-le-groupe\/#primaryimage"},"image":{"@id":"https:\/\/vieassociative.be\/actualites\/lallemagne-avec-plaisir-et-avidite-denregistrer-des-buts-et-de-remporter-le-groupe\/#primaryimage"},"thumbnailUrl":"https:\/\/vieassociative.be\/actualites\/wp-content\/uploads\/2024\/11\/1731810037_LAllemagne-avec-plaisir-et-avidite-denregistrer-des-buts-et-de.jpg","datePublished":"2024-11-17T02:20:37+00:00","dateModified":"2024-11-17T02:20:37+00:00","breadcrumb":{"@id":"https:\/\/vieassociative.be\/actualites\/lallemagne-avec-plaisir-et-avidite-denregistrer-des-buts-et-de-remporter-le-groupe\/#breadcrumb"},"inLanguage":"fr-BE","potentialAction":[{"@type":"ReadAction","target":["https:\/\/vieassociative.be\/actualites\/lallemagne-avec-plaisir-et-avidite-denregistrer-des-buts-et-de-remporter-le-groupe\/"]}]},{"@type":"ImageObject","inLanguage":"fr-BE","@id":"https:\/\/vieassociative.be\/actualites\/lallemagne-avec-plaisir-et-avidite-denregistrer-des-buts-et-de-remporter-le-groupe\/#primaryimage","url":"https:\/\/vieassociative.be\/actualites\/wp-content\/uploads\/2024\/11\/1731810037_LAllemagne-avec-plaisir-et-avidite-denregistrer-des-buts-et-de.jpg","contentUrl":"https:\/\/vieassociative.be\/actualites\/wp-content\/uploads\/2024\/11\/1731810037_LAllemagne-avec-plaisir-et-avidite-denregistrer-des-buts-et-de.jpg","width":1200,"height":800,"caption":"L'Allemagne avec plaisir et avidit\u00e9 d'enregistrer des buts et de remporter le groupe"},{"@type":"BreadcrumbList","@id":"https:\/\/vieassociative.be\/actualites\/lallemagne-avec-plaisir-et-avidite-denregistrer-des-buts-et-de-remporter-le-groupe\/#breadcrumb","itemListElement":[{"@type":"ListItem","position":1,"name":"Accueil","item":"https:\/\/vieassociative.be\/actualites\/"},{"@type":"ListItem","position":2,"name":"L&rsquo;Allemagne avec plaisir et avidit\u00e9 d&rsquo;enregistrer des buts et de remporter le groupe"}]},{"@type":"WebSite","@id":"https:\/\/vieassociative.be\/actualites\/#website","url":"https:\/\/vieassociative.be\/actualites\/","name":"Vie Associative","description":"","publisher":{"@id":"https:\/\/vieassociative.be\/actualites\/#organization"},"potentialAction":[{"@type":"SearchAction","target":{"@type":"EntryPoint","urlTemplate":"https:\/\/vieassociative.be\/actualites\/?s={search_term_string}"},"query-input":{"@type":"PropertyValueSpecification","valueRequired":true,"valueName":"search_term_string"}}],"inLanguage":"fr-BE"},{"@type":"Organization","@id":"https:\/\/vieassociative.be\/actualites\/#organization","name":"Vie Associative","url":"https:\/\/vieassociative.be\/actualites\/","logo":{"@type":"ImageObject","inLanguage":"fr-BE","@id":"https:\/\/vieassociative.be\/actualites\/#\/schema\/logo\/image\/","url":"https:\/\/vieassociative.be\/actualites\/wp-content\/uploads\/2024\/09\/cropped-vieassociative_favicon.ico.png","contentUrl":"https:\/\/vieassociative.be\/actualites\/wp-content\/uploads\/2024\/09\/cropped-vieassociative_favicon.ico.png","width":512,"height":512,"caption":"Vie Associative"},"image":{"@id":"https:\/\/vieassociative.be\/actualites\/#\/schema\/logo\/image\/"}},{"@type":"Person","@id":"https:\/\/vieassociative.be\/actualites\/#\/schema\/person\/b87ac4f82f9d4e7b7cec7395b679edc4","name":"Julien","image":{"@type":"ImageObject","inLanguage":"fr-BE","@id":"https:\/\/vieassociative.be\/actualites\/#\/schema\/person\/image\/","url":"https:\/\/vieassociative.be\/actualites\/wp-content\/uploads\/2024\/09\/vie-associative-1-150x150.jpg","contentUrl":"https:\/\/vieassociative.be\/actualites\/wp-content\/uploads\/2024\/09\/vie-associative-1-150x150.jpg","caption":"Julien"},"description":"Je suis Julien, r\u00e9dacteur pour Vie Associative. Passionn\u00e9 par le monde associatif depuis plus de 10 ans, j'ai \u00e0 c\u0153ur de partager des histoires inspirantes et de mettre en lumi\u00e8re les initiatives locales. Mon objectif est de sensibiliser et d'encourager l'engagement communautaire \u00e0 travers mes articles.","sameAs":["https:\/\/vieassociative.be\/"]}]}},"_links":{"self":[{"href":"https:\/\/vieassociative.be\/actualites\/wp-json\/wp\/v2\/posts\/2498"}],"collection":[{"href":"https:\/\/vieassociative.be\/actualites\/wp-json\/wp\/v2\/posts"}],"about":[{"href":"https:\/\/vieassociative.be\/actualites\/wp-json\/wp\/v2\/types\/post"}],"author":[{"embeddable":true,"href":"https:\/\/vieassociative.be\/actualites\/wp-json\/wp\/v2\/users\/1"}],"replies":[{"embeddable":true,"href":"https:\/\/vieassociative.be\/actualites\/wp-json\/wp\/v2\/comments?post=2498"}],"version-history":[{"count":0,"href":"https:\/\/vieassociative.be\/actualites\/wp-json\/wp\/v2\/posts\/2498\/revisions"}],"wp:featuredmedia":[{"embeddable":true,"href":"https:\/\/vieassociative.be\/actualites\/wp-json\/wp\/v2\/media\/2499"}],"wp:attachment":[{"href":"https:\/\/vieassociative.be\/actualites\/wp-json\/wp\/v2\/media?parent=2498"}],"wp:term":[{"taxonomy":"category","embeddable":true,"href":"https:\/\/vieassociative.be\/actualites\/wp-json\/wp\/v2\/categories?post=2498"},{"taxonomy":"post_tag","embeddable":true,"href":"https:\/\/vieassociative.be\/actualites\/wp-json\/wp\/v2\/tags?post=2498"}],"curies":[{"name":"wp","href":"https:\/\/api.w.org\/{rel}","templated":true}]}}