{"id":2490,"date":"2024-11-16T21:19:31","date_gmt":"2024-11-16T20:19:31","guid":{"rendered":"https:\/\/vieassociative.be\/actualites\/le-colisee-sera-a-nouveau-un-lieu-pour-les-gladiateurs\/"},"modified":"2024-11-16T21:19:31","modified_gmt":"2024-11-16T20:19:31","slug":"le-colisee-sera-a-nouveau-un-lieu-pour-les-gladiateurs","status":"publish","type":"post","link":"https:\/\/vieassociative.be\/actualites\/le-colisee-sera-a-nouveau-un-lieu-pour-les-gladiateurs\/","title":{"rendered":"Le Colis\u00e9e sera \u00e0 nouveau un lieu pour les gladiateurs"},"content":{"rendered":"<p><strong>Le Colis\u00e9e de Rome sera \u00e0 nouveau le th\u00e9\u00e2tre de combats de gladiateurs l&rsquo;ann\u00e9e prochaine, quoique de nature pacifique.<\/strong><\/p>\n<p><span id=\"more-401996\"><\/span>L&rsquo;ar\u00e8ne, qui aura bient\u00f4t deux mill\u00e9naires, devrait ouvrir \u00e0 un peu plus de deux douzaines d&rsquo;invit\u00e9s deux soirs de mai apr\u00e8s le coucher du soleil. Les places seront tir\u00e9es au sort via une plateforme Internet. Le programme de deux \u00e0 trois heures dans un cadre historique comprend des d\u00e9monstrations de gladiateurs r\u00e9cr\u00e9atifs, mais aussi des le\u00e7ons de pratiques de combat pour les visiteurs eux-m\u00eames.<\/p>\n<p>Avec environ sept millions de touristes par an, le Colis\u00e9e est aujourd&rsquo;hui l&rsquo;une des attractions les plus visit\u00e9es d&rsquo;Italie. L&rsquo;ar\u00e8ne, qui pouvait autrefois accueillir jusqu&rsquo;\u00e0 70 000 spectateurs, a \u00e9t\u00e9 construite entre 72 et 82 apr\u00e8s JC. Les derniers v\u00e9ritables combats de gladiateurs y eurent lieu au Ve si\u00e8cle. Au fil du temps, le complexe est tomb\u00e9 en ruine, mais a \u00e9t\u00e9 progressivement r\u00e9nov\u00e9.<\/p>\n<p>La loterie est organis\u00e9e par la plateforme de r\u00e9servation AirBnB, comme l&rsquo;a annonc\u00e9 l&rsquo;administration du Colis\u00e9e. Les candidatures sont possibles du 27 novembre au 10 d\u00e9cembre. En contrepartie, le groupe apporte 1,5 million d&rsquo;euros pour des travaux de r\u00e9novation.<\/p>\n<p>L&rsquo;accord continue de susciter des critiques de la part du public. Comme d\u2019autres plateformes Internet, AirBnB est accus\u00e9 de rar\u00e9fier les logements abordables en raison de la location d\u2019appartements \u00e0 court terme aux touristes. La situation est particuli\u00e8rement extr\u00eame \u00e0 Rome. (dpa)<\/p>\n","protected":false},"excerpt":{"rendered":"<p>Le Colis\u00e9e de Rome sera \u00e0 nouveau le th\u00e9\u00e2tre de combats de gladiateurs l&rsquo;ann\u00e9e prochaine, quoique de nature pacifique. L&rsquo;ar\u00e8ne, qui aura bient\u00f4t deux mill\u00e9naires,<\/p>\n","protected":false},"author":1,"featured_media":2491,"comment_status":"","ping_status":"","sticky":false,"template":"","format":"standard","meta":{"footnotes":""},"categories":[298],"tags":[3229,3231,14,1541,553,81,3230],"class_list":["post-2490","post","type-post","status-publish","format-standard","has-post-thumbnail","hentry","category-belgique","tag-colisee","tag-gladiateurs","tag-les","tag-lieu","tag-nouveau","tag-pour","tag-sera","generate-columns","tablet-grid-50","mobile-grid-100","grid-parent","grid-33"],"yoast_head":"<!-- This site is optimized with the Yoast SEO plugin v24.0 - https:\/\/yoast.com\/wordpress\/plugins\/seo\/ -->\n<title>Le Colis\u00e9e sera \u00e0 nouveau un lieu pour les gladiateurs | Vie Associative<\/title>\n<meta name=\"robots\" content=\"index, follow, max-snippet:-1, max-image-preview:large, max-video-preview:-1\" \/>\n<link rel=\"canonical\" href=\"https:\/\/vieassociative.be\/actualites\/le-colisee-sera-a-nouveau-un-lieu-pour-les-gladiateurs\/\" \/>\n<meta property=\"og:locale\" content=\"fr_FR\" \/>\n<meta property=\"og:type\" content=\"article\" \/>\n<meta property=\"og:title\" content=\"Le Colis\u00e9e sera \u00e0 nouveau un lieu pour les gladiateurs | Vie Associative\" \/>\n<meta property=\"og:description\" content=\"Le Colis\u00e9e de Rome sera \u00e0 nouveau le th\u00e9\u00e2tre de combats de gladiateurs l&rsquo;ann\u00e9e prochaine, quoique de nature pacifique. L&rsquo;ar\u00e8ne, qui aura bient\u00f4t deux mill\u00e9naires,\" \/>\n<meta property=\"og:url\" content=\"https:\/\/vieassociative.be\/actualites\/le-colisee-sera-a-nouveau-un-lieu-pour-les-gladiateurs\/\" \/>\n<meta property=\"og:site_name\" content=\"Vie Associative\" \/>\n<meta property=\"article:published_time\" content=\"2024-11-16T20:19:31+00:00\" \/>\n<meta property=\"og:image\" content=\"https:\/\/vieassociative.be\/actualites\/wp-content\/uploads\/2024\/09\/header_backgroundk-01-e1726694325946.png\" \/>\n\t<meta property=\"og:image:width\" content=\"279\" \/>\n\t<meta property=\"og:image:height\" content=\"92\" \/>\n\t<meta property=\"og:image:type\" content=\"image\/png\" \/>\n<meta name=\"author\" content=\"Julien\" \/>\n<meta name=\"twitter:card\" content=\"summary_large_image\" \/>\n<meta name=\"twitter:label1\" content=\"\u00c9crit par\" \/>\n\t<meta name=\"twitter:data1\" content=\"Julien\" \/>\n\t<meta name=\"twitter:label2\" content=\"Dur\u00e9e de lecture est.\" \/>\n\t<meta name=\"twitter:data2\" content=\"1 minute\" \/>\n<script type=\"application\/ld+json\" class=\"yoast-schema-graph\">{\"@context\":\"https:\/\/schema.org\",\"@graph\":[{\"@type\":\"Article\",\"@id\":\"https:\/\/vieassociative.be\/actualites\/le-colisee-sera-a-nouveau-un-lieu-pour-les-gladiateurs\/#article\",\"isPartOf\":{\"@id\":\"https:\/\/vieassociative.be\/actualites\/le-colisee-sera-a-nouveau-un-lieu-pour-les-gladiateurs\/\"},\"author\":{\"name\":\"Julien\",\"@id\":\"https:\/\/vieassociative.be\/actualites\/#\/schema\/person\/b87ac4f82f9d4e7b7cec7395b679edc4\"},\"headline\":\"Le Colis\u00e9e sera \u00e0 nouveau un lieu pour les gladiateurs\",\"datePublished\":\"2024-11-16T20:19:31+00:00\",\"dateModified\":\"2024-11-16T20:19:31+00:00\",\"mainEntityOfPage\":{\"@id\":\"https:\/\/vieassociative.be\/actualites\/le-colisee-sera-a-nouveau-un-lieu-pour-les-gladiateurs\/\"},\"wordCount\":268,\"publisher\":{\"@id\":\"https:\/\/vieassociative.be\/actualites\/#organization\"},\"image\":{\"@id\":\"https:\/\/vieassociative.be\/actualites\/le-colisee-sera-a-nouveau-un-lieu-pour-les-gladiateurs\/#primaryimage\"},\"thumbnailUrl\":\"https:\/\/vieassociative.be\/actualites\/wp-content\/uploads\/2024\/11\/Le-Colisee-sera-a-nouveau-un-lieu-pour-les-gladiateurs.jpg\",\"keywords\":[\"Colis\u00e9e\",\"gladiateurs\",\"Les\",\"lieu\",\"nouveau\",\"pour\",\"sera\"],\"articleSection\":[\"Belgique\"],\"inLanguage\":\"fr-BE\"},{\"@type\":\"WebPage\",\"@id\":\"https:\/\/vieassociative.be\/actualites\/le-colisee-sera-a-nouveau-un-lieu-pour-les-gladiateurs\/\",\"url\":\"https:\/\/vieassociative.be\/actualites\/le-colisee-sera-a-nouveau-un-lieu-pour-les-gladiateurs\/\",\"name\":\"Le Colis\u00e9e sera \u00e0 nouveau un lieu pour les gladiateurs | Vie Associative\",\"isPartOf\":{\"@id\":\"https:\/\/vieassociative.be\/actualites\/#website\"},\"primaryImageOfPage\":{\"@id\":\"https:\/\/vieassociative.be\/actualites\/le-colisee-sera-a-nouveau-un-lieu-pour-les-gladiateurs\/#primaryimage\"},\"image\":{\"@id\":\"https:\/\/vieassociative.be\/actualites\/le-colisee-sera-a-nouveau-un-lieu-pour-les-gladiateurs\/#primaryimage\"},\"thumbnailUrl\":\"https:\/\/vieassociative.be\/actualites\/wp-content\/uploads\/2024\/11\/Le-Colisee-sera-a-nouveau-un-lieu-pour-les-gladiateurs.jpg\",\"datePublished\":\"2024-11-16T20:19:31+00:00\",\"dateModified\":\"2024-11-16T20:19:31+00:00\",\"breadcrumb\":{\"@id\":\"https:\/\/vieassociative.be\/actualites\/le-colisee-sera-a-nouveau-un-lieu-pour-les-gladiateurs\/#breadcrumb\"},\"inLanguage\":\"fr-BE\",\"potentialAction\":[{\"@type\":\"ReadAction\",\"target\":[\"https:\/\/vieassociative.be\/actualites\/le-colisee-sera-a-nouveau-un-lieu-pour-les-gladiateurs\/\"]}]},{\"@type\":\"ImageObject\",\"inLanguage\":\"fr-BE\",\"@id\":\"https:\/\/vieassociative.be\/actualites\/le-colisee-sera-a-nouveau-un-lieu-pour-les-gladiateurs\/#primaryimage\",\"url\":\"https:\/\/vieassociative.be\/actualites\/wp-content\/uploads\/2024\/11\/Le-Colisee-sera-a-nouveau-un-lieu-pour-les-gladiateurs.jpg\",\"contentUrl\":\"https:\/\/vieassociative.be\/actualites\/wp-content\/uploads\/2024\/11\/Le-Colisee-sera-a-nouveau-un-lieu-pour-les-gladiateurs.jpg\",\"width\":1200,\"height\":884,\"caption\":\"Le Colis\u00e9e sera \u00e0 nouveau un lieu pour les gladiateurs\"},{\"@type\":\"BreadcrumbList\",\"@id\":\"https:\/\/vieassociative.be\/actualites\/le-colisee-sera-a-nouveau-un-lieu-pour-les-gladiateurs\/#breadcrumb\",\"itemListElement\":[{\"@type\":\"ListItem\",\"position\":1,\"name\":\"Accueil\",\"item\":\"https:\/\/vieassociative.be\/actualites\/\"},{\"@type\":\"ListItem\",\"position\":2,\"name\":\"Le Colis\u00e9e sera \u00e0 nouveau un lieu pour les gladiateurs\"}]},{\"@type\":\"WebSite\",\"@id\":\"https:\/\/vieassociative.be\/actualites\/#website\",\"url\":\"https:\/\/vieassociative.be\/actualites\/\",\"name\":\"Vie Associative\",\"description\":\"\",\"publisher\":{\"@id\":\"https:\/\/vieassociative.be\/actualites\/#organization\"},\"potentialAction\":[{\"@type\":\"SearchAction\",\"target\":{\"@type\":\"EntryPoint\",\"urlTemplate\":\"https:\/\/vieassociative.be\/actualites\/?s={search_term_string}\"},\"query-input\":{\"@type\":\"PropertyValueSpecification\",\"valueRequired\":true,\"valueName\":\"search_term_string\"}}],\"inLanguage\":\"fr-BE\"},{\"@type\":\"Organization\",\"@id\":\"https:\/\/vieassociative.be\/actualites\/#organization\",\"name\":\"Vie Associative\",\"url\":\"https:\/\/vieassociative.be\/actualites\/\",\"logo\":{\"@type\":\"ImageObject\",\"inLanguage\":\"fr-BE\",\"@id\":\"https:\/\/vieassociative.be\/actualites\/#\/schema\/logo\/image\/\",\"url\":\"https:\/\/vieassociative.be\/actualites\/wp-content\/uploads\/2024\/09\/cropped-vieassociative_favicon.ico.png\",\"contentUrl\":\"https:\/\/vieassociative.be\/actualites\/wp-content\/uploads\/2024\/09\/cropped-vieassociative_favicon.ico.png\",\"width\":512,\"height\":512,\"caption\":\"Vie Associative\"},\"image\":{\"@id\":\"https:\/\/vieassociative.be\/actualites\/#\/schema\/logo\/image\/\"}},{\"@type\":\"Person\",\"@id\":\"https:\/\/vieassociative.be\/actualites\/#\/schema\/person\/b87ac4f82f9d4e7b7cec7395b679edc4\",\"name\":\"Julien\",\"image\":{\"@type\":\"ImageObject\",\"inLanguage\":\"fr-BE\",\"@id\":\"https:\/\/vieassociative.be\/actualites\/#\/schema\/person\/image\/\",\"url\":\"https:\/\/vieassociative.be\/actualites\/wp-content\/uploads\/2024\/09\/vie-associative-1-150x150.jpg\",\"contentUrl\":\"https:\/\/vieassociative.be\/actualites\/wp-content\/uploads\/2024\/09\/vie-associative-1-150x150.jpg\",\"caption\":\"Julien\"},\"description\":\"Je suis Julien, r\u00e9dacteur pour Vie Associative. Passionn\u00e9 par le monde associatif depuis plus de 10 ans, j'ai \u00e0 c\u0153ur de partager des histoires inspirantes et de mettre en lumi\u00e8re les initiatives locales. Mon objectif est de sensibiliser et d'encourager l'engagement communautaire \u00e0 travers mes articles.\",\"sameAs\":[\"https:\/\/vieassociative.be\/\"]}]}<\/script>\n<!-- \/ Yoast SEO plugin. -->","yoast_head_json":{"title":"Le Colis\u00e9e sera \u00e0 nouveau un lieu pour les gladiateurs | Vie Associative","robots":{"index":"index","follow":"follow","max-snippet":"max-snippet:-1","max-image-preview":"max-image-preview:large","max-video-preview":"max-video-preview:-1"},"canonical":"https:\/\/vieassociative.be\/actualites\/le-colisee-sera-a-nouveau-un-lieu-pour-les-gladiateurs\/","og_locale":"fr_FR","og_type":"article","og_title":"Le Colis\u00e9e sera \u00e0 nouveau un lieu pour les gladiateurs | Vie Associative","og_description":"Le Colis\u00e9e de Rome sera \u00e0 nouveau le th\u00e9\u00e2tre de combats de gladiateurs l&rsquo;ann\u00e9e prochaine, quoique de nature pacifique. L&rsquo;ar\u00e8ne, qui aura bient\u00f4t deux mill\u00e9naires,","og_url":"https:\/\/vieassociative.be\/actualites\/le-colisee-sera-a-nouveau-un-lieu-pour-les-gladiateurs\/","og_site_name":"Vie Associative","article_published_time":"2024-11-16T20:19:31+00:00","og_image":[{"width":279,"height":92,"url":"https:\/\/vieassociative.be\/actualites\/wp-content\/uploads\/2024\/09\/header_backgroundk-01-e1726694325946.png","type":"image\/png"}],"author":"Julien","twitter_card":"summary_large_image","twitter_misc":{"\u00c9crit par":"Julien","Dur\u00e9e de lecture est.":"1 minute"},"schema":{"@context":"https:\/\/schema.org","@graph":[{"@type":"Article","@id":"https:\/\/vieassociative.be\/actualites\/le-colisee-sera-a-nouveau-un-lieu-pour-les-gladiateurs\/#article","isPartOf":{"@id":"https:\/\/vieassociative.be\/actualites\/le-colisee-sera-a-nouveau-un-lieu-pour-les-gladiateurs\/"},"author":{"name":"Julien","@id":"https:\/\/vieassociative.be\/actualites\/#\/schema\/person\/b87ac4f82f9d4e7b7cec7395b679edc4"},"headline":"Le Colis\u00e9e sera \u00e0 nouveau un lieu pour les gladiateurs","datePublished":"2024-11-16T20:19:31+00:00","dateModified":"2024-11-16T20:19:31+00:00","mainEntityOfPage":{"@id":"https:\/\/vieassociative.be\/actualites\/le-colisee-sera-a-nouveau-un-lieu-pour-les-gladiateurs\/"},"wordCount":268,"publisher":{"@id":"https:\/\/vieassociative.be\/actualites\/#organization"},"image":{"@id":"https:\/\/vieassociative.be\/actualites\/le-colisee-sera-a-nouveau-un-lieu-pour-les-gladiateurs\/#primaryimage"},"thumbnailUrl":"https:\/\/vieassociative.be\/actualites\/wp-content\/uploads\/2024\/11\/Le-Colisee-sera-a-nouveau-un-lieu-pour-les-gladiateurs.jpg","keywords":["Colis\u00e9e","gladiateurs","Les","lieu","nouveau","pour","sera"],"articleSection":["Belgique"],"inLanguage":"fr-BE"},{"@type":"WebPage","@id":"https:\/\/vieassociative.be\/actualites\/le-colisee-sera-a-nouveau-un-lieu-pour-les-gladiateurs\/","url":"https:\/\/vieassociative.be\/actualites\/le-colisee-sera-a-nouveau-un-lieu-pour-les-gladiateurs\/","name":"Le Colis\u00e9e sera \u00e0 nouveau un lieu pour les gladiateurs | Vie Associative","isPartOf":{"@id":"https:\/\/vieassociative.be\/actualites\/#website"},"primaryImageOfPage":{"@id":"https:\/\/vieassociative.be\/actualites\/le-colisee-sera-a-nouveau-un-lieu-pour-les-gladiateurs\/#primaryimage"},"image":{"@id":"https:\/\/vieassociative.be\/actualites\/le-colisee-sera-a-nouveau-un-lieu-pour-les-gladiateurs\/#primaryimage"},"thumbnailUrl":"https:\/\/vieassociative.be\/actualites\/wp-content\/uploads\/2024\/11\/Le-Colisee-sera-a-nouveau-un-lieu-pour-les-gladiateurs.jpg","datePublished":"2024-11-16T20:19:31+00:00","dateModified":"2024-11-16T20:19:31+00:00","breadcrumb":{"@id":"https:\/\/vieassociative.be\/actualites\/le-colisee-sera-a-nouveau-un-lieu-pour-les-gladiateurs\/#breadcrumb"},"inLanguage":"fr-BE","potentialAction":[{"@type":"ReadAction","target":["https:\/\/vieassociative.be\/actualites\/le-colisee-sera-a-nouveau-un-lieu-pour-les-gladiateurs\/"]}]},{"@type":"ImageObject","inLanguage":"fr-BE","@id":"https:\/\/vieassociative.be\/actualites\/le-colisee-sera-a-nouveau-un-lieu-pour-les-gladiateurs\/#primaryimage","url":"https:\/\/vieassociative.be\/actualites\/wp-content\/uploads\/2024\/11\/Le-Colisee-sera-a-nouveau-un-lieu-pour-les-gladiateurs.jpg","contentUrl":"https:\/\/vieassociative.be\/actualites\/wp-content\/uploads\/2024\/11\/Le-Colisee-sera-a-nouveau-un-lieu-pour-les-gladiateurs.jpg","width":1200,"height":884,"caption":"Le Colis\u00e9e sera \u00e0 nouveau un lieu pour les gladiateurs"},{"@type":"BreadcrumbList","@id":"https:\/\/vieassociative.be\/actualites\/le-colisee-sera-a-nouveau-un-lieu-pour-les-gladiateurs\/#breadcrumb","itemListElement":[{"@type":"ListItem","position":1,"name":"Accueil","item":"https:\/\/vieassociative.be\/actualites\/"},{"@type":"ListItem","position":2,"name":"Le Colis\u00e9e sera \u00e0 nouveau un lieu pour les gladiateurs"}]},{"@type":"WebSite","@id":"https:\/\/vieassociative.be\/actualites\/#website","url":"https:\/\/vieassociative.be\/actualites\/","name":"Vie Associative","description":"","publisher":{"@id":"https:\/\/vieassociative.be\/actualites\/#organization"},"potentialAction":[{"@type":"SearchAction","target":{"@type":"EntryPoint","urlTemplate":"https:\/\/vieassociative.be\/actualites\/?s={search_term_string}"},"query-input":{"@type":"PropertyValueSpecification","valueRequired":true,"valueName":"search_term_string"}}],"inLanguage":"fr-BE"},{"@type":"Organization","@id":"https:\/\/vieassociative.be\/actualites\/#organization","name":"Vie Associative","url":"https:\/\/vieassociative.be\/actualites\/","logo":{"@type":"ImageObject","inLanguage":"fr-BE","@id":"https:\/\/vieassociative.be\/actualites\/#\/schema\/logo\/image\/","url":"https:\/\/vieassociative.be\/actualites\/wp-content\/uploads\/2024\/09\/cropped-vieassociative_favicon.ico.png","contentUrl":"https:\/\/vieassociative.be\/actualites\/wp-content\/uploads\/2024\/09\/cropped-vieassociative_favicon.ico.png","width":512,"height":512,"caption":"Vie Associative"},"image":{"@id":"https:\/\/vieassociative.be\/actualites\/#\/schema\/logo\/image\/"}},{"@type":"Person","@id":"https:\/\/vieassociative.be\/actualites\/#\/schema\/person\/b87ac4f82f9d4e7b7cec7395b679edc4","name":"Julien","image":{"@type":"ImageObject","inLanguage":"fr-BE","@id":"https:\/\/vieassociative.be\/actualites\/#\/schema\/person\/image\/","url":"https:\/\/vieassociative.be\/actualites\/wp-content\/uploads\/2024\/09\/vie-associative-1-150x150.jpg","contentUrl":"https:\/\/vieassociative.be\/actualites\/wp-content\/uploads\/2024\/09\/vie-associative-1-150x150.jpg","caption":"Julien"},"description":"Je suis Julien, r\u00e9dacteur pour Vie Associative. Passionn\u00e9 par le monde associatif depuis plus de 10 ans, j'ai \u00e0 c\u0153ur de partager des histoires inspirantes et de mettre en lumi\u00e8re les initiatives locales. Mon objectif est de sensibiliser et d'encourager l'engagement communautaire \u00e0 travers mes articles.","sameAs":["https:\/\/vieassociative.be\/"]}]}},"_links":{"self":[{"href":"https:\/\/vieassociative.be\/actualites\/wp-json\/wp\/v2\/posts\/2490"}],"collection":[{"href":"https:\/\/vieassociative.be\/actualites\/wp-json\/wp\/v2\/posts"}],"about":[{"href":"https:\/\/vieassociative.be\/actualites\/wp-json\/wp\/v2\/types\/post"}],"author":[{"embeddable":true,"href":"https:\/\/vieassociative.be\/actualites\/wp-json\/wp\/v2\/users\/1"}],"replies":[{"embeddable":true,"href":"https:\/\/vieassociative.be\/actualites\/wp-json\/wp\/v2\/comments?post=2490"}],"version-history":[{"count":0,"href":"https:\/\/vieassociative.be\/actualites\/wp-json\/wp\/v2\/posts\/2490\/revisions"}],"wp:featuredmedia":[{"embeddable":true,"href":"https:\/\/vieassociative.be\/actualites\/wp-json\/wp\/v2\/media\/2491"}],"wp:attachment":[{"href":"https:\/\/vieassociative.be\/actualites\/wp-json\/wp\/v2\/media?parent=2490"}],"wp:term":[{"taxonomy":"category","embeddable":true,"href":"https:\/\/vieassociative.be\/actualites\/wp-json\/wp\/v2\/categories?post=2490"},{"taxonomy":"post_tag","embeddable":true,"href":"https:\/\/vieassociative.be\/actualites\/wp-json\/wp\/v2\/tags?post=2490"}],"curies":[{"name":"wp","href":"https:\/\/api.w.org\/{rel}","templated":true}]}}