{"id":2488,"date":"2024-11-16T20:18:15","date_gmt":"2024-11-16T19:18:15","guid":{"rendered":"https:\/\/vieassociative.be\/actualites\/mon-offre-amazon-preferee-du-jour-la-tablette-amazon-fire-max-11\/"},"modified":"2024-11-16T20:18:15","modified_gmt":"2024-11-16T19:18:15","slug":"mon-offre-amazon-preferee-du-jour-la-tablette-amazon-fire-max-11","status":"publish","type":"post","link":"https:\/\/vieassociative.be\/actualites\/mon-offre-amazon-preferee-du-jour-la-tablette-amazon-fire-max-11\/","title":{"rendered":"Mon offre Amazon pr\u00e9f\u00e9r\u00e9e du jour : la tablette Amazon Fire Max 11"},"content":{"rendered":"<div class=\"mt-4 leading-6 md:mb-8\">La Fire Max 11 est la plus grande tablette d&rsquo;Amazon et elle est actuellement \u00e0 son prix le plus bas jamais enregistr\u00e9 apr\u00e8s une r\u00e9duction de 43 %.<\/div>\n<p><\/p>\n<p>Les tablettes Fire existent depuis 2014 et se sont consid\u00e9rablement am\u00e9lior\u00e9es au fil des ans tout en conservant leur statut \u00e9conomique. La tablette Amazon Fire Max 11 offre le plus grand \u00e9cran de la gamme Fire Tablet et vous pouvez l&rsquo;obtenir d\u00e8s maintenant pour <strong>159,99\u00a0$<\/strong> (\u00e0 l&rsquo;origine 279,99 $); ou d\u00e9pensez un peu plus pour le pack Fire Max 11, qui comprend le clavier, le stylet et la coque officiels, pour <strong>279,99\u00a0$<\/strong> (\u00e0 l&rsquo;origine 404,97 $). La tablette autonome marque le prix le plus bas auquel elle a \u00e9t\u00e9 vendue, apr\u00e8s avoir v\u00e9rifi\u00e9 les outils de suivi des prix. <\/p>\n<p>La Fire Max 11 est la tablette Fire de 13e g\u00e9n\u00e9ration et est sortie l&rsquo;\u00e9t\u00e9 dernier. Avec son \u00e9cran de 11 pouces, c&rsquo;est la plus grande tablette Fire d&rsquo;Amazon, mais c&rsquo;est aussi la plus puissante : elle dispose de 4 Go de RAM, d&rsquo;un maximum de 14 heures de batterie et d&rsquo;une r\u00e9solution de 2 000 x 1 200. Vous b\u00e9n\u00e9ficiez \u00e9galement d&rsquo;une cam\u00e9ra avant et arri\u00e8re de 8 MP, d&rsquo;une version de stockage de 128 Go et d&rsquo;aucune publicit\u00e9 sur l&rsquo;\u00e9cran de verrouillage. La version de stockage de 64 Go est \u00e9galement disponible, mais pour 20 $ de plus, cela vaut la peine de doubler votre stockage.  <\/p>\n<p>PCMag a donn\u00e9 au Fire Max 11 une \u00e9valuation \u00ab excellente \u00bb pour son \u00e9cran grand et dynamique, sa conception am\u00e9lior\u00e9e, ses performances respectables et son acc\u00e8s \u00e0 l&rsquo;\u00e9cosyst\u00e8me amazonien. <\/p>\n<p>Si vous cherchez une opportunit\u00e9 d&rsquo;acqu\u00e9rir des accessoires essentiels, le stylet Amazon pour Fire Max 11, qui co\u00fbte 34,99 $, et l&rsquo;\u00e9tui pour clavier Amazon Fire Max 11, qui co\u00fbte g\u00e9n\u00e9ralement 89,99 $, sont tous deux disponibles dans un pack. Avec les remises individuelles, ils reviennent au m\u00eame prix que s\u2019ils \u00e9taient achet\u00e9s individuellement.<\/p>\n<p>L&rsquo;une des plus grandes plaintes concernant les tablettes Amazon est la restriction des applications. Puisqu&rsquo;il s&rsquo;agit de produits Amazon, la boutique d&rsquo;applications par d\u00e9faut est la boutique d&rsquo;applications Amazon, mais il existe des solutions de contournement.<\/p>\n","protected":false},"excerpt":{"rendered":"<p>La Fire Max 11 est la plus grande tablette d&rsquo;Amazon et elle est actuellement \u00e0 son prix le plus bas jamais enregistr\u00e9 apr\u00e8s une r\u00e9duction<\/p>\n","protected":false},"author":1,"featured_media":2489,"comment_status":"","ping_status":"","sticky":false,"template":"","format":"standard","meta":{"footnotes":""},"categories":[13],"tags":[51,1378,53,16,49,50,52,3228],"class_list":["post-2488","post","type-post","status-publish","format-standard","has-post-thumbnail","hentry","category-technologie","tag-amazon","tag-fire","tag-jour","tag-max","tag-mon","tag-offre","tag-preferee","tag-tablette","generate-columns","tablet-grid-50","mobile-grid-100","grid-parent","grid-33"],"yoast_head":"<!-- This site is optimized with the Yoast SEO plugin v24.0 - https:\/\/yoast.com\/wordpress\/plugins\/seo\/ -->\n<title>Mon offre Amazon pr\u00e9f\u00e9r\u00e9e du jour : la tablette Amazon Fire Max 11 | Vie Associative<\/title>\n<meta name=\"robots\" content=\"index, follow, max-snippet:-1, max-image-preview:large, max-video-preview:-1\" \/>\n<link rel=\"canonical\" href=\"https:\/\/vieassociative.be\/actualites\/mon-offre-amazon-preferee-du-jour-la-tablette-amazon-fire-max-11\/\" \/>\n<meta property=\"og:locale\" content=\"fr_FR\" \/>\n<meta property=\"og:type\" content=\"article\" \/>\n<meta property=\"og:title\" content=\"Mon offre Amazon pr\u00e9f\u00e9r\u00e9e du jour : la tablette Amazon Fire Max 11 | Vie Associative\" \/>\n<meta property=\"og:description\" content=\"La Fire Max 11 est la plus grande tablette d&rsquo;Amazon et elle est actuellement \u00e0 son prix le plus bas jamais enregistr\u00e9 apr\u00e8s une r\u00e9duction\" \/>\n<meta property=\"og:url\" content=\"https:\/\/vieassociative.be\/actualites\/mon-offre-amazon-preferee-du-jour-la-tablette-amazon-fire-max-11\/\" \/>\n<meta property=\"og:site_name\" content=\"Vie Associative\" \/>\n<meta property=\"article:published_time\" content=\"2024-11-16T19:18:15+00:00\" \/>\n<meta property=\"og:image\" content=\"https:\/\/vieassociative.be\/actualites\/wp-content\/uploads\/2024\/09\/header_backgroundk-01-e1726694325946.png\" \/>\n\t<meta property=\"og:image:width\" content=\"279\" \/>\n\t<meta property=\"og:image:height\" content=\"92\" \/>\n\t<meta property=\"og:image:type\" content=\"image\/png\" \/>\n<meta name=\"author\" content=\"Julien\" \/>\n<meta name=\"twitter:card\" content=\"summary_large_image\" \/>\n<meta name=\"twitter:label1\" content=\"\u00c9crit par\" \/>\n\t<meta name=\"twitter:data1\" content=\"Julien\" \/>\n\t<meta name=\"twitter:label2\" content=\"Dur\u00e9e de lecture est.\" \/>\n\t<meta name=\"twitter:data2\" content=\"2 minutes\" \/>\n<script type=\"application\/ld+json\" class=\"yoast-schema-graph\">{\"@context\":\"https:\/\/schema.org\",\"@graph\":[{\"@type\":\"Article\",\"@id\":\"https:\/\/vieassociative.be\/actualites\/mon-offre-amazon-preferee-du-jour-la-tablette-amazon-fire-max-11\/#article\",\"isPartOf\":{\"@id\":\"https:\/\/vieassociative.be\/actualites\/mon-offre-amazon-preferee-du-jour-la-tablette-amazon-fire-max-11\/\"},\"author\":{\"name\":\"Julien\",\"@id\":\"https:\/\/vieassociative.be\/actualites\/#\/schema\/person\/b87ac4f82f9d4e7b7cec7395b679edc4\"},\"headline\":\"Mon offre Amazon pr\u00e9f\u00e9r\u00e9e du jour : la tablette Amazon Fire Max 11\",\"datePublished\":\"2024-11-16T19:18:15+00:00\",\"dateModified\":\"2024-11-16T19:18:15+00:00\",\"mainEntityOfPage\":{\"@id\":\"https:\/\/vieassociative.be\/actualites\/mon-offre-amazon-preferee-du-jour-la-tablette-amazon-fire-max-11\/\"},\"wordCount\":381,\"publisher\":{\"@id\":\"https:\/\/vieassociative.be\/actualites\/#organization\"},\"image\":{\"@id\":\"https:\/\/vieassociative.be\/actualites\/mon-offre-amazon-preferee-du-jour-la-tablette-amazon-fire-max-11\/#primaryimage\"},\"thumbnailUrl\":\"https:\/\/vieassociative.be\/actualites\/wp-content\/uploads\/2024\/11\/Mon-offre-Amazon-preferee-du-jour-la-tablette-Amazon.png\",\"keywords\":[\"Amazon\",\"Fire\",\"jour\",\"Max\",\"Mon\",\"offre\",\"pr\u00e9f\u00e9r\u00e9e\",\"tablette\"],\"articleSection\":[\"Technologie\"],\"inLanguage\":\"fr-BE\"},{\"@type\":\"WebPage\",\"@id\":\"https:\/\/vieassociative.be\/actualites\/mon-offre-amazon-preferee-du-jour-la-tablette-amazon-fire-max-11\/\",\"url\":\"https:\/\/vieassociative.be\/actualites\/mon-offre-amazon-preferee-du-jour-la-tablette-amazon-fire-max-11\/\",\"name\":\"Mon offre Amazon pr\u00e9f\u00e9r\u00e9e du jour : la tablette Amazon Fire Max 11 | Vie Associative\",\"isPartOf\":{\"@id\":\"https:\/\/vieassociative.be\/actualites\/#website\"},\"primaryImageOfPage\":{\"@id\":\"https:\/\/vieassociative.be\/actualites\/mon-offre-amazon-preferee-du-jour-la-tablette-amazon-fire-max-11\/#primaryimage\"},\"image\":{\"@id\":\"https:\/\/vieassociative.be\/actualites\/mon-offre-amazon-preferee-du-jour-la-tablette-amazon-fire-max-11\/#primaryimage\"},\"thumbnailUrl\":\"https:\/\/vieassociative.be\/actualites\/wp-content\/uploads\/2024\/11\/Mon-offre-Amazon-preferee-du-jour-la-tablette-Amazon.png\",\"datePublished\":\"2024-11-16T19:18:15+00:00\",\"dateModified\":\"2024-11-16T19:18:15+00:00\",\"breadcrumb\":{\"@id\":\"https:\/\/vieassociative.be\/actualites\/mon-offre-amazon-preferee-du-jour-la-tablette-amazon-fire-max-11\/#breadcrumb\"},\"inLanguage\":\"fr-BE\",\"potentialAction\":[{\"@type\":\"ReadAction\",\"target\":[\"https:\/\/vieassociative.be\/actualites\/mon-offre-amazon-preferee-du-jour-la-tablette-amazon-fire-max-11\/\"]}]},{\"@type\":\"ImageObject\",\"inLanguage\":\"fr-BE\",\"@id\":\"https:\/\/vieassociative.be\/actualites\/mon-offre-amazon-preferee-du-jour-la-tablette-amazon-fire-max-11\/#primaryimage\",\"url\":\"https:\/\/vieassociative.be\/actualites\/wp-content\/uploads\/2024\/11\/Mon-offre-Amazon-preferee-du-jour-la-tablette-Amazon.png\",\"contentUrl\":\"https:\/\/vieassociative.be\/actualites\/wp-content\/uploads\/2024\/11\/Mon-offre-Amazon-preferee-du-jour-la-tablette-Amazon.png\",\"width\":1200,\"height\":675,\"caption\":\"Mon offre Amazon pr\u00e9f\u00e9r\u00e9e du jour : la tablette Amazon Fire Max 11\"},{\"@type\":\"BreadcrumbList\",\"@id\":\"https:\/\/vieassociative.be\/actualites\/mon-offre-amazon-preferee-du-jour-la-tablette-amazon-fire-max-11\/#breadcrumb\",\"itemListElement\":[{\"@type\":\"ListItem\",\"position\":1,\"name\":\"Accueil\",\"item\":\"https:\/\/vieassociative.be\/actualites\/\"},{\"@type\":\"ListItem\",\"position\":2,\"name\":\"Mon offre Amazon pr\u00e9f\u00e9r\u00e9e du jour : la tablette Amazon Fire Max 11\"}]},{\"@type\":\"WebSite\",\"@id\":\"https:\/\/vieassociative.be\/actualites\/#website\",\"url\":\"https:\/\/vieassociative.be\/actualites\/\",\"name\":\"Vie Associative\",\"description\":\"\",\"publisher\":{\"@id\":\"https:\/\/vieassociative.be\/actualites\/#organization\"},\"potentialAction\":[{\"@type\":\"SearchAction\",\"target\":{\"@type\":\"EntryPoint\",\"urlTemplate\":\"https:\/\/vieassociative.be\/actualites\/?s={search_term_string}\"},\"query-input\":{\"@type\":\"PropertyValueSpecification\",\"valueRequired\":true,\"valueName\":\"search_term_string\"}}],\"inLanguage\":\"fr-BE\"},{\"@type\":\"Organization\",\"@id\":\"https:\/\/vieassociative.be\/actualites\/#organization\",\"name\":\"Vie Associative\",\"url\":\"https:\/\/vieassociative.be\/actualites\/\",\"logo\":{\"@type\":\"ImageObject\",\"inLanguage\":\"fr-BE\",\"@id\":\"https:\/\/vieassociative.be\/actualites\/#\/schema\/logo\/image\/\",\"url\":\"https:\/\/vieassociative.be\/actualites\/wp-content\/uploads\/2024\/09\/cropped-vieassociative_favicon.ico.png\",\"contentUrl\":\"https:\/\/vieassociative.be\/actualites\/wp-content\/uploads\/2024\/09\/cropped-vieassociative_favicon.ico.png\",\"width\":512,\"height\":512,\"caption\":\"Vie Associative\"},\"image\":{\"@id\":\"https:\/\/vieassociative.be\/actualites\/#\/schema\/logo\/image\/\"}},{\"@type\":\"Person\",\"@id\":\"https:\/\/vieassociative.be\/actualites\/#\/schema\/person\/b87ac4f82f9d4e7b7cec7395b679edc4\",\"name\":\"Julien\",\"image\":{\"@type\":\"ImageObject\",\"inLanguage\":\"fr-BE\",\"@id\":\"https:\/\/vieassociative.be\/actualites\/#\/schema\/person\/image\/\",\"url\":\"https:\/\/vieassociative.be\/actualites\/wp-content\/uploads\/2024\/09\/vie-associative-1-150x150.jpg\",\"contentUrl\":\"https:\/\/vieassociative.be\/actualites\/wp-content\/uploads\/2024\/09\/vie-associative-1-150x150.jpg\",\"caption\":\"Julien\"},\"description\":\"Je suis Julien, r\u00e9dacteur pour Vie Associative. Passionn\u00e9 par le monde associatif depuis plus de 10 ans, j'ai \u00e0 c\u0153ur de partager des histoires inspirantes et de mettre en lumi\u00e8re les initiatives locales. Mon objectif est de sensibiliser et d'encourager l'engagement communautaire \u00e0 travers mes articles.\",\"sameAs\":[\"https:\/\/vieassociative.be\/\"]}]}<\/script>\n<!-- \/ Yoast SEO plugin. -->","yoast_head_json":{"title":"Mon offre Amazon pr\u00e9f\u00e9r\u00e9e du jour : la tablette Amazon Fire Max 11 | Vie Associative","robots":{"index":"index","follow":"follow","max-snippet":"max-snippet:-1","max-image-preview":"max-image-preview:large","max-video-preview":"max-video-preview:-1"},"canonical":"https:\/\/vieassociative.be\/actualites\/mon-offre-amazon-preferee-du-jour-la-tablette-amazon-fire-max-11\/","og_locale":"fr_FR","og_type":"article","og_title":"Mon offre Amazon pr\u00e9f\u00e9r\u00e9e du jour : la tablette Amazon Fire Max 11 | Vie Associative","og_description":"La Fire Max 11 est la plus grande tablette d&rsquo;Amazon et elle est actuellement \u00e0 son prix le plus bas jamais enregistr\u00e9 apr\u00e8s une r\u00e9duction","og_url":"https:\/\/vieassociative.be\/actualites\/mon-offre-amazon-preferee-du-jour-la-tablette-amazon-fire-max-11\/","og_site_name":"Vie Associative","article_published_time":"2024-11-16T19:18:15+00:00","og_image":[{"width":279,"height":92,"url":"https:\/\/vieassociative.be\/actualites\/wp-content\/uploads\/2024\/09\/header_backgroundk-01-e1726694325946.png","type":"image\/png"}],"author":"Julien","twitter_card":"summary_large_image","twitter_misc":{"\u00c9crit par":"Julien","Dur\u00e9e de lecture est.":"2 minutes"},"schema":{"@context":"https:\/\/schema.org","@graph":[{"@type":"Article","@id":"https:\/\/vieassociative.be\/actualites\/mon-offre-amazon-preferee-du-jour-la-tablette-amazon-fire-max-11\/#article","isPartOf":{"@id":"https:\/\/vieassociative.be\/actualites\/mon-offre-amazon-preferee-du-jour-la-tablette-amazon-fire-max-11\/"},"author":{"name":"Julien","@id":"https:\/\/vieassociative.be\/actualites\/#\/schema\/person\/b87ac4f82f9d4e7b7cec7395b679edc4"},"headline":"Mon offre Amazon pr\u00e9f\u00e9r\u00e9e du jour : la tablette Amazon Fire Max 11","datePublished":"2024-11-16T19:18:15+00:00","dateModified":"2024-11-16T19:18:15+00:00","mainEntityOfPage":{"@id":"https:\/\/vieassociative.be\/actualites\/mon-offre-amazon-preferee-du-jour-la-tablette-amazon-fire-max-11\/"},"wordCount":381,"publisher":{"@id":"https:\/\/vieassociative.be\/actualites\/#organization"},"image":{"@id":"https:\/\/vieassociative.be\/actualites\/mon-offre-amazon-preferee-du-jour-la-tablette-amazon-fire-max-11\/#primaryimage"},"thumbnailUrl":"https:\/\/vieassociative.be\/actualites\/wp-content\/uploads\/2024\/11\/Mon-offre-Amazon-preferee-du-jour-la-tablette-Amazon.png","keywords":["Amazon","Fire","jour","Max","Mon","offre","pr\u00e9f\u00e9r\u00e9e","tablette"],"articleSection":["Technologie"],"inLanguage":"fr-BE"},{"@type":"WebPage","@id":"https:\/\/vieassociative.be\/actualites\/mon-offre-amazon-preferee-du-jour-la-tablette-amazon-fire-max-11\/","url":"https:\/\/vieassociative.be\/actualites\/mon-offre-amazon-preferee-du-jour-la-tablette-amazon-fire-max-11\/","name":"Mon offre Amazon pr\u00e9f\u00e9r\u00e9e du jour : la tablette Amazon Fire Max 11 | Vie Associative","isPartOf":{"@id":"https:\/\/vieassociative.be\/actualites\/#website"},"primaryImageOfPage":{"@id":"https:\/\/vieassociative.be\/actualites\/mon-offre-amazon-preferee-du-jour-la-tablette-amazon-fire-max-11\/#primaryimage"},"image":{"@id":"https:\/\/vieassociative.be\/actualites\/mon-offre-amazon-preferee-du-jour-la-tablette-amazon-fire-max-11\/#primaryimage"},"thumbnailUrl":"https:\/\/vieassociative.be\/actualites\/wp-content\/uploads\/2024\/11\/Mon-offre-Amazon-preferee-du-jour-la-tablette-Amazon.png","datePublished":"2024-11-16T19:18:15+00:00","dateModified":"2024-11-16T19:18:15+00:00","breadcrumb":{"@id":"https:\/\/vieassociative.be\/actualites\/mon-offre-amazon-preferee-du-jour-la-tablette-amazon-fire-max-11\/#breadcrumb"},"inLanguage":"fr-BE","potentialAction":[{"@type":"ReadAction","target":["https:\/\/vieassociative.be\/actualites\/mon-offre-amazon-preferee-du-jour-la-tablette-amazon-fire-max-11\/"]}]},{"@type":"ImageObject","inLanguage":"fr-BE","@id":"https:\/\/vieassociative.be\/actualites\/mon-offre-amazon-preferee-du-jour-la-tablette-amazon-fire-max-11\/#primaryimage","url":"https:\/\/vieassociative.be\/actualites\/wp-content\/uploads\/2024\/11\/Mon-offre-Amazon-preferee-du-jour-la-tablette-Amazon.png","contentUrl":"https:\/\/vieassociative.be\/actualites\/wp-content\/uploads\/2024\/11\/Mon-offre-Amazon-preferee-du-jour-la-tablette-Amazon.png","width":1200,"height":675,"caption":"Mon offre Amazon pr\u00e9f\u00e9r\u00e9e du jour : la tablette Amazon Fire Max 11"},{"@type":"BreadcrumbList","@id":"https:\/\/vieassociative.be\/actualites\/mon-offre-amazon-preferee-du-jour-la-tablette-amazon-fire-max-11\/#breadcrumb","itemListElement":[{"@type":"ListItem","position":1,"name":"Accueil","item":"https:\/\/vieassociative.be\/actualites\/"},{"@type":"ListItem","position":2,"name":"Mon offre Amazon pr\u00e9f\u00e9r\u00e9e du jour : la tablette Amazon Fire Max 11"}]},{"@type":"WebSite","@id":"https:\/\/vieassociative.be\/actualites\/#website","url":"https:\/\/vieassociative.be\/actualites\/","name":"Vie Associative","description":"","publisher":{"@id":"https:\/\/vieassociative.be\/actualites\/#organization"},"potentialAction":[{"@type":"SearchAction","target":{"@type":"EntryPoint","urlTemplate":"https:\/\/vieassociative.be\/actualites\/?s={search_term_string}"},"query-input":{"@type":"PropertyValueSpecification","valueRequired":true,"valueName":"search_term_string"}}],"inLanguage":"fr-BE"},{"@type":"Organization","@id":"https:\/\/vieassociative.be\/actualites\/#organization","name":"Vie Associative","url":"https:\/\/vieassociative.be\/actualites\/","logo":{"@type":"ImageObject","inLanguage":"fr-BE","@id":"https:\/\/vieassociative.be\/actualites\/#\/schema\/logo\/image\/","url":"https:\/\/vieassociative.be\/actualites\/wp-content\/uploads\/2024\/09\/cropped-vieassociative_favicon.ico.png","contentUrl":"https:\/\/vieassociative.be\/actualites\/wp-content\/uploads\/2024\/09\/cropped-vieassociative_favicon.ico.png","width":512,"height":512,"caption":"Vie Associative"},"image":{"@id":"https:\/\/vieassociative.be\/actualites\/#\/schema\/logo\/image\/"}},{"@type":"Person","@id":"https:\/\/vieassociative.be\/actualites\/#\/schema\/person\/b87ac4f82f9d4e7b7cec7395b679edc4","name":"Julien","image":{"@type":"ImageObject","inLanguage":"fr-BE","@id":"https:\/\/vieassociative.be\/actualites\/#\/schema\/person\/image\/","url":"https:\/\/vieassociative.be\/actualites\/wp-content\/uploads\/2024\/09\/vie-associative-1-150x150.jpg","contentUrl":"https:\/\/vieassociative.be\/actualites\/wp-content\/uploads\/2024\/09\/vie-associative-1-150x150.jpg","caption":"Julien"},"description":"Je suis Julien, r\u00e9dacteur pour Vie Associative. Passionn\u00e9 par le monde associatif depuis plus de 10 ans, j'ai \u00e0 c\u0153ur de partager des histoires inspirantes et de mettre en lumi\u00e8re les initiatives locales. Mon objectif est de sensibiliser et d'encourager l'engagement communautaire \u00e0 travers mes articles.","sameAs":["https:\/\/vieassociative.be\/"]}]}},"_links":{"self":[{"href":"https:\/\/vieassociative.be\/actualites\/wp-json\/wp\/v2\/posts\/2488"}],"collection":[{"href":"https:\/\/vieassociative.be\/actualites\/wp-json\/wp\/v2\/posts"}],"about":[{"href":"https:\/\/vieassociative.be\/actualites\/wp-json\/wp\/v2\/types\/post"}],"author":[{"embeddable":true,"href":"https:\/\/vieassociative.be\/actualites\/wp-json\/wp\/v2\/users\/1"}],"replies":[{"embeddable":true,"href":"https:\/\/vieassociative.be\/actualites\/wp-json\/wp\/v2\/comments?post=2488"}],"version-history":[{"count":0,"href":"https:\/\/vieassociative.be\/actualites\/wp-json\/wp\/v2\/posts\/2488\/revisions"}],"wp:featuredmedia":[{"embeddable":true,"href":"https:\/\/vieassociative.be\/actualites\/wp-json\/wp\/v2\/media\/2489"}],"wp:attachment":[{"href":"https:\/\/vieassociative.be\/actualites\/wp-json\/wp\/v2\/media?parent=2488"}],"wp:term":[{"taxonomy":"category","embeddable":true,"href":"https:\/\/vieassociative.be\/actualites\/wp-json\/wp\/v2\/categories?post=2488"},{"taxonomy":"post_tag","embeddable":true,"href":"https:\/\/vieassociative.be\/actualites\/wp-json\/wp\/v2\/tags?post=2488"}],"curies":[{"name":"wp","href":"https:\/\/api.w.org\/{rel}","templated":true}]}}