{"id":2482,"date":"2024-11-16T15:20:59","date_gmt":"2024-11-16T14:20:59","guid":{"rendered":"https:\/\/vieassociative.be\/actualites\/tyson-perd-lors-de-son-retour-en-boxe-et-laisse-un-retour-ouvert\/"},"modified":"2024-11-16T15:20:59","modified_gmt":"2024-11-16T14:20:59","slug":"tyson-perd-lors-de-son-retour-en-boxe-et-laisse-un-retour-ouvert","status":"publish","type":"post","link":"https:\/\/vieassociative.be\/actualites\/tyson-perd-lors-de-son-retour-en-boxe-et-laisse-un-retour-ouvert\/","title":{"rendered":"Tyson perd lors de son retour en boxe et laisse un retour ouvert"},"content":{"rendered":"<p><strong>Un ancien champion de 58 ans contre un adversaire de 31 ans son cadet : Mike Tyson revient sur le ring pour ce duel insolite. L\u00e0, il s&rsquo;essouffle rapidement.<\/strong><\/p>\n<p><span id=\"more-401986\"><\/span>M\u00eame apr\u00e8s la d\u00e9faite m\u00e9rit\u00e9e contre son adversaire, de 31 ans son cadet, Mike Tyson ne voulait pas dire d\u00e9finitivement adieu \u00e0 la boxe. L&rsquo;ancien champion du monde a perdu \u00e0 l&rsquo;unanimit\u00e9 aux points contre Jake Paul et \u00e0 partir du troisi\u00e8me des huit tours raccourcis, il ne lui restait pratiquement plus de r\u00e9serves pour ses propres attaques &#8211; mais l&rsquo;homme de 58 ans n&rsquo;a pas pu se r\u00e9soudre \u00e0 lui dire au revoir.<\/p>\n<p>\u00ab\u00a0Je ne le sais pas. \u00ab\u00a0Cela d\u00e9pend de la situation\u00a0\u00bb, a-t-il r\u00e9pondu lorsqu&rsquo;on lui a demand\u00e9 sur le ring si c&rsquo;\u00e9tait son dernier match de boxe. Et d&rsquo;ajouter ensuite devant 72 300 spectateurs dans le stade de football des Dallas Cowboys : \u00ab\u00a0Je ne pense pas.\u00a0\u00bb<\/p>\n<div id=\"attachment_401989\" class=\"wp-caption alignleft\" style=\"max-width: 300px\"><img fetchpriority=\"high\" decoding=\"async\" class=\"wp-image-401989 size-medium\" src=\"https:\/\/vieassociative.be\/actualites\/wp-content\/uploads\/2024\/11\/Tyson-perd-lors-de-son-retour-en-boxe-et-laisse.jpg\" alt=\"\" width=\"300\" height=\"200\"><\/p>\n<p class=\"wp-caption-text\">15 novembre 2024, \u00c9tats-Unis, Arlington : Jake Paul (l) se bat contre Mike Tyson lors de leur match de boxe poids lourd. Photo : Julio Cortez\/AP\/dpa<\/p>\n<\/div>\n<p>Lors du premier match de boxe officiellement class\u00e9 depuis 2005, Tyson a bien commenc\u00e9 et agressivement &#8211; mais a ensuite clairement perdu le contr\u00f4le face \u00e0 son adversaire beaucoup plus jeune. Le travail d\u00e9fensif de Tyson a \u00e9t\u00e9 bon, mais il n&rsquo;a pas tent\u00e9 ses propres attaques dans les rounds restants de deux minutes. Dans les derni\u00e8res secondes, les deux ont arr\u00eat\u00e9 le combat, Paul s&rsquo;est inclin\u00e9 devant Tyson.<\/p>\n<p><strong>\u2013 Probl\u00e8mes de transmission :<\/strong> \u00ab Je suis venu me battre. \u00ab\u00a0Je n&rsquo;ai rien prouv\u00e9 \u00e0 personne d&rsquo;autre qu&rsquo;\u00e0 moi-m\u00eame. Je suis juste content de ce que j&rsquo;ai fait\u00a0\u00bb, a d\u00e9clar\u00e9 Tyson par la suite. \u00abMike est une l\u00e9gende, c&rsquo;est le plus grand. Cet homme est une ic\u00f4ne et c&rsquo;est un honneur de lutter contre lui\u00a0\u00bb, a comment\u00e9 Jake Paul \u00e0 propos du spectacle organis\u00e9 comme un m\u00e9ga-\u00e9v\u00e9nement. \u00ab\u00a0Plus de 120 millions de personnes sur Netflix, nous avons ferm\u00e9 le site\u00a0\u00bb, s&rsquo;est-il r\u00e9joui. En fait, de nombreux utilisateurs ont exprim\u00e9 leur col\u00e8re face aux probl\u00e8mes de connexion et de transmission sur Internet avant m\u00eame le d\u00e9but du combat principal.<\/p>\n<div id=\"attachment_401991\" class=\"wp-caption alignleft\" style=\"max-width: 300px\"><img decoding=\"async\" class=\"wp-image-401991 size-medium\" src=\"https:\/\/vieassociative.be\/actualites\/wp-content\/uploads\/2024\/11\/1731766859_814_Tyson-perd-lors-de-son-retour-en-boxe-et-laisse.jpg\" alt=\"\" width=\"300\" height=\"200\"><\/p>\n<p class=\"wp-caption-text\">15 novembre 2024, \u00c9tats-Unis, Arlington : Jake Paul c\u00e9l\u00e8bre apr\u00e8s sa victoire sur Mike Tyson lors de leur match de boxe poids lourd. Photo : Julio Cortez\/AP\/dpa<\/p>\n<\/div>\n<p>Paul avait endoss\u00e9 le r\u00f4le d\u2019outsider \u00e0 l\u2019approche du combat. Lorsque les deux sont apparus ensemble lors d\u2019\u00e9v\u00e9nements au cours des derni\u00e8res semaines, l\u2019influenceur a souvent \u00e9t\u00e9 hu\u00e9. \u00ab Ce sont des fans de Mike Tyson qui l\u2019aiment. Et je suis le nouveau, le perturbateur, la grande gueule, celui qui polarise \u00bb, a d\u00e9clar\u00e9 Paul. \u00ab J\u2019ai construit ma carri\u00e8re en \u00e9tant le m\u00e9chant. Bien s\u00fbr, les gens sont contre moi \u2013 c\u2019est g\u00e9nial pour la boxe.<\/p>\n<p><strong>\u2013 Bravo \u00e0 l\u2019invasion Tyson\u00a0:<\/strong> Les sympathies \u00e9taient \u00e9galement clairement partag\u00e9es au stade AT&#038;T : lorsque Paul a \u00e9t\u00e9 lentement conduit vers le ring dans une voiture d\u00e9couverte, il y avait surtout des hu\u00e9es. Cependant, lorsque Tyson est mont\u00e9 sur le ring, il y a eu beaucoup d&rsquo;acclamations dans les tribunes.<\/p>\n<p>Paul n&rsquo;est sur le ring que depuis 2020, le combat contre Tyson \u00e9tait sa onzi\u00e8me victoire lors de son douzi\u00e8me combat. Le joueur de 27 ans s&rsquo;est fait un nom en tant qu&rsquo;influenceur, avec 27 millions de fans qui le suivent sur Instagram et 20,8 millions sur YouTube. Netflix voulait tester le potentiel des sports en direct avec la diffusion, mais a d\u00e9\u00e7u de nombreux utilisateurs en raison de probl\u00e8mes techniques. (dpa)<\/p>\n","protected":false},"excerpt":{"rendered":"<p>Un ancien champion de 58 ans contre un adversaire de 31 ans son cadet : Mike Tyson revient sur le ring pour ce duel insolite.<\/p>\n","protected":false},"author":1,"featured_media":2483,"comment_status":"","ping_status":"","sticky":false,"template":"","format":"standard","meta":{"footnotes":""},"categories":[298],"tags":[147,3225,353,1501,3021,787,800,3224],"class_list":["post-2482","post","type-post","status-publish","format-standard","has-post-thumbnail","hentry","category-belgique","tag-boxe","tag-laisse","tag-lors","tag-ouvert","tag-perd","tag-retour","tag-son","tag-tyson","generate-columns","tablet-grid-50","mobile-grid-100","grid-parent","grid-33"],"yoast_head":"<!-- This site is optimized with the Yoast SEO plugin v24.0 - https:\/\/yoast.com\/wordpress\/plugins\/seo\/ -->\n<title>Tyson perd lors de son retour en boxe et laisse un retour ouvert | Vie Associative<\/title>\n<meta name=\"robots\" content=\"index, follow, max-snippet:-1, max-image-preview:large, max-video-preview:-1\" \/>\n<link rel=\"canonical\" href=\"https:\/\/vieassociative.be\/actualites\/tyson-perd-lors-de-son-retour-en-boxe-et-laisse-un-retour-ouvert\/\" \/>\n<meta property=\"og:locale\" content=\"fr_FR\" \/>\n<meta property=\"og:type\" content=\"article\" \/>\n<meta property=\"og:title\" content=\"Tyson perd lors de son retour en boxe et laisse un retour ouvert | Vie Associative\" \/>\n<meta property=\"og:description\" content=\"Un ancien champion de 58 ans contre un adversaire de 31 ans son cadet : Mike Tyson revient sur le ring pour ce duel insolite.\" \/>\n<meta property=\"og:url\" content=\"https:\/\/vieassociative.be\/actualites\/tyson-perd-lors-de-son-retour-en-boxe-et-laisse-un-retour-ouvert\/\" \/>\n<meta property=\"og:site_name\" content=\"Vie Associative\" \/>\n<meta property=\"article:published_time\" content=\"2024-11-16T14:20:59+00:00\" \/>\n<meta property=\"og:image\" content=\"https:\/\/vieassociative.be\/actualites\/wp-content\/uploads\/2024\/11\/Tyson-perd-lors-de-son-retour-en-boxe-et-laisse.jpg\" \/>\n<meta name=\"author\" content=\"Julien\" \/>\n<meta name=\"twitter:card\" content=\"summary_large_image\" \/>\n<meta name=\"twitter:label1\" content=\"\u00c9crit par\" \/>\n\t<meta name=\"twitter:data1\" content=\"Julien\" \/>\n\t<meta name=\"twitter:label2\" content=\"Dur\u00e9e de lecture est.\" \/>\n\t<meta name=\"twitter:data2\" content=\"3 minutes\" \/>\n<script type=\"application\/ld+json\" class=\"yoast-schema-graph\">{\"@context\":\"https:\/\/schema.org\",\"@graph\":[{\"@type\":\"Article\",\"@id\":\"https:\/\/vieassociative.be\/actualites\/tyson-perd-lors-de-son-retour-en-boxe-et-laisse-un-retour-ouvert\/#article\",\"isPartOf\":{\"@id\":\"https:\/\/vieassociative.be\/actualites\/tyson-perd-lors-de-son-retour-en-boxe-et-laisse-un-retour-ouvert\/\"},\"author\":{\"name\":\"Julien\",\"@id\":\"https:\/\/vieassociative.be\/actualites\/#\/schema\/person\/b87ac4f82f9d4e7b7cec7395b679edc4\"},\"headline\":\"Tyson perd lors de son retour en boxe et laisse un retour ouvert\",\"datePublished\":\"2024-11-16T14:20:59+00:00\",\"dateModified\":\"2024-11-16T14:20:59+00:00\",\"mainEntityOfPage\":{\"@id\":\"https:\/\/vieassociative.be\/actualites\/tyson-perd-lors-de-son-retour-en-boxe-et-laisse-un-retour-ouvert\/\"},\"wordCount\":632,\"publisher\":{\"@id\":\"https:\/\/vieassociative.be\/actualites\/#organization\"},\"image\":{\"@id\":\"https:\/\/vieassociative.be\/actualites\/tyson-perd-lors-de-son-retour-en-boxe-et-laisse-un-retour-ouvert\/#primaryimage\"},\"thumbnailUrl\":\"https:\/\/vieassociative.be\/actualites\/wp-content\/uploads\/2024\/11\/1731766859_Tyson-perd-lors-de-son-retour-en-boxe-et-laisse.jpg\",\"keywords\":[\"boxe\",\"laisse\",\"lors\",\"ouvert\",\"perd\",\"retour\",\"son\",\"Tyson\"],\"articleSection\":[\"Belgique\"],\"inLanguage\":\"fr-BE\"},{\"@type\":\"WebPage\",\"@id\":\"https:\/\/vieassociative.be\/actualites\/tyson-perd-lors-de-son-retour-en-boxe-et-laisse-un-retour-ouvert\/\",\"url\":\"https:\/\/vieassociative.be\/actualites\/tyson-perd-lors-de-son-retour-en-boxe-et-laisse-un-retour-ouvert\/\",\"name\":\"Tyson perd lors de son retour en boxe et laisse un retour ouvert | Vie Associative\",\"isPartOf\":{\"@id\":\"https:\/\/vieassociative.be\/actualites\/#website\"},\"primaryImageOfPage\":{\"@id\":\"https:\/\/vieassociative.be\/actualites\/tyson-perd-lors-de-son-retour-en-boxe-et-laisse-un-retour-ouvert\/#primaryimage\"},\"image\":{\"@id\":\"https:\/\/vieassociative.be\/actualites\/tyson-perd-lors-de-son-retour-en-boxe-et-laisse-un-retour-ouvert\/#primaryimage\"},\"thumbnailUrl\":\"https:\/\/vieassociative.be\/actualites\/wp-content\/uploads\/2024\/11\/1731766859_Tyson-perd-lors-de-son-retour-en-boxe-et-laisse.jpg\",\"datePublished\":\"2024-11-16T14:20:59+00:00\",\"dateModified\":\"2024-11-16T14:20:59+00:00\",\"breadcrumb\":{\"@id\":\"https:\/\/vieassociative.be\/actualites\/tyson-perd-lors-de-son-retour-en-boxe-et-laisse-un-retour-ouvert\/#breadcrumb\"},\"inLanguage\":\"fr-BE\",\"potentialAction\":[{\"@type\":\"ReadAction\",\"target\":[\"https:\/\/vieassociative.be\/actualites\/tyson-perd-lors-de-son-retour-en-boxe-et-laisse-un-retour-ouvert\/\"]}]},{\"@type\":\"ImageObject\",\"inLanguage\":\"fr-BE\",\"@id\":\"https:\/\/vieassociative.be\/actualites\/tyson-perd-lors-de-son-retour-en-boxe-et-laisse-un-retour-ouvert\/#primaryimage\",\"url\":\"https:\/\/vieassociative.be\/actualites\/wp-content\/uploads\/2024\/11\/1731766859_Tyson-perd-lors-de-son-retour-en-boxe-et-laisse.jpg\",\"contentUrl\":\"https:\/\/vieassociative.be\/actualites\/wp-content\/uploads\/2024\/11\/1731766859_Tyson-perd-lors-de-son-retour-en-boxe-et-laisse.jpg\",\"width\":1300,\"height\":866,\"caption\":\"Tyson perd lors de son retour en boxe et laisse un retour ouvert\"},{\"@type\":\"BreadcrumbList\",\"@id\":\"https:\/\/vieassociative.be\/actualites\/tyson-perd-lors-de-son-retour-en-boxe-et-laisse-un-retour-ouvert\/#breadcrumb\",\"itemListElement\":[{\"@type\":\"ListItem\",\"position\":1,\"name\":\"Accueil\",\"item\":\"https:\/\/vieassociative.be\/actualites\/\"},{\"@type\":\"ListItem\",\"position\":2,\"name\":\"Tyson perd lors de son retour en boxe et laisse un retour ouvert\"}]},{\"@type\":\"WebSite\",\"@id\":\"https:\/\/vieassociative.be\/actualites\/#website\",\"url\":\"https:\/\/vieassociative.be\/actualites\/\",\"name\":\"Vie Associative\",\"description\":\"\",\"publisher\":{\"@id\":\"https:\/\/vieassociative.be\/actualites\/#organization\"},\"potentialAction\":[{\"@type\":\"SearchAction\",\"target\":{\"@type\":\"EntryPoint\",\"urlTemplate\":\"https:\/\/vieassociative.be\/actualites\/?s={search_term_string}\"},\"query-input\":{\"@type\":\"PropertyValueSpecification\",\"valueRequired\":true,\"valueName\":\"search_term_string\"}}],\"inLanguage\":\"fr-BE\"},{\"@type\":\"Organization\",\"@id\":\"https:\/\/vieassociative.be\/actualites\/#organization\",\"name\":\"Vie Associative\",\"url\":\"https:\/\/vieassociative.be\/actualites\/\",\"logo\":{\"@type\":\"ImageObject\",\"inLanguage\":\"fr-BE\",\"@id\":\"https:\/\/vieassociative.be\/actualites\/#\/schema\/logo\/image\/\",\"url\":\"https:\/\/vieassociative.be\/actualites\/wp-content\/uploads\/2024\/09\/cropped-vieassociative_favicon.ico.png\",\"contentUrl\":\"https:\/\/vieassociative.be\/actualites\/wp-content\/uploads\/2024\/09\/cropped-vieassociative_favicon.ico.png\",\"width\":512,\"height\":512,\"caption\":\"Vie Associative\"},\"image\":{\"@id\":\"https:\/\/vieassociative.be\/actualites\/#\/schema\/logo\/image\/\"}},{\"@type\":\"Person\",\"@id\":\"https:\/\/vieassociative.be\/actualites\/#\/schema\/person\/b87ac4f82f9d4e7b7cec7395b679edc4\",\"name\":\"Julien\",\"image\":{\"@type\":\"ImageObject\",\"inLanguage\":\"fr-BE\",\"@id\":\"https:\/\/vieassociative.be\/actualites\/#\/schema\/person\/image\/\",\"url\":\"https:\/\/vieassociative.be\/actualites\/wp-content\/uploads\/2024\/09\/vie-associative-1-150x150.jpg\",\"contentUrl\":\"https:\/\/vieassociative.be\/actualites\/wp-content\/uploads\/2024\/09\/vie-associative-1-150x150.jpg\",\"caption\":\"Julien\"},\"description\":\"Je suis Julien, r\u00e9dacteur pour Vie Associative. Passionn\u00e9 par le monde associatif depuis plus de 10 ans, j'ai \u00e0 c\u0153ur de partager des histoires inspirantes et de mettre en lumi\u00e8re les initiatives locales. Mon objectif est de sensibiliser et d'encourager l'engagement communautaire \u00e0 travers mes articles.\",\"sameAs\":[\"https:\/\/vieassociative.be\/\"]}]}<\/script>\n<!-- \/ Yoast SEO plugin. -->","yoast_head_json":{"title":"Tyson perd lors de son retour en boxe et laisse un retour ouvert | Vie Associative","robots":{"index":"index","follow":"follow","max-snippet":"max-snippet:-1","max-image-preview":"max-image-preview:large","max-video-preview":"max-video-preview:-1"},"canonical":"https:\/\/vieassociative.be\/actualites\/tyson-perd-lors-de-son-retour-en-boxe-et-laisse-un-retour-ouvert\/","og_locale":"fr_FR","og_type":"article","og_title":"Tyson perd lors de son retour en boxe et laisse un retour ouvert | Vie Associative","og_description":"Un ancien champion de 58 ans contre un adversaire de 31 ans son cadet : Mike Tyson revient sur le ring pour ce duel insolite.","og_url":"https:\/\/vieassociative.be\/actualites\/tyson-perd-lors-de-son-retour-en-boxe-et-laisse-un-retour-ouvert\/","og_site_name":"Vie Associative","article_published_time":"2024-11-16T14:20:59+00:00","og_image":[{"url":"https:\/\/vieassociative.be\/actualites\/wp-content\/uploads\/2024\/11\/Tyson-perd-lors-de-son-retour-en-boxe-et-laisse.jpg","type":"","width":"","height":""}],"author":"Julien","twitter_card":"summary_large_image","twitter_misc":{"\u00c9crit par":"Julien","Dur\u00e9e de lecture est.":"3 minutes"},"schema":{"@context":"https:\/\/schema.org","@graph":[{"@type":"Article","@id":"https:\/\/vieassociative.be\/actualites\/tyson-perd-lors-de-son-retour-en-boxe-et-laisse-un-retour-ouvert\/#article","isPartOf":{"@id":"https:\/\/vieassociative.be\/actualites\/tyson-perd-lors-de-son-retour-en-boxe-et-laisse-un-retour-ouvert\/"},"author":{"name":"Julien","@id":"https:\/\/vieassociative.be\/actualites\/#\/schema\/person\/b87ac4f82f9d4e7b7cec7395b679edc4"},"headline":"Tyson perd lors de son retour en boxe et laisse un retour ouvert","datePublished":"2024-11-16T14:20:59+00:00","dateModified":"2024-11-16T14:20:59+00:00","mainEntityOfPage":{"@id":"https:\/\/vieassociative.be\/actualites\/tyson-perd-lors-de-son-retour-en-boxe-et-laisse-un-retour-ouvert\/"},"wordCount":632,"publisher":{"@id":"https:\/\/vieassociative.be\/actualites\/#organization"},"image":{"@id":"https:\/\/vieassociative.be\/actualites\/tyson-perd-lors-de-son-retour-en-boxe-et-laisse-un-retour-ouvert\/#primaryimage"},"thumbnailUrl":"https:\/\/vieassociative.be\/actualites\/wp-content\/uploads\/2024\/11\/1731766859_Tyson-perd-lors-de-son-retour-en-boxe-et-laisse.jpg","keywords":["boxe","laisse","lors","ouvert","perd","retour","son","Tyson"],"articleSection":["Belgique"],"inLanguage":"fr-BE"},{"@type":"WebPage","@id":"https:\/\/vieassociative.be\/actualites\/tyson-perd-lors-de-son-retour-en-boxe-et-laisse-un-retour-ouvert\/","url":"https:\/\/vieassociative.be\/actualites\/tyson-perd-lors-de-son-retour-en-boxe-et-laisse-un-retour-ouvert\/","name":"Tyson perd lors de son retour en boxe et laisse un retour ouvert | Vie Associative","isPartOf":{"@id":"https:\/\/vieassociative.be\/actualites\/#website"},"primaryImageOfPage":{"@id":"https:\/\/vieassociative.be\/actualites\/tyson-perd-lors-de-son-retour-en-boxe-et-laisse-un-retour-ouvert\/#primaryimage"},"image":{"@id":"https:\/\/vieassociative.be\/actualites\/tyson-perd-lors-de-son-retour-en-boxe-et-laisse-un-retour-ouvert\/#primaryimage"},"thumbnailUrl":"https:\/\/vieassociative.be\/actualites\/wp-content\/uploads\/2024\/11\/1731766859_Tyson-perd-lors-de-son-retour-en-boxe-et-laisse.jpg","datePublished":"2024-11-16T14:20:59+00:00","dateModified":"2024-11-16T14:20:59+00:00","breadcrumb":{"@id":"https:\/\/vieassociative.be\/actualites\/tyson-perd-lors-de-son-retour-en-boxe-et-laisse-un-retour-ouvert\/#breadcrumb"},"inLanguage":"fr-BE","potentialAction":[{"@type":"ReadAction","target":["https:\/\/vieassociative.be\/actualites\/tyson-perd-lors-de-son-retour-en-boxe-et-laisse-un-retour-ouvert\/"]}]},{"@type":"ImageObject","inLanguage":"fr-BE","@id":"https:\/\/vieassociative.be\/actualites\/tyson-perd-lors-de-son-retour-en-boxe-et-laisse-un-retour-ouvert\/#primaryimage","url":"https:\/\/vieassociative.be\/actualites\/wp-content\/uploads\/2024\/11\/1731766859_Tyson-perd-lors-de-son-retour-en-boxe-et-laisse.jpg","contentUrl":"https:\/\/vieassociative.be\/actualites\/wp-content\/uploads\/2024\/11\/1731766859_Tyson-perd-lors-de-son-retour-en-boxe-et-laisse.jpg","width":1300,"height":866,"caption":"Tyson perd lors de son retour en boxe et laisse un retour ouvert"},{"@type":"BreadcrumbList","@id":"https:\/\/vieassociative.be\/actualites\/tyson-perd-lors-de-son-retour-en-boxe-et-laisse-un-retour-ouvert\/#breadcrumb","itemListElement":[{"@type":"ListItem","position":1,"name":"Accueil","item":"https:\/\/vieassociative.be\/actualites\/"},{"@type":"ListItem","position":2,"name":"Tyson perd lors de son retour en boxe et laisse un retour ouvert"}]},{"@type":"WebSite","@id":"https:\/\/vieassociative.be\/actualites\/#website","url":"https:\/\/vieassociative.be\/actualites\/","name":"Vie Associative","description":"","publisher":{"@id":"https:\/\/vieassociative.be\/actualites\/#organization"},"potentialAction":[{"@type":"SearchAction","target":{"@type":"EntryPoint","urlTemplate":"https:\/\/vieassociative.be\/actualites\/?s={search_term_string}"},"query-input":{"@type":"PropertyValueSpecification","valueRequired":true,"valueName":"search_term_string"}}],"inLanguage":"fr-BE"},{"@type":"Organization","@id":"https:\/\/vieassociative.be\/actualites\/#organization","name":"Vie Associative","url":"https:\/\/vieassociative.be\/actualites\/","logo":{"@type":"ImageObject","inLanguage":"fr-BE","@id":"https:\/\/vieassociative.be\/actualites\/#\/schema\/logo\/image\/","url":"https:\/\/vieassociative.be\/actualites\/wp-content\/uploads\/2024\/09\/cropped-vieassociative_favicon.ico.png","contentUrl":"https:\/\/vieassociative.be\/actualites\/wp-content\/uploads\/2024\/09\/cropped-vieassociative_favicon.ico.png","width":512,"height":512,"caption":"Vie Associative"},"image":{"@id":"https:\/\/vieassociative.be\/actualites\/#\/schema\/logo\/image\/"}},{"@type":"Person","@id":"https:\/\/vieassociative.be\/actualites\/#\/schema\/person\/b87ac4f82f9d4e7b7cec7395b679edc4","name":"Julien","image":{"@type":"ImageObject","inLanguage":"fr-BE","@id":"https:\/\/vieassociative.be\/actualites\/#\/schema\/person\/image\/","url":"https:\/\/vieassociative.be\/actualites\/wp-content\/uploads\/2024\/09\/vie-associative-1-150x150.jpg","contentUrl":"https:\/\/vieassociative.be\/actualites\/wp-content\/uploads\/2024\/09\/vie-associative-1-150x150.jpg","caption":"Julien"},"description":"Je suis Julien, r\u00e9dacteur pour Vie Associative. Passionn\u00e9 par le monde associatif depuis plus de 10 ans, j'ai \u00e0 c\u0153ur de partager des histoires inspirantes et de mettre en lumi\u00e8re les initiatives locales. Mon objectif est de sensibiliser et d'encourager l'engagement communautaire \u00e0 travers mes articles.","sameAs":["https:\/\/vieassociative.be\/"]}]}},"_links":{"self":[{"href":"https:\/\/vieassociative.be\/actualites\/wp-json\/wp\/v2\/posts\/2482"}],"collection":[{"href":"https:\/\/vieassociative.be\/actualites\/wp-json\/wp\/v2\/posts"}],"about":[{"href":"https:\/\/vieassociative.be\/actualites\/wp-json\/wp\/v2\/types\/post"}],"author":[{"embeddable":true,"href":"https:\/\/vieassociative.be\/actualites\/wp-json\/wp\/v2\/users\/1"}],"replies":[{"embeddable":true,"href":"https:\/\/vieassociative.be\/actualites\/wp-json\/wp\/v2\/comments?post=2482"}],"version-history":[{"count":0,"href":"https:\/\/vieassociative.be\/actualites\/wp-json\/wp\/v2\/posts\/2482\/revisions"}],"wp:featuredmedia":[{"embeddable":true,"href":"https:\/\/vieassociative.be\/actualites\/wp-json\/wp\/v2\/media\/2483"}],"wp:attachment":[{"href":"https:\/\/vieassociative.be\/actualites\/wp-json\/wp\/v2\/media?parent=2482"}],"wp:term":[{"taxonomy":"category","embeddable":true,"href":"https:\/\/vieassociative.be\/actualites\/wp-json\/wp\/v2\/categories?post=2482"},{"taxonomy":"post_tag","embeddable":true,"href":"https:\/\/vieassociative.be\/actualites\/wp-json\/wp\/v2\/tags?post=2482"}],"curies":[{"name":"wp","href":"https:\/\/api.w.org\/{rel}","templated":true}]}}