{"id":2471,"date":"2024-11-16T06:22:18","date_gmt":"2024-11-16T05:22:18","guid":{"rendered":"https:\/\/vieassociative.be\/actualites\/combien-coute-leducation-dun-enfant-apres-linflation\/"},"modified":"2024-11-16T06:22:18","modified_gmt":"2024-11-16T05:22:18","slug":"combien-coute-leducation-dun-enfant-apres-linflation","status":"publish","type":"post","link":"https:\/\/vieassociative.be\/actualites\/combien-coute-leducation-dun-enfant-apres-linflation\/","title":{"rendered":"Combien co\u00fbte l\u2019\u00e9ducation d\u2019un enfant apr\u00e8s l\u2019inflation"},"content":{"rendered":"<div class=\"mt-4 leading-6 md:mb-8\">Nous ne pouvons qu\u2019estimer le co\u00fbt mon\u00e9taire exact qu\u2019entra\u00eenerait l\u2019\u00e9ducation d\u2019un enfant n\u00e9 en 2022, mais c\u2019est beaucoup.<\/div>\n<p><\/p>\n<p>Envisagez-vous d&rsquo;avoir un enfant ? Peut-\u00eatre que la diminution de la pand\u00e9mie et le faible taux de ch\u00f4mage actuel vous donnent le sentiment d\u2019\u00eatre pr\u00eats \u00e0 accomplir votre destin\u00e9e biologique et \u00e0 ajouter une autre bouche au monde ? Avant de le faire, vous devez savoir combien cela vous co\u00fbtera probablement.<\/p>\n<p>Selon une \u00e9tude du Brookings Institute, le co\u00fbt pour \u00e9lever un enfant de la classe moyenne, de sa naissance jusqu&rsquo;\u00e0 ses 17 ans, devrait \u00eatre d&rsquo;environ 310 605 dollars. Cela repr\u00e9sente une hausse par rapport aux 233\u00a0610 dollars pr\u00e9vus par le minist\u00e8re am\u00e9ricain de l\u2019Agriculture en 2015, et la cause en est une inflation plus \u00e9lev\u00e9e. En 2015, le taux d\u2019inflation projet\u00e9 \u00e9tait de 2,2 % ; le nouveau chiffre est bas\u00e9 sur les donn\u00e9es des ann\u00e9es 1980 \u00e0 1997, la derni\u00e8re fois que l&rsquo;inflation \u00e9tait relativement \u00e9lev\u00e9e. Et oui, cela prend en compte la probable baisse de l\u2019inflation due aux hausses des taux d\u2019int\u00e9r\u00eat de la Fed.<\/p>\n<p>Voici la r\u00e9partition du pourcentage de vos 300\u00a0000\u00a0$ qui sera d\u00e9pens\u00e9 pour quoi\u00a0:<\/p>\n<ul>\n<li>\n<p>Logement : 29%<\/p>\n<\/li>\n<li>\n<p>Alimentation : 18%<\/p>\n<\/li>\n<li>\n<p>Garde d&rsquo;enfants et \u00e9ducation : 16%<\/p>\n<\/li>\n<li>\n<p>Transport : 15%<\/p>\n<\/li>\n<li>\n<p>Soins de sant\u00e9\u00a0: 9\u00a0%<\/p>\n<\/li>\n<li>\n<p>Divers 7%<\/p>\n<\/li>\n<li>\n<p>V\u00eatements 6%<\/p>\n<\/li>\n<\/ul>\n<p>Avant de jeter l&rsquo;\u00e9ponge devant ces sombres chiffres, je pense qu&rsquo;il y a beaucoup de choses qui ne sont pas refl\u00e9t\u00e9es dans les chiffres du minist\u00e8re de l&rsquo;Agriculture. Les calculs de Brookings semblent solides \u2013 je veux dire, solides pour une pr\u00e9vision bas\u00e9e sur les taux d\u2019int\u00e9r\u00eat futurs \u2013 mais le rapport du minist\u00e8re de l\u2019Agriculture ne prend pas en compte le co\u00fbt d\u2019\u00e9lever un enfant dans le tableau complet des finances d\u2019une famille.<\/p>\n<h2 id=\"the-hidden-savings-of-child-rearing\"><strong>Le cach\u00e9 <em>\u00e9conomies<\/em> d&rsquo;\u00e9lever des enfants<\/strong><\/h2>\n<div class=\"eloquent-imagery-image\">\n<div class=\"flex justify-center\">\n                    <img decoding=\"async\" class=\"border border-gray-100\" src=\"https:\/\/vieassociative.be\/actualites\/wp-content\/uploads\/2024\/11\/Combien-coute-leducation-dun-enfant-apres-linflation.jpg\" alt=\"Image de pirate de la vie\" width=\"2000\" height=\"1126\" loading=\"lazy\"  >\n            <\/div>\n<\/p><\/div>\n<p>Comme vous pouvez le voir sur le graphique l\u00e9g\u00e8rement terrifiant du minist\u00e8re de l&rsquo;Agriculture, 18 % de vos d\u00e9penses totales pour votre enfant seront gaspill\u00e9es en nourriture. (Fait amusant\u00a0: les enfants doivent manger <em>chaque<\/em> jour.) Cela semble \u00e0 peu pr\u00e8s correct, mais si vous consid\u00e9rez l\u2019ensemble de votre budget, vous pourriez <em>sauvegarder<\/em> de l&rsquo;argent pour la nourriture en ayant un enfant. Ma femme et moi l&rsquo;avons fait.<\/p>\n<p>Lorsque nous \u00e9tions un couple insouciant et sans enfants, nous sortions manger dans des restaurants int\u00e9ressants plusieurs fois par semaine et prenions peut-\u00eatre un brunch tranquille le dimanche. Mais une fois le b\u00e9b\u00e9 arriv\u00e9, nous avons commenc\u00e9 \u00e0 manger au restaurant plusieurs fois par semaine et avons oubli\u00e9 ce que signifie \u00ab brunch \u00bb. L\u2019isolement pendant les repas nous a permis d\u2019\u00e9conomiser beaucoup d\u2019argent sur le co\u00fbt total de la nourriture. Avoir un enfant nous a m\u00eame permis d&rsquo;\u00e9conomiser sur les frais de nourriture \u00e0 la maison, car bon nombre de nos repas pour adultes sont constitu\u00e9s de nuggets de poulet \u00e0 moiti\u00e9 mang\u00e9s qui sont tomb\u00e9s sur le sol. <\/p>\n<p>La m\u00eame r\u00e8gle g\u00e9n\u00e9rale s\u2019applique \u00e0 l\u2019argent que nous avons \u00e9conomis\u00e9 en ne partant pas en vacances dans des endroits passionnants. Et je n&rsquo;irai jamais au cin\u00e9ma. Oh, et ne pas sortir dans les bars avec des amis ou voir des concerts. Et des jeux de ballon aussi ! Nous avons m\u00eame d\u00e9pens\u00e9 moins en v\u00eatements car nous pr\u00e9f\u00e9rions que le vomi de b\u00e9b\u00e9 atterrisse sur des chemises bon march\u00e9. Le co\u00fbt d\u2019achat des cadeaux d\u2019anniversaire a \u00e9galement diminu\u00e9, car nous n\u2019avions plus d\u2019amis. Ces \u00e9conomies sont l\u00e9g\u00e8rement compens\u00e9es par l\u2019augmentation du montant que nous avons commenc\u00e9 \u00e0 d\u00e9penser en marijuana, le meilleur ami des parents modernes.<\/p>\n<h2 id=\"the-hidden-savings-that-come-from-having-lots-of-children\"><strong>Les \u00e9conomies cach\u00e9es qui d\u00e9coulent du fait d\u2019avoir BEAUCOUP d\u2019enfants<\/strong><\/h2>\n<p>Les chiffres du minist\u00e8re de l&rsquo;Agriculture sont bas\u00e9s sur un seul enfant, mais dans son communiqu\u00e9 de presse, il reconna\u00eet \u00ab l&rsquo;effet moins cher \u00e0 la douzaine \u00bb. Mark Lino, l&rsquo;auteur du rapport, a d\u00e9clar\u00e9 dans un communiqu\u00e9 : \u00ab Il existe d&rsquo;importantes \u00e9conomies d&rsquo;\u00e9chelle en ce qui concerne les enfants\u2026 \u00c0 mesure que la taille des familles augmente, les enfants peuvent partager une chambre, les v\u00eatements et les jouets peuvent \u00eatre r\u00e9utilis\u00e9s et la nourriture peut \u00eatre achet\u00e9e. dans des emballages plus grands et plus \u00e9conomiques. <\/p>\n<p>Deux enfants co\u00fbtent moins cher. Trois moins cher encore. Au moment o\u00f9 vous avez un quatri\u00e8me enfant, c&rsquo;est pratiquement gratuit : les v\u00eatements, les jouets, les livres, etc., sont tous de seconde main, et vous n&rsquo;avez m\u00eame pas \u00e0 vous soucier de trop les \u00e9lever. C&rsquo;est \u00e0 cela que servent les fr\u00e8res et s\u0153urs a\u00een\u00e9s.<\/p>\n<h2 id=\"the-cost-of-sending-your-child-to-college\"><strong>Le co\u00fbt d&rsquo;envoi de votre enfant \u00e0 l&rsquo;universit\u00e9<\/strong><\/h2>\n<p>Votre responsabilit\u00e9 envers votre enfant ne s&rsquo;arr\u00eate pas vraiment \u00e0 l&rsquo;\u00e2ge de 18 ans : vous devez penser \u00e0 l&rsquo;envoyer \u00e0 l&rsquo;universit\u00e9. Comme tous les parents raisonnables, ma femme et moi avons \u00e9labor\u00e9 un plan pour aller \u00e0 l\u2019universit\u00e9 d\u00e8s la naissance de notre fils. Ce plan \u00e9tait qu\u2019il devienne un g\u00e9nie et obtienne une bourse compl\u00e8te pour Brown. Cela ne semble pas fonctionner, mais il est encore temps. C\u2019est pourquoi je n\u2019ai jamais examin\u00e9 le co\u00fbt annuel estim\u00e9 des \u00e9tudes universitaires \u00e0 l\u2019\u00e2ge de 18 ans jusqu\u2019\u00e0 cette seconde. Attendez. Laisse-moi juste&#8230; c&rsquo;est quoi ce bordel ? Es-tu <em>chier<\/em> moi? 43\u00a0370\u00a0$ par <em>ann\u00e9e<\/em> pour une \u00e9cole priv\u00e9e ? Pour qu&rsquo;il puisse \u00e9tudier la danse ? Et 20 000 $ pour une \u00e9cole publique ? Est-il trop tard pour passer \u00e0 une utopie socialiste ? Pouvons-nous simplement nous pr\u00e9senter en Belgique ou quelque chose comme \u00e7a ?<\/p>\n<h2 id=\"raising-a-child-to-learn-a-useful-trade\"><strong>\u00c9lever un enfant pour qu&rsquo;il apprenne un m\u00e9tier utile<\/strong><\/h2>\n<p>Vous savez, le monde aura toujours besoin de plombiers et d\u2019\u00e9lectriciens.<\/p>\n<p><\/p>\n","protected":false},"excerpt":{"rendered":"<p>Nous ne pouvons qu\u2019estimer le co\u00fbt mon\u00e9taire exact qu\u2019entra\u00eenerait l\u2019\u00e9ducation d\u2019un enfant n\u00e9 en 2022, mais c\u2019est beaucoup. Envisagez-vous d&rsquo;avoir un enfant ? Peut-\u00eatre que<\/p>\n","protected":false},"author":1,"featured_media":2472,"comment_status":"","ping_status":"","sticky":false,"template":"","format":"standard","meta":{"footnotes":""},"categories":[37],"tags":[472,2602,1122,354,295,1805,3218],"class_list":["post-2471","post","type-post","status-publish","format-standard","has-post-thumbnail","hentry","category-famille","tag-apres","tag-combien","tag-coute","tag-dun","tag-enfant","tag-leducation","tag-linflation","generate-columns","tablet-grid-50","mobile-grid-100","grid-parent","grid-33"],"yoast_head":"<!-- This site is optimized with the Yoast SEO plugin v24.0 - https:\/\/yoast.com\/wordpress\/plugins\/seo\/ -->\n<title>Combien co\u00fbte l\u2019\u00e9ducation d\u2019un enfant apr\u00e8s l\u2019inflation | Vie Associative<\/title>\n<meta name=\"robots\" content=\"index, follow, max-snippet:-1, max-image-preview:large, max-video-preview:-1\" \/>\n<link rel=\"canonical\" href=\"https:\/\/vieassociative.be\/actualites\/combien-coute-leducation-dun-enfant-apres-linflation\/\" \/>\n<meta property=\"og:locale\" content=\"fr_FR\" \/>\n<meta property=\"og:type\" content=\"article\" \/>\n<meta property=\"og:title\" content=\"Combien co\u00fbte l\u2019\u00e9ducation d\u2019un enfant apr\u00e8s l\u2019inflation | Vie Associative\" \/>\n<meta property=\"og:description\" content=\"Nous ne pouvons qu\u2019estimer le co\u00fbt mon\u00e9taire exact qu\u2019entra\u00eenerait l\u2019\u00e9ducation d\u2019un enfant n\u00e9 en 2022, mais c\u2019est beaucoup. Envisagez-vous d&rsquo;avoir un enfant ? Peut-\u00eatre que\" \/>\n<meta property=\"og:url\" content=\"https:\/\/vieassociative.be\/actualites\/combien-coute-leducation-dun-enfant-apres-linflation\/\" \/>\n<meta property=\"og:site_name\" content=\"Vie Associative\" \/>\n<meta property=\"article:published_time\" content=\"2024-11-16T05:22:18+00:00\" \/>\n<meta property=\"og:image\" content=\"https:\/\/vieassociative.be\/actualites\/wp-content\/uploads\/2024\/11\/Combien-coute-leducation-dun-enfant-apres-linflation.jpg\" \/>\n<meta name=\"author\" content=\"Julien\" \/>\n<meta name=\"twitter:card\" content=\"summary_large_image\" \/>\n<meta name=\"twitter:label1\" content=\"\u00c9crit par\" \/>\n\t<meta name=\"twitter:data1\" content=\"Julien\" \/>\n\t<meta name=\"twitter:label2\" content=\"Dur\u00e9e de lecture est.\" \/>\n\t<meta name=\"twitter:data2\" content=\"5 minutes\" \/>\n<script type=\"application\/ld+json\" class=\"yoast-schema-graph\">{\"@context\":\"https:\/\/schema.org\",\"@graph\":[{\"@type\":\"Article\",\"@id\":\"https:\/\/vieassociative.be\/actualites\/combien-coute-leducation-dun-enfant-apres-linflation\/#article\",\"isPartOf\":{\"@id\":\"https:\/\/vieassociative.be\/actualites\/combien-coute-leducation-dun-enfant-apres-linflation\/\"},\"author\":{\"name\":\"Julien\",\"@id\":\"https:\/\/vieassociative.be\/actualites\/#\/schema\/person\/b87ac4f82f9d4e7b7cec7395b679edc4\"},\"headline\":\"Combien co\u00fbte l\u2019\u00e9ducation d\u2019un enfant apr\u00e8s l\u2019inflation\",\"datePublished\":\"2024-11-16T05:22:18+00:00\",\"dateModified\":\"2024-11-16T05:22:18+00:00\",\"mainEntityOfPage\":{\"@id\":\"https:\/\/vieassociative.be\/actualites\/combien-coute-leducation-dun-enfant-apres-linflation\/\"},\"wordCount\":1000,\"publisher\":{\"@id\":\"https:\/\/vieassociative.be\/actualites\/#organization\"},\"image\":{\"@id\":\"https:\/\/vieassociative.be\/actualites\/combien-coute-leducation-dun-enfant-apres-linflation\/#primaryimage\"},\"thumbnailUrl\":\"https:\/\/vieassociative.be\/actualites\/wp-content\/uploads\/2024\/11\/1731734539_Combien-coute-leducation-dun-enfant-apres-linflation.jpg\",\"keywords\":[\"Apr\u00e8s\",\"Combien\",\"co\u00fbte\",\"dun\",\"enfant\",\"l\u00e9ducation\",\"linflation\"],\"articleSection\":[\"Famille\"],\"inLanguage\":\"fr-BE\"},{\"@type\":\"WebPage\",\"@id\":\"https:\/\/vieassociative.be\/actualites\/combien-coute-leducation-dun-enfant-apres-linflation\/\",\"url\":\"https:\/\/vieassociative.be\/actualites\/combien-coute-leducation-dun-enfant-apres-linflation\/\",\"name\":\"Combien co\u00fbte l\u2019\u00e9ducation d\u2019un enfant apr\u00e8s l\u2019inflation | Vie Associative\",\"isPartOf\":{\"@id\":\"https:\/\/vieassociative.be\/actualites\/#website\"},\"primaryImageOfPage\":{\"@id\":\"https:\/\/vieassociative.be\/actualites\/combien-coute-leducation-dun-enfant-apres-linflation\/#primaryimage\"},\"image\":{\"@id\":\"https:\/\/vieassociative.be\/actualites\/combien-coute-leducation-dun-enfant-apres-linflation\/#primaryimage\"},\"thumbnailUrl\":\"https:\/\/vieassociative.be\/actualites\/wp-content\/uploads\/2024\/11\/1731734539_Combien-coute-leducation-dun-enfant-apres-linflation.jpg\",\"datePublished\":\"2024-11-16T05:22:18+00:00\",\"dateModified\":\"2024-11-16T05:22:18+00:00\",\"breadcrumb\":{\"@id\":\"https:\/\/vieassociative.be\/actualites\/combien-coute-leducation-dun-enfant-apres-linflation\/#breadcrumb\"},\"inLanguage\":\"fr-BE\",\"potentialAction\":[{\"@type\":\"ReadAction\",\"target\":[\"https:\/\/vieassociative.be\/actualites\/combien-coute-leducation-dun-enfant-apres-linflation\/\"]}]},{\"@type\":\"ImageObject\",\"inLanguage\":\"fr-BE\",\"@id\":\"https:\/\/vieassociative.be\/actualites\/combien-coute-leducation-dun-enfant-apres-linflation\/#primaryimage\",\"url\":\"https:\/\/vieassociative.be\/actualites\/wp-content\/uploads\/2024\/11\/1731734539_Combien-coute-leducation-dun-enfant-apres-linflation.jpg\",\"contentUrl\":\"https:\/\/vieassociative.be\/actualites\/wp-content\/uploads\/2024\/11\/1731734539_Combien-coute-leducation-dun-enfant-apres-linflation.jpg\",\"width\":1200,\"height\":675,\"caption\":\"Combien co\u00fbte l\u2019\u00e9ducation d\u2019un enfant apr\u00e8s l\u2019inflation\"},{\"@type\":\"BreadcrumbList\",\"@id\":\"https:\/\/vieassociative.be\/actualites\/combien-coute-leducation-dun-enfant-apres-linflation\/#breadcrumb\",\"itemListElement\":[{\"@type\":\"ListItem\",\"position\":1,\"name\":\"Accueil\",\"item\":\"https:\/\/vieassociative.be\/actualites\/\"},{\"@type\":\"ListItem\",\"position\":2,\"name\":\"Combien co\u00fbte l\u2019\u00e9ducation d\u2019un enfant apr\u00e8s l\u2019inflation\"}]},{\"@type\":\"WebSite\",\"@id\":\"https:\/\/vieassociative.be\/actualites\/#website\",\"url\":\"https:\/\/vieassociative.be\/actualites\/\",\"name\":\"Vie Associative\",\"description\":\"\",\"publisher\":{\"@id\":\"https:\/\/vieassociative.be\/actualites\/#organization\"},\"potentialAction\":[{\"@type\":\"SearchAction\",\"target\":{\"@type\":\"EntryPoint\",\"urlTemplate\":\"https:\/\/vieassociative.be\/actualites\/?s={search_term_string}\"},\"query-input\":{\"@type\":\"PropertyValueSpecification\",\"valueRequired\":true,\"valueName\":\"search_term_string\"}}],\"inLanguage\":\"fr-BE\"},{\"@type\":\"Organization\",\"@id\":\"https:\/\/vieassociative.be\/actualites\/#organization\",\"name\":\"Vie Associative\",\"url\":\"https:\/\/vieassociative.be\/actualites\/\",\"logo\":{\"@type\":\"ImageObject\",\"inLanguage\":\"fr-BE\",\"@id\":\"https:\/\/vieassociative.be\/actualites\/#\/schema\/logo\/image\/\",\"url\":\"https:\/\/vieassociative.be\/actualites\/wp-content\/uploads\/2024\/09\/cropped-vieassociative_favicon.ico.png\",\"contentUrl\":\"https:\/\/vieassociative.be\/actualites\/wp-content\/uploads\/2024\/09\/cropped-vieassociative_favicon.ico.png\",\"width\":512,\"height\":512,\"caption\":\"Vie Associative\"},\"image\":{\"@id\":\"https:\/\/vieassociative.be\/actualites\/#\/schema\/logo\/image\/\"}},{\"@type\":\"Person\",\"@id\":\"https:\/\/vieassociative.be\/actualites\/#\/schema\/person\/b87ac4f82f9d4e7b7cec7395b679edc4\",\"name\":\"Julien\",\"image\":{\"@type\":\"ImageObject\",\"inLanguage\":\"fr-BE\",\"@id\":\"https:\/\/vieassociative.be\/actualites\/#\/schema\/person\/image\/\",\"url\":\"https:\/\/vieassociative.be\/actualites\/wp-content\/uploads\/2024\/09\/vie-associative-1-150x150.jpg\",\"contentUrl\":\"https:\/\/vieassociative.be\/actualites\/wp-content\/uploads\/2024\/09\/vie-associative-1-150x150.jpg\",\"caption\":\"Julien\"},\"description\":\"Je suis Julien, r\u00e9dacteur pour Vie Associative. Passionn\u00e9 par le monde associatif depuis plus de 10 ans, j'ai \u00e0 c\u0153ur de partager des histoires inspirantes et de mettre en lumi\u00e8re les initiatives locales. Mon objectif est de sensibiliser et d'encourager l'engagement communautaire \u00e0 travers mes articles.\",\"sameAs\":[\"https:\/\/vieassociative.be\/\"]}]}<\/script>\n<!-- \/ Yoast SEO plugin. -->","yoast_head_json":{"title":"Combien co\u00fbte l\u2019\u00e9ducation d\u2019un enfant apr\u00e8s l\u2019inflation | Vie Associative","robots":{"index":"index","follow":"follow","max-snippet":"max-snippet:-1","max-image-preview":"max-image-preview:large","max-video-preview":"max-video-preview:-1"},"canonical":"https:\/\/vieassociative.be\/actualites\/combien-coute-leducation-dun-enfant-apres-linflation\/","og_locale":"fr_FR","og_type":"article","og_title":"Combien co\u00fbte l\u2019\u00e9ducation d\u2019un enfant apr\u00e8s l\u2019inflation | Vie Associative","og_description":"Nous ne pouvons qu\u2019estimer le co\u00fbt mon\u00e9taire exact qu\u2019entra\u00eenerait l\u2019\u00e9ducation d\u2019un enfant n\u00e9 en 2022, mais c\u2019est beaucoup. Envisagez-vous d&rsquo;avoir un enfant ? Peut-\u00eatre que","og_url":"https:\/\/vieassociative.be\/actualites\/combien-coute-leducation-dun-enfant-apres-linflation\/","og_site_name":"Vie Associative","article_published_time":"2024-11-16T05:22:18+00:00","og_image":[{"url":"https:\/\/vieassociative.be\/actualites\/wp-content\/uploads\/2024\/11\/Combien-coute-leducation-dun-enfant-apres-linflation.jpg","type":"","width":"","height":""}],"author":"Julien","twitter_card":"summary_large_image","twitter_misc":{"\u00c9crit par":"Julien","Dur\u00e9e de lecture est.":"5 minutes"},"schema":{"@context":"https:\/\/schema.org","@graph":[{"@type":"Article","@id":"https:\/\/vieassociative.be\/actualites\/combien-coute-leducation-dun-enfant-apres-linflation\/#article","isPartOf":{"@id":"https:\/\/vieassociative.be\/actualites\/combien-coute-leducation-dun-enfant-apres-linflation\/"},"author":{"name":"Julien","@id":"https:\/\/vieassociative.be\/actualites\/#\/schema\/person\/b87ac4f82f9d4e7b7cec7395b679edc4"},"headline":"Combien co\u00fbte l\u2019\u00e9ducation d\u2019un enfant apr\u00e8s l\u2019inflation","datePublished":"2024-11-16T05:22:18+00:00","dateModified":"2024-11-16T05:22:18+00:00","mainEntityOfPage":{"@id":"https:\/\/vieassociative.be\/actualites\/combien-coute-leducation-dun-enfant-apres-linflation\/"},"wordCount":1000,"publisher":{"@id":"https:\/\/vieassociative.be\/actualites\/#organization"},"image":{"@id":"https:\/\/vieassociative.be\/actualites\/combien-coute-leducation-dun-enfant-apres-linflation\/#primaryimage"},"thumbnailUrl":"https:\/\/vieassociative.be\/actualites\/wp-content\/uploads\/2024\/11\/1731734539_Combien-coute-leducation-dun-enfant-apres-linflation.jpg","keywords":["Apr\u00e8s","Combien","co\u00fbte","dun","enfant","l\u00e9ducation","linflation"],"articleSection":["Famille"],"inLanguage":"fr-BE"},{"@type":"WebPage","@id":"https:\/\/vieassociative.be\/actualites\/combien-coute-leducation-dun-enfant-apres-linflation\/","url":"https:\/\/vieassociative.be\/actualites\/combien-coute-leducation-dun-enfant-apres-linflation\/","name":"Combien co\u00fbte l\u2019\u00e9ducation d\u2019un enfant apr\u00e8s l\u2019inflation | Vie Associative","isPartOf":{"@id":"https:\/\/vieassociative.be\/actualites\/#website"},"primaryImageOfPage":{"@id":"https:\/\/vieassociative.be\/actualites\/combien-coute-leducation-dun-enfant-apres-linflation\/#primaryimage"},"image":{"@id":"https:\/\/vieassociative.be\/actualites\/combien-coute-leducation-dun-enfant-apres-linflation\/#primaryimage"},"thumbnailUrl":"https:\/\/vieassociative.be\/actualites\/wp-content\/uploads\/2024\/11\/1731734539_Combien-coute-leducation-dun-enfant-apres-linflation.jpg","datePublished":"2024-11-16T05:22:18+00:00","dateModified":"2024-11-16T05:22:18+00:00","breadcrumb":{"@id":"https:\/\/vieassociative.be\/actualites\/combien-coute-leducation-dun-enfant-apres-linflation\/#breadcrumb"},"inLanguage":"fr-BE","potentialAction":[{"@type":"ReadAction","target":["https:\/\/vieassociative.be\/actualites\/combien-coute-leducation-dun-enfant-apres-linflation\/"]}]},{"@type":"ImageObject","inLanguage":"fr-BE","@id":"https:\/\/vieassociative.be\/actualites\/combien-coute-leducation-dun-enfant-apres-linflation\/#primaryimage","url":"https:\/\/vieassociative.be\/actualites\/wp-content\/uploads\/2024\/11\/1731734539_Combien-coute-leducation-dun-enfant-apres-linflation.jpg","contentUrl":"https:\/\/vieassociative.be\/actualites\/wp-content\/uploads\/2024\/11\/1731734539_Combien-coute-leducation-dun-enfant-apres-linflation.jpg","width":1200,"height":675,"caption":"Combien co\u00fbte l\u2019\u00e9ducation d\u2019un enfant apr\u00e8s l\u2019inflation"},{"@type":"BreadcrumbList","@id":"https:\/\/vieassociative.be\/actualites\/combien-coute-leducation-dun-enfant-apres-linflation\/#breadcrumb","itemListElement":[{"@type":"ListItem","position":1,"name":"Accueil","item":"https:\/\/vieassociative.be\/actualites\/"},{"@type":"ListItem","position":2,"name":"Combien co\u00fbte l\u2019\u00e9ducation d\u2019un enfant apr\u00e8s l\u2019inflation"}]},{"@type":"WebSite","@id":"https:\/\/vieassociative.be\/actualites\/#website","url":"https:\/\/vieassociative.be\/actualites\/","name":"Vie Associative","description":"","publisher":{"@id":"https:\/\/vieassociative.be\/actualites\/#organization"},"potentialAction":[{"@type":"SearchAction","target":{"@type":"EntryPoint","urlTemplate":"https:\/\/vieassociative.be\/actualites\/?s={search_term_string}"},"query-input":{"@type":"PropertyValueSpecification","valueRequired":true,"valueName":"search_term_string"}}],"inLanguage":"fr-BE"},{"@type":"Organization","@id":"https:\/\/vieassociative.be\/actualites\/#organization","name":"Vie Associative","url":"https:\/\/vieassociative.be\/actualites\/","logo":{"@type":"ImageObject","inLanguage":"fr-BE","@id":"https:\/\/vieassociative.be\/actualites\/#\/schema\/logo\/image\/","url":"https:\/\/vieassociative.be\/actualites\/wp-content\/uploads\/2024\/09\/cropped-vieassociative_favicon.ico.png","contentUrl":"https:\/\/vieassociative.be\/actualites\/wp-content\/uploads\/2024\/09\/cropped-vieassociative_favicon.ico.png","width":512,"height":512,"caption":"Vie Associative"},"image":{"@id":"https:\/\/vieassociative.be\/actualites\/#\/schema\/logo\/image\/"}},{"@type":"Person","@id":"https:\/\/vieassociative.be\/actualites\/#\/schema\/person\/b87ac4f82f9d4e7b7cec7395b679edc4","name":"Julien","image":{"@type":"ImageObject","inLanguage":"fr-BE","@id":"https:\/\/vieassociative.be\/actualites\/#\/schema\/person\/image\/","url":"https:\/\/vieassociative.be\/actualites\/wp-content\/uploads\/2024\/09\/vie-associative-1-150x150.jpg","contentUrl":"https:\/\/vieassociative.be\/actualites\/wp-content\/uploads\/2024\/09\/vie-associative-1-150x150.jpg","caption":"Julien"},"description":"Je suis Julien, r\u00e9dacteur pour Vie Associative. Passionn\u00e9 par le monde associatif depuis plus de 10 ans, j'ai \u00e0 c\u0153ur de partager des histoires inspirantes et de mettre en lumi\u00e8re les initiatives locales. Mon objectif est de sensibiliser et d'encourager l'engagement communautaire \u00e0 travers mes articles.","sameAs":["https:\/\/vieassociative.be\/"]}]}},"_links":{"self":[{"href":"https:\/\/vieassociative.be\/actualites\/wp-json\/wp\/v2\/posts\/2471"}],"collection":[{"href":"https:\/\/vieassociative.be\/actualites\/wp-json\/wp\/v2\/posts"}],"about":[{"href":"https:\/\/vieassociative.be\/actualites\/wp-json\/wp\/v2\/types\/post"}],"author":[{"embeddable":true,"href":"https:\/\/vieassociative.be\/actualites\/wp-json\/wp\/v2\/users\/1"}],"replies":[{"embeddable":true,"href":"https:\/\/vieassociative.be\/actualites\/wp-json\/wp\/v2\/comments?post=2471"}],"version-history":[{"count":0,"href":"https:\/\/vieassociative.be\/actualites\/wp-json\/wp\/v2\/posts\/2471\/revisions"}],"wp:featuredmedia":[{"embeddable":true,"href":"https:\/\/vieassociative.be\/actualites\/wp-json\/wp\/v2\/media\/2472"}],"wp:attachment":[{"href":"https:\/\/vieassociative.be\/actualites\/wp-json\/wp\/v2\/media?parent=2471"}],"wp:term":[{"taxonomy":"category","embeddable":true,"href":"https:\/\/vieassociative.be\/actualites\/wp-json\/wp\/v2\/categories?post=2471"},{"taxonomy":"post_tag","embeddable":true,"href":"https:\/\/vieassociative.be\/actualites\/wp-json\/wp\/v2\/tags?post=2471"}],"curies":[{"name":"wp","href":"https:\/\/api.w.org\/{rel}","templated":true}]}}