{"id":2465,"date":"2024-11-16T02:16:57","date_gmt":"2024-11-16T01:16:57","guid":{"rendered":"https:\/\/vieassociative.be\/actualites\/vous-pouvez-obtenir-ce-lenovo-ideapad-5i-pour-580-des-maintenant\/"},"modified":"2024-11-16T02:16:57","modified_gmt":"2024-11-16T01:16:57","slug":"vous-pouvez-obtenir-ce-lenovo-ideapad-5i-pour-580-des-maintenant","status":"publish","type":"post","link":"https:\/\/vieassociative.be\/actualites\/vous-pouvez-obtenir-ce-lenovo-ideapad-5i-pour-580-des-maintenant\/","title":{"rendered":"Vous pouvez obtenir ce Lenovo IdeaPad 5i pour 580 $ d\u00e8s maintenant"},"content":{"rendered":"<div class=\"mt-4 leading-6 md:mb-8\">Cet ordinateur portable 2-en-1 est livr\u00e9 avec un processeur Intel Core i7 \u00e0 10 c\u0153urs, 16 Go de RAM et Windows 11 Home.<\/div>\n<p><\/p>\n<p>Vous pouvez obtenir cet ordinateur portable Lenovo IdeaPad 5i en vente au prix de 579,99 $ d\u00e8s maintenant (r\u00e9g. 1 069,99 $) jusqu&rsquo;\u00e0 \u00e9puisement des stocks. Cet ordinateur portable 2-en-1 est un choix de premier ordre pour les travailleurs \u00e0 distance : il est livr\u00e9 avec un mode ordinateur portable qui utilise un processeur Intel Core i7 \u00e0 10 c\u0153urs, 16 Go de RAM et Windows 11 Home, et un mode tablette qui met en valeur ses 16 c\u0153urs. \u00e9cran tactile en pouces. Il dispose \u00e9galement d&rsquo;un SSD de 1 To, d&rsquo;un lecteur d&#8217;empreintes digitales pour des connexions rapides et d&rsquo;une webcam avec obturateur de confidentialit\u00e9. Cet ordinateur portable est \u00e0 45 % de r\u00e9duction car il s&rsquo;agit d&rsquo;un mod\u00e8le en bo\u00eete ouverte : un retour client \u00e0 l&rsquo;\u00e9tat neuf, dans un emballage propre et b\u00e9n\u00e9ficiant d&rsquo;une garantie d&rsquo;un an.<\/p>\n<p>Vous pouvez obtenir cet ordinateur portable Lenovo IdeaPad 5i en vente au prix de 579,99 $ d\u00e8s maintenant (r\u00e9g. 1\u00a0069,99 $), bien que les prix puissent changer \u00e0 tout moment et les quantit\u00e9s soient limit\u00e9es. <\/p>\n<div class=\"mx-auto mt-8 w-full max-w-4xl\">\n<div id=\"video-container-UNPDF50Y_G0\"><\/div>\n<\/div>\n<p><\/p>\n","protected":false},"excerpt":{"rendered":"<p>Cet ordinateur portable 2-en-1 est livr\u00e9 avec un processeur Intel Core i7 \u00e0 10 c\u0153urs, 16 Go de RAM et Windows 11 Home. Vous pouvez<\/p>\n","protected":false},"author":1,"featured_media":2466,"comment_status":"","ping_status":"","sticky":false,"template":"","format":"standard","meta":{"footnotes":""},"categories":[13],"tags":[29,3216,3215,233,227,81,5,4],"class_list":["post-2465","post","type-post","status-publish","format-standard","has-post-thumbnail","hentry","category-technologie","tag-des","tag-ideapad","tag-lenovo","tag-maintenant","tag-obtenir","tag-pour","tag-pouvez","tag-vous","generate-columns","tablet-grid-50","mobile-grid-100","grid-parent","grid-33"],"yoast_head":"<!-- This site is optimized with the Yoast SEO plugin v24.0 - https:\/\/yoast.com\/wordpress\/plugins\/seo\/ -->\n<title>Vous pouvez obtenir ce Lenovo IdeaPad 5i pour 580 $ d\u00e8s maintenant | Vie Associative<\/title>\n<meta name=\"robots\" content=\"index, follow, max-snippet:-1, max-image-preview:large, max-video-preview:-1\" \/>\n<link rel=\"canonical\" href=\"https:\/\/vieassociative.be\/actualites\/vous-pouvez-obtenir-ce-lenovo-ideapad-5i-pour-580-des-maintenant\/\" \/>\n<meta property=\"og:locale\" content=\"fr_FR\" \/>\n<meta property=\"og:type\" content=\"article\" \/>\n<meta property=\"og:title\" content=\"Vous pouvez obtenir ce Lenovo IdeaPad 5i pour 580 $ d\u00e8s maintenant | Vie Associative\" \/>\n<meta property=\"og:description\" content=\"Cet ordinateur portable 2-en-1 est livr\u00e9 avec un processeur Intel Core i7 \u00e0 10 c\u0153urs, 16 Go de RAM et Windows 11 Home. Vous pouvez\" \/>\n<meta property=\"og:url\" content=\"https:\/\/vieassociative.be\/actualites\/vous-pouvez-obtenir-ce-lenovo-ideapad-5i-pour-580-des-maintenant\/\" \/>\n<meta property=\"og:site_name\" content=\"Vie Associative\" \/>\n<meta property=\"article:published_time\" content=\"2024-11-16T01:16:57+00:00\" \/>\n<meta property=\"og:image\" content=\"https:\/\/vieassociative.be\/actualites\/wp-content\/uploads\/2024\/09\/header_backgroundk-01-e1726694325946.png\" \/>\n\t<meta property=\"og:image:width\" content=\"279\" \/>\n\t<meta property=\"og:image:height\" content=\"92\" \/>\n\t<meta property=\"og:image:type\" content=\"image\/png\" \/>\n<meta name=\"author\" content=\"Julien\" \/>\n<meta name=\"twitter:card\" content=\"summary_large_image\" \/>\n<meta name=\"twitter:label1\" content=\"\u00c9crit par\" \/>\n\t<meta name=\"twitter:data1\" content=\"Julien\" \/>\n\t<meta name=\"twitter:label2\" content=\"Dur\u00e9e de lecture est.\" \/>\n\t<meta name=\"twitter:data2\" content=\"1 minute\" \/>\n<script type=\"application\/ld+json\" class=\"yoast-schema-graph\">{\"@context\":\"https:\/\/schema.org\",\"@graph\":[{\"@type\":\"Article\",\"@id\":\"https:\/\/vieassociative.be\/actualites\/vous-pouvez-obtenir-ce-lenovo-ideapad-5i-pour-580-des-maintenant\/#article\",\"isPartOf\":{\"@id\":\"https:\/\/vieassociative.be\/actualites\/vous-pouvez-obtenir-ce-lenovo-ideapad-5i-pour-580-des-maintenant\/\"},\"author\":{\"name\":\"Julien\",\"@id\":\"https:\/\/vieassociative.be\/actualites\/#\/schema\/person\/b87ac4f82f9d4e7b7cec7395b679edc4\"},\"headline\":\"Vous pouvez obtenir ce Lenovo IdeaPad 5i pour 580 $ d\u00e8s maintenant\",\"datePublished\":\"2024-11-16T01:16:57+00:00\",\"dateModified\":\"2024-11-16T01:16:57+00:00\",\"mainEntityOfPage\":{\"@id\":\"https:\/\/vieassociative.be\/actualites\/vous-pouvez-obtenir-ce-lenovo-ideapad-5i-pour-580-des-maintenant\/\"},\"wordCount\":205,\"publisher\":{\"@id\":\"https:\/\/vieassociative.be\/actualites\/#organization\"},\"image\":{\"@id\":\"https:\/\/vieassociative.be\/actualites\/vous-pouvez-obtenir-ce-lenovo-ideapad-5i-pour-580-des-maintenant\/#primaryimage\"},\"thumbnailUrl\":\"https:\/\/vieassociative.be\/actualites\/wp-content\/uploads\/2024\/11\/Vous-pouvez-obtenir-ce-Lenovo-IdeaPad-5i-pour-580.png\",\"keywords\":[\"Des\",\"IdeaPad\",\"Lenovo\",\"maintenant\",\"obtenir\",\"pour\",\"pouvez\",\"Vous\"],\"articleSection\":[\"Technologie\"],\"inLanguage\":\"fr-BE\"},{\"@type\":\"WebPage\",\"@id\":\"https:\/\/vieassociative.be\/actualites\/vous-pouvez-obtenir-ce-lenovo-ideapad-5i-pour-580-des-maintenant\/\",\"url\":\"https:\/\/vieassociative.be\/actualites\/vous-pouvez-obtenir-ce-lenovo-ideapad-5i-pour-580-des-maintenant\/\",\"name\":\"Vous pouvez obtenir ce Lenovo IdeaPad 5i pour 580 $ d\u00e8s maintenant | Vie Associative\",\"isPartOf\":{\"@id\":\"https:\/\/vieassociative.be\/actualites\/#website\"},\"primaryImageOfPage\":{\"@id\":\"https:\/\/vieassociative.be\/actualites\/vous-pouvez-obtenir-ce-lenovo-ideapad-5i-pour-580-des-maintenant\/#primaryimage\"},\"image\":{\"@id\":\"https:\/\/vieassociative.be\/actualites\/vous-pouvez-obtenir-ce-lenovo-ideapad-5i-pour-580-des-maintenant\/#primaryimage\"},\"thumbnailUrl\":\"https:\/\/vieassociative.be\/actualites\/wp-content\/uploads\/2024\/11\/Vous-pouvez-obtenir-ce-Lenovo-IdeaPad-5i-pour-580.png\",\"datePublished\":\"2024-11-16T01:16:57+00:00\",\"dateModified\":\"2024-11-16T01:16:57+00:00\",\"breadcrumb\":{\"@id\":\"https:\/\/vieassociative.be\/actualites\/vous-pouvez-obtenir-ce-lenovo-ideapad-5i-pour-580-des-maintenant\/#breadcrumb\"},\"inLanguage\":\"fr-BE\",\"potentialAction\":[{\"@type\":\"ReadAction\",\"target\":[\"https:\/\/vieassociative.be\/actualites\/vous-pouvez-obtenir-ce-lenovo-ideapad-5i-pour-580-des-maintenant\/\"]}]},{\"@type\":\"ImageObject\",\"inLanguage\":\"fr-BE\",\"@id\":\"https:\/\/vieassociative.be\/actualites\/vous-pouvez-obtenir-ce-lenovo-ideapad-5i-pour-580-des-maintenant\/#primaryimage\",\"url\":\"https:\/\/vieassociative.be\/actualites\/wp-content\/uploads\/2024\/11\/Vous-pouvez-obtenir-ce-Lenovo-IdeaPad-5i-pour-580.png\",\"contentUrl\":\"https:\/\/vieassociative.be\/actualites\/wp-content\/uploads\/2024\/11\/Vous-pouvez-obtenir-ce-Lenovo-IdeaPad-5i-pour-580.png\",\"width\":1200,\"height\":675,\"caption\":\"Vous pouvez obtenir ce Lenovo IdeaPad 5i pour 580 $ d\u00e8s maintenant\"},{\"@type\":\"BreadcrumbList\",\"@id\":\"https:\/\/vieassociative.be\/actualites\/vous-pouvez-obtenir-ce-lenovo-ideapad-5i-pour-580-des-maintenant\/#breadcrumb\",\"itemListElement\":[{\"@type\":\"ListItem\",\"position\":1,\"name\":\"Accueil\",\"item\":\"https:\/\/vieassociative.be\/actualites\/\"},{\"@type\":\"ListItem\",\"position\":2,\"name\":\"Vous pouvez obtenir ce Lenovo IdeaPad 5i pour 580 $ d\u00e8s maintenant\"}]},{\"@type\":\"WebSite\",\"@id\":\"https:\/\/vieassociative.be\/actualites\/#website\",\"url\":\"https:\/\/vieassociative.be\/actualites\/\",\"name\":\"Vie Associative\",\"description\":\"\",\"publisher\":{\"@id\":\"https:\/\/vieassociative.be\/actualites\/#organization\"},\"potentialAction\":[{\"@type\":\"SearchAction\",\"target\":{\"@type\":\"EntryPoint\",\"urlTemplate\":\"https:\/\/vieassociative.be\/actualites\/?s={search_term_string}\"},\"query-input\":{\"@type\":\"PropertyValueSpecification\",\"valueRequired\":true,\"valueName\":\"search_term_string\"}}],\"inLanguage\":\"fr-BE\"},{\"@type\":\"Organization\",\"@id\":\"https:\/\/vieassociative.be\/actualites\/#organization\",\"name\":\"Vie Associative\",\"url\":\"https:\/\/vieassociative.be\/actualites\/\",\"logo\":{\"@type\":\"ImageObject\",\"inLanguage\":\"fr-BE\",\"@id\":\"https:\/\/vieassociative.be\/actualites\/#\/schema\/logo\/image\/\",\"url\":\"https:\/\/vieassociative.be\/actualites\/wp-content\/uploads\/2024\/09\/cropped-vieassociative_favicon.ico.png\",\"contentUrl\":\"https:\/\/vieassociative.be\/actualites\/wp-content\/uploads\/2024\/09\/cropped-vieassociative_favicon.ico.png\",\"width\":512,\"height\":512,\"caption\":\"Vie Associative\"},\"image\":{\"@id\":\"https:\/\/vieassociative.be\/actualites\/#\/schema\/logo\/image\/\"}},{\"@type\":\"Person\",\"@id\":\"https:\/\/vieassociative.be\/actualites\/#\/schema\/person\/b87ac4f82f9d4e7b7cec7395b679edc4\",\"name\":\"Julien\",\"image\":{\"@type\":\"ImageObject\",\"inLanguage\":\"fr-BE\",\"@id\":\"https:\/\/vieassociative.be\/actualites\/#\/schema\/person\/image\/\",\"url\":\"https:\/\/vieassociative.be\/actualites\/wp-content\/uploads\/2024\/09\/vie-associative-1-150x150.jpg\",\"contentUrl\":\"https:\/\/vieassociative.be\/actualites\/wp-content\/uploads\/2024\/09\/vie-associative-1-150x150.jpg\",\"caption\":\"Julien\"},\"description\":\"Je suis Julien, r\u00e9dacteur pour Vie Associative. Passionn\u00e9 par le monde associatif depuis plus de 10 ans, j'ai \u00e0 c\u0153ur de partager des histoires inspirantes et de mettre en lumi\u00e8re les initiatives locales. Mon objectif est de sensibiliser et d'encourager l'engagement communautaire \u00e0 travers mes articles.\",\"sameAs\":[\"https:\/\/vieassociative.be\/\"]}]}<\/script>\n<!-- \/ Yoast SEO plugin. -->","yoast_head_json":{"title":"Vous pouvez obtenir ce Lenovo IdeaPad 5i pour 580 $ d\u00e8s maintenant | Vie Associative","robots":{"index":"index","follow":"follow","max-snippet":"max-snippet:-1","max-image-preview":"max-image-preview:large","max-video-preview":"max-video-preview:-1"},"canonical":"https:\/\/vieassociative.be\/actualites\/vous-pouvez-obtenir-ce-lenovo-ideapad-5i-pour-580-des-maintenant\/","og_locale":"fr_FR","og_type":"article","og_title":"Vous pouvez obtenir ce Lenovo IdeaPad 5i pour 580 $ d\u00e8s maintenant | Vie Associative","og_description":"Cet ordinateur portable 2-en-1 est livr\u00e9 avec un processeur Intel Core i7 \u00e0 10 c\u0153urs, 16 Go de RAM et Windows 11 Home. Vous pouvez","og_url":"https:\/\/vieassociative.be\/actualites\/vous-pouvez-obtenir-ce-lenovo-ideapad-5i-pour-580-des-maintenant\/","og_site_name":"Vie Associative","article_published_time":"2024-11-16T01:16:57+00:00","og_image":[{"width":279,"height":92,"url":"https:\/\/vieassociative.be\/actualites\/wp-content\/uploads\/2024\/09\/header_backgroundk-01-e1726694325946.png","type":"image\/png"}],"author":"Julien","twitter_card":"summary_large_image","twitter_misc":{"\u00c9crit par":"Julien","Dur\u00e9e de lecture est.":"1 minute"},"schema":{"@context":"https:\/\/schema.org","@graph":[{"@type":"Article","@id":"https:\/\/vieassociative.be\/actualites\/vous-pouvez-obtenir-ce-lenovo-ideapad-5i-pour-580-des-maintenant\/#article","isPartOf":{"@id":"https:\/\/vieassociative.be\/actualites\/vous-pouvez-obtenir-ce-lenovo-ideapad-5i-pour-580-des-maintenant\/"},"author":{"name":"Julien","@id":"https:\/\/vieassociative.be\/actualites\/#\/schema\/person\/b87ac4f82f9d4e7b7cec7395b679edc4"},"headline":"Vous pouvez obtenir ce Lenovo IdeaPad 5i pour 580 $ d\u00e8s maintenant","datePublished":"2024-11-16T01:16:57+00:00","dateModified":"2024-11-16T01:16:57+00:00","mainEntityOfPage":{"@id":"https:\/\/vieassociative.be\/actualites\/vous-pouvez-obtenir-ce-lenovo-ideapad-5i-pour-580-des-maintenant\/"},"wordCount":205,"publisher":{"@id":"https:\/\/vieassociative.be\/actualites\/#organization"},"image":{"@id":"https:\/\/vieassociative.be\/actualites\/vous-pouvez-obtenir-ce-lenovo-ideapad-5i-pour-580-des-maintenant\/#primaryimage"},"thumbnailUrl":"https:\/\/vieassociative.be\/actualites\/wp-content\/uploads\/2024\/11\/Vous-pouvez-obtenir-ce-Lenovo-IdeaPad-5i-pour-580.png","keywords":["Des","IdeaPad","Lenovo","maintenant","obtenir","pour","pouvez","Vous"],"articleSection":["Technologie"],"inLanguage":"fr-BE"},{"@type":"WebPage","@id":"https:\/\/vieassociative.be\/actualites\/vous-pouvez-obtenir-ce-lenovo-ideapad-5i-pour-580-des-maintenant\/","url":"https:\/\/vieassociative.be\/actualites\/vous-pouvez-obtenir-ce-lenovo-ideapad-5i-pour-580-des-maintenant\/","name":"Vous pouvez obtenir ce Lenovo IdeaPad 5i pour 580 $ d\u00e8s maintenant | Vie Associative","isPartOf":{"@id":"https:\/\/vieassociative.be\/actualites\/#website"},"primaryImageOfPage":{"@id":"https:\/\/vieassociative.be\/actualites\/vous-pouvez-obtenir-ce-lenovo-ideapad-5i-pour-580-des-maintenant\/#primaryimage"},"image":{"@id":"https:\/\/vieassociative.be\/actualites\/vous-pouvez-obtenir-ce-lenovo-ideapad-5i-pour-580-des-maintenant\/#primaryimage"},"thumbnailUrl":"https:\/\/vieassociative.be\/actualites\/wp-content\/uploads\/2024\/11\/Vous-pouvez-obtenir-ce-Lenovo-IdeaPad-5i-pour-580.png","datePublished":"2024-11-16T01:16:57+00:00","dateModified":"2024-11-16T01:16:57+00:00","breadcrumb":{"@id":"https:\/\/vieassociative.be\/actualites\/vous-pouvez-obtenir-ce-lenovo-ideapad-5i-pour-580-des-maintenant\/#breadcrumb"},"inLanguage":"fr-BE","potentialAction":[{"@type":"ReadAction","target":["https:\/\/vieassociative.be\/actualites\/vous-pouvez-obtenir-ce-lenovo-ideapad-5i-pour-580-des-maintenant\/"]}]},{"@type":"ImageObject","inLanguage":"fr-BE","@id":"https:\/\/vieassociative.be\/actualites\/vous-pouvez-obtenir-ce-lenovo-ideapad-5i-pour-580-des-maintenant\/#primaryimage","url":"https:\/\/vieassociative.be\/actualites\/wp-content\/uploads\/2024\/11\/Vous-pouvez-obtenir-ce-Lenovo-IdeaPad-5i-pour-580.png","contentUrl":"https:\/\/vieassociative.be\/actualites\/wp-content\/uploads\/2024\/11\/Vous-pouvez-obtenir-ce-Lenovo-IdeaPad-5i-pour-580.png","width":1200,"height":675,"caption":"Vous pouvez obtenir ce Lenovo IdeaPad 5i pour 580 $ d\u00e8s maintenant"},{"@type":"BreadcrumbList","@id":"https:\/\/vieassociative.be\/actualites\/vous-pouvez-obtenir-ce-lenovo-ideapad-5i-pour-580-des-maintenant\/#breadcrumb","itemListElement":[{"@type":"ListItem","position":1,"name":"Accueil","item":"https:\/\/vieassociative.be\/actualites\/"},{"@type":"ListItem","position":2,"name":"Vous pouvez obtenir ce Lenovo IdeaPad 5i pour 580 $ d\u00e8s maintenant"}]},{"@type":"WebSite","@id":"https:\/\/vieassociative.be\/actualites\/#website","url":"https:\/\/vieassociative.be\/actualites\/","name":"Vie Associative","description":"","publisher":{"@id":"https:\/\/vieassociative.be\/actualites\/#organization"},"potentialAction":[{"@type":"SearchAction","target":{"@type":"EntryPoint","urlTemplate":"https:\/\/vieassociative.be\/actualites\/?s={search_term_string}"},"query-input":{"@type":"PropertyValueSpecification","valueRequired":true,"valueName":"search_term_string"}}],"inLanguage":"fr-BE"},{"@type":"Organization","@id":"https:\/\/vieassociative.be\/actualites\/#organization","name":"Vie Associative","url":"https:\/\/vieassociative.be\/actualites\/","logo":{"@type":"ImageObject","inLanguage":"fr-BE","@id":"https:\/\/vieassociative.be\/actualites\/#\/schema\/logo\/image\/","url":"https:\/\/vieassociative.be\/actualites\/wp-content\/uploads\/2024\/09\/cropped-vieassociative_favicon.ico.png","contentUrl":"https:\/\/vieassociative.be\/actualites\/wp-content\/uploads\/2024\/09\/cropped-vieassociative_favicon.ico.png","width":512,"height":512,"caption":"Vie Associative"},"image":{"@id":"https:\/\/vieassociative.be\/actualites\/#\/schema\/logo\/image\/"}},{"@type":"Person","@id":"https:\/\/vieassociative.be\/actualites\/#\/schema\/person\/b87ac4f82f9d4e7b7cec7395b679edc4","name":"Julien","image":{"@type":"ImageObject","inLanguage":"fr-BE","@id":"https:\/\/vieassociative.be\/actualites\/#\/schema\/person\/image\/","url":"https:\/\/vieassociative.be\/actualites\/wp-content\/uploads\/2024\/09\/vie-associative-1-150x150.jpg","contentUrl":"https:\/\/vieassociative.be\/actualites\/wp-content\/uploads\/2024\/09\/vie-associative-1-150x150.jpg","caption":"Julien"},"description":"Je suis Julien, r\u00e9dacteur pour Vie Associative. Passionn\u00e9 par le monde associatif depuis plus de 10 ans, j'ai \u00e0 c\u0153ur de partager des histoires inspirantes et de mettre en lumi\u00e8re les initiatives locales. Mon objectif est de sensibiliser et d'encourager l'engagement communautaire \u00e0 travers mes articles.","sameAs":["https:\/\/vieassociative.be\/"]}]}},"_links":{"self":[{"href":"https:\/\/vieassociative.be\/actualites\/wp-json\/wp\/v2\/posts\/2465"}],"collection":[{"href":"https:\/\/vieassociative.be\/actualites\/wp-json\/wp\/v2\/posts"}],"about":[{"href":"https:\/\/vieassociative.be\/actualites\/wp-json\/wp\/v2\/types\/post"}],"author":[{"embeddable":true,"href":"https:\/\/vieassociative.be\/actualites\/wp-json\/wp\/v2\/users\/1"}],"replies":[{"embeddable":true,"href":"https:\/\/vieassociative.be\/actualites\/wp-json\/wp\/v2\/comments?post=2465"}],"version-history":[{"count":0,"href":"https:\/\/vieassociative.be\/actualites\/wp-json\/wp\/v2\/posts\/2465\/revisions"}],"wp:featuredmedia":[{"embeddable":true,"href":"https:\/\/vieassociative.be\/actualites\/wp-json\/wp\/v2\/media\/2466"}],"wp:attachment":[{"href":"https:\/\/vieassociative.be\/actualites\/wp-json\/wp\/v2\/media?parent=2465"}],"wp:term":[{"taxonomy":"category","embeddable":true,"href":"https:\/\/vieassociative.be\/actualites\/wp-json\/wp\/v2\/categories?post=2465"},{"taxonomy":"post_tag","embeddable":true,"href":"https:\/\/vieassociative.be\/actualites\/wp-json\/wp\/v2\/tags?post=2465"}],"curies":[{"name":"wp","href":"https:\/\/api.w.org\/{rel}","templated":true}]}}