{"id":2461,"date":"2024-11-16T00:17:19","date_gmt":"2024-11-15T23:17:19","guid":{"rendered":"https:\/\/vieassociative.be\/actualites\/votre-enfant-pourrait-en-fait-avoir-un-trouble-dapprentissage-des-mathematiques\/"},"modified":"2024-11-16T00:17:19","modified_gmt":"2024-11-15T23:17:19","slug":"votre-enfant-pourrait-en-fait-avoir-un-trouble-dapprentissage-des-mathematiques","status":"publish","type":"post","link":"https:\/\/vieassociative.be\/actualites\/votre-enfant-pourrait-en-fait-avoir-un-trouble-dapprentissage-des-mathematiques\/","title":{"rendered":"Votre enfant pourrait en fait avoir un trouble d\u2019apprentissage des math\u00e9matiques"},"content":{"rendered":"<div class=\"mt-4 leading-6 md:mb-8\">La dyscalculie est moins \u00e9tudi\u00e9e et diagnostiqu\u00e9e que la dyslexie, mais elle peut \u00eatre tout aussi courante.<\/div>\n<p><\/p>\n<p>Peut-\u00eatre que votre enfant d\u00e9teste les math\u00e9matiques. Peut-\u00eatre que vous l&rsquo;avez fait aussi lorsque vous \u00e9tiez enfant, ou que vous \u00e9tiez tellement anxieux \u00e0 propos des tests de math\u00e9matiques que vous avez eu des crises de panique. Bien que les math\u00e9matiques soient difficiles pour certains enfants, certains ont un v\u00e9ritable trouble d\u2019apprentissage en math\u00e9matiques, appel\u00e9 dyscalculie. Nous passerons en revue les signes de la dyscalculie, comment obtenir un diagnostic et que faire si votre enfant en est atteint. <\/p>\n<h2 id=\"signs-of-a-math-learning-disorder\">Signes d&rsquo;un trouble d&rsquo;apprentissage des math\u00e9matiques<\/h2>\n<p>Bien que les math\u00e9matiques soient un combat pour de nombreux enfants et que le programme d\u2019\u00e9tudes soit pass\u00e9 de \u00ab la fa\u00e7on dont on nous a enseign\u00e9 \u00bb au programme de base commun \u00ab nouvelles math\u00e9matiques \u00bb, il est souvent difficile pour les parents d\u2019aider en math\u00e9matiques \u00e0 la maison. Cependant, certains signes d\u2019un trouble d\u2019apprentissage des math\u00e9matiques comprennent\u00a0:<\/p>\n<ul>\n<li>\n<p>Compter sur les doigts apr\u00e8s que ses camarades ont commenc\u00e9 \u00e0 faire des calculs dans leur t\u00eate<\/p>\n<\/li>\n<li>\n<p>\u00catre incapable de se souvenir de faits math\u00e9matiques (comme les tables de multiplication ou les additions et soustractions confuses)<\/p>\n<\/li>\n<li>\n<p>Difficult\u00e9 \u00e0 appliquer les concepts math\u00e9matiques \u00e0 la vie r\u00e9elle (argent, quantit\u00e9 de nourriture restante, etc.) <\/p>\n<\/li>\n<li>\n<p>Se perdre souvent<\/p>\n<\/li>\n<li>\n<p>Difficult\u00e9 \u00e0 connecter les symboles aux nombres correspondants ou \u00e0 lire des graphiques et des diagrammes<\/p>\n<\/li>\n<li>\n<p>Difficult\u00e9 \u00e0 \u00e9crire des chiffres ou des symboles math\u00e9matiques correctement ou dans l&rsquo;ordre<\/p>\n<\/li>\n<li>\n<p>Difficult\u00e9 \u00e0 trier les objets par type (taille, forme, etc.) <\/p>\n<\/li>\n<li>\n<p>Incapacit\u00e9 \u00e0 lire l&rsquo;heure<\/p>\n<\/li>\n<li>\n<p>\u00c9vitement ou anxi\u00e9t\u00e9 des math\u00e9matiques <\/p>\n<\/li>\n<\/ul>\n<p>Si votre enfant coche plusieurs de ces cases, il se peut qu\u2019il soit en retard en math\u00e9matiques, ce qui est courant apr\u00e8s la pand\u00e9mie. Cependant, ils peuvent souffrir de dyscalculie, un trouble math\u00e9matique qui rend difficile le traitement des informations math\u00e9matiques. <\/p>\n<p>\u00ab\u00a0Les troubles autonomes en math\u00e9matiques sont moins courants que les troubles de lecture, d&rsquo;\u00e9criture ou de langage, mais ils existent\u00a0\u00bb, explique Paulette Selman, une psychologue scolaire qui teste fr\u00e9quemment les \u00e9l\u00e8ves pour d\u00e9celer des troubles de traitement et qui travaille \u00e9galement comme d\u00e9fenseure de l&rsquo;\u00e9ducation sp\u00e9cialis\u00e9e dans l&rsquo;Oregon et Washington. Elle est moins \u00e9tudi\u00e9e et diagnostiqu\u00e9e que la dyslexie, son \u00e9quivalent en lecture, mais les chercheurs \u00e9mettent l\u2019hypoth\u00e8se qu\u2019elle pourrait \u00eatre aussi courante \u00e0 mesure qu\u2019ils en apprennent davantage sur elle et sur la mani\u00e8re dont le cerveau traite les concepts math\u00e9matiques. <\/p>\n<h2 id=\"diagnosis\">Diagnostic<\/h2>\n<p>La dyscalculie gagne en notori\u00e9t\u00e9, mais elle est encore moins susceptible d&rsquo;\u00eatre identifi\u00e9e par votre \u00e9cole. Vous pouvez faire part de vos pr\u00e9occupations \u00e0 l&rsquo;enseignant ou au conseiller scolaire de votre enfant et demander une \u00e9valuation. S&rsquo;ils trouvent quelque chose, vous pouvez partir de l\u00e0.<\/p>\n<p>Vous devrez peut-\u00eatre \u00e9galement faire une \u00e9valuation priv\u00e9e avec un neuropsychologue. Ceux-ci sont souvent partiellement couverts par une assurance mais peuvent \u00eatre co\u00fbteux. Selman dit : \u00ab De nombreux probl\u00e8mes de traitement peuvent avoir un impact sur les math\u00e9matiques : probl\u00e8mes de m\u00e9moire de travail, de fonctionnement ex\u00e9cutif, probl\u00e8mes visuo-spatiaux, r\u00e9cup\u00e9ration \u00e0 long terme, etc. Donc, si les math\u00e9matiques sont un probl\u00e8me, il y a probablement un probl\u00e8me sous-jacent qui affecte \u00e9galement d&rsquo;autres choses, comme l\u2019organisation ou l\u2019attention. Elle recommande : \u00ab Si votre enfant re\u00e7oit un diagnostic ou est identifi\u00e9 comme souffrant d&rsquo;un trouble du traitement des math\u00e9matiques ou de la lecture, informez-en l&rsquo;\u00e9cole. L\u2019\u00e9cole devra peut-\u00eatre effectuer des tests suppl\u00e9mentaires pour d\u00e9terminer l\u2019impact du probl\u00e8me de traitement et si elle est admissible aux services d\u2019\u00e9ducation sp\u00e9cialis\u00e9e. En fin de compte, si la dyscalculie est pr\u00e9sente, un autre diagnostic, comme la dyslexie ou le TDAH, l\u2019est souvent \u00e9galement. <\/p>\n<h2 id=\"school-supports\">Soutiens scolaires<\/h2>\n<p>Votre enfant peut ou non \u00eatre admissible aux services d&rsquo;\u00e9ducation sp\u00e9cialis\u00e9e avec un diagnostic de dyscalculie. Selman d\u00e9clare : \u00ab\u00a0Certains enfants souffrant de troubles de traitement et qui sont tr\u00e8s brillants peuvent ne pas \u00eatre admissibles aux services scolaires, si leurs notes et leurs r\u00e9sultats aux tests ne sont pratiquement pas affect\u00e9s.\u00a0\u00bb S&rsquo;ils ont des difficult\u00e9s \u00e0 l&rsquo;\u00e9cole, ils peuvent \u00eatre \u00e9ligibles soit \u00e0 un plan 504, soit \u00e0 un plan d&rsquo;enseignement individualis\u00e9 (IEP). <\/p>\n<p>La dyscalculie figure dans le DSM-5, le document qui r\u00e9pertorie les probl\u00e8mes de sant\u00e9 mentale et constitue souvent le facteur d\u00e9cisif pour d\u00e9terminer ce qui qualifie un diagnostic pour b\u00e9n\u00e9ficier de services d&rsquo;\u00e9ducation sp\u00e9cialis\u00e9e. Si vous ne savez pas si votre enfant a besoin ou est admissible \u00e0 une aide, parlez-en \u00e0 l&rsquo;\u00e9cole ou recherchez un d\u00e9fenseur dans votre communaut\u00e9, car les lois sur l&rsquo;\u00e9ducation sp\u00e9cialis\u00e9e varient selon les \u00c9tats. <\/p>\n<h2 id=\"ways-to-help-at-home\">Fa\u00e7ons d&rsquo;aider \u00e0 la maison<\/h2>\n<p>Aider n\u2019importe quel enfant avec les math\u00e9matiques \u00e0 la maison est souvent une entreprise sem\u00e9e d\u2019emb\u00fbches et de pi\u00e8ges. Il existe cependant de nombreuses ressources disponibles pour les parents d\u2019enfants dyscalculiques. Ou bien, vous pouvez sous-traiter et embaucher un tuteur priv\u00e9. C&rsquo;est une bonne id\u00e9e de trouver quelqu&rsquo;un ayant de l&rsquo;exp\u00e9rience et une formation en mati\u00e8re de dyscalculie et ayant de l&rsquo;exp\u00e9rience avec des enfants de l&rsquo;\u00e2ge de votre enfant. <\/p>\n<p>Cet article d&rsquo;ADDitude contient une excellente liste de toutes sortes d&rsquo;am\u00e9nagements \u00e0 l&rsquo;\u00e9cole, \u00e0 la maison et au travail, mais ceux que les parents peuvent utiliser \u00e0 la maison incluent le fait de souligner les math\u00e9matiques dans le monde lorsque vous le pouvez, de jouer \u00e0 des jeux qui int\u00e8grent les math\u00e9matiques, de l&rsquo;aide pour les devoirs et le temps. gestion et essayez de faire preuve de compr\u00e9hension, m\u00eame si vous n&rsquo;avez pas de difficult\u00e9s avec les math\u00e9matiques. <\/p>\n<p><\/p>\n","protected":false},"excerpt":{"rendered":"<p>La dyscalculie est moins \u00e9tudi\u00e9e et diagnostiqu\u00e9e que la dyslexie, mais elle peut \u00eatre tout aussi courante. Peut-\u00eatre que votre enfant d\u00e9teste les math\u00e9matiques. Peut-\u00eatre<\/p>\n","protected":false},"author":1,"featured_media":2462,"comment_status":"","ping_status":"","sticky":false,"template":"","format":"standard","meta":{"footnotes":""},"categories":[37],"tags":[224,2088,29,295,635,3213,1041,2722,8],"class_list":["post-2461","post","type-post","status-publish","format-standard","has-post-thumbnail","hentry","category-famille","tag-avoir","tag-dapprentissage","tag-des","tag-enfant","tag-fait","tag-mathematiques","tag-pourrait","tag-trouble","tag-votre","generate-columns","tablet-grid-50","mobile-grid-100","grid-parent","grid-33"],"yoast_head":"<!-- This site is optimized with the Yoast SEO plugin v24.0 - https:\/\/yoast.com\/wordpress\/plugins\/seo\/ -->\n<title>Votre enfant pourrait en fait avoir un trouble d\u2019apprentissage des math\u00e9matiques | Vie Associative<\/title>\n<meta name=\"robots\" content=\"index, follow, max-snippet:-1, max-image-preview:large, max-video-preview:-1\" \/>\n<link rel=\"canonical\" href=\"https:\/\/vieassociative.be\/actualites\/votre-enfant-pourrait-en-fait-avoir-un-trouble-dapprentissage-des-mathematiques\/\" \/>\n<meta property=\"og:locale\" content=\"fr_FR\" \/>\n<meta property=\"og:type\" content=\"article\" \/>\n<meta property=\"og:title\" content=\"Votre enfant pourrait en fait avoir un trouble d\u2019apprentissage des math\u00e9matiques | Vie Associative\" \/>\n<meta property=\"og:description\" content=\"La dyscalculie est moins \u00e9tudi\u00e9e et diagnostiqu\u00e9e que la dyslexie, mais elle peut \u00eatre tout aussi courante. Peut-\u00eatre que votre enfant d\u00e9teste les math\u00e9matiques. Peut-\u00eatre\" \/>\n<meta property=\"og:url\" content=\"https:\/\/vieassociative.be\/actualites\/votre-enfant-pourrait-en-fait-avoir-un-trouble-dapprentissage-des-mathematiques\/\" \/>\n<meta property=\"og:site_name\" content=\"Vie Associative\" \/>\n<meta property=\"article:published_time\" content=\"2024-11-15T23:17:19+00:00\" \/>\n<meta property=\"og:image\" content=\"https:\/\/vieassociative.be\/actualites\/wp-content\/uploads\/2024\/09\/header_backgroundk-01-e1726694325946.png\" \/>\n\t<meta property=\"og:image:width\" content=\"279\" \/>\n\t<meta property=\"og:image:height\" content=\"92\" \/>\n\t<meta property=\"og:image:type\" content=\"image\/png\" \/>\n<meta name=\"author\" content=\"Julien\" \/>\n<meta name=\"twitter:card\" content=\"summary_large_image\" \/>\n<meta name=\"twitter:label1\" content=\"\u00c9crit par\" \/>\n\t<meta name=\"twitter:data1\" content=\"Julien\" \/>\n\t<meta name=\"twitter:label2\" content=\"Dur\u00e9e de lecture est.\" \/>\n\t<meta name=\"twitter:data2\" content=\"5 minutes\" \/>\n<script type=\"application\/ld+json\" class=\"yoast-schema-graph\">{\"@context\":\"https:\/\/schema.org\",\"@graph\":[{\"@type\":\"Article\",\"@id\":\"https:\/\/vieassociative.be\/actualites\/votre-enfant-pourrait-en-fait-avoir-un-trouble-dapprentissage-des-mathematiques\/#article\",\"isPartOf\":{\"@id\":\"https:\/\/vieassociative.be\/actualites\/votre-enfant-pourrait-en-fait-avoir-un-trouble-dapprentissage-des-mathematiques\/\"},\"author\":{\"name\":\"Julien\",\"@id\":\"https:\/\/vieassociative.be\/actualites\/#\/schema\/person\/b87ac4f82f9d4e7b7cec7395b679edc4\"},\"headline\":\"Votre enfant pourrait en fait avoir un trouble d\u2019apprentissage des math\u00e9matiques\",\"datePublished\":\"2024-11-15T23:17:19+00:00\",\"dateModified\":\"2024-11-15T23:17:19+00:00\",\"mainEntityOfPage\":{\"@id\":\"https:\/\/vieassociative.be\/actualites\/votre-enfant-pourrait-en-fait-avoir-un-trouble-dapprentissage-des-mathematiques\/\"},\"wordCount\":1020,\"publisher\":{\"@id\":\"https:\/\/vieassociative.be\/actualites\/#organization\"},\"image\":{\"@id\":\"https:\/\/vieassociative.be\/actualites\/votre-enfant-pourrait-en-fait-avoir-un-trouble-dapprentissage-des-mathematiques\/#primaryimage\"},\"thumbnailUrl\":\"https:\/\/vieassociative.be\/actualites\/wp-content\/uploads\/2024\/11\/Votre-enfant-pourrait-en-fait-avoir-un-trouble-dapprentissage-des.jpg\",\"keywords\":[\"avoir\",\"dapprentissage\",\"Des\",\"enfant\",\"fait\",\"math\u00e9matiques\",\"pourrait\",\"trouble\",\"votre\"],\"articleSection\":[\"Famille\"],\"inLanguage\":\"fr-BE\"},{\"@type\":\"WebPage\",\"@id\":\"https:\/\/vieassociative.be\/actualites\/votre-enfant-pourrait-en-fait-avoir-un-trouble-dapprentissage-des-mathematiques\/\",\"url\":\"https:\/\/vieassociative.be\/actualites\/votre-enfant-pourrait-en-fait-avoir-un-trouble-dapprentissage-des-mathematiques\/\",\"name\":\"Votre enfant pourrait en fait avoir un trouble d\u2019apprentissage des math\u00e9matiques | Vie Associative\",\"isPartOf\":{\"@id\":\"https:\/\/vieassociative.be\/actualites\/#website\"},\"primaryImageOfPage\":{\"@id\":\"https:\/\/vieassociative.be\/actualites\/votre-enfant-pourrait-en-fait-avoir-un-trouble-dapprentissage-des-mathematiques\/#primaryimage\"},\"image\":{\"@id\":\"https:\/\/vieassociative.be\/actualites\/votre-enfant-pourrait-en-fait-avoir-un-trouble-dapprentissage-des-mathematiques\/#primaryimage\"},\"thumbnailUrl\":\"https:\/\/vieassociative.be\/actualites\/wp-content\/uploads\/2024\/11\/Votre-enfant-pourrait-en-fait-avoir-un-trouble-dapprentissage-des.jpg\",\"datePublished\":\"2024-11-15T23:17:19+00:00\",\"dateModified\":\"2024-11-15T23:17:19+00:00\",\"breadcrumb\":{\"@id\":\"https:\/\/vieassociative.be\/actualites\/votre-enfant-pourrait-en-fait-avoir-un-trouble-dapprentissage-des-mathematiques\/#breadcrumb\"},\"inLanguage\":\"fr-BE\",\"potentialAction\":[{\"@type\":\"ReadAction\",\"target\":[\"https:\/\/vieassociative.be\/actualites\/votre-enfant-pourrait-en-fait-avoir-un-trouble-dapprentissage-des-mathematiques\/\"]}]},{\"@type\":\"ImageObject\",\"inLanguage\":\"fr-BE\",\"@id\":\"https:\/\/vieassociative.be\/actualites\/votre-enfant-pourrait-en-fait-avoir-un-trouble-dapprentissage-des-mathematiques\/#primaryimage\",\"url\":\"https:\/\/vieassociative.be\/actualites\/wp-content\/uploads\/2024\/11\/Votre-enfant-pourrait-en-fait-avoir-un-trouble-dapprentissage-des.jpg\",\"contentUrl\":\"https:\/\/vieassociative.be\/actualites\/wp-content\/uploads\/2024\/11\/Votre-enfant-pourrait-en-fait-avoir-un-trouble-dapprentissage-des.jpg\",\"width\":1200,\"height\":675,\"caption\":\"Votre enfant pourrait en fait avoir un trouble d\u2019apprentissage des math\u00e9matiques\"},{\"@type\":\"BreadcrumbList\",\"@id\":\"https:\/\/vieassociative.be\/actualites\/votre-enfant-pourrait-en-fait-avoir-un-trouble-dapprentissage-des-mathematiques\/#breadcrumb\",\"itemListElement\":[{\"@type\":\"ListItem\",\"position\":1,\"name\":\"Accueil\",\"item\":\"https:\/\/vieassociative.be\/actualites\/\"},{\"@type\":\"ListItem\",\"position\":2,\"name\":\"Votre enfant pourrait en fait avoir un trouble d\u2019apprentissage des math\u00e9matiques\"}]},{\"@type\":\"WebSite\",\"@id\":\"https:\/\/vieassociative.be\/actualites\/#website\",\"url\":\"https:\/\/vieassociative.be\/actualites\/\",\"name\":\"Vie Associative\",\"description\":\"\",\"publisher\":{\"@id\":\"https:\/\/vieassociative.be\/actualites\/#organization\"},\"potentialAction\":[{\"@type\":\"SearchAction\",\"target\":{\"@type\":\"EntryPoint\",\"urlTemplate\":\"https:\/\/vieassociative.be\/actualites\/?s={search_term_string}\"},\"query-input\":{\"@type\":\"PropertyValueSpecification\",\"valueRequired\":true,\"valueName\":\"search_term_string\"}}],\"inLanguage\":\"fr-BE\"},{\"@type\":\"Organization\",\"@id\":\"https:\/\/vieassociative.be\/actualites\/#organization\",\"name\":\"Vie Associative\",\"url\":\"https:\/\/vieassociative.be\/actualites\/\",\"logo\":{\"@type\":\"ImageObject\",\"inLanguage\":\"fr-BE\",\"@id\":\"https:\/\/vieassociative.be\/actualites\/#\/schema\/logo\/image\/\",\"url\":\"https:\/\/vieassociative.be\/actualites\/wp-content\/uploads\/2024\/09\/cropped-vieassociative_favicon.ico.png\",\"contentUrl\":\"https:\/\/vieassociative.be\/actualites\/wp-content\/uploads\/2024\/09\/cropped-vieassociative_favicon.ico.png\",\"width\":512,\"height\":512,\"caption\":\"Vie Associative\"},\"image\":{\"@id\":\"https:\/\/vieassociative.be\/actualites\/#\/schema\/logo\/image\/\"}},{\"@type\":\"Person\",\"@id\":\"https:\/\/vieassociative.be\/actualites\/#\/schema\/person\/b87ac4f82f9d4e7b7cec7395b679edc4\",\"name\":\"Julien\",\"image\":{\"@type\":\"ImageObject\",\"inLanguage\":\"fr-BE\",\"@id\":\"https:\/\/vieassociative.be\/actualites\/#\/schema\/person\/image\/\",\"url\":\"https:\/\/vieassociative.be\/actualites\/wp-content\/uploads\/2024\/09\/vie-associative-1-150x150.jpg\",\"contentUrl\":\"https:\/\/vieassociative.be\/actualites\/wp-content\/uploads\/2024\/09\/vie-associative-1-150x150.jpg\",\"caption\":\"Julien\"},\"description\":\"Je suis Julien, r\u00e9dacteur pour Vie Associative. Passionn\u00e9 par le monde associatif depuis plus de 10 ans, j'ai \u00e0 c\u0153ur de partager des histoires inspirantes et de mettre en lumi\u00e8re les initiatives locales. Mon objectif est de sensibiliser et d'encourager l'engagement communautaire \u00e0 travers mes articles.\",\"sameAs\":[\"https:\/\/vieassociative.be\/\"]}]}<\/script>\n<!-- \/ Yoast SEO plugin. -->","yoast_head_json":{"title":"Votre enfant pourrait en fait avoir un trouble d\u2019apprentissage des math\u00e9matiques | Vie Associative","robots":{"index":"index","follow":"follow","max-snippet":"max-snippet:-1","max-image-preview":"max-image-preview:large","max-video-preview":"max-video-preview:-1"},"canonical":"https:\/\/vieassociative.be\/actualites\/votre-enfant-pourrait-en-fait-avoir-un-trouble-dapprentissage-des-mathematiques\/","og_locale":"fr_FR","og_type":"article","og_title":"Votre enfant pourrait en fait avoir un trouble d\u2019apprentissage des math\u00e9matiques | Vie Associative","og_description":"La dyscalculie est moins \u00e9tudi\u00e9e et diagnostiqu\u00e9e que la dyslexie, mais elle peut \u00eatre tout aussi courante. Peut-\u00eatre que votre enfant d\u00e9teste les math\u00e9matiques. Peut-\u00eatre","og_url":"https:\/\/vieassociative.be\/actualites\/votre-enfant-pourrait-en-fait-avoir-un-trouble-dapprentissage-des-mathematiques\/","og_site_name":"Vie Associative","article_published_time":"2024-11-15T23:17:19+00:00","og_image":[{"width":279,"height":92,"url":"https:\/\/vieassociative.be\/actualites\/wp-content\/uploads\/2024\/09\/header_backgroundk-01-e1726694325946.png","type":"image\/png"}],"author":"Julien","twitter_card":"summary_large_image","twitter_misc":{"\u00c9crit par":"Julien","Dur\u00e9e de lecture est.":"5 minutes"},"schema":{"@context":"https:\/\/schema.org","@graph":[{"@type":"Article","@id":"https:\/\/vieassociative.be\/actualites\/votre-enfant-pourrait-en-fait-avoir-un-trouble-dapprentissage-des-mathematiques\/#article","isPartOf":{"@id":"https:\/\/vieassociative.be\/actualites\/votre-enfant-pourrait-en-fait-avoir-un-trouble-dapprentissage-des-mathematiques\/"},"author":{"name":"Julien","@id":"https:\/\/vieassociative.be\/actualites\/#\/schema\/person\/b87ac4f82f9d4e7b7cec7395b679edc4"},"headline":"Votre enfant pourrait en fait avoir un trouble d\u2019apprentissage des math\u00e9matiques","datePublished":"2024-11-15T23:17:19+00:00","dateModified":"2024-11-15T23:17:19+00:00","mainEntityOfPage":{"@id":"https:\/\/vieassociative.be\/actualites\/votre-enfant-pourrait-en-fait-avoir-un-trouble-dapprentissage-des-mathematiques\/"},"wordCount":1020,"publisher":{"@id":"https:\/\/vieassociative.be\/actualites\/#organization"},"image":{"@id":"https:\/\/vieassociative.be\/actualites\/votre-enfant-pourrait-en-fait-avoir-un-trouble-dapprentissage-des-mathematiques\/#primaryimage"},"thumbnailUrl":"https:\/\/vieassociative.be\/actualites\/wp-content\/uploads\/2024\/11\/Votre-enfant-pourrait-en-fait-avoir-un-trouble-dapprentissage-des.jpg","keywords":["avoir","dapprentissage","Des","enfant","fait","math\u00e9matiques","pourrait","trouble","votre"],"articleSection":["Famille"],"inLanguage":"fr-BE"},{"@type":"WebPage","@id":"https:\/\/vieassociative.be\/actualites\/votre-enfant-pourrait-en-fait-avoir-un-trouble-dapprentissage-des-mathematiques\/","url":"https:\/\/vieassociative.be\/actualites\/votre-enfant-pourrait-en-fait-avoir-un-trouble-dapprentissage-des-mathematiques\/","name":"Votre enfant pourrait en fait avoir un trouble d\u2019apprentissage des math\u00e9matiques | Vie Associative","isPartOf":{"@id":"https:\/\/vieassociative.be\/actualites\/#website"},"primaryImageOfPage":{"@id":"https:\/\/vieassociative.be\/actualites\/votre-enfant-pourrait-en-fait-avoir-un-trouble-dapprentissage-des-mathematiques\/#primaryimage"},"image":{"@id":"https:\/\/vieassociative.be\/actualites\/votre-enfant-pourrait-en-fait-avoir-un-trouble-dapprentissage-des-mathematiques\/#primaryimage"},"thumbnailUrl":"https:\/\/vieassociative.be\/actualites\/wp-content\/uploads\/2024\/11\/Votre-enfant-pourrait-en-fait-avoir-un-trouble-dapprentissage-des.jpg","datePublished":"2024-11-15T23:17:19+00:00","dateModified":"2024-11-15T23:17:19+00:00","breadcrumb":{"@id":"https:\/\/vieassociative.be\/actualites\/votre-enfant-pourrait-en-fait-avoir-un-trouble-dapprentissage-des-mathematiques\/#breadcrumb"},"inLanguage":"fr-BE","potentialAction":[{"@type":"ReadAction","target":["https:\/\/vieassociative.be\/actualites\/votre-enfant-pourrait-en-fait-avoir-un-trouble-dapprentissage-des-mathematiques\/"]}]},{"@type":"ImageObject","inLanguage":"fr-BE","@id":"https:\/\/vieassociative.be\/actualites\/votre-enfant-pourrait-en-fait-avoir-un-trouble-dapprentissage-des-mathematiques\/#primaryimage","url":"https:\/\/vieassociative.be\/actualites\/wp-content\/uploads\/2024\/11\/Votre-enfant-pourrait-en-fait-avoir-un-trouble-dapprentissage-des.jpg","contentUrl":"https:\/\/vieassociative.be\/actualites\/wp-content\/uploads\/2024\/11\/Votre-enfant-pourrait-en-fait-avoir-un-trouble-dapprentissage-des.jpg","width":1200,"height":675,"caption":"Votre enfant pourrait en fait avoir un trouble d\u2019apprentissage des math\u00e9matiques"},{"@type":"BreadcrumbList","@id":"https:\/\/vieassociative.be\/actualites\/votre-enfant-pourrait-en-fait-avoir-un-trouble-dapprentissage-des-mathematiques\/#breadcrumb","itemListElement":[{"@type":"ListItem","position":1,"name":"Accueil","item":"https:\/\/vieassociative.be\/actualites\/"},{"@type":"ListItem","position":2,"name":"Votre enfant pourrait en fait avoir un trouble d\u2019apprentissage des math\u00e9matiques"}]},{"@type":"WebSite","@id":"https:\/\/vieassociative.be\/actualites\/#website","url":"https:\/\/vieassociative.be\/actualites\/","name":"Vie Associative","description":"","publisher":{"@id":"https:\/\/vieassociative.be\/actualites\/#organization"},"potentialAction":[{"@type":"SearchAction","target":{"@type":"EntryPoint","urlTemplate":"https:\/\/vieassociative.be\/actualites\/?s={search_term_string}"},"query-input":{"@type":"PropertyValueSpecification","valueRequired":true,"valueName":"search_term_string"}}],"inLanguage":"fr-BE"},{"@type":"Organization","@id":"https:\/\/vieassociative.be\/actualites\/#organization","name":"Vie Associative","url":"https:\/\/vieassociative.be\/actualites\/","logo":{"@type":"ImageObject","inLanguage":"fr-BE","@id":"https:\/\/vieassociative.be\/actualites\/#\/schema\/logo\/image\/","url":"https:\/\/vieassociative.be\/actualites\/wp-content\/uploads\/2024\/09\/cropped-vieassociative_favicon.ico.png","contentUrl":"https:\/\/vieassociative.be\/actualites\/wp-content\/uploads\/2024\/09\/cropped-vieassociative_favicon.ico.png","width":512,"height":512,"caption":"Vie Associative"},"image":{"@id":"https:\/\/vieassociative.be\/actualites\/#\/schema\/logo\/image\/"}},{"@type":"Person","@id":"https:\/\/vieassociative.be\/actualites\/#\/schema\/person\/b87ac4f82f9d4e7b7cec7395b679edc4","name":"Julien","image":{"@type":"ImageObject","inLanguage":"fr-BE","@id":"https:\/\/vieassociative.be\/actualites\/#\/schema\/person\/image\/","url":"https:\/\/vieassociative.be\/actualites\/wp-content\/uploads\/2024\/09\/vie-associative-1-150x150.jpg","contentUrl":"https:\/\/vieassociative.be\/actualites\/wp-content\/uploads\/2024\/09\/vie-associative-1-150x150.jpg","caption":"Julien"},"description":"Je suis Julien, r\u00e9dacteur pour Vie Associative. Passionn\u00e9 par le monde associatif depuis plus de 10 ans, j'ai \u00e0 c\u0153ur de partager des histoires inspirantes et de mettre en lumi\u00e8re les initiatives locales. Mon objectif est de sensibiliser et d'encourager l'engagement communautaire \u00e0 travers mes articles.","sameAs":["https:\/\/vieassociative.be\/"]}]}},"_links":{"self":[{"href":"https:\/\/vieassociative.be\/actualites\/wp-json\/wp\/v2\/posts\/2461"}],"collection":[{"href":"https:\/\/vieassociative.be\/actualites\/wp-json\/wp\/v2\/posts"}],"about":[{"href":"https:\/\/vieassociative.be\/actualites\/wp-json\/wp\/v2\/types\/post"}],"author":[{"embeddable":true,"href":"https:\/\/vieassociative.be\/actualites\/wp-json\/wp\/v2\/users\/1"}],"replies":[{"embeddable":true,"href":"https:\/\/vieassociative.be\/actualites\/wp-json\/wp\/v2\/comments?post=2461"}],"version-history":[{"count":0,"href":"https:\/\/vieassociative.be\/actualites\/wp-json\/wp\/v2\/posts\/2461\/revisions"}],"wp:featuredmedia":[{"embeddable":true,"href":"https:\/\/vieassociative.be\/actualites\/wp-json\/wp\/v2\/media\/2462"}],"wp:attachment":[{"href":"https:\/\/vieassociative.be\/actualites\/wp-json\/wp\/v2\/media?parent=2461"}],"wp:term":[{"taxonomy":"category","embeddable":true,"href":"https:\/\/vieassociative.be\/actualites\/wp-json\/wp\/v2\/categories?post=2461"},{"taxonomy":"post_tag","embeddable":true,"href":"https:\/\/vieassociative.be\/actualites\/wp-json\/wp\/v2\/tags?post=2461"}],"curies":[{"name":"wp","href":"https:\/\/api.w.org\/{rel}","templated":true}]}}