{"id":2457,"date":"2024-11-15T21:17:21","date_gmt":"2024-11-15T20:17:21","guid":{"rendered":"https:\/\/vieassociative.be\/actualites\/bottes-puantes-conner-rousseau-vooruit-veut-encore-avoir-son-mot-a-dire\/"},"modified":"2024-11-15T21:17:21","modified_gmt":"2024-11-15T20:17:21","slug":"bottes-puantes-conner-rousseau-vooruit-veut-encore-avoir-son-mot-a-dire","status":"publish","type":"post","link":"https:\/\/vieassociative.be\/actualites\/bottes-puantes-conner-rousseau-vooruit-veut-encore-avoir-son-mot-a-dire\/","title":{"rendered":"\u00ab\u00a0Bottes puantes\u00a0\u00bb Conner Rousseau (Vooruit) veut encore avoir son mot \u00e0 dire"},"content":{"rendered":"<p><strong>Les socialistes flamands du Vooruit reviennent \u00e0 la table des n\u00e9gociations f\u00e9d\u00e9rales, mais imposent des conditions et menacent : \u00ab S&rsquo;il s&rsquo;av\u00e8re que la porte entrouverte se referme, nous arr\u00eaterons. \u00bb<\/strong><\/p>\n<p><span id=\"more-401864\"><\/span>Le Vooruit justifie sa volont\u00e9 de revenir \u00e0 la table des n\u00e9gociations par l&rsquo;\u00e9quilibre qui sous-tend d\u00e9sormais la note du b\u00e2tisseur du gouvernement Bart De Wever (N-VA), mais les socialistes flamands pr\u00e9viennent qu&rsquo;ils quitteront la table des n\u00e9gociations si quelque chose change dans les prochains jours refermez la porte ouverte.<\/p>\n<p>Il y a dix jours, le leader du Vooruit, Conner Rousseau, a quitt\u00e9 les n\u00e9gociations en cours avec les autres partis d&rsquo;une coalition dite de l&rsquo;Arizona (N-VA, MR, Vooruit, CD&#038;$V et Les Engag\u00e9s). Aux yeux des socialistes, le niveau socio-\u00e9conomique de l&rsquo;instructeur et les tableaux budg\u00e9taires qui l&rsquo;accompagnent \u00e9taient d\u00e9s\u00e9quilibr\u00e9s. En particulier, ils ont fait valoir que les actifs les plus importants contribuaient trop peu \u00e0 la restructuration des finances publiques.<\/p>\n<div id=\"attachment_220081\" class=\"wp-caption alignleft\" style=\"max-width: 300px\"><img fetchpriority=\"high\" decoding=\"async\" class=\"wp-image-220081 size-medium\" src=\"https:\/\/vieassociative.be\/actualites\/wp-content\/uploads\/2024\/11\/Bottes-puantes-Conner-Rousseau-Vooruit-veut-encore-avoir-son-mot.jpeg\" alt=\"\" width=\"300\" height=\"200\"><\/p>\n<p class=\"wp-caption-text\">Bart De Wever, pr\u00e9sident de la N-VA, arrive au Palais Royal pour une conversation avec le roi des Belges. Photo : Dirk Waem\/BELGA\/dpa<\/p>\n<\/div>\n<p>Une autre r\u00e9union de la coalition \u00ab Arizona \u00bb a eu lieu jeudi apr\u00e8s-midi. Rousseau a laiss\u00e9 entendre que son parti pourrait r\u00e9int\u00e9grer les n\u00e9gociations compte tenu des ouvertures d\u00e9couvertes dans une nouvelle proposition du constructeur du gouvernement. Il a consult\u00e9 ses commissions en soir\u00e9e et vendredi matin.<\/p>\n<p>Vooruit a annonc\u00e9 son retour \u00e0 la table des discussions dans un communiqu\u00e9. \u00ab Les gens comptent sur nous pour lutter pour leur pouvoir d&rsquo;achat et leur sant\u00e9 \u00bb, a expliqu\u00e9 Rousseau. \u00abDans les moments difficiles, seuls les socialistes peuvent garantir une r\u00e9partition \u00e9quitable des efforts. Dans la nouvelle note du constructeur gouvernemental, il y a enfin des ouvertures, y compris pour une contribution plus \u00e9lev\u00e9e des actifs les plus importants. C&rsquo;est pourquoi nous acceptons de nous asseoir \u00e0 la table de discussion. Et nous prenons notre responsabilit\u00e9 au s\u00e9rieux. Pour tous les citoyens ordinaires qui comptent sur nous.<\/p>\n<p>Le Vooruit est conscient des d\u00e9fis auxquels est confront\u00e9e la Belgique, notamment pour r\u00e9\u00e9quilibrer son budget, dont la situation a plac\u00e9 le royaume sous le coup d&rsquo;une proc\u00e9dure europ\u00e9enne pour d\u00e9ficit excessif. (cr\u00e9er)<\/p>\n","protected":false},"excerpt":{"rendered":"<p>Les socialistes flamands du Vooruit reviennent \u00e0 la table des n\u00e9gociations f\u00e9d\u00e9rales, mais imposent des conditions et menacent : \u00ab S&rsquo;il s&rsquo;av\u00e8re que la porte<\/p>\n","protected":false},"author":1,"featured_media":2458,"comment_status":"","ping_status":"","sticky":false,"template":"","format":"standard","meta":{"footnotes":""},"categories":[298],"tags":[224,2757,3212,1074,592,1072,2758,2759,800,2635,2760],"class_list":["post-2457","post","type-post","status-publish","format-standard","has-post-thumbnail","hentry","category-belgique","tag-avoir","tag-bottes","tag-conner","tag-dire","tag-encore","tag-mot","tag-puantes","tag-rousseau","tag-son","tag-veut","tag-vooruit","generate-columns","tablet-grid-50","mobile-grid-100","grid-parent","grid-33"],"yoast_head":"<!-- This site is optimized with the Yoast SEO plugin v24.0 - https:\/\/yoast.com\/wordpress\/plugins\/seo\/ -->\n<title>\u00ab\u00a0Bottes puantes\u00a0\u00bb Conner Rousseau (Vooruit) veut encore avoir son mot \u00e0 dire | Vie Associative<\/title>\n<meta name=\"robots\" content=\"index, follow, max-snippet:-1, max-image-preview:large, max-video-preview:-1\" \/>\n<link rel=\"canonical\" href=\"https:\/\/vieassociative.be\/actualites\/bottes-puantes-conner-rousseau-vooruit-veut-encore-avoir-son-mot-a-dire\/\" \/>\n<meta property=\"og:locale\" content=\"fr_FR\" \/>\n<meta property=\"og:type\" content=\"article\" \/>\n<meta property=\"og:title\" content=\"\u00ab\u00a0Bottes puantes\u00a0\u00bb Conner Rousseau (Vooruit) veut encore avoir son mot \u00e0 dire | Vie Associative\" \/>\n<meta property=\"og:description\" content=\"Les socialistes flamands du Vooruit reviennent \u00e0 la table des n\u00e9gociations f\u00e9d\u00e9rales, mais imposent des conditions et menacent : \u00ab S&rsquo;il s&rsquo;av\u00e8re que la porte\" \/>\n<meta property=\"og:url\" content=\"https:\/\/vieassociative.be\/actualites\/bottes-puantes-conner-rousseau-vooruit-veut-encore-avoir-son-mot-a-dire\/\" \/>\n<meta property=\"og:site_name\" content=\"Vie Associative\" \/>\n<meta property=\"article:published_time\" content=\"2024-11-15T20:17:21+00:00\" \/>\n<meta property=\"og:image\" content=\"https:\/\/vieassociative.be\/actualites\/wp-content\/uploads\/2024\/11\/Bottes-puantes-Conner-Rousseau-Vooruit-veut-encore-avoir-son-mot.jpeg\" \/>\n<meta name=\"author\" content=\"Julien\" \/>\n<meta name=\"twitter:card\" content=\"summary_large_image\" \/>\n<meta name=\"twitter:label1\" content=\"\u00c9crit par\" \/>\n\t<meta name=\"twitter:data1\" content=\"Julien\" \/>\n\t<meta name=\"twitter:label2\" content=\"Dur\u00e9e de lecture est.\" \/>\n\t<meta name=\"twitter:data2\" content=\"2 minutes\" \/>\n<script type=\"application\/ld+json\" class=\"yoast-schema-graph\">{\"@context\":\"https:\/\/schema.org\",\"@graph\":[{\"@type\":\"Article\",\"@id\":\"https:\/\/vieassociative.be\/actualites\/bottes-puantes-conner-rousseau-vooruit-veut-encore-avoir-son-mot-a-dire\/#article\",\"isPartOf\":{\"@id\":\"https:\/\/vieassociative.be\/actualites\/bottes-puantes-conner-rousseau-vooruit-veut-encore-avoir-son-mot-a-dire\/\"},\"author\":{\"name\":\"Julien\",\"@id\":\"https:\/\/vieassociative.be\/actualites\/#\/schema\/person\/b87ac4f82f9d4e7b7cec7395b679edc4\"},\"headline\":\"\u00ab\u00a0Bottes puantes\u00a0\u00bb Conner Rousseau (Vooruit) veut encore avoir son mot \u00e0 dire\",\"datePublished\":\"2024-11-15T20:17:21+00:00\",\"dateModified\":\"2024-11-15T20:17:21+00:00\",\"mainEntityOfPage\":{\"@id\":\"https:\/\/vieassociative.be\/actualites\/bottes-puantes-conner-rousseau-vooruit-veut-encore-avoir-son-mot-a-dire\/\"},\"wordCount\":402,\"publisher\":{\"@id\":\"https:\/\/vieassociative.be\/actualites\/#organization\"},\"image\":{\"@id\":\"https:\/\/vieassociative.be\/actualites\/bottes-puantes-conner-rousseau-vooruit-veut-encore-avoir-son-mot-a-dire\/#primaryimage\"},\"thumbnailUrl\":\"https:\/\/vieassociative.be\/actualites\/wp-content\/uploads\/2024\/11\/1731701841_Bottes-puantes-Conner-Rousseau-Vooruit-veut-encore-avoir-son-mot.jpeg\",\"keywords\":[\"avoir\",\"bottes\",\"Conner\",\"dire\",\"encore\",\"mot\",\"puantes\",\"Rousseau\",\"son\",\"veut\",\"Vooruit\"],\"articleSection\":[\"Belgique\"],\"inLanguage\":\"fr-BE\"},{\"@type\":\"WebPage\",\"@id\":\"https:\/\/vieassociative.be\/actualites\/bottes-puantes-conner-rousseau-vooruit-veut-encore-avoir-son-mot-a-dire\/\",\"url\":\"https:\/\/vieassociative.be\/actualites\/bottes-puantes-conner-rousseau-vooruit-veut-encore-avoir-son-mot-a-dire\/\",\"name\":\"\u00ab\u00a0Bottes puantes\u00a0\u00bb Conner Rousseau (Vooruit) veut encore avoir son mot \u00e0 dire | Vie Associative\",\"isPartOf\":{\"@id\":\"https:\/\/vieassociative.be\/actualites\/#website\"},\"primaryImageOfPage\":{\"@id\":\"https:\/\/vieassociative.be\/actualites\/bottes-puantes-conner-rousseau-vooruit-veut-encore-avoir-son-mot-a-dire\/#primaryimage\"},\"image\":{\"@id\":\"https:\/\/vieassociative.be\/actualites\/bottes-puantes-conner-rousseau-vooruit-veut-encore-avoir-son-mot-a-dire\/#primaryimage\"},\"thumbnailUrl\":\"https:\/\/vieassociative.be\/actualites\/wp-content\/uploads\/2024\/11\/1731701841_Bottes-puantes-Conner-Rousseau-Vooruit-veut-encore-avoir-son-mot.jpeg\",\"datePublished\":\"2024-11-15T20:17:21+00:00\",\"dateModified\":\"2024-11-15T20:17:21+00:00\",\"breadcrumb\":{\"@id\":\"https:\/\/vieassociative.be\/actualites\/bottes-puantes-conner-rousseau-vooruit-veut-encore-avoir-son-mot-a-dire\/#breadcrumb\"},\"inLanguage\":\"fr-BE\",\"potentialAction\":[{\"@type\":\"ReadAction\",\"target\":[\"https:\/\/vieassociative.be\/actualites\/bottes-puantes-conner-rousseau-vooruit-veut-encore-avoir-son-mot-a-dire\/\"]}]},{\"@type\":\"ImageObject\",\"inLanguage\":\"fr-BE\",\"@id\":\"https:\/\/vieassociative.be\/actualites\/bottes-puantes-conner-rousseau-vooruit-veut-encore-avoir-son-mot-a-dire\/#primaryimage\",\"url\":\"https:\/\/vieassociative.be\/actualites\/wp-content\/uploads\/2024\/11\/1731701841_Bottes-puantes-Conner-Rousseau-Vooruit-veut-encore-avoir-son-mot.jpeg\",\"contentUrl\":\"https:\/\/vieassociative.be\/actualites\/wp-content\/uploads\/2024\/11\/1731701841_Bottes-puantes-Conner-Rousseau-Vooruit-veut-encore-avoir-son-mot.jpeg\",\"width\":1200,\"height\":799,\"caption\":\"\u00ab\u00a0Bottes puantes\u00a0\u00bb Conner Rousseau (Vooruit) veut encore avoir son mot \u00e0 dire\"},{\"@type\":\"BreadcrumbList\",\"@id\":\"https:\/\/vieassociative.be\/actualites\/bottes-puantes-conner-rousseau-vooruit-veut-encore-avoir-son-mot-a-dire\/#breadcrumb\",\"itemListElement\":[{\"@type\":\"ListItem\",\"position\":1,\"name\":\"Accueil\",\"item\":\"https:\/\/vieassociative.be\/actualites\/\"},{\"@type\":\"ListItem\",\"position\":2,\"name\":\"\u00ab\u00a0Bottes puantes\u00a0\u00bb Conner Rousseau (Vooruit) veut encore avoir son mot \u00e0 dire\"}]},{\"@type\":\"WebSite\",\"@id\":\"https:\/\/vieassociative.be\/actualites\/#website\",\"url\":\"https:\/\/vieassociative.be\/actualites\/\",\"name\":\"Vie Associative\",\"description\":\"\",\"publisher\":{\"@id\":\"https:\/\/vieassociative.be\/actualites\/#organization\"},\"potentialAction\":[{\"@type\":\"SearchAction\",\"target\":{\"@type\":\"EntryPoint\",\"urlTemplate\":\"https:\/\/vieassociative.be\/actualites\/?s={search_term_string}\"},\"query-input\":{\"@type\":\"PropertyValueSpecification\",\"valueRequired\":true,\"valueName\":\"search_term_string\"}}],\"inLanguage\":\"fr-BE\"},{\"@type\":\"Organization\",\"@id\":\"https:\/\/vieassociative.be\/actualites\/#organization\",\"name\":\"Vie Associative\",\"url\":\"https:\/\/vieassociative.be\/actualites\/\",\"logo\":{\"@type\":\"ImageObject\",\"inLanguage\":\"fr-BE\",\"@id\":\"https:\/\/vieassociative.be\/actualites\/#\/schema\/logo\/image\/\",\"url\":\"https:\/\/vieassociative.be\/actualites\/wp-content\/uploads\/2024\/09\/cropped-vieassociative_favicon.ico.png\",\"contentUrl\":\"https:\/\/vieassociative.be\/actualites\/wp-content\/uploads\/2024\/09\/cropped-vieassociative_favicon.ico.png\",\"width\":512,\"height\":512,\"caption\":\"Vie Associative\"},\"image\":{\"@id\":\"https:\/\/vieassociative.be\/actualites\/#\/schema\/logo\/image\/\"}},{\"@type\":\"Person\",\"@id\":\"https:\/\/vieassociative.be\/actualites\/#\/schema\/person\/b87ac4f82f9d4e7b7cec7395b679edc4\",\"name\":\"Julien\",\"image\":{\"@type\":\"ImageObject\",\"inLanguage\":\"fr-BE\",\"@id\":\"https:\/\/vieassociative.be\/actualites\/#\/schema\/person\/image\/\",\"url\":\"https:\/\/vieassociative.be\/actualites\/wp-content\/uploads\/2024\/09\/vie-associative-1-150x150.jpg\",\"contentUrl\":\"https:\/\/vieassociative.be\/actualites\/wp-content\/uploads\/2024\/09\/vie-associative-1-150x150.jpg\",\"caption\":\"Julien\"},\"description\":\"Je suis Julien, r\u00e9dacteur pour Vie Associative. Passionn\u00e9 par le monde associatif depuis plus de 10 ans, j'ai \u00e0 c\u0153ur de partager des histoires inspirantes et de mettre en lumi\u00e8re les initiatives locales. Mon objectif est de sensibiliser et d'encourager l'engagement communautaire \u00e0 travers mes articles.\",\"sameAs\":[\"https:\/\/vieassociative.be\/\"]}]}<\/script>\n<!-- \/ Yoast SEO plugin. -->","yoast_head_json":{"title":"\u00ab\u00a0Bottes puantes\u00a0\u00bb Conner Rousseau (Vooruit) veut encore avoir son mot \u00e0 dire | Vie Associative","robots":{"index":"index","follow":"follow","max-snippet":"max-snippet:-1","max-image-preview":"max-image-preview:large","max-video-preview":"max-video-preview:-1"},"canonical":"https:\/\/vieassociative.be\/actualites\/bottes-puantes-conner-rousseau-vooruit-veut-encore-avoir-son-mot-a-dire\/","og_locale":"fr_FR","og_type":"article","og_title":"\u00ab\u00a0Bottes puantes\u00a0\u00bb Conner Rousseau (Vooruit) veut encore avoir son mot \u00e0 dire | Vie Associative","og_description":"Les socialistes flamands du Vooruit reviennent \u00e0 la table des n\u00e9gociations f\u00e9d\u00e9rales, mais imposent des conditions et menacent : \u00ab S&rsquo;il s&rsquo;av\u00e8re que la porte","og_url":"https:\/\/vieassociative.be\/actualites\/bottes-puantes-conner-rousseau-vooruit-veut-encore-avoir-son-mot-a-dire\/","og_site_name":"Vie Associative","article_published_time":"2024-11-15T20:17:21+00:00","og_image":[{"url":"https:\/\/vieassociative.be\/actualites\/wp-content\/uploads\/2024\/11\/Bottes-puantes-Conner-Rousseau-Vooruit-veut-encore-avoir-son-mot.jpeg","type":"","width":"","height":""}],"author":"Julien","twitter_card":"summary_large_image","twitter_misc":{"\u00c9crit par":"Julien","Dur\u00e9e de lecture est.":"2 minutes"},"schema":{"@context":"https:\/\/schema.org","@graph":[{"@type":"Article","@id":"https:\/\/vieassociative.be\/actualites\/bottes-puantes-conner-rousseau-vooruit-veut-encore-avoir-son-mot-a-dire\/#article","isPartOf":{"@id":"https:\/\/vieassociative.be\/actualites\/bottes-puantes-conner-rousseau-vooruit-veut-encore-avoir-son-mot-a-dire\/"},"author":{"name":"Julien","@id":"https:\/\/vieassociative.be\/actualites\/#\/schema\/person\/b87ac4f82f9d4e7b7cec7395b679edc4"},"headline":"\u00ab\u00a0Bottes puantes\u00a0\u00bb Conner Rousseau (Vooruit) veut encore avoir son mot \u00e0 dire","datePublished":"2024-11-15T20:17:21+00:00","dateModified":"2024-11-15T20:17:21+00:00","mainEntityOfPage":{"@id":"https:\/\/vieassociative.be\/actualites\/bottes-puantes-conner-rousseau-vooruit-veut-encore-avoir-son-mot-a-dire\/"},"wordCount":402,"publisher":{"@id":"https:\/\/vieassociative.be\/actualites\/#organization"},"image":{"@id":"https:\/\/vieassociative.be\/actualites\/bottes-puantes-conner-rousseau-vooruit-veut-encore-avoir-son-mot-a-dire\/#primaryimage"},"thumbnailUrl":"https:\/\/vieassociative.be\/actualites\/wp-content\/uploads\/2024\/11\/1731701841_Bottes-puantes-Conner-Rousseau-Vooruit-veut-encore-avoir-son-mot.jpeg","keywords":["avoir","bottes","Conner","dire","encore","mot","puantes","Rousseau","son","veut","Vooruit"],"articleSection":["Belgique"],"inLanguage":"fr-BE"},{"@type":"WebPage","@id":"https:\/\/vieassociative.be\/actualites\/bottes-puantes-conner-rousseau-vooruit-veut-encore-avoir-son-mot-a-dire\/","url":"https:\/\/vieassociative.be\/actualites\/bottes-puantes-conner-rousseau-vooruit-veut-encore-avoir-son-mot-a-dire\/","name":"\u00ab\u00a0Bottes puantes\u00a0\u00bb Conner Rousseau (Vooruit) veut encore avoir son mot \u00e0 dire | Vie Associative","isPartOf":{"@id":"https:\/\/vieassociative.be\/actualites\/#website"},"primaryImageOfPage":{"@id":"https:\/\/vieassociative.be\/actualites\/bottes-puantes-conner-rousseau-vooruit-veut-encore-avoir-son-mot-a-dire\/#primaryimage"},"image":{"@id":"https:\/\/vieassociative.be\/actualites\/bottes-puantes-conner-rousseau-vooruit-veut-encore-avoir-son-mot-a-dire\/#primaryimage"},"thumbnailUrl":"https:\/\/vieassociative.be\/actualites\/wp-content\/uploads\/2024\/11\/1731701841_Bottes-puantes-Conner-Rousseau-Vooruit-veut-encore-avoir-son-mot.jpeg","datePublished":"2024-11-15T20:17:21+00:00","dateModified":"2024-11-15T20:17:21+00:00","breadcrumb":{"@id":"https:\/\/vieassociative.be\/actualites\/bottes-puantes-conner-rousseau-vooruit-veut-encore-avoir-son-mot-a-dire\/#breadcrumb"},"inLanguage":"fr-BE","potentialAction":[{"@type":"ReadAction","target":["https:\/\/vieassociative.be\/actualites\/bottes-puantes-conner-rousseau-vooruit-veut-encore-avoir-son-mot-a-dire\/"]}]},{"@type":"ImageObject","inLanguage":"fr-BE","@id":"https:\/\/vieassociative.be\/actualites\/bottes-puantes-conner-rousseau-vooruit-veut-encore-avoir-son-mot-a-dire\/#primaryimage","url":"https:\/\/vieassociative.be\/actualites\/wp-content\/uploads\/2024\/11\/1731701841_Bottes-puantes-Conner-Rousseau-Vooruit-veut-encore-avoir-son-mot.jpeg","contentUrl":"https:\/\/vieassociative.be\/actualites\/wp-content\/uploads\/2024\/11\/1731701841_Bottes-puantes-Conner-Rousseau-Vooruit-veut-encore-avoir-son-mot.jpeg","width":1200,"height":799,"caption":"\u00ab\u00a0Bottes puantes\u00a0\u00bb Conner Rousseau (Vooruit) veut encore avoir son mot \u00e0 dire"},{"@type":"BreadcrumbList","@id":"https:\/\/vieassociative.be\/actualites\/bottes-puantes-conner-rousseau-vooruit-veut-encore-avoir-son-mot-a-dire\/#breadcrumb","itemListElement":[{"@type":"ListItem","position":1,"name":"Accueil","item":"https:\/\/vieassociative.be\/actualites\/"},{"@type":"ListItem","position":2,"name":"\u00ab\u00a0Bottes puantes\u00a0\u00bb Conner Rousseau (Vooruit) veut encore avoir son mot \u00e0 dire"}]},{"@type":"WebSite","@id":"https:\/\/vieassociative.be\/actualites\/#website","url":"https:\/\/vieassociative.be\/actualites\/","name":"Vie Associative","description":"","publisher":{"@id":"https:\/\/vieassociative.be\/actualites\/#organization"},"potentialAction":[{"@type":"SearchAction","target":{"@type":"EntryPoint","urlTemplate":"https:\/\/vieassociative.be\/actualites\/?s={search_term_string}"},"query-input":{"@type":"PropertyValueSpecification","valueRequired":true,"valueName":"search_term_string"}}],"inLanguage":"fr-BE"},{"@type":"Organization","@id":"https:\/\/vieassociative.be\/actualites\/#organization","name":"Vie Associative","url":"https:\/\/vieassociative.be\/actualites\/","logo":{"@type":"ImageObject","inLanguage":"fr-BE","@id":"https:\/\/vieassociative.be\/actualites\/#\/schema\/logo\/image\/","url":"https:\/\/vieassociative.be\/actualites\/wp-content\/uploads\/2024\/09\/cropped-vieassociative_favicon.ico.png","contentUrl":"https:\/\/vieassociative.be\/actualites\/wp-content\/uploads\/2024\/09\/cropped-vieassociative_favicon.ico.png","width":512,"height":512,"caption":"Vie Associative"},"image":{"@id":"https:\/\/vieassociative.be\/actualites\/#\/schema\/logo\/image\/"}},{"@type":"Person","@id":"https:\/\/vieassociative.be\/actualites\/#\/schema\/person\/b87ac4f82f9d4e7b7cec7395b679edc4","name":"Julien","image":{"@type":"ImageObject","inLanguage":"fr-BE","@id":"https:\/\/vieassociative.be\/actualites\/#\/schema\/person\/image\/","url":"https:\/\/vieassociative.be\/actualites\/wp-content\/uploads\/2024\/09\/vie-associative-1-150x150.jpg","contentUrl":"https:\/\/vieassociative.be\/actualites\/wp-content\/uploads\/2024\/09\/vie-associative-1-150x150.jpg","caption":"Julien"},"description":"Je suis Julien, r\u00e9dacteur pour Vie Associative. Passionn\u00e9 par le monde associatif depuis plus de 10 ans, j'ai \u00e0 c\u0153ur de partager des histoires inspirantes et de mettre en lumi\u00e8re les initiatives locales. Mon objectif est de sensibiliser et d'encourager l'engagement communautaire \u00e0 travers mes articles.","sameAs":["https:\/\/vieassociative.be\/"]}]}},"_links":{"self":[{"href":"https:\/\/vieassociative.be\/actualites\/wp-json\/wp\/v2\/posts\/2457"}],"collection":[{"href":"https:\/\/vieassociative.be\/actualites\/wp-json\/wp\/v2\/posts"}],"about":[{"href":"https:\/\/vieassociative.be\/actualites\/wp-json\/wp\/v2\/types\/post"}],"author":[{"embeddable":true,"href":"https:\/\/vieassociative.be\/actualites\/wp-json\/wp\/v2\/users\/1"}],"replies":[{"embeddable":true,"href":"https:\/\/vieassociative.be\/actualites\/wp-json\/wp\/v2\/comments?post=2457"}],"version-history":[{"count":0,"href":"https:\/\/vieassociative.be\/actualites\/wp-json\/wp\/v2\/posts\/2457\/revisions"}],"wp:featuredmedia":[{"embeddable":true,"href":"https:\/\/vieassociative.be\/actualites\/wp-json\/wp\/v2\/media\/2458"}],"wp:attachment":[{"href":"https:\/\/vieassociative.be\/actualites\/wp-json\/wp\/v2\/media?parent=2457"}],"wp:term":[{"taxonomy":"category","embeddable":true,"href":"https:\/\/vieassociative.be\/actualites\/wp-json\/wp\/v2\/categories?post=2457"},{"taxonomy":"post_tag","embeddable":true,"href":"https:\/\/vieassociative.be\/actualites\/wp-json\/wp\/v2\/tags?post=2457"}],"curies":[{"name":"wp","href":"https:\/\/api.w.org\/{rel}","templated":true}]}}