{"id":2447,"date":"2024-11-15T15:18:58","date_gmt":"2024-11-15T14:18:58","guid":{"rendered":"https:\/\/vieassociative.be\/actualites\/lequipe-nationale-belge-de-football-risque-t-elle-une-periode-de-secheresse-comme-dans-les-annees-2002-a-2012\/"},"modified":"2024-11-15T15:18:58","modified_gmt":"2024-11-15T14:18:58","slug":"lequipe-nationale-belge-de-football-risque-t-elle-une-periode-de-secheresse-comme-dans-les-annees-2002-a-2012","status":"publish","type":"post","link":"https:\/\/vieassociative.be\/actualites\/lequipe-nationale-belge-de-football-risque-t-elle-une-periode-de-secheresse-comme-dans-les-annees-2002-a-2012\/","title":{"rendered":"L&rsquo;\u00e9quipe nationale belge de football risque-t-elle une p\u00e9riode de s\u00e9cheresse comme dans les ann\u00e9es 2002 \u00e0 2012 ?"},"content":{"rendered":"<p><strong>L\u2019\u00e9poque dor\u00e9e de l\u2019\u00e9quipe nationale belge de football est-elle r\u00e9volue ? Les faibles performances des Diables Rouges au Championnat d\u2019Europe 2024 en Allemagne puis \u00e0 la Ligue des Nations font au moins craindre.<\/strong><\/p>\n<p><span id=\"more-401839\"><\/span>\u00ab Les fans ont mang\u00e9 leur pain noir entre 2002 et 2012 et ne veulent plus revivre \u00e7a. Cependant, nous devons \u00eatre patients avec cette \u00e9quipe. <\/p>\n<p>C&rsquo;est par ces mots ce vendredi matin que l&rsquo;ancien international belge Philippe Albert a comment\u00e9 dans sa chronique de Sudinfo la d\u00e9faite 1-0 des Diables Rouges face \u00e0 l&rsquo;Italie jeudi. Dimanche \u00e0 Budapest face \u00e0 Isra\u00ebl, la Belgique ne devra pas perdre de plus de deux buts si elle veut rester en Ligue A de la Ligue des Nations.<\/p>\n<\/p>\n<div id=\"attachment_337634\" class=\"wp-caption alignleft\" style=\"max-width: 300px\"><img fetchpriority=\"high\" decoding=\"async\" class=\"wp-image-337634 size-medium\" src=\"https:\/\/vieassociative.be\/actualites\/wp-content\/uploads\/2024\/11\/Lequipe-nationale-belge-de-football-risque-t-elle-une-periode-de-secheresse.jpeg\" alt=\"\" width=\"300\" height=\"201\"><\/p>\n<p class=\"wp-caption-text\">06\/14\/2002, Japon, Shizuoka : les joueurs belges s&rsquo;alignent avant le dernier match du premier tour du Groupe H de la coupe du monde 2002 en Cor\u00e9e et au Japon. La Belgique a atteint les huiti\u00e8mes de finale apr\u00e8s une victoire 3-2. En haut \u00e0 gauche : Geert De Vlieger, Jacky Peeters, Daniel Van Buyten, Glen De Boeck, Marc Wilmots. En bas \u00e0 gauche : Nico Van Kerckhoven, Yves Vanderhaeghe, Mbo Mpenza, Johan Walem, Gert Verheyen, Bart Goor. Photo : AFP via Belga<\/p>\n<\/div>\n<p>De nombreux fans de l&rsquo;\u00e9quipe nationale belge se souviennent encore des souffrances v\u00e9cues au cours des ann\u00e9es, depuis la Coupe du monde 2002 au Japon et en Cor\u00e9e du Sud jusqu&rsquo;\u00e0 la Coupe du monde 2014 au Br\u00e9sil. Lors de la Coupe du Monde en Asie, les Diables Rouges ont bien perform\u00e9 sous la direction de l&rsquo;entra\u00eeneur Robert Waseige et du capitaine Marc Wilmots. En huiti\u00e8mes de finale, la Belgique a amen\u00e9 le Br\u00e9sil, futur champion du monde, au bord de la d\u00e9faite.<\/p>\n<p>Apr\u00e8s la Coupe du Monde 2002, Aim\u00e9 Anthuenis prend les commandes des Diables Rouges. Ce fut le d\u00e9but d&rsquo;une longue p\u00e9riode de s\u00e9cheresse pour l&rsquo;\u00e9quipe nationale belge, qui n&rsquo;a eu lieu qu&rsquo;au Championnat d&rsquo;Europe 2004 au Portugal, \u00e0 la Coupe du monde 2006 en Allemagne, au Championnat d&rsquo;Europe 2008 en Autriche et en Suisse, \u00e0 la Coupe du monde 2010 en Afrique du Sud. et le Championnat d&rsquo;Europe 2012 en Pologne et en Ukraine \u00e9tait un spectateur.<\/p>\n<p>Apr\u00e8s Anthuenis, Ren\u00e9 Vandereycken et Franky Vercauteren sont devenus entra\u00eeneurs, mais ils n&rsquo;ont pas non plus connu de succ\u00e8s. Ce n&rsquo;est que lorsque le N\u00e9erlandais Dick Advocaat a pris le commandement qu&rsquo;une nette tendance \u00e0 la hausse s&rsquo;est manifest\u00e9e. Malheureusement, Advocaat a quitt\u00e9 les Diables Rouges apr\u00e8s seulement sept mois en faveur d&rsquo;un contrat lucratif avec la F\u00e9d\u00e9ration de Russie, mais au moins il y avait de la lumi\u00e8re au bout du tunnel.<\/p>\n<p>D\u00e9but mai 2010, Georges Leekens devient s\u00e9lectionneur national. La Golden Generation \u00e9tait n\u00e9e et frappait d\u00e9j\u00e0 \u00e0 sa porte.<\/p>\n<\/p>\n<div id=\"attachment_373361\" class=\"wp-caption alignleft\" style=\"max-width: 300px\"><img decoding=\"async\" class=\"wp-image-373361 size-medium\" src=\"https:\/\/vieassociative.be\/actualites\/wp-content\/uploads\/2024\/11\/Lequipe-nationale-belge-de-football-risque-t-elle-une-periode-de-secheresse.jpg\" alt=\"\" width=\"300\" height=\"200\"  ><\/p>\n<p class=\"wp-caption-text\">6 septembre 2002, Belgique, Bruxelles : entra\u00eeneur adjoint Eddy Snelders (l) avec l&rsquo;entra\u00eeneur national belge de l&rsquo;\u00e9poque Aim\u00e9 Anthuenis (r) \u00e0 Kraainem avant un match de qualification entre les Red Devils et la Bulgarie. Photo de : Belga<\/p>\n<\/div>\n<p>Apr\u00e8s que Leekens ait renonc\u00e9 \u00e0 son poste apr\u00e8s deux ans pour devenir entra\u00eeneur du FC Bruges parce qu&rsquo;il pensait ne pas pouvoir refuser leur offre, Marc Wilmots est devenu entra\u00eeneur en juin 2012. L\u2019\u00e2ge d\u2019or commen\u00e7a.<\/p>\n<p>Lors de la Coupe du monde 2014, la jeune et tr\u00e8s talentueuse \u00e9quipe belge a atteint les quarts de finale contre l&rsquo;Argentine, future vice-championne. Comme il n&rsquo;a atteint que les quarts de finale aux Championnats d&rsquo;Europe 2016 en France, Wilmots a d\u00fb partir. Roberto Martinez est venu. <\/p>\n<p>Avec l&rsquo;Espagnol, la Belgique est arriv\u00e9e troisi\u00e8me de la Coupe du monde 2018. La g\u00e9n\u00e9ration dor\u00e9e des Diables Rouges avait atteint son apog\u00e9e. La Belgique a atteint les quarts de finale du Championnat d\u2019Europe 2021, mais les Diables Rouges ont \u00e9t\u00e9 \u00e9limin\u00e9s d\u00e8s le tour pr\u00e9liminaire de la Coupe du monde 2022. Le Championnat d\u2019Europe 2024 s\u2019est termin\u00e9 en huiti\u00e8mes de finale.<\/p>\n<p>Les Diables Rouges ont particip\u00e9 \u00e0 tous les championnats d&rsquo;Europe et \u00e0 toutes les Coupes du monde depuis 2014. Est-ce que cela r\u00e9ussira lors de la Coupe du monde 2026 aux \u00c9tats-Unis, au Mexique et au Canada, m\u00eame s&rsquo;il n&rsquo;a jamais \u00e9t\u00e9 aussi facile de se qualifier pour une Coupe du monde \u00e0 48 participants ? <\/p>\n<p>Il y a de l&rsquo;espoir dans le fait que la nouvelle g\u00e9n\u00e9ration des Diables Rouges est \u00e9galement tr\u00e8s talentueuse et que de nombreux joueurs nationaux sont sous contrat avec les meilleurs clubs europ\u00e9ens. Et puis il reste encore \u00e0 clarifier la question de savoir si les Diables Rouges ont \u00e9galement un probl\u00e8me d\u2019entra\u00eeneur, car la situation s\u2019est encore aggrav\u00e9e sous Domenico Tedesco. (cr\u00e9er)<\/p>\n<p><em><strong>Sur le sujet, voir aussi l&rsquo;article suivant sur l&rsquo;OD :<\/strong><\/em><\/p>\n<div class=\"responsive-embed widescreen\">\n<blockquote class=\"wp-embedded-content\" data-secret=\"AzfaJdsx5i\">\n<p>Ligue des Nations : la Belgique s&rsquo;incline 0-1 contre l&rsquo;Italie<\/p>\n<\/blockquote>\n<p><iframe loading=\"lazy\" class=\"wp-embedded-content\" sandbox=\"allow-scripts\" security=\"restricted\" style=\"position: absolute; visibility: hidden;\" title=\"\u201eNations League: Belgien verliert 0:1 gegen Italien\u201c \u2014 Ostbelgien Direkt\" src=\"https:\/\/ostbelgiendirekt.be\/about:blank\" data-secret=\"AzfaJdsx5i\" width=\"500\" height=\"282\" frameborder=\"0\" marginwidth=\"0\" marginheight=\"0\" scrolling=\"no\" data-rocket-lazyload=\"fitvidscompatible\" data-lazy-src=\"https:\/\/ostbelgiendirekt.be\/01-rote-teufel-verlieren-401793\/embed#?secret=zeTFeWehQU#?secret=AzfaJdsx5i\"><\/iframe><noscript><iframe class=\"wp-embedded-content\" sandbox=\"allow-scripts\" security=\"restricted\" style=\"position: absolute; visibility: hidden;\" title=\"\u201eNations League: Belgien verliert 0:1 gegen Italien\u201c \u2014 Ostbelgien Direkt\" src=\"https:\/\/ostbelgiendirekt.be\/01-rote-teufel-verlieren-401793\/embed#?secret=zeTFeWehQU#?secret=AzfaJdsx5i\" data-secret=\"AzfaJdsx5i\" width=\"500\" height=\"282\" frameborder=\"0\" marginwidth=\"0\" marginheight=\"0\" scrolling=\"no\"><\/iframe><\/noscript><\/p>\n<\/div>\n","protected":false},"excerpt":{"rendered":"<p>L\u2019\u00e9poque dor\u00e9e de l\u2019\u00e9quipe nationale belge de football est-elle r\u00e9volue ? Les faibles performances des Diables Rouges au Championnat d\u2019Europe 2024 en Allemagne puis \u00e0<\/p>\n","protected":false},"author":1,"featured_media":2448,"comment_status":"","ping_status":"","sticky":false,"template":"","format":"standard","meta":{"footnotes":""},"categories":[298],"tags":[2392,410,1254,166,1104,537,14,538,395,3203,1869,110],"class_list":["post-2447","post","type-post","status-publish","format-standard","has-post-thumbnail","hentry","category-belgique","tag-annees","tag-belge","tag-comme","tag-dans","tag-football","tag-lequipe","tag-les","tag-nationale","tag-periode","tag-risquetelle","tag-secheresse","tag-une","generate-columns","tablet-grid-50","mobile-grid-100","grid-parent","grid-33"],"yoast_head":"<!-- This site is optimized with the Yoast SEO plugin v24.0 - https:\/\/yoast.com\/wordpress\/plugins\/seo\/ -->\n<title>L&#039;\u00e9quipe nationale belge de football risque-t-elle une p\u00e9riode de s\u00e9cheresse comme dans les ann\u00e9es 2002 \u00e0 2012 ? | Vie Associative<\/title>\n<meta name=\"robots\" content=\"index, follow, max-snippet:-1, max-image-preview:large, max-video-preview:-1\" \/>\n<link rel=\"canonical\" href=\"https:\/\/vieassociative.be\/actualites\/lequipe-nationale-belge-de-football-risque-t-elle-une-periode-de-secheresse-comme-dans-les-annees-2002-a-2012\/\" \/>\n<meta property=\"og:locale\" content=\"fr_FR\" \/>\n<meta property=\"og:type\" content=\"article\" \/>\n<meta property=\"og:title\" content=\"L&#039;\u00e9quipe nationale belge de football risque-t-elle une p\u00e9riode de s\u00e9cheresse comme dans les ann\u00e9es 2002 \u00e0 2012 ? | Vie Associative\" \/>\n<meta property=\"og:description\" content=\"L\u2019\u00e9poque dor\u00e9e de l\u2019\u00e9quipe nationale belge de football est-elle r\u00e9volue ? Les faibles performances des Diables Rouges au Championnat d\u2019Europe 2024 en Allemagne puis \u00e0\" \/>\n<meta property=\"og:url\" content=\"https:\/\/vieassociative.be\/actualites\/lequipe-nationale-belge-de-football-risque-t-elle-une-periode-de-secheresse-comme-dans-les-annees-2002-a-2012\/\" \/>\n<meta property=\"og:site_name\" content=\"Vie Associative\" \/>\n<meta property=\"article:published_time\" content=\"2024-11-15T14:18:58+00:00\" \/>\n<meta property=\"og:image\" content=\"https:\/\/vieassociative.be\/actualites\/wp-content\/uploads\/2024\/11\/Lequipe-nationale-belge-de-football-risque-t-elle-une-periode-de-secheresse.jpeg\" \/>\n<meta name=\"author\" content=\"Julien\" \/>\n<meta name=\"twitter:card\" content=\"summary_large_image\" \/>\n<meta name=\"twitter:label1\" content=\"\u00c9crit par\" \/>\n\t<meta name=\"twitter:data1\" content=\"Julien\" \/>\n\t<meta name=\"twitter:label2\" content=\"Dur\u00e9e de lecture est.\" \/>\n\t<meta name=\"twitter:data2\" content=\"4 minutes\" \/>\n<script type=\"application\/ld+json\" class=\"yoast-schema-graph\">{\"@context\":\"https:\/\/schema.org\",\"@graph\":[{\"@type\":\"Article\",\"@id\":\"https:\/\/vieassociative.be\/actualites\/lequipe-nationale-belge-de-football-risque-t-elle-une-periode-de-secheresse-comme-dans-les-annees-2002-a-2012\/#article\",\"isPartOf\":{\"@id\":\"https:\/\/vieassociative.be\/actualites\/lequipe-nationale-belge-de-football-risque-t-elle-une-periode-de-secheresse-comme-dans-les-annees-2002-a-2012\/\"},\"author\":{\"name\":\"Julien\",\"@id\":\"https:\/\/vieassociative.be\/actualites\/#\/schema\/person\/b87ac4f82f9d4e7b7cec7395b679edc4\"},\"headline\":\"L&rsquo;\u00e9quipe nationale belge de football risque-t-elle une p\u00e9riode de s\u00e9cheresse comme dans les ann\u00e9es 2002 \u00e0 2012 ?\",\"datePublished\":\"2024-11-15T14:18:58+00:00\",\"dateModified\":\"2024-11-15T14:18:58+00:00\",\"mainEntityOfPage\":{\"@id\":\"https:\/\/vieassociative.be\/actualites\/lequipe-nationale-belge-de-football-risque-t-elle-une-periode-de-secheresse-comme-dans-les-annees-2002-a-2012\/\"},\"wordCount\":843,\"publisher\":{\"@id\":\"https:\/\/vieassociative.be\/actualites\/#organization\"},\"image\":{\"@id\":\"https:\/\/vieassociative.be\/actualites\/lequipe-nationale-belge-de-football-risque-t-elle-une-periode-de-secheresse-comme-dans-les-annees-2002-a-2012\/#primaryimage\"},\"thumbnailUrl\":\"https:\/\/vieassociative.be\/actualites\/wp-content\/uploads\/2024\/11\/1731680339_Lequipe-nationale-belge-de-football-risque-t-elle-une-periode-de-secheresse.jpeg\",\"keywords\":[\"ann\u00e9es\",\"belge\",\"comme\",\"dans\",\"football\",\"l\u00e9quipe\",\"Les\",\"nationale\",\"p\u00e9riode\",\"risquetelle\",\"s\u00e9cheresse\",\"une\"],\"articleSection\":[\"Belgique\"],\"inLanguage\":\"fr-BE\"},{\"@type\":\"WebPage\",\"@id\":\"https:\/\/vieassociative.be\/actualites\/lequipe-nationale-belge-de-football-risque-t-elle-une-periode-de-secheresse-comme-dans-les-annees-2002-a-2012\/\",\"url\":\"https:\/\/vieassociative.be\/actualites\/lequipe-nationale-belge-de-football-risque-t-elle-une-periode-de-secheresse-comme-dans-les-annees-2002-a-2012\/\",\"name\":\"L'\u00e9quipe nationale belge de football risque-t-elle une p\u00e9riode de s\u00e9cheresse comme dans les ann\u00e9es 2002 \u00e0 2012 ? | Vie Associative\",\"isPartOf\":{\"@id\":\"https:\/\/vieassociative.be\/actualites\/#website\"},\"primaryImageOfPage\":{\"@id\":\"https:\/\/vieassociative.be\/actualites\/lequipe-nationale-belge-de-football-risque-t-elle-une-periode-de-secheresse-comme-dans-les-annees-2002-a-2012\/#primaryimage\"},\"image\":{\"@id\":\"https:\/\/vieassociative.be\/actualites\/lequipe-nationale-belge-de-football-risque-t-elle-une-periode-de-secheresse-comme-dans-les-annees-2002-a-2012\/#primaryimage\"},\"thumbnailUrl\":\"https:\/\/vieassociative.be\/actualites\/wp-content\/uploads\/2024\/11\/1731680339_Lequipe-nationale-belge-de-football-risque-t-elle-une-periode-de-secheresse.jpeg\",\"datePublished\":\"2024-11-15T14:18:58+00:00\",\"dateModified\":\"2024-11-15T14:18:58+00:00\",\"breadcrumb\":{\"@id\":\"https:\/\/vieassociative.be\/actualites\/lequipe-nationale-belge-de-football-risque-t-elle-une-periode-de-secheresse-comme-dans-les-annees-2002-a-2012\/#breadcrumb\"},\"inLanguage\":\"fr-BE\",\"potentialAction\":[{\"@type\":\"ReadAction\",\"target\":[\"https:\/\/vieassociative.be\/actualites\/lequipe-nationale-belge-de-football-risque-t-elle-une-periode-de-secheresse-comme-dans-les-annees-2002-a-2012\/\"]}]},{\"@type\":\"ImageObject\",\"inLanguage\":\"fr-BE\",\"@id\":\"https:\/\/vieassociative.be\/actualites\/lequipe-nationale-belge-de-football-risque-t-elle-une-periode-de-secheresse-comme-dans-les-annees-2002-a-2012\/#primaryimage\",\"url\":\"https:\/\/vieassociative.be\/actualites\/wp-content\/uploads\/2024\/11\/1731680339_Lequipe-nationale-belge-de-football-risque-t-elle-une-periode-de-secheresse.jpeg\",\"contentUrl\":\"https:\/\/vieassociative.be\/actualites\/wp-content\/uploads\/2024\/11\/1731680339_Lequipe-nationale-belge-de-football-risque-t-elle-une-periode-de-secheresse.jpeg\",\"width\":1200,\"height\":991,\"caption\":\"L'\u00e9quipe nationale belge de football risque-t-elle une p\u00e9riode de s\u00e9cheresse comme dans les ann\u00e9es 2002 \u00e0 2012 ?\"},{\"@type\":\"BreadcrumbList\",\"@id\":\"https:\/\/vieassociative.be\/actualites\/lequipe-nationale-belge-de-football-risque-t-elle-une-periode-de-secheresse-comme-dans-les-annees-2002-a-2012\/#breadcrumb\",\"itemListElement\":[{\"@type\":\"ListItem\",\"position\":1,\"name\":\"Accueil\",\"item\":\"https:\/\/vieassociative.be\/actualites\/\"},{\"@type\":\"ListItem\",\"position\":2,\"name\":\"L&rsquo;\u00e9quipe nationale belge de football risque-t-elle une p\u00e9riode de s\u00e9cheresse comme dans les ann\u00e9es 2002 \u00e0 2012 ?\"}]},{\"@type\":\"WebSite\",\"@id\":\"https:\/\/vieassociative.be\/actualites\/#website\",\"url\":\"https:\/\/vieassociative.be\/actualites\/\",\"name\":\"Vie Associative\",\"description\":\"\",\"publisher\":{\"@id\":\"https:\/\/vieassociative.be\/actualites\/#organization\"},\"potentialAction\":[{\"@type\":\"SearchAction\",\"target\":{\"@type\":\"EntryPoint\",\"urlTemplate\":\"https:\/\/vieassociative.be\/actualites\/?s={search_term_string}\"},\"query-input\":{\"@type\":\"PropertyValueSpecification\",\"valueRequired\":true,\"valueName\":\"search_term_string\"}}],\"inLanguage\":\"fr-BE\"},{\"@type\":\"Organization\",\"@id\":\"https:\/\/vieassociative.be\/actualites\/#organization\",\"name\":\"Vie Associative\",\"url\":\"https:\/\/vieassociative.be\/actualites\/\",\"logo\":{\"@type\":\"ImageObject\",\"inLanguage\":\"fr-BE\",\"@id\":\"https:\/\/vieassociative.be\/actualites\/#\/schema\/logo\/image\/\",\"url\":\"https:\/\/vieassociative.be\/actualites\/wp-content\/uploads\/2024\/09\/cropped-vieassociative_favicon.ico.png\",\"contentUrl\":\"https:\/\/vieassociative.be\/actualites\/wp-content\/uploads\/2024\/09\/cropped-vieassociative_favicon.ico.png\",\"width\":512,\"height\":512,\"caption\":\"Vie Associative\"},\"image\":{\"@id\":\"https:\/\/vieassociative.be\/actualites\/#\/schema\/logo\/image\/\"}},{\"@type\":\"Person\",\"@id\":\"https:\/\/vieassociative.be\/actualites\/#\/schema\/person\/b87ac4f82f9d4e7b7cec7395b679edc4\",\"name\":\"Julien\",\"image\":{\"@type\":\"ImageObject\",\"inLanguage\":\"fr-BE\",\"@id\":\"https:\/\/vieassociative.be\/actualites\/#\/schema\/person\/image\/\",\"url\":\"https:\/\/vieassociative.be\/actualites\/wp-content\/uploads\/2024\/09\/vie-associative-1-150x150.jpg\",\"contentUrl\":\"https:\/\/vieassociative.be\/actualites\/wp-content\/uploads\/2024\/09\/vie-associative-1-150x150.jpg\",\"caption\":\"Julien\"},\"description\":\"Je suis Julien, r\u00e9dacteur pour Vie Associative. Passionn\u00e9 par le monde associatif depuis plus de 10 ans, j'ai \u00e0 c\u0153ur de partager des histoires inspirantes et de mettre en lumi\u00e8re les initiatives locales. Mon objectif est de sensibiliser et d'encourager l'engagement communautaire \u00e0 travers mes articles.\",\"sameAs\":[\"https:\/\/vieassociative.be\/\"]}]}<\/script>\n<!-- \/ Yoast SEO plugin. -->","yoast_head_json":{"title":"L'\u00e9quipe nationale belge de football risque-t-elle une p\u00e9riode de s\u00e9cheresse comme dans les ann\u00e9es 2002 \u00e0 2012 ? | Vie Associative","robots":{"index":"index","follow":"follow","max-snippet":"max-snippet:-1","max-image-preview":"max-image-preview:large","max-video-preview":"max-video-preview:-1"},"canonical":"https:\/\/vieassociative.be\/actualites\/lequipe-nationale-belge-de-football-risque-t-elle-une-periode-de-secheresse-comme-dans-les-annees-2002-a-2012\/","og_locale":"fr_FR","og_type":"article","og_title":"L'\u00e9quipe nationale belge de football risque-t-elle une p\u00e9riode de s\u00e9cheresse comme dans les ann\u00e9es 2002 \u00e0 2012 ? | Vie Associative","og_description":"L\u2019\u00e9poque dor\u00e9e de l\u2019\u00e9quipe nationale belge de football est-elle r\u00e9volue ? Les faibles performances des Diables Rouges au Championnat d\u2019Europe 2024 en Allemagne puis \u00e0","og_url":"https:\/\/vieassociative.be\/actualites\/lequipe-nationale-belge-de-football-risque-t-elle-une-periode-de-secheresse-comme-dans-les-annees-2002-a-2012\/","og_site_name":"Vie Associative","article_published_time":"2024-11-15T14:18:58+00:00","og_image":[{"url":"https:\/\/vieassociative.be\/actualites\/wp-content\/uploads\/2024\/11\/Lequipe-nationale-belge-de-football-risque-t-elle-une-periode-de-secheresse.jpeg","type":"","width":"","height":""}],"author":"Julien","twitter_card":"summary_large_image","twitter_misc":{"\u00c9crit par":"Julien","Dur\u00e9e de lecture est.":"4 minutes"},"schema":{"@context":"https:\/\/schema.org","@graph":[{"@type":"Article","@id":"https:\/\/vieassociative.be\/actualites\/lequipe-nationale-belge-de-football-risque-t-elle-une-periode-de-secheresse-comme-dans-les-annees-2002-a-2012\/#article","isPartOf":{"@id":"https:\/\/vieassociative.be\/actualites\/lequipe-nationale-belge-de-football-risque-t-elle-une-periode-de-secheresse-comme-dans-les-annees-2002-a-2012\/"},"author":{"name":"Julien","@id":"https:\/\/vieassociative.be\/actualites\/#\/schema\/person\/b87ac4f82f9d4e7b7cec7395b679edc4"},"headline":"L&rsquo;\u00e9quipe nationale belge de football risque-t-elle une p\u00e9riode de s\u00e9cheresse comme dans les ann\u00e9es 2002 \u00e0 2012 ?","datePublished":"2024-11-15T14:18:58+00:00","dateModified":"2024-11-15T14:18:58+00:00","mainEntityOfPage":{"@id":"https:\/\/vieassociative.be\/actualites\/lequipe-nationale-belge-de-football-risque-t-elle-une-periode-de-secheresse-comme-dans-les-annees-2002-a-2012\/"},"wordCount":843,"publisher":{"@id":"https:\/\/vieassociative.be\/actualites\/#organization"},"image":{"@id":"https:\/\/vieassociative.be\/actualites\/lequipe-nationale-belge-de-football-risque-t-elle-une-periode-de-secheresse-comme-dans-les-annees-2002-a-2012\/#primaryimage"},"thumbnailUrl":"https:\/\/vieassociative.be\/actualites\/wp-content\/uploads\/2024\/11\/1731680339_Lequipe-nationale-belge-de-football-risque-t-elle-une-periode-de-secheresse.jpeg","keywords":["ann\u00e9es","belge","comme","dans","football","l\u00e9quipe","Les","nationale","p\u00e9riode","risquetelle","s\u00e9cheresse","une"],"articleSection":["Belgique"],"inLanguage":"fr-BE"},{"@type":"WebPage","@id":"https:\/\/vieassociative.be\/actualites\/lequipe-nationale-belge-de-football-risque-t-elle-une-periode-de-secheresse-comme-dans-les-annees-2002-a-2012\/","url":"https:\/\/vieassociative.be\/actualites\/lequipe-nationale-belge-de-football-risque-t-elle-une-periode-de-secheresse-comme-dans-les-annees-2002-a-2012\/","name":"L'\u00e9quipe nationale belge de football risque-t-elle une p\u00e9riode de s\u00e9cheresse comme dans les ann\u00e9es 2002 \u00e0 2012 ? | Vie Associative","isPartOf":{"@id":"https:\/\/vieassociative.be\/actualites\/#website"},"primaryImageOfPage":{"@id":"https:\/\/vieassociative.be\/actualites\/lequipe-nationale-belge-de-football-risque-t-elle-une-periode-de-secheresse-comme-dans-les-annees-2002-a-2012\/#primaryimage"},"image":{"@id":"https:\/\/vieassociative.be\/actualites\/lequipe-nationale-belge-de-football-risque-t-elle-une-periode-de-secheresse-comme-dans-les-annees-2002-a-2012\/#primaryimage"},"thumbnailUrl":"https:\/\/vieassociative.be\/actualites\/wp-content\/uploads\/2024\/11\/1731680339_Lequipe-nationale-belge-de-football-risque-t-elle-une-periode-de-secheresse.jpeg","datePublished":"2024-11-15T14:18:58+00:00","dateModified":"2024-11-15T14:18:58+00:00","breadcrumb":{"@id":"https:\/\/vieassociative.be\/actualites\/lequipe-nationale-belge-de-football-risque-t-elle-une-periode-de-secheresse-comme-dans-les-annees-2002-a-2012\/#breadcrumb"},"inLanguage":"fr-BE","potentialAction":[{"@type":"ReadAction","target":["https:\/\/vieassociative.be\/actualites\/lequipe-nationale-belge-de-football-risque-t-elle-une-periode-de-secheresse-comme-dans-les-annees-2002-a-2012\/"]}]},{"@type":"ImageObject","inLanguage":"fr-BE","@id":"https:\/\/vieassociative.be\/actualites\/lequipe-nationale-belge-de-football-risque-t-elle-une-periode-de-secheresse-comme-dans-les-annees-2002-a-2012\/#primaryimage","url":"https:\/\/vieassociative.be\/actualites\/wp-content\/uploads\/2024\/11\/1731680339_Lequipe-nationale-belge-de-football-risque-t-elle-une-periode-de-secheresse.jpeg","contentUrl":"https:\/\/vieassociative.be\/actualites\/wp-content\/uploads\/2024\/11\/1731680339_Lequipe-nationale-belge-de-football-risque-t-elle-une-periode-de-secheresse.jpeg","width":1200,"height":991,"caption":"L'\u00e9quipe nationale belge de football risque-t-elle une p\u00e9riode de s\u00e9cheresse comme dans les ann\u00e9es 2002 \u00e0 2012 ?"},{"@type":"BreadcrumbList","@id":"https:\/\/vieassociative.be\/actualites\/lequipe-nationale-belge-de-football-risque-t-elle-une-periode-de-secheresse-comme-dans-les-annees-2002-a-2012\/#breadcrumb","itemListElement":[{"@type":"ListItem","position":1,"name":"Accueil","item":"https:\/\/vieassociative.be\/actualites\/"},{"@type":"ListItem","position":2,"name":"L&rsquo;\u00e9quipe nationale belge de football risque-t-elle une p\u00e9riode de s\u00e9cheresse comme dans les ann\u00e9es 2002 \u00e0 2012 ?"}]},{"@type":"WebSite","@id":"https:\/\/vieassociative.be\/actualites\/#website","url":"https:\/\/vieassociative.be\/actualites\/","name":"Vie Associative","description":"","publisher":{"@id":"https:\/\/vieassociative.be\/actualites\/#organization"},"potentialAction":[{"@type":"SearchAction","target":{"@type":"EntryPoint","urlTemplate":"https:\/\/vieassociative.be\/actualites\/?s={search_term_string}"},"query-input":{"@type":"PropertyValueSpecification","valueRequired":true,"valueName":"search_term_string"}}],"inLanguage":"fr-BE"},{"@type":"Organization","@id":"https:\/\/vieassociative.be\/actualites\/#organization","name":"Vie Associative","url":"https:\/\/vieassociative.be\/actualites\/","logo":{"@type":"ImageObject","inLanguage":"fr-BE","@id":"https:\/\/vieassociative.be\/actualites\/#\/schema\/logo\/image\/","url":"https:\/\/vieassociative.be\/actualites\/wp-content\/uploads\/2024\/09\/cropped-vieassociative_favicon.ico.png","contentUrl":"https:\/\/vieassociative.be\/actualites\/wp-content\/uploads\/2024\/09\/cropped-vieassociative_favicon.ico.png","width":512,"height":512,"caption":"Vie Associative"},"image":{"@id":"https:\/\/vieassociative.be\/actualites\/#\/schema\/logo\/image\/"}},{"@type":"Person","@id":"https:\/\/vieassociative.be\/actualites\/#\/schema\/person\/b87ac4f82f9d4e7b7cec7395b679edc4","name":"Julien","image":{"@type":"ImageObject","inLanguage":"fr-BE","@id":"https:\/\/vieassociative.be\/actualites\/#\/schema\/person\/image\/","url":"https:\/\/vieassociative.be\/actualites\/wp-content\/uploads\/2024\/09\/vie-associative-1-150x150.jpg","contentUrl":"https:\/\/vieassociative.be\/actualites\/wp-content\/uploads\/2024\/09\/vie-associative-1-150x150.jpg","caption":"Julien"},"description":"Je suis Julien, r\u00e9dacteur pour Vie Associative. Passionn\u00e9 par le monde associatif depuis plus de 10 ans, j'ai \u00e0 c\u0153ur de partager des histoires inspirantes et de mettre en lumi\u00e8re les initiatives locales. Mon objectif est de sensibiliser et d'encourager l'engagement communautaire \u00e0 travers mes articles.","sameAs":["https:\/\/vieassociative.be\/"]}]}},"_links":{"self":[{"href":"https:\/\/vieassociative.be\/actualites\/wp-json\/wp\/v2\/posts\/2447"}],"collection":[{"href":"https:\/\/vieassociative.be\/actualites\/wp-json\/wp\/v2\/posts"}],"about":[{"href":"https:\/\/vieassociative.be\/actualites\/wp-json\/wp\/v2\/types\/post"}],"author":[{"embeddable":true,"href":"https:\/\/vieassociative.be\/actualites\/wp-json\/wp\/v2\/users\/1"}],"replies":[{"embeddable":true,"href":"https:\/\/vieassociative.be\/actualites\/wp-json\/wp\/v2\/comments?post=2447"}],"version-history":[{"count":0,"href":"https:\/\/vieassociative.be\/actualites\/wp-json\/wp\/v2\/posts\/2447\/revisions"}],"wp:featuredmedia":[{"embeddable":true,"href":"https:\/\/vieassociative.be\/actualites\/wp-json\/wp\/v2\/media\/2448"}],"wp:attachment":[{"href":"https:\/\/vieassociative.be\/actualites\/wp-json\/wp\/v2\/media?parent=2447"}],"wp:term":[{"taxonomy":"category","embeddable":true,"href":"https:\/\/vieassociative.be\/actualites\/wp-json\/wp\/v2\/categories?post=2447"},{"taxonomy":"post_tag","embeddable":true,"href":"https:\/\/vieassociative.be\/actualites\/wp-json\/wp\/v2\/tags?post=2447"}],"curies":[{"name":"wp","href":"https:\/\/api.w.org\/{rel}","templated":true}]}}