{"id":2443,"date":"2024-11-15T13:21:12","date_gmt":"2024-11-15T12:21:12","guid":{"rendered":"https:\/\/vieassociative.be\/actualites\/comment-reperer-le-fil-dariane-dans-vos-relations-et-que-faire-a-ce-sujet\/"},"modified":"2024-11-15T13:21:12","modified_gmt":"2024-11-15T12:21:12","slug":"comment-reperer-le-fil-dariane-dans-vos-relations-et-que-faire-a-ce-sujet","status":"publish","type":"post","link":"https:\/\/vieassociative.be\/actualites\/comment-reperer-le-fil-dariane-dans-vos-relations-et-que-faire-a-ce-sujet\/","title":{"rendered":"Comment rep\u00e9rer le \u00ab fil d&rsquo;Ariane \u00bb dans vos relations et que faire \u00e0 ce sujet"},"content":{"rendered":"<div class=\"mt-4 leading-6 md:mb-8\">Vous n&rsquo;\u00eates pas un pigeon. Vous m\u00e9ritez plus que des miettes.<\/div>\n<p><\/p>\n<p>Lorsque vous apprenez \u00e0 conna\u00eetre quelqu&rsquo;un de mani\u00e8re romantique, vous devriez pouvoir vous attendre \u00e0 ce qu&rsquo;il soit honn\u00eate \u00e0 propos de ses sentiments pour vous. Sinon, pourquoi s&#8217;emb\u00eater ? Mais parfois, vous rencontrerez quelqu&rsquo;un qui semble int\u00e9ress\u00e9 par vous, mais peu dispos\u00e9 \u00e0 s&rsquo;engager dans quoi que ce soit qui se rapproche d&rsquo;une vraie relation. Si cela vous semble familier, vous pourriez \u00eatre victime du \u00ab fil d&rsquo;Ariane \u00bb.<\/p>\n<p>C&rsquo;est un nom mi\u00e8vre, bien qu&rsquo;exact, pour quand quelqu&rsquo;un <em>semble <\/em>pour signaler continuellement leur int\u00e9r\u00eat \u00e0 d\u00e9velopper votre relation, mais ils ne vous en donnent que suffisamment pour que vous reveniez pour en savoir plus, qu&rsquo;il s&rsquo;agisse d&rsquo;un appel inattendu tard dans la nuit ou de quelques textes emoji spontan\u00e9s t\u00f4t le matin. Un chapelier ne se donnera jamais en quantit\u00e9s qui satisferont r\u00e9ellement vos besoins \u00e9motionnels, mais il vous nourrira juste assez pour vous emp\u00eacher de voler dans le poulailler, pour ainsi dire.<\/p>\n<h2 id=\"what-is-breadcrumbing-look-like-in-a-relationship\">\u00c0 quoi ressemble le fil d\u2019Ariane dans une relation ? <\/h2>\n<p>C&rsquo;est un vieux ch\u00e2taignier avec un nom adapt\u00e9 \u00e0 l&rsquo;\u00e8re d&rsquo;Internet. Urban Dictionary d\u00e9finit le fil d&rsquo;Ariane comme suit\u00a0: <\/p>\n<blockquote>\n<p>Quand le \u00ab coup de c\u0153ur \u00bb n\u2019a pas l\u2019intention d\u2019aller plus loin, mais il aime qu\u2019on lui accorde de l\u2019attention. Alors ils <\/p>\n<p>flirter<\/p>\n<p>  ici ou l\u00e0, envoyez <\/p>\n<p>dm<\/p>\n<p>\/textes juste pour garder la personne int\u00e9ress\u00e9e, sachant <\/p>\n<p>bon sang<\/p>\n<p>  ils restent c\u00e9libataires.<\/p>\n<\/blockquote>\n<p>Ce comportement existe certainement depuis aussi longtemps que les humains se font la cour ; en termes moins dignes d&rsquo;int\u00e9r\u00eat, cela est \u00e9galement connu sous le nom de \u00ab guider quelqu&rsquo;un \u00bb. Mais contrairement \u00e0 ses cousins \u200b\u200btout aussi nocifs, la d\u00e9coloration lente et les images fant\u00f4mes, le fil d&rsquo;Ariane consiste davantage \u00e0 taquiner quelqu&rsquo;un pour attirer son attention sans vraiment lui donner grand-chose en termes d&rsquo;interaction r\u00e9elle et de qualit\u00e9.<\/p>\n<p>Peut-\u00eatre que cette personne veut juste parler \u00e0 quelqu&rsquo;un lorsqu&rsquo;elle se sent seule, alors elle enverra un SMS et entamera une conversation. Vous semblez \u00e9tablir une relation, mais lorsque vous leur demandez s&rsquo;ils aimeraient se rencontrer en personne, vous recevez des grillons en r\u00e9ponse. <\/p>\n<p>L&rsquo;imm\u00e9diatet\u00e9 des SMS et des messages directs \u00e0 toute heure ne fait qu&rsquo;exacerber le probl\u00e8me, note le psychologue Val Walker, \u00e9crivant pour Psychology Today. Selon une \u00e9tude \u00e0 laquelle elle fait r\u00e9f\u00e9rence, le fil d\u2019Ariane laisse les gens attach\u00e9s \u00e0 leurs appareils, en attente d\u2019alertes qui pourraient ne jamais arriver.<\/p>\n<p>  \u00ab\u00a0Le fil d&rsquo;Ariane utilise des renfor\u00e7ateurs qui stimulent les comportements addictifs (attendre avec suspense des likes, des messages al\u00e9atoires, des \u00e9loges, des commentaires encourageants, des textes coquins et des photos)\u00a0\u00bb, \u00e9crit Walker. \u00ab\u00a0La motivation fondamentale de ce comportement est l&rsquo;anticipation de la r\u00e9compense.\u00a0\u00bb<\/p>\n<p>\u00c9videmment, \u00eatre fil\u00e9 d&rsquo;Ariane ne fait pas du bien, mais il peut \u00eatre facile de tomber dans le pi\u00e8ge. Non pas que vous devriez vous en vouloir : lorsque les gens emploient ce genre de tactique, cela en dit souvent plus sur leurs probl\u00e8mes que sur vous. Comme Kelly Campbell, professeur de psychologie \u00e0 la California State University, San Bernardino, l&rsquo;a d\u00e9clar\u00e9 au magazine Brides, une faible estime de soi et un besoin de validation sont des traits caract\u00e9ristiques des personnes qui fil d&rsquo;Ariane. \u00ab\u00a0Ils ne se sentent pas \u00e0 l&rsquo;aise ou confiants \u00e0 moins d&rsquo;\u00eatre constamment rassur\u00e9s par les autres sur leur valeur ou leur valeur\u00a0\u00bb, a-t-elle d\u00e9clar\u00e9. Ils recherchent donc souvent la forme la plus simple de cette validation, juste pour se sentir mieux pendant un moment.<\/p>\n<h2 id=\"what-to-do-if-youre-being-breadcrumbed\">Que faire si vous \u00eates dans le fil d&rsquo;Ariane<\/h2>\n<p>Il n\u2019existe en r\u00e9alit\u00e9 que deux mani\u00e8res de mettre fin au supplice du fil d\u2019Ariane. Vous pouvez bien s\u00fbr confronter la personne directement, mais cela ne d\u00e9clenchera probablement pas un changement significatif dans son comportement ; Pourtant, leur faire savoir que vous avez \u00e9t\u00e9 bless\u00e9 peut \u00eatre cathartique. D&rsquo;un autre c\u00f4t\u00e9, Walker a conseill\u00e9 de parler \u00e0 <em>autres<\/em> \u00e0 propos de l&rsquo;exp\u00e9rience, surtout si elle vous d\u00e9range, pour obtenir votre propre sentiment de validation. <\/p>\n<p>Elle a \u00e9crit : <\/p>\n<blockquote>\n<p>Appelez-le par son nom et condamnez cette pratique. Parlez avec un ami de confiance, un membre de votre famille ou un th\u00e9rapeute. Ils ont probablement \u00e9galement \u00e9t\u00e9 fil\u00e9s dans le fil d\u2019Ariane \u00e0 un moment donn\u00e9 de leur propre vie. Ou \u00e9crivez dans votre journal.<\/p>\n<\/blockquote>\n<p>Une fois que vous aurez reconnu le fil d\u2019Ariane pour ce qu\u2019il est, vous vous sentirez plus s\u00fbr de vous lorsque vous d\u00e9ciderez simplement d\u2019arr\u00eater de mordre \u00e0 l\u2019hame\u00e7on.<\/p>\n<p>Et enfin\u00a0: ne vous culpabilisez jamais. Ce n&rsquo;est pas de votre faute si vous \u00eates trait\u00e9 de cette fa\u00e7on. Comprenez que vous n\u2019avez rien fait pour m\u00e9riter une telle malhonn\u00eatet\u00e9. De plus, une fois que vous avez identifi\u00e9 et trait\u00e9 la pr\u00e9sence d&rsquo;un fil d&rsquo;Ariane dans votre vie, vous \u00eates beaucoup moins susceptible de supporter que quelqu&rsquo;un d&rsquo;autre l&rsquo;essaye \u00e0 l&rsquo;avenir. <\/p>\n<p><\/p>\n","protected":false},"excerpt":{"rendered":"<p>Vous n&rsquo;\u00eates pas un pigeon. Vous m\u00e9ritez plus que des miettes. Lorsque vous apprenez \u00e0 conna\u00eetre quelqu&rsquo;un de mani\u00e8re romantique, vous devriez pouvoir vous attendre<\/p>\n","protected":false},"author":1,"featured_media":2444,"comment_status":"","ping_status":"","sticky":false,"template":"","format":"standard","meta":{"footnotes":""},"categories":[42],"tags":[44,166,3199,127,1488,190,604,526,27],"class_list":["post-2443","post","type-post","status-publish","format-standard","has-post-thumbnail","hentry","category-relations","tag-comment","tag-dans","tag-dariane","tag-faire","tag-fil","tag-relations","tag-reperer","tag-sujet","tag-vos","generate-columns","tablet-grid-50","mobile-grid-100","grid-parent","grid-33"],"yoast_head":"<!-- This site is optimized with the Yoast SEO plugin v24.0 - https:\/\/yoast.com\/wordpress\/plugins\/seo\/ -->\n<title>Comment rep\u00e9rer le \u00ab fil d&#039;Ariane \u00bb dans vos relations et que faire \u00e0 ce sujet | Vie Associative<\/title>\n<meta name=\"robots\" content=\"index, follow, max-snippet:-1, max-image-preview:large, max-video-preview:-1\" \/>\n<link rel=\"canonical\" href=\"https:\/\/vieassociative.be\/actualites\/comment-reperer-le-fil-dariane-dans-vos-relations-et-que-faire-a-ce-sujet\/\" \/>\n<meta property=\"og:locale\" content=\"fr_FR\" \/>\n<meta property=\"og:type\" content=\"article\" \/>\n<meta property=\"og:title\" content=\"Comment rep\u00e9rer le \u00ab fil d&#039;Ariane \u00bb dans vos relations et que faire \u00e0 ce sujet | Vie Associative\" \/>\n<meta property=\"og:description\" content=\"Vous n&rsquo;\u00eates pas un pigeon. Vous m\u00e9ritez plus que des miettes. Lorsque vous apprenez \u00e0 conna\u00eetre quelqu&rsquo;un de mani\u00e8re romantique, vous devriez pouvoir vous attendre\" \/>\n<meta property=\"og:url\" content=\"https:\/\/vieassociative.be\/actualites\/comment-reperer-le-fil-dariane-dans-vos-relations-et-que-faire-a-ce-sujet\/\" \/>\n<meta property=\"og:site_name\" content=\"Vie Associative\" \/>\n<meta property=\"article:published_time\" content=\"2024-11-15T12:21:12+00:00\" \/>\n<meta property=\"og:image\" content=\"https:\/\/vieassociative.be\/actualites\/wp-content\/uploads\/2024\/09\/header_backgroundk-01-e1726694325946.png\" \/>\n\t<meta property=\"og:image:width\" content=\"279\" \/>\n\t<meta property=\"og:image:height\" content=\"92\" \/>\n\t<meta property=\"og:image:type\" content=\"image\/png\" \/>\n<meta name=\"author\" content=\"Julien\" \/>\n<meta name=\"twitter:card\" content=\"summary_large_image\" \/>\n<meta name=\"twitter:label1\" content=\"\u00c9crit par\" \/>\n\t<meta name=\"twitter:data1\" content=\"Julien\" \/>\n\t<meta name=\"twitter:label2\" content=\"Dur\u00e9e de lecture est.\" \/>\n\t<meta name=\"twitter:data2\" content=\"4 minutes\" \/>\n<script type=\"application\/ld+json\" class=\"yoast-schema-graph\">{\"@context\":\"https:\/\/schema.org\",\"@graph\":[{\"@type\":\"Article\",\"@id\":\"https:\/\/vieassociative.be\/actualites\/comment-reperer-le-fil-dariane-dans-vos-relations-et-que-faire-a-ce-sujet\/#article\",\"isPartOf\":{\"@id\":\"https:\/\/vieassociative.be\/actualites\/comment-reperer-le-fil-dariane-dans-vos-relations-et-que-faire-a-ce-sujet\/\"},\"author\":{\"name\":\"Julien\",\"@id\":\"https:\/\/vieassociative.be\/actualites\/#\/schema\/person\/b87ac4f82f9d4e7b7cec7395b679edc4\"},\"headline\":\"Comment rep\u00e9rer le \u00ab fil d&rsquo;Ariane \u00bb dans vos relations et que faire \u00e0 ce sujet\",\"datePublished\":\"2024-11-15T12:21:12+00:00\",\"dateModified\":\"2024-11-15T12:21:12+00:00\",\"mainEntityOfPage\":{\"@id\":\"https:\/\/vieassociative.be\/actualites\/comment-reperer-le-fil-dariane-dans-vos-relations-et-que-faire-a-ce-sujet\/\"},\"wordCount\":897,\"publisher\":{\"@id\":\"https:\/\/vieassociative.be\/actualites\/#organization\"},\"image\":{\"@id\":\"https:\/\/vieassociative.be\/actualites\/comment-reperer-le-fil-dariane-dans-vos-relations-et-que-faire-a-ce-sujet\/#primaryimage\"},\"thumbnailUrl\":\"https:\/\/vieassociative.be\/actualites\/wp-content\/uploads\/2024\/11\/Comment-reperer-le-fil-dAriane-dans-vos-relations.jpg\",\"keywords\":[\"Comment\",\"dans\",\"dAriane\",\"faire\",\"fil\",\"relations\",\"rep\u00e9rer\",\"sujet\",\"vos\"],\"articleSection\":[\"Relations\"],\"inLanguage\":\"fr-BE\"},{\"@type\":\"WebPage\",\"@id\":\"https:\/\/vieassociative.be\/actualites\/comment-reperer-le-fil-dariane-dans-vos-relations-et-que-faire-a-ce-sujet\/\",\"url\":\"https:\/\/vieassociative.be\/actualites\/comment-reperer-le-fil-dariane-dans-vos-relations-et-que-faire-a-ce-sujet\/\",\"name\":\"Comment rep\u00e9rer le \u00ab fil d'Ariane \u00bb dans vos relations et que faire \u00e0 ce sujet | Vie Associative\",\"isPartOf\":{\"@id\":\"https:\/\/vieassociative.be\/actualites\/#website\"},\"primaryImageOfPage\":{\"@id\":\"https:\/\/vieassociative.be\/actualites\/comment-reperer-le-fil-dariane-dans-vos-relations-et-que-faire-a-ce-sujet\/#primaryimage\"},\"image\":{\"@id\":\"https:\/\/vieassociative.be\/actualites\/comment-reperer-le-fil-dariane-dans-vos-relations-et-que-faire-a-ce-sujet\/#primaryimage\"},\"thumbnailUrl\":\"https:\/\/vieassociative.be\/actualites\/wp-content\/uploads\/2024\/11\/Comment-reperer-le-fil-dAriane-dans-vos-relations.jpg\",\"datePublished\":\"2024-11-15T12:21:12+00:00\",\"dateModified\":\"2024-11-15T12:21:12+00:00\",\"breadcrumb\":{\"@id\":\"https:\/\/vieassociative.be\/actualites\/comment-reperer-le-fil-dariane-dans-vos-relations-et-que-faire-a-ce-sujet\/#breadcrumb\"},\"inLanguage\":\"fr-BE\",\"potentialAction\":[{\"@type\":\"ReadAction\",\"target\":[\"https:\/\/vieassociative.be\/actualites\/comment-reperer-le-fil-dariane-dans-vos-relations-et-que-faire-a-ce-sujet\/\"]}]},{\"@type\":\"ImageObject\",\"inLanguage\":\"fr-BE\",\"@id\":\"https:\/\/vieassociative.be\/actualites\/comment-reperer-le-fil-dariane-dans-vos-relations-et-que-faire-a-ce-sujet\/#primaryimage\",\"url\":\"https:\/\/vieassociative.be\/actualites\/wp-content\/uploads\/2024\/11\/Comment-reperer-le-fil-dAriane-dans-vos-relations.jpg\",\"contentUrl\":\"https:\/\/vieassociative.be\/actualites\/wp-content\/uploads\/2024\/11\/Comment-reperer-le-fil-dAriane-dans-vos-relations.jpg\",\"width\":1200,\"height\":675,\"caption\":\"Comment rep\u00e9rer le \u00ab fil d'Ariane \u00bb dans vos relations et que faire \u00e0 ce sujet\"},{\"@type\":\"BreadcrumbList\",\"@id\":\"https:\/\/vieassociative.be\/actualites\/comment-reperer-le-fil-dariane-dans-vos-relations-et-que-faire-a-ce-sujet\/#breadcrumb\",\"itemListElement\":[{\"@type\":\"ListItem\",\"position\":1,\"name\":\"Accueil\",\"item\":\"https:\/\/vieassociative.be\/actualites\/\"},{\"@type\":\"ListItem\",\"position\":2,\"name\":\"Comment rep\u00e9rer le \u00ab fil d&rsquo;Ariane \u00bb dans vos relations et que faire \u00e0 ce sujet\"}]},{\"@type\":\"WebSite\",\"@id\":\"https:\/\/vieassociative.be\/actualites\/#website\",\"url\":\"https:\/\/vieassociative.be\/actualites\/\",\"name\":\"Vie Associative\",\"description\":\"\",\"publisher\":{\"@id\":\"https:\/\/vieassociative.be\/actualites\/#organization\"},\"potentialAction\":[{\"@type\":\"SearchAction\",\"target\":{\"@type\":\"EntryPoint\",\"urlTemplate\":\"https:\/\/vieassociative.be\/actualites\/?s={search_term_string}\"},\"query-input\":{\"@type\":\"PropertyValueSpecification\",\"valueRequired\":true,\"valueName\":\"search_term_string\"}}],\"inLanguage\":\"fr-BE\"},{\"@type\":\"Organization\",\"@id\":\"https:\/\/vieassociative.be\/actualites\/#organization\",\"name\":\"Vie Associative\",\"url\":\"https:\/\/vieassociative.be\/actualites\/\",\"logo\":{\"@type\":\"ImageObject\",\"inLanguage\":\"fr-BE\",\"@id\":\"https:\/\/vieassociative.be\/actualites\/#\/schema\/logo\/image\/\",\"url\":\"https:\/\/vieassociative.be\/actualites\/wp-content\/uploads\/2024\/09\/cropped-vieassociative_favicon.ico.png\",\"contentUrl\":\"https:\/\/vieassociative.be\/actualites\/wp-content\/uploads\/2024\/09\/cropped-vieassociative_favicon.ico.png\",\"width\":512,\"height\":512,\"caption\":\"Vie Associative\"},\"image\":{\"@id\":\"https:\/\/vieassociative.be\/actualites\/#\/schema\/logo\/image\/\"}},{\"@type\":\"Person\",\"@id\":\"https:\/\/vieassociative.be\/actualites\/#\/schema\/person\/b87ac4f82f9d4e7b7cec7395b679edc4\",\"name\":\"Julien\",\"image\":{\"@type\":\"ImageObject\",\"inLanguage\":\"fr-BE\",\"@id\":\"https:\/\/vieassociative.be\/actualites\/#\/schema\/person\/image\/\",\"url\":\"https:\/\/vieassociative.be\/actualites\/wp-content\/uploads\/2024\/09\/vie-associative-1-150x150.jpg\",\"contentUrl\":\"https:\/\/vieassociative.be\/actualites\/wp-content\/uploads\/2024\/09\/vie-associative-1-150x150.jpg\",\"caption\":\"Julien\"},\"description\":\"Je suis Julien, r\u00e9dacteur pour Vie Associative. Passionn\u00e9 par le monde associatif depuis plus de 10 ans, j'ai \u00e0 c\u0153ur de partager des histoires inspirantes et de mettre en lumi\u00e8re les initiatives locales. Mon objectif est de sensibiliser et d'encourager l'engagement communautaire \u00e0 travers mes articles.\",\"sameAs\":[\"https:\/\/vieassociative.be\/\"]}]}<\/script>\n<!-- \/ Yoast SEO plugin. -->","yoast_head_json":{"title":"Comment rep\u00e9rer le \u00ab fil d'Ariane \u00bb dans vos relations et que faire \u00e0 ce sujet | Vie Associative","robots":{"index":"index","follow":"follow","max-snippet":"max-snippet:-1","max-image-preview":"max-image-preview:large","max-video-preview":"max-video-preview:-1"},"canonical":"https:\/\/vieassociative.be\/actualites\/comment-reperer-le-fil-dariane-dans-vos-relations-et-que-faire-a-ce-sujet\/","og_locale":"fr_FR","og_type":"article","og_title":"Comment rep\u00e9rer le \u00ab fil d'Ariane \u00bb dans vos relations et que faire \u00e0 ce sujet | Vie Associative","og_description":"Vous n&rsquo;\u00eates pas un pigeon. Vous m\u00e9ritez plus que des miettes. Lorsque vous apprenez \u00e0 conna\u00eetre quelqu&rsquo;un de mani\u00e8re romantique, vous devriez pouvoir vous attendre","og_url":"https:\/\/vieassociative.be\/actualites\/comment-reperer-le-fil-dariane-dans-vos-relations-et-que-faire-a-ce-sujet\/","og_site_name":"Vie Associative","article_published_time":"2024-11-15T12:21:12+00:00","og_image":[{"width":279,"height":92,"url":"https:\/\/vieassociative.be\/actualites\/wp-content\/uploads\/2024\/09\/header_backgroundk-01-e1726694325946.png","type":"image\/png"}],"author":"Julien","twitter_card":"summary_large_image","twitter_misc":{"\u00c9crit par":"Julien","Dur\u00e9e de lecture est.":"4 minutes"},"schema":{"@context":"https:\/\/schema.org","@graph":[{"@type":"Article","@id":"https:\/\/vieassociative.be\/actualites\/comment-reperer-le-fil-dariane-dans-vos-relations-et-que-faire-a-ce-sujet\/#article","isPartOf":{"@id":"https:\/\/vieassociative.be\/actualites\/comment-reperer-le-fil-dariane-dans-vos-relations-et-que-faire-a-ce-sujet\/"},"author":{"name":"Julien","@id":"https:\/\/vieassociative.be\/actualites\/#\/schema\/person\/b87ac4f82f9d4e7b7cec7395b679edc4"},"headline":"Comment rep\u00e9rer le \u00ab fil d&rsquo;Ariane \u00bb dans vos relations et que faire \u00e0 ce sujet","datePublished":"2024-11-15T12:21:12+00:00","dateModified":"2024-11-15T12:21:12+00:00","mainEntityOfPage":{"@id":"https:\/\/vieassociative.be\/actualites\/comment-reperer-le-fil-dariane-dans-vos-relations-et-que-faire-a-ce-sujet\/"},"wordCount":897,"publisher":{"@id":"https:\/\/vieassociative.be\/actualites\/#organization"},"image":{"@id":"https:\/\/vieassociative.be\/actualites\/comment-reperer-le-fil-dariane-dans-vos-relations-et-que-faire-a-ce-sujet\/#primaryimage"},"thumbnailUrl":"https:\/\/vieassociative.be\/actualites\/wp-content\/uploads\/2024\/11\/Comment-reperer-le-fil-dAriane-dans-vos-relations.jpg","keywords":["Comment","dans","dAriane","faire","fil","relations","rep\u00e9rer","sujet","vos"],"articleSection":["Relations"],"inLanguage":"fr-BE"},{"@type":"WebPage","@id":"https:\/\/vieassociative.be\/actualites\/comment-reperer-le-fil-dariane-dans-vos-relations-et-que-faire-a-ce-sujet\/","url":"https:\/\/vieassociative.be\/actualites\/comment-reperer-le-fil-dariane-dans-vos-relations-et-que-faire-a-ce-sujet\/","name":"Comment rep\u00e9rer le \u00ab fil d'Ariane \u00bb dans vos relations et que faire \u00e0 ce sujet | Vie Associative","isPartOf":{"@id":"https:\/\/vieassociative.be\/actualites\/#website"},"primaryImageOfPage":{"@id":"https:\/\/vieassociative.be\/actualites\/comment-reperer-le-fil-dariane-dans-vos-relations-et-que-faire-a-ce-sujet\/#primaryimage"},"image":{"@id":"https:\/\/vieassociative.be\/actualites\/comment-reperer-le-fil-dariane-dans-vos-relations-et-que-faire-a-ce-sujet\/#primaryimage"},"thumbnailUrl":"https:\/\/vieassociative.be\/actualites\/wp-content\/uploads\/2024\/11\/Comment-reperer-le-fil-dAriane-dans-vos-relations.jpg","datePublished":"2024-11-15T12:21:12+00:00","dateModified":"2024-11-15T12:21:12+00:00","breadcrumb":{"@id":"https:\/\/vieassociative.be\/actualites\/comment-reperer-le-fil-dariane-dans-vos-relations-et-que-faire-a-ce-sujet\/#breadcrumb"},"inLanguage":"fr-BE","potentialAction":[{"@type":"ReadAction","target":["https:\/\/vieassociative.be\/actualites\/comment-reperer-le-fil-dariane-dans-vos-relations-et-que-faire-a-ce-sujet\/"]}]},{"@type":"ImageObject","inLanguage":"fr-BE","@id":"https:\/\/vieassociative.be\/actualites\/comment-reperer-le-fil-dariane-dans-vos-relations-et-que-faire-a-ce-sujet\/#primaryimage","url":"https:\/\/vieassociative.be\/actualites\/wp-content\/uploads\/2024\/11\/Comment-reperer-le-fil-dAriane-dans-vos-relations.jpg","contentUrl":"https:\/\/vieassociative.be\/actualites\/wp-content\/uploads\/2024\/11\/Comment-reperer-le-fil-dAriane-dans-vos-relations.jpg","width":1200,"height":675,"caption":"Comment rep\u00e9rer le \u00ab fil d'Ariane \u00bb dans vos relations et que faire \u00e0 ce sujet"},{"@type":"BreadcrumbList","@id":"https:\/\/vieassociative.be\/actualites\/comment-reperer-le-fil-dariane-dans-vos-relations-et-que-faire-a-ce-sujet\/#breadcrumb","itemListElement":[{"@type":"ListItem","position":1,"name":"Accueil","item":"https:\/\/vieassociative.be\/actualites\/"},{"@type":"ListItem","position":2,"name":"Comment rep\u00e9rer le \u00ab fil d&rsquo;Ariane \u00bb dans vos relations et que faire \u00e0 ce sujet"}]},{"@type":"WebSite","@id":"https:\/\/vieassociative.be\/actualites\/#website","url":"https:\/\/vieassociative.be\/actualites\/","name":"Vie Associative","description":"","publisher":{"@id":"https:\/\/vieassociative.be\/actualites\/#organization"},"potentialAction":[{"@type":"SearchAction","target":{"@type":"EntryPoint","urlTemplate":"https:\/\/vieassociative.be\/actualites\/?s={search_term_string}"},"query-input":{"@type":"PropertyValueSpecification","valueRequired":true,"valueName":"search_term_string"}}],"inLanguage":"fr-BE"},{"@type":"Organization","@id":"https:\/\/vieassociative.be\/actualites\/#organization","name":"Vie Associative","url":"https:\/\/vieassociative.be\/actualites\/","logo":{"@type":"ImageObject","inLanguage":"fr-BE","@id":"https:\/\/vieassociative.be\/actualites\/#\/schema\/logo\/image\/","url":"https:\/\/vieassociative.be\/actualites\/wp-content\/uploads\/2024\/09\/cropped-vieassociative_favicon.ico.png","contentUrl":"https:\/\/vieassociative.be\/actualites\/wp-content\/uploads\/2024\/09\/cropped-vieassociative_favicon.ico.png","width":512,"height":512,"caption":"Vie Associative"},"image":{"@id":"https:\/\/vieassociative.be\/actualites\/#\/schema\/logo\/image\/"}},{"@type":"Person","@id":"https:\/\/vieassociative.be\/actualites\/#\/schema\/person\/b87ac4f82f9d4e7b7cec7395b679edc4","name":"Julien","image":{"@type":"ImageObject","inLanguage":"fr-BE","@id":"https:\/\/vieassociative.be\/actualites\/#\/schema\/person\/image\/","url":"https:\/\/vieassociative.be\/actualites\/wp-content\/uploads\/2024\/09\/vie-associative-1-150x150.jpg","contentUrl":"https:\/\/vieassociative.be\/actualites\/wp-content\/uploads\/2024\/09\/vie-associative-1-150x150.jpg","caption":"Julien"},"description":"Je suis Julien, r\u00e9dacteur pour Vie Associative. Passionn\u00e9 par le monde associatif depuis plus de 10 ans, j'ai \u00e0 c\u0153ur de partager des histoires inspirantes et de mettre en lumi\u00e8re les initiatives locales. Mon objectif est de sensibiliser et d'encourager l'engagement communautaire \u00e0 travers mes articles.","sameAs":["https:\/\/vieassociative.be\/"]}]}},"_links":{"self":[{"href":"https:\/\/vieassociative.be\/actualites\/wp-json\/wp\/v2\/posts\/2443"}],"collection":[{"href":"https:\/\/vieassociative.be\/actualites\/wp-json\/wp\/v2\/posts"}],"about":[{"href":"https:\/\/vieassociative.be\/actualites\/wp-json\/wp\/v2\/types\/post"}],"author":[{"embeddable":true,"href":"https:\/\/vieassociative.be\/actualites\/wp-json\/wp\/v2\/users\/1"}],"replies":[{"embeddable":true,"href":"https:\/\/vieassociative.be\/actualites\/wp-json\/wp\/v2\/comments?post=2443"}],"version-history":[{"count":0,"href":"https:\/\/vieassociative.be\/actualites\/wp-json\/wp\/v2\/posts\/2443\/revisions"}],"wp:featuredmedia":[{"embeddable":true,"href":"https:\/\/vieassociative.be\/actualites\/wp-json\/wp\/v2\/media\/2444"}],"wp:attachment":[{"href":"https:\/\/vieassociative.be\/actualites\/wp-json\/wp\/v2\/media?parent=2443"}],"wp:term":[{"taxonomy":"category","embeddable":true,"href":"https:\/\/vieassociative.be\/actualites\/wp-json\/wp\/v2\/categories?post=2443"},{"taxonomy":"post_tag","embeddable":true,"href":"https:\/\/vieassociative.be\/actualites\/wp-json\/wp\/v2\/tags?post=2443"}],"curies":[{"name":"wp","href":"https:\/\/api.w.org\/{rel}","templated":true}]}}